{"id":12319,"date":"2019-01-02T12:11:43","date_gmt":"2019-01-02T11:11:43","guid":{"rendered":"https:\/\/marekkuchcinski.pl\/?p=12319"},"modified":"2019-01-02T13:48:50","modified_gmt":"2019-01-02T12:48:50","slug":"dobre-zmiany-podkarpaciu-2018-roku","status":"publish","type":"post","link":"https:\/\/marekkuchcinski.pl\/en\/wydarzenia\/dobre-zmiany-podkarpaciu-2018-roku\/","title":{"rendered":"Good changes in Podkarpacie in 2018"},"content":{"rendered":"<p>In 2018, infrastructure, health and social programs were implemented in Podkarpackie. For the program <strong>\"Family 500 plus\" <\/strong>over 1.4 billion was allocated from the governor's budget to the program <strong>\"Senior plus\"<\/strong> - 5 million, for <strong>\"Good start\"<\/strong> - over PLN 80 million.<\/p>\n<p>Thanks to the money from the Podkarpackie Regional Operational Programme 2014-2020 up to 5 thousand. <strong>the number of places in kindergartens increased<\/strong>. Over 150 projects of a total value of over PLN 100 million were implemented. Funds were also allocated to support special and integration kindergartens and children with disabilities.<\/p>\n<p>Over PLN 11.5 million of ministerial support was allocated to hospitals in the Podkarpacie region for <strong>retrofitting or construction of hospital emergency wards<\/strong>. New medical equipment has been provided to hospitals in Tarnobrzeg, Stalowa Wola, Krosno, Rzeszow and Przemysl. Thanks to the grant of one million zlotys the district hospital in Ustrzyki has been able to buy a modern ultrasound machine.<\/p>\n<p>From 2016 to 2018, funds were also disbursed to <strong>removing the effects of natural disasters and landslide protection<\/strong> - The backlog created during the PO-PSL government dated back to 2007. In 2018, approximately PLN 124 million was allocated for the implementation of 430 tasks.<\/p>\n<p><strong>Renovated, rebuilt\u00a0<\/strong><strong>or reconstructed more than 260 km of municipal and district roads, 53 bridge structures and culverts on municipal and district roads.<\/strong><\/p>\n<p>Nearly 5 million PLN was allocated for complete reconstruction of a bridge in Terka village in Lesko County, which had not been rebuilt for several decades. It was narrow, wooden and of low carrying capacity. Tourists going to the Bieszczady had to cross it on foot, because it was too dangerous. Now the bridge is brick, wide and has a high bearing capacity. Bus tours can now safely cross it.<\/p>\n<p>In 2018, funding was provided for repairs and reconstruction of local roads and bridges from two programs:<\/p>\n<p>1) Municipal and District Road Infrastructure Development Program 2016-2018, from which more than 50 million 200 thousand was allocated in 2018 through the governor for more than 92 km of roads.<\/p>\n<p>2) Government Program for the Development and Competitiveness of Regions through Support of Local Road Infrastructure in 2018, for which more than PLN 81 million (PLN 50 million 200 thousand from the government and PLN 31 million from the governor) has been allocated for about 150 km of roads.<\/p>\n<p>Within the framework of the last program, the road on Jozef Wysocki street in Przemysl, which had been only temporarily repaired for 40 years, was subsidized.<\/p>\n<p>The PiS government's flagship transportation project, the route <strong>Via Carpathia<\/strong>. It is supposed to be an engine for the development of the region; to stimulate economy, attract investments and increase the number of workplaces. In the Podkarpacie region, the section of the S-19 road will eventually be 174 km long - from Barwinek to the border with the Lubelskie voivodship.<\/p>\n<p>&nbsp;<\/p>\n<p>&nbsp;<\/p>\n<p>&nbsp;<\/p>\n<p>&nbsp;<\/p>\n<p>&nbsp;<\/p>\n<p>&nbsp;<\/p>\n<p>&nbsp;<\/p>","protected":false},"excerpt":{"rendered":"<p>W 2018 roku na Podkarpaciu wdro\u017cono programy infrastrukturalne, zdrowotne i spo\u0142eczne. Na program \u201eRodzina 500 plus\u201d z bud\u017cetu wojewody przeznaczono ponad 1,4 mld, na program \u201eSenior plus\u201d \u2013 5 mln, na \u201eDobry start\u201d \u2013 ponad 80 mln z\u0142. Dzi\u0119ki pieni\u0105dzom z regionalnego programu operacyjnego woj. podkarpackiego na lata 2014-2020 do 5 tys. zwi\u0119kszy\u0142a si\u0119 liczba [&hellip;]<\/p>","protected":false},"author":6,"featured_media":12327,"comment_status":"open","ping_status":"open","sticky":false,"template":"","format":"standard","meta":{"ngg_post_thumbnail":0,"footnotes":""},"categories":[49,82,3],"tags":[],"class_list":["post-12319","post","type-post","status-publish","format-standard","has-post-thumbnail","hentry","category-podkarpacie","category-prawo-i-sprawiedliwosc","category-wydarzenia"],"yoast_head":"<!-- This site is optimized with the Yoast SEO plugin v24.7 - https:\/\/yoast.com\/wordpress\/plugins\/seo\/ -->\n<title>Dobre zmiany na Podkarpaciu w 2018 roku &#8211; Marek Kuchci\u0144ski<\/title>\n<meta name=\"robots\" content=\"index, follow, max-snippet:-1, max-image-preview:large, max-video-preview:-1\" \/>\n<link rel=\"canonical\" href=\"https:\/\/marekkuchcinski.pl\/en\/wydarzenia\/dobre-zmiany-podkarpaciu-2018-roku\/\" \/>\n<meta property=\"og:locale\" content=\"en_GB\" \/>\n<meta property=\"og:type\" content=\"article\" \/>\n<meta property=\"og:title\" content=\"Dobre zmiany na Podkarpaciu w 2018 roku &#8211; Marek Kuchci\u0144ski\" \/>\n<meta property=\"og:description\" content=\"W 2018 roku na Podkarpaciu wdro\u017cono programy infrastrukturalne, zdrowotne i spo\u0142eczne. Na program \u201eRodzina 500 plus\u201d z bud\u017cetu wojewody przeznaczono ponad 1,4 mld, na program \u201eSenior plus\u201d \u2013 5 mln, na \u201eDobry start\u201d \u2013 ponad 80 mln z\u0142. Dzi\u0119ki pieni\u0105dzom z regionalnego programu operacyjnego woj. podkarpackiego na lata 2014-2020 do 5 tys. zwi\u0119kszy\u0142a si\u0119 liczba [&hellip;]\" \/>\n<meta property=\"og:url\" content=\"https:\/\/marekkuchcinski.pl\/en\/wydarzenia\/dobre-zmiany-podkarpaciu-2018-roku\/\" \/>\n<meta property=\"og:site_name\" content=\"Marek Kuchci\u0144ski\" \/>\n<meta property=\"article:published_time\" content=\"2019-01-02T11:11:43+00:00\" \/>\n<meta property=\"article:modified_time\" content=\"2019-01-02T12:48:50+00:00\" \/>\n<meta property=\"og:image\" content=\"https:\/\/marekkuchcinski.pl\/wp-content\/uploads\/2019\/01\/dzp.jpg\" \/>\n\t<meta property=\"og:image:width\" content=\"529\" \/>\n\t<meta property=\"og:image:height\" content=\"362\" \/>\n\t<meta property=\"og:image:type\" content=\"image\/jpeg\" \/>\n<meta name=\"author\" content=\"admin\" \/>\n<meta name=\"twitter:card\" content=\"summary_large_image\" \/>\n<meta name=\"twitter:label1\" content=\"Written by\" \/>\n\t<meta name=\"twitter:data1\" content=\"admin\" \/>\n\t<meta name=\"twitter:label2\" content=\"Estimated reading time\" \/>\n\t<meta name=\"twitter:data2\" content=\"2 minutes\" \/>\n<script type=\"application\/ld+json\" class=\"yoast-schema-graph\">{\"@context\":\"https:\/\/schema.org\",\"@graph\":[{\"@type\":\"Article\",\"@id\":\"https:\/\/marekkuchcinski.pl\/sk\/wydarzenia\/dobre-zmiany-podkarpaciu-2018-roku\/#article\",\"isPartOf\":{\"@id\":\"https:\/\/marekkuchcinski.pl\/sk\/wydarzenia\/dobre-zmiany-podkarpaciu-2018-roku\/\"},\"author\":{\"name\":\"admin\",\"@id\":\"https:\/\/marekkuchcinski.pl\/#\/schema\/person\/6f62700996b4d950b6ea2d1183b6c6be\"},\"headline\":\"Dobre zmiany na Podkarpaciu w 2018 roku\",\"datePublished\":\"2019-01-02T11:11:43+00:00\",\"dateModified\":\"2019-01-02T12:48:50+00:00\",\"mainEntityOfPage\":{\"@id\":\"https:\/\/marekkuchcinski.pl\/sk\/wydarzenia\/dobre-zmiany-podkarpaciu-2018-roku\/\"},\"wordCount\":453,\"commentCount\":0,\"publisher\":{\"@id\":\"https:\/\/marekkuchcinski.pl\/#organization\"},\"image\":{\"@id\":\"https:\/\/marekkuchcinski.pl\/sk\/wydarzenia\/dobre-zmiany-podkarpaciu-2018-roku\/#primaryimage\"},\"thumbnailUrl\":\"https:\/\/marekkuchcinski.pl\/wp-content\/uploads\/2019\/01\/dzp.jpg\",\"articleSection\":[\"Podkarpacie\",\"Prawo i Sprawiedliwo\u015b\u0107\",\"Wydarzenia\"],\"inLanguage\":\"en-GB\",\"potentialAction\":[{\"@type\":\"CommentAction\",\"name\":\"Comment\",\"target\":[\"https:\/\/marekkuchcinski.pl\/sk\/wydarzenia\/dobre-zmiany-podkarpaciu-2018-roku\/#respond\"]}]},{\"@type\":\"WebPage\",\"@id\":\"https:\/\/marekkuchcinski.pl\/sk\/wydarzenia\/dobre-zmiany-podkarpaciu-2018-roku\/\",\"url\":\"https:\/\/marekkuchcinski.pl\/sk\/wydarzenia\/dobre-zmiany-podkarpaciu-2018-roku\/\",\"name\":\"Dobre zmiany na Podkarpaciu w 2018 roku &#8211; Marek Kuchci\u0144ski\",\"isPartOf\":{\"@id\":\"https:\/\/marekkuchcinski.pl\/#website\"},\"primaryImageOfPage\":{\"@id\":\"https:\/\/marekkuchcinski.pl\/sk\/wydarzenia\/dobre-zmiany-podkarpaciu-2018-roku\/#primaryimage\"},\"image\":{\"@id\":\"https:\/\/marekkuchcinski.pl\/sk\/wydarzenia\/dobre-zmiany-podkarpaciu-2018-roku\/#primaryimage\"},\"thumbnailUrl\":\"https:\/\/marekkuchcinski.pl\/wp-content\/uploads\/2019\/01\/dzp.jpg\",\"datePublished\":\"2019-01-02T11:11:43+00:00\",\"dateModified\":\"2019-01-02T12:48:50+00:00\",\"breadcrumb\":{\"@id\":\"https:\/\/marekkuchcinski.pl\/sk\/wydarzenia\/dobre-zmiany-podkarpaciu-2018-roku\/#breadcrumb\"},\"inLanguage\":\"en-GB\",\"potentialAction\":[{\"@type\":\"ReadAction\",\"target\":[\"https:\/\/marekkuchcinski.pl\/sk\/wydarzenia\/dobre-zmiany-podkarpaciu-2018-roku\/\"]}]},{\"@type\":\"ImageObject\",\"inLanguage\":\"en-GB\",\"@id\":\"https:\/\/marekkuchcinski.pl\/sk\/wydarzenia\/dobre-zmiany-podkarpaciu-2018-roku\/#primaryimage\",\"url\":\"https:\/\/marekkuchcinski.pl\/wp-content\/uploads\/2019\/01\/dzp.jpg\",\"contentUrl\":\"https:\/\/marekkuchcinski.pl\/wp-content\/uploads\/2019\/01\/dzp.jpg\",\"width\":529,\"height\":362},{\"@type\":\"BreadcrumbList\",\"@id\":\"https:\/\/marekkuchcinski.pl\/sk\/wydarzenia\/dobre-zmiany-podkarpaciu-2018-roku\/#breadcrumb\",\"itemListElement\":[{\"@type\":\"ListItem\",\"position\":1,\"name\":\"Strona g\u0142\u00f3wna\",\"item\":\"https:\/\/marekkuchcinski.pl\/\"},{\"@type\":\"ListItem\",\"position\":2,\"name\":\"Dobre zmiany na Podkarpaciu w 2018 roku\"}]},{\"@type\":\"WebSite\",\"@id\":\"https:\/\/marekkuchcinski.pl\/#website\",\"url\":\"https:\/\/marekkuchcinski.pl\/\",\"name\":\"Marek Kuchci\u0144ski\",\"description\":\"Pose\u0142 na sejm RP &ndash; okr\u0119g nr 22\",\"publisher\":{\"@id\":\"https:\/\/marekkuchcinski.pl\/#organization\"},\"potentialAction\":[{\"@type\":\"SearchAction\",\"target\":{\"@type\":\"EntryPoint\",\"urlTemplate\":\"https:\/\/marekkuchcinski.pl\/?s={search_term_string}\"},\"query-input\":{\"@type\":\"PropertyValueSpecification\",\"valueRequired\":true,\"valueName\":\"search_term_string\"}}],\"inLanguage\":\"en-GB\"},{\"@type\":\"Organization\",\"@id\":\"https:\/\/marekkuchcinski.pl\/#organization\",\"name\":\"Marek Kuchci\u0144ski\",\"url\":\"https:\/\/marekkuchcinski.pl\/\",\"logo\":{\"@type\":\"ImageObject\",\"inLanguage\":\"en-GB\",\"@id\":\"https:\/\/marekkuchcinski.pl\/#\/schema\/logo\/image\/\",\"url\":\"https:\/\/marekkuchcinski.pl\/wp-content\/uploads\/2022\/09\/Marek.jpg\",\"contentUrl\":\"https:\/\/marekkuchcinski.pl\/wp-content\/uploads\/2022\/09\/Marek.jpg\",\"width\":1600,\"height\":971,\"caption\":\"Marek Kuchci\u0144ski\"},\"image\":{\"@id\":\"https:\/\/marekkuchcinski.pl\/#\/schema\/logo\/image\/\"}},{\"@type\":\"Person\",\"@id\":\"https:\/\/marekkuchcinski.pl\/#\/schema\/person\/6f62700996b4d950b6ea2d1183b6c6be\",\"name\":\"admin\",\"image\":{\"@type\":\"ImageObject\",\"inLanguage\":\"en-GB\",\"@id\":\"https:\/\/marekkuchcinski.pl\/#\/schema\/person\/image\/\",\"url\":\"https:\/\/secure.gravatar.com\/avatar\/4bab693b9d55c3d6b52c0296a8765085?s=96&d=mm&r=g\",\"contentUrl\":\"https:\/\/secure.gravatar.com\/avatar\/4bab693b9d55c3d6b52c0296a8765085?s=96&d=mm&r=g\",\"caption\":\"admin\"},\"url\":\"https:\/\/marekkuchcinski.pl\/en\/author\/marta-olejnik\/\"}]}<\/script>\n<!-- \/ Yoast SEO plugin. -->","yoast_head_json":{"title":"Dobre zmiany na Podkarpaciu w 2018 roku &#8211; Marek Kuchci\u0144ski","robots":{"index":"index","follow":"follow","max-snippet":"max-snippet:-1","max-image-preview":"max-image-preview:large","max-video-preview":"max-video-preview:-1"},"canonical":"https:\/\/marekkuchcinski.pl\/en\/wydarzenia\/dobre-zmiany-podkarpaciu-2018-roku\/","og_locale":"en_GB","og_type":"article","og_title":"Dobre zmiany na Podkarpaciu w 2018 roku &#8211; Marek Kuchci\u0144ski","og_description":"W 2018 roku na Podkarpaciu wdro\u017cono programy infrastrukturalne, zdrowotne i spo\u0142eczne. Na program \u201eRodzina 500 plus\u201d z bud\u017cetu wojewody przeznaczono ponad 1,4 mld, na program \u201eSenior plus\u201d \u2013 5 mln, na \u201eDobry start\u201d \u2013 ponad 80 mln z\u0142. Dzi\u0119ki pieni\u0105dzom z regionalnego programu operacyjnego woj. podkarpackiego na lata 2014-2020 do 5 tys. zwi\u0119kszy\u0142a si\u0119 liczba [&hellip;]","og_url":"https:\/\/marekkuchcinski.pl\/en\/wydarzenia\/dobre-zmiany-podkarpaciu-2018-roku\/","og_site_name":"Marek Kuchci\u0144ski","article_published_time":"2019-01-02T11:11:43+00:00","article_modified_time":"2019-01-02T12:48:50+00:00","og_image":[{"width":529,"height":362,"url":"https:\/\/marekkuchcinski.pl\/wp-content\/uploads\/2019\/01\/dzp.jpg","type":"image\/jpeg"}],"author":"admin","twitter_card":"summary_large_image","twitter_misc":{"Written by":"admin","Estimated reading time":"2 minutes"},"schema":{"@context":"https:\/\/schema.org","@graph":[{"@type":"Article","@id":"https:\/\/marekkuchcinski.pl\/sk\/wydarzenia\/dobre-zmiany-podkarpaciu-2018-roku\/#article","isPartOf":{"@id":"https:\/\/marekkuchcinski.pl\/sk\/wydarzenia\/dobre-zmiany-podkarpaciu-2018-roku\/"},"author":{"name":"admin","@id":"https:\/\/marekkuchcinski.pl\/#\/schema\/person\/6f62700996b4d950b6ea2d1183b6c6be"},"headline":"Dobre zmiany na Podkarpaciu w 2018 roku","datePublished":"2019-01-02T11:11:43+00:00","dateModified":"2019-01-02T12:48:50+00:00","mainEntityOfPage":{"@id":"https:\/\/marekkuchcinski.pl\/sk\/wydarzenia\/dobre-zmiany-podkarpaciu-2018-roku\/"},"wordCount":453,"commentCount":0,"publisher":{"@id":"https:\/\/marekkuchcinski.pl\/#organization"},"image":{"@id":"https:\/\/marekkuchcinski.pl\/sk\/wydarzenia\/dobre-zmiany-podkarpaciu-2018-roku\/#primaryimage"},"thumbnailUrl":"https:\/\/marekkuchcinski.pl\/wp-content\/uploads\/2019\/01\/dzp.jpg","articleSection":["Podkarpacie","Prawo i Sprawiedliwo\u015b\u0107","Wydarzenia"],"inLanguage":"en-GB","potentialAction":[{"@type":"CommentAction","name":"Comment","target":["https:\/\/marekkuchcinski.pl\/sk\/wydarzenia\/dobre-zmiany-podkarpaciu-2018-roku\/#respond"]}]},{"@type":"WebPage","@id":"https:\/\/marekkuchcinski.pl\/sk\/wydarzenia\/dobre-zmiany-podkarpaciu-2018-roku\/","url":"https:\/\/marekkuchcinski.pl\/sk\/wydarzenia\/dobre-zmiany-podkarpaciu-2018-roku\/","name":"Dobre zmiany na Podkarpaciu w 2018 roku &#8211; Marek Kuchci\u0144ski","isPartOf":{"@id":"https:\/\/marekkuchcinski.pl\/#website"},"primaryImageOfPage":{"@id":"https:\/\/marekkuchcinski.pl\/sk\/wydarzenia\/dobre-zmiany-podkarpaciu-2018-roku\/#primaryimage"},"image":{"@id":"https:\/\/marekkuchcinski.pl\/sk\/wydarzenia\/dobre-zmiany-podkarpaciu-2018-roku\/#primaryimage"},"thumbnailUrl":"https:\/\/marekkuchcinski.pl\/wp-content\/uploads\/2019\/01\/dzp.jpg","datePublished":"2019-01-02T11:11:43+00:00","dateModified":"2019-01-02T12:48:50+00:00","breadcrumb":{"@id":"https:\/\/marekkuchcinski.pl\/sk\/wydarzenia\/dobre-zmiany-podkarpaciu-2018-roku\/#breadcrumb"},"inLanguage":"en-GB","potentialAction":[{"@type":"ReadAction","target":["https:\/\/marekkuchcinski.pl\/sk\/wydarzenia\/dobre-zmiany-podkarpaciu-2018-roku\/"]}]},{"@type":"ImageObject","inLanguage":"en-GB","@id":"https:\/\/marekkuchcinski.pl\/sk\/wydarzenia\/dobre-zmiany-podkarpaciu-2018-roku\/#primaryimage","url":"https:\/\/marekkuchcinski.pl\/wp-content\/uploads\/2019\/01\/dzp.jpg","contentUrl":"https:\/\/marekkuchcinski.pl\/wp-content\/uploads\/2019\/01\/dzp.jpg","width":529,"height":362},{"@type":"BreadcrumbList","@id":"https:\/\/marekkuchcinski.pl\/sk\/wydarzenia\/dobre-zmiany-podkarpaciu-2018-roku\/#breadcrumb","itemListElement":[{"@type":"ListItem","position":1,"name":"Strona g\u0142\u00f3wna","item":"https:\/\/marekkuchcinski.pl\/"},{"@type":"ListItem","position":2,"name":"Dobre zmiany na Podkarpaciu w 2018 roku"}]},{"@type":"WebSite","@id":"https:\/\/marekkuchcinski.pl\/#website","url":"https:\/\/marekkuchcinski.pl\/","name":"Marek Kuchci\u0144ski","description":"Pose\u0142 na sejm RP &ndash; okr\u0119g nr 22","publisher":{"@id":"https:\/\/marekkuchcinski.pl\/#organization"},"potentialAction":[{"@type":"SearchAction","target":{"@type":"EntryPoint","urlTemplate":"https:\/\/marekkuchcinski.pl\/?s={search_term_string}"},"query-input":{"@type":"PropertyValueSpecification","valueRequired":true,"valueName":"search_term_string"}}],"inLanguage":"en-GB"},{"@type":"Organization","@id":"https:\/\/marekkuchcinski.pl\/#organization","name":"Marek Kuchci\u0144ski","url":"https:\/\/marekkuchcinski.pl\/","logo":{"@type":"ImageObject","inLanguage":"en-GB","@id":"https:\/\/marekkuchcinski.pl\/#\/schema\/logo\/image\/","url":"https:\/\/marekkuchcinski.pl\/wp-content\/uploads\/2022\/09\/Marek.jpg","contentUrl":"https:\/\/marekkuchcinski.pl\/wp-content\/uploads\/2022\/09\/Marek.jpg","width":1600,"height":971,"caption":"Marek Kuchci\u0144ski"},"image":{"@id":"https:\/\/marekkuchcinski.pl\/#\/schema\/logo\/image\/"}},{"@type":"Person","@id":"https:\/\/marekkuchcinski.pl\/#\/schema\/person\/6f62700996b4d950b6ea2d1183b6c6be","name":"admin","image":{"@type":"ImageObject","inLanguage":"en-GB","@id":"https:\/\/marekkuchcinski.pl\/#\/schema\/person\/image\/","url":"https:\/\/secure.gravatar.com\/avatar\/4bab693b9d55c3d6b52c0296a8765085?s=96&d=mm&r=g","contentUrl":"https:\/\/secure.gravatar.com\/avatar\/4bab693b9d55c3d6b52c0296a8765085?s=96&d=mm&r=g","caption":"admin"},"url":"https:\/\/marekkuchcinski.pl\/en\/author\/marta-olejnik\/"}]}},"_links":{"self":[{"href":"https:\/\/marekkuchcinski.pl\/en\/wp-json\/wp\/v2\/posts\/12319","targetHints":{"allow":["GET"]}}],"collection":[{"href":"https:\/\/marekkuchcinski.pl\/en\/wp-json\/wp\/v2\/posts"}],"about":[{"href":"https:\/\/marekkuchcinski.pl\/en\/wp-json\/wp\/v2\/types\/post"}],"author":[{"embeddable":true,"href":"https:\/\/marekkuchcinski.pl\/en\/wp-json\/wp\/v2\/users\/6"}],"replies":[{"embeddable":true,"href":"https:\/\/marekkuchcinski.pl\/en\/wp-json\/wp\/v2\/comments?post=12319"}],"version-history":[{"count":14,"href":"https:\/\/marekkuchcinski.pl\/en\/wp-json\/wp\/v2\/posts\/12319\/revisions"}],"predecessor-version":[{"id":12338,"href":"https:\/\/marekkuchcinski.pl\/en\/wp-json\/wp\/v2\/posts\/12319\/revisions\/12338"}],"wp:featuredmedia":[{"embeddable":true,"href":"https:\/\/marekkuchcinski.pl\/en\/wp-json\/wp\/v2\/media\/12327"}],"wp:attachment":[{"href":"https:\/\/marekkuchcinski.pl\/en\/wp-json\/wp\/v2\/media?parent=12319"}],"wp:term":[{"taxonomy":"category","embeddable":true,"href":"https:\/\/marekkuchcinski.pl\/en\/wp-json\/wp\/v2\/categories?post=12319"},{"taxonomy":"post_tag","embeddable":true,"href":"https:\/\/marekkuchcinski.pl\/en\/wp-json\/wp\/v2\/tags?post=12319"}],"curies":[{"name":"wp","href":"https:\/\/api.w.org\/{rel}","templated":true}]}}