{"id":11897,"date":"2018-12-16T10:16:52","date_gmt":"2018-12-16T09:16:52","guid":{"rendered":"https:\/\/marekkuchcinski.pl\/?p=11897"},"modified":"2018-12-16T11:00:15","modified_gmt":"2018-12-16T10:00:15","slug":"konwencja-prawa-sprawiedliwosci-wiarygodnosc-uczciwosc-sprawiedliwosc-nowoczesnosc","status":"publish","type":"post","link":"https:\/\/marekkuchcinski.pl\/en\/wydarzenia\/konwencja-prawa-sprawiedliwosci-wiarygodnosc-uczciwosc-sprawiedliwosc-nowoczesnosc\/","title":{"rendered":"PiS convention: Credibility, honesty, justice, modernity"},"content":{"rendered":"<p>- The Law and Justice party has proved that it can govern honestly, that it can be credible and do what it was announced to do - said Jaroslaw Kaczynski, President of the Law and Justice party, during the Law and Justice party's convention on December 15.<\/p>\n<p>He added that the purpose of the meeting is to reflect on the starting point from which Law and Justice will soon begin the final stage to the European and parliamentary elections.<\/p>\n<p>- The point is to indicate the directions we should follow. Our party must become the party of dreams of the Poles - said the President.<\/p>\n<p>Prime Minister Mateusz Morawiecki noted that Poland today is the beating heart of Europe.<\/p>\n<p>- Today we inspire Europe. Our successes today inspire Europe! Poles must feel European in every respect. This is what we strive for! This is the real Europeanization, not experimenting with customs, but catching up with the living standards of the richer West. This is possible and together we will achieve it. We are the only ones that can guarantee it - he said.<\/p>\n<p>He reminded that Law and Justice has three basic pillars.<\/p>\n<p>- The most important thing is credibility. We have it, proven by our many actions. Our proposals from April are either implemented or in progress. When we promise, we keep our word. The broken promises of our opponents can be seen everywhere. We want to strive for higher salaries and modernize Poland - he announced.<\/p>\n<p>Deputy Prime Minister Beata Szyd\u0142o noted that Poland was, is and will be in Europe.<\/p>\n<p>- No one and nothing will change that. Even those politicians who tell lies about Polexit. Let's invite to the table, where we talk about the future of all Poles, Europeans, because it is our common work - she said.<\/p>\n<p>Michal Dworczyk, head of the Chancellery of the Prime Minister (KPRM), announced that Law and Justice (PiS) would aim to raise the living standards of Poles to the European level, and further programs would be presented right after the New Year.<\/p>\n<p><em>fot. pis.org.pl<\/em><a href=\"https:\/\/marekkuchcinski.pl\/wp-content\/uploads\/2018\/12\/PiS-konwencja-15-grudnia.jpg\"><img fetchpriority=\"high\" decoding=\"async\" class=\"alignnone size-full wp-image-11898\" src=\"https:\/\/marekkuchcinski.pl\/wp-content\/uploads\/2018\/12\/PiS-konwencja-15-grudnia.jpg\" alt=\"PiS konwencja 15 grudnia\" width=\"1000\" height=\"667\" srcset=\"https:\/\/marekkuchcinski.pl\/wp-content\/uploads\/2018\/12\/PiS-konwencja-15-grudnia.jpg 1000w, https:\/\/marekkuchcinski.pl\/wp-content\/uploads\/2018\/12\/PiS-konwencja-15-grudnia-300x200.jpg 300w, https:\/\/marekkuchcinski.pl\/wp-content\/uploads\/2018\/12\/PiS-konwencja-15-grudnia-768x512.jpg 768w\" sizes=\"(max-width: 1000px) 100vw, 1000px\" \/><\/a><\/p>","protected":false},"excerpt":{"rendered":"<p>&#8211; Prawo i Sprawiedliwo\u015b\u0107 udowodni\u0142o, \u017ce potrafi rz\u0105dzi\u0107 uczciwie, potrafi by\u0107 wiarygodne i robi\u0107 to, co zosta\u0142o zapowiedziane &#8211; powiedzia\u0142 Prezes PiS Jaros\u0142aw Kaczy\u0144ski podczas Konwencji Prawa i Sprawiedliwo\u015bci 15 grudnia. Doda\u0142, \u017ce celem spotkania jest zastanowienie si\u0119 nad punktem wyj\u015bcia, z kt\u00f3rego Prawo i Sprawiedliwo\u015b\u0107 rozpocznie niebawem ostatni etap do wybor\u00f3w europejskich i parlamentarnych. [&hellip;]<\/p>","protected":false},"author":6,"featured_media":11898,"comment_status":"open","ping_status":"open","sticky":false,"template":"","format":"standard","meta":{"ngg_post_thumbnail":0,"footnotes":""},"categories":[82,3],"tags":[],"class_list":["post-11897","post","type-post","status-publish","format-standard","has-post-thumbnail","hentry","category-prawo-i-sprawiedliwosc","category-wydarzenia"],"yoast_head":"<!-- This site is optimized with the Yoast SEO plugin v24.7 - https:\/\/yoast.com\/wordpress\/plugins\/seo\/ -->\n<title>Konwencja PiS: Wiarygodno\u015b\u0107, uczciwo\u015b\u0107, sprawiedliwo\u015b\u0107, nowoczesno\u015b\u0107 &#8211; Marek Kuchci\u0144ski<\/title>\n<meta name=\"robots\" content=\"index, follow, max-snippet:-1, max-image-preview:large, max-video-preview:-1\" \/>\n<link rel=\"canonical\" href=\"https:\/\/marekkuchcinski.pl\/en\/wydarzenia\/konwencja-prawa-sprawiedliwosci-wiarygodnosc-uczciwosc-sprawiedliwosc-nowoczesnosc\/\" \/>\n<meta property=\"og:locale\" content=\"en_GB\" \/>\n<meta property=\"og:type\" content=\"article\" \/>\n<meta property=\"og:title\" content=\"Konwencja PiS: Wiarygodno\u015b\u0107, uczciwo\u015b\u0107, sprawiedliwo\u015b\u0107, nowoczesno\u015b\u0107 &#8211; Marek Kuchci\u0144ski\" \/>\n<meta property=\"og:description\" content=\"&#8211; Prawo i Sprawiedliwo\u015b\u0107 udowodni\u0142o, \u017ce potrafi rz\u0105dzi\u0107 uczciwie, potrafi by\u0107 wiarygodne i robi\u0107 to, co zosta\u0142o zapowiedziane &#8211; powiedzia\u0142 Prezes PiS Jaros\u0142aw Kaczy\u0144ski podczas Konwencji Prawa i Sprawiedliwo\u015bci 15 grudnia. Doda\u0142, \u017ce celem spotkania jest zastanowienie si\u0119 nad punktem wyj\u015bcia, z kt\u00f3rego Prawo i Sprawiedliwo\u015b\u0107 rozpocznie niebawem ostatni etap do wybor\u00f3w europejskich i parlamentarnych. [&hellip;]\" \/>\n<meta property=\"og:url\" content=\"https:\/\/marekkuchcinski.pl\/en\/wydarzenia\/konwencja-prawa-sprawiedliwosci-wiarygodnosc-uczciwosc-sprawiedliwosc-nowoczesnosc\/\" \/>\n<meta property=\"og:site_name\" content=\"Marek Kuchci\u0144ski\" \/>\n<meta property=\"article:published_time\" content=\"2018-12-16T09:16:52+00:00\" \/>\n<meta property=\"article:modified_time\" content=\"2018-12-16T10:00:15+00:00\" \/>\n<meta property=\"og:image\" content=\"https:\/\/marekkuchcinski.pl\/wp-content\/uploads\/2018\/12\/PiS-konwencja-15-grudnia.jpg\" \/>\n\t<meta property=\"og:image:width\" content=\"1000\" \/>\n\t<meta property=\"og:image:height\" content=\"667\" \/>\n\t<meta property=\"og:image:type\" content=\"image\/jpeg\" \/>\n<meta name=\"author\" content=\"admin\" \/>\n<meta name=\"twitter:card\" content=\"summary_large_image\" \/>\n<meta name=\"twitter:label1\" content=\"Written by\" \/>\n\t<meta name=\"twitter:data1\" content=\"admin\" \/>\n\t<meta name=\"twitter:label2\" content=\"Estimated reading time\" \/>\n\t<meta name=\"twitter:data2\" content=\"2 minutes\" \/>\n<script type=\"application\/ld+json\" class=\"yoast-schema-graph\">{\"@context\":\"https:\/\/schema.org\",\"@graph\":[{\"@type\":\"Article\",\"@id\":\"https:\/\/marekkuchcinski.pl\/sk\/wydarzenia\/konwencja-prawa-sprawiedliwosci-wiarygodnosc-uczciwosc-sprawiedliwosc-nowoczesnosc\/#article\",\"isPartOf\":{\"@id\":\"https:\/\/marekkuchcinski.pl\/sk\/wydarzenia\/konwencja-prawa-sprawiedliwosci-wiarygodnosc-uczciwosc-sprawiedliwosc-nowoczesnosc\/\"},\"author\":{\"name\":\"admin\",\"@id\":\"https:\/\/marekkuchcinski.pl\/#\/schema\/person\/6f62700996b4d950b6ea2d1183b6c6be\"},\"headline\":\"Konwencja PiS: Wiarygodno\u015b\u0107, uczciwo\u015b\u0107, sprawiedliwo\u015b\u0107, nowoczesno\u015b\u0107\",\"datePublished\":\"2018-12-16T09:16:52+00:00\",\"dateModified\":\"2018-12-16T10:00:15+00:00\",\"mainEntityOfPage\":{\"@id\":\"https:\/\/marekkuchcinski.pl\/sk\/wydarzenia\/konwencja-prawa-sprawiedliwosci-wiarygodnosc-uczciwosc-sprawiedliwosc-nowoczesnosc\/\"},\"wordCount\":324,\"commentCount\":0,\"publisher\":{\"@id\":\"https:\/\/marekkuchcinski.pl\/#organization\"},\"image\":{\"@id\":\"https:\/\/marekkuchcinski.pl\/sk\/wydarzenia\/konwencja-prawa-sprawiedliwosci-wiarygodnosc-uczciwosc-sprawiedliwosc-nowoczesnosc\/#primaryimage\"},\"thumbnailUrl\":\"https:\/\/marekkuchcinski.pl\/wp-content\/uploads\/2018\/12\/PiS-konwencja-15-grudnia.jpg\",\"articleSection\":[\"Prawo i Sprawiedliwo\u015b\u0107\",\"Wydarzenia\"],\"inLanguage\":\"en-GB\",\"potentialAction\":[{\"@type\":\"CommentAction\",\"name\":\"Comment\",\"target\":[\"https:\/\/marekkuchcinski.pl\/sk\/wydarzenia\/konwencja-prawa-sprawiedliwosci-wiarygodnosc-uczciwosc-sprawiedliwosc-nowoczesnosc\/#respond\"]}]},{\"@type\":\"WebPage\",\"@id\":\"https:\/\/marekkuchcinski.pl\/sk\/wydarzenia\/konwencja-prawa-sprawiedliwosci-wiarygodnosc-uczciwosc-sprawiedliwosc-nowoczesnosc\/\",\"url\":\"https:\/\/marekkuchcinski.pl\/sk\/wydarzenia\/konwencja-prawa-sprawiedliwosci-wiarygodnosc-uczciwosc-sprawiedliwosc-nowoczesnosc\/\",\"name\":\"Konwencja PiS: Wiarygodno\u015b\u0107, uczciwo\u015b\u0107, sprawiedliwo\u015b\u0107, nowoczesno\u015b\u0107 &#8211; Marek Kuchci\u0144ski\",\"isPartOf\":{\"@id\":\"https:\/\/marekkuchcinski.pl\/#website\"},\"primaryImageOfPage\":{\"@id\":\"https:\/\/marekkuchcinski.pl\/sk\/wydarzenia\/konwencja-prawa-sprawiedliwosci-wiarygodnosc-uczciwosc-sprawiedliwosc-nowoczesnosc\/#primaryimage\"},\"image\":{\"@id\":\"https:\/\/marekkuchcinski.pl\/sk\/wydarzenia\/konwencja-prawa-sprawiedliwosci-wiarygodnosc-uczciwosc-sprawiedliwosc-nowoczesnosc\/#primaryimage\"},\"thumbnailUrl\":\"https:\/\/marekkuchcinski.pl\/wp-content\/uploads\/2018\/12\/PiS-konwencja-15-grudnia.jpg\",\"datePublished\":\"2018-12-16T09:16:52+00:00\",\"dateModified\":\"2018-12-16T10:00:15+00:00\",\"breadcrumb\":{\"@id\":\"https:\/\/marekkuchcinski.pl\/sk\/wydarzenia\/konwencja-prawa-sprawiedliwosci-wiarygodnosc-uczciwosc-sprawiedliwosc-nowoczesnosc\/#breadcrumb\"},\"inLanguage\":\"en-GB\",\"potentialAction\":[{\"@type\":\"ReadAction\",\"target\":[\"https:\/\/marekkuchcinski.pl\/sk\/wydarzenia\/konwencja-prawa-sprawiedliwosci-wiarygodnosc-uczciwosc-sprawiedliwosc-nowoczesnosc\/\"]}]},{\"@type\":\"ImageObject\",\"inLanguage\":\"en-GB\",\"@id\":\"https:\/\/marekkuchcinski.pl\/sk\/wydarzenia\/konwencja-prawa-sprawiedliwosci-wiarygodnosc-uczciwosc-sprawiedliwosc-nowoczesnosc\/#primaryimage\",\"url\":\"https:\/\/marekkuchcinski.pl\/wp-content\/uploads\/2018\/12\/PiS-konwencja-15-grudnia.jpg\",\"contentUrl\":\"https:\/\/marekkuchcinski.pl\/wp-content\/uploads\/2018\/12\/PiS-konwencja-15-grudnia.jpg\",\"width\":1000,\"height\":667},{\"@type\":\"BreadcrumbList\",\"@id\":\"https:\/\/marekkuchcinski.pl\/sk\/wydarzenia\/konwencja-prawa-sprawiedliwosci-wiarygodnosc-uczciwosc-sprawiedliwosc-nowoczesnosc\/#breadcrumb\",\"itemListElement\":[{\"@type\":\"ListItem\",\"position\":1,\"name\":\"Strona g\u0142\u00f3wna\",\"item\":\"https:\/\/marekkuchcinski.pl\/\"},{\"@type\":\"ListItem\",\"position\":2,\"name\":\"Konwencja PiS: Wiarygodno\u015b\u0107, uczciwo\u015b\u0107, sprawiedliwo\u015b\u0107, nowoczesno\u015b\u0107\"}]},{\"@type\":\"WebSite\",\"@id\":\"https:\/\/marekkuchcinski.pl\/#website\",\"url\":\"https:\/\/marekkuchcinski.pl\/\",\"name\":\"Marek Kuchci\u0144ski\",\"description\":\"Pose\u0142 na sejm RP &ndash; okr\u0119g nr 22\",\"publisher\":{\"@id\":\"https:\/\/marekkuchcinski.pl\/#organization\"},\"potentialAction\":[{\"@type\":\"SearchAction\",\"target\":{\"@type\":\"EntryPoint\",\"urlTemplate\":\"https:\/\/marekkuchcinski.pl\/?s={search_term_string}\"},\"query-input\":{\"@type\":\"PropertyValueSpecification\",\"valueRequired\":true,\"valueName\":\"search_term_string\"}}],\"inLanguage\":\"en-GB\"},{\"@type\":\"Organization\",\"@id\":\"https:\/\/marekkuchcinski.pl\/#organization\",\"name\":\"Marek Kuchci\u0144ski\",\"url\":\"https:\/\/marekkuchcinski.pl\/\",\"logo\":{\"@type\":\"ImageObject\",\"inLanguage\":\"en-GB\",\"@id\":\"https:\/\/marekkuchcinski.pl\/#\/schema\/logo\/image\/\",\"url\":\"https:\/\/marekkuchcinski.pl\/wp-content\/uploads\/2022\/09\/Marek.jpg\",\"contentUrl\":\"https:\/\/marekkuchcinski.pl\/wp-content\/uploads\/2022\/09\/Marek.jpg\",\"width\":1600,\"height\":971,\"caption\":\"Marek Kuchci\u0144ski\"},\"image\":{\"@id\":\"https:\/\/marekkuchcinski.pl\/#\/schema\/logo\/image\/\"}},{\"@type\":\"Person\",\"@id\":\"https:\/\/marekkuchcinski.pl\/#\/schema\/person\/6f62700996b4d950b6ea2d1183b6c6be\",\"name\":\"admin\",\"image\":{\"@type\":\"ImageObject\",\"inLanguage\":\"en-GB\",\"@id\":\"https:\/\/marekkuchcinski.pl\/#\/schema\/person\/image\/\",\"url\":\"https:\/\/secure.gravatar.com\/avatar\/4bab693b9d55c3d6b52c0296a8765085?s=96&d=mm&r=g\",\"contentUrl\":\"https:\/\/secure.gravatar.com\/avatar\/4bab693b9d55c3d6b52c0296a8765085?s=96&d=mm&r=g\",\"caption\":\"admin\"},\"url\":\"https:\/\/marekkuchcinski.pl\/en\/author\/marta-olejnik\/\"}]}<\/script>\n<!-- \/ Yoast SEO plugin. -->","yoast_head_json":{"title":"Konwencja PiS: Wiarygodno\u015b\u0107, uczciwo\u015b\u0107, sprawiedliwo\u015b\u0107, nowoczesno\u015b\u0107 &#8211; Marek Kuchci\u0144ski","robots":{"index":"index","follow":"follow","max-snippet":"max-snippet:-1","max-image-preview":"max-image-preview:large","max-video-preview":"max-video-preview:-1"},"canonical":"https:\/\/marekkuchcinski.pl\/en\/wydarzenia\/konwencja-prawa-sprawiedliwosci-wiarygodnosc-uczciwosc-sprawiedliwosc-nowoczesnosc\/","og_locale":"en_GB","og_type":"article","og_title":"Konwencja PiS: Wiarygodno\u015b\u0107, uczciwo\u015b\u0107, sprawiedliwo\u015b\u0107, nowoczesno\u015b\u0107 &#8211; Marek Kuchci\u0144ski","og_description":"&#8211; Prawo i Sprawiedliwo\u015b\u0107 udowodni\u0142o, \u017ce potrafi rz\u0105dzi\u0107 uczciwie, potrafi by\u0107 wiarygodne i robi\u0107 to, co zosta\u0142o zapowiedziane &#8211; powiedzia\u0142 Prezes PiS Jaros\u0142aw Kaczy\u0144ski podczas Konwencji Prawa i Sprawiedliwo\u015bci 15 grudnia. Doda\u0142, \u017ce celem spotkania jest zastanowienie si\u0119 nad punktem wyj\u015bcia, z kt\u00f3rego Prawo i Sprawiedliwo\u015b\u0107 rozpocznie niebawem ostatni etap do wybor\u00f3w europejskich i parlamentarnych. [&hellip;]","og_url":"https:\/\/marekkuchcinski.pl\/en\/wydarzenia\/konwencja-prawa-sprawiedliwosci-wiarygodnosc-uczciwosc-sprawiedliwosc-nowoczesnosc\/","og_site_name":"Marek Kuchci\u0144ski","article_published_time":"2018-12-16T09:16:52+00:00","article_modified_time":"2018-12-16T10:00:15+00:00","og_image":[{"width":1000,"height":667,"url":"https:\/\/marekkuchcinski.pl\/wp-content\/uploads\/2018\/12\/PiS-konwencja-15-grudnia.jpg","type":"image\/jpeg"}],"author":"admin","twitter_card":"summary_large_image","twitter_misc":{"Written by":"admin","Estimated reading time":"2 minutes"},"schema":{"@context":"https:\/\/schema.org","@graph":[{"@type":"Article","@id":"https:\/\/marekkuchcinski.pl\/sk\/wydarzenia\/konwencja-prawa-sprawiedliwosci-wiarygodnosc-uczciwosc-sprawiedliwosc-nowoczesnosc\/#article","isPartOf":{"@id":"https:\/\/marekkuchcinski.pl\/sk\/wydarzenia\/konwencja-prawa-sprawiedliwosci-wiarygodnosc-uczciwosc-sprawiedliwosc-nowoczesnosc\/"},"author":{"name":"admin","@id":"https:\/\/marekkuchcinski.pl\/#\/schema\/person\/6f62700996b4d950b6ea2d1183b6c6be"},"headline":"Konwencja PiS: Wiarygodno\u015b\u0107, uczciwo\u015b\u0107, sprawiedliwo\u015b\u0107, nowoczesno\u015b\u0107","datePublished":"2018-12-16T09:16:52+00:00","dateModified":"2018-12-16T10:00:15+00:00","mainEntityOfPage":{"@id":"https:\/\/marekkuchcinski.pl\/sk\/wydarzenia\/konwencja-prawa-sprawiedliwosci-wiarygodnosc-uczciwosc-sprawiedliwosc-nowoczesnosc\/"},"wordCount":324,"commentCount":0,"publisher":{"@id":"https:\/\/marekkuchcinski.pl\/#organization"},"image":{"@id":"https:\/\/marekkuchcinski.pl\/sk\/wydarzenia\/konwencja-prawa-sprawiedliwosci-wiarygodnosc-uczciwosc-sprawiedliwosc-nowoczesnosc\/#primaryimage"},"thumbnailUrl":"https:\/\/marekkuchcinski.pl\/wp-content\/uploads\/2018\/12\/PiS-konwencja-15-grudnia.jpg","articleSection":["Prawo i Sprawiedliwo\u015b\u0107","Wydarzenia"],"inLanguage":"en-GB","potentialAction":[{"@type":"CommentAction","name":"Comment","target":["https:\/\/marekkuchcinski.pl\/sk\/wydarzenia\/konwencja-prawa-sprawiedliwosci-wiarygodnosc-uczciwosc-sprawiedliwosc-nowoczesnosc\/#respond"]}]},{"@type":"WebPage","@id":"https:\/\/marekkuchcinski.pl\/sk\/wydarzenia\/konwencja-prawa-sprawiedliwosci-wiarygodnosc-uczciwosc-sprawiedliwosc-nowoczesnosc\/","url":"https:\/\/marekkuchcinski.pl\/sk\/wydarzenia\/konwencja-prawa-sprawiedliwosci-wiarygodnosc-uczciwosc-sprawiedliwosc-nowoczesnosc\/","name":"Konwencja PiS: Wiarygodno\u015b\u0107, uczciwo\u015b\u0107, sprawiedliwo\u015b\u0107, nowoczesno\u015b\u0107 &#8211; Marek Kuchci\u0144ski","isPartOf":{"@id":"https:\/\/marekkuchcinski.pl\/#website"},"primaryImageOfPage":{"@id":"https:\/\/marekkuchcinski.pl\/sk\/wydarzenia\/konwencja-prawa-sprawiedliwosci-wiarygodnosc-uczciwosc-sprawiedliwosc-nowoczesnosc\/#primaryimage"},"image":{"@id":"https:\/\/marekkuchcinski.pl\/sk\/wydarzenia\/konwencja-prawa-sprawiedliwosci-wiarygodnosc-uczciwosc-sprawiedliwosc-nowoczesnosc\/#primaryimage"},"thumbnailUrl":"https:\/\/marekkuchcinski.pl\/wp-content\/uploads\/2018\/12\/PiS-konwencja-15-grudnia.jpg","datePublished":"2018-12-16T09:16:52+00:00","dateModified":"2018-12-16T10:00:15+00:00","breadcrumb":{"@id":"https:\/\/marekkuchcinski.pl\/sk\/wydarzenia\/konwencja-prawa-sprawiedliwosci-wiarygodnosc-uczciwosc-sprawiedliwosc-nowoczesnosc\/#breadcrumb"},"inLanguage":"en-GB","potentialAction":[{"@type":"ReadAction","target":["https:\/\/marekkuchcinski.pl\/sk\/wydarzenia\/konwencja-prawa-sprawiedliwosci-wiarygodnosc-uczciwosc-sprawiedliwosc-nowoczesnosc\/"]}]},{"@type":"ImageObject","inLanguage":"en-GB","@id":"https:\/\/marekkuchcinski.pl\/sk\/wydarzenia\/konwencja-prawa-sprawiedliwosci-wiarygodnosc-uczciwosc-sprawiedliwosc-nowoczesnosc\/#primaryimage","url":"https:\/\/marekkuchcinski.pl\/wp-content\/uploads\/2018\/12\/PiS-konwencja-15-grudnia.jpg","contentUrl":"https:\/\/marekkuchcinski.pl\/wp-content\/uploads\/2018\/12\/PiS-konwencja-15-grudnia.jpg","width":1000,"height":667},{"@type":"BreadcrumbList","@id":"https:\/\/marekkuchcinski.pl\/sk\/wydarzenia\/konwencja-prawa-sprawiedliwosci-wiarygodnosc-uczciwosc-sprawiedliwosc-nowoczesnosc\/#breadcrumb","itemListElement":[{"@type":"ListItem","position":1,"name":"Strona g\u0142\u00f3wna","item":"https:\/\/marekkuchcinski.pl\/"},{"@type":"ListItem","position":2,"name":"Konwencja PiS: Wiarygodno\u015b\u0107, uczciwo\u015b\u0107, sprawiedliwo\u015b\u0107, nowoczesno\u015b\u0107"}]},{"@type":"WebSite","@id":"https:\/\/marekkuchcinski.pl\/#website","url":"https:\/\/marekkuchcinski.pl\/","name":"Marek Kuchci\u0144ski","description":"Pose\u0142 na sejm RP &ndash; okr\u0119g nr 22","publisher":{"@id":"https:\/\/marekkuchcinski.pl\/#organization"},"potentialAction":[{"@type":"SearchAction","target":{"@type":"EntryPoint","urlTemplate":"https:\/\/marekkuchcinski.pl\/?s={search_term_string}"},"query-input":{"@type":"PropertyValueSpecification","valueRequired":true,"valueName":"search_term_string"}}],"inLanguage":"en-GB"},{"@type":"Organization","@id":"https:\/\/marekkuchcinski.pl\/#organization","name":"Marek Kuchci\u0144ski","url":"https:\/\/marekkuchcinski.pl\/","logo":{"@type":"ImageObject","inLanguage":"en-GB","@id":"https:\/\/marekkuchcinski.pl\/#\/schema\/logo\/image\/","url":"https:\/\/marekkuchcinski.pl\/wp-content\/uploads\/2022\/09\/Marek.jpg","contentUrl":"https:\/\/marekkuchcinski.pl\/wp-content\/uploads\/2022\/09\/Marek.jpg","width":1600,"height":971,"caption":"Marek Kuchci\u0144ski"},"image":{"@id":"https:\/\/marekkuchcinski.pl\/#\/schema\/logo\/image\/"}},{"@type":"Person","@id":"https:\/\/marekkuchcinski.pl\/#\/schema\/person\/6f62700996b4d950b6ea2d1183b6c6be","name":"admin","image":{"@type":"ImageObject","inLanguage":"en-GB","@id":"https:\/\/marekkuchcinski.pl\/#\/schema\/person\/image\/","url":"https:\/\/secure.gravatar.com\/avatar\/4bab693b9d55c3d6b52c0296a8765085?s=96&d=mm&r=g","contentUrl":"https:\/\/secure.gravatar.com\/avatar\/4bab693b9d55c3d6b52c0296a8765085?s=96&d=mm&r=g","caption":"admin"},"url":"https:\/\/marekkuchcinski.pl\/en\/author\/marta-olejnik\/"}]}},"_links":{"self":[{"href":"https:\/\/marekkuchcinski.pl\/en\/wp-json\/wp\/v2\/posts\/11897","targetHints":{"allow":["GET"]}}],"collection":[{"href":"https:\/\/marekkuchcinski.pl\/en\/wp-json\/wp\/v2\/posts"}],"about":[{"href":"https:\/\/marekkuchcinski.pl\/en\/wp-json\/wp\/v2\/types\/post"}],"author":[{"embeddable":true,"href":"https:\/\/marekkuchcinski.pl\/en\/wp-json\/wp\/v2\/users\/6"}],"replies":[{"embeddable":true,"href":"https:\/\/marekkuchcinski.pl\/en\/wp-json\/wp\/v2\/comments?post=11897"}],"version-history":[{"count":6,"href":"https:\/\/marekkuchcinski.pl\/en\/wp-json\/wp\/v2\/posts\/11897\/revisions"}],"predecessor-version":[{"id":11907,"href":"https:\/\/marekkuchcinski.pl\/en\/wp-json\/wp\/v2\/posts\/11897\/revisions\/11907"}],"wp:featuredmedia":[{"embeddable":true,"href":"https:\/\/marekkuchcinski.pl\/en\/wp-json\/wp\/v2\/media\/11898"}],"wp:attachment":[{"href":"https:\/\/marekkuchcinski.pl\/en\/wp-json\/wp\/v2\/media?parent=11897"}],"wp:term":[{"taxonomy":"category","embeddable":true,"href":"https:\/\/marekkuchcinski.pl\/en\/wp-json\/wp\/v2\/categories?post=11897"},{"taxonomy":"post_tag","embeddable":true,"href":"https:\/\/marekkuchcinski.pl\/en\/wp-json\/wp\/v2\/tags?post=11897"}],"curies":[{"name":"wp","href":"https:\/\/api.w.org\/{rel}","templated":true}]}}