{"id":11866,"date":"2018-12-15T10:18:02","date_gmt":"2018-12-15T09:18:02","guid":{"rendered":"https:\/\/marekkuchcinski.pl\/?p=11866"},"modified":"2018-12-15T10:18:02","modified_gmt":"2018-12-15T09:18:02","slug":"wegierscy-parlamentarzysci-oddaja-czesc-polakom-walczacym-o-wolnosc-niepodleglosc-ojczyzny-ustawa-okazji-stulecia-niepodleglosci","status":"publish","type":"post","link":"https:\/\/marekkuchcinski.pl\/en\/wspolpraca-miedzynarodowa\/wegierscy-parlamentarzysci-oddaja-czesc-polakom-walczacym-o-wolnosc-niepodleglosc-ojczyzny-ustawa-okazji-stulecia-niepodleglosci\/","title":{"rendered":"Hungarian parliamentarians pay tribute to the Poles who fought for the freedom and independence of their homeland. Act on the occasion of the Centennial of Independence"},"content":{"rendered":"<p>\"The National Assembly salutes Poland celebrating the centenary of its independence and bows its head in respect before the heroes of Polish freedom,\" reads the text of a law adopted by the Hungarian parliament on 12 December to mark the centenary of Poland's independence. The proposal of passing the law was submitted by the deputies of the governing Fidesz party and the Christian Democratic People's Party, including the speaker of Parliament, L\u00e1szl\u00f3 K\u00f6v\u00e9r. The law was passed by 130 votes in favor with no votes against or abstentions.<br \/>\nAt the beginning of the third day of the 74th sitting of the Sejm, the Speaker of the Sejm Marek Kuchci\u0144ski informed that on behalf of himself, the Parliament of the Republic of Poland and all the Poles, he had expressed his heartfelt thanks to the deputies of the Hungarian Parliament and the Speaker of the National Assembly for this initiative. He also announced that all MPs will receive the Polish translation of the Hungarian law.<br \/>\n\"In the past hundred years, the fates of Hungarians and Poles were intertwined many times, and the most famous and important examples of this were the reception of Polish refugees in Hungary during World War II and taking care of them, as well as the Polish attitude and help during the Hungarian revolution and fight for freedom in 1956,\" the document recalled. - the document reminds. The act also points out that during World War I about 50 Hungarian volunteers fought for Polish freedom, and the victory in the Battle of Warsaw enabled the Poles to receive weapons from Hungary.<br \/>\nIn the act, the Parliament authorized the government to make decisions in the field of the educational system, which will contribute to the continuation of the Polish-Hungarian friendship in future generations. Hungarian parliamentarians emphasized in the text of the act that the friendship of the two nations is an important element of the Visegrad Group's cooperation, which is essential for the countries' interests in the EU. \"Based on the historical commonality of fates, the close bond between Hungary and Poland, guarding their national independence, is an inalienable condition both for the realization of our national interests and for increasing the influence of Central Europe in the European system of cooperation\". - it was emphasized.<\/p>","protected":false},"excerpt":{"rendered":"<p>&#8222;Zgromadzenie Narodowe pozdrawia \u015bwi\u0119tuj\u0105c\u0105 setn\u0105 rocznic\u0119 odzyskania niepodleg\u0142o\u015bci Polsk\u0119 i z szacunkiem chyli g\u0142ow\u0119 przed bohaterami polskiej wolno\u015bci&#8221; &#8211; g\u0142osi tre\u015b\u0107 ustawy przyj\u0119tej przez parlament W\u0119gier 12 grudnia z okazji stulecia odzyskania przez Polsk\u0119 niepodleg\u0142o\u015bci. Propozycj\u0119 uchwalenia ustawy przed\u0142o\u017cyli pos\u0142owie rz\u0105dz\u0105cych partii Fidesz i Chrze\u015bcija\u0144sko-Demokratycznej Partii Ludowej, w tym przewodnicz\u0105cy Parlamentu L\u00e1szl\u00f3 K\u00f6v\u00e9r. Ustawa zosta\u0142a [&hellip;]<\/p>","protected":false},"author":6,"featured_media":11867,"comment_status":"open","ping_status":"open","sticky":false,"template":"","format":"standard","meta":{"ngg_post_thumbnail":0,"footnotes":""},"categories":[50],"tags":[],"class_list":["post-11866","post","type-post","status-publish","format-standard","has-post-thumbnail","hentry","category-wspolpraca-miedzynarodowa"],"yoast_head":"<!-- This site is optimized with the Yoast SEO plugin v24.7 - https:\/\/yoast.com\/wordpress\/plugins\/seo\/ -->\n<title>W\u0119gierscy parlamentarzy\u015bci oddaj\u0105 cze\u015b\u0107 Polakom walcz\u0105cym o wolno\u015b\u0107 i niepodleg\u0142o\u015b\u0107 Ojczyzny. Ustawa z okazji stulecia niepodleg\u0142o\u015bci &#8211; Marek Kuchci\u0144ski<\/title>\n<meta name=\"robots\" content=\"index, follow, max-snippet:-1, max-image-preview:large, max-video-preview:-1\" \/>\n<link rel=\"canonical\" href=\"https:\/\/marekkuchcinski.pl\/en\/wspolpraca-miedzynarodowa\/wegierscy-parlamentarzysci-oddaja-czesc-polakom-walczacym-o-wolnosc-niepodleglosc-ojczyzny-ustawa-okazji-stulecia-niepodleglosci\/\" \/>\n<meta property=\"og:locale\" content=\"en_GB\" \/>\n<meta property=\"og:type\" content=\"article\" \/>\n<meta property=\"og:title\" content=\"W\u0119gierscy parlamentarzy\u015bci oddaj\u0105 cze\u015b\u0107 Polakom walcz\u0105cym o wolno\u015b\u0107 i niepodleg\u0142o\u015b\u0107 Ojczyzny. Ustawa z okazji stulecia niepodleg\u0142o\u015bci &#8211; Marek Kuchci\u0144ski\" \/>\n<meta property=\"og:description\" content=\"&#8222;Zgromadzenie Narodowe pozdrawia \u015bwi\u0119tuj\u0105c\u0105 setn\u0105 rocznic\u0119 odzyskania niepodleg\u0142o\u015bci Polsk\u0119 i z szacunkiem chyli g\u0142ow\u0119 przed bohaterami polskiej wolno\u015bci&#8221; &#8211; g\u0142osi tre\u015b\u0107 ustawy przyj\u0119tej przez parlament W\u0119gier 12 grudnia z okazji stulecia odzyskania przez Polsk\u0119 niepodleg\u0142o\u015bci. Propozycj\u0119 uchwalenia ustawy przed\u0142o\u017cyli pos\u0142owie rz\u0105dz\u0105cych partii Fidesz i Chrze\u015bcija\u0144sko-Demokratycznej Partii Ludowej, w tym przewodnicz\u0105cy Parlamentu L\u00e1szl\u00f3 K\u00f6v\u00e9r. Ustawa zosta\u0142a [&hellip;]\" \/>\n<meta property=\"og:url\" content=\"https:\/\/marekkuchcinski.pl\/en\/wspolpraca-miedzynarodowa\/wegierscy-parlamentarzysci-oddaja-czesc-polakom-walczacym-o-wolnosc-niepodleglosc-ojczyzny-ustawa-okazji-stulecia-niepodleglosci\/\" \/>\n<meta property=\"og:site_name\" content=\"Marek Kuchci\u0144ski\" \/>\n<meta property=\"article:published_time\" content=\"2018-12-15T09:18:02+00:00\" \/>\n<meta property=\"og:image\" content=\"https:\/\/marekkuchcinski.pl\/wp-content\/uploads\/2018\/12\/24068104_1732856176770697_607691462845244507_n.jpg\" \/>\n\t<meta property=\"og:image:width\" content=\"960\" \/>\n\t<meta property=\"og:image:height\" content=\"540\" \/>\n\t<meta property=\"og:image:type\" content=\"image\/jpeg\" \/>\n<meta name=\"author\" content=\"admin\" \/>\n<meta name=\"twitter:card\" content=\"summary_large_image\" \/>\n<meta name=\"twitter:label1\" content=\"Written by\" \/>\n\t<meta name=\"twitter:data1\" content=\"admin\" \/>\n\t<meta name=\"twitter:label2\" content=\"Estimated reading time\" \/>\n\t<meta name=\"twitter:data2\" content=\"2 minutes\" \/>\n<script type=\"application\/ld+json\" class=\"yoast-schema-graph\">{\"@context\":\"https:\/\/schema.org\",\"@graph\":[{\"@type\":\"Article\",\"@id\":\"https:\/\/marekkuchcinski.pl\/uk\/wspolpraca-miedzynarodowa\/wegierscy-parlamentarzysci-oddaja-czesc-polakom-walczacym-o-wolnosc-niepodleglosc-ojczyzny-ustawa-okazji-stulecia-niepodleglosci\/#article\",\"isPartOf\":{\"@id\":\"https:\/\/marekkuchcinski.pl\/uk\/wspolpraca-miedzynarodowa\/wegierscy-parlamentarzysci-oddaja-czesc-polakom-walczacym-o-wolnosc-niepodleglosc-ojczyzny-ustawa-okazji-stulecia-niepodleglosci\/\"},\"author\":{\"name\":\"admin\",\"@id\":\"https:\/\/marekkuchcinski.pl\/#\/schema\/person\/6f62700996b4d950b6ea2d1183b6c6be\"},\"headline\":\"W\u0119gierscy parlamentarzy\u015bci oddaj\u0105 cze\u015b\u0107 Polakom walcz\u0105cym o wolno\u015b\u0107 i niepodleg\u0142o\u015b\u0107 Ojczyzny. Ustawa z okazji stulecia niepodleg\u0142o\u015bci\",\"datePublished\":\"2018-12-15T09:18:02+00:00\",\"mainEntityOfPage\":{\"@id\":\"https:\/\/marekkuchcinski.pl\/uk\/wspolpraca-miedzynarodowa\/wegierscy-parlamentarzysci-oddaja-czesc-polakom-walczacym-o-wolnosc-niepodleglosc-ojczyzny-ustawa-okazji-stulecia-niepodleglosci\/\"},\"wordCount\":380,\"commentCount\":0,\"publisher\":{\"@id\":\"https:\/\/marekkuchcinski.pl\/#organization\"},\"image\":{\"@id\":\"https:\/\/marekkuchcinski.pl\/uk\/wspolpraca-miedzynarodowa\/wegierscy-parlamentarzysci-oddaja-czesc-polakom-walczacym-o-wolnosc-niepodleglosc-ojczyzny-ustawa-okazji-stulecia-niepodleglosci\/#primaryimage\"},\"thumbnailUrl\":\"https:\/\/marekkuchcinski.pl\/wp-content\/uploads\/2018\/12\/24068104_1732856176770697_607691462845244507_n.jpg\",\"articleSection\":[\"Wsp\u00f3\u0142praca mi\u0119dzynarodowa\"],\"inLanguage\":\"en-GB\",\"potentialAction\":[{\"@type\":\"CommentAction\",\"name\":\"Comment\",\"target\":[\"https:\/\/marekkuchcinski.pl\/uk\/wspolpraca-miedzynarodowa\/wegierscy-parlamentarzysci-oddaja-czesc-polakom-walczacym-o-wolnosc-niepodleglosc-ojczyzny-ustawa-okazji-stulecia-niepodleglosci\/#respond\"]}]},{\"@type\":\"WebPage\",\"@id\":\"https:\/\/marekkuchcinski.pl\/uk\/wspolpraca-miedzynarodowa\/wegierscy-parlamentarzysci-oddaja-czesc-polakom-walczacym-o-wolnosc-niepodleglosc-ojczyzny-ustawa-okazji-stulecia-niepodleglosci\/\",\"url\":\"https:\/\/marekkuchcinski.pl\/uk\/wspolpraca-miedzynarodowa\/wegierscy-parlamentarzysci-oddaja-czesc-polakom-walczacym-o-wolnosc-niepodleglosc-ojczyzny-ustawa-okazji-stulecia-niepodleglosci\/\",\"name\":\"W\u0119gierscy parlamentarzy\u015bci oddaj\u0105 cze\u015b\u0107 Polakom walcz\u0105cym o wolno\u015b\u0107 i niepodleg\u0142o\u015b\u0107 Ojczyzny. Ustawa z okazji stulecia niepodleg\u0142o\u015bci &#8211; Marek Kuchci\u0144ski\",\"isPartOf\":{\"@id\":\"https:\/\/marekkuchcinski.pl\/#website\"},\"primaryImageOfPage\":{\"@id\":\"https:\/\/marekkuchcinski.pl\/uk\/wspolpraca-miedzynarodowa\/wegierscy-parlamentarzysci-oddaja-czesc-polakom-walczacym-o-wolnosc-niepodleglosc-ojczyzny-ustawa-okazji-stulecia-niepodleglosci\/#primaryimage\"},\"image\":{\"@id\":\"https:\/\/marekkuchcinski.pl\/uk\/wspolpraca-miedzynarodowa\/wegierscy-parlamentarzysci-oddaja-czesc-polakom-walczacym-o-wolnosc-niepodleglosc-ojczyzny-ustawa-okazji-stulecia-niepodleglosci\/#primaryimage\"},\"thumbnailUrl\":\"https:\/\/marekkuchcinski.pl\/wp-content\/uploads\/2018\/12\/24068104_1732856176770697_607691462845244507_n.jpg\",\"datePublished\":\"2018-12-15T09:18:02+00:00\",\"breadcrumb\":{\"@id\":\"https:\/\/marekkuchcinski.pl\/uk\/wspolpraca-miedzynarodowa\/wegierscy-parlamentarzysci-oddaja-czesc-polakom-walczacym-o-wolnosc-niepodleglosc-ojczyzny-ustawa-okazji-stulecia-niepodleglosci\/#breadcrumb\"},\"inLanguage\":\"en-GB\",\"potentialAction\":[{\"@type\":\"ReadAction\",\"target\":[\"https:\/\/marekkuchcinski.pl\/uk\/wspolpraca-miedzynarodowa\/wegierscy-parlamentarzysci-oddaja-czesc-polakom-walczacym-o-wolnosc-niepodleglosc-ojczyzny-ustawa-okazji-stulecia-niepodleglosci\/\"]}]},{\"@type\":\"ImageObject\",\"inLanguage\":\"en-GB\",\"@id\":\"https:\/\/marekkuchcinski.pl\/uk\/wspolpraca-miedzynarodowa\/wegierscy-parlamentarzysci-oddaja-czesc-polakom-walczacym-o-wolnosc-niepodleglosc-ojczyzny-ustawa-okazji-stulecia-niepodleglosci\/#primaryimage\",\"url\":\"https:\/\/marekkuchcinski.pl\/wp-content\/uploads\/2018\/12\/24068104_1732856176770697_607691462845244507_n.jpg\",\"contentUrl\":\"https:\/\/marekkuchcinski.pl\/wp-content\/uploads\/2018\/12\/24068104_1732856176770697_607691462845244507_n.jpg\",\"width\":960,\"height\":540},{\"@type\":\"BreadcrumbList\",\"@id\":\"https:\/\/marekkuchcinski.pl\/uk\/wspolpraca-miedzynarodowa\/wegierscy-parlamentarzysci-oddaja-czesc-polakom-walczacym-o-wolnosc-niepodleglosc-ojczyzny-ustawa-okazji-stulecia-niepodleglosci\/#breadcrumb\",\"itemListElement\":[{\"@type\":\"ListItem\",\"position\":1,\"name\":\"Strona g\u0142\u00f3wna\",\"item\":\"https:\/\/marekkuchcinski.pl\/\"},{\"@type\":\"ListItem\",\"position\":2,\"name\":\"W\u0119gierscy parlamentarzy\u015bci oddaj\u0105 cze\u015b\u0107 Polakom walcz\u0105cym o wolno\u015b\u0107 i niepodleg\u0142o\u015b\u0107 Ojczyzny. Ustawa z okazji stulecia niepodleg\u0142o\u015bci\"}]},{\"@type\":\"WebSite\",\"@id\":\"https:\/\/marekkuchcinski.pl\/#website\",\"url\":\"https:\/\/marekkuchcinski.pl\/\",\"name\":\"Marek Kuchci\u0144ski\",\"description\":\"Pose\u0142 na sejm RP &ndash; okr\u0119g nr 22\",\"publisher\":{\"@id\":\"https:\/\/marekkuchcinski.pl\/#organization\"},\"potentialAction\":[{\"@type\":\"SearchAction\",\"target\":{\"@type\":\"EntryPoint\",\"urlTemplate\":\"https:\/\/marekkuchcinski.pl\/?s={search_term_string}\"},\"query-input\":{\"@type\":\"PropertyValueSpecification\",\"valueRequired\":true,\"valueName\":\"search_term_string\"}}],\"inLanguage\":\"en-GB\"},{\"@type\":\"Organization\",\"@id\":\"https:\/\/marekkuchcinski.pl\/#organization\",\"name\":\"Marek Kuchci\u0144ski\",\"url\":\"https:\/\/marekkuchcinski.pl\/\",\"logo\":{\"@type\":\"ImageObject\",\"inLanguage\":\"en-GB\",\"@id\":\"https:\/\/marekkuchcinski.pl\/#\/schema\/logo\/image\/\",\"url\":\"https:\/\/marekkuchcinski.pl\/wp-content\/uploads\/2022\/09\/Marek.jpg\",\"contentUrl\":\"https:\/\/marekkuchcinski.pl\/wp-content\/uploads\/2022\/09\/Marek.jpg\",\"width\":1600,\"height\":971,\"caption\":\"Marek Kuchci\u0144ski\"},\"image\":{\"@id\":\"https:\/\/marekkuchcinski.pl\/#\/schema\/logo\/image\/\"}},{\"@type\":\"Person\",\"@id\":\"https:\/\/marekkuchcinski.pl\/#\/schema\/person\/6f62700996b4d950b6ea2d1183b6c6be\",\"name\":\"admin\",\"image\":{\"@type\":\"ImageObject\",\"inLanguage\":\"en-GB\",\"@id\":\"https:\/\/marekkuchcinski.pl\/#\/schema\/person\/image\/\",\"url\":\"https:\/\/secure.gravatar.com\/avatar\/4bab693b9d55c3d6b52c0296a8765085?s=96&d=mm&r=g\",\"contentUrl\":\"https:\/\/secure.gravatar.com\/avatar\/4bab693b9d55c3d6b52c0296a8765085?s=96&d=mm&r=g\",\"caption\":\"admin\"},\"url\":\"https:\/\/marekkuchcinski.pl\/en\/author\/marta-olejnik\/\"}]}<\/script>\n<!-- \/ Yoast SEO plugin. -->","yoast_head_json":{"title":"W\u0119gierscy parlamentarzy\u015bci oddaj\u0105 cze\u015b\u0107 Polakom walcz\u0105cym o wolno\u015b\u0107 i niepodleg\u0142o\u015b\u0107 Ojczyzny. Ustawa z okazji stulecia niepodleg\u0142o\u015bci &#8211; Marek Kuchci\u0144ski","robots":{"index":"index","follow":"follow","max-snippet":"max-snippet:-1","max-image-preview":"max-image-preview:large","max-video-preview":"max-video-preview:-1"},"canonical":"https:\/\/marekkuchcinski.pl\/en\/wspolpraca-miedzynarodowa\/wegierscy-parlamentarzysci-oddaja-czesc-polakom-walczacym-o-wolnosc-niepodleglosc-ojczyzny-ustawa-okazji-stulecia-niepodleglosci\/","og_locale":"en_GB","og_type":"article","og_title":"W\u0119gierscy parlamentarzy\u015bci oddaj\u0105 cze\u015b\u0107 Polakom walcz\u0105cym o wolno\u015b\u0107 i niepodleg\u0142o\u015b\u0107 Ojczyzny. Ustawa z okazji stulecia niepodleg\u0142o\u015bci &#8211; Marek Kuchci\u0144ski","og_description":"&#8222;Zgromadzenie Narodowe pozdrawia \u015bwi\u0119tuj\u0105c\u0105 setn\u0105 rocznic\u0119 odzyskania niepodleg\u0142o\u015bci Polsk\u0119 i z szacunkiem chyli g\u0142ow\u0119 przed bohaterami polskiej wolno\u015bci&#8221; &#8211; g\u0142osi tre\u015b\u0107 ustawy przyj\u0119tej przez parlament W\u0119gier 12 grudnia z okazji stulecia odzyskania przez Polsk\u0119 niepodleg\u0142o\u015bci. Propozycj\u0119 uchwalenia ustawy przed\u0142o\u017cyli pos\u0142owie rz\u0105dz\u0105cych partii Fidesz i Chrze\u015bcija\u0144sko-Demokratycznej Partii Ludowej, w tym przewodnicz\u0105cy Parlamentu L\u00e1szl\u00f3 K\u00f6v\u00e9r. Ustawa zosta\u0142a [&hellip;]","og_url":"https:\/\/marekkuchcinski.pl\/en\/wspolpraca-miedzynarodowa\/wegierscy-parlamentarzysci-oddaja-czesc-polakom-walczacym-o-wolnosc-niepodleglosc-ojczyzny-ustawa-okazji-stulecia-niepodleglosci\/","og_site_name":"Marek Kuchci\u0144ski","article_published_time":"2018-12-15T09:18:02+00:00","og_image":[{"width":960,"height":540,"url":"https:\/\/marekkuchcinski.pl\/wp-content\/uploads\/2018\/12\/24068104_1732856176770697_607691462845244507_n.jpg","type":"image\/jpeg"}],"author":"admin","twitter_card":"summary_large_image","twitter_misc":{"Written by":"admin","Estimated reading time":"2 minutes"},"schema":{"@context":"https:\/\/schema.org","@graph":[{"@type":"Article","@id":"https:\/\/marekkuchcinski.pl\/uk\/wspolpraca-miedzynarodowa\/wegierscy-parlamentarzysci-oddaja-czesc-polakom-walczacym-o-wolnosc-niepodleglosc-ojczyzny-ustawa-okazji-stulecia-niepodleglosci\/#article","isPartOf":{"@id":"https:\/\/marekkuchcinski.pl\/uk\/wspolpraca-miedzynarodowa\/wegierscy-parlamentarzysci-oddaja-czesc-polakom-walczacym-o-wolnosc-niepodleglosc-ojczyzny-ustawa-okazji-stulecia-niepodleglosci\/"},"author":{"name":"admin","@id":"https:\/\/marekkuchcinski.pl\/#\/schema\/person\/6f62700996b4d950b6ea2d1183b6c6be"},"headline":"W\u0119gierscy parlamentarzy\u015bci oddaj\u0105 cze\u015b\u0107 Polakom walcz\u0105cym o wolno\u015b\u0107 i niepodleg\u0142o\u015b\u0107 Ojczyzny. Ustawa z okazji stulecia niepodleg\u0142o\u015bci","datePublished":"2018-12-15T09:18:02+00:00","mainEntityOfPage":{"@id":"https:\/\/marekkuchcinski.pl\/uk\/wspolpraca-miedzynarodowa\/wegierscy-parlamentarzysci-oddaja-czesc-polakom-walczacym-o-wolnosc-niepodleglosc-ojczyzny-ustawa-okazji-stulecia-niepodleglosci\/"},"wordCount":380,"commentCount":0,"publisher":{"@id":"https:\/\/marekkuchcinski.pl\/#organization"},"image":{"@id":"https:\/\/marekkuchcinski.pl\/uk\/wspolpraca-miedzynarodowa\/wegierscy-parlamentarzysci-oddaja-czesc-polakom-walczacym-o-wolnosc-niepodleglosc-ojczyzny-ustawa-okazji-stulecia-niepodleglosci\/#primaryimage"},"thumbnailUrl":"https:\/\/marekkuchcinski.pl\/wp-content\/uploads\/2018\/12\/24068104_1732856176770697_607691462845244507_n.jpg","articleSection":["Wsp\u00f3\u0142praca mi\u0119dzynarodowa"],"inLanguage":"en-GB","potentialAction":[{"@type":"CommentAction","name":"Comment","target":["https:\/\/marekkuchcinski.pl\/uk\/wspolpraca-miedzynarodowa\/wegierscy-parlamentarzysci-oddaja-czesc-polakom-walczacym-o-wolnosc-niepodleglosc-ojczyzny-ustawa-okazji-stulecia-niepodleglosci\/#respond"]}]},{"@type":"WebPage","@id":"https:\/\/marekkuchcinski.pl\/uk\/wspolpraca-miedzynarodowa\/wegierscy-parlamentarzysci-oddaja-czesc-polakom-walczacym-o-wolnosc-niepodleglosc-ojczyzny-ustawa-okazji-stulecia-niepodleglosci\/","url":"https:\/\/marekkuchcinski.pl\/uk\/wspolpraca-miedzynarodowa\/wegierscy-parlamentarzysci-oddaja-czesc-polakom-walczacym-o-wolnosc-niepodleglosc-ojczyzny-ustawa-okazji-stulecia-niepodleglosci\/","name":"W\u0119gierscy parlamentarzy\u015bci oddaj\u0105 cze\u015b\u0107 Polakom walcz\u0105cym o wolno\u015b\u0107 i niepodleg\u0142o\u015b\u0107 Ojczyzny. Ustawa z okazji stulecia niepodleg\u0142o\u015bci &#8211; Marek Kuchci\u0144ski","isPartOf":{"@id":"https:\/\/marekkuchcinski.pl\/#website"},"primaryImageOfPage":{"@id":"https:\/\/marekkuchcinski.pl\/uk\/wspolpraca-miedzynarodowa\/wegierscy-parlamentarzysci-oddaja-czesc-polakom-walczacym-o-wolnosc-niepodleglosc-ojczyzny-ustawa-okazji-stulecia-niepodleglosci\/#primaryimage"},"image":{"@id":"https:\/\/marekkuchcinski.pl\/uk\/wspolpraca-miedzynarodowa\/wegierscy-parlamentarzysci-oddaja-czesc-polakom-walczacym-o-wolnosc-niepodleglosc-ojczyzny-ustawa-okazji-stulecia-niepodleglosci\/#primaryimage"},"thumbnailUrl":"https:\/\/marekkuchcinski.pl\/wp-content\/uploads\/2018\/12\/24068104_1732856176770697_607691462845244507_n.jpg","datePublished":"2018-12-15T09:18:02+00:00","breadcrumb":{"@id":"https:\/\/marekkuchcinski.pl\/uk\/wspolpraca-miedzynarodowa\/wegierscy-parlamentarzysci-oddaja-czesc-polakom-walczacym-o-wolnosc-niepodleglosc-ojczyzny-ustawa-okazji-stulecia-niepodleglosci\/#breadcrumb"},"inLanguage":"en-GB","potentialAction":[{"@type":"ReadAction","target":["https:\/\/marekkuchcinski.pl\/uk\/wspolpraca-miedzynarodowa\/wegierscy-parlamentarzysci-oddaja-czesc-polakom-walczacym-o-wolnosc-niepodleglosc-ojczyzny-ustawa-okazji-stulecia-niepodleglosci\/"]}]},{"@type":"ImageObject","inLanguage":"en-GB","@id":"https:\/\/marekkuchcinski.pl\/uk\/wspolpraca-miedzynarodowa\/wegierscy-parlamentarzysci-oddaja-czesc-polakom-walczacym-o-wolnosc-niepodleglosc-ojczyzny-ustawa-okazji-stulecia-niepodleglosci\/#primaryimage","url":"https:\/\/marekkuchcinski.pl\/wp-content\/uploads\/2018\/12\/24068104_1732856176770697_607691462845244507_n.jpg","contentUrl":"https:\/\/marekkuchcinski.pl\/wp-content\/uploads\/2018\/12\/24068104_1732856176770697_607691462845244507_n.jpg","width":960,"height":540},{"@type":"BreadcrumbList","@id":"https:\/\/marekkuchcinski.pl\/uk\/wspolpraca-miedzynarodowa\/wegierscy-parlamentarzysci-oddaja-czesc-polakom-walczacym-o-wolnosc-niepodleglosc-ojczyzny-ustawa-okazji-stulecia-niepodleglosci\/#breadcrumb","itemListElement":[{"@type":"ListItem","position":1,"name":"Strona g\u0142\u00f3wna","item":"https:\/\/marekkuchcinski.pl\/"},{"@type":"ListItem","position":2,"name":"W\u0119gierscy parlamentarzy\u015bci oddaj\u0105 cze\u015b\u0107 Polakom walcz\u0105cym o wolno\u015b\u0107 i niepodleg\u0142o\u015b\u0107 Ojczyzny. Ustawa z okazji stulecia niepodleg\u0142o\u015bci"}]},{"@type":"WebSite","@id":"https:\/\/marekkuchcinski.pl\/#website","url":"https:\/\/marekkuchcinski.pl\/","name":"Marek Kuchci\u0144ski","description":"Pose\u0142 na sejm RP &ndash; okr\u0119g nr 22","publisher":{"@id":"https:\/\/marekkuchcinski.pl\/#organization"},"potentialAction":[{"@type":"SearchAction","target":{"@type":"EntryPoint","urlTemplate":"https:\/\/marekkuchcinski.pl\/?s={search_term_string}"},"query-input":{"@type":"PropertyValueSpecification","valueRequired":true,"valueName":"search_term_string"}}],"inLanguage":"en-GB"},{"@type":"Organization","@id":"https:\/\/marekkuchcinski.pl\/#organization","name":"Marek Kuchci\u0144ski","url":"https:\/\/marekkuchcinski.pl\/","logo":{"@type":"ImageObject","inLanguage":"en-GB","@id":"https:\/\/marekkuchcinski.pl\/#\/schema\/logo\/image\/","url":"https:\/\/marekkuchcinski.pl\/wp-content\/uploads\/2022\/09\/Marek.jpg","contentUrl":"https:\/\/marekkuchcinski.pl\/wp-content\/uploads\/2022\/09\/Marek.jpg","width":1600,"height":971,"caption":"Marek Kuchci\u0144ski"},"image":{"@id":"https:\/\/marekkuchcinski.pl\/#\/schema\/logo\/image\/"}},{"@type":"Person","@id":"https:\/\/marekkuchcinski.pl\/#\/schema\/person\/6f62700996b4d950b6ea2d1183b6c6be","name":"admin","image":{"@type":"ImageObject","inLanguage":"en-GB","@id":"https:\/\/marekkuchcinski.pl\/#\/schema\/person\/image\/","url":"https:\/\/secure.gravatar.com\/avatar\/4bab693b9d55c3d6b52c0296a8765085?s=96&d=mm&r=g","contentUrl":"https:\/\/secure.gravatar.com\/avatar\/4bab693b9d55c3d6b52c0296a8765085?s=96&d=mm&r=g","caption":"admin"},"url":"https:\/\/marekkuchcinski.pl\/en\/author\/marta-olejnik\/"}]}},"_links":{"self":[{"href":"https:\/\/marekkuchcinski.pl\/en\/wp-json\/wp\/v2\/posts\/11866","targetHints":{"allow":["GET"]}}],"collection":[{"href":"https:\/\/marekkuchcinski.pl\/en\/wp-json\/wp\/v2\/posts"}],"about":[{"href":"https:\/\/marekkuchcinski.pl\/en\/wp-json\/wp\/v2\/types\/post"}],"author":[{"embeddable":true,"href":"https:\/\/marekkuchcinski.pl\/en\/wp-json\/wp\/v2\/users\/6"}],"replies":[{"embeddable":true,"href":"https:\/\/marekkuchcinski.pl\/en\/wp-json\/wp\/v2\/comments?post=11866"}],"version-history":[{"count":1,"href":"https:\/\/marekkuchcinski.pl\/en\/wp-json\/wp\/v2\/posts\/11866\/revisions"}],"predecessor-version":[{"id":11868,"href":"https:\/\/marekkuchcinski.pl\/en\/wp-json\/wp\/v2\/posts\/11866\/revisions\/11868"}],"wp:featuredmedia":[{"embeddable":true,"href":"https:\/\/marekkuchcinski.pl\/en\/wp-json\/wp\/v2\/media\/11867"}],"wp:attachment":[{"href":"https:\/\/marekkuchcinski.pl\/en\/wp-json\/wp\/v2\/media?parent=11866"}],"wp:term":[{"taxonomy":"category","embeddable":true,"href":"https:\/\/marekkuchcinski.pl\/en\/wp-json\/wp\/v2\/categories?post=11866"},{"taxonomy":"post_tag","embeddable":true,"href":"https:\/\/marekkuchcinski.pl\/en\/wp-json\/wp\/v2\/tags?post=11866"}],"curies":[{"name":"wp","href":"https:\/\/api.w.org\/{rel}","templated":true}]}}