{"id":11821,"date":"2018-12-13T12:32:55","date_gmt":"2018-12-13T11:32:55","guid":{"rendered":"https:\/\/marekkuchcinski.pl\/?p=11821"},"modified":"2018-12-13T12:32:55","modified_gmt":"2018-12-13T11:32:55","slug":"13-grudnia-1981-roku-wprowadzono-polsce-stan-wojenny","status":"publish","type":"post","link":"https:\/\/marekkuchcinski.pl\/en\/wazne-daty\/13-grudnia-1981-roku-wprowadzono-polsce-stan-wojenny\/","title":{"rendered":"On December 13, 1981 martial law was imposed in Poland"},"content":{"rendered":"<p>On the night of December 12-13, 1981, the regime of General Wojciech Jaruzelski imposed martial law in Poland. The Military Council of National Salvation sent tanks into the streets together with units of the army, Citizen's Militia, ZOMO, ORMO and SB officers.<\/p>\n<p>The Communist authorities wanted to destroy the free spirit of the Polish Nation. Over 100 deaths, almost 10,000 internees, thousands of Poles harassed, persecuted, thrown out of work, and forced to emigrate - the final balance of this national tragedy will certainly never be definitively determined. The victims of the pacification of the Wujek mine, of the suppression of demonstrations in Gda\u00f1sk, Kielce, Krak\u00f3w, Lubin, Nowa Huta, Pozna\u00f1, Warsaw, Wroc\u00b3aw and other places where Poles did not agree to be deprived of freedom - are still waiting for a just reckoning of the crimes of martial law.<\/p>\n<p>The Sejm of the Republic of Poland pays tribute to the victims of martial law and all those who resisted the communist dictatorship,\" reads a resolution passed by the Sejm on December 12.<\/p>\n<p><em>Photo by M. Olejnik<\/em><\/p>\n<p><a href=\"https:\/\/marekkuchcinski.pl\/wp-content\/uploads\/2018\/12\/13-grudnia-1.jpg\"><img fetchpriority=\"high\" decoding=\"async\" class=\"alignnone  wp-image-11824\" src=\"https:\/\/marekkuchcinski.pl\/wp-content\/uploads\/2018\/12\/13-grudnia-1.jpg\" alt=\"13 grudnia\" width=\"1062\" height=\"736\" srcset=\"https:\/\/marekkuchcinski.pl\/wp-content\/uploads\/2018\/12\/13-grudnia-1.jpg 593w, https:\/\/marekkuchcinski.pl\/wp-content\/uploads\/2018\/12\/13-grudnia-1-300x208.jpg 300w\" sizes=\"(max-width: 1062px) 100vw, 1062px\" \/><\/a><\/p>\n<p>December 13, 2017: PiS parliamentarians gathered to commemorate the anniversary of martial law<\/p>","protected":false},"excerpt":{"rendered":"<p>W nocy z 12 na 13 grudnia 1981 roku re\u017cim gen. Wojciecha Jaruzelskiego wprowadzi\u0142 w Polsce stan wojenny. Wojskowa Rada Ocalenia Narodowego wys\u0142a\u0142a na ulice czo\u0142gi wraz z jednostkami wojska, Milicji Obywatelskiej, ZOMO, ORMO oraz funkcjonariuszy SB. Komunistyczna w\u0142adza chcia\u0142a zniszczy\u0107 wolno\u015bciowego ducha Narodu Polskiego. Ponad 100 ofiar \u015bmiertelnych, prawie 10 tysi\u0119cy os\u00f3b internowanych, tysi\u0105ce [&hellip;]<\/p>","protected":false},"author":6,"featured_media":11824,"comment_status":"open","ping_status":"open","sticky":false,"template":"","format":"standard","meta":{"ngg_post_thumbnail":0,"footnotes":""},"categories":[77,3],"tags":[],"class_list":["post-11821","post","type-post","status-publish","format-standard","has-post-thumbnail","hentry","category-wazne-daty","category-wydarzenia"],"yoast_head":"<!-- This site is optimized with the Yoast SEO plugin v24.7 - https:\/\/yoast.com\/wordpress\/plugins\/seo\/ -->\n<title>13 grudnia 1981 roku wprowadzono w Polsce stan wojenny &#8211; Marek Kuchci\u0144ski<\/title>\n<meta name=\"robots\" content=\"index, follow, max-snippet:-1, max-image-preview:large, max-video-preview:-1\" \/>\n<link rel=\"canonical\" href=\"https:\/\/marekkuchcinski.pl\/en\/wazne-daty\/13-grudnia-1981-roku-wprowadzono-polsce-stan-wojenny\/\" \/>\n<meta property=\"og:locale\" content=\"en_GB\" \/>\n<meta property=\"og:type\" content=\"article\" \/>\n<meta property=\"og:title\" content=\"13 grudnia 1981 roku wprowadzono w Polsce stan wojenny &#8211; Marek Kuchci\u0144ski\" \/>\n<meta property=\"og:description\" content=\"W nocy z 12 na 13 grudnia 1981 roku re\u017cim gen. Wojciecha Jaruzelskiego wprowadzi\u0142 w Polsce stan wojenny. Wojskowa Rada Ocalenia Narodowego wys\u0142a\u0142a na ulice czo\u0142gi wraz z jednostkami wojska, Milicji Obywatelskiej, ZOMO, ORMO oraz funkcjonariuszy SB. Komunistyczna w\u0142adza chcia\u0142a zniszczy\u0107 wolno\u015bciowego ducha Narodu Polskiego. Ponad 100 ofiar \u015bmiertelnych, prawie 10 tysi\u0119cy os\u00f3b internowanych, tysi\u0105ce [&hellip;]\" \/>\n<meta property=\"og:url\" content=\"https:\/\/marekkuchcinski.pl\/en\/wazne-daty\/13-grudnia-1981-roku-wprowadzono-polsce-stan-wojenny\/\" \/>\n<meta property=\"og:site_name\" content=\"Marek Kuchci\u0144ski\" \/>\n<meta property=\"article:published_time\" content=\"2018-12-13T11:32:55+00:00\" \/>\n<meta property=\"og:image\" content=\"https:\/\/marekkuchcinski.pl\/wp-content\/uploads\/2018\/12\/13-grudnia-1.jpg\" \/>\n\t<meta property=\"og:image:width\" content=\"593\" \/>\n\t<meta property=\"og:image:height\" content=\"411\" \/>\n\t<meta property=\"og:image:type\" content=\"image\/jpeg\" \/>\n<meta name=\"author\" content=\"admin\" \/>\n<meta name=\"twitter:card\" content=\"summary_large_image\" \/>\n<meta name=\"twitter:label1\" content=\"Written by\" \/>\n\t<meta name=\"twitter:data1\" content=\"admin\" \/>\n\t<meta name=\"twitter:label2\" content=\"Estimated reading time\" \/>\n\t<meta name=\"twitter:data2\" content=\"1 minute\" \/>\n<script type=\"application\/ld+json\" class=\"yoast-schema-graph\">{\"@context\":\"https:\/\/schema.org\",\"@graph\":[{\"@type\":\"Article\",\"@id\":\"https:\/\/marekkuchcinski.pl\/en\/wazne-daty\/13-grudnia-1981-roku-wprowadzono-polsce-stan-wojenny\/#article\",\"isPartOf\":{\"@id\":\"https:\/\/marekkuchcinski.pl\/en\/wazne-daty\/13-grudnia-1981-roku-wprowadzono-polsce-stan-wojenny\/\"},\"author\":{\"name\":\"admin\",\"@id\":\"https:\/\/marekkuchcinski.pl\/#\/schema\/person\/6f62700996b4d950b6ea2d1183b6c6be\"},\"headline\":\"13 grudnia 1981 roku wprowadzono w Polsce stan wojenny\",\"datePublished\":\"2018-12-13T11:32:55+00:00\",\"mainEntityOfPage\":{\"@id\":\"https:\/\/marekkuchcinski.pl\/en\/wazne-daty\/13-grudnia-1981-roku-wprowadzono-polsce-stan-wojenny\/\"},\"wordCount\":183,\"commentCount\":0,\"publisher\":{\"@id\":\"https:\/\/marekkuchcinski.pl\/#organization\"},\"image\":{\"@id\":\"https:\/\/marekkuchcinski.pl\/en\/wazne-daty\/13-grudnia-1981-roku-wprowadzono-polsce-stan-wojenny\/#primaryimage\"},\"thumbnailUrl\":\"https:\/\/marekkuchcinski.pl\/wp-content\/uploads\/2018\/12\/13-grudnia-1.jpg\",\"articleSection\":[\"Wa\u017cne daty\",\"Wydarzenia\"],\"inLanguage\":\"en-GB\",\"potentialAction\":[{\"@type\":\"CommentAction\",\"name\":\"Comment\",\"target\":[\"https:\/\/marekkuchcinski.pl\/en\/wazne-daty\/13-grudnia-1981-roku-wprowadzono-polsce-stan-wojenny\/#respond\"]}]},{\"@type\":\"WebPage\",\"@id\":\"https:\/\/marekkuchcinski.pl\/en\/wazne-daty\/13-grudnia-1981-roku-wprowadzono-polsce-stan-wojenny\/\",\"url\":\"https:\/\/marekkuchcinski.pl\/en\/wazne-daty\/13-grudnia-1981-roku-wprowadzono-polsce-stan-wojenny\/\",\"name\":\"13 grudnia 1981 roku wprowadzono w Polsce stan wojenny &#8211; Marek Kuchci\u0144ski\",\"isPartOf\":{\"@id\":\"https:\/\/marekkuchcinski.pl\/#website\"},\"primaryImageOfPage\":{\"@id\":\"https:\/\/marekkuchcinski.pl\/en\/wazne-daty\/13-grudnia-1981-roku-wprowadzono-polsce-stan-wojenny\/#primaryimage\"},\"image\":{\"@id\":\"https:\/\/marekkuchcinski.pl\/en\/wazne-daty\/13-grudnia-1981-roku-wprowadzono-polsce-stan-wojenny\/#primaryimage\"},\"thumbnailUrl\":\"https:\/\/marekkuchcinski.pl\/wp-content\/uploads\/2018\/12\/13-grudnia-1.jpg\",\"datePublished\":\"2018-12-13T11:32:55+00:00\",\"breadcrumb\":{\"@id\":\"https:\/\/marekkuchcinski.pl\/en\/wazne-daty\/13-grudnia-1981-roku-wprowadzono-polsce-stan-wojenny\/#breadcrumb\"},\"inLanguage\":\"en-GB\",\"potentialAction\":[{\"@type\":\"ReadAction\",\"target\":[\"https:\/\/marekkuchcinski.pl\/en\/wazne-daty\/13-grudnia-1981-roku-wprowadzono-polsce-stan-wojenny\/\"]}]},{\"@type\":\"ImageObject\",\"inLanguage\":\"en-GB\",\"@id\":\"https:\/\/marekkuchcinski.pl\/en\/wazne-daty\/13-grudnia-1981-roku-wprowadzono-polsce-stan-wojenny\/#primaryimage\",\"url\":\"https:\/\/marekkuchcinski.pl\/wp-content\/uploads\/2018\/12\/13-grudnia-1.jpg\",\"contentUrl\":\"https:\/\/marekkuchcinski.pl\/wp-content\/uploads\/2018\/12\/13-grudnia-1.jpg\",\"width\":593,\"height\":411},{\"@type\":\"BreadcrumbList\",\"@id\":\"https:\/\/marekkuchcinski.pl\/en\/wazne-daty\/13-grudnia-1981-roku-wprowadzono-polsce-stan-wojenny\/#breadcrumb\",\"itemListElement\":[{\"@type\":\"ListItem\",\"position\":1,\"name\":\"Strona g\u0142\u00f3wna\",\"item\":\"https:\/\/marekkuchcinski.pl\/\"},{\"@type\":\"ListItem\",\"position\":2,\"name\":\"13 grudnia 1981 roku wprowadzono w Polsce stan wojenny\"}]},{\"@type\":\"WebSite\",\"@id\":\"https:\/\/marekkuchcinski.pl\/#website\",\"url\":\"https:\/\/marekkuchcinski.pl\/\",\"name\":\"Marek Kuchci\u0144ski\",\"description\":\"Pose\u0142 na sejm RP &ndash; okr\u0119g nr 22\",\"publisher\":{\"@id\":\"https:\/\/marekkuchcinski.pl\/#organization\"},\"potentialAction\":[{\"@type\":\"SearchAction\",\"target\":{\"@type\":\"EntryPoint\",\"urlTemplate\":\"https:\/\/marekkuchcinski.pl\/?s={search_term_string}\"},\"query-input\":{\"@type\":\"PropertyValueSpecification\",\"valueRequired\":true,\"valueName\":\"search_term_string\"}}],\"inLanguage\":\"en-GB\"},{\"@type\":\"Organization\",\"@id\":\"https:\/\/marekkuchcinski.pl\/#organization\",\"name\":\"Marek Kuchci\u0144ski\",\"url\":\"https:\/\/marekkuchcinski.pl\/\",\"logo\":{\"@type\":\"ImageObject\",\"inLanguage\":\"en-GB\",\"@id\":\"https:\/\/marekkuchcinski.pl\/#\/schema\/logo\/image\/\",\"url\":\"https:\/\/marekkuchcinski.pl\/wp-content\/uploads\/2022\/09\/Marek.jpg\",\"contentUrl\":\"https:\/\/marekkuchcinski.pl\/wp-content\/uploads\/2022\/09\/Marek.jpg\",\"width\":1600,\"height\":971,\"caption\":\"Marek Kuchci\u0144ski\"},\"image\":{\"@id\":\"https:\/\/marekkuchcinski.pl\/#\/schema\/logo\/image\/\"}},{\"@type\":\"Person\",\"@id\":\"https:\/\/marekkuchcinski.pl\/#\/schema\/person\/6f62700996b4d950b6ea2d1183b6c6be\",\"name\":\"admin\",\"image\":{\"@type\":\"ImageObject\",\"inLanguage\":\"en-GB\",\"@id\":\"https:\/\/marekkuchcinski.pl\/#\/schema\/person\/image\/\",\"url\":\"https:\/\/secure.gravatar.com\/avatar\/4bab693b9d55c3d6b52c0296a8765085?s=96&d=mm&r=g\",\"contentUrl\":\"https:\/\/secure.gravatar.com\/avatar\/4bab693b9d55c3d6b52c0296a8765085?s=96&d=mm&r=g\",\"caption\":\"admin\"},\"url\":\"https:\/\/marekkuchcinski.pl\/en\/author\/marta-olejnik\/\"}]}<\/script>\n<!-- \/ Yoast SEO plugin. -->","yoast_head_json":{"title":"13 grudnia 1981 roku wprowadzono w Polsce stan wojenny &#8211; Marek Kuchci\u0144ski","robots":{"index":"index","follow":"follow","max-snippet":"max-snippet:-1","max-image-preview":"max-image-preview:large","max-video-preview":"max-video-preview:-1"},"canonical":"https:\/\/marekkuchcinski.pl\/en\/wazne-daty\/13-grudnia-1981-roku-wprowadzono-polsce-stan-wojenny\/","og_locale":"en_GB","og_type":"article","og_title":"13 grudnia 1981 roku wprowadzono w Polsce stan wojenny &#8211; Marek Kuchci\u0144ski","og_description":"W nocy z 12 na 13 grudnia 1981 roku re\u017cim gen. Wojciecha Jaruzelskiego wprowadzi\u0142 w Polsce stan wojenny. Wojskowa Rada Ocalenia Narodowego wys\u0142a\u0142a na ulice czo\u0142gi wraz z jednostkami wojska, Milicji Obywatelskiej, ZOMO, ORMO oraz funkcjonariuszy SB. Komunistyczna w\u0142adza chcia\u0142a zniszczy\u0107 wolno\u015bciowego ducha Narodu Polskiego. Ponad 100 ofiar \u015bmiertelnych, prawie 10 tysi\u0119cy os\u00f3b internowanych, tysi\u0105ce [&hellip;]","og_url":"https:\/\/marekkuchcinski.pl\/en\/wazne-daty\/13-grudnia-1981-roku-wprowadzono-polsce-stan-wojenny\/","og_site_name":"Marek Kuchci\u0144ski","article_published_time":"2018-12-13T11:32:55+00:00","og_image":[{"width":593,"height":411,"url":"https:\/\/marekkuchcinski.pl\/wp-content\/uploads\/2018\/12\/13-grudnia-1.jpg","type":"image\/jpeg"}],"author":"admin","twitter_card":"summary_large_image","twitter_misc":{"Written by":"admin","Estimated reading time":"1 minute"},"schema":{"@context":"https:\/\/schema.org","@graph":[{"@type":"Article","@id":"https:\/\/marekkuchcinski.pl\/en\/wazne-daty\/13-grudnia-1981-roku-wprowadzono-polsce-stan-wojenny\/#article","isPartOf":{"@id":"https:\/\/marekkuchcinski.pl\/en\/wazne-daty\/13-grudnia-1981-roku-wprowadzono-polsce-stan-wojenny\/"},"author":{"name":"admin","@id":"https:\/\/marekkuchcinski.pl\/#\/schema\/person\/6f62700996b4d950b6ea2d1183b6c6be"},"headline":"13 grudnia 1981 roku wprowadzono w Polsce stan wojenny","datePublished":"2018-12-13T11:32:55+00:00","mainEntityOfPage":{"@id":"https:\/\/marekkuchcinski.pl\/en\/wazne-daty\/13-grudnia-1981-roku-wprowadzono-polsce-stan-wojenny\/"},"wordCount":183,"commentCount":0,"publisher":{"@id":"https:\/\/marekkuchcinski.pl\/#organization"},"image":{"@id":"https:\/\/marekkuchcinski.pl\/en\/wazne-daty\/13-grudnia-1981-roku-wprowadzono-polsce-stan-wojenny\/#primaryimage"},"thumbnailUrl":"https:\/\/marekkuchcinski.pl\/wp-content\/uploads\/2018\/12\/13-grudnia-1.jpg","articleSection":["Wa\u017cne daty","Wydarzenia"],"inLanguage":"en-GB","potentialAction":[{"@type":"CommentAction","name":"Comment","target":["https:\/\/marekkuchcinski.pl\/en\/wazne-daty\/13-grudnia-1981-roku-wprowadzono-polsce-stan-wojenny\/#respond"]}]},{"@type":"WebPage","@id":"https:\/\/marekkuchcinski.pl\/en\/wazne-daty\/13-grudnia-1981-roku-wprowadzono-polsce-stan-wojenny\/","url":"https:\/\/marekkuchcinski.pl\/en\/wazne-daty\/13-grudnia-1981-roku-wprowadzono-polsce-stan-wojenny\/","name":"13 grudnia 1981 roku wprowadzono w Polsce stan wojenny &#8211; Marek Kuchci\u0144ski","isPartOf":{"@id":"https:\/\/marekkuchcinski.pl\/#website"},"primaryImageOfPage":{"@id":"https:\/\/marekkuchcinski.pl\/en\/wazne-daty\/13-grudnia-1981-roku-wprowadzono-polsce-stan-wojenny\/#primaryimage"},"image":{"@id":"https:\/\/marekkuchcinski.pl\/en\/wazne-daty\/13-grudnia-1981-roku-wprowadzono-polsce-stan-wojenny\/#primaryimage"},"thumbnailUrl":"https:\/\/marekkuchcinski.pl\/wp-content\/uploads\/2018\/12\/13-grudnia-1.jpg","datePublished":"2018-12-13T11:32:55+00:00","breadcrumb":{"@id":"https:\/\/marekkuchcinski.pl\/en\/wazne-daty\/13-grudnia-1981-roku-wprowadzono-polsce-stan-wojenny\/#breadcrumb"},"inLanguage":"en-GB","potentialAction":[{"@type":"ReadAction","target":["https:\/\/marekkuchcinski.pl\/en\/wazne-daty\/13-grudnia-1981-roku-wprowadzono-polsce-stan-wojenny\/"]}]},{"@type":"ImageObject","inLanguage":"en-GB","@id":"https:\/\/marekkuchcinski.pl\/en\/wazne-daty\/13-grudnia-1981-roku-wprowadzono-polsce-stan-wojenny\/#primaryimage","url":"https:\/\/marekkuchcinski.pl\/wp-content\/uploads\/2018\/12\/13-grudnia-1.jpg","contentUrl":"https:\/\/marekkuchcinski.pl\/wp-content\/uploads\/2018\/12\/13-grudnia-1.jpg","width":593,"height":411},{"@type":"BreadcrumbList","@id":"https:\/\/marekkuchcinski.pl\/en\/wazne-daty\/13-grudnia-1981-roku-wprowadzono-polsce-stan-wojenny\/#breadcrumb","itemListElement":[{"@type":"ListItem","position":1,"name":"Strona g\u0142\u00f3wna","item":"https:\/\/marekkuchcinski.pl\/"},{"@type":"ListItem","position":2,"name":"13 grudnia 1981 roku wprowadzono w Polsce stan wojenny"}]},{"@type":"WebSite","@id":"https:\/\/marekkuchcinski.pl\/#website","url":"https:\/\/marekkuchcinski.pl\/","name":"Marek Kuchci\u0144ski","description":"Pose\u0142 na sejm RP &ndash; okr\u0119g nr 22","publisher":{"@id":"https:\/\/marekkuchcinski.pl\/#organization"},"potentialAction":[{"@type":"SearchAction","target":{"@type":"EntryPoint","urlTemplate":"https:\/\/marekkuchcinski.pl\/?s={search_term_string}"},"query-input":{"@type":"PropertyValueSpecification","valueRequired":true,"valueName":"search_term_string"}}],"inLanguage":"en-GB"},{"@type":"Organization","@id":"https:\/\/marekkuchcinski.pl\/#organization","name":"Marek Kuchci\u0144ski","url":"https:\/\/marekkuchcinski.pl\/","logo":{"@type":"ImageObject","inLanguage":"en-GB","@id":"https:\/\/marekkuchcinski.pl\/#\/schema\/logo\/image\/","url":"https:\/\/marekkuchcinski.pl\/wp-content\/uploads\/2022\/09\/Marek.jpg","contentUrl":"https:\/\/marekkuchcinski.pl\/wp-content\/uploads\/2022\/09\/Marek.jpg","width":1600,"height":971,"caption":"Marek Kuchci\u0144ski"},"image":{"@id":"https:\/\/marekkuchcinski.pl\/#\/schema\/logo\/image\/"}},{"@type":"Person","@id":"https:\/\/marekkuchcinski.pl\/#\/schema\/person\/6f62700996b4d950b6ea2d1183b6c6be","name":"admin","image":{"@type":"ImageObject","inLanguage":"en-GB","@id":"https:\/\/marekkuchcinski.pl\/#\/schema\/person\/image\/","url":"https:\/\/secure.gravatar.com\/avatar\/4bab693b9d55c3d6b52c0296a8765085?s=96&d=mm&r=g","contentUrl":"https:\/\/secure.gravatar.com\/avatar\/4bab693b9d55c3d6b52c0296a8765085?s=96&d=mm&r=g","caption":"admin"},"url":"https:\/\/marekkuchcinski.pl\/en\/author\/marta-olejnik\/"}]}},"_links":{"self":[{"href":"https:\/\/marekkuchcinski.pl\/en\/wp-json\/wp\/v2\/posts\/11821","targetHints":{"allow":["GET"]}}],"collection":[{"href":"https:\/\/marekkuchcinski.pl\/en\/wp-json\/wp\/v2\/posts"}],"about":[{"href":"https:\/\/marekkuchcinski.pl\/en\/wp-json\/wp\/v2\/types\/post"}],"author":[{"embeddable":true,"href":"https:\/\/marekkuchcinski.pl\/en\/wp-json\/wp\/v2\/users\/6"}],"replies":[{"embeddable":true,"href":"https:\/\/marekkuchcinski.pl\/en\/wp-json\/wp\/v2\/comments?post=11821"}],"version-history":[{"count":2,"href":"https:\/\/marekkuchcinski.pl\/en\/wp-json\/wp\/v2\/posts\/11821\/revisions"}],"predecessor-version":[{"id":11825,"href":"https:\/\/marekkuchcinski.pl\/en\/wp-json\/wp\/v2\/posts\/11821\/revisions\/11825"}],"wp:featuredmedia":[{"embeddable":true,"href":"https:\/\/marekkuchcinski.pl\/en\/wp-json\/wp\/v2\/media\/11824"}],"wp:attachment":[{"href":"https:\/\/marekkuchcinski.pl\/en\/wp-json\/wp\/v2\/media?parent=11821"}],"wp:term":[{"taxonomy":"category","embeddable":true,"href":"https:\/\/marekkuchcinski.pl\/en\/wp-json\/wp\/v2\/categories?post=11821"},{"taxonomy":"post_tag","embeddable":true,"href":"https:\/\/marekkuchcinski.pl\/en\/wp-json\/wp\/v2\/tags?post=11821"}],"curies":[{"name":"wp","href":"https:\/\/api.w.org\/{rel}","templated":true}]}}