{"id":11688,"date":"2018-12-10T17:17:57","date_gmt":"2018-12-10T16:17:57","guid":{"rendered":"https:\/\/marekkuchcinski.pl\/?p=11688"},"modified":"2018-12-12T11:29:12","modified_gmt":"2018-12-12T10:29:12","slug":"twierdza-przemysl-zespol-staromiejski-przemyslu-wpisane-liste-pomnikow-historii","status":"publish","type":"post","link":"https:\/\/marekkuchcinski.pl\/en\/wydarzenia\/twierdza-przemysl-zespol-staromiejski-przemyslu-wpisane-liste-pomnikow-historii\/","title":{"rendered":"Przemy\u015bl Fortress and the Old Town Complex of Przemy\u015bl entered on the list of Monuments of History"},"content":{"rendered":"<p><strong>- For 100 years of independence we have 105 Monuments of History, testimonies of the history of our land, testimonies of the history of Poland - said President Andrzej Duda, who established 14 new Monuments of History. Among them are the Przemy\u015bl Fortress and the Old Town complex in Przemy\u015bl.<\/strong><\/p>\n<p><strong>JUSTIFICATION:<\/strong><\/p>\n<div align=\"justify\"><strong>Old Town Complex in Przemysl<\/strong> is an example of an urban-architectural complex of great historical value, in which the building structure of successive epochs layered harmoniously, leaving valuable objects of architecture and fine arts. According to J. D\u0142ugosz the beginnings of the town of Przemy\u015bl date back to the 7th century. According to J D\u0142ugosz, the origins of the town of Przemy\u015bl can be traced back to the 7th century, and a significant development of the settlement occurred in the 11th century when it became the administrative center of the state of Boles\u0142aw Chrobry, then the capital of the Duchy of Halicz-W\u0142odzimierz, a royal town, an important center of the Republic of Poland (mid-14th-18th centuries) and the capital of the Przemyska Land, as well as the seat of two bishoprics: Catholic and Orthodox. A fortified town existed on Castle Hill, within which pre-Romanesque buildings were located: the palace and rotunda (preserved today in the form of relics).<\/div>\n<div align=\"justify\"><\/div>\n<div align=\"justify\">The old town complex has to a large extent preserved its spatial layout (finally shaped by the middle of the 17th century), exceptionally numerous, high class sacral monuments of gothic and modern architecture and valuable monuments of secular 19th century architecture. Fragmentary surviving modern defensive walls define the territorial range of the historic city, additionally strengthened by castle fortifications and enclaved monasteries: Discalced Carmelites, Reformati and Benedictines, located at the bridge crossing in Zasanie. The spatial layout of the old town complex consists of a slightly transformed market square (one frontage was demolished) and the surrounding blocks of buildings that used to be connected with various religious centers (Jewish, Ruthenian and Latin districts) together with the road network, which, like the whole town, was significantly changed in 1854-1914 during the construction of the internal and external fortifications of the Przemy\u015bl Fortress.<\/div>\n<div align=\"justify\"><\/div>\n<div align=\"justify\">Specificity and uniqueness of the Old Town in Przemy\u015bl is determined by historical buildings, connected with the landscape, among others with the massif of the Zniesienie Hill and the Tatar Mound. They include, apart from the monastery complexes mentioned above: the St. John the Baptist Archcathedral as well as the Church of the Holy Cross. They include, apart from the aforementioned monastery complexes, the Cathedral of St. John the Baptist as an urban dominant, the Carmelite Convent complex and the Franciscan Convent complex, a number of tenement houses (the oldest ones date back to the 16th and the first half of the 17th century) and many others. They create a unique, picturesque panorama of the city, admired in almost unchanged form for 250 years.<\/div>\n<div align=\"justify\"><\/div>\n<div align=\"justify\">The old town complex formed over the centuries together with numerous monuments of sacral architecture, especially baroque churches and church and monastery churches, equipped with works of art, including a number of late-baroque woodcarving of the Lviv circle, as well as classicist and eclectic-secession townhouses of the nineteenth and twentieth centuries, creates a coherent urban composition.  This ensemble, due to its geographical location - at the meeting point of cultures, is also a testimony of multicultural and multi-religious character of the city community.<\/div>\n<p>&nbsp;<\/p>\n<p><strong>Przemy\u015bl Fortress<\/strong> is considered one of the largest European fortresses of World War I. Its large-scale composition and landscape has been preserved to this day, as well as its individual elements forming three rings of permanent fortifications, relics of field fortifications, the system of fortress roads and numerous facilities such as military barracks, the former garrison hospital and headquarters. The whole complex creates a historic fortified landscape around Przemy\u015bl with a system of camouflage greenery, combined with the picturesque natural landscape of the Przemyskie Foothills and the San and Wiar valley.<\/p>\n<p>The fortress of Przemy\u015bl was built in stages, from 1854 until the outbreak of WWI. Its construction was determined by important historical events, connected with the Crimean War, in which Austria took an unfavorable stance towards Russia. The individual stages of the fortress construction followed the development of the architecture militaris, whose model was the Austro-Hungarian school of fortifications. The defensive works created within the framework of this school were among the most modern in Europe. Unlike other systems of that time, they were characterized by a great variety of forms and types of individual objects, depending on the terrain. Another feature testifying to the modernity of the Przemysl fortifications was the large-scale use of armoured positions: revolving towers armed with cannons, mortars and howitzers, observation towers and permanent gun emplacements hidden in the casemates of traditors and caponiers behind armoured plates. The forts in Przemy\u015bl were equipped with six Senkpanzer-type, fast-moving armored towers with 8cm rapid-fire cannons, which were the most modern defensive installations in the world at that time. Four positions of these towers have survived to this day in the fort XI \"Du\u0144kowiczki\".<\/p>\n<p>The creators of the fortress's defensive works were graduates of the Academy of Military Engineering in Vienna: Daniel von Salis Soglio, Anton Werner, Moritz Josef von Brunner, Polish engineer Julian von Roszkowski (who served as commandant of the fortress from 1890 to 1897), and Hermann Kusmanek von Burgneust\u00e4dten, the last commandant, who commanded the defense of the fortress during two sieges.<\/p>\n<div align=\"justify\">\u00a0During World War I the fortress survived three sieges. In the first one Russians unsuccessfully tried to take it by storm, suffering colossal losses. In the next one the fortress was blockaded by the Russians but their attempts to break through failed. The hard winter of 1915, exhaustion of the crew by hunger and diseases made the last commandant decide to surrender the fortress. Before the surrender the most important defensive elements of forts and ammunition storages were blown up and the armament was destroyed. During the third siege in May 1915, after a violent assault, the whole Przemy\u015bl Fortress was taken from the Russian hands.<\/div>\n<div align=\"justify\"><\/div>\n<div align=\"justify\">The fortified landscape of the Przemy\u015bl Fortress and individual fortress facilities constitute today's material evidence of the battles fought at the beginning of the Great War - in 1914-1915. These are primarily war cemeteries, the two largest and most monumental of which are located within the inner ring of the fortifications. Thousands of soldiers of many nationalities who died during the three sieges of the fortress were buried there. Individual forts and field fortifications bear traces of heavy artillery fire and blowing up before the surrender in the second siege.<\/div>\n<div align=\"justify\"><strong>National Heritage Institute<\/strong><\/div>\n<p><strong>Przemy\u015bl fortification complexes also have a chance to join the prestigious UNESCO World Heritage List:<\/strong><\/p>\n<blockquote class=\"wp-embedded-content\" data-secret=\"9Q7sDRIfDk\"><p><a href=\"https:\/\/marekkuchcinski.pl\/en\/podkarpacie\/list-marszalka-sejmu-ministra-kidn-ws-wpisania-fortyfikacji-liste-unesco\/\">Fortifications and war cemeteries can join UNESCO treasures<\/a><\/p><\/blockquote>\n<p><iframe class=\"wp-embedded-content\" sandbox=\"allow-scripts\" security=\"restricted\" style=\"position: absolute; clip: rect(1px, 1px, 1px, 1px);\" title=\"&quot;Fortifications and war cemeteries can join UNESCO treasures&quot; - Marek Kuchcinski\" src=\"https:\/\/marekkuchcinski.pl\/podkarpacie\/list-marszalka-sejmu-ministra-kidn-ws-wpisania-fortyfikacji-liste-unesco\/embed\/#?secret=9Q7sDRIfDk\" data-secret=\"9Q7sDRIfDk\" width=\"600\" height=\"338\" frameborder=\"0\" marginwidth=\"0\" marginheight=\"0\" scrolling=\"no\"><\/iframe><\/p>\n<p><strong>Deputy Prime Minister Gli\u0144ski: There will be two Monuments of History in Przemy\u015bl - the fortress and the Old Town: <a href=\"http:\/\/www.mkidn.gov.pl\/pages\/posts\/wicepremier-glinski-w-przemyslu-beda-2-pomniki-historii---twierdza-i-starowka-8881.php\">http:\/\/www.mkidn.gov.pl\/pages\/posts\/wicepremier-glinski-w-przemyslu-beda-2-pomniki-historii&#8212;twierdza-i-starowka-8881.php<\/a><\/strong><\/p>\n<p>The other sites highlighted are: <strong>Gda\u0144sk Shipyard - a symbol of solidarity, fight for freedom of our times, and thus also a symbol of rebirth of our state - free and sovereign Republic,\u00a0<\/strong>Bialystok - the complex of Christ the King and St Roch Church (Podlaskie Province), B\u00f3brka - the oldest crude oil mine (Podkarpackie Province), Brzeg - the Castle of Silesian Piasts with a renaissance gate and the castle chapel of St Jadwiga - necropolis of the Piasts (Opolskie Province), Dobrzyca - a palace and park complex (Wielkopolskie Province), Obl\u0119gorek - Henryk Sienkiewicz palace with a historic park and lime avenue (Wielkopolskie Province). Dobrzyca - park and palace complex (Wielkopolskie Province), Obl\u0119gorek - Henryk Sienkiewicz's palace with a historic park and lime tree alley (\u015awi\u0119tokrzyskie Province) and Olesno - St. Anne's pilgrimage church (Opolskie Province). Pu\u0142tusk - collegiate church dedicated to the Annunciation of the Blessed Virgin Mary (Mazowieckie Province), Rytwiany - Pustelnia Z\u0142otego Las monastery complex (\u015awi\u0119tokrzyskie Province), Stary S\u0105cz - an old-town complex with a monastery of the Poor Clares (Ma\u0142opolskie Province), Wi\u015blica - a monastery complex with a park and an avenue of lime trees (Mazowieckie Province). Wi\u015blica - the collegiate church complex of the Nativity of the Blessed Virgin Mary, together with the relics of the church of St. Nicholas and a castle (\u015awi\u0119tokrzyskie Province), and Wloclawek - the cathedral of the Assumption of the Blessed Virgin Mary (Kujawsko-Pomorskie Province).<\/p>\n<p><em>Photo by Marta Marchlewska<\/em><a href=\"https:\/\/marekkuchcinski.pl\/wp-content\/uploads\/2018\/12\/M.Marchlewska_8092.jpg\"><img fetchpriority=\"high\" decoding=\"async\" class=\"alignnone size-full wp-image-11707\" src=\"https:\/\/marekkuchcinski.pl\/wp-content\/uploads\/2018\/12\/M.Marchlewska_8092.jpg\" alt=\"M.Marchlewska_8092\" width=\"5963\" height=\"3976\" srcset=\"https:\/\/marekkuchcinski.pl\/wp-content\/uploads\/2018\/12\/M.Marchlewska_8092.jpg 2048w, https:\/\/marekkuchcinski.pl\/wp-content\/uploads\/2018\/12\/M.Marchlewska_8092-300x200.jpg 300w, https:\/\/marekkuchcinski.pl\/wp-content\/uploads\/2018\/12\/M.Marchlewska_8092-768x512.jpg 768w, https:\/\/marekkuchcinski.pl\/wp-content\/uploads\/2018\/12\/M.Marchlewska_8092-1024x683.jpg 1024w\" sizes=\"(max-width: 5963px) 100vw, 5963px\" \/><\/a><a href=\"https:\/\/marekkuchcinski.pl\/wp-content\/uploads\/2018\/12\/M.Marchlewska_7986.jpg\"><img decoding=\"async\" class=\"alignnone size-full wp-image-11706\" src=\"https:\/\/marekkuchcinski.pl\/wp-content\/uploads\/2018\/12\/M.Marchlewska_7986.jpg\" alt=\"M.Marchlewska_7986\" width=\"7360\" height=\"4912\" srcset=\"https:\/\/marekkuchcinski.pl\/wp-content\/uploads\/2018\/12\/M.Marchlewska_7986.jpg 2048w, https:\/\/marekkuchcinski.pl\/wp-content\/uploads\/2018\/12\/M.Marchlewska_7986-300x200.jpg 300w, https:\/\/marekkuchcinski.pl\/wp-content\/uploads\/2018\/12\/M.Marchlewska_7986-768x513.jpg 768w, https:\/\/marekkuchcinski.pl\/wp-content\/uploads\/2018\/12\/M.Marchlewska_7986-1024x683.jpg 1024w\" sizes=\"(max-width: 7360px) 100vw, 7360px\" \/><\/a><\/p>\n<p><em>Photo: Piotr Michalski<\/em><a href=\"https:\/\/marekkuchcinski.pl\/wp-content\/uploads\/2018\/12\/Zabudowa-\u015br\u00f3dmie\u015bcia.jpg\"><img decoding=\"async\" class=\"alignnone size-full wp-image-11703\" src=\"https:\/\/marekkuchcinski.pl\/wp-content\/uploads\/2018\/12\/Zabudowa-\u015br\u00f3dmie\u015bcia.jpg\" alt=\"Zabudowa \u015br\u00f3dmie\u015bcia\" width=\"2048\" height=\"1365\" srcset=\"https:\/\/marekkuchcinski.pl\/wp-content\/uploads\/2018\/12\/Zabudowa-\u015br\u00f3dmie\u015bcia.jpg 2048w, https:\/\/marekkuchcinski.pl\/wp-content\/uploads\/2018\/12\/Zabudowa-\u015br\u00f3dmie\u015bcia-300x200.jpg 300w, https:\/\/marekkuchcinski.pl\/wp-content\/uploads\/2018\/12\/Zabudowa-\u015br\u00f3dmie\u015bcia-768x512.jpg 768w, https:\/\/marekkuchcinski.pl\/wp-content\/uploads\/2018\/12\/Zabudowa-\u015br\u00f3dmie\u015bcia-1024x683.jpg 1024w\" sizes=\"(max-width: 2048px) 100vw, 2048px\" \/><\/a><a href=\"https:\/\/marekkuchcinski.pl\/wp-content\/uploads\/2018\/12\/48371126_465075633896553_2330821340711354368_n.jpg\"><img loading=\"lazy\" decoding=\"async\" class=\"alignnone size-full wp-image-11702\" src=\"https:\/\/marekkuchcinski.pl\/wp-content\/uploads\/2018\/12\/48371126_465075633896553_2330821340711354368_n.jpg\" alt=\"48371126_465075633896553_2330821340711354368_n\" width=\"4096\" height=\"2729\" srcset=\"https:\/\/marekkuchcinski.pl\/wp-content\/uploads\/2018\/12\/48371126_465075633896553_2330821340711354368_n.jpg 2048w, https:\/\/marekkuchcinski.pl\/wp-content\/uploads\/2018\/12\/48371126_465075633896553_2330821340711354368_n-300x200.jpg 300w, https:\/\/marekkuchcinski.pl\/wp-content\/uploads\/2018\/12\/48371126_465075633896553_2330821340711354368_n-768x512.jpg 768w, https:\/\/marekkuchcinski.pl\/wp-content\/uploads\/2018\/12\/48371126_465075633896553_2330821340711354368_n-1024x682.jpg 1024w\" sizes=\"(max-width: 4096px) 100vw, 4096px\" \/><\/a><a href=\"https:\/\/marekkuchcinski.pl\/wp-content\/uploads\/2018\/12\/47579268_657815327948794_9065607704705236992_n.jpg\"><img loading=\"lazy\" decoding=\"async\" class=\"alignnone size-full wp-image-11689\" src=\"https:\/\/marekkuchcinski.pl\/wp-content\/uploads\/2018\/12\/47579268_657815327948794_9065607704705236992_n.jpg\" alt=\"47579268_657815327948794_9065607704705236992_n\" width=\"4096\" height=\"2733\" srcset=\"https:\/\/marekkuchcinski.pl\/wp-content\/uploads\/2018\/12\/47579268_657815327948794_9065607704705236992_n.jpg 2048w, https:\/\/marekkuchcinski.pl\/wp-content\/uploads\/2018\/12\/47579268_657815327948794_9065607704705236992_n-300x200.jpg 300w, https:\/\/marekkuchcinski.pl\/wp-content\/uploads\/2018\/12\/47579268_657815327948794_9065607704705236992_n-768x512.jpg 768w, https:\/\/marekkuchcinski.pl\/wp-content\/uploads\/2018\/12\/47579268_657815327948794_9065607704705236992_n-1024x683.jpg 1024w\" sizes=\"(max-width: 4096px) 100vw, 4096px\" \/><\/a> <a href=\"https:\/\/marekkuchcinski.pl\/wp-content\/uploads\/2018\/12\/47687406_311283983058477_404639550539825152_n.jpg\"><img loading=\"lazy\" decoding=\"async\" class=\"alignnone size-full wp-image-11691\" src=\"https:\/\/marekkuchcinski.pl\/wp-content\/uploads\/2018\/12\/47687406_311283983058477_404639550539825152_n.jpg\" alt=\"47687406_311283983058477_404639550539825152_n\" width=\"4096\" height=\"2730\" srcset=\"https:\/\/marekkuchcinski.pl\/wp-content\/uploads\/2018\/12\/47687406_311283983058477_404639550539825152_n.jpg 2048w, https:\/\/marekkuchcinski.pl\/wp-content\/uploads\/2018\/12\/47687406_311283983058477_404639550539825152_n-300x200.jpg 300w, https:\/\/marekkuchcinski.pl\/wp-content\/uploads\/2018\/12\/47687406_311283983058477_404639550539825152_n-768x512.jpg 768w, https:\/\/marekkuchcinski.pl\/wp-content\/uploads\/2018\/12\/47687406_311283983058477_404639550539825152_n-1024x683.jpg 1024w\" sizes=\"(max-width: 4096px) 100vw, 4096px\" \/><\/a> <a href=\"https:\/\/marekkuchcinski.pl\/wp-content\/uploads\/2018\/12\/48016034_1943978985671341_3410327118196768768_n.jpg\"><img loading=\"lazy\" decoding=\"async\" class=\"alignnone size-full wp-image-11693\" src=\"https:\/\/marekkuchcinski.pl\/wp-content\/uploads\/2018\/12\/48016034_1943978985671341_3410327118196768768_n.jpg\" alt=\"48016034_1943978985671341_3410327118196768768_n\" width=\"4096\" height=\"2731\" srcset=\"https:\/\/marekkuchcinski.pl\/wp-content\/uploads\/2018\/12\/48016034_1943978985671341_3410327118196768768_n.jpg 2048w, https:\/\/marekkuchcinski.pl\/wp-content\/uploads\/2018\/12\/48016034_1943978985671341_3410327118196768768_n-300x200.jpg 300w, https:\/\/marekkuchcinski.pl\/wp-content\/uploads\/2018\/12\/48016034_1943978985671341_3410327118196768768_n-768x512.jpg 768w, https:\/\/marekkuchcinski.pl\/wp-content\/uploads\/2018\/12\/48016034_1943978985671341_3410327118196768768_n-1024x683.jpg 1024w\" sizes=\"(max-width: 4096px) 100vw, 4096px\" \/><\/a> <a href=\"https:\/\/marekkuchcinski.pl\/wp-content\/uploads\/2018\/12\/48183815_223064688453800_2774687252767309824_n.jpg\"><img loading=\"lazy\" decoding=\"async\" class=\"alignnone size-full wp-image-11694\" src=\"https:\/\/marekkuchcinski.pl\/wp-content\/uploads\/2018\/12\/48183815_223064688453800_2774687252767309824_n.jpg\" alt=\"48183815_223064688453800_2774687252767309824_n\" width=\"4096\" height=\"2730\" srcset=\"https:\/\/marekkuchcinski.pl\/wp-content\/uploads\/2018\/12\/48183815_223064688453800_2774687252767309824_n.jpg 2048w, https:\/\/marekkuchcinski.pl\/wp-content\/uploads\/2018\/12\/48183815_223064688453800_2774687252767309824_n-300x200.jpg 300w, https:\/\/marekkuchcinski.pl\/wp-content\/uploads\/2018\/12\/48183815_223064688453800_2774687252767309824_n-768x512.jpg 768w, https:\/\/marekkuchcinski.pl\/wp-content\/uploads\/2018\/12\/48183815_223064688453800_2774687252767309824_n-1024x683.jpg 1024w\" sizes=\"(max-width: 4096px) 100vw, 4096px\" \/><\/a> <a href=\"https:\/\/marekkuchcinski.pl\/wp-content\/uploads\/2018\/12\/48270782_265626007462668_5613907376999497728_n.jpg\"><img loading=\"lazy\" decoding=\"async\" class=\"alignnone size-full wp-image-11695\" src=\"https:\/\/marekkuchcinski.pl\/wp-content\/uploads\/2018\/12\/48270782_265626007462668_5613907376999497728_n.jpg\" alt=\"48270782_265626007462668_5613907376999497728_n\" width=\"4096\" height=\"2730\" srcset=\"https:\/\/marekkuchcinski.pl\/wp-content\/uploads\/2018\/12\/48270782_265626007462668_5613907376999497728_n.jpg 2048w, https:\/\/marekkuchcinski.pl\/wp-content\/uploads\/2018\/12\/48270782_265626007462668_5613907376999497728_n-300x200.jpg 300w, https:\/\/marekkuchcinski.pl\/wp-content\/uploads\/2018\/12\/48270782_265626007462668_5613907376999497728_n-768x512.jpg 768w, https:\/\/marekkuchcinski.pl\/wp-content\/uploads\/2018\/12\/48270782_265626007462668_5613907376999497728_n-1024x683.jpg 1024w\" sizes=\"(max-width: 4096px) 100vw, 4096px\" \/><\/a> <a href=\"https:\/\/marekkuchcinski.pl\/wp-content\/uploads\/2018\/12\/48275519_338057966745129_3521126193417945088_n.jpg\"><img loading=\"lazy\" decoding=\"async\" class=\"alignnone size-full wp-image-11696\" src=\"https:\/\/marekkuchcinski.pl\/wp-content\/uploads\/2018\/12\/48275519_338057966745129_3521126193417945088_n.jpg\" alt=\"48275519_338057966745129_3521126193417945088_n\" width=\"4096\" height=\"2730\" srcset=\"https:\/\/marekkuchcinski.pl\/wp-content\/uploads\/2018\/12\/48275519_338057966745129_3521126193417945088_n.jpg 2048w, https:\/\/marekkuchcinski.pl\/wp-content\/uploads\/2018\/12\/48275519_338057966745129_3521126193417945088_n-300x200.jpg 300w, https:\/\/marekkuchcinski.pl\/wp-content\/uploads\/2018\/12\/48275519_338057966745129_3521126193417945088_n-768x512.jpg 768w, https:\/\/marekkuchcinski.pl\/wp-content\/uploads\/2018\/12\/48275519_338057966745129_3521126193417945088_n-1024x683.jpg 1024w\" sizes=\"(max-width: 4096px) 100vw, 4096px\" \/><\/a> <a href=\"https:\/\/marekkuchcinski.pl\/wp-content\/uploads\/2018\/12\/48315851_2019905538307678_9104201761136050176_n.jpg\"><img loading=\"lazy\" decoding=\"async\" class=\"alignnone size-full wp-image-11697\" src=\"https:\/\/marekkuchcinski.pl\/wp-content\/uploads\/2018\/12\/48315851_2019905538307678_9104201761136050176_n.jpg\" alt=\"48315851_2019905538307678_9104201761136050176_n\" width=\"4096\" height=\"2681\" srcset=\"https:\/\/marekkuchcinski.pl\/wp-content\/uploads\/2018\/12\/48315851_2019905538307678_9104201761136050176_n.jpg 2048w, https:\/\/marekkuchcinski.pl\/wp-content\/uploads\/2018\/12\/48315851_2019905538307678_9104201761136050176_n-300x196.jpg 300w, https:\/\/marekkuchcinski.pl\/wp-content\/uploads\/2018\/12\/48315851_2019905538307678_9104201761136050176_n-768x503.jpg 768w, https:\/\/marekkuchcinski.pl\/wp-content\/uploads\/2018\/12\/48315851_2019905538307678_9104201761136050176_n-1024x670.jpg 1024w\" sizes=\"(max-width: 4096px) 100vw, 4096px\" \/><\/a> <a href=\"https:\/\/marekkuchcinski.pl\/wp-content\/uploads\/2018\/12\/48336019_2243270342586757_7836368350690148352_n.jpg\"><img loading=\"lazy\" decoding=\"async\" class=\"alignnone size-full wp-image-11698\" src=\"https:\/\/marekkuchcinski.pl\/wp-content\/uploads\/2018\/12\/48336019_2243270342586757_7836368350690148352_n.jpg\" alt=\"48336019_2243270342586757_7836368350690148352_n\" width=\"3543\" height=\"2362\" srcset=\"https:\/\/marekkuchcinski.pl\/wp-content\/uploads\/2018\/12\/48336019_2243270342586757_7836368350690148352_n.jpg 2048w, https:\/\/marekkuchcinski.pl\/wp-content\/uploads\/2018\/12\/48336019_2243270342586757_7836368350690148352_n-300x200.jpg 300w, https:\/\/marekkuchcinski.pl\/wp-content\/uploads\/2018\/12\/48336019_2243270342586757_7836368350690148352_n-768x512.jpg 768w, https:\/\/marekkuchcinski.pl\/wp-content\/uploads\/2018\/12\/48336019_2243270342586757_7836368350690148352_n-1024x683.jpg 1024w\" sizes=\"(max-width: 3543px) 100vw, 3543px\" \/><\/a> <a href=\"https:\/\/marekkuchcinski.pl\/wp-content\/uploads\/2018\/12\/48361419_325419094716430_2984865115234369536_n.jpg\"><img loading=\"lazy\" decoding=\"async\" class=\"alignnone size-full wp-image-11699\" src=\"https:\/\/marekkuchcinski.pl\/wp-content\/uploads\/2018\/12\/48361419_325419094716430_2984865115234369536_n.jpg\" alt=\"48361419_325419094716430_2984865115234369536_n\" width=\"3000\" height=\"2005\" srcset=\"https:\/\/marekkuchcinski.pl\/wp-content\/uploads\/2018\/12\/48361419_325419094716430_2984865115234369536_n.jpg 2048w, https:\/\/marekkuchcinski.pl\/wp-content\/uploads\/2018\/12\/48361419_325419094716430_2984865115234369536_n-300x201.jpg 300w, https:\/\/marekkuchcinski.pl\/wp-content\/uploads\/2018\/12\/48361419_325419094716430_2984865115234369536_n-768x513.jpg 768w, https:\/\/marekkuchcinski.pl\/wp-content\/uploads\/2018\/12\/48361419_325419094716430_2984865115234369536_n-1024x684.jpg 1024w\" sizes=\"(max-width: 3000px) 100vw, 3000px\" \/><\/a> <a href=\"https:\/\/marekkuchcinski.pl\/wp-content\/uploads\/2018\/12\/48367017_263865160946484_6597875154628378624_n.jpg\"><img loading=\"lazy\" decoding=\"async\" class=\"alignnone size-full wp-image-11701\" src=\"https:\/\/marekkuchcinski.pl\/wp-content\/uploads\/2018\/12\/48367017_263865160946484_6597875154628378624_n.jpg\" alt=\"48367017_263865160946484_6597875154628378624_n\" width=\"2250\" height=\"1500\" srcset=\"https:\/\/marekkuchcinski.pl\/wp-content\/uploads\/2018\/12\/48367017_263865160946484_6597875154628378624_n.jpg 2048w, https:\/\/marekkuchcinski.pl\/wp-content\/uploads\/2018\/12\/48367017_263865160946484_6597875154628378624_n-300x200.jpg 300w, https:\/\/marekkuchcinski.pl\/wp-content\/uploads\/2018\/12\/48367017_263865160946484_6597875154628378624_n-768x512.jpg 768w, https:\/\/marekkuchcinski.pl\/wp-content\/uploads\/2018\/12\/48367017_263865160946484_6597875154628378624_n-1024x683.jpg 1024w\" sizes=\"(max-width: 2250px) 100vw, 2250px\" \/><\/a> <a href=\"https:\/\/marekkuchcinski.pl\/wp-content\/uploads\/2018\/12\/47687949_1986828754746848_551380325138169856_n.jpg\"><img loading=\"lazy\" decoding=\"async\" class=\"alignnone size-full wp-image-11692\" src=\"https:\/\/marekkuchcinski.pl\/wp-content\/uploads\/2018\/12\/47687949_1986828754746848_551380325138169856_n.jpg\" alt=\"47687949_1986828754746848_551380325138169856_n\" width=\"3000\" height=\"2000\" srcset=\"https:\/\/marekkuchcinski.pl\/wp-content\/uploads\/2018\/12\/47687949_1986828754746848_551380325138169856_n.jpg 2048w, https:\/\/marekkuchcinski.pl\/wp-content\/uploads\/2018\/12\/47687949_1986828754746848_551380325138169856_n-300x200.jpg 300w, https:\/\/marekkuchcinski.pl\/wp-content\/uploads\/2018\/12\/47687949_1986828754746848_551380325138169856_n-768x512.jpg 768w, https:\/\/marekkuchcinski.pl\/wp-content\/uploads\/2018\/12\/47687949_1986828754746848_551380325138169856_n-1024x683.jpg 1024w\" sizes=\"(max-width: 3000px) 100vw, 3000px\" \/><\/a> <a href=\"https:\/\/marekkuchcinski.pl\/wp-content\/uploads\/2018\/12\/47686339_470393743485379_6618151897096257536_n.jpg\"><img loading=\"lazy\" decoding=\"async\" class=\"alignnone size-full wp-image-11690\" src=\"https:\/\/marekkuchcinski.pl\/wp-content\/uploads\/2018\/12\/47686339_470393743485379_6618151897096257536_n.jpg\" alt=\"47686339_470393743485379_6618151897096257536_n\" width=\"4096\" height=\"2730\" srcset=\"https:\/\/marekkuchcinski.pl\/wp-content\/uploads\/2018\/12\/47686339_470393743485379_6618151897096257536_n.jpg 2048w, https:\/\/marekkuchcinski.pl\/wp-content\/uploads\/2018\/12\/47686339_470393743485379_6618151897096257536_n-300x200.jpg 300w, https:\/\/marekkuchcinski.pl\/wp-content\/uploads\/2018\/12\/47686339_470393743485379_6618151897096257536_n-768x512.jpg 768w, https:\/\/marekkuchcinski.pl\/wp-content\/uploads\/2018\/12\/47686339_470393743485379_6618151897096257536_n-1024x683.jpg 1024w\" sizes=\"(max-width: 4096px) 100vw, 4096px\" \/><\/a><\/p>\n<p><em>Photo by Marta Olejnik<\/em><a href=\"https:\/\/marekkuchcinski.pl\/wp-content\/uploads\/2018\/12\/DSCF5991.jpg\"><img loading=\"lazy\" decoding=\"async\" class=\"alignnone size-full wp-image-11754\" src=\"https:\/\/marekkuchcinski.pl\/wp-content\/uploads\/2018\/12\/DSCF5991.jpg\" alt=\"DSCF5991\" width=\"4512\" height=\"2654\" srcset=\"https:\/\/marekkuchcinski.pl\/wp-content\/uploads\/2018\/12\/DSCF5991.jpg 2048w, https:\/\/marekkuchcinski.pl\/wp-content\/uploads\/2018\/12\/DSCF5991-300x176.jpg 300w, https:\/\/marekkuchcinski.pl\/wp-content\/uploads\/2018\/12\/DSCF5991-768x452.jpg 768w, https:\/\/marekkuchcinski.pl\/wp-content\/uploads\/2018\/12\/DSCF5991-1024x602.jpg 1024w\" sizes=\"(max-width: 4512px) 100vw, 4512px\" \/><\/a> <a href=\"https:\/\/marekkuchcinski.pl\/wp-content\/uploads\/2018\/12\/DSCF5939.jpg\"><img loading=\"lazy\" decoding=\"async\" class=\"alignnone size-full wp-image-11755\" src=\"https:\/\/marekkuchcinski.pl\/wp-content\/uploads\/2018\/12\/DSCF5939.jpg\" alt=\"DSCF5939\" width=\"4896\" height=\"2760\" srcset=\"https:\/\/marekkuchcinski.pl\/wp-content\/uploads\/2018\/12\/DSCF5939.jpg 2048w, https:\/\/marekkuchcinski.pl\/wp-content\/uploads\/2018\/12\/DSCF5939-300x169.jpg 300w, https:\/\/marekkuchcinski.pl\/wp-content\/uploads\/2018\/12\/DSCF5939-768x433.jpg 768w, https:\/\/marekkuchcinski.pl\/wp-content\/uploads\/2018\/12\/DSCF5939-1024x577.jpg 1024w\" sizes=\"(max-width: 4896px) 100vw, 4896px\" \/><\/a> <a href=\"https:\/\/marekkuchcinski.pl\/wp-content\/uploads\/2018\/12\/DSCF5915.jpg\"><img loading=\"lazy\" decoding=\"async\" class=\"alignnone size-full wp-image-11756\" src=\"https:\/\/marekkuchcinski.pl\/wp-content\/uploads\/2018\/12\/DSCF5915.jpg\" alt=\"DSCF5915\" width=\"4679\" height=\"2478\" srcset=\"https:\/\/marekkuchcinski.pl\/wp-content\/uploads\/2018\/12\/DSCF5915.jpg 2048w, https:\/\/marekkuchcinski.pl\/wp-content\/uploads\/2018\/12\/DSCF5915-300x159.jpg 300w, https:\/\/marekkuchcinski.pl\/wp-content\/uploads\/2018\/12\/DSCF5915-768x407.jpg 768w, https:\/\/marekkuchcinski.pl\/wp-content\/uploads\/2018\/12\/DSCF5915-1024x542.jpg 1024w\" sizes=\"(max-width: 4679px) 100vw, 4679px\" \/><\/a><a href=\"https:\/\/marekkuchcinski.pl\/wp-content\/uploads\/2018\/12\/katedra.jpg\"><img loading=\"lazy\" decoding=\"async\" class=\"alignnone size-full wp-image-11758\" src=\"https:\/\/marekkuchcinski.pl\/wp-content\/uploads\/2018\/12\/katedra.jpg\" alt=\"katedra\" width=\"4034\" height=\"2422\" srcset=\"https:\/\/marekkuchcinski.pl\/wp-content\/uploads\/2018\/12\/katedra.jpg 2048w, https:\/\/marekkuchcinski.pl\/wp-content\/uploads\/2018\/12\/katedra-300x180.jpg 300w, https:\/\/marekkuchcinski.pl\/wp-content\/uploads\/2018\/12\/katedra-768x461.jpg 768w, https:\/\/marekkuchcinski.pl\/wp-content\/uploads\/2018\/12\/katedra-1024x615.jpg 1024w\" sizes=\"(max-width: 4034px) 100vw, 4034px\" \/><\/a><a href=\"https:\/\/marekkuchcinski.pl\/wp-content\/uploads\/2018\/12\/DSCF4648.jpg\"><img loading=\"lazy\" decoding=\"async\" class=\"alignnone size-full wp-image-11760\" src=\"https:\/\/marekkuchcinski.pl\/wp-content\/uploads\/2018\/12\/DSCF4648.jpg\" alt=\"DSCF4648\" width=\"3861\" height=\"2751\" srcset=\"https:\/\/marekkuchcinski.pl\/wp-content\/uploads\/2018\/12\/DSCF4648.jpg 2048w, https:\/\/marekkuchcinski.pl\/wp-content\/uploads\/2018\/12\/DSCF4648-300x214.jpg 300w, https:\/\/marekkuchcinski.pl\/wp-content\/uploads\/2018\/12\/DSCF4648-768x547.jpg 768w, https:\/\/marekkuchcinski.pl\/wp-content\/uploads\/2018\/12\/DSCF4648-1024x730.jpg 1024w\" sizes=\"(max-width: 3861px) 100vw, 3861px\" \/><\/a><\/p>","protected":false},"excerpt":{"rendered":"<p>&#8211; Na 100 lat niepodleg\u0142o\u015bci mamy 105 Pomnik\u00f3w Historii, \u015bwiadectwa dziej\u00f3w naszej ziemi, \u015bwiadectwa dziej\u00f3w Polski &#8211; powiedzia\u0142 prezydent Andrzej Duda, kt\u00f3ry ustanowi\u0142 14 nowych Pomnik\u00f3w historii. W\u015br\u00f3d nich jest Twierdza Przemy\u015bl i zesp\u00f3\u0142 staromiejski w Przemy\u015blu. UZASADNIENIE: Zesp\u00f3\u0142 staromiejski w Przemy\u015blu jest przyk\u0142adem za\u0142o\u017cenia urbanistyczno-architektonicznego posiadaj\u0105cego du\u017ce warto\u015bci historyczne, w kt\u00f3rym struktura budowlana kolejnych [&hellip;]<\/p>","protected":false},"author":6,"featured_media":11703,"comment_status":"open","ping_status":"open","sticky":false,"template":"","format":"standard","meta":{"ngg_post_thumbnail":0,"footnotes":""},"categories":[49,3],"tags":[],"class_list":["post-11688","post","type-post","status-publish","format-standard","has-post-thumbnail","hentry","category-podkarpacie","category-wydarzenia"],"yoast_head":"<!-- This site is optimized with the Yoast SEO plugin v24.7 - https:\/\/yoast.com\/wordpress\/plugins\/seo\/ -->\n<title>Twierdza Przemy\u015bl i zesp\u00f3\u0142 staromiejski w Przemy\u015blu wpisane na list\u0119 Pomnik\u00f3w Historii &#8211; Marek Kuchci\u0144ski<\/title>\n<meta name=\"robots\" content=\"index, follow, max-snippet:-1, max-image-preview:large, max-video-preview:-1\" \/>\n<link rel=\"canonical\" href=\"https:\/\/marekkuchcinski.pl\/en\/wydarzenia\/twierdza-przemysl-zespol-staromiejski-przemyslu-wpisane-liste-pomnikow-historii\/\" \/>\n<meta property=\"og:locale\" content=\"en_GB\" \/>\n<meta property=\"og:type\" content=\"article\" \/>\n<meta property=\"og:title\" content=\"Twierdza Przemy\u015bl i zesp\u00f3\u0142 staromiejski w Przemy\u015blu wpisane na list\u0119 Pomnik\u00f3w Historii &#8211; Marek Kuchci\u0144ski\" \/>\n<meta property=\"og:description\" content=\"&#8211; Na 100 lat niepodleg\u0142o\u015bci mamy 105 Pomnik\u00f3w Historii, \u015bwiadectwa dziej\u00f3w naszej ziemi, \u015bwiadectwa dziej\u00f3w Polski &#8211; powiedzia\u0142 prezydent Andrzej Duda, kt\u00f3ry ustanowi\u0142 14 nowych Pomnik\u00f3w historii. W\u015br\u00f3d nich jest Twierdza Przemy\u015bl i zesp\u00f3\u0142 staromiejski w Przemy\u015blu. UZASADNIENIE: Zesp\u00f3\u0142 staromiejski w Przemy\u015blu jest przyk\u0142adem za\u0142o\u017cenia urbanistyczno-architektonicznego posiadaj\u0105cego du\u017ce warto\u015bci historyczne, w kt\u00f3rym struktura budowlana kolejnych [&hellip;]\" \/>\n<meta property=\"og:url\" content=\"https:\/\/marekkuchcinski.pl\/en\/wydarzenia\/twierdza-przemysl-zespol-staromiejski-przemyslu-wpisane-liste-pomnikow-historii\/\" \/>\n<meta property=\"og:site_name\" content=\"Marek Kuchci\u0144ski\" \/>\n<meta property=\"article:published_time\" content=\"2018-12-10T16:17:57+00:00\" \/>\n<meta property=\"article:modified_time\" content=\"2018-12-12T10:29:12+00:00\" \/>\n<meta property=\"og:image\" content=\"https:\/\/marekkuchcinski.pl\/wp-content\/uploads\/2018\/12\/Zabudowa-\u015br\u00f3dmie\u015bcia.jpg\" \/>\n\t<meta property=\"og:image:width\" content=\"2048\" \/>\n\t<meta property=\"og:image:height\" content=\"1365\" \/>\n\t<meta property=\"og:image:type\" content=\"image\/jpeg\" \/>\n<meta name=\"author\" content=\"admin\" \/>\n<meta name=\"twitter:card\" content=\"summary_large_image\" \/>\n<meta name=\"twitter:label1\" content=\"Written by\" \/>\n\t<meta name=\"twitter:data1\" content=\"admin\" \/>\n\t<meta name=\"twitter:label2\" content=\"Estimated reading time\" \/>\n\t<meta name=\"twitter:data2\" content=\"6 minutes\" \/>\n<script type=\"application\/ld+json\" class=\"yoast-schema-graph\">{\"@context\":\"https:\/\/schema.org\",\"@graph\":[{\"@type\":\"Article\",\"@id\":\"https:\/\/marekkuchcinski.pl\/uk\/wydarzenia\/twierdza-przemysl-zespol-staromiejski-przemyslu-wpisane-liste-pomnikow-historii\/#article\",\"isPartOf\":{\"@id\":\"https:\/\/marekkuchcinski.pl\/uk\/wydarzenia\/twierdza-przemysl-zespol-staromiejski-przemyslu-wpisane-liste-pomnikow-historii\/\"},\"author\":{\"name\":\"admin\",\"@id\":\"https:\/\/marekkuchcinski.pl\/#\/schema\/person\/6f62700996b4d950b6ea2d1183b6c6be\"},\"headline\":\"Twierdza Przemy\u015bl i zesp\u00f3\u0142 staromiejski w Przemy\u015blu wpisane na list\u0119 Pomnik\u00f3w Historii\",\"datePublished\":\"2018-12-10T16:17:57+00:00\",\"dateModified\":\"2018-12-12T10:29:12+00:00\",\"mainEntityOfPage\":{\"@id\":\"https:\/\/marekkuchcinski.pl\/uk\/wydarzenia\/twierdza-przemysl-zespol-staromiejski-przemyslu-wpisane-liste-pomnikow-historii\/\"},\"wordCount\":1292,\"commentCount\":0,\"publisher\":{\"@id\":\"https:\/\/marekkuchcinski.pl\/#organization\"},\"image\":{\"@id\":\"https:\/\/marekkuchcinski.pl\/uk\/wydarzenia\/twierdza-przemysl-zespol-staromiejski-przemyslu-wpisane-liste-pomnikow-historii\/#primaryimage\"},\"thumbnailUrl\":\"https:\/\/marekkuchcinski.pl\/wp-content\/uploads\/2018\/12\/Zabudowa-\u015br\u00f3dmie\u015bcia.jpg\",\"articleSection\":[\"Podkarpacie\",\"Wydarzenia\"],\"inLanguage\":\"en-GB\",\"potentialAction\":[{\"@type\":\"CommentAction\",\"name\":\"Comment\",\"target\":[\"https:\/\/marekkuchcinski.pl\/uk\/wydarzenia\/twierdza-przemysl-zespol-staromiejski-przemyslu-wpisane-liste-pomnikow-historii\/#respond\"]}]},{\"@type\":\"WebPage\",\"@id\":\"https:\/\/marekkuchcinski.pl\/uk\/wydarzenia\/twierdza-przemysl-zespol-staromiejski-przemyslu-wpisane-liste-pomnikow-historii\/\",\"url\":\"https:\/\/marekkuchcinski.pl\/uk\/wydarzenia\/twierdza-przemysl-zespol-staromiejski-przemyslu-wpisane-liste-pomnikow-historii\/\",\"name\":\"Twierdza Przemy\u015bl i zesp\u00f3\u0142 staromiejski w Przemy\u015blu wpisane na list\u0119 Pomnik\u00f3w Historii &#8211; Marek Kuchci\u0144ski\",\"isPartOf\":{\"@id\":\"https:\/\/marekkuchcinski.pl\/#website\"},\"primaryImageOfPage\":{\"@id\":\"https:\/\/marekkuchcinski.pl\/uk\/wydarzenia\/twierdza-przemysl-zespol-staromiejski-przemyslu-wpisane-liste-pomnikow-historii\/#primaryimage\"},\"image\":{\"@id\":\"https:\/\/marekkuchcinski.pl\/uk\/wydarzenia\/twierdza-przemysl-zespol-staromiejski-przemyslu-wpisane-liste-pomnikow-historii\/#primaryimage\"},\"thumbnailUrl\":\"https:\/\/marekkuchcinski.pl\/wp-content\/uploads\/2018\/12\/Zabudowa-\u015br\u00f3dmie\u015bcia.jpg\",\"datePublished\":\"2018-12-10T16:17:57+00:00\",\"dateModified\":\"2018-12-12T10:29:12+00:00\",\"breadcrumb\":{\"@id\":\"https:\/\/marekkuchcinski.pl\/uk\/wydarzenia\/twierdza-przemysl-zespol-staromiejski-przemyslu-wpisane-liste-pomnikow-historii\/#breadcrumb\"},\"inLanguage\":\"en-GB\",\"potentialAction\":[{\"@type\":\"ReadAction\",\"target\":[\"https:\/\/marekkuchcinski.pl\/uk\/wydarzenia\/twierdza-przemysl-zespol-staromiejski-przemyslu-wpisane-liste-pomnikow-historii\/\"]}]},{\"@type\":\"ImageObject\",\"inLanguage\":\"en-GB\",\"@id\":\"https:\/\/marekkuchcinski.pl\/uk\/wydarzenia\/twierdza-przemysl-zespol-staromiejski-przemyslu-wpisane-liste-pomnikow-historii\/#primaryimage\",\"url\":\"https:\/\/marekkuchcinski.pl\/wp-content\/uploads\/2018\/12\/Zabudowa-\u015br\u00f3dmie\u015bcia.jpg\",\"contentUrl\":\"https:\/\/marekkuchcinski.pl\/wp-content\/uploads\/2018\/12\/Zabudowa-\u015br\u00f3dmie\u015bcia.jpg\",\"width\":2048,\"height\":1365},{\"@type\":\"BreadcrumbList\",\"@id\":\"https:\/\/marekkuchcinski.pl\/uk\/wydarzenia\/twierdza-przemysl-zespol-staromiejski-przemyslu-wpisane-liste-pomnikow-historii\/#breadcrumb\",\"itemListElement\":[{\"@type\":\"ListItem\",\"position\":1,\"name\":\"Strona g\u0142\u00f3wna\",\"item\":\"https:\/\/marekkuchcinski.pl\/\"},{\"@type\":\"ListItem\",\"position\":2,\"name\":\"Twierdza Przemy\u015bl i zesp\u00f3\u0142 staromiejski w Przemy\u015blu wpisane na list\u0119 Pomnik\u00f3w Historii\"}]},{\"@type\":\"WebSite\",\"@id\":\"https:\/\/marekkuchcinski.pl\/#website\",\"url\":\"https:\/\/marekkuchcinski.pl\/\",\"name\":\"Marek Kuchci\u0144ski\",\"description\":\"Pose\u0142 na sejm RP &ndash; okr\u0119g nr 22\",\"publisher\":{\"@id\":\"https:\/\/marekkuchcinski.pl\/#organization\"},\"potentialAction\":[{\"@type\":\"SearchAction\",\"target\":{\"@type\":\"EntryPoint\",\"urlTemplate\":\"https:\/\/marekkuchcinski.pl\/?s={search_term_string}\"},\"query-input\":{\"@type\":\"PropertyValueSpecification\",\"valueRequired\":true,\"valueName\":\"search_term_string\"}}],\"inLanguage\":\"en-GB\"},{\"@type\":\"Organization\",\"@id\":\"https:\/\/marekkuchcinski.pl\/#organization\",\"name\":\"Marek Kuchci\u0144ski\",\"url\":\"https:\/\/marekkuchcinski.pl\/\",\"logo\":{\"@type\":\"ImageObject\",\"inLanguage\":\"en-GB\",\"@id\":\"https:\/\/marekkuchcinski.pl\/#\/schema\/logo\/image\/\",\"url\":\"https:\/\/marekkuchcinski.pl\/wp-content\/uploads\/2022\/09\/Marek.jpg\",\"contentUrl\":\"https:\/\/marekkuchcinski.pl\/wp-content\/uploads\/2022\/09\/Marek.jpg\",\"width\":1600,\"height\":971,\"caption\":\"Marek Kuchci\u0144ski\"},\"image\":{\"@id\":\"https:\/\/marekkuchcinski.pl\/#\/schema\/logo\/image\/\"}},{\"@type\":\"Person\",\"@id\":\"https:\/\/marekkuchcinski.pl\/#\/schema\/person\/6f62700996b4d950b6ea2d1183b6c6be\",\"name\":\"admin\",\"image\":{\"@type\":\"ImageObject\",\"inLanguage\":\"en-GB\",\"@id\":\"https:\/\/marekkuchcinski.pl\/#\/schema\/person\/image\/\",\"url\":\"https:\/\/secure.gravatar.com\/avatar\/4bab693b9d55c3d6b52c0296a8765085?s=96&d=mm&r=g\",\"contentUrl\":\"https:\/\/secure.gravatar.com\/avatar\/4bab693b9d55c3d6b52c0296a8765085?s=96&d=mm&r=g\",\"caption\":\"admin\"},\"url\":\"https:\/\/marekkuchcinski.pl\/en\/author\/marta-olejnik\/\"}]}<\/script>\n<!-- \/ Yoast SEO plugin. -->","yoast_head_json":{"title":"Twierdza Przemy\u015bl i zesp\u00f3\u0142 staromiejski w Przemy\u015blu wpisane na list\u0119 Pomnik\u00f3w Historii &#8211; Marek Kuchci\u0144ski","robots":{"index":"index","follow":"follow","max-snippet":"max-snippet:-1","max-image-preview":"max-image-preview:large","max-video-preview":"max-video-preview:-1"},"canonical":"https:\/\/marekkuchcinski.pl\/en\/wydarzenia\/twierdza-przemysl-zespol-staromiejski-przemyslu-wpisane-liste-pomnikow-historii\/","og_locale":"en_GB","og_type":"article","og_title":"Twierdza Przemy\u015bl i zesp\u00f3\u0142 staromiejski w Przemy\u015blu wpisane na list\u0119 Pomnik\u00f3w Historii &#8211; Marek Kuchci\u0144ski","og_description":"&#8211; Na 100 lat niepodleg\u0142o\u015bci mamy 105 Pomnik\u00f3w Historii, \u015bwiadectwa dziej\u00f3w naszej ziemi, \u015bwiadectwa dziej\u00f3w Polski &#8211; powiedzia\u0142 prezydent Andrzej Duda, kt\u00f3ry ustanowi\u0142 14 nowych Pomnik\u00f3w historii. W\u015br\u00f3d nich jest Twierdza Przemy\u015bl i zesp\u00f3\u0142 staromiejski w Przemy\u015blu. UZASADNIENIE: Zesp\u00f3\u0142 staromiejski w Przemy\u015blu jest przyk\u0142adem za\u0142o\u017cenia urbanistyczno-architektonicznego posiadaj\u0105cego du\u017ce warto\u015bci historyczne, w kt\u00f3rym struktura budowlana kolejnych [&hellip;]","og_url":"https:\/\/marekkuchcinski.pl\/en\/wydarzenia\/twierdza-przemysl-zespol-staromiejski-przemyslu-wpisane-liste-pomnikow-historii\/","og_site_name":"Marek Kuchci\u0144ski","article_published_time":"2018-12-10T16:17:57+00:00","article_modified_time":"2018-12-12T10:29:12+00:00","og_image":[{"width":2048,"height":1365,"url":"https:\/\/marekkuchcinski.pl\/wp-content\/uploads\/2018\/12\/Zabudowa-\u015br\u00f3dmie\u015bcia.jpg","type":"image\/jpeg"}],"author":"admin","twitter_card":"summary_large_image","twitter_misc":{"Written by":"admin","Estimated reading time":"6 minutes"},"schema":{"@context":"https:\/\/schema.org","@graph":[{"@type":"Article","@id":"https:\/\/marekkuchcinski.pl\/uk\/wydarzenia\/twierdza-przemysl-zespol-staromiejski-przemyslu-wpisane-liste-pomnikow-historii\/#article","isPartOf":{"@id":"https:\/\/marekkuchcinski.pl\/uk\/wydarzenia\/twierdza-przemysl-zespol-staromiejski-przemyslu-wpisane-liste-pomnikow-historii\/"},"author":{"name":"admin","@id":"https:\/\/marekkuchcinski.pl\/#\/schema\/person\/6f62700996b4d950b6ea2d1183b6c6be"},"headline":"Twierdza Przemy\u015bl i zesp\u00f3\u0142 staromiejski w Przemy\u015blu wpisane na list\u0119 Pomnik\u00f3w Historii","datePublished":"2018-12-10T16:17:57+00:00","dateModified":"2018-12-12T10:29:12+00:00","mainEntityOfPage":{"@id":"https:\/\/marekkuchcinski.pl\/uk\/wydarzenia\/twierdza-przemysl-zespol-staromiejski-przemyslu-wpisane-liste-pomnikow-historii\/"},"wordCount":1292,"commentCount":0,"publisher":{"@id":"https:\/\/marekkuchcinski.pl\/#organization"},"image":{"@id":"https:\/\/marekkuchcinski.pl\/uk\/wydarzenia\/twierdza-przemysl-zespol-staromiejski-przemyslu-wpisane-liste-pomnikow-historii\/#primaryimage"},"thumbnailUrl":"https:\/\/marekkuchcinski.pl\/wp-content\/uploads\/2018\/12\/Zabudowa-\u015br\u00f3dmie\u015bcia.jpg","articleSection":["Podkarpacie","Wydarzenia"],"inLanguage":"en-GB","potentialAction":[{"@type":"CommentAction","name":"Comment","target":["https:\/\/marekkuchcinski.pl\/uk\/wydarzenia\/twierdza-przemysl-zespol-staromiejski-przemyslu-wpisane-liste-pomnikow-historii\/#respond"]}]},{"@type":"WebPage","@id":"https:\/\/marekkuchcinski.pl\/uk\/wydarzenia\/twierdza-przemysl-zespol-staromiejski-przemyslu-wpisane-liste-pomnikow-historii\/","url":"https:\/\/marekkuchcinski.pl\/uk\/wydarzenia\/twierdza-przemysl-zespol-staromiejski-przemyslu-wpisane-liste-pomnikow-historii\/","name":"Twierdza Przemy\u015bl i zesp\u00f3\u0142 staromiejski w Przemy\u015blu wpisane na list\u0119 Pomnik\u00f3w Historii &#8211; Marek Kuchci\u0144ski","isPartOf":{"@id":"https:\/\/marekkuchcinski.pl\/#website"},"primaryImageOfPage":{"@id":"https:\/\/marekkuchcinski.pl\/uk\/wydarzenia\/twierdza-przemysl-zespol-staromiejski-przemyslu-wpisane-liste-pomnikow-historii\/#primaryimage"},"image":{"@id":"https:\/\/marekkuchcinski.pl\/uk\/wydarzenia\/twierdza-przemysl-zespol-staromiejski-przemyslu-wpisane-liste-pomnikow-historii\/#primaryimage"},"thumbnailUrl":"https:\/\/marekkuchcinski.pl\/wp-content\/uploads\/2018\/12\/Zabudowa-\u015br\u00f3dmie\u015bcia.jpg","datePublished":"2018-12-10T16:17:57+00:00","dateModified":"2018-12-12T10:29:12+00:00","breadcrumb":{"@id":"https:\/\/marekkuchcinski.pl\/uk\/wydarzenia\/twierdza-przemysl-zespol-staromiejski-przemyslu-wpisane-liste-pomnikow-historii\/#breadcrumb"},"inLanguage":"en-GB","potentialAction":[{"@type":"ReadAction","target":["https:\/\/marekkuchcinski.pl\/uk\/wydarzenia\/twierdza-przemysl-zespol-staromiejski-przemyslu-wpisane-liste-pomnikow-historii\/"]}]},{"@type":"ImageObject","inLanguage":"en-GB","@id":"https:\/\/marekkuchcinski.pl\/uk\/wydarzenia\/twierdza-przemysl-zespol-staromiejski-przemyslu-wpisane-liste-pomnikow-historii\/#primaryimage","url":"https:\/\/marekkuchcinski.pl\/wp-content\/uploads\/2018\/12\/Zabudowa-\u015br\u00f3dmie\u015bcia.jpg","contentUrl":"https:\/\/marekkuchcinski.pl\/wp-content\/uploads\/2018\/12\/Zabudowa-\u015br\u00f3dmie\u015bcia.jpg","width":2048,"height":1365},{"@type":"BreadcrumbList","@id":"https:\/\/marekkuchcinski.pl\/uk\/wydarzenia\/twierdza-przemysl-zespol-staromiejski-przemyslu-wpisane-liste-pomnikow-historii\/#breadcrumb","itemListElement":[{"@type":"ListItem","position":1,"name":"Strona g\u0142\u00f3wna","item":"https:\/\/marekkuchcinski.pl\/"},{"@type":"ListItem","position":2,"name":"Twierdza Przemy\u015bl i zesp\u00f3\u0142 staromiejski w Przemy\u015blu wpisane na list\u0119 Pomnik\u00f3w Historii"}]},{"@type":"WebSite","@id":"https:\/\/marekkuchcinski.pl\/#website","url":"https:\/\/marekkuchcinski.pl\/","name":"Marek Kuchci\u0144ski","description":"Pose\u0142 na sejm RP &ndash; okr\u0119g nr 22","publisher":{"@id":"https:\/\/marekkuchcinski.pl\/#organization"},"potentialAction":[{"@type":"SearchAction","target":{"@type":"EntryPoint","urlTemplate":"https:\/\/marekkuchcinski.pl\/?s={search_term_string}"},"query-input":{"@type":"PropertyValueSpecification","valueRequired":true,"valueName":"search_term_string"}}],"inLanguage":"en-GB"},{"@type":"Organization","@id":"https:\/\/marekkuchcinski.pl\/#organization","name":"Marek Kuchci\u0144ski","url":"https:\/\/marekkuchcinski.pl\/","logo":{"@type":"ImageObject","inLanguage":"en-GB","@id":"https:\/\/marekkuchcinski.pl\/#\/schema\/logo\/image\/","url":"https:\/\/marekkuchcinski.pl\/wp-content\/uploads\/2022\/09\/Marek.jpg","contentUrl":"https:\/\/marekkuchcinski.pl\/wp-content\/uploads\/2022\/09\/Marek.jpg","width":1600,"height":971,"caption":"Marek Kuchci\u0144ski"},"image":{"@id":"https:\/\/marekkuchcinski.pl\/#\/schema\/logo\/image\/"}},{"@type":"Person","@id":"https:\/\/marekkuchcinski.pl\/#\/schema\/person\/6f62700996b4d950b6ea2d1183b6c6be","name":"admin","image":{"@type":"ImageObject","inLanguage":"en-GB","@id":"https:\/\/marekkuchcinski.pl\/#\/schema\/person\/image\/","url":"https:\/\/secure.gravatar.com\/avatar\/4bab693b9d55c3d6b52c0296a8765085?s=96&d=mm&r=g","contentUrl":"https:\/\/secure.gravatar.com\/avatar\/4bab693b9d55c3d6b52c0296a8765085?s=96&d=mm&r=g","caption":"admin"},"url":"https:\/\/marekkuchcinski.pl\/en\/author\/marta-olejnik\/"}]}},"_links":{"self":[{"href":"https:\/\/marekkuchcinski.pl\/en\/wp-json\/wp\/v2\/posts\/11688","targetHints":{"allow":["GET"]}}],"collection":[{"href":"https:\/\/marekkuchcinski.pl\/en\/wp-json\/wp\/v2\/posts"}],"about":[{"href":"https:\/\/marekkuchcinski.pl\/en\/wp-json\/wp\/v2\/types\/post"}],"author":[{"embeddable":true,"href":"https:\/\/marekkuchcinski.pl\/en\/wp-json\/wp\/v2\/users\/6"}],"replies":[{"embeddable":true,"href":"https:\/\/marekkuchcinski.pl\/en\/wp-json\/wp\/v2\/comments?post=11688"}],"version-history":[{"count":19,"href":"https:\/\/marekkuchcinski.pl\/en\/wp-json\/wp\/v2\/posts\/11688\/revisions"}],"predecessor-version":[{"id":11713,"href":"https:\/\/marekkuchcinski.pl\/en\/wp-json\/wp\/v2\/posts\/11688\/revisions\/11713"}],"wp:featuredmedia":[{"embeddable":true,"href":"https:\/\/marekkuchcinski.pl\/en\/wp-json\/wp\/v2\/media\/11703"}],"wp:attachment":[{"href":"https:\/\/marekkuchcinski.pl\/en\/wp-json\/wp\/v2\/media?parent=11688"}],"wp:term":[{"taxonomy":"category","embeddable":true,"href":"https:\/\/marekkuchcinski.pl\/en\/wp-json\/wp\/v2\/categories?post=11688"},{"taxonomy":"post_tag","embeddable":true,"href":"https:\/\/marekkuchcinski.pl\/en\/wp-json\/wp\/v2\/tags?post=11688"}],"curies":[{"name":"wp","href":"https:\/\/api.w.org\/{rel}","templated":true}]}}