{"id":11655,"date":"2018-12-09T12:46:38","date_gmt":"2018-12-09T11:46:38","guid":{"rendered":"https:\/\/marekkuchcinski.pl\/?p=11655"},"modified":"2018-12-12T14:37:22","modified_gmt":"2018-12-12T13:37:22","slug":"kola-gospodyn-wiejskich-beda-mogly-zarabiac-wystepowac-o-dotacje","status":"publish","type":"post","link":"https:\/\/marekkuchcinski.pl\/en\/wydarzenia\/kola-gospodyn-wiejskich-beda-mogly-zarabiac-wystepowac-o-dotacje\/","title":{"rendered":"Women's Village Circles can earn and apply for grants. Priority is given to existing"},"content":{"rendered":"<div dir=\"ltr\">\n<div dir=\"ltr\">\n<div id=\"gmail-applications\" class=\"gmail-row\">\n<dl class=\"gmail-punktory gmail-afx-punktory-border\">\n<dd>\n<hr \/>\n<h4 style=\"text-align: left;\"><span style=\"color: #000000;\">The Sejm has passed a law on Rural Housewives' Circles that provides very specific - financial and administrative - tools to support this activity. First of all, there is real financial support - from 3 to 5 thousand zlotys for the start, but also tax reliefs, free legal services, formal facilitations. And full freedom of choice - either business as usual or under new, easier rules.<\/span><\/h4>\n<p>Instructions on how to get a grant for a Village Circle.<\/p>\n<p>Step 1: register your KGW at the Agency for Restructuring and Modernisation of Agriculture.<\/p>\n<p>Step 2: Create a bank account.<\/p>\n<p>Step 3: Get 3 to 5 thousand zloty for your circle for activity.<\/p>\n<p><a href=\"https:\/\/marekkuchcinski.pl\/wp-content\/uploads\/2018\/12\/20181209_124841.jpg\"><img fetchpriority=\"high\" decoding=\"async\" class=\"alignnone size-full wp-image-11670\" src=\"https:\/\/marekkuchcinski.pl\/wp-content\/uploads\/2018\/12\/20181209_124841.jpg\" alt=\"_20181209_124841\" width=\"2160\" height=\"2577\" srcset=\"https:\/\/marekkuchcinski.pl\/wp-content\/uploads\/2018\/12\/20181209_124841.jpg 1717w, https:\/\/marekkuchcinski.pl\/wp-content\/uploads\/2018\/12\/20181209_124841-251x300.jpg 251w, https:\/\/marekkuchcinski.pl\/wp-content\/uploads\/2018\/12\/20181209_124841-768x916.jpg 768w, https:\/\/marekkuchcinski.pl\/wp-content\/uploads\/2018\/12\/20181209_124841-858x1024.jpg 858w\" sizes=\"(max-width: 2160px) 100vw, 2160px\" \/><\/a><\/p>\n<blockquote>\n<div dir=\"ltr\">\n<div dir=\"ltr\">\n<div id=\"gmail-applications\" class=\"gmail-row\" style=\"text-align: center;\">\n<dl class=\"gmail-punktory gmail-afx-punktory-border\">\n<dt><\/dt>\n<dd><span style=\"color: #000000;\"><a style=\"color: #000000;\" title=\"Request for entry\" href=\"http:\/\/www.kobietygospodarnewyjatkowe.pl\/media\/66451\/Wniosek_o_wpis_KGW_MIIR.PDF\" target=\"_blank\">Application for registration of the Circle in the National Register of Rural Housewives' Circles<\/a><span class=\"gmail-file-details\">\u00a0(PDF 388 KB)<\/span><\/span><\/dd>\n<dt><\/dt>\n<dd><span style=\"color: #000000;\"><a style=\"color: #000000;\" title=\"Annex to the application\" href=\"http:\/\/www.kobietygospodarnewyjatkowe.pl\/media\/66449\/KGW_zalacznik_dla_zalozycieli_i_czlonkow_kola_MII.PDF\" target=\"_blank\">Appendix to the application - list of Circle members<\/a><span class=\"gmail-file-details\">\u00a0\u00a0(PDF 372 KB)<\/span><\/span><\/dd>\n<dt><\/dt>\n<dd><span style=\"color: #000000;\"><a style=\"color: #000000;\" title=\"Model Statutes\" href=\"http:\/\/www.kobietygospodarnewyjatkowe.pl\/media\/66450\/STATUT_KGW.pdf\" target=\"_blank\">Model statute for KGW<\/a><span class=\"gmail-file-details\">\u00a0(PDF 303 KB)<\/span><\/span><\/dd>\n<dt><\/dt>\n<dd><span style=\"color: #000000;\"><a style=\"color: #000000;\" title=\"Instructions for completing the application\" href=\"http:\/\/www.kobietygospodarnewyjatkowe.pl\/media\/66448\/Instrukcja_wypelniania_wniosku_o_wpis_kola_gospodyn_wiejskich_do_KRKGW.pdf\" target=\"_blank\">Instructions for completing the application and attachment\u00a0<\/a><span class=\"gmail-file-details\">\u00a0(PDF 424 KB)<\/span><\/span><\/dd>\n<dd><\/dd>\n<dd><\/dd>\n<\/dl>\n<\/div>\n<\/div>\n<\/div>\n<\/blockquote>\n<blockquote>\n<div dir=\"ltr\" style=\"text-align: center;\"><b>Program attorneys in the counties of the Podkarpackie Province:<\/b><\/div>\n<\/blockquote>\n<h2 id=\"gmail-Powiat bieszczadzki\" style=\"text-align: center;\"><span style=\"color: #000000;\">Bieszczady county<\/span><\/h2>\n<p style=\"text-align: center;\"><span style=\"color: #000000;\">District Office in Ustrzyki Dolne<\/span><\/p>\n<p style=\"text-align: center;\"><strong>Anna Karpijewicz<\/strong><\/p>\n<\/dd>\n<\/dl>\n<dl class=\"gmail-punktory gmail-afx-punktory-border\">\n<dd>\n<p style=\"text-align: center;\"><span style=\"color: #000000;\">Rynek 6 Street<\/span><\/p>\n<p style=\"text-align: center;\"><span style=\"color: #000000;\">38-700 Ustrzyki Dolne<\/span><\/p>\n<p style=\"text-align: center;\"><span style=\"color: #000000;\">tel. 13 461 37 61<\/span><\/p>\n<p style=\"text-align: center;\"><span style=\"color: #000000;\">fax 13 461 11 41<\/span><\/p>\n<h2 id=\"gmail-Powiat\u00a0brzozowski\" style=\"text-align: center;\"><span style=\"color: #000000;\">Brzesko District<\/span><\/h2>\n<p style=\"text-align: center;\"><span style=\"color: #000000;\">District Office in Brzoz\u00f3w<\/span><\/p>\n<p style=\"text-align: center;\"><strong>Bo\u017cena Paczkowska<\/strong><\/p>\n<\/dd>\n<\/dl>\n<dl class=\"gmail-punktory gmail-afx-punktory-border\">\n<dd>\n<p style=\"text-align: center;\"><span style=\"color: #000000;\">1 3-go Maja St.<\/span><\/p>\n<p style=\"text-align: center;\"><span style=\"color: #000000;\">36-200 Brzoz\u00f3w<\/span><\/p>\n<p style=\"text-align: center;\"><span style=\"color: #000000;\">tel. 13 434 41 01<\/span><\/p>\n<p style=\"text-align: center;\"><span style=\"color: #000000;\">fax 13 434 31 61<\/span><\/p>\n<h2 id=\"gmail-Powiat\u00a0d\u0119bicki\" style=\"text-align: center;\"><span style=\"color: #000000;\">Debica County<\/span><\/h2>\n<p style=\"text-align: center;\"><span style=\"color: #000000;\">District Office in Debica<\/span><\/p>\n<p style=\"text-align: center;\"><strong>Ewelina Ku\u015b<\/strong><\/p>\n<\/dd>\n<\/dl>\n<dl class=\"gmail-punktory gmail-afx-punktory-border\">\n<dd>\n<p style=\"text-align: center;\"><span style=\"color: #000000;\">36 Kolejowa Street<\/span><\/p>\n<p style=\"text-align: center;\"><span style=\"color: #000000;\">39-200 Debica<\/span><\/p>\n<p style=\"text-align: center;\"><span style=\"color: #000000;\">tel. 14 676 60 11<\/span><\/p>\n<p style=\"text-align: center;\"><span style=\"color: #000000;\">fax 14 670 35 73<\/span><\/p>\n<h2 id=\"gmail-Powiat\u00a0jaros\u0142awski\" style=\"text-align: center;\"><span style=\"color: #000000;\">County of Jaroslaw<\/span><\/h2>\n<p style=\"text-align: center;\"><span style=\"color: #000000;\">County Office in Jaros\u0142aw\u00a0<\/span><\/p>\n<p style=\"text-align: center;\"><strong>Krzysztof Piecuch<\/strong><\/p>\n<\/dd>\n<\/dl>\n<dl class=\"gmail-punktory gmail-afx-punktory-border\">\n<dd>\n<p style=\"text-align: center;\"><span style=\"color: #000000;\">7 Grunwaldzka Street<\/span><\/p>\n<p style=\"text-align: center;\"><span style=\"color: #000000;\">37-500 Yaroslavl<\/span><\/p>\n<p style=\"text-align: center;\"><span style=\"color: #000000;\">tel. 16 624 20 45<\/span><\/p>\n<p style=\"text-align: center;\"><span style=\"color: #000000;\">fax 16 623 29 11<\/span><\/p>\n<h2 id=\"gmail-Powiat\u00a0jasielski\" style=\"text-align: center;\"><span style=\"color: #000000;\">Jasielsk County<\/span><\/h2>\n<p style=\"text-align: center;\"><span style=\"color: #000000;\">County Office in Jas\u0142o<\/span><\/p>\n<p style=\"text-align: center;\"><strong>Anna Byczek<\/strong><\/p>\n<\/dd>\n<\/dl>\n<dl class=\"gmail-punktory gmail-afx-punktory-border\">\n<dd>\n<p style=\"text-align: center;\"><span style=\"color: #000000;\">6 S\u0142owackiego Street<\/span><\/p>\n<p style=\"text-align: center;\"><span style=\"color: #000000;\">38-200 Jaslo<\/span><\/p>\n<p style=\"text-align: center;\"><span style=\"color: #000000;\">tel. 13 448 42 81<\/span><\/p>\n<p style=\"text-align: center;\"><span style=\"color: #000000;\">fax 13 448 08 50<\/span><\/p>\n<h2 id=\"gmail-Powiat\u00a0kolbuszowski\" style=\"text-align: center;\"><span style=\"color: #000000;\">Kolbuszowa Poviat<\/span><\/h2>\n<p style=\"text-align: center;\"><span style=\"color: #000000;\">County Office in Kolbuszowa<\/span><\/p>\n<p style=\"text-align: center;\"><strong>Barbara Zygo<\/strong><\/p>\n<\/dd>\n<\/dl>\n<dl class=\"gmail-punktory gmail-afx-punktory-border\">\n<dd>\n<p style=\"text-align: center;\"><span style=\"color: #000000;\">4 Towarowa Street<\/span><\/p>\n<p style=\"text-align: center;\"><span style=\"color: #000000;\">36-100 Kolbuszowa<\/span><\/p>\n<p style=\"text-align: center;\"><span style=\"color: #000000;\">tel. 17 227 00 30<\/span><\/p>\n<p style=\"text-align: center;\"><span style=\"color: #000000;\">fax 17 227 21 62<\/span><\/p>\n<h2 id=\"gmail-Powiat\u00a0kro\u015bnie\u0144ski\" style=\"text-align: center;\"><span style=\"color: #000000;\">Krosno County<\/span><\/h2>\n<p style=\"text-align: center;\"><span style=\"color: #000000;\">County Office in Krosno\u00a0<\/span><\/p>\n<p style=\"text-align: center;\"><strong>Piotr Br\u0105giel<\/strong><\/p>\n<\/dd>\n<\/dl>\n<dl class=\"gmail-punktory gmail-afx-punktory-border\">\n<dd>\n<p style=\"text-align: center;\"><span style=\"color: #000000;\">9 \u017bwirki i Wigury Street<\/span><\/p>\n<p style=\"text-align: center;\"><span style=\"color: #000000;\">38-400 Krosno<\/span><\/p>\n<p style=\"text-align: center;\"><span style=\"color: #000000;\">tel. 13 420 40 81<\/span><\/p>\n<p style=\"text-align: center;\"><span style=\"color: #000000;\">fax 13 436 45 42<\/span><\/p>\n<h2 id=\"gmail-Powiat\u00a0leski\" style=\"text-align: center;\"><span style=\"color: #000000;\">Lesko County<\/span><\/h2>\n<p style=\"text-align: center;\"><span style=\"color: #000000;\">District Office in Lesko<\/span><\/p>\n<p style=\"text-align: center;\"><strong>Paulina Potoczna<\/strong><\/p>\n<\/dd>\n<\/dl>\n<dl class=\"gmail-punktory gmail-afx-punktory-border\">\n<dd>\n<p style=\"text-align: center;\"><span style=\"color: #000000;\">Moniuszki street 6<\/span><\/p>\n<p style=\"text-align: center;\"><span style=\"color: #000000;\">38-600 Lesko<\/span><\/p>\n<p style=\"text-align: center;\"><span style=\"color: #000000;\">tel. 13 469 92 41<\/span><\/p>\n<p style=\"text-align: center;\"><span style=\"color: #000000;\">fax 13 469 65 80<\/span><\/p>\n<h2 id=\"gmail-Powiat\u00a0le\u017cajski\" style=\"text-align: center;\"><span style=\"color: #000000;\">Lezajski County<\/span><\/h2>\n<p style=\"text-align: center;\"><span style=\"color: #000000;\">County Office in Lezajsk<\/span><\/p>\n<p style=\"text-align: center;\"><strong>Grzegorz Kochman<\/strong><\/p>\n<\/dd>\n<\/dl>\n<dl class=\"gmail-punktory gmail-afx-punktory-border\">\n<dd>\n<p style=\"text-align: center;\"><span style=\"color: #000000;\">Mickiewicza Street 20<\/span><\/p>\n<p style=\"text-align: center;\"><span style=\"color: #000000;\">37-300 Lezajsk<\/span><\/p>\n<p style=\"text-align: center;\"><span style=\"color: #000000;\">tel. 17 240 67 00<\/span><\/p>\n<p style=\"text-align: center;\"><span style=\"color: #000000;\">fax 17 242 62 58<\/span><\/p>\n<h2 id=\"gmail-Powiat lubaczowski\" style=\"text-align: center;\"><span style=\"color: #000000;\">Lubaczow Poviat<\/span><\/h2>\n<p style=\"text-align: center;\"><span style=\"color: #000000;\">County Office in Lubaczow<\/span><\/p>\n<p style=\"text-align: center;\"><strong>Marlena Golenia<\/strong><\/p>\n<\/dd>\n<\/dl>\n<dl class=\"gmail-punktory gmail-afx-punktory-border\">\n<dd>\n<p style=\"text-align: center;\"><span style=\"color: #000000;\">Mazury Street 3<\/span><\/p>\n<p style=\"text-align: center;\"><span style=\"color: #000000;\">37-600 Lubaczow<\/span><\/p>\n<p style=\"text-align: center;\"><span style=\"color: #000000;\">tel. 16 633 02 11<\/span><\/p>\n<p style=\"text-align: center;\"><span style=\"color: #000000;\">fax 16 632 46 48<\/span><\/p>\n<h2 id=\"gmail-Powiat\u00a0\u0142a\u0144cucki\" style=\"text-align: center;\"><span style=\"color: #000000;\">County of \u0141a\u0144cut<\/span><\/h2>\n<p style=\"text-align: center;\"><span style=\"color: #000000;\">County Office in \u0141a\u0144cut<\/span><\/p>\n<p style=\"text-align: center;\"><strong>Katarzyna \u015awi\u0119toniowska<\/strong><\/p>\n<\/dd>\n<\/dl>\n<dl class=\"gmail-punktory gmail-afx-punktory-border\">\n<dd>\n<p style=\"text-align: center;\"><span style=\"color: #000000;\">20 Traugutta Street<\/span><\/p>\n<p style=\"text-align: center;\"><span style=\"color: #000000;\">37-100 Lancut<\/span><\/p>\n<p style=\"text-align: center;\"><span style=\"color: #000000;\">tel. 17 224 03 30<\/span><\/p>\n<p style=\"text-align: center;\"><span style=\"color: #000000;\">fax 17 225 85 23<\/span><\/p>\n<h2 id=\"gmail-Powiat\u00a0mielecki\" style=\"text-align: center;\"><span style=\"color: #000000;\">Mielec County<\/span><\/h2>\n<p style=\"text-align: center;\"><span style=\"color: #000000;\">County Office in Mielec<\/span><\/p>\n<p style=\"text-align: center;\"><strong>Wieslaw Krupa<\/strong><\/p>\n<\/dd>\n<\/dl>\n<dl class=\"gmail-punktory gmail-afx-punktory-border\">\n<dd>\n<p style=\"text-align: center;\"><span style=\"color: #000000;\">1 Sienkiewicza St.<\/span><\/p>\n<p style=\"text-align: center;\"><span style=\"color: #000000;\">39-300 Mielec<\/span><\/p>\n<p style=\"text-align: center;\"><span style=\"color: #000000;\">tel. 17 581 06 10<\/span><\/p>\n<p style=\"text-align: center;\"><span style=\"color: #000000;\">fax 17 585 39 56<\/span><\/p>\n<h2 id=\"gmail-Powiat\u00a0ni\u017ca\u0144ski\" style=\"text-align: center;\"><span style=\"color: #000000;\">County of Nisko<\/span><\/h2>\n<p style=\"text-align: center;\"><span style=\"color: #000000;\">County Office in Nisk<\/span><\/p>\n<p style=\"text-align: center;\"><strong>Janusz Bronkiewicz<\/strong><\/p>\n<\/dd>\n<\/dl>\n<dl class=\"gmail-punktory gmail-afx-punktory-border\">\n<dd>\n<p style=\"text-align: center;\"><span style=\"color: #000000;\">42 Rzeszowska St.<\/span><\/p>\n<p style=\"text-align: center;\"><span style=\"color: #000000;\">37-400 Nisko<\/span><\/p>\n<p style=\"text-align: center;\"><span style=\"color: #000000;\">tel. 15 843 28 74<\/span><\/p>\n<p style=\"text-align: center;\"><span style=\"color: #000000;\">fax 15 841 54 01<\/span><\/p>\n<h2 id=\"gmail-Powiat\u00a0przemyski\" style=\"text-align: center;\"><span style=\"color: #000000;\">Przemy\u015bl District<\/span><\/h2>\n<p style=\"text-align: center;\"><span style=\"color: #000000;\">County Office in Przemy\u015bl<\/span><\/p>\n<p style=\"text-align: center;\"><strong>Anna Makara<\/strong><\/p>\n<\/dd>\n<\/dl>\n<dl class=\"gmail-punktory gmail-afx-punktory-border\">\n<dd>\n<p style=\"text-align: center;\"><span style=\"color: #000000;\">Grunwaldzka Street 58<\/span><\/p>\n<p style=\"text-align: center;\"><span style=\"color: #000000;\">37-700 Przemy\u015bl<\/span><\/p>\n<p style=\"text-align: center;\"><span style=\"color: #000000;\">tel. 16 677 00 63<\/span><\/p>\n<p style=\"text-align: center;\"><span style=\"color: #000000;\">fax 16 670 30 94<\/span><\/p>\n<h2 id=\"gmail-Powiat\u00a0przeworski\" style=\"text-align: center;\"><span style=\"color: #000000;\">Przeworski Poviat<\/span><\/h2>\n<p style=\"text-align: center;\"><span style=\"color: #000000;\">Przeworsk District Office<\/span><\/p>\n<p style=\"text-align: center;\"><strong>Magdalena Ro\u017cek<\/strong><\/p>\n<\/dd>\n<\/dl>\n<dl class=\"gmail-punktory gmail-afx-punktory-border\">\n<dd>\n<p style=\"text-align: center;\"><span style=\"color: #000000;\">1 Budowlanych Street<\/span><\/p>\n<p style=\"text-align: center;\"><span style=\"color: #000000;\">37-200 Przeworsk<\/span><\/p>\n<p style=\"text-align: center;\"><span style=\"color: #000000;\">tel. 16 649 04 60<\/span><\/p>\n<p style=\"text-align: center;\"><span style=\"color: #000000;\">fax 16 648 66 47<\/span><\/p>\n<h2 id=\"gmail-Powiat\u00a0ropczycko-s\u0119dziszowski\" style=\"text-align: center;\"><span style=\"color: #000000;\">Ropczycko-s\u0119dziszowski district<\/span><\/h2>\n<p style=\"text-align: center;\"><span style=\"color: #000000;\">\u00a0 District Office in Ropczyce<\/span><\/p>\n<p style=\"text-align: center;\"><strong>Anna Wy\u017ckiewicz<\/strong><\/p>\n<\/dd>\n<\/dl>\n<dl class=\"gmail-punktory gmail-afx-punktory-border\">\n<dd>\n<p style=\"text-align: center;\"><span style=\"color: #000000;\">4 Barbary Street<\/span><\/p>\n<p style=\"text-align: center;\"><span style=\"color: #000000;\">39-100 Ropczyce<\/span><\/p>\n<p style=\"text-align: center;\"><span style=\"color: #000000;\">tel. 17 221 06 20<\/span><\/p>\n<p style=\"text-align: center;\"><span style=\"color: #000000;\">fax 17 221 85 36<\/span><\/p>\n<h2 id=\"gmail-Powiat\u00a0rzeszowski\" style=\"text-align: center;\"><span style=\"color: #000000;\">Rzesz\u00f3w Poviat<\/span><\/h2>\n<p style=\"text-align: center;\"><span style=\"color: #000000;\">Poviat Office in Rzesz\u00f3w<\/span><\/p>\n<p style=\"text-align: center;\"><strong>Ernest Lasota<\/strong><\/p>\n<\/dd>\n<\/dl>\n<dl class=\"gmail-punktory gmail-afx-punktory-border\">\n<dd>\n<p style=\"text-align: center;\"><span style=\"color: #000000;\">46 Lubelska Street<\/span><\/p>\n<p style=\"text-align: center;\"><span style=\"color: #000000;\">35-233 Rzesz\u00f3w<\/span><\/p>\n<p style=\"text-align: center;\"><span style=\"color: #000000;\">tel. 17 860 22 41<\/span><\/p>\n<p style=\"text-align: center;\"><span style=\"color: #000000;\">fax 17 864 20 26<\/span><\/p>\n<h2 id=\"gmail-Powiat\u00a0sanocki\" style=\"text-align: center;\"><span style=\"color: #000000;\">Sanocki District<\/span><\/h2>\n<p style=\"text-align: center;\"><span style=\"color: #000000;\">County Office in Sanok<\/span><\/p>\n<p style=\"text-align: center;\"><strong>Lidia Lipka<\/strong><\/p>\n<\/dd>\n<\/dl>\n<dl class=\"gmail-punktory gmail-afx-punktory-border\">\n<dd>\n<p style=\"text-align: center;\"><span style=\"color: #000000;\">Mickiewicza Street 29<\/span><\/p>\n<p style=\"text-align: center;\"><span style=\"color: #000000;\">38-500 Sanok<\/span><\/p>\n<p style=\"text-align: center;\"><span style=\"color: #000000;\">tel. 13 464 68 61<\/span><\/p>\n<p style=\"text-align: center;\"><span style=\"color: #000000;\">fax 13 464 75 20<\/span><\/p>\n<h2 id=\"gmail-Powiat\u00a0stalowowolski\" style=\"text-align: center;\"><span style=\"color: #000000;\">District of Stalowa Wola<\/span><\/h2>\n<p style=\"text-align: center;\"><span style=\"color: #000000;\">District Office in Stalowa Wola<\/span><\/p>\n<p style=\"text-align: center;\"><strong>Marcin Chodorek<\/strong><\/p>\n<\/dd>\n<\/dl>\n<dl class=\"gmail-punktory gmail-afx-punktory-border\">\n<dd>\n<p style=\"text-align: center;\"><span style=\"color: #000000;\">10 Dmowskiego Street<\/span><\/p>\n<p style=\"text-align: center;\"><span style=\"color: #000000;\">37-450 Stalowa Wola<\/span><\/p>\n<p style=\"text-align: center;\"><span style=\"color: #000000;\">tel. 15 843 28 60<\/span><\/p>\n<p style=\"text-align: center;\"><span style=\"color: #000000;\">fax 15 844 54 74<\/span><\/p>\n<h2 id=\"gmail-Powiat\u00a0strzy\u017cowski\" style=\"text-align: center;\"><span style=\"color: #000000;\">Strzy\u017c\u00f3w County<\/span><\/h2>\n<p style=\"text-align: center;\"><span style=\"color: #000000;\">County Office in Strzy\u017c\u00f3w\u00a0<\/span><\/p>\n<p style=\"text-align: center;\"><strong>Marta Nowak<\/strong><\/p>\n<\/dd>\n<\/dl>\n<dl class=\"gmail-punktory gmail-afx-punktory-border\">\n<dd>\n<p style=\"text-align: center;\"><span style=\"color: #000000;\">38 1-go Maja St.<\/span><\/p>\n<p style=\"text-align: center;\"><span style=\"color: #000000;\">38-100 Strzy\u017c\u00f3w<\/span><\/p>\n<p style=\"text-align: center;\"><span style=\"color: #000000;\">tel. 17 276 05 01<\/span><\/p>\n<p style=\"text-align: center;\"><span style=\"color: #000000;\">fax 17 276 10 18<\/span><\/p>\n<h2 id=\"gmail-Powiat\u00a0tarnobrzeski\" style=\"text-align: center;\"><span style=\"color: #000000;\">County of Tarnobrzeg<\/span><\/h2>\n<p style=\"text-align: center;\"><span style=\"color: #000000;\">\u00a0District Office in Tarnobrzeg\u00a0<\/span><\/p>\n<p style=\"text-align: center;\"><strong>Grzegorz Kozik<\/strong><\/p>\n<\/dd>\n<\/dl>\n<dl class=\"gmail-punktory gmail-afx-punktory-border\">\n<dd>\n<p style=\"text-align: center;\"><span style=\"color: #000000;\">4a 1-go Maja St.<\/span><\/p>\n<p style=\"text-align: center;\"><span style=\"color: #000000;\">39-400 Tarnobrzeg<\/span><\/p>\n<p style=\"text-align: center;\"><span style=\"color: #000000;\">tel. 15 823 47 48<\/span><\/p>\n<p style=\"text-align: center;\"><span style=\"color: #000000;\">fax 15 822 95 51<\/span><\/p>\n<\/dd>\n<\/dl>\n<\/div>\n<\/div>\n<\/div>\n<p><span style=\"color: #000000;\"><a style=\"color: #000000;\" href=\"https:\/\/marekkuchcinski.pl\/wp-content\/uploads\/2018\/12\/Gospodynie-wiejskie.jpg\"><img decoding=\"async\" class=\"alignnone size-full wp-image-11656 alignleft\" src=\"https:\/\/marekkuchcinski.pl\/wp-content\/uploads\/2018\/12\/Gospodynie-wiejskie.jpg\" alt=\"Gospodynie wiejskie\" width=\"960\" height=\"720\" srcset=\"https:\/\/marekkuchcinski.pl\/wp-content\/uploads\/2018\/12\/Gospodynie-wiejskie.jpg 960w, https:\/\/marekkuchcinski.pl\/wp-content\/uploads\/2018\/12\/Gospodynie-wiejskie-300x225.jpg 300w, https:\/\/marekkuchcinski.pl\/wp-content\/uploads\/2018\/12\/Gospodynie-wiejskie-768x576.jpg 768w\" sizes=\"(max-width: 960px) 100vw, 960px\" \/><\/a><\/span><\/p>","protected":false},"excerpt":{"rendered":"<p>Sejm uchwali\u0142 ustaw\u0119 o Ko\u0142ach Gospody\u0144 Wiejskich, w kt\u00f3rej zawarto bardzo konkretne &#8211; finansowe i administracyjne &#8211; narz\u0119dzia wsparcia\u00a0tej dzia\u0142alno\u015bci. To przede wszystkim realna pomoc finansowa &#8211; od 3 do 5 tys. z\u0142otych na start, ale tak\u017ce ulgi podatkowe, bezp\u0142atna obs\u0142uga prawna, u\u0142atwienia formalne. I pe\u0142na swoboda wyboru &#8211; albo dzia\u0142alno\u015b\u0107 w dotychczasowej formie, albo [&hellip;]<\/p>","protected":false},"author":6,"featured_media":11656,"comment_status":"open","ping_status":"open","sticky":false,"template":"","format":"standard","meta":{"ngg_post_thumbnail":0,"footnotes":""},"categories":[49,82,3],"tags":[],"class_list":["post-11655","post","type-post","status-publish","format-standard","has-post-thumbnail","hentry","category-podkarpacie","category-prawo-i-sprawiedliwosc","category-wydarzenia"],"yoast_head":"<!-- This site is optimized with the Yoast SEO plugin v24.7 - https:\/\/yoast.com\/wordpress\/plugins\/seo\/ -->\n<title>Ko\u0142a Gospody\u0144 Wiejskich mog\u0105 zarabia\u0107 i wyst\u0119powa\u0107 o dotacje. Pierwsze\u0144stwo maj\u0105 ju\u017c istniej\u0105ce &#8211; Marek Kuchci\u0144ski<\/title>\n<meta name=\"robots\" content=\"index, follow, max-snippet:-1, max-image-preview:large, max-video-preview:-1\" \/>\n<link rel=\"canonical\" href=\"https:\/\/marekkuchcinski.pl\/en\/wydarzenia\/kola-gospodyn-wiejskich-beda-mogly-zarabiac-wystepowac-o-dotacje\/\" \/>\n<meta property=\"og:locale\" content=\"en_GB\" \/>\n<meta property=\"og:type\" content=\"article\" \/>\n<meta property=\"og:title\" content=\"Ko\u0142a Gospody\u0144 Wiejskich mog\u0105 zarabia\u0107 i wyst\u0119powa\u0107 o dotacje. Pierwsze\u0144stwo maj\u0105 ju\u017c istniej\u0105ce &#8211; Marek Kuchci\u0144ski\" \/>\n<meta property=\"og:description\" content=\"Sejm uchwali\u0142 ustaw\u0119 o Ko\u0142ach Gospody\u0144 Wiejskich, w kt\u00f3rej zawarto bardzo konkretne &#8211; finansowe i administracyjne &#8211; narz\u0119dzia wsparcia\u00a0tej dzia\u0142alno\u015bci. To przede wszystkim realna pomoc finansowa &#8211; od 3 do 5 tys. z\u0142otych na start, ale tak\u017ce ulgi podatkowe, bezp\u0142atna obs\u0142uga prawna, u\u0142atwienia formalne. I pe\u0142na swoboda wyboru &#8211; albo dzia\u0142alno\u015b\u0107 w dotychczasowej formie, albo [&hellip;]\" \/>\n<meta property=\"og:url\" content=\"https:\/\/marekkuchcinski.pl\/en\/wydarzenia\/kola-gospodyn-wiejskich-beda-mogly-zarabiac-wystepowac-o-dotacje\/\" \/>\n<meta property=\"og:site_name\" content=\"Marek Kuchci\u0144ski\" \/>\n<meta property=\"article:published_time\" content=\"2018-12-09T11:46:38+00:00\" \/>\n<meta property=\"article:modified_time\" content=\"2018-12-12T13:37:22+00:00\" \/>\n<meta property=\"og:image\" content=\"https:\/\/marekkuchcinski.pl\/wp-content\/uploads\/2018\/12\/Gospodynie-wiejskie.jpg\" \/>\n\t<meta property=\"og:image:width\" content=\"960\" \/>\n\t<meta property=\"og:image:height\" content=\"720\" \/>\n\t<meta property=\"og:image:type\" content=\"image\/jpeg\" \/>\n<meta name=\"author\" content=\"admin\" \/>\n<meta name=\"twitter:card\" content=\"summary_large_image\" \/>\n<meta name=\"twitter:label1\" content=\"Written by\" \/>\n\t<meta name=\"twitter:data1\" content=\"admin\" \/>\n\t<meta name=\"twitter:label2\" content=\"Estimated reading time\" \/>\n\t<meta name=\"twitter:data2\" content=\"2 minutes\" \/>\n<script type=\"application\/ld+json\" class=\"yoast-schema-graph\">{\"@context\":\"https:\/\/schema.org\",\"@graph\":[{\"@type\":\"Article\",\"@id\":\"https:\/\/marekkuchcinski.pl\/wydarzenia\/kola-gospodyn-wiejskich-beda-mogly-zarabiac-wystepowac-o-dotacje\/#article\",\"isPartOf\":{\"@id\":\"https:\/\/marekkuchcinski.pl\/wydarzenia\/kola-gospodyn-wiejskich-beda-mogly-zarabiac-wystepowac-o-dotacje\/\"},\"author\":{\"name\":\"admin\",\"@id\":\"https:\/\/marekkuchcinski.pl\/#\/schema\/person\/6f62700996b4d950b6ea2d1183b6c6be\"},\"headline\":\"Ko\u0142a Gospody\u0144 Wiejskich mog\u0105 zarabia\u0107 i wyst\u0119powa\u0107 o dotacje. Pierwsze\u0144stwo maj\u0105 ju\u017c istniej\u0105ce\",\"datePublished\":\"2018-12-09T11:46:38+00:00\",\"dateModified\":\"2018-12-12T13:37:22+00:00\",\"mainEntityOfPage\":{\"@id\":\"https:\/\/marekkuchcinski.pl\/wydarzenia\/kola-gospodyn-wiejskich-beda-mogly-zarabiac-wystepowac-o-dotacje\/\"},\"wordCount\":514,\"commentCount\":0,\"publisher\":{\"@id\":\"https:\/\/marekkuchcinski.pl\/#organization\"},\"image\":{\"@id\":\"https:\/\/marekkuchcinski.pl\/wydarzenia\/kola-gospodyn-wiejskich-beda-mogly-zarabiac-wystepowac-o-dotacje\/#primaryimage\"},\"thumbnailUrl\":\"https:\/\/marekkuchcinski.pl\/wp-content\/uploads\/2018\/12\/Gospodynie-wiejskie.jpg\",\"articleSection\":[\"Podkarpacie\",\"Prawo i Sprawiedliwo\u015b\u0107\",\"Wydarzenia\"],\"inLanguage\":\"en-GB\",\"potentialAction\":[{\"@type\":\"CommentAction\",\"name\":\"Comment\",\"target\":[\"https:\/\/marekkuchcinski.pl\/wydarzenia\/kola-gospodyn-wiejskich-beda-mogly-zarabiac-wystepowac-o-dotacje\/#respond\"]}]},{\"@type\":\"WebPage\",\"@id\":\"https:\/\/marekkuchcinski.pl\/wydarzenia\/kola-gospodyn-wiejskich-beda-mogly-zarabiac-wystepowac-o-dotacje\/\",\"url\":\"https:\/\/marekkuchcinski.pl\/wydarzenia\/kola-gospodyn-wiejskich-beda-mogly-zarabiac-wystepowac-o-dotacje\/\",\"name\":\"Ko\u0142a Gospody\u0144 Wiejskich mog\u0105 zarabia\u0107 i wyst\u0119powa\u0107 o dotacje. Pierwsze\u0144stwo maj\u0105 ju\u017c istniej\u0105ce &#8211; Marek Kuchci\u0144ski\",\"isPartOf\":{\"@id\":\"https:\/\/marekkuchcinski.pl\/#website\"},\"primaryImageOfPage\":{\"@id\":\"https:\/\/marekkuchcinski.pl\/wydarzenia\/kola-gospodyn-wiejskich-beda-mogly-zarabiac-wystepowac-o-dotacje\/#primaryimage\"},\"image\":{\"@id\":\"https:\/\/marekkuchcinski.pl\/wydarzenia\/kola-gospodyn-wiejskich-beda-mogly-zarabiac-wystepowac-o-dotacje\/#primaryimage\"},\"thumbnailUrl\":\"https:\/\/marekkuchcinski.pl\/wp-content\/uploads\/2018\/12\/Gospodynie-wiejskie.jpg\",\"datePublished\":\"2018-12-09T11:46:38+00:00\",\"dateModified\":\"2018-12-12T13:37:22+00:00\",\"breadcrumb\":{\"@id\":\"https:\/\/marekkuchcinski.pl\/wydarzenia\/kola-gospodyn-wiejskich-beda-mogly-zarabiac-wystepowac-o-dotacje\/#breadcrumb\"},\"inLanguage\":\"en-GB\",\"potentialAction\":[{\"@type\":\"ReadAction\",\"target\":[\"https:\/\/marekkuchcinski.pl\/wydarzenia\/kola-gospodyn-wiejskich-beda-mogly-zarabiac-wystepowac-o-dotacje\/\"]}]},{\"@type\":\"ImageObject\",\"inLanguage\":\"en-GB\",\"@id\":\"https:\/\/marekkuchcinski.pl\/wydarzenia\/kola-gospodyn-wiejskich-beda-mogly-zarabiac-wystepowac-o-dotacje\/#primaryimage\",\"url\":\"https:\/\/marekkuchcinski.pl\/wp-content\/uploads\/2018\/12\/Gospodynie-wiejskie.jpg\",\"contentUrl\":\"https:\/\/marekkuchcinski.pl\/wp-content\/uploads\/2018\/12\/Gospodynie-wiejskie.jpg\",\"width\":960,\"height\":720},{\"@type\":\"BreadcrumbList\",\"@id\":\"https:\/\/marekkuchcinski.pl\/wydarzenia\/kola-gospodyn-wiejskich-beda-mogly-zarabiac-wystepowac-o-dotacje\/#breadcrumb\",\"itemListElement\":[{\"@type\":\"ListItem\",\"position\":1,\"name\":\"Strona g\u0142\u00f3wna\",\"item\":\"https:\/\/marekkuchcinski.pl\/\"},{\"@type\":\"ListItem\",\"position\":2,\"name\":\"Ko\u0142a Gospody\u0144 Wiejskich mog\u0105 zarabia\u0107 i wyst\u0119powa\u0107 o dotacje. Pierwsze\u0144stwo maj\u0105 ju\u017c istniej\u0105ce\"}]},{\"@type\":\"WebSite\",\"@id\":\"https:\/\/marekkuchcinski.pl\/#website\",\"url\":\"https:\/\/marekkuchcinski.pl\/\",\"name\":\"Marek Kuchci\u0144ski\",\"description\":\"Pose\u0142 na sejm RP &ndash; okr\u0119g nr 22\",\"publisher\":{\"@id\":\"https:\/\/marekkuchcinski.pl\/#organization\"},\"potentialAction\":[{\"@type\":\"SearchAction\",\"target\":{\"@type\":\"EntryPoint\",\"urlTemplate\":\"https:\/\/marekkuchcinski.pl\/?s={search_term_string}\"},\"query-input\":{\"@type\":\"PropertyValueSpecification\",\"valueRequired\":true,\"valueName\":\"search_term_string\"}}],\"inLanguage\":\"en-GB\"},{\"@type\":\"Organization\",\"@id\":\"https:\/\/marekkuchcinski.pl\/#organization\",\"name\":\"Marek Kuchci\u0144ski\",\"url\":\"https:\/\/marekkuchcinski.pl\/\",\"logo\":{\"@type\":\"ImageObject\",\"inLanguage\":\"en-GB\",\"@id\":\"https:\/\/marekkuchcinski.pl\/#\/schema\/logo\/image\/\",\"url\":\"https:\/\/marekkuchcinski.pl\/wp-content\/uploads\/2022\/09\/Marek.jpg\",\"contentUrl\":\"https:\/\/marekkuchcinski.pl\/wp-content\/uploads\/2022\/09\/Marek.jpg\",\"width\":1600,\"height\":971,\"caption\":\"Marek Kuchci\u0144ski\"},\"image\":{\"@id\":\"https:\/\/marekkuchcinski.pl\/#\/schema\/logo\/image\/\"}},{\"@type\":\"Person\",\"@id\":\"https:\/\/marekkuchcinski.pl\/#\/schema\/person\/6f62700996b4d950b6ea2d1183b6c6be\",\"name\":\"admin\",\"image\":{\"@type\":\"ImageObject\",\"inLanguage\":\"en-GB\",\"@id\":\"https:\/\/marekkuchcinski.pl\/#\/schema\/person\/image\/\",\"url\":\"https:\/\/secure.gravatar.com\/avatar\/4bab693b9d55c3d6b52c0296a8765085?s=96&d=mm&r=g\",\"contentUrl\":\"https:\/\/secure.gravatar.com\/avatar\/4bab693b9d55c3d6b52c0296a8765085?s=96&d=mm&r=g\",\"caption\":\"admin\"},\"url\":\"https:\/\/marekkuchcinski.pl\/en\/author\/marta-olejnik\/\"}]}<\/script>\n<!-- \/ Yoast SEO plugin. -->","yoast_head_json":{"title":"Ko\u0142a Gospody\u0144 Wiejskich mog\u0105 zarabia\u0107 i wyst\u0119powa\u0107 o dotacje. Pierwsze\u0144stwo maj\u0105 ju\u017c istniej\u0105ce &#8211; Marek Kuchci\u0144ski","robots":{"index":"index","follow":"follow","max-snippet":"max-snippet:-1","max-image-preview":"max-image-preview:large","max-video-preview":"max-video-preview:-1"},"canonical":"https:\/\/marekkuchcinski.pl\/en\/wydarzenia\/kola-gospodyn-wiejskich-beda-mogly-zarabiac-wystepowac-o-dotacje\/","og_locale":"en_GB","og_type":"article","og_title":"Ko\u0142a Gospody\u0144 Wiejskich mog\u0105 zarabia\u0107 i wyst\u0119powa\u0107 o dotacje. Pierwsze\u0144stwo maj\u0105 ju\u017c istniej\u0105ce &#8211; Marek Kuchci\u0144ski","og_description":"Sejm uchwali\u0142 ustaw\u0119 o Ko\u0142ach Gospody\u0144 Wiejskich, w kt\u00f3rej zawarto bardzo konkretne &#8211; finansowe i administracyjne &#8211; narz\u0119dzia wsparcia\u00a0tej dzia\u0142alno\u015bci. To przede wszystkim realna pomoc finansowa &#8211; od 3 do 5 tys. z\u0142otych na start, ale tak\u017ce ulgi podatkowe, bezp\u0142atna obs\u0142uga prawna, u\u0142atwienia formalne. I pe\u0142na swoboda wyboru &#8211; albo dzia\u0142alno\u015b\u0107 w dotychczasowej formie, albo [&hellip;]","og_url":"https:\/\/marekkuchcinski.pl\/en\/wydarzenia\/kola-gospodyn-wiejskich-beda-mogly-zarabiac-wystepowac-o-dotacje\/","og_site_name":"Marek Kuchci\u0144ski","article_published_time":"2018-12-09T11:46:38+00:00","article_modified_time":"2018-12-12T13:37:22+00:00","og_image":[{"width":960,"height":720,"url":"https:\/\/marekkuchcinski.pl\/wp-content\/uploads\/2018\/12\/Gospodynie-wiejskie.jpg","type":"image\/jpeg"}],"author":"admin","twitter_card":"summary_large_image","twitter_misc":{"Written by":"admin","Estimated reading time":"2 minutes"},"schema":{"@context":"https:\/\/schema.org","@graph":[{"@type":"Article","@id":"https:\/\/marekkuchcinski.pl\/wydarzenia\/kola-gospodyn-wiejskich-beda-mogly-zarabiac-wystepowac-o-dotacje\/#article","isPartOf":{"@id":"https:\/\/marekkuchcinski.pl\/wydarzenia\/kola-gospodyn-wiejskich-beda-mogly-zarabiac-wystepowac-o-dotacje\/"},"author":{"name":"admin","@id":"https:\/\/marekkuchcinski.pl\/#\/schema\/person\/6f62700996b4d950b6ea2d1183b6c6be"},"headline":"Ko\u0142a Gospody\u0144 Wiejskich mog\u0105 zarabia\u0107 i wyst\u0119powa\u0107 o dotacje. Pierwsze\u0144stwo maj\u0105 ju\u017c istniej\u0105ce","datePublished":"2018-12-09T11:46:38+00:00","dateModified":"2018-12-12T13:37:22+00:00","mainEntityOfPage":{"@id":"https:\/\/marekkuchcinski.pl\/wydarzenia\/kola-gospodyn-wiejskich-beda-mogly-zarabiac-wystepowac-o-dotacje\/"},"wordCount":514,"commentCount":0,"publisher":{"@id":"https:\/\/marekkuchcinski.pl\/#organization"},"image":{"@id":"https:\/\/marekkuchcinski.pl\/wydarzenia\/kola-gospodyn-wiejskich-beda-mogly-zarabiac-wystepowac-o-dotacje\/#primaryimage"},"thumbnailUrl":"https:\/\/marekkuchcinski.pl\/wp-content\/uploads\/2018\/12\/Gospodynie-wiejskie.jpg","articleSection":["Podkarpacie","Prawo i Sprawiedliwo\u015b\u0107","Wydarzenia"],"inLanguage":"en-GB","potentialAction":[{"@type":"CommentAction","name":"Comment","target":["https:\/\/marekkuchcinski.pl\/wydarzenia\/kola-gospodyn-wiejskich-beda-mogly-zarabiac-wystepowac-o-dotacje\/#respond"]}]},{"@type":"WebPage","@id":"https:\/\/marekkuchcinski.pl\/wydarzenia\/kola-gospodyn-wiejskich-beda-mogly-zarabiac-wystepowac-o-dotacje\/","url":"https:\/\/marekkuchcinski.pl\/wydarzenia\/kola-gospodyn-wiejskich-beda-mogly-zarabiac-wystepowac-o-dotacje\/","name":"Ko\u0142a Gospody\u0144 Wiejskich mog\u0105 zarabia\u0107 i wyst\u0119powa\u0107 o dotacje. Pierwsze\u0144stwo maj\u0105 ju\u017c istniej\u0105ce &#8211; Marek Kuchci\u0144ski","isPartOf":{"@id":"https:\/\/marekkuchcinski.pl\/#website"},"primaryImageOfPage":{"@id":"https:\/\/marekkuchcinski.pl\/wydarzenia\/kola-gospodyn-wiejskich-beda-mogly-zarabiac-wystepowac-o-dotacje\/#primaryimage"},"image":{"@id":"https:\/\/marekkuchcinski.pl\/wydarzenia\/kola-gospodyn-wiejskich-beda-mogly-zarabiac-wystepowac-o-dotacje\/#primaryimage"},"thumbnailUrl":"https:\/\/marekkuchcinski.pl\/wp-content\/uploads\/2018\/12\/Gospodynie-wiejskie.jpg","datePublished":"2018-12-09T11:46:38+00:00","dateModified":"2018-12-12T13:37:22+00:00","breadcrumb":{"@id":"https:\/\/marekkuchcinski.pl\/wydarzenia\/kola-gospodyn-wiejskich-beda-mogly-zarabiac-wystepowac-o-dotacje\/#breadcrumb"},"inLanguage":"en-GB","potentialAction":[{"@type":"ReadAction","target":["https:\/\/marekkuchcinski.pl\/wydarzenia\/kola-gospodyn-wiejskich-beda-mogly-zarabiac-wystepowac-o-dotacje\/"]}]},{"@type":"ImageObject","inLanguage":"en-GB","@id":"https:\/\/marekkuchcinski.pl\/wydarzenia\/kola-gospodyn-wiejskich-beda-mogly-zarabiac-wystepowac-o-dotacje\/#primaryimage","url":"https:\/\/marekkuchcinski.pl\/wp-content\/uploads\/2018\/12\/Gospodynie-wiejskie.jpg","contentUrl":"https:\/\/marekkuchcinski.pl\/wp-content\/uploads\/2018\/12\/Gospodynie-wiejskie.jpg","width":960,"height":720},{"@type":"BreadcrumbList","@id":"https:\/\/marekkuchcinski.pl\/wydarzenia\/kola-gospodyn-wiejskich-beda-mogly-zarabiac-wystepowac-o-dotacje\/#breadcrumb","itemListElement":[{"@type":"ListItem","position":1,"name":"Strona g\u0142\u00f3wna","item":"https:\/\/marekkuchcinski.pl\/"},{"@type":"ListItem","position":2,"name":"Ko\u0142a Gospody\u0144 Wiejskich mog\u0105 zarabia\u0107 i wyst\u0119powa\u0107 o dotacje. Pierwsze\u0144stwo maj\u0105 ju\u017c istniej\u0105ce"}]},{"@type":"WebSite","@id":"https:\/\/marekkuchcinski.pl\/#website","url":"https:\/\/marekkuchcinski.pl\/","name":"Marek Kuchci\u0144ski","description":"Pose\u0142 na sejm RP &ndash; okr\u0119g nr 22","publisher":{"@id":"https:\/\/marekkuchcinski.pl\/#organization"},"potentialAction":[{"@type":"SearchAction","target":{"@type":"EntryPoint","urlTemplate":"https:\/\/marekkuchcinski.pl\/?s={search_term_string}"},"query-input":{"@type":"PropertyValueSpecification","valueRequired":true,"valueName":"search_term_string"}}],"inLanguage":"en-GB"},{"@type":"Organization","@id":"https:\/\/marekkuchcinski.pl\/#organization","name":"Marek Kuchci\u0144ski","url":"https:\/\/marekkuchcinski.pl\/","logo":{"@type":"ImageObject","inLanguage":"en-GB","@id":"https:\/\/marekkuchcinski.pl\/#\/schema\/logo\/image\/","url":"https:\/\/marekkuchcinski.pl\/wp-content\/uploads\/2022\/09\/Marek.jpg","contentUrl":"https:\/\/marekkuchcinski.pl\/wp-content\/uploads\/2022\/09\/Marek.jpg","width":1600,"height":971,"caption":"Marek Kuchci\u0144ski"},"image":{"@id":"https:\/\/marekkuchcinski.pl\/#\/schema\/logo\/image\/"}},{"@type":"Person","@id":"https:\/\/marekkuchcinski.pl\/#\/schema\/person\/6f62700996b4d950b6ea2d1183b6c6be","name":"admin","image":{"@type":"ImageObject","inLanguage":"en-GB","@id":"https:\/\/marekkuchcinski.pl\/#\/schema\/person\/image\/","url":"https:\/\/secure.gravatar.com\/avatar\/4bab693b9d55c3d6b52c0296a8765085?s=96&d=mm&r=g","contentUrl":"https:\/\/secure.gravatar.com\/avatar\/4bab693b9d55c3d6b52c0296a8765085?s=96&d=mm&r=g","caption":"admin"},"url":"https:\/\/marekkuchcinski.pl\/en\/author\/marta-olejnik\/"}]}},"_links":{"self":[{"href":"https:\/\/marekkuchcinski.pl\/en\/wp-json\/wp\/v2\/posts\/11655","targetHints":{"allow":["GET"]}}],"collection":[{"href":"https:\/\/marekkuchcinski.pl\/en\/wp-json\/wp\/v2\/posts"}],"about":[{"href":"https:\/\/marekkuchcinski.pl\/en\/wp-json\/wp\/v2\/types\/post"}],"author":[{"embeddable":true,"href":"https:\/\/marekkuchcinski.pl\/en\/wp-json\/wp\/v2\/users\/6"}],"replies":[{"embeddable":true,"href":"https:\/\/marekkuchcinski.pl\/en\/wp-json\/wp\/v2\/comments?post=11655"}],"version-history":[{"count":13,"href":"https:\/\/marekkuchcinski.pl\/en\/wp-json\/wp\/v2\/posts\/11655\/revisions"}],"predecessor-version":[{"id":11777,"href":"https:\/\/marekkuchcinski.pl\/en\/wp-json\/wp\/v2\/posts\/11655\/revisions\/11777"}],"wp:featuredmedia":[{"embeddable":true,"href":"https:\/\/marekkuchcinski.pl\/en\/wp-json\/wp\/v2\/media\/11656"}],"wp:attachment":[{"href":"https:\/\/marekkuchcinski.pl\/en\/wp-json\/wp\/v2\/media?parent=11655"}],"wp:term":[{"taxonomy":"category","embeddable":true,"href":"https:\/\/marekkuchcinski.pl\/en\/wp-json\/wp\/v2\/categories?post=11655"},{"taxonomy":"post_tag","embeddable":true,"href":"https:\/\/marekkuchcinski.pl\/en\/wp-json\/wp\/v2\/tags?post=11655"}],"curies":[{"name":"wp","href":"https:\/\/api.w.org\/{rel}","templated":true}]}}