{"id":11589,"date":"2018-12-09T00:04:57","date_gmt":"2018-12-08T23:04:57","guid":{"rendered":"https:\/\/marekkuchcinski.pl\/?p=11589"},"modified":"2018-12-10T13:14:03","modified_gmt":"2018-12-10T12:14:03","slug":"budapeszt","status":"publish","type":"post","link":"https:\/\/marekkuchcinski.pl\/en\/wydarzenia\/budapeszt\/","title":{"rendered":"Budapest. Celebrating 100 years of Poland's independence"},"content":{"rendered":"<p>&nbsp;<\/p>\n<p><iframe title=\"Speech by the Speaker of the Sejm in Budapest on the occasion of the 100th anniversary of regaining independence\" width=\"800\" height=\"450\" src=\"https:\/\/www.youtube.com\/embed\/c9Z1T38D4FA?feature=oembed\" frameborder=\"0\" allow=\"accelerometer; autoplay; clipboard-write; encrypted-media; gyroscope; picture-in-picture\" allowfullscreen><\/iframe><\/p>\n<p dir=\"ltr\">The Second Republic, whose 100-year anniversary we are now celebrating, was a time of dramatic and difficult moments, but also a time of the triumph of human thought, strength, and energy. Their significance far exceeds the borders of Poland,' said the Speaker of the Sejm, opening a ceremonial conference in the Hungarian Parliament, prepared on the initiative of the Speaker of the National Assembly, L\u00e1szl\u00f3 K\u00f6v\u00e9r, and devoted to the 100th anniversary of Poland's regaining independence.<\/p>\n<p dir=\"ltr\">The Speaker of the Sejm in his speech pointed out that Hungary played a significant role in the birth of the Second Republic and recalled that several hundred Hungarians served in Jozef Pilsudski's legions and during the war with Bolshevik Russia in 1920 the victory would not have been possible without Hungarian supplies of ammunition and military equipment.<\/p>\n<p dir=\"ltr\">Speaking of the Polish-Hungarian friendship that lasted throughout the interwar period, Marshal Kuchci\u0144ski recalled Prime Minister P\u00e1l Teleki's deposition to German Chancellor Adolf Hitler in July 1939: \"I would sooner blow up our railroad lines than take part in the invasion of Poland. It is a matter of national honor on the part of Hungary not to take part in any action against Poland.\" - This telegram was something exceptional. To this day we keep those words of Prime Minister Teleki in our grateful memory. Just like the great help given during World War II by the Hungarian state, but also by ordinary Hungarian citizens, to tens of thousands of refugees from Poland, including many children of Jewish origin,' he said.<\/p>\n<p dir=\"ltr\">Marek Kuchci\u0144ski, referring to the common Polish-Hungarian striving for freedom, recalled the symbolic moments for both nations in recent history, which took place during the Warsaw Uprising, the Hungarian Uprising, the events of the Prague Spring, the period of 'Solidarity' and the beginning of the fall of communism. - Our Hungarian brothers were with us then in difficult moments in the 21st century, such as the Smolensk catastrophe and the death of President Lech Kaczynski in April 2010, whose monument was recently unveiled in Budapest. Just like the bust of Marshal J\u00f3zef Pi\u0142sudski,\" said Marshal Kuchci\u0144ski.<\/p>\n<p dir=\"ltr\">Concluding his speech, the Marshal of the Sejm referred to the symbolic figure of Wac\u0142aw Felczak, a courier of the Polish Underground State during World War II and later a distinguished historian and a great expert on Hungary, whose name is borne by the Institute of Polish-Hungarian Cooperation established this year: Institute for Polish-Hungarian Cooperation in Poland, and its Hungarian counterpart, the Wac\u0142aw Felczak Foundation. Marek Kuchci\u0144ski recalled Professor Felczak's words, which, in his opinion, characterize the policy of Poland and Hungary after regaining independence: \"Above all, it is up to us to make sure that never again the countries of Central Europe are condemned to the status of passengers on a train that goes in a direction we have not chosen, nor stops at stops where we want. \"<\/p>\n<p dir=\"ltr\">In his closing address President L\u00e1szl\u00f3 K\u00f6v\u00e9r expressed his satisfaction that today he can celebrate together with the Poles the 100th anniversary of our independence. He recalled that Poland and Hungary had a difficult history, from which they should now draw conclusions and not allow foreign troops to sweep through their countries in the future. He noted that both countries should now, in cooperation with the Visegrad Group countries, care for the development of Central Europe and defend its interests and its Christian identity.<\/p>\n<p dir=\"ltr\">Polish and Hungarian historians also spoke at the ceremony. Poland was represented by the representatives of the Council of the Wac\u0142aw Felczak Institute for Polish-Hungarian Cooperation, Prof. Arkadiusz Adamczyk and Dr. Adam Szabelski. The speakers presented to the numerous guests the foundations and elements of Polish-Hungarian friendship in various periods of our history from 1918 to the present.<\/p>\n<p dir=\"ltr\">After the celebrations in the Parliament, the Speaker of the Sejm went to the Polish Embassy in Budapest, where he met with the Hungarian Polish community. Offering Christmas wishes, he reminded that the passing year 2018 is special for Poland due to the 100th anniversary of Poland's regaining independence, as well as the 550th anniversary of the Parliamentarism of the Republic of Poland - the longest functioning state institution in our homeland. Marek Kuchci\u0144ski also spoke with appreciation about Polish-Hungarian relations. - In our case both free countries and free nations cooperate with each other, and you as Polish Hungarians are the best proof of that', he said.<\/p>\n<p dir=\"ltr\"><span style=\"color: #000000;\">LINK:\u00a0<a style=\"color: #000000;\" href=\"https:\/\/marekkuchcinski.pl\/wp-content\/uploads\/2018\/12\/Ca\u0142e-wysta\u0328pienie-marsza\u0142ka-Sejmu-w-Budapeszczie.pdf\">The whole speech of the Speaker of the Sejm in Budapest<\/a><\/span><\/p>\n<p><a href=\"https:\/\/marekkuchcinski.pl\/wp-content\/uploads\/2018\/12\/RZ__0167.jpg\"><img fetchpriority=\"high\" decoding=\"async\" class=\"alignnone size-full wp-image-11596\" src=\"https:\/\/marekkuchcinski.pl\/wp-content\/uploads\/2018\/12\/RZ__0167.jpg\" alt=\"RZ__0167\" width=\"4464\" height=\"2976\" srcset=\"https:\/\/marekkuchcinski.pl\/wp-content\/uploads\/2018\/12\/RZ__0167.jpg 2048w, https:\/\/marekkuchcinski.pl\/wp-content\/uploads\/2018\/12\/RZ__0167-300x200.jpg 300w, https:\/\/marekkuchcinski.pl\/wp-content\/uploads\/2018\/12\/RZ__0167-768x512.jpg 768w, https:\/\/marekkuchcinski.pl\/wp-content\/uploads\/2018\/12\/RZ__0167-1024x683.jpg 1024w\" sizes=\"(max-width: 4464px) 100vw, 4464px\" \/><\/a><a href=\"https:\/\/marekkuchcinski.pl\/wp-content\/uploads\/2018\/12\/RZ__0077.view_.jpg\"><img decoding=\"async\" class=\"alignnone size-full wp-image-11590\" src=\"https:\/\/marekkuchcinski.pl\/wp-content\/uploads\/2018\/12\/RZ__0077.view_.jpg\" alt=\"RZ__0077.view\" width=\"800\" height=\"533\" srcset=\"https:\/\/marekkuchcinski.pl\/wp-content\/uploads\/2018\/12\/RZ__0077.view_.jpg 800w, https:\/\/marekkuchcinski.pl\/wp-content\/uploads\/2018\/12\/RZ__0077.view_-300x200.jpg 300w, https:\/\/marekkuchcinski.pl\/wp-content\/uploads\/2018\/12\/RZ__0077.view_-768x512.jpg 768w\" sizes=\"(max-width: 800px) 100vw, 800px\" \/><\/a> <a href=\"https:\/\/marekkuchcinski.pl\/wp-content\/uploads\/2018\/12\/RZ__0125.jpg\"><img decoding=\"async\" class=\"alignnone size-full wp-image-11592\" src=\"https:\/\/marekkuchcinski.pl\/wp-content\/uploads\/2018\/12\/RZ__0125.jpg\" alt=\"RZ__0125\" width=\"4464\" height=\"2976\" srcset=\"https:\/\/marekkuchcinski.pl\/wp-content\/uploads\/2018\/12\/RZ__0125.jpg 2048w, https:\/\/marekkuchcinski.pl\/wp-content\/uploads\/2018\/12\/RZ__0125-300x200.jpg 300w, https:\/\/marekkuchcinski.pl\/wp-content\/uploads\/2018\/12\/RZ__0125-768x512.jpg 768w, https:\/\/marekkuchcinski.pl\/wp-content\/uploads\/2018\/12\/RZ__0125-1024x683.jpg 1024w\" sizes=\"(max-width: 4464px) 100vw, 4464px\" \/><\/a> <a href=\"https:\/\/marekkuchcinski.pl\/wp-content\/uploads\/2018\/12\/RZ__0385.view_.jpg\"><img loading=\"lazy\" decoding=\"async\" class=\"alignnone size-full wp-image-11593\" src=\"https:\/\/marekkuchcinski.pl\/wp-content\/uploads\/2018\/12\/RZ__0385.view_.jpg\" alt=\"RZ__0385.view\" width=\"800\" height=\"533\" srcset=\"https:\/\/marekkuchcinski.pl\/wp-content\/uploads\/2018\/12\/RZ__0385.view_.jpg 800w, https:\/\/marekkuchcinski.pl\/wp-content\/uploads\/2018\/12\/RZ__0385.view_-300x200.jpg 300w, https:\/\/marekkuchcinski.pl\/wp-content\/uploads\/2018\/12\/RZ__0385.view_-768x512.jpg 768w\" sizes=\"(max-width: 800px) 100vw, 800px\" \/><\/a> <a href=\"https:\/\/marekkuchcinski.pl\/wp-content\/uploads\/2018\/12\/RZ__0598.view_.jpg\"><img loading=\"lazy\" decoding=\"async\" class=\"alignnone size-full wp-image-11594\" src=\"https:\/\/marekkuchcinski.pl\/wp-content\/uploads\/2018\/12\/RZ__0598.view_.jpg\" alt=\"RZ__0598.view\" width=\"800\" height=\"533\" srcset=\"https:\/\/marekkuchcinski.pl\/wp-content\/uploads\/2018\/12\/RZ__0598.view_.jpg 800w, https:\/\/marekkuchcinski.pl\/wp-content\/uploads\/2018\/12\/RZ__0598.view_-300x200.jpg 300w, https:\/\/marekkuchcinski.pl\/wp-content\/uploads\/2018\/12\/RZ__0598.view_-768x512.jpg 768w\" sizes=\"(max-width: 800px) 100vw, 800px\" \/><\/a><a href=\"https:\/\/marekkuchcinski.pl\/wp-content\/uploads\/2018\/12\/RZ__0897.jpg\"><img loading=\"lazy\" decoding=\"async\" class=\"alignnone size-full wp-image-11685\" src=\"https:\/\/marekkuchcinski.pl\/wp-content\/uploads\/2018\/12\/RZ__0897.jpg\" alt=\"RZ__0897\" width=\"2644\" height=\"1720\" srcset=\"https:\/\/marekkuchcinski.pl\/wp-content\/uploads\/2018\/12\/RZ__0897.jpg 2048w, https:\/\/marekkuchcinski.pl\/wp-content\/uploads\/2018\/12\/RZ__0897-300x195.jpg 300w, https:\/\/marekkuchcinski.pl\/wp-content\/uploads\/2018\/12\/RZ__0897-768x500.jpg 768w, https:\/\/marekkuchcinski.pl\/wp-content\/uploads\/2018\/12\/RZ__0897-1024x666.jpg 1024w\" sizes=\"(max-width: 2644px) 100vw, 2644px\" \/><\/a><\/p>\n<p><em>Photo: Rafa\u0142 Zambrzycki\/ Sejm<\/em><\/p>","protected":false},"excerpt":{"rendered":"<p>&nbsp; II Rzeczpospolita, kt\u00f3rej 100-letni\u0105 rocznic\u0119 ustanowienia w\u0142a\u015bnie obchodzimy, to czas moment\u00f3w dramatycznych i trudnych,\u00a0 ale te\u017c czas triumfu ludzkiej my\u015bli, si\u0142y i energii. Daleko swoim znaczeniem przekraczaj\u0105cych granice Polski &#8211; powiedzia\u0142 marsza\u0142ek Sejmu, otwieraj\u0105c w w\u0119gierskim Parlamencie uroczyst\u0105 konferencj\u0119 przygotowan\u0105 z inicjatywy przewodnicz\u0105cego Zgromadzenia Narodowego L\u00e1szl\u00f3 K\u00f6v\u00e9ra, po\u015bwi\u0119con\u0105 100-leciu odzyskania przez Polsk\u0119 niepodleg\u0142o\u015bci. Marsza\u0142ek [&hellip;]<\/p>","protected":false},"author":6,"featured_media":11590,"comment_status":"open","ping_status":"open","sticky":false,"template":"","format":"standard","meta":{"ngg_post_thumbnail":0,"footnotes":""},"categories":[50,3],"tags":[],"class_list":["post-11589","post","type-post","status-publish","format-standard","has-post-thumbnail","hentry","category-wspolpraca-miedzynarodowa","category-wydarzenia"],"yoast_head":"<!-- This site is optimized with the Yoast SEO plugin v24.7 - https:\/\/yoast.com\/wordpress\/plugins\/seo\/ -->\n<title>Budapeszt. Obchody 100-lecia odzyskania niepodleg\u0142o\u015bci przez Polsk\u0119 &#8211; Marek Kuchci\u0144ski<\/title>\n<meta name=\"robots\" content=\"index, follow, max-snippet:-1, max-image-preview:large, max-video-preview:-1\" \/>\n<link rel=\"canonical\" href=\"https:\/\/marekkuchcinski.pl\/en\/wydarzenia\/budapeszt\/\" \/>\n<meta property=\"og:locale\" content=\"en_GB\" \/>\n<meta property=\"og:type\" content=\"article\" \/>\n<meta property=\"og:title\" content=\"Budapeszt. Obchody 100-lecia odzyskania niepodleg\u0142o\u015bci przez Polsk\u0119 &#8211; Marek Kuchci\u0144ski\" \/>\n<meta property=\"og:description\" content=\"&nbsp; II Rzeczpospolita, kt\u00f3rej 100-letni\u0105 rocznic\u0119 ustanowienia w\u0142a\u015bnie obchodzimy, to czas moment\u00f3w dramatycznych i trudnych,\u00a0 ale te\u017c czas triumfu ludzkiej my\u015bli, si\u0142y i energii. Daleko swoim znaczeniem przekraczaj\u0105cych granice Polski &#8211; powiedzia\u0142 marsza\u0142ek Sejmu, otwieraj\u0105c w w\u0119gierskim Parlamencie uroczyst\u0105 konferencj\u0119 przygotowan\u0105 z inicjatywy przewodnicz\u0105cego Zgromadzenia Narodowego L\u00e1szl\u00f3 K\u00f6v\u00e9ra, po\u015bwi\u0119con\u0105 100-leciu odzyskania przez Polsk\u0119 niepodleg\u0142o\u015bci. Marsza\u0142ek [&hellip;]\" \/>\n<meta property=\"og:url\" content=\"https:\/\/marekkuchcinski.pl\/en\/wydarzenia\/budapeszt\/\" \/>\n<meta property=\"og:site_name\" content=\"Marek Kuchci\u0144ski\" \/>\n<meta property=\"article:published_time\" content=\"2018-12-08T23:04:57+00:00\" \/>\n<meta property=\"article:modified_time\" content=\"2018-12-10T12:14:03+00:00\" \/>\n<meta property=\"og:image\" content=\"https:\/\/marekkuchcinski.pl\/wp-content\/uploads\/2018\/12\/RZ__0077.view_.jpg\" \/>\n\t<meta property=\"og:image:width\" content=\"800\" \/>\n\t<meta property=\"og:image:height\" content=\"533\" \/>\n\t<meta property=\"og:image:type\" content=\"image\/jpeg\" \/>\n<meta name=\"author\" content=\"admin\" \/>\n<meta name=\"twitter:card\" content=\"summary_large_image\" \/>\n<meta name=\"twitter:label1\" content=\"Written by\" \/>\n\t<meta name=\"twitter:data1\" content=\"admin\" \/>\n\t<meta name=\"twitter:label2\" content=\"Estimated reading time\" \/>\n\t<meta name=\"twitter:data2\" content=\"4 minutes\" \/>\n<script type=\"application\/ld+json\" class=\"yoast-schema-graph\">{\"@context\":\"https:\/\/schema.org\",\"@graph\":[{\"@type\":\"Article\",\"@id\":\"https:\/\/marekkuchcinski.pl\/en\/wydarzenia\/budapeszt\/#article\",\"isPartOf\":{\"@id\":\"https:\/\/marekkuchcinski.pl\/en\/wydarzenia\/budapeszt\/\"},\"author\":{\"name\":\"admin\",\"@id\":\"https:\/\/marekkuchcinski.pl\/#\/schema\/person\/6f62700996b4d950b6ea2d1183b6c6be\"},\"headline\":\"Budapeszt. Obchody 100-lecia odzyskania niepodleg\u0142o\u015bci przez Polsk\u0119\",\"datePublished\":\"2018-12-08T23:04:57+00:00\",\"dateModified\":\"2018-12-10T12:14:03+00:00\",\"mainEntityOfPage\":{\"@id\":\"https:\/\/marekkuchcinski.pl\/en\/wydarzenia\/budapeszt\/\"},\"wordCount\":803,\"commentCount\":0,\"publisher\":{\"@id\":\"https:\/\/marekkuchcinski.pl\/#organization\"},\"image\":{\"@id\":\"https:\/\/marekkuchcinski.pl\/en\/wydarzenia\/budapeszt\/#primaryimage\"},\"thumbnailUrl\":\"https:\/\/marekkuchcinski.pl\/wp-content\/uploads\/2018\/12\/RZ__0077.view_.jpg\",\"articleSection\":[\"Wsp\u00f3\u0142praca mi\u0119dzynarodowa\",\"Wydarzenia\"],\"inLanguage\":\"en-GB\",\"potentialAction\":[{\"@type\":\"CommentAction\",\"name\":\"Comment\",\"target\":[\"https:\/\/marekkuchcinski.pl\/en\/wydarzenia\/budapeszt\/#respond\"]}]},{\"@type\":\"WebPage\",\"@id\":\"https:\/\/marekkuchcinski.pl\/en\/wydarzenia\/budapeszt\/\",\"url\":\"https:\/\/marekkuchcinski.pl\/en\/wydarzenia\/budapeszt\/\",\"name\":\"Budapeszt. Obchody 100-lecia odzyskania niepodleg\u0142o\u015bci przez Polsk\u0119 &#8211; Marek Kuchci\u0144ski\",\"isPartOf\":{\"@id\":\"https:\/\/marekkuchcinski.pl\/#website\"},\"primaryImageOfPage\":{\"@id\":\"https:\/\/marekkuchcinski.pl\/en\/wydarzenia\/budapeszt\/#primaryimage\"},\"image\":{\"@id\":\"https:\/\/marekkuchcinski.pl\/en\/wydarzenia\/budapeszt\/#primaryimage\"},\"thumbnailUrl\":\"https:\/\/marekkuchcinski.pl\/wp-content\/uploads\/2018\/12\/RZ__0077.view_.jpg\",\"datePublished\":\"2018-12-08T23:04:57+00:00\",\"dateModified\":\"2018-12-10T12:14:03+00:00\",\"breadcrumb\":{\"@id\":\"https:\/\/marekkuchcinski.pl\/en\/wydarzenia\/budapeszt\/#breadcrumb\"},\"inLanguage\":\"en-GB\",\"potentialAction\":[{\"@type\":\"ReadAction\",\"target\":[\"https:\/\/marekkuchcinski.pl\/en\/wydarzenia\/budapeszt\/\"]}]},{\"@type\":\"ImageObject\",\"inLanguage\":\"en-GB\",\"@id\":\"https:\/\/marekkuchcinski.pl\/en\/wydarzenia\/budapeszt\/#primaryimage\",\"url\":\"https:\/\/marekkuchcinski.pl\/wp-content\/uploads\/2018\/12\/RZ__0077.view_.jpg\",\"contentUrl\":\"https:\/\/marekkuchcinski.pl\/wp-content\/uploads\/2018\/12\/RZ__0077.view_.jpg\",\"width\":800,\"height\":533},{\"@type\":\"BreadcrumbList\",\"@id\":\"https:\/\/marekkuchcinski.pl\/en\/wydarzenia\/budapeszt\/#breadcrumb\",\"itemListElement\":[{\"@type\":\"ListItem\",\"position\":1,\"name\":\"Strona g\u0142\u00f3wna\",\"item\":\"https:\/\/marekkuchcinski.pl\/\"},{\"@type\":\"ListItem\",\"position\":2,\"name\":\"Budapeszt. Obchody 100-lecia odzyskania niepodleg\u0142o\u015bci przez Polsk\u0119\"}]},{\"@type\":\"WebSite\",\"@id\":\"https:\/\/marekkuchcinski.pl\/#website\",\"url\":\"https:\/\/marekkuchcinski.pl\/\",\"name\":\"Marek Kuchci\u0144ski\",\"description\":\"Pose\u0142 na sejm RP &ndash; okr\u0119g nr 22\",\"publisher\":{\"@id\":\"https:\/\/marekkuchcinski.pl\/#organization\"},\"potentialAction\":[{\"@type\":\"SearchAction\",\"target\":{\"@type\":\"EntryPoint\",\"urlTemplate\":\"https:\/\/marekkuchcinski.pl\/?s={search_term_string}\"},\"query-input\":{\"@type\":\"PropertyValueSpecification\",\"valueRequired\":true,\"valueName\":\"search_term_string\"}}],\"inLanguage\":\"en-GB\"},{\"@type\":\"Organization\",\"@id\":\"https:\/\/marekkuchcinski.pl\/#organization\",\"name\":\"Marek Kuchci\u0144ski\",\"url\":\"https:\/\/marekkuchcinski.pl\/\",\"logo\":{\"@type\":\"ImageObject\",\"inLanguage\":\"en-GB\",\"@id\":\"https:\/\/marekkuchcinski.pl\/#\/schema\/logo\/image\/\",\"url\":\"https:\/\/marekkuchcinski.pl\/wp-content\/uploads\/2022\/09\/Marek.jpg\",\"contentUrl\":\"https:\/\/marekkuchcinski.pl\/wp-content\/uploads\/2022\/09\/Marek.jpg\",\"width\":1600,\"height\":971,\"caption\":\"Marek Kuchci\u0144ski\"},\"image\":{\"@id\":\"https:\/\/marekkuchcinski.pl\/#\/schema\/logo\/image\/\"}},{\"@type\":\"Person\",\"@id\":\"https:\/\/marekkuchcinski.pl\/#\/schema\/person\/6f62700996b4d950b6ea2d1183b6c6be\",\"name\":\"admin\",\"image\":{\"@type\":\"ImageObject\",\"inLanguage\":\"en-GB\",\"@id\":\"https:\/\/marekkuchcinski.pl\/#\/schema\/person\/image\/\",\"url\":\"https:\/\/secure.gravatar.com\/avatar\/4bab693b9d55c3d6b52c0296a8765085?s=96&d=mm&r=g\",\"contentUrl\":\"https:\/\/secure.gravatar.com\/avatar\/4bab693b9d55c3d6b52c0296a8765085?s=96&d=mm&r=g\",\"caption\":\"admin\"},\"url\":\"https:\/\/marekkuchcinski.pl\/en\/author\/marta-olejnik\/\"}]}<\/script>\n<!-- \/ Yoast SEO plugin. -->","yoast_head_json":{"title":"Budapeszt. Obchody 100-lecia odzyskania niepodleg\u0142o\u015bci przez Polsk\u0119 &#8211; Marek Kuchci\u0144ski","robots":{"index":"index","follow":"follow","max-snippet":"max-snippet:-1","max-image-preview":"max-image-preview:large","max-video-preview":"max-video-preview:-1"},"canonical":"https:\/\/marekkuchcinski.pl\/en\/wydarzenia\/budapeszt\/","og_locale":"en_GB","og_type":"article","og_title":"Budapeszt. Obchody 100-lecia odzyskania niepodleg\u0142o\u015bci przez Polsk\u0119 &#8211; Marek Kuchci\u0144ski","og_description":"&nbsp; II Rzeczpospolita, kt\u00f3rej 100-letni\u0105 rocznic\u0119 ustanowienia w\u0142a\u015bnie obchodzimy, to czas moment\u00f3w dramatycznych i trudnych,\u00a0 ale te\u017c czas triumfu ludzkiej my\u015bli, si\u0142y i energii. Daleko swoim znaczeniem przekraczaj\u0105cych granice Polski &#8211; powiedzia\u0142 marsza\u0142ek Sejmu, otwieraj\u0105c w w\u0119gierskim Parlamencie uroczyst\u0105 konferencj\u0119 przygotowan\u0105 z inicjatywy przewodnicz\u0105cego Zgromadzenia Narodowego L\u00e1szl\u00f3 K\u00f6v\u00e9ra, po\u015bwi\u0119con\u0105 100-leciu odzyskania przez Polsk\u0119 niepodleg\u0142o\u015bci. Marsza\u0142ek [&hellip;]","og_url":"https:\/\/marekkuchcinski.pl\/en\/wydarzenia\/budapeszt\/","og_site_name":"Marek Kuchci\u0144ski","article_published_time":"2018-12-08T23:04:57+00:00","article_modified_time":"2018-12-10T12:14:03+00:00","og_image":[{"width":800,"height":533,"url":"https:\/\/marekkuchcinski.pl\/wp-content\/uploads\/2018\/12\/RZ__0077.view_.jpg","type":"image\/jpeg"}],"author":"admin","twitter_card":"summary_large_image","twitter_misc":{"Written by":"admin","Estimated reading time":"4 minutes"},"schema":{"@context":"https:\/\/schema.org","@graph":[{"@type":"Article","@id":"https:\/\/marekkuchcinski.pl\/en\/wydarzenia\/budapeszt\/#article","isPartOf":{"@id":"https:\/\/marekkuchcinski.pl\/en\/wydarzenia\/budapeszt\/"},"author":{"name":"admin","@id":"https:\/\/marekkuchcinski.pl\/#\/schema\/person\/6f62700996b4d950b6ea2d1183b6c6be"},"headline":"Budapeszt. Obchody 100-lecia odzyskania niepodleg\u0142o\u015bci przez Polsk\u0119","datePublished":"2018-12-08T23:04:57+00:00","dateModified":"2018-12-10T12:14:03+00:00","mainEntityOfPage":{"@id":"https:\/\/marekkuchcinski.pl\/en\/wydarzenia\/budapeszt\/"},"wordCount":803,"commentCount":0,"publisher":{"@id":"https:\/\/marekkuchcinski.pl\/#organization"},"image":{"@id":"https:\/\/marekkuchcinski.pl\/en\/wydarzenia\/budapeszt\/#primaryimage"},"thumbnailUrl":"https:\/\/marekkuchcinski.pl\/wp-content\/uploads\/2018\/12\/RZ__0077.view_.jpg","articleSection":["Wsp\u00f3\u0142praca mi\u0119dzynarodowa","Wydarzenia"],"inLanguage":"en-GB","potentialAction":[{"@type":"CommentAction","name":"Comment","target":["https:\/\/marekkuchcinski.pl\/en\/wydarzenia\/budapeszt\/#respond"]}]},{"@type":"WebPage","@id":"https:\/\/marekkuchcinski.pl\/en\/wydarzenia\/budapeszt\/","url":"https:\/\/marekkuchcinski.pl\/en\/wydarzenia\/budapeszt\/","name":"Budapeszt. Obchody 100-lecia odzyskania niepodleg\u0142o\u015bci przez Polsk\u0119 &#8211; Marek Kuchci\u0144ski","isPartOf":{"@id":"https:\/\/marekkuchcinski.pl\/#website"},"primaryImageOfPage":{"@id":"https:\/\/marekkuchcinski.pl\/en\/wydarzenia\/budapeszt\/#primaryimage"},"image":{"@id":"https:\/\/marekkuchcinski.pl\/en\/wydarzenia\/budapeszt\/#primaryimage"},"thumbnailUrl":"https:\/\/marekkuchcinski.pl\/wp-content\/uploads\/2018\/12\/RZ__0077.view_.jpg","datePublished":"2018-12-08T23:04:57+00:00","dateModified":"2018-12-10T12:14:03+00:00","breadcrumb":{"@id":"https:\/\/marekkuchcinski.pl\/en\/wydarzenia\/budapeszt\/#breadcrumb"},"inLanguage":"en-GB","potentialAction":[{"@type":"ReadAction","target":["https:\/\/marekkuchcinski.pl\/en\/wydarzenia\/budapeszt\/"]}]},{"@type":"ImageObject","inLanguage":"en-GB","@id":"https:\/\/marekkuchcinski.pl\/en\/wydarzenia\/budapeszt\/#primaryimage","url":"https:\/\/marekkuchcinski.pl\/wp-content\/uploads\/2018\/12\/RZ__0077.view_.jpg","contentUrl":"https:\/\/marekkuchcinski.pl\/wp-content\/uploads\/2018\/12\/RZ__0077.view_.jpg","width":800,"height":533},{"@type":"BreadcrumbList","@id":"https:\/\/marekkuchcinski.pl\/en\/wydarzenia\/budapeszt\/#breadcrumb","itemListElement":[{"@type":"ListItem","position":1,"name":"Strona g\u0142\u00f3wna","item":"https:\/\/marekkuchcinski.pl\/"},{"@type":"ListItem","position":2,"name":"Budapeszt. Obchody 100-lecia odzyskania niepodleg\u0142o\u015bci przez Polsk\u0119"}]},{"@type":"WebSite","@id":"https:\/\/marekkuchcinski.pl\/#website","url":"https:\/\/marekkuchcinski.pl\/","name":"Marek Kuchci\u0144ski","description":"Pose\u0142 na sejm RP &ndash; okr\u0119g nr 22","publisher":{"@id":"https:\/\/marekkuchcinski.pl\/#organization"},"potentialAction":[{"@type":"SearchAction","target":{"@type":"EntryPoint","urlTemplate":"https:\/\/marekkuchcinski.pl\/?s={search_term_string}"},"query-input":{"@type":"PropertyValueSpecification","valueRequired":true,"valueName":"search_term_string"}}],"inLanguage":"en-GB"},{"@type":"Organization","@id":"https:\/\/marekkuchcinski.pl\/#organization","name":"Marek Kuchci\u0144ski","url":"https:\/\/marekkuchcinski.pl\/","logo":{"@type":"ImageObject","inLanguage":"en-GB","@id":"https:\/\/marekkuchcinski.pl\/#\/schema\/logo\/image\/","url":"https:\/\/marekkuchcinski.pl\/wp-content\/uploads\/2022\/09\/Marek.jpg","contentUrl":"https:\/\/marekkuchcinski.pl\/wp-content\/uploads\/2022\/09\/Marek.jpg","width":1600,"height":971,"caption":"Marek Kuchci\u0144ski"},"image":{"@id":"https:\/\/marekkuchcinski.pl\/#\/schema\/logo\/image\/"}},{"@type":"Person","@id":"https:\/\/marekkuchcinski.pl\/#\/schema\/person\/6f62700996b4d950b6ea2d1183b6c6be","name":"admin","image":{"@type":"ImageObject","inLanguage":"en-GB","@id":"https:\/\/marekkuchcinski.pl\/#\/schema\/person\/image\/","url":"https:\/\/secure.gravatar.com\/avatar\/4bab693b9d55c3d6b52c0296a8765085?s=96&d=mm&r=g","contentUrl":"https:\/\/secure.gravatar.com\/avatar\/4bab693b9d55c3d6b52c0296a8765085?s=96&d=mm&r=g","caption":"admin"},"url":"https:\/\/marekkuchcinski.pl\/en\/author\/marta-olejnik\/"}]}},"_links":{"self":[{"href":"https:\/\/marekkuchcinski.pl\/en\/wp-json\/wp\/v2\/posts\/11589","targetHints":{"allow":["GET"]}}],"collection":[{"href":"https:\/\/marekkuchcinski.pl\/en\/wp-json\/wp\/v2\/posts"}],"about":[{"href":"https:\/\/marekkuchcinski.pl\/en\/wp-json\/wp\/v2\/types\/post"}],"author":[{"embeddable":true,"href":"https:\/\/marekkuchcinski.pl\/en\/wp-json\/wp\/v2\/users\/6"}],"replies":[{"embeddable":true,"href":"https:\/\/marekkuchcinski.pl\/en\/wp-json\/wp\/v2\/comments?post=11589"}],"version-history":[{"count":9,"href":"https:\/\/marekkuchcinski.pl\/en\/wp-json\/wp\/v2\/posts\/11589\/revisions"}],"predecessor-version":[{"id":11686,"href":"https:\/\/marekkuchcinski.pl\/en\/wp-json\/wp\/v2\/posts\/11589\/revisions\/11686"}],"wp:featuredmedia":[{"embeddable":true,"href":"https:\/\/marekkuchcinski.pl\/en\/wp-json\/wp\/v2\/media\/11590"}],"wp:attachment":[{"href":"https:\/\/marekkuchcinski.pl\/en\/wp-json\/wp\/v2\/media?parent=11589"}],"wp:term":[{"taxonomy":"category","embeddable":true,"href":"https:\/\/marekkuchcinski.pl\/en\/wp-json\/wp\/v2\/categories?post=11589"},{"taxonomy":"post_tag","embeddable":true,"href":"https:\/\/marekkuchcinski.pl\/en\/wp-json\/wp\/v2\/tags?post=11589"}],"curies":[{"name":"wp","href":"https:\/\/api.w.org\/{rel}","templated":true}]}}