{"id":11522,"date":"2018-12-06T11:42:29","date_gmt":"2018-12-06T10:42:29","guid":{"rendered":"https:\/\/marekkuchcinski.pl\/?p=11522"},"modified":"2018-12-06T13:45:02","modified_gmt":"2018-12-06T12:45:02","slug":"40-mln-zl-edukacje-aktywnosc-poprawe-zycia-seniorow","status":"publish","type":"post","link":"https:\/\/marekkuchcinski.pl\/en\/wydarzenia\/40-mln-zl-edukacje-aktywnosc-poprawe-zycia-seniorow\/","title":{"rendered":"Seniors plus and Care 75 plus program: education, activity, improving the lives of seniors and greater access to care and specialized services"},"content":{"rendered":"<div id=\"column-2\" class=\"portlet-column portlet-column-first\">\n<div id=\"layout-column_column-2\" class=\"portlet-dropzone portlet-column-content portlet-column-content-first\">\n<div id=\"p_p_id_com_liferay_journal_content_web_portlet_JournalContentPortlet_INSTANCE_8GyoioMoRNQT_\" class=\"portlet-boundary portlet-boundary_com_liferay_journal_content_web_portlet_JournalContentPortlet_ portlet-static portlet-static-end portlet-decorate portlet-journal-content\">\n<section id=\"portlet_com_liferay_journal_content_web_portlet_JournalContentPortlet_INSTANCE_8GyoioMoRNQT\" class=\"portlet\">\n<div class=\"portlet-content\">\n<div class=\"portlet-content-container\">\n<div class=\"portlet-body\">\n<div class=\"journal-content-article\">\n<div class=\"article\">\n<p class=\"lead\"><span style=\"color: #ff6600;\"><strong>SENIOR PLUS<\/strong><\/span><\/p>\n<p class=\"lead\"><strong>Until December 21, you can submit bids in the competition for the best projects co-financed by the Government Program for Social Activity of the Elderly for 2014-2020. In the new edition of the program PLN 40 million is up for grabs.<\/strong><\/p>\n<div class=\"paragraph article_section_content\">\n<p><span style=\"color: #ff6600;\"><strong>Grants<\/strong><\/span><\/p>\n<p>Non-governmental organizations, social cooperatives and associations of local government units may apply for funding.<\/p>\n<p>- The amount of the grant is maximum PLN 200 thousand.<\/p>\n<p>- Entities that apply for funding must have at least 10 percent of their own contribution.<\/p>\n<p>The 2019 draft budget allocates a total of PLN 40 million for the program.<\/p>\n<p>These funds will be used to finance projects that will improve the quality and standard of life of seniors. The program was created for people who are ending their professional activity.<\/p>\n<p><span style=\"color: #ff6600;\"><strong>Social activity offer<\/strong><\/span><\/p>\n<p>Government funding is provided for the creation of a range of social activities that enable the development of the potential of people over 60 years of age. The priority is education of the elderly, social activity promoting intra- and inter-generational integration, as well as social participation of the elderly and social services for seniors.<\/p>\n<p>- The beneficiaries of the program are not only senior citizens, who in the autumn of their lives can take advantage of an offer tailored to their needs or health condition, but also younger generations who can draw on the life experience of older Poles,\" says El\u017cbieta Rafalska, Minister of Family, Labour and Social Policy.<\/p>\n<p>In 2016-2018, nearly PLN 114 million was allocated for the implementation of the program. From these funds, more than 1.1 thousand projects were subsidized, benefiting nearly 450 thousand people.<\/p>\n<p>Bids must be submitted electronically only, using the bid generator available at\u00a0<strong><span style=\"color: #000000;\"><a style=\"color: #000000;\" href=\"https:\/\/asos2019.mpips.gov.pl\/\">https:\/\/asos2019.mpips.gov.pl<\/a>.<\/span><\/strong><\/p>\n<p><strong><span style=\"color: #ff6600;\">75 PLUS CARE<\/span><\/strong><\/p>\n<\/div>\n<div class=\"article_section_link\"><strong>From December 10 to January 11, municipalities will be able to request funding under the new \"Care 75+\" program to provide care services, including specialized care services for people over 75.<\/strong><\/div>\n<div class=\"article_section_link\"><\/div>\n<div class=\"article_section_link\">\"Care 75+\" has been implemented since January 2018. The program was launched for people who are over 75 years old. Its aim is to increase the availability of care services, including specialized ones. Under the program, municipalities - which provide care services on their own and have a maximum population of 60,000 - can benefit from funding to provide such services. By the end of September, 384 communes had joined the program, under which more than 2.2 thousand senior citizens of the most dignified age were provided with services.<\/div>\n<\/div>\n<\/div>\n<\/div>\n<\/div>\n<\/div>\n<div class=\"article_section_link\"><\/div>\n<div class=\"portlet-content\">\n<div class=\"portlet-content-container\">\n<div class=\"portlet-body\">\n<div class=\"journal-content-article\">\n<div class=\"article\">\n<div class=\"article_section_link\" style=\"padding-left: 30px;\"><\/div>\n<div class=\"article_section_link\">\n<div class=\"gmail-paragraph gmail-article_section_content\" style=\"margin: 0px; padding-top: 0px; padding-right: 0px; padding-bottom: 0px;\">\n<p style=\"margin: 0px 0cm 1px; padding-top: 0px; padding-right: 0px; padding-bottom: 0px; text-align: left;\">\n<p style=\"margin: 0px 0cm 1px; padding-top: 0px; padding-right: 0px; padding-bottom: 0px; text-align: left;\"><span style=\"color: #ff6600;\"><strong><span style=\"font-size: 11pt;\">Changes\u00a0\u00a0<\/span><\/strong><\/span><\/p>\n<p><strong><span style=\"font-size: 11pt;\">To make the program gain more momentum, the Ministry of Family decided that next year \"Care 75+\" will be implemented in an expanded formula.<\/span><\/strong><\/p>\n<p style=\"margin: 0px 0cm 1px; padding-top: 0px; padding-right: 0px; padding-bottom: 0px; text-align: left;\"><span style=\"font-size: 11pt;\">- Starting in 2019, the program will be aimed not only at single people aged 75 and over (as it was so far), but also at seniors who have families,\" says Minister of Family, Labour and Social Policy El\u017cbieta Rafalska.<\/span><\/p>\n<p style=\"margin: 0px 0cm 1px; padding-top: 0px; padding-right: 0px; padding-bottom: 0px; text-align: left;\"><span style=\"font-size: 11pt;\">Next year, the Program will also be available to those communes that provide care services through social cooperatives established by local government units. Thanks to this, the Program will cover a larger number of communes.<\/span><\/p>\n<p style=\"margin: 0px 0cm 1px; padding-top: 0px; padding-right: 0px; padding-bottom: 0px; text-align: left;\"><span style=\"font-size: 11pt;\">The Ministry of the Family in May 2018 conducted a study, which shows that 376 municipalities do not fulfill their own task under the Social Welfare Act and do not organize (or provide) care services, including specialized ones at the place of residence. An important group of beneficiaries of such services are elderly people who are already 75 years old.<\/span><\/p>\n<p style=\"margin: 0px 0cm 1px; padding-top: 0px; padding-right: 0px; padding-bottom: 0px; text-align: left;\"><span style=\"font-size: 11pt;\">The \"Care 75+\" program is a response to the need to increase the availability of such services. Communes that join the program can count on financial support - up to 50 percent of the expected cost of the task.<\/span><\/p>\n<\/div>\n<\/div>\n<\/div>\n<\/div>\n<\/div>\n<div class=\"portlet-body\"><\/div>\n<\/div>\n<\/div>\n<\/section>\n<\/div>\n<\/div>\n<\/div>","protected":false},"excerpt":{"rendered":"<p>SENIOR PLUS Do 21 grudnia\u00a0mo\u017cna sk\u0142ada\u0107 oferty w konkursie na najlepsze projekty dofinansowane ze \u015brodk\u00f3w Rz\u0105dowego Programu na rzecz Aktywno\u015bci Spo\u0142ecznej Os\u00f3b Starszych na lata 2014-2020. W nowej edycji programu do wzi\u0119cia jest 40 mln z\u0142otych. Dotacje O dofinansowanie stara\u0107 mog\u0105 si\u0119 m.in. organizacje pozarz\u0105dowe, sp\u00f3\u0142dzielnie socjalne i stowarzyszenia jednostek samorz\u0105du terytorialnego. \u2022\u00a0 \u00a0Wysoko\u015b\u0107 dotacji [&hellip;]<\/p>","protected":false},"author":6,"featured_media":11527,"comment_status":"open","ping_status":"open","sticky":false,"template":"","format":"standard","meta":{"ngg_post_thumbnail":0,"footnotes":""},"categories":[49,82,3],"tags":[],"class_list":["post-11522","post","type-post","status-publish","format-standard","has-post-thumbnail","hentry","category-podkarpacie","category-prawo-i-sprawiedliwosc","category-wydarzenia"],"yoast_head":"<!-- This site is optimized with the Yoast SEO plugin v24.7 - https:\/\/yoast.com\/wordpress\/plugins\/seo\/ -->\n<title>Program Senior plus i Opieka 75 plus: edukacja, aktywno\u015b\u0107, poprawa \u017cycia senior\u00f3w oraz wi\u0119kszy dost\u0119p do us\u0142ug opieku\u0144czych i specjalistycznych &#8211; Marek Kuchci\u0144ski<\/title>\n<meta name=\"robots\" content=\"index, follow, max-snippet:-1, max-image-preview:large, max-video-preview:-1\" \/>\n<link rel=\"canonical\" href=\"https:\/\/marekkuchcinski.pl\/en\/wydarzenia\/40-mln-zl-edukacje-aktywnosc-poprawe-zycia-seniorow\/\" \/>\n<meta property=\"og:locale\" content=\"en_GB\" \/>\n<meta property=\"og:type\" content=\"article\" \/>\n<meta property=\"og:title\" content=\"Program Senior plus i Opieka 75 plus: edukacja, aktywno\u015b\u0107, poprawa \u017cycia senior\u00f3w oraz wi\u0119kszy dost\u0119p do us\u0142ug opieku\u0144czych i specjalistycznych &#8211; Marek Kuchci\u0144ski\" \/>\n<meta property=\"og:description\" content=\"SENIOR PLUS Do 21 grudnia\u00a0mo\u017cna sk\u0142ada\u0107 oferty w konkursie na najlepsze projekty dofinansowane ze \u015brodk\u00f3w Rz\u0105dowego Programu na rzecz Aktywno\u015bci Spo\u0142ecznej Os\u00f3b Starszych na lata 2014-2020. W nowej edycji programu do wzi\u0119cia jest 40 mln z\u0142otych. Dotacje O dofinansowanie stara\u0107 mog\u0105 si\u0119 m.in. organizacje pozarz\u0105dowe, sp\u00f3\u0142dzielnie socjalne i stowarzyszenia jednostek samorz\u0105du terytorialnego. \u2022\u00a0 \u00a0Wysoko\u015b\u0107 dotacji [&hellip;]\" \/>\n<meta property=\"og:url\" content=\"https:\/\/marekkuchcinski.pl\/en\/wydarzenia\/40-mln-zl-edukacje-aktywnosc-poprawe-zycia-seniorow\/\" \/>\n<meta property=\"og:site_name\" content=\"Marek Kuchci\u0144ski\" \/>\n<meta property=\"article:published_time\" content=\"2018-12-06T10:42:29+00:00\" \/>\n<meta property=\"article:modified_time\" content=\"2018-12-06T12:45:02+00:00\" \/>\n<meta property=\"og:image\" content=\"https:\/\/marekkuchcinski.pl\/wp-content\/uploads\/2018\/12\/cae6cd95a6cc0217ff292c547633295a.jpg\" \/>\n\t<meta property=\"og:image:width\" content=\"1200\" \/>\n\t<meta property=\"og:image:height\" content=\"800\" \/>\n\t<meta property=\"og:image:type\" content=\"image\/jpeg\" \/>\n<meta name=\"author\" content=\"admin\" \/>\n<meta name=\"twitter:card\" content=\"summary_large_image\" \/>\n<meta name=\"twitter:label1\" content=\"Written by\" \/>\n\t<meta name=\"twitter:data1\" content=\"admin\" \/>\n\t<meta name=\"twitter:label2\" content=\"Estimated reading time\" \/>\n\t<meta name=\"twitter:data2\" content=\"3 minutes\" \/>\n<script type=\"application\/ld+json\" class=\"yoast-schema-graph\">{\"@context\":\"https:\/\/schema.org\",\"@graph\":[{\"@type\":\"Article\",\"@id\":\"https:\/\/marekkuchcinski.pl\/cs\/wydarzenia\/40-mln-zl-edukacje-aktywnosc-poprawe-zycia-seniorow\/#article\",\"isPartOf\":{\"@id\":\"https:\/\/marekkuchcinski.pl\/cs\/wydarzenia\/40-mln-zl-edukacje-aktywnosc-poprawe-zycia-seniorow\/\"},\"author\":{\"name\":\"admin\",\"@id\":\"https:\/\/marekkuchcinski.pl\/#\/schema\/person\/6f62700996b4d950b6ea2d1183b6c6be\"},\"headline\":\"Program Senior plus i Opieka 75 plus: edukacja, aktywno\u015b\u0107, poprawa \u017cycia senior\u00f3w oraz wi\u0119kszy dost\u0119p do us\u0142ug opieku\u0144czych i specjalistycznych\",\"datePublished\":\"2018-12-06T10:42:29+00:00\",\"dateModified\":\"2018-12-06T12:45:02+00:00\",\"mainEntityOfPage\":{\"@id\":\"https:\/\/marekkuchcinski.pl\/cs\/wydarzenia\/40-mln-zl-edukacje-aktywnosc-poprawe-zycia-seniorow\/\"},\"wordCount\":677,\"commentCount\":0,\"publisher\":{\"@id\":\"https:\/\/marekkuchcinski.pl\/#organization\"},\"image\":{\"@id\":\"https:\/\/marekkuchcinski.pl\/cs\/wydarzenia\/40-mln-zl-edukacje-aktywnosc-poprawe-zycia-seniorow\/#primaryimage\"},\"thumbnailUrl\":\"https:\/\/marekkuchcinski.pl\/wp-content\/uploads\/2018\/12\/cae6cd95a6cc0217ff292c547633295a.jpg\",\"articleSection\":[\"Podkarpacie\",\"Prawo i Sprawiedliwo\u015b\u0107\",\"Wydarzenia\"],\"inLanguage\":\"en-GB\",\"potentialAction\":[{\"@type\":\"CommentAction\",\"name\":\"Comment\",\"target\":[\"https:\/\/marekkuchcinski.pl\/cs\/wydarzenia\/40-mln-zl-edukacje-aktywnosc-poprawe-zycia-seniorow\/#respond\"]}]},{\"@type\":\"WebPage\",\"@id\":\"https:\/\/marekkuchcinski.pl\/cs\/wydarzenia\/40-mln-zl-edukacje-aktywnosc-poprawe-zycia-seniorow\/\",\"url\":\"https:\/\/marekkuchcinski.pl\/cs\/wydarzenia\/40-mln-zl-edukacje-aktywnosc-poprawe-zycia-seniorow\/\",\"name\":\"Program Senior plus i Opieka 75 plus: edukacja, aktywno\u015b\u0107, poprawa \u017cycia senior\u00f3w oraz wi\u0119kszy dost\u0119p do us\u0142ug opieku\u0144czych i specjalistycznych &#8211; Marek Kuchci\u0144ski\",\"isPartOf\":{\"@id\":\"https:\/\/marekkuchcinski.pl\/#website\"},\"primaryImageOfPage\":{\"@id\":\"https:\/\/marekkuchcinski.pl\/cs\/wydarzenia\/40-mln-zl-edukacje-aktywnosc-poprawe-zycia-seniorow\/#primaryimage\"},\"image\":{\"@id\":\"https:\/\/marekkuchcinski.pl\/cs\/wydarzenia\/40-mln-zl-edukacje-aktywnosc-poprawe-zycia-seniorow\/#primaryimage\"},\"thumbnailUrl\":\"https:\/\/marekkuchcinski.pl\/wp-content\/uploads\/2018\/12\/cae6cd95a6cc0217ff292c547633295a.jpg\",\"datePublished\":\"2018-12-06T10:42:29+00:00\",\"dateModified\":\"2018-12-06T12:45:02+00:00\",\"breadcrumb\":{\"@id\":\"https:\/\/marekkuchcinski.pl\/cs\/wydarzenia\/40-mln-zl-edukacje-aktywnosc-poprawe-zycia-seniorow\/#breadcrumb\"},\"inLanguage\":\"en-GB\",\"potentialAction\":[{\"@type\":\"ReadAction\",\"target\":[\"https:\/\/marekkuchcinski.pl\/cs\/wydarzenia\/40-mln-zl-edukacje-aktywnosc-poprawe-zycia-seniorow\/\"]}]},{\"@type\":\"ImageObject\",\"inLanguage\":\"en-GB\",\"@id\":\"https:\/\/marekkuchcinski.pl\/cs\/wydarzenia\/40-mln-zl-edukacje-aktywnosc-poprawe-zycia-seniorow\/#primaryimage\",\"url\":\"https:\/\/marekkuchcinski.pl\/wp-content\/uploads\/2018\/12\/cae6cd95a6cc0217ff292c547633295a.jpg\",\"contentUrl\":\"https:\/\/marekkuchcinski.pl\/wp-content\/uploads\/2018\/12\/cae6cd95a6cc0217ff292c547633295a.jpg\",\"width\":1200,\"height\":800},{\"@type\":\"BreadcrumbList\",\"@id\":\"https:\/\/marekkuchcinski.pl\/cs\/wydarzenia\/40-mln-zl-edukacje-aktywnosc-poprawe-zycia-seniorow\/#breadcrumb\",\"itemListElement\":[{\"@type\":\"ListItem\",\"position\":1,\"name\":\"Strona g\u0142\u00f3wna\",\"item\":\"https:\/\/marekkuchcinski.pl\/\"},{\"@type\":\"ListItem\",\"position\":2,\"name\":\"Program Senior plus i Opieka 75 plus: edukacja, aktywno\u015b\u0107, poprawa \u017cycia senior\u00f3w oraz wi\u0119kszy dost\u0119p do us\u0142ug opieku\u0144czych i specjalistycznych\"}]},{\"@type\":\"WebSite\",\"@id\":\"https:\/\/marekkuchcinski.pl\/#website\",\"url\":\"https:\/\/marekkuchcinski.pl\/\",\"name\":\"Marek Kuchci\u0144ski\",\"description\":\"Pose\u0142 na sejm RP &ndash; okr\u0119g nr 22\",\"publisher\":{\"@id\":\"https:\/\/marekkuchcinski.pl\/#organization\"},\"potentialAction\":[{\"@type\":\"SearchAction\",\"target\":{\"@type\":\"EntryPoint\",\"urlTemplate\":\"https:\/\/marekkuchcinski.pl\/?s={search_term_string}\"},\"query-input\":{\"@type\":\"PropertyValueSpecification\",\"valueRequired\":true,\"valueName\":\"search_term_string\"}}],\"inLanguage\":\"en-GB\"},{\"@type\":\"Organization\",\"@id\":\"https:\/\/marekkuchcinski.pl\/#organization\",\"name\":\"Marek Kuchci\u0144ski\",\"url\":\"https:\/\/marekkuchcinski.pl\/\",\"logo\":{\"@type\":\"ImageObject\",\"inLanguage\":\"en-GB\",\"@id\":\"https:\/\/marekkuchcinski.pl\/#\/schema\/logo\/image\/\",\"url\":\"https:\/\/marekkuchcinski.pl\/wp-content\/uploads\/2022\/09\/Marek.jpg\",\"contentUrl\":\"https:\/\/marekkuchcinski.pl\/wp-content\/uploads\/2022\/09\/Marek.jpg\",\"width\":1600,\"height\":971,\"caption\":\"Marek Kuchci\u0144ski\"},\"image\":{\"@id\":\"https:\/\/marekkuchcinski.pl\/#\/schema\/logo\/image\/\"}},{\"@type\":\"Person\",\"@id\":\"https:\/\/marekkuchcinski.pl\/#\/schema\/person\/6f62700996b4d950b6ea2d1183b6c6be\",\"name\":\"admin\",\"image\":{\"@type\":\"ImageObject\",\"inLanguage\":\"en-GB\",\"@id\":\"https:\/\/marekkuchcinski.pl\/#\/schema\/person\/image\/\",\"url\":\"https:\/\/secure.gravatar.com\/avatar\/4bab693b9d55c3d6b52c0296a8765085?s=96&d=mm&r=g\",\"contentUrl\":\"https:\/\/secure.gravatar.com\/avatar\/4bab693b9d55c3d6b52c0296a8765085?s=96&d=mm&r=g\",\"caption\":\"admin\"},\"url\":\"https:\/\/marekkuchcinski.pl\/en\/author\/marta-olejnik\/\"}]}<\/script>\n<!-- \/ Yoast SEO plugin. -->","yoast_head_json":{"title":"Program Senior plus i Opieka 75 plus: edukacja, aktywno\u015b\u0107, poprawa \u017cycia senior\u00f3w oraz wi\u0119kszy dost\u0119p do us\u0142ug opieku\u0144czych i specjalistycznych &#8211; Marek Kuchci\u0144ski","robots":{"index":"index","follow":"follow","max-snippet":"max-snippet:-1","max-image-preview":"max-image-preview:large","max-video-preview":"max-video-preview:-1"},"canonical":"https:\/\/marekkuchcinski.pl\/en\/wydarzenia\/40-mln-zl-edukacje-aktywnosc-poprawe-zycia-seniorow\/","og_locale":"en_GB","og_type":"article","og_title":"Program Senior plus i Opieka 75 plus: edukacja, aktywno\u015b\u0107, poprawa \u017cycia senior\u00f3w oraz wi\u0119kszy dost\u0119p do us\u0142ug opieku\u0144czych i specjalistycznych &#8211; Marek Kuchci\u0144ski","og_description":"SENIOR PLUS Do 21 grudnia\u00a0mo\u017cna sk\u0142ada\u0107 oferty w konkursie na najlepsze projekty dofinansowane ze \u015brodk\u00f3w Rz\u0105dowego Programu na rzecz Aktywno\u015bci Spo\u0142ecznej Os\u00f3b Starszych na lata 2014-2020. W nowej edycji programu do wzi\u0119cia jest 40 mln z\u0142otych. Dotacje O dofinansowanie stara\u0107 mog\u0105 si\u0119 m.in. organizacje pozarz\u0105dowe, sp\u00f3\u0142dzielnie socjalne i stowarzyszenia jednostek samorz\u0105du terytorialnego. \u2022\u00a0 \u00a0Wysoko\u015b\u0107 dotacji [&hellip;]","og_url":"https:\/\/marekkuchcinski.pl\/en\/wydarzenia\/40-mln-zl-edukacje-aktywnosc-poprawe-zycia-seniorow\/","og_site_name":"Marek Kuchci\u0144ski","article_published_time":"2018-12-06T10:42:29+00:00","article_modified_time":"2018-12-06T12:45:02+00:00","og_image":[{"width":1200,"height":800,"url":"https:\/\/marekkuchcinski.pl\/wp-content\/uploads\/2018\/12\/cae6cd95a6cc0217ff292c547633295a.jpg","type":"image\/jpeg"}],"author":"admin","twitter_card":"summary_large_image","twitter_misc":{"Written by":"admin","Estimated reading time":"3 minutes"},"schema":{"@context":"https:\/\/schema.org","@graph":[{"@type":"Article","@id":"https:\/\/marekkuchcinski.pl\/cs\/wydarzenia\/40-mln-zl-edukacje-aktywnosc-poprawe-zycia-seniorow\/#article","isPartOf":{"@id":"https:\/\/marekkuchcinski.pl\/cs\/wydarzenia\/40-mln-zl-edukacje-aktywnosc-poprawe-zycia-seniorow\/"},"author":{"name":"admin","@id":"https:\/\/marekkuchcinski.pl\/#\/schema\/person\/6f62700996b4d950b6ea2d1183b6c6be"},"headline":"Program Senior plus i Opieka 75 plus: edukacja, aktywno\u015b\u0107, poprawa \u017cycia senior\u00f3w oraz wi\u0119kszy dost\u0119p do us\u0142ug opieku\u0144czych i specjalistycznych","datePublished":"2018-12-06T10:42:29+00:00","dateModified":"2018-12-06T12:45:02+00:00","mainEntityOfPage":{"@id":"https:\/\/marekkuchcinski.pl\/cs\/wydarzenia\/40-mln-zl-edukacje-aktywnosc-poprawe-zycia-seniorow\/"},"wordCount":677,"commentCount":0,"publisher":{"@id":"https:\/\/marekkuchcinski.pl\/#organization"},"image":{"@id":"https:\/\/marekkuchcinski.pl\/cs\/wydarzenia\/40-mln-zl-edukacje-aktywnosc-poprawe-zycia-seniorow\/#primaryimage"},"thumbnailUrl":"https:\/\/marekkuchcinski.pl\/wp-content\/uploads\/2018\/12\/cae6cd95a6cc0217ff292c547633295a.jpg","articleSection":["Podkarpacie","Prawo i Sprawiedliwo\u015b\u0107","Wydarzenia"],"inLanguage":"en-GB","potentialAction":[{"@type":"CommentAction","name":"Comment","target":["https:\/\/marekkuchcinski.pl\/cs\/wydarzenia\/40-mln-zl-edukacje-aktywnosc-poprawe-zycia-seniorow\/#respond"]}]},{"@type":"WebPage","@id":"https:\/\/marekkuchcinski.pl\/cs\/wydarzenia\/40-mln-zl-edukacje-aktywnosc-poprawe-zycia-seniorow\/","url":"https:\/\/marekkuchcinski.pl\/cs\/wydarzenia\/40-mln-zl-edukacje-aktywnosc-poprawe-zycia-seniorow\/","name":"Program Senior plus i Opieka 75 plus: edukacja, aktywno\u015b\u0107, poprawa \u017cycia senior\u00f3w oraz wi\u0119kszy dost\u0119p do us\u0142ug opieku\u0144czych i specjalistycznych &#8211; Marek Kuchci\u0144ski","isPartOf":{"@id":"https:\/\/marekkuchcinski.pl\/#website"},"primaryImageOfPage":{"@id":"https:\/\/marekkuchcinski.pl\/cs\/wydarzenia\/40-mln-zl-edukacje-aktywnosc-poprawe-zycia-seniorow\/#primaryimage"},"image":{"@id":"https:\/\/marekkuchcinski.pl\/cs\/wydarzenia\/40-mln-zl-edukacje-aktywnosc-poprawe-zycia-seniorow\/#primaryimage"},"thumbnailUrl":"https:\/\/marekkuchcinski.pl\/wp-content\/uploads\/2018\/12\/cae6cd95a6cc0217ff292c547633295a.jpg","datePublished":"2018-12-06T10:42:29+00:00","dateModified":"2018-12-06T12:45:02+00:00","breadcrumb":{"@id":"https:\/\/marekkuchcinski.pl\/cs\/wydarzenia\/40-mln-zl-edukacje-aktywnosc-poprawe-zycia-seniorow\/#breadcrumb"},"inLanguage":"en-GB","potentialAction":[{"@type":"ReadAction","target":["https:\/\/marekkuchcinski.pl\/cs\/wydarzenia\/40-mln-zl-edukacje-aktywnosc-poprawe-zycia-seniorow\/"]}]},{"@type":"ImageObject","inLanguage":"en-GB","@id":"https:\/\/marekkuchcinski.pl\/cs\/wydarzenia\/40-mln-zl-edukacje-aktywnosc-poprawe-zycia-seniorow\/#primaryimage","url":"https:\/\/marekkuchcinski.pl\/wp-content\/uploads\/2018\/12\/cae6cd95a6cc0217ff292c547633295a.jpg","contentUrl":"https:\/\/marekkuchcinski.pl\/wp-content\/uploads\/2018\/12\/cae6cd95a6cc0217ff292c547633295a.jpg","width":1200,"height":800},{"@type":"BreadcrumbList","@id":"https:\/\/marekkuchcinski.pl\/cs\/wydarzenia\/40-mln-zl-edukacje-aktywnosc-poprawe-zycia-seniorow\/#breadcrumb","itemListElement":[{"@type":"ListItem","position":1,"name":"Strona g\u0142\u00f3wna","item":"https:\/\/marekkuchcinski.pl\/"},{"@type":"ListItem","position":2,"name":"Program Senior plus i Opieka 75 plus: edukacja, aktywno\u015b\u0107, poprawa \u017cycia senior\u00f3w oraz wi\u0119kszy dost\u0119p do us\u0142ug opieku\u0144czych i specjalistycznych"}]},{"@type":"WebSite","@id":"https:\/\/marekkuchcinski.pl\/#website","url":"https:\/\/marekkuchcinski.pl\/","name":"Marek Kuchci\u0144ski","description":"Pose\u0142 na sejm RP &ndash; okr\u0119g nr 22","publisher":{"@id":"https:\/\/marekkuchcinski.pl\/#organization"},"potentialAction":[{"@type":"SearchAction","target":{"@type":"EntryPoint","urlTemplate":"https:\/\/marekkuchcinski.pl\/?s={search_term_string}"},"query-input":{"@type":"PropertyValueSpecification","valueRequired":true,"valueName":"search_term_string"}}],"inLanguage":"en-GB"},{"@type":"Organization","@id":"https:\/\/marekkuchcinski.pl\/#organization","name":"Marek Kuchci\u0144ski","url":"https:\/\/marekkuchcinski.pl\/","logo":{"@type":"ImageObject","inLanguage":"en-GB","@id":"https:\/\/marekkuchcinski.pl\/#\/schema\/logo\/image\/","url":"https:\/\/marekkuchcinski.pl\/wp-content\/uploads\/2022\/09\/Marek.jpg","contentUrl":"https:\/\/marekkuchcinski.pl\/wp-content\/uploads\/2022\/09\/Marek.jpg","width":1600,"height":971,"caption":"Marek Kuchci\u0144ski"},"image":{"@id":"https:\/\/marekkuchcinski.pl\/#\/schema\/logo\/image\/"}},{"@type":"Person","@id":"https:\/\/marekkuchcinski.pl\/#\/schema\/person\/6f62700996b4d950b6ea2d1183b6c6be","name":"admin","image":{"@type":"ImageObject","inLanguage":"en-GB","@id":"https:\/\/marekkuchcinski.pl\/#\/schema\/person\/image\/","url":"https:\/\/secure.gravatar.com\/avatar\/4bab693b9d55c3d6b52c0296a8765085?s=96&d=mm&r=g","contentUrl":"https:\/\/secure.gravatar.com\/avatar\/4bab693b9d55c3d6b52c0296a8765085?s=96&d=mm&r=g","caption":"admin"},"url":"https:\/\/marekkuchcinski.pl\/en\/author\/marta-olejnik\/"}]}},"_links":{"self":[{"href":"https:\/\/marekkuchcinski.pl\/en\/wp-json\/wp\/v2\/posts\/11522","targetHints":{"allow":["GET"]}}],"collection":[{"href":"https:\/\/marekkuchcinski.pl\/en\/wp-json\/wp\/v2\/posts"}],"about":[{"href":"https:\/\/marekkuchcinski.pl\/en\/wp-json\/wp\/v2\/types\/post"}],"author":[{"embeddable":true,"href":"https:\/\/marekkuchcinski.pl\/en\/wp-json\/wp\/v2\/users\/6"}],"replies":[{"embeddable":true,"href":"https:\/\/marekkuchcinski.pl\/en\/wp-json\/wp\/v2\/comments?post=11522"}],"version-history":[{"count":16,"href":"https:\/\/marekkuchcinski.pl\/en\/wp-json\/wp\/v2\/posts\/11522\/revisions"}],"predecessor-version":[{"id":11541,"href":"https:\/\/marekkuchcinski.pl\/en\/wp-json\/wp\/v2\/posts\/11522\/revisions\/11541"}],"wp:featuredmedia":[{"embeddable":true,"href":"https:\/\/marekkuchcinski.pl\/en\/wp-json\/wp\/v2\/media\/11527"}],"wp:attachment":[{"href":"https:\/\/marekkuchcinski.pl\/en\/wp-json\/wp\/v2\/media?parent=11522"}],"wp:term":[{"taxonomy":"category","embeddable":true,"href":"https:\/\/marekkuchcinski.pl\/en\/wp-json\/wp\/v2\/categories?post=11522"},{"taxonomy":"post_tag","embeddable":true,"href":"https:\/\/marekkuchcinski.pl\/en\/wp-json\/wp\/v2\/tags?post=11522"}],"curies":[{"name":"wp","href":"https:\/\/api.w.org\/{rel}","templated":true}]}}