{"id":11237,"date":"2018-11-26T15:38:16","date_gmt":"2018-11-26T14:38:16","guid":{"rendered":"https:\/\/marekkuchcinski.pl\/?p=11237"},"modified":"2018-11-26T16:04:56","modified_gmt":"2018-11-26T15:04:56","slug":"przemysl-o-polskiej-tradycji-parlamentarnej-550-rocznice-powstania-polskiego-parlamentaryzmu","status":"publish","type":"post","link":"https:\/\/marekkuchcinski.pl\/en\/wydarzenia\/przemysl-o-polskiej-tradycji-parlamentarnej-550-rocznice-powstania-polskiego-parlamentaryzmu\/","title":{"rendered":"Przemy\u015bl: On the Polish parliamentary tradition on the 550th anniversary of Polish parliamentarism"},"content":{"rendered":"<p>This year we celebrate the 550th anniversary of the Parliamentarism of the Republic of Poland. In 1468 the Seym of the Kingdom of Poland was established in a bicameral form: the Senate and the Chamber of Deputies. King Casimir Jagiellon, an eminent representative of the Jagiellonians - a great Central European dynasty, invited deputies elected at regional assemblies to discuss the matters of the then state - our Republic,\" recalled Marek Kuchci\u0144ski, Speaker of the Sejm, during celebrations marking the 550th anniversary of Polish parliamentarism.<\/p>\n<p>The Marshal emphasized that this is how the Polish parliamentary system was created, consisting of the king, the senate and the chamber of deputies. And it lasted for centuries, with the Sejm expressing the interests of the state and realizing its sovereignty, i.e. making laws, taking the most important decisions, including those concerning war and taxes. It became a place of compromise between the king and the political people, representing the popular will, that is, the inhabitants of all lands.<\/p>\n<p>The Polish parliamentary tradition was shaped in an area where many ethnic groups and cultures, religions and confessions, customs and traditions intermingled. It became an inspiration for the inhabitants of many lands: Poland, Ruthenia - White, Black and Red Ruthenia, Lithuania, Courland, Livonia, Moldavia and Prussia.<\/p>\n<p>In S\u0105dowa Wisznia, a town located east of Przemy\u015bl, the Sejmik of the Lvov, Przemysl and Sanok regions was meeting.<\/p>\n<p>Politicians important to our national history came from the Przemy\u015bl area. They were, among others: Andrzej Maksymilian Fredro - Speaker of the Chamber of Deputies, an eminent philosopher, founder of the monastery and church in Kalwaria Pac\u0142awska; Stanis\u0142aw Jan Jab\u0142onowski - Senator, Great Hetman of the Crown and Voivode of Ruthenia; Stanis\u0142aw Sarnowski - Bishop and Great Referendary of the Crown. In Przemy\u015bl worked outstanding humanists: Jan Herburt - the author of many works about diplomacy, considered to be classics in Europe, and Stanis\u0142aw Orzechowski - who wrote about Poles as eagles, for whom freedom is a synonym of Polishness, the foundation of the political system and the basic value.<\/p>\n<p>The conferences organized to commemorate the 550th anniversary of Polish parliamentarism show the uniqueness of the Sejm at its beginnings, which permanently influenced the national identity not only of Poles but also of other inhabitants of our part of Europe. Marek Kuchci\u0144ski emphasized that parliamentarism became the foundation of political culture in Central Europe and enabled the formation of political subjectivity based on freedom, understood in republican terms, that is, participation in political life.<\/p>\n<p>The Marshal reminded that in 1505 the political principle \"Nothing about us without us\" was adopted. The success of the Polish-Lithuanian Commonwealth - a unique civilization in Europe - proves how solid this foundation was. - Its fate determined the identity of both the modern Polish statehood reborn 100 years ago and today's Poland - said Kuchci\u0144ski.<\/p>\n<p>On behalf of the historical community the conference was inaugurated by Prof. Dariusz Kupisz from Maria Curie-Sk\u0142odowska University in Lublin. The historian drew attention to the fact that the research of Prof. Waclaw Urszczuk indicates the year 1468 as the culmination of a long process of forming parliamentary representation with the authority to make decisions on behalf of the voters. - Sejm sessions were convened already several decades before 1468, but even though the nobility participated in them in large numbers, they did not represent the voters. The mechanism of electing deputies emerged only later - explained Prof. Kupisz.<\/p>\n<p dir=\"ltr\">Professor Zbigniew Rau from the University of \u0141\u00f3d\u017a spoke about the importance of 17th century political thought for the national identity of Poles. According to him, the politics of that period was characterized by subjectivity and sovereignty. - It was a policy practiced by the citizens of the Republic of Poland, not foreign powers, and it served the cause of the state of the Republic of Poland. In later generations Polish politics came down to either winning independence or the policy of conciliation', said Prof. Rau.<\/p>\n<p dir=\"ltr\">Dr Marek Tracz-Tryniecki from the University of \u0141\u00f3d\u017a discussed Andrzej Maksymilian Fredro's participation in the first Diet of 1652, emphasizing that Fredro was one of those people who protested against the breaking off of the session. - He was the greatest individual and the greatest Speaker of the Sejm during the reign of Jan Kazimierz. As Speaker of the infamous Sejm of 1652, Fredro became known as a parliamentarian of exceptional stature. He was able to combine republican ideas with a certain independence towards both the court and the radical opposition, with a desire to raise the political status of the Sejm to a higher level.<\/p>\n<p dir=\"ltr\">Dr. Lucjan Fac, representing the National Museum of the Przemysl Region, referred in his speech to Marshal Kuchci\u0144ski's presentation of flowers at the plaque commemorating Andrzej Maksymilian Fredro at the Saint Anthony of Padua Church in Przemy\u015bl. - Standing at the grave of Andrzej Fredro, I felt very fulfilled as a historian. The Marshal's Guard of the Sejm of the Republic of Poland standing by this epitaph is a beautiful image that was due to our compatriot,\" he said.<\/p>\n<p dir=\"ltr\">The parliamentary activity of the Herburt family representatives was presented by Justyna Ga\u0142uszko of Jagiellonian University. -The formation of the political principles of the Polish-Lithuanian Commonwealth took place with the active participation of the Herburt family from the Przemy\u015bl area, and two centuries of the family's existence made them famous for their education, chivalry and devotion to the Catholic faith,\" pointed out Ga\u0142uszko.<\/p>\n<p dir=\"ltr\">The political thought of Stanis\u0142aw Orzechowski was the subject of a lecture by Dr. Jan Musia\u0142 of the East European State School in Przemy\u015bl. - He was one of the main creators of the concept of noble freedom and the movement for the defense of the rights of the nobility. He wrote about Poles as eagles for whom freedom is synonymous with Polishness, the foundation of the system and a fundamental value.<\/p>\n<p dir=\"ltr\">The mechanism of functioning of the pre-sejm sejmiks in S\u0105dowa Wisznia in the 17th century was presented by Dr Andrzej Kr\u00f3l from the Society of Friends of Science in Przemy\u015bl. - The procedures of the sejmiks in Wisz\u00f3w, which represented the sejmiks from the lands of Lw\u00f3w, Przemy\u015bl and Sanok, were similar to the rules of other Crown sejmiks. The lack of written rules regulating its functioning indicates the dominating role of practice and customs - emphasized dr Kr\u00f3l.<\/p>\n<p dir=\"ltr\">Speaking about the parliamentary representation of the Przemy\u015bl region in the Saxon times, Professor Wies\u0142aw Bondyra from the Maria Curie-Sk\u0142odowska University (UMCS) pointed out that although in that period no model for improving parliamentary life was implemented, the first postulates about the necessity of introducing a majority voting system appeared. - They did not give up formulating slogans of freedom, but seeing the progressing collapse of the Polish state, also MPs from Przemy\u015bl were in favor of greater centralization of state power and reform of the debates - he explained.<\/p>\n<p dir=\"ltr\">The last speaker was Prof. Adam Per\u0142akowski from Jagiellonian University, who in his speech sought an answer to the question whether the parliamentarism of the era of Stanis\u0142aw\u00f3w was a new quality or a creative continuation. Professor Per\u0142akowski pointed out that the era of Stanislaw Law was the time of confederations, and when debates were held in this form none of the sejms was broken and ended with a legislative success. - The Stanislaus times are a perfect example of the birth of a new sense of citizenship. Research shows that since the Four-Year Sejm, which introduced a number of reforms, Poland has developed the awareness that key changes in the country cannot be implemented without the participation of the Sejm, because the strength of the nation are wise, responsible deputies guided by the common good\", said Prof. Per\u0142akowski.<\/p>\n<p dir=\"ltr\">During the conference the Director of the Przemysl Land Museum, Jan Jarosz presented the authors of the publication \"City of Valour. Przemy\u015bl on the 100th Anniversary of Regaining Independence\" reconstructed from 1918. The Star of Przemysl in gratitude for their contribution to the creation of the book. The publication was published by Wydawnictwo Sejmowe, and its co-authors are Marek Kuchci\u0144ski and Deputy Speaker of the Sejm Ryszard Terlecki.<\/p>\n<p dir=\"ltr\">The conference was preceded by Holy Mass in the Archcathedral Basilica of Saint John the Baptist and the Assumption of the Blessed Virgin Mary. In turn, at the end of the day, a concert of independent songs from Sarmatia to Legions took place in the Cultural Centre in Przemy\u015bl.<\/p>\n<p dir=\"ltr\">The event was attended by members of parliament, local government, historians and museum workers. Among the guests were Adrienne K\u00f6rmendy, Consul General of Hungary, Podkarpackie Governor Ewa Leniart, and Podkarpackie Deputy Marshal Piotr Pilch.<\/p>\n<p dir=\"ltr\"><a href=\"https:\/\/marekkuchcinski.pl\/wp-content\/uploads\/2018\/11\/DSCF1925-1.jpg\"><img fetchpriority=\"high\" decoding=\"async\" class=\"alignnone size-full wp-image-11278\" src=\"https:\/\/marekkuchcinski.pl\/wp-content\/uploads\/2018\/11\/DSCF1925-1.jpg\" alt=\"DSCF1925 (1)\" width=\"4146\" height=\"2782\" srcset=\"https:\/\/marekkuchcinski.pl\/wp-content\/uploads\/2018\/11\/DSCF1925-1.jpg 2048w, https:\/\/marekkuchcinski.pl\/wp-content\/uploads\/2018\/11\/DSCF1925-1-300x201.jpg 300w, https:\/\/marekkuchcinski.pl\/wp-content\/uploads\/2018\/11\/DSCF1925-1-768x515.jpg 768w, https:\/\/marekkuchcinski.pl\/wp-content\/uploads\/2018\/11\/DSCF1925-1-1024x687.jpg 1024w\" sizes=\"(max-width: 4146px) 100vw, 4146px\" \/><\/a> <a href=\"https:\/\/marekkuchcinski.pl\/wp-content\/uploads\/2018\/11\/DSCF1924.jpg\"><img decoding=\"async\" class=\"alignnone size-full wp-image-11295\" src=\"https:\/\/marekkuchcinski.pl\/wp-content\/uploads\/2018\/11\/DSCF1924.jpg\" alt=\"DSCF1924\" width=\"4470\" height=\"2904\" srcset=\"https:\/\/marekkuchcinski.pl\/wp-content\/uploads\/2018\/11\/DSCF1924.jpg 2048w, https:\/\/marekkuchcinski.pl\/wp-content\/uploads\/2018\/11\/DSCF1924-300x195.jpg 300w, https:\/\/marekkuchcinski.pl\/wp-content\/uploads\/2018\/11\/DSCF1924-768x499.jpg 768w, https:\/\/marekkuchcinski.pl\/wp-content\/uploads\/2018\/11\/DSCF1924-1024x665.jpg 1024w\" sizes=\"(max-width: 4470px) 100vw, 4470px\" \/><\/a><a href=\"https:\/\/marekkuchcinski.pl\/wp-content\/uploads\/2018\/11\/DSCF1962-1-23.jpg\"><img decoding=\"async\" class=\"alignnone size-full wp-image-11314\" src=\"https:\/\/marekkuchcinski.pl\/wp-content\/uploads\/2018\/11\/DSCF1962-1-23.jpg\" alt=\"DSCF1962 (1) 23\" width=\"3714\" height=\"2702\" srcset=\"https:\/\/marekkuchcinski.pl\/wp-content\/uploads\/2018\/11\/DSCF1962-1-23.jpg 2048w, https:\/\/marekkuchcinski.pl\/wp-content\/uploads\/2018\/11\/DSCF1962-1-23-300x218.jpg 300w, https:\/\/marekkuchcinski.pl\/wp-content\/uploads\/2018\/11\/DSCF1962-1-23-768x559.jpg 768w, https:\/\/marekkuchcinski.pl\/wp-content\/uploads\/2018\/11\/DSCF1962-1-23-1024x745.jpg 1024w\" sizes=\"(max-width: 3714px) 100vw, 3714px\" \/><\/a> <a href=\"https:\/\/marekkuchcinski.pl\/wp-content\/uploads\/2018\/11\/DSCF1965.jpg\"><img loading=\"lazy\" decoding=\"async\" class=\"alignnone size-full wp-image-11282\" src=\"https:\/\/marekkuchcinski.pl\/wp-content\/uploads\/2018\/11\/DSCF1965.jpg\" alt=\"DSCF1965\" width=\"4896\" height=\"3264\" srcset=\"https:\/\/marekkuchcinski.pl\/wp-content\/uploads\/2018\/11\/DSCF1965.jpg 2048w, https:\/\/marekkuchcinski.pl\/wp-content\/uploads\/2018\/11\/DSCF1965-300x200.jpg 300w, https:\/\/marekkuchcinski.pl\/wp-content\/uploads\/2018\/11\/DSCF1965-768x512.jpg 768w, https:\/\/marekkuchcinski.pl\/wp-content\/uploads\/2018\/11\/DSCF1965-1024x683.jpg 1024w\" sizes=\"(max-width: 4896px) 100vw, 4896px\" \/><\/a> <a href=\"https:\/\/marekkuchcinski.pl\/wp-content\/uploads\/2018\/11\/DSCF1973.jpg\"><img loading=\"lazy\" decoding=\"async\" class=\"alignnone size-full wp-image-11283\" src=\"https:\/\/marekkuchcinski.pl\/wp-content\/uploads\/2018\/11\/DSCF1973.jpg\" alt=\"DSCF1973\" width=\"4896\" height=\"3264\" srcset=\"https:\/\/marekkuchcinski.pl\/wp-content\/uploads\/2018\/11\/DSCF1973.jpg 2048w, https:\/\/marekkuchcinski.pl\/wp-content\/uploads\/2018\/11\/DSCF1973-300x200.jpg 300w, https:\/\/marekkuchcinski.pl\/wp-content\/uploads\/2018\/11\/DSCF1973-768x512.jpg 768w, https:\/\/marekkuchcinski.pl\/wp-content\/uploads\/2018\/11\/DSCF1973-1024x683.jpg 1024w\" sizes=\"(max-width: 4896px) 100vw, 4896px\" \/><\/a> <a href=\"https:\/\/marekkuchcinski.pl\/wp-content\/uploads\/2018\/11\/DSCF1996-1.jpg\"><img loading=\"lazy\" decoding=\"async\" class=\"alignnone size-full wp-image-11284\" src=\"https:\/\/marekkuchcinski.pl\/wp-content\/uploads\/2018\/11\/DSCF1996-1.jpg\" alt=\"DSCF1996 (1)\" width=\"4239\" height=\"2648\" srcset=\"https:\/\/marekkuchcinski.pl\/wp-content\/uploads\/2018\/11\/DSCF1996-1.jpg 2048w, https:\/\/marekkuchcinski.pl\/wp-content\/uploads\/2018\/11\/DSCF1996-1-300x187.jpg 300w, https:\/\/marekkuchcinski.pl\/wp-content\/uploads\/2018\/11\/DSCF1996-1-768x480.jpg 768w, https:\/\/marekkuchcinski.pl\/wp-content\/uploads\/2018\/11\/DSCF1996-1-1024x640.jpg 1024w\" sizes=\"(max-width: 4239px) 100vw, 4239px\" \/><\/a><a href=\"https:\/\/marekkuchcinski.pl\/wp-content\/uploads\/2018\/11\/PSX_20181126_154800.jpg\"><img loading=\"lazy\" decoding=\"async\" class=\"alignnone size-full wp-image-11305\" src=\"https:\/\/marekkuchcinski.pl\/wp-content\/uploads\/2018\/11\/PSX_20181126_154800.jpg\" alt=\"PSX_20181126_154800\" width=\"3092\" height=\"2637\" srcset=\"https:\/\/marekkuchcinski.pl\/wp-content\/uploads\/2018\/11\/PSX_20181126_154800.jpg 2048w, https:\/\/marekkuchcinski.pl\/wp-content\/uploads\/2018\/11\/PSX_20181126_154800-300x256.jpg 300w, https:\/\/marekkuchcinski.pl\/wp-content\/uploads\/2018\/11\/PSX_20181126_154800-768x655.jpg 768w, https:\/\/marekkuchcinski.pl\/wp-content\/uploads\/2018\/11\/PSX_20181126_154800-1024x873.jpg 1024w\" sizes=\"(max-width: 3092px) 100vw, 3092px\" \/><\/a><\/p>\n<p dir=\"ltr\"><em>Photo by M. Olejnik<\/em><\/p>","protected":false},"excerpt":{"rendered":"<p>W tym roku obchodzimy 550-lecie Parlamentaryzmu Rzeczypospolitej. W 1468 roku powsta\u0142 Sejm Kr\u00f3lestwa Polskiego w postaci dwuizbowej: senat i izba poselska. Kr\u00f3l Kazimierz Jagiello\u0144czyk, wybitny przedstawiciel Jagiellon\u00f3w \u2013 wielkiej \u015brodkowoeuropejskiej dynastii, zaprosi\u0142 pos\u0142\u00f3w wybranych na sejmikach ziemskich, \u017ceby naradza\u0107 si\u0119 nad sprawami \u00f3wczesnego pa\u0144stwa \u2013 naszej Rzeczypospolitej &#8211; przypomnia\u0142 marsza\u0142ek Sejmu Marek Kuchci\u0144ski podczas obchod\u00f3w [&hellip;]<\/p>","protected":false},"author":6,"featured_media":11315,"comment_status":"open","ping_status":"open","sticky":false,"template":"","format":"standard","meta":{"ngg_post_thumbnail":0,"footnotes":""},"categories":[49,77,81,3],"tags":[],"class_list":["post-11237","post","type-post","status-publish","format-standard","has-post-thumbnail","hentry","category-podkarpacie","category-wazne-daty","category-wiesci-z-sejmu","category-wydarzenia"],"yoast_head":"<!-- This site is optimized with the Yoast SEO plugin v24.7 - https:\/\/yoast.com\/wordpress\/plugins\/seo\/ -->\n<title>Przemy\u015bl: O polskiej tradycji parlamentarnej w 550. rocznic\u0119 powstania polskiego parlamentaryzmu &#8211; Marek Kuchci\u0144ski<\/title>\n<meta name=\"robots\" content=\"index, follow, max-snippet:-1, max-image-preview:large, max-video-preview:-1\" \/>\n<link rel=\"canonical\" href=\"https:\/\/marekkuchcinski.pl\/en\/wydarzenia\/przemysl-o-polskiej-tradycji-parlamentarnej-550-rocznice-powstania-polskiego-parlamentaryzmu\/\" \/>\n<meta property=\"og:locale\" content=\"en_GB\" \/>\n<meta property=\"og:type\" content=\"article\" \/>\n<meta property=\"og:title\" content=\"Przemy\u015bl: O polskiej tradycji parlamentarnej w 550. rocznic\u0119 powstania polskiego parlamentaryzmu &#8211; Marek Kuchci\u0144ski\" \/>\n<meta property=\"og:description\" content=\"W tym roku obchodzimy 550-lecie Parlamentaryzmu Rzeczypospolitej. W 1468 roku powsta\u0142 Sejm Kr\u00f3lestwa Polskiego w postaci dwuizbowej: senat i izba poselska. Kr\u00f3l Kazimierz Jagiello\u0144czyk, wybitny przedstawiciel Jagiellon\u00f3w \u2013 wielkiej \u015brodkowoeuropejskiej dynastii, zaprosi\u0142 pos\u0142\u00f3w wybranych na sejmikach ziemskich, \u017ceby naradza\u0107 si\u0119 nad sprawami \u00f3wczesnego pa\u0144stwa \u2013 naszej Rzeczypospolitej &#8211; przypomnia\u0142 marsza\u0142ek Sejmu Marek Kuchci\u0144ski podczas obchod\u00f3w [&hellip;]\" \/>\n<meta property=\"og:url\" content=\"https:\/\/marekkuchcinski.pl\/en\/wydarzenia\/przemysl-o-polskiej-tradycji-parlamentarnej-550-rocznice-powstania-polskiego-parlamentaryzmu\/\" \/>\n<meta property=\"og:site_name\" content=\"Marek Kuchci\u0144ski\" \/>\n<meta property=\"article:published_time\" content=\"2018-11-26T14:38:16+00:00\" \/>\n<meta property=\"article:modified_time\" content=\"2018-11-26T15:04:56+00:00\" \/>\n<meta property=\"og:image\" content=\"https:\/\/marekkuchcinski.pl\/wp-content\/uploads\/2018\/11\/DSCF1973-2.jpg\" \/>\n\t<meta property=\"og:image:width\" content=\"2048\" \/>\n\t<meta property=\"og:image:height\" content=\"1318\" \/>\n\t<meta property=\"og:image:type\" content=\"image\/jpeg\" \/>\n<meta name=\"author\" content=\"admin\" \/>\n<meta name=\"twitter:card\" content=\"summary_large_image\" \/>\n<meta name=\"twitter:label1\" content=\"Written by\" \/>\n\t<meta name=\"twitter:data1\" content=\"admin\" \/>\n\t<meta name=\"twitter:label2\" content=\"Estimated reading time\" \/>\n\t<meta name=\"twitter:data2\" content=\"7 minutes\" \/>\n<script type=\"application\/ld+json\" class=\"yoast-schema-graph\">{\"@context\":\"https:\/\/schema.org\",\"@graph\":[{\"@type\":\"Article\",\"@id\":\"https:\/\/marekkuchcinski.pl\/uk\/wydarzenia\/przemysl-o-polskiej-tradycji-parlamentarnej-550-rocznice-powstania-polskiego-parlamentaryzmu\/#article\",\"isPartOf\":{\"@id\":\"https:\/\/marekkuchcinski.pl\/uk\/wydarzenia\/przemysl-o-polskiej-tradycji-parlamentarnej-550-rocznice-powstania-polskiego-parlamentaryzmu\/\"},\"author\":{\"name\":\"admin\",\"@id\":\"https:\/\/marekkuchcinski.pl\/#\/schema\/person\/6f62700996b4d950b6ea2d1183b6c6be\"},\"headline\":\"Przemy\u015bl: O polskiej tradycji parlamentarnej w 550. rocznic\u0119 powstania polskiego parlamentaryzmu\",\"datePublished\":\"2018-11-26T14:38:16+00:00\",\"dateModified\":\"2018-11-26T15:04:56+00:00\",\"mainEntityOfPage\":{\"@id\":\"https:\/\/marekkuchcinski.pl\/uk\/wydarzenia\/przemysl-o-polskiej-tradycji-parlamentarnej-550-rocznice-powstania-polskiego-parlamentaryzmu\/\"},\"wordCount\":1387,\"commentCount\":0,\"publisher\":{\"@id\":\"https:\/\/marekkuchcinski.pl\/#organization\"},\"image\":{\"@id\":\"https:\/\/marekkuchcinski.pl\/uk\/wydarzenia\/przemysl-o-polskiej-tradycji-parlamentarnej-550-rocznice-powstania-polskiego-parlamentaryzmu\/#primaryimage\"},\"thumbnailUrl\":\"https:\/\/marekkuchcinski.pl\/wp-content\/uploads\/2018\/11\/DSCF1973-2.jpg\",\"articleSection\":[\"Podkarpacie\",\"Wa\u017cne daty\",\"Wie\u015bci z Sejmu\",\"Wydarzenia\"],\"inLanguage\":\"en-GB\",\"potentialAction\":[{\"@type\":\"CommentAction\",\"name\":\"Comment\",\"target\":[\"https:\/\/marekkuchcinski.pl\/uk\/wydarzenia\/przemysl-o-polskiej-tradycji-parlamentarnej-550-rocznice-powstania-polskiego-parlamentaryzmu\/#respond\"]}]},{\"@type\":\"WebPage\",\"@id\":\"https:\/\/marekkuchcinski.pl\/uk\/wydarzenia\/przemysl-o-polskiej-tradycji-parlamentarnej-550-rocznice-powstania-polskiego-parlamentaryzmu\/\",\"url\":\"https:\/\/marekkuchcinski.pl\/uk\/wydarzenia\/przemysl-o-polskiej-tradycji-parlamentarnej-550-rocznice-powstania-polskiego-parlamentaryzmu\/\",\"name\":\"Przemy\u015bl: O polskiej tradycji parlamentarnej w 550. rocznic\u0119 powstania polskiego parlamentaryzmu &#8211; Marek Kuchci\u0144ski\",\"isPartOf\":{\"@id\":\"https:\/\/marekkuchcinski.pl\/#website\"},\"primaryImageOfPage\":{\"@id\":\"https:\/\/marekkuchcinski.pl\/uk\/wydarzenia\/przemysl-o-polskiej-tradycji-parlamentarnej-550-rocznice-powstania-polskiego-parlamentaryzmu\/#primaryimage\"},\"image\":{\"@id\":\"https:\/\/marekkuchcinski.pl\/uk\/wydarzenia\/przemysl-o-polskiej-tradycji-parlamentarnej-550-rocznice-powstania-polskiego-parlamentaryzmu\/#primaryimage\"},\"thumbnailUrl\":\"https:\/\/marekkuchcinski.pl\/wp-content\/uploads\/2018\/11\/DSCF1973-2.jpg\",\"datePublished\":\"2018-11-26T14:38:16+00:00\",\"dateModified\":\"2018-11-26T15:04:56+00:00\",\"breadcrumb\":{\"@id\":\"https:\/\/marekkuchcinski.pl\/uk\/wydarzenia\/przemysl-o-polskiej-tradycji-parlamentarnej-550-rocznice-powstania-polskiego-parlamentaryzmu\/#breadcrumb\"},\"inLanguage\":\"en-GB\",\"potentialAction\":[{\"@type\":\"ReadAction\",\"target\":[\"https:\/\/marekkuchcinski.pl\/uk\/wydarzenia\/przemysl-o-polskiej-tradycji-parlamentarnej-550-rocznice-powstania-polskiego-parlamentaryzmu\/\"]}]},{\"@type\":\"ImageObject\",\"inLanguage\":\"en-GB\",\"@id\":\"https:\/\/marekkuchcinski.pl\/uk\/wydarzenia\/przemysl-o-polskiej-tradycji-parlamentarnej-550-rocznice-powstania-polskiego-parlamentaryzmu\/#primaryimage\",\"url\":\"https:\/\/marekkuchcinski.pl\/wp-content\/uploads\/2018\/11\/DSCF1973-2.jpg\",\"contentUrl\":\"https:\/\/marekkuchcinski.pl\/wp-content\/uploads\/2018\/11\/DSCF1973-2.jpg\",\"width\":2048,\"height\":1318},{\"@type\":\"BreadcrumbList\",\"@id\":\"https:\/\/marekkuchcinski.pl\/uk\/wydarzenia\/przemysl-o-polskiej-tradycji-parlamentarnej-550-rocznice-powstania-polskiego-parlamentaryzmu\/#breadcrumb\",\"itemListElement\":[{\"@type\":\"ListItem\",\"position\":1,\"name\":\"Strona g\u0142\u00f3wna\",\"item\":\"https:\/\/marekkuchcinski.pl\/\"},{\"@type\":\"ListItem\",\"position\":2,\"name\":\"Przemy\u015bl: O polskiej tradycji parlamentarnej w 550. rocznic\u0119 powstania polskiego parlamentaryzmu\"}]},{\"@type\":\"WebSite\",\"@id\":\"https:\/\/marekkuchcinski.pl\/#website\",\"url\":\"https:\/\/marekkuchcinski.pl\/\",\"name\":\"Marek Kuchci\u0144ski\",\"description\":\"Pose\u0142 na sejm RP &ndash; okr\u0119g nr 22\",\"publisher\":{\"@id\":\"https:\/\/marekkuchcinski.pl\/#organization\"},\"potentialAction\":[{\"@type\":\"SearchAction\",\"target\":{\"@type\":\"EntryPoint\",\"urlTemplate\":\"https:\/\/marekkuchcinski.pl\/?s={search_term_string}\"},\"query-input\":{\"@type\":\"PropertyValueSpecification\",\"valueRequired\":true,\"valueName\":\"search_term_string\"}}],\"inLanguage\":\"en-GB\"},{\"@type\":\"Organization\",\"@id\":\"https:\/\/marekkuchcinski.pl\/#organization\",\"name\":\"Marek Kuchci\u0144ski\",\"url\":\"https:\/\/marekkuchcinski.pl\/\",\"logo\":{\"@type\":\"ImageObject\",\"inLanguage\":\"en-GB\",\"@id\":\"https:\/\/marekkuchcinski.pl\/#\/schema\/logo\/image\/\",\"url\":\"https:\/\/marekkuchcinski.pl\/wp-content\/uploads\/2022\/09\/Marek.jpg\",\"contentUrl\":\"https:\/\/marekkuchcinski.pl\/wp-content\/uploads\/2022\/09\/Marek.jpg\",\"width\":1600,\"height\":971,\"caption\":\"Marek Kuchci\u0144ski\"},\"image\":{\"@id\":\"https:\/\/marekkuchcinski.pl\/#\/schema\/logo\/image\/\"}},{\"@type\":\"Person\",\"@id\":\"https:\/\/marekkuchcinski.pl\/#\/schema\/person\/6f62700996b4d950b6ea2d1183b6c6be\",\"name\":\"admin\",\"image\":{\"@type\":\"ImageObject\",\"inLanguage\":\"en-GB\",\"@id\":\"https:\/\/marekkuchcinski.pl\/#\/schema\/person\/image\/\",\"url\":\"https:\/\/secure.gravatar.com\/avatar\/4bab693b9d55c3d6b52c0296a8765085?s=96&d=mm&r=g\",\"contentUrl\":\"https:\/\/secure.gravatar.com\/avatar\/4bab693b9d55c3d6b52c0296a8765085?s=96&d=mm&r=g\",\"caption\":\"admin\"},\"url\":\"https:\/\/marekkuchcinski.pl\/en\/author\/marta-olejnik\/\"}]}<\/script>\n<!-- \/ Yoast SEO plugin. -->","yoast_head_json":{"title":"Przemy\u015bl: O polskiej tradycji parlamentarnej w 550. rocznic\u0119 powstania polskiego parlamentaryzmu &#8211; Marek Kuchci\u0144ski","robots":{"index":"index","follow":"follow","max-snippet":"max-snippet:-1","max-image-preview":"max-image-preview:large","max-video-preview":"max-video-preview:-1"},"canonical":"https:\/\/marekkuchcinski.pl\/en\/wydarzenia\/przemysl-o-polskiej-tradycji-parlamentarnej-550-rocznice-powstania-polskiego-parlamentaryzmu\/","og_locale":"en_GB","og_type":"article","og_title":"Przemy\u015bl: O polskiej tradycji parlamentarnej w 550. rocznic\u0119 powstania polskiego parlamentaryzmu &#8211; Marek Kuchci\u0144ski","og_description":"W tym roku obchodzimy 550-lecie Parlamentaryzmu Rzeczypospolitej. W 1468 roku powsta\u0142 Sejm Kr\u00f3lestwa Polskiego w postaci dwuizbowej: senat i izba poselska. Kr\u00f3l Kazimierz Jagiello\u0144czyk, wybitny przedstawiciel Jagiellon\u00f3w \u2013 wielkiej \u015brodkowoeuropejskiej dynastii, zaprosi\u0142 pos\u0142\u00f3w wybranych na sejmikach ziemskich, \u017ceby naradza\u0107 si\u0119 nad sprawami \u00f3wczesnego pa\u0144stwa \u2013 naszej Rzeczypospolitej &#8211; przypomnia\u0142 marsza\u0142ek Sejmu Marek Kuchci\u0144ski podczas obchod\u00f3w [&hellip;]","og_url":"https:\/\/marekkuchcinski.pl\/en\/wydarzenia\/przemysl-o-polskiej-tradycji-parlamentarnej-550-rocznice-powstania-polskiego-parlamentaryzmu\/","og_site_name":"Marek Kuchci\u0144ski","article_published_time":"2018-11-26T14:38:16+00:00","article_modified_time":"2018-11-26T15:04:56+00:00","og_image":[{"width":2048,"height":1318,"url":"https:\/\/marekkuchcinski.pl\/wp-content\/uploads\/2018\/11\/DSCF1973-2.jpg","type":"image\/jpeg"}],"author":"admin","twitter_card":"summary_large_image","twitter_misc":{"Written by":"admin","Estimated reading time":"7 minutes"},"schema":{"@context":"https:\/\/schema.org","@graph":[{"@type":"Article","@id":"https:\/\/marekkuchcinski.pl\/uk\/wydarzenia\/przemysl-o-polskiej-tradycji-parlamentarnej-550-rocznice-powstania-polskiego-parlamentaryzmu\/#article","isPartOf":{"@id":"https:\/\/marekkuchcinski.pl\/uk\/wydarzenia\/przemysl-o-polskiej-tradycji-parlamentarnej-550-rocznice-powstania-polskiego-parlamentaryzmu\/"},"author":{"name":"admin","@id":"https:\/\/marekkuchcinski.pl\/#\/schema\/person\/6f62700996b4d950b6ea2d1183b6c6be"},"headline":"Przemy\u015bl: O polskiej tradycji parlamentarnej w 550. rocznic\u0119 powstania polskiego parlamentaryzmu","datePublished":"2018-11-26T14:38:16+00:00","dateModified":"2018-11-26T15:04:56+00:00","mainEntityOfPage":{"@id":"https:\/\/marekkuchcinski.pl\/uk\/wydarzenia\/przemysl-o-polskiej-tradycji-parlamentarnej-550-rocznice-powstania-polskiego-parlamentaryzmu\/"},"wordCount":1387,"commentCount":0,"publisher":{"@id":"https:\/\/marekkuchcinski.pl\/#organization"},"image":{"@id":"https:\/\/marekkuchcinski.pl\/uk\/wydarzenia\/przemysl-o-polskiej-tradycji-parlamentarnej-550-rocznice-powstania-polskiego-parlamentaryzmu\/#primaryimage"},"thumbnailUrl":"https:\/\/marekkuchcinski.pl\/wp-content\/uploads\/2018\/11\/DSCF1973-2.jpg","articleSection":["Podkarpacie","Wa\u017cne daty","Wie\u015bci z Sejmu","Wydarzenia"],"inLanguage":"en-GB","potentialAction":[{"@type":"CommentAction","name":"Comment","target":["https:\/\/marekkuchcinski.pl\/uk\/wydarzenia\/przemysl-o-polskiej-tradycji-parlamentarnej-550-rocznice-powstania-polskiego-parlamentaryzmu\/#respond"]}]},{"@type":"WebPage","@id":"https:\/\/marekkuchcinski.pl\/uk\/wydarzenia\/przemysl-o-polskiej-tradycji-parlamentarnej-550-rocznice-powstania-polskiego-parlamentaryzmu\/","url":"https:\/\/marekkuchcinski.pl\/uk\/wydarzenia\/przemysl-o-polskiej-tradycji-parlamentarnej-550-rocznice-powstania-polskiego-parlamentaryzmu\/","name":"Przemy\u015bl: O polskiej tradycji parlamentarnej w 550. rocznic\u0119 powstania polskiego parlamentaryzmu &#8211; Marek Kuchci\u0144ski","isPartOf":{"@id":"https:\/\/marekkuchcinski.pl\/#website"},"primaryImageOfPage":{"@id":"https:\/\/marekkuchcinski.pl\/uk\/wydarzenia\/przemysl-o-polskiej-tradycji-parlamentarnej-550-rocznice-powstania-polskiego-parlamentaryzmu\/#primaryimage"},"image":{"@id":"https:\/\/marekkuchcinski.pl\/uk\/wydarzenia\/przemysl-o-polskiej-tradycji-parlamentarnej-550-rocznice-powstania-polskiego-parlamentaryzmu\/#primaryimage"},"thumbnailUrl":"https:\/\/marekkuchcinski.pl\/wp-content\/uploads\/2018\/11\/DSCF1973-2.jpg","datePublished":"2018-11-26T14:38:16+00:00","dateModified":"2018-11-26T15:04:56+00:00","breadcrumb":{"@id":"https:\/\/marekkuchcinski.pl\/uk\/wydarzenia\/przemysl-o-polskiej-tradycji-parlamentarnej-550-rocznice-powstania-polskiego-parlamentaryzmu\/#breadcrumb"},"inLanguage":"en-GB","potentialAction":[{"@type":"ReadAction","target":["https:\/\/marekkuchcinski.pl\/uk\/wydarzenia\/przemysl-o-polskiej-tradycji-parlamentarnej-550-rocznice-powstania-polskiego-parlamentaryzmu\/"]}]},{"@type":"ImageObject","inLanguage":"en-GB","@id":"https:\/\/marekkuchcinski.pl\/uk\/wydarzenia\/przemysl-o-polskiej-tradycji-parlamentarnej-550-rocznice-powstania-polskiego-parlamentaryzmu\/#primaryimage","url":"https:\/\/marekkuchcinski.pl\/wp-content\/uploads\/2018\/11\/DSCF1973-2.jpg","contentUrl":"https:\/\/marekkuchcinski.pl\/wp-content\/uploads\/2018\/11\/DSCF1973-2.jpg","width":2048,"height":1318},{"@type":"BreadcrumbList","@id":"https:\/\/marekkuchcinski.pl\/uk\/wydarzenia\/przemysl-o-polskiej-tradycji-parlamentarnej-550-rocznice-powstania-polskiego-parlamentaryzmu\/#breadcrumb","itemListElement":[{"@type":"ListItem","position":1,"name":"Strona g\u0142\u00f3wna","item":"https:\/\/marekkuchcinski.pl\/"},{"@type":"ListItem","position":2,"name":"Przemy\u015bl: O polskiej tradycji parlamentarnej w 550. rocznic\u0119 powstania polskiego parlamentaryzmu"}]},{"@type":"WebSite","@id":"https:\/\/marekkuchcinski.pl\/#website","url":"https:\/\/marekkuchcinski.pl\/","name":"Marek Kuchci\u0144ski","description":"Pose\u0142 na sejm RP &ndash; okr\u0119g nr 22","publisher":{"@id":"https:\/\/marekkuchcinski.pl\/#organization"},"potentialAction":[{"@type":"SearchAction","target":{"@type":"EntryPoint","urlTemplate":"https:\/\/marekkuchcinski.pl\/?s={search_term_string}"},"query-input":{"@type":"PropertyValueSpecification","valueRequired":true,"valueName":"search_term_string"}}],"inLanguage":"en-GB"},{"@type":"Organization","@id":"https:\/\/marekkuchcinski.pl\/#organization","name":"Marek Kuchci\u0144ski","url":"https:\/\/marekkuchcinski.pl\/","logo":{"@type":"ImageObject","inLanguage":"en-GB","@id":"https:\/\/marekkuchcinski.pl\/#\/schema\/logo\/image\/","url":"https:\/\/marekkuchcinski.pl\/wp-content\/uploads\/2022\/09\/Marek.jpg","contentUrl":"https:\/\/marekkuchcinski.pl\/wp-content\/uploads\/2022\/09\/Marek.jpg","width":1600,"height":971,"caption":"Marek Kuchci\u0144ski"},"image":{"@id":"https:\/\/marekkuchcinski.pl\/#\/schema\/logo\/image\/"}},{"@type":"Person","@id":"https:\/\/marekkuchcinski.pl\/#\/schema\/person\/6f62700996b4d950b6ea2d1183b6c6be","name":"admin","image":{"@type":"ImageObject","inLanguage":"en-GB","@id":"https:\/\/marekkuchcinski.pl\/#\/schema\/person\/image\/","url":"https:\/\/secure.gravatar.com\/avatar\/4bab693b9d55c3d6b52c0296a8765085?s=96&d=mm&r=g","contentUrl":"https:\/\/secure.gravatar.com\/avatar\/4bab693b9d55c3d6b52c0296a8765085?s=96&d=mm&r=g","caption":"admin"},"url":"https:\/\/marekkuchcinski.pl\/en\/author\/marta-olejnik\/"}]}},"_links":{"self":[{"href":"https:\/\/marekkuchcinski.pl\/en\/wp-json\/wp\/v2\/posts\/11237","targetHints":{"allow":["GET"]}}],"collection":[{"href":"https:\/\/marekkuchcinski.pl\/en\/wp-json\/wp\/v2\/posts"}],"about":[{"href":"https:\/\/marekkuchcinski.pl\/en\/wp-json\/wp\/v2\/types\/post"}],"author":[{"embeddable":true,"href":"https:\/\/marekkuchcinski.pl\/en\/wp-json\/wp\/v2\/users\/6"}],"replies":[{"embeddable":true,"href":"https:\/\/marekkuchcinski.pl\/en\/wp-json\/wp\/v2\/comments?post=11237"}],"version-history":[{"count":17,"href":"https:\/\/marekkuchcinski.pl\/en\/wp-json\/wp\/v2\/posts\/11237\/revisions"}],"predecessor-version":[{"id":11316,"href":"https:\/\/marekkuchcinski.pl\/en\/wp-json\/wp\/v2\/posts\/11237\/revisions\/11316"}],"wp:featuredmedia":[{"embeddable":true,"href":"https:\/\/marekkuchcinski.pl\/en\/wp-json\/wp\/v2\/media\/11315"}],"wp:attachment":[{"href":"https:\/\/marekkuchcinski.pl\/en\/wp-json\/wp\/v2\/media?parent=11237"}],"wp:term":[{"taxonomy":"category","embeddable":true,"href":"https:\/\/marekkuchcinski.pl\/en\/wp-json\/wp\/v2\/categories?post=11237"},{"taxonomy":"post_tag","embeddable":true,"href":"https:\/\/marekkuchcinski.pl\/en\/wp-json\/wp\/v2\/tags?post=11237"}],"curies":[{"name":"wp","href":"https:\/\/api.w.org\/{rel}","templated":true}]}}