{"id":10866,"date":"2018-11-19T19:49:59","date_gmt":"2018-11-19T18:49:59","guid":{"rendered":"https:\/\/marekkuchcinski.pl\/?p=10866"},"modified":"2018-11-19T20:01:21","modified_gmt":"2018-11-19T19:01:21","slug":"podkarpacie-nowym-zarzadem-sejmiku-wojewodztwa","status":"publish","type":"post","link":"https:\/\/marekkuchcinski.pl\/en\/wydarzenia\/podkarpacie-nowym-zarzadem-sejmiku-wojewodztwa\/","title":{"rendered":"Podkarpacie with a new board in the voivodship assembly"},"content":{"rendered":"<p>W\u0142adys\u0142aw Ortyl (Law and Justice party), supported by 25 councillors, became the Marshal of the Subcarpathian Province once again. Piotr Pilch and Ewa Draus (PiS) became Deputy Marshals. Other members of the Management Board are Maria Kurowska (Solidarna Polska) and Stanis\u0142aw Kruczek (Porozumienie).<\/p>\n<p>Jerzy Borcz (director of the Rzeszow branch of the National Support Center for Agriculture) was elected chairman of the Sejmik. He was supported by 24 councillors. On the other hand, Jerzy Cypry\u015b (PiS), who had been acting as the chairman of the Sejmik, became the vice-chairman.<\/p>\n<p>In the 33-member Podkarpackie Regional Assembly, PiS has 25 seats, Civic Coalition - 5, PSL - 3.<\/p>\n<p><a href=\"https:\/\/marekkuchcinski.pl\/wp-content\/uploads\/2018\/11\/DSCF8969-1.jpg\"><img fetchpriority=\"high\" decoding=\"async\" class=\"alignnone size-full wp-image-10870\" src=\"https:\/\/marekkuchcinski.pl\/wp-content\/uploads\/2018\/11\/DSCF8969-1.jpg\" alt=\"DSCF8969 (1)\" width=\"1937\" height=\"1497\" srcset=\"https:\/\/marekkuchcinski.pl\/wp-content\/uploads\/2018\/11\/DSCF8969-1.jpg 1937w, https:\/\/marekkuchcinski.pl\/wp-content\/uploads\/2018\/11\/DSCF8969-1-300x232.jpg 300w, https:\/\/marekkuchcinski.pl\/wp-content\/uploads\/2018\/11\/DSCF8969-1-768x594.jpg 768w, https:\/\/marekkuchcinski.pl\/wp-content\/uploads\/2018\/11\/DSCF8969-1-1024x791.jpg 1024w\" sizes=\"(max-width: 1937px) 100vw, 1937px\" \/><\/a><\/p>\n<p><em>Photo by M. Olejnik<\/em><\/p>","protected":false},"excerpt":{"rendered":"<p>Marsza\u0142kiem wojew\u00f3dztwa podkarpackiego ponownie zosta\u0142 W\u0142adys\u0142aw Ortyl (PiS), kt\u00f3rego kandydatur\u0119 popar\u0142o 25 radnych. Wicemarsza\u0142kami zostali Piotr Pilch i Ewa Draus (PiS). Pozostali cz\u0142onkowie zarz\u0105du to Maria Kurowska (Solidarna Polska ) i Stanis\u0142aw Kruczek (Porozumienie). Na przewodnicz\u0105cego sejmiku\u00a0wybrano\u00a0Jerzego Borcza (dyrektora rzeszowskiego oddzia\u0142u Krajowego O\u015brodka Wsparcia Rolnictwa). Popar\u0142o go 24 radnych. Z kolei pe\u0142ni\u0105cy dot\u0105d funkcj\u0119 przewodnicz\u0105cego [&hellip;]<\/p>\n","protected":false},"author":6,"featured_media":10870,"comment_status":"open","ping_status":"open","sticky":false,"template":"","format":"standard","meta":{"ngg_post_thumbnail":0,"footnotes":""},"categories":[49,82,3],"tags":[],"class_list":["post-10866","post","type-post","status-publish","format-standard","has-post-thumbnail","hentry","category-podkarpacie","category-prawo-i-sprawiedliwosc","category-wydarzenia"],"_links":{"self":[{"href":"https:\/\/marekkuchcinski.pl\/en\/wp-json\/wp\/v2\/posts\/10866","targetHints":{"allow":["GET"]}}],"collection":[{"href":"https:\/\/marekkuchcinski.pl\/en\/wp-json\/wp\/v2\/posts"}],"about":[{"href":"https:\/\/marekkuchcinski.pl\/en\/wp-json\/wp\/v2\/types\/post"}],"author":[{"embeddable":true,"href":"https:\/\/marekkuchcinski.pl\/en\/wp-json\/wp\/v2\/users\/6"}],"replies":[{"embeddable":true,"href":"https:\/\/marekkuchcinski.pl\/en\/wp-json\/wp\/v2\/comments?post=10866"}],"version-history":[{"count":8,"href":"https:\/\/marekkuchcinski.pl\/en\/wp-json\/wp\/v2\/posts\/10866\/revisions"}],"predecessor-version":[{"id":10875,"href":"https:\/\/marekkuchcinski.pl\/en\/wp-json\/wp\/v2\/posts\/10866\/revisions\/10875"}],"wp:featuredmedia":[{"embeddable":true,"href":"https:\/\/marekkuchcinski.pl\/en\/wp-json\/wp\/v2\/media\/10870"}],"wp:attachment":[{"href":"https:\/\/marekkuchcinski.pl\/en\/wp-json\/wp\/v2\/media?parent=10866"}],"wp:term":[{"taxonomy":"category","embeddable":true,"href":"https:\/\/marekkuchcinski.pl\/en\/wp-json\/wp\/v2\/categories?post=10866"},{"taxonomy":"post_tag","embeddable":true,"href":"https:\/\/marekkuchcinski.pl\/en\/wp-json\/wp\/v2\/tags?post=10866"}],"curies":[{"name":"wp","href":"https:\/\/api.w.org\/{rel}","templated":true}]}}