{"id":10784,"date":"2018-11-21T13:00:43","date_gmt":"2018-11-21T12:00:43","guid":{"rendered":"https:\/\/marekkuchcinski.pl\/?p=10784"},"modified":"2018-11-27T10:48:46","modified_gmt":"2018-11-27T09:48:46","slug":"spotkania-mieszkancami-podkarpacia-wybory-samorzadowe-2018","status":"publish","type":"post","link":"https:\/\/marekkuchcinski.pl\/en\/prawo-i-sprawiedliwosc\/spotkania-mieszkancami-podkarpacia-wybory-samorzadowe-2018\/","title":{"rendered":"Meetings with inhabitants of Podkarpacie region: October 1-31"},"content":{"rendered":"<p><strong>October 1<\/strong><\/p>\n<p>In Polanczyk the Speaker of the Sejm opened the conference \"Programme for the Bieszczady\" of the Ministry of Infrastructure and Development. Marek Kuchci\u0144ski said that the conference opens with high hopes, because thanks to the \"Programme for the Bieszczady\" a brand is being built to characterize our part of the Carpathians. \"Programme for Bieszczady\" is the next stage in the policy of development of the whole Carpathians, and today in Polanczyk the earlier ministerial announcements are being realized.<\/p>\n<p>Minister Jerzy Kwieci\u0144ski presented the assumptions of the 'Programme for the Bieszczady Mountains' as the government's response to local problems. Kwieci\u0144ski stressed that in this way the ministry under his authority keeps its word, finalising what was promised in February during the 20th Carpathian Europe conference in Przemy\u015bl.<\/p>\n<p>As a result of consultations as part of the Strategy for Responsible Development and inspired by the President of PiS Jaroslaw Kaczynski, a special \"Programme for Bieszczady\" was created. This programme has 4 priorities:<\/p>\n<ol>\n<li>Bieszczady close (accessibility of the region)<\/li>\n<li>Bieszczady for the inhabitants (improving quality of life)<\/li>\n<li>Green Bieszczady<\/li>\n<li>Entrepreneurial Bieszczady.<\/li>\n<\/ol>\n<p>The program is based on cooperation between the local government and the government. The Minister also stressed that similar results can only be achieved where such cooperation is guaranteed.<br \/>\nUnder the \"Programme for the Bieszczady Mountains\", MIiR will cooperate with the regional self-government, local self-governments, NGOs, institutions and entrepreneurs. Thanks to this programme, the area of Bieszczady and activities undertaken under the programme announced in Pola\u0144czyk will be treated as a priority.<\/p>\n<p>Both minister Jerzy Kwieci\u0144ski and marshal Marek Kuchci\u0144ski are keen to extend the activities connected with this programme to border areas in Slovakia and Ukraine. We do not want the Bieszczady to be divided by borders. Thanks to the Programme for the Bieszczady Mountains it will be possible to describe this area not only as beautiful, but also beautifully developing.<br \/>\n<a href=\"https:\/\/marekkuchcinski.pl\/wp-content\/uploads\/2018\/11\/42917032_2537896696490411_8333435502950612992_n.jpg\"><img fetchpriority=\"high\" decoding=\"async\" class=\"alignnone size-full wp-image-10969\" src=\"https:\/\/marekkuchcinski.pl\/wp-content\/uploads\/2018\/11\/42917032_2537896696490411_8333435502950612992_n.jpg\" alt=\"42917032_2537896696490411_8333435502950612992_n\" width=\"2048\" height=\"1536\" srcset=\"https:\/\/marekkuchcinski.pl\/wp-content\/uploads\/2018\/11\/42917032_2537896696490411_8333435502950612992_n.jpg 2048w, https:\/\/marekkuchcinski.pl\/wp-content\/uploads\/2018\/11\/42917032_2537896696490411_8333435502950612992_n-300x225.jpg 300w, https:\/\/marekkuchcinski.pl\/wp-content\/uploads\/2018\/11\/42917032_2537896696490411_8333435502950612992_n-768x576.jpg 768w, https:\/\/marekkuchcinski.pl\/wp-content\/uploads\/2018\/11\/42917032_2537896696490411_8333435502950612992_n-1024x768.jpg 1024w\" sizes=\"(max-width: 2048px) 100vw, 2048px\" \/><\/a> <a href=\"https:\/\/marekkuchcinski.pl\/wp-content\/uploads\/2018\/11\/42861047_586175085131161_7534889671172554752_n.jpg\"><img decoding=\"async\" class=\"alignnone size-full wp-image-10971\" src=\"https:\/\/marekkuchcinski.pl\/wp-content\/uploads\/2018\/11\/42861047_586175085131161_7534889671172554752_n.jpg\" alt=\"42861047_586175085131161_7534889671172554752_n\" width=\"2048\" height=\"1536\" srcset=\"https:\/\/marekkuchcinski.pl\/wp-content\/uploads\/2018\/11\/42861047_586175085131161_7534889671172554752_n.jpg 2048w, https:\/\/marekkuchcinski.pl\/wp-content\/uploads\/2018\/11\/42861047_586175085131161_7534889671172554752_n-300x225.jpg 300w, https:\/\/marekkuchcinski.pl\/wp-content\/uploads\/2018\/11\/42861047_586175085131161_7534889671172554752_n-768x576.jpg 768w, https:\/\/marekkuchcinski.pl\/wp-content\/uploads\/2018\/11\/42861047_586175085131161_7534889671172554752_n-1024x768.jpg 1024w\" sizes=\"(max-width: 2048px) 100vw, 2048px\" \/><\/a><\/p>\n<p><strong>October 6<\/strong><\/p>\n<p><strong>Khopice: meeting with residents<\/strong><br \/>\n<a href=\"https:\/\/marekkuchcinski.pl\/wp-content\/uploads\/2018\/11\/Ch\u0142opice-1-1.jpg\"><img decoding=\"async\" class=\"alignnone size-full wp-image-10785\" src=\"https:\/\/marekkuchcinski.pl\/wp-content\/uploads\/2018\/11\/Ch\u0142opice-1-1.jpg\" alt=\"Ch\u0142opice 1 (1)\" width=\"1728\" height=\"1296\" srcset=\"https:\/\/marekkuchcinski.pl\/wp-content\/uploads\/2018\/11\/Ch\u0142opice-1-1.jpg 1728w, https:\/\/marekkuchcinski.pl\/wp-content\/uploads\/2018\/11\/Ch\u0142opice-1-1-300x225.jpg 300w, https:\/\/marekkuchcinski.pl\/wp-content\/uploads\/2018\/11\/Ch\u0142opice-1-1-768x576.jpg 768w, https:\/\/marekkuchcinski.pl\/wp-content\/uploads\/2018\/11\/Ch\u0142opice-1-1-1024x768.jpg 1024w\" sizes=\"(max-width: 1728px) 100vw, 1728px\" \/><\/a> <a href=\"https:\/\/marekkuchcinski.pl\/wp-content\/uploads\/2018\/11\/Ch\u0142opice-1-2.jpg\"><img loading=\"lazy\" decoding=\"async\" class=\"alignnone size-full wp-image-10786\" src=\"https:\/\/marekkuchcinski.pl\/wp-content\/uploads\/2018\/11\/Ch\u0142opice-1-2.jpg\" alt=\"Ch\u0142opice 1 (2)\" width=\"1728\" height=\"1296\" srcset=\"https:\/\/marekkuchcinski.pl\/wp-content\/uploads\/2018\/11\/Ch\u0142opice-1-2.jpg 1728w, https:\/\/marekkuchcinski.pl\/wp-content\/uploads\/2018\/11\/Ch\u0142opice-1-2-300x225.jpg 300w, https:\/\/marekkuchcinski.pl\/wp-content\/uploads\/2018\/11\/Ch\u0142opice-1-2-768x576.jpg 768w, https:\/\/marekkuchcinski.pl\/wp-content\/uploads\/2018\/11\/Ch\u0142opice-1-2-1024x768.jpg 1024w\" sizes=\"(max-width: 1728px) 100vw, 1728px\" \/><\/a><br \/>\nBefore meeting with the residents, the Speaker of the Sejm laid flowers under the bust of the late President Lech Kaczynski at the Lech Kaczynski Primary School in Ch\u0142opice.<br \/>\nMarek Kuchci\u0144ski reminded of Lech Kaczy\u0144ski's words that solidarity of the state is its ability to share its power with those who need it. Also at the level of our voivodeship we achieve results by working together in solidarity at all levels of government, which we represent here today.<\/p>\n<p><strong>Jaros\u0142aw: PiS County Convention<\/strong><\/p>\n<p><a href=\"https:\/\/marekkuchcinski.pl\/wp-content\/uploads\/2018\/11\/Jaros\u0142aw-5.jpg\"><img loading=\"lazy\" decoding=\"async\" class=\"alignnone size-full wp-image-10788\" src=\"https:\/\/marekkuchcinski.pl\/wp-content\/uploads\/2018\/11\/Jaros\u0142aw-5.jpg\" alt=\"Jaros\u0142aw 5\" width=\"960\" height=\"720\" srcset=\"https:\/\/marekkuchcinski.pl\/wp-content\/uploads\/2018\/11\/Jaros\u0142aw-5.jpg 960w, https:\/\/marekkuchcinski.pl\/wp-content\/uploads\/2018\/11\/Jaros\u0142aw-5-300x225.jpg 300w, https:\/\/marekkuchcinski.pl\/wp-content\/uploads\/2018\/11\/Jaros\u0142aw-5-768x576.jpg 768w\" sizes=\"(max-width: 960px) 100vw, 960px\" \/><br \/>\n<\/a>The Marshal emphasized that for the last three years there have been very serious changes in the international policy of the state to defend Polish sovereignty in relation to the EU. Domestic policy also brings great effects. - In the Sejm we are working on several important projects: The Local Government Roads Fund, the Warm Home thermal insulation programme, the civic budget for cities with county rights, the special solidarity fund - Kuchci\u0144ski said.<\/p>\n<p><strong>Krosno: PiS election convention with the participation of Jaros\u0142aw Kaczy\u0144ski\u00a0<\/strong><\/p>\n<p><a href=\"https:\/\/marekkuchcinski.pl\/wp-content\/uploads\/2018\/11\/Krosno-2.jpg\"><img loading=\"lazy\" decoding=\"async\" class=\"alignnone size-full wp-image-10790\" src=\"https:\/\/marekkuchcinski.pl\/wp-content\/uploads\/2018\/11\/Krosno-2.jpg\" alt=\"Krosno 2\" width=\"720\" height=\"960\" srcset=\"https:\/\/marekkuchcinski.pl\/wp-content\/uploads\/2018\/11\/Krosno-2.jpg 720w, https:\/\/marekkuchcinski.pl\/wp-content\/uploads\/2018\/11\/Krosno-2-225x300.jpg 225w\" sizes=\"(max-width: 720px) 100vw, 720px\" \/><\/a> <a href=\"https:\/\/marekkuchcinski.pl\/wp-content\/uploads\/2018\/11\/Krosno-3.jpg\"><img loading=\"lazy\" decoding=\"async\" class=\"alignnone size-full wp-image-10791\" src=\"https:\/\/marekkuchcinski.pl\/wp-content\/uploads\/2018\/11\/Krosno-3.jpg\" alt=\"Krosno 3\" width=\"640\" height=\"864\" srcset=\"https:\/\/marekkuchcinski.pl\/wp-content\/uploads\/2018\/11\/Krosno-3.jpg 640w, https:\/\/marekkuchcinski.pl\/wp-content\/uploads\/2018\/11\/Krosno-3-222x300.jpg 222w\" sizes=\"(max-width: 640px) 100vw, 640px\" \/><\/a><br \/>\nThe President of the Law and Justice party emphasized that in order to be a good politician, one must be guided by patriotism. Podkarpacie perfectly understands these words.<\/p>\n<p><strong>October 7<\/strong><\/p>\n<p><strong>Jasionka near Rzesz\u00f3w: the Provincial Convention of the Law and Justice party (with the participation of Prime Minister Mateusz Morawiecki and Law and Justice Chairman Jaros\u0142aw Kaczy\u0144ski)<\/strong><\/p>\n<p><a href=\"https:\/\/marekkuchcinski.pl\/wp-content\/uploads\/2018\/11\/Jasionka-1.jpg\"><img loading=\"lazy\" decoding=\"async\" class=\"alignnone size-full wp-image-10798\" src=\"https:\/\/marekkuchcinski.pl\/wp-content\/uploads\/2018\/11\/Jasionka-1.jpg\" alt=\"Jasionka 1\" width=\"960\" height=\"720\" srcset=\"https:\/\/marekkuchcinski.pl\/wp-content\/uploads\/2018\/11\/Jasionka-1.jpg 960w, https:\/\/marekkuchcinski.pl\/wp-content\/uploads\/2018\/11\/Jasionka-1-300x225.jpg 300w, https:\/\/marekkuchcinski.pl\/wp-content\/uploads\/2018\/11\/Jasionka-1-768x576.jpg 768w\" sizes=\"(max-width: 960px) 100vw, 960px\" \/><\/a> <a href=\"https:\/\/marekkuchcinski.pl\/wp-content\/uploads\/2018\/11\/Jasionka-4.jpg\"><img loading=\"lazy\" decoding=\"async\" class=\"alignnone size-full wp-image-10801\" src=\"https:\/\/marekkuchcinski.pl\/wp-content\/uploads\/2018\/11\/Jasionka-4.jpg\" alt=\"Jasionka 4\" width=\"960\" height=\"720\" srcset=\"https:\/\/marekkuchcinski.pl\/wp-content\/uploads\/2018\/11\/Jasionka-4.jpg 960w, https:\/\/marekkuchcinski.pl\/wp-content\/uploads\/2018\/11\/Jasionka-4-300x225.jpg 300w, https:\/\/marekkuchcinski.pl\/wp-content\/uploads\/2018\/11\/Jasionka-4-768x576.jpg 768w\" sizes=\"(max-width: 960px) 100vw, 960px\" \/><\/a> <a href=\"https:\/\/marekkuchcinski.pl\/wp-content\/uploads\/2018\/11\/Jasionka-5.jpg\"><img loading=\"lazy\" decoding=\"async\" class=\"alignnone size-full wp-image-10802\" src=\"https:\/\/marekkuchcinski.pl\/wp-content\/uploads\/2018\/11\/Jasionka-5.jpg\" alt=\"Jasionka 5\" width=\"960\" height=\"720\" srcset=\"https:\/\/marekkuchcinski.pl\/wp-content\/uploads\/2018\/11\/Jasionka-5.jpg 960w, https:\/\/marekkuchcinski.pl\/wp-content\/uploads\/2018\/11\/Jasionka-5-300x225.jpg 300w, https:\/\/marekkuchcinski.pl\/wp-content\/uploads\/2018\/11\/Jasionka-5-768x576.jpg 768w\" sizes=\"(max-width: 960px) 100vw, 960px\" \/><\/a> <a href=\"https:\/\/marekkuchcinski.pl\/wp-content\/uploads\/2018\/11\/Jasionka-6.jpg\"><img loading=\"lazy\" decoding=\"async\" class=\"alignnone size-full wp-image-10803\" src=\"https:\/\/marekkuchcinski.pl\/wp-content\/uploads\/2018\/11\/Jasionka-6.jpg\" alt=\"Jasionka 6\" width=\"960\" height=\"720\" srcset=\"https:\/\/marekkuchcinski.pl\/wp-content\/uploads\/2018\/11\/Jasionka-6.jpg 960w, https:\/\/marekkuchcinski.pl\/wp-content\/uploads\/2018\/11\/Jasionka-6-300x225.jpg 300w, https:\/\/marekkuchcinski.pl\/wp-content\/uploads\/2018\/11\/Jasionka-6-768x576.jpg 768w\" sizes=\"(max-width: 960px) 100vw, 960px\" \/><\/a> <a href=\"https:\/\/marekkuchcinski.pl\/wp-content\/uploads\/2018\/11\/Jasionka-7.jpg\"><img loading=\"lazy\" decoding=\"async\" class=\"alignnone size-full wp-image-10804\" src=\"https:\/\/marekkuchcinski.pl\/wp-content\/uploads\/2018\/11\/Jasionka-7.jpg\" alt=\"Jasionka 7\" width=\"960\" height=\"720\" srcset=\"https:\/\/marekkuchcinski.pl\/wp-content\/uploads\/2018\/11\/Jasionka-7.jpg 960w, https:\/\/marekkuchcinski.pl\/wp-content\/uploads\/2018\/11\/Jasionka-7-300x225.jpg 300w, https:\/\/marekkuchcinski.pl\/wp-content\/uploads\/2018\/11\/Jasionka-7-768x576.jpg 768w\" sizes=\"(max-width: 960px) 100vw, 960px\" \/><\/a><\/p>\n<p>Jaros\u0142aw Kaczy\u0144ski: We are in the land where PiS has the greatest support. Great ambitions are needed here. After all, Podkarpacie has industrial traditions, which can be referred to. There are cultural and intellectual resources here. There is respect for traditional values. We should add infrastructure and ideas and move forward. This land can be the engine for the whole country.<\/p>\n<p>Prime Minister Mateusz Morawiecki: By combining patriotism with the will to repair public finances and state institutions, centers like this exhibition center where we are, roads like Via Carpatia, which should be called the Lech Kaczy\u0144ski road, are being built.<br \/>\nModern, innovative industry in Podkarpacie will be our flagship for the coming years. In five years, gas extraction in Podkarpacie will increase by 28 percent, and the extraction resources will increase by 64 percent. There will be growing revenues from gas extraction in 127 municipalities in Podkarpacie.<\/p>\n<p><strong>October 11 <\/strong><\/p>\n<p><strong>The Speaker of the Sejm participated in the International Carpathian Cooperation Forum in Rzesz\u00f3w, he also visited Jaros\u0142aw County (\u0141azy, Radymno, Sko\u0142osz\u00f3w).<\/strong><br \/>\nHe stressed that he is sure that the candidates recommended by PiS will take care of the Podkarpackie region. He encouraged to vote for them \"so that we can continue to change our country together. - We want to serve you, we want to serve Poland with future generations in mind. We have fulfilled our promises. The slogan of the election campaign is justified. We are going to the election with our heads held high - said the Marshal.<\/p>\n<p><a href=\"https:\/\/marekkuchcinski.pl\/wp-content\/uploads\/2018\/11\/11.10-pow.-jaros\u0142awski-1.jpg\"><img loading=\"lazy\" decoding=\"async\" class=\"alignnone size-full wp-image-10810\" src=\"https:\/\/marekkuchcinski.pl\/wp-content\/uploads\/2018\/11\/11.10-pow.-jaros\u0142awski-1.jpg\" alt=\"11.10 pow. jaros\u0142awski 1\" width=\"3701\" height=\"2471\" srcset=\"https:\/\/marekkuchcinski.pl\/wp-content\/uploads\/2018\/11\/11.10-pow.-jaros\u0142awski-1.jpg 2048w, https:\/\/marekkuchcinski.pl\/wp-content\/uploads\/2018\/11\/11.10-pow.-jaros\u0142awski-1-300x200.jpg 300w, https:\/\/marekkuchcinski.pl\/wp-content\/uploads\/2018\/11\/11.10-pow.-jaros\u0142awski-1-768x513.jpg 768w, https:\/\/marekkuchcinski.pl\/wp-content\/uploads\/2018\/11\/11.10-pow.-jaros\u0142awski-1-1024x684.jpg 1024w\" sizes=\"(max-width: 3701px) 100vw, 3701px\" \/><\/a> <a href=\"https:\/\/marekkuchcinski.pl\/wp-content\/uploads\/2018\/11\/11.10-pow.-jaros\u0142awski-2.jpg\"><img loading=\"lazy\" decoding=\"async\" class=\"alignnone size-full wp-image-10811\" src=\"https:\/\/marekkuchcinski.pl\/wp-content\/uploads\/2018\/11\/11.10-pow.-jaros\u0142awski-2.jpg\" alt=\"11.10 pow. jaros\u0142awski 2\" width=\"2100\" height=\"1313\" srcset=\"https:\/\/marekkuchcinski.pl\/wp-content\/uploads\/2018\/11\/11.10-pow.-jaros\u0142awski-2.jpg 2100w, https:\/\/marekkuchcinski.pl\/wp-content\/uploads\/2018\/11\/11.10-pow.-jaros\u0142awski-2-300x188.jpg 300w, https:\/\/marekkuchcinski.pl\/wp-content\/uploads\/2018\/11\/11.10-pow.-jaros\u0142awski-2-768x480.jpg 768w, https:\/\/marekkuchcinski.pl\/wp-content\/uploads\/2018\/11\/11.10-pow.-jaros\u0142awski-2-1024x640.jpg 1024w\" sizes=\"(max-width: 2100px) 100vw, 2100px\" \/><\/a> <a href=\"https:\/\/marekkuchcinski.pl\/wp-content\/uploads\/2018\/11\/11.10-pow.-jaros\u0142awski-3.jpg\"><img loading=\"lazy\" decoding=\"async\" class=\"alignnone size-full wp-image-10812\" src=\"https:\/\/marekkuchcinski.pl\/wp-content\/uploads\/2018\/11\/11.10-pow.-jaros\u0142awski-3.jpg\" alt=\"11.10 pow. jaros\u0142awski 3\" width=\"4000\" height=\"3000\" srcset=\"https:\/\/marekkuchcinski.pl\/wp-content\/uploads\/2018\/11\/11.10-pow.-jaros\u0142awski-3.jpg 2048w, https:\/\/marekkuchcinski.pl\/wp-content\/uploads\/2018\/11\/11.10-pow.-jaros\u0142awski-3-300x225.jpg 300w, https:\/\/marekkuchcinski.pl\/wp-content\/uploads\/2018\/11\/11.10-pow.-jaros\u0142awski-3-768x576.jpg 768w, https:\/\/marekkuchcinski.pl\/wp-content\/uploads\/2018\/11\/11.10-pow.-jaros\u0142awski-3-1024x768.jpg 1024w\" sizes=\"(max-width: 4000px) 100vw, 4000px\" \/><\/a> <a href=\"https:\/\/marekkuchcinski.pl\/wp-content\/uploads\/2018\/11\/11.10-pow.-jaros\u0142awski-4.jpg\"><img loading=\"lazy\" decoding=\"async\" class=\"alignnone size-full wp-image-10813\" src=\"https:\/\/marekkuchcinski.pl\/wp-content\/uploads\/2018\/11\/11.10-pow.-jaros\u0142awski-4.jpg\" alt=\"11.10 pow. jaros\u0142awski 4\" width=\"4000\" height=\"3000\" srcset=\"https:\/\/marekkuchcinski.pl\/wp-content\/uploads\/2018\/11\/11.10-pow.-jaros\u0142awski-4.jpg 2048w, https:\/\/marekkuchcinski.pl\/wp-content\/uploads\/2018\/11\/11.10-pow.-jaros\u0142awski-4-300x225.jpg 300w, https:\/\/marekkuchcinski.pl\/wp-content\/uploads\/2018\/11\/11.10-pow.-jaros\u0142awski-4-768x576.jpg 768w, https:\/\/marekkuchcinski.pl\/wp-content\/uploads\/2018\/11\/11.10-pow.-jaros\u0142awski-4-1024x768.jpg 1024w\" sizes=\"(max-width: 4000px) 100vw, 4000px\" \/><\/a> <a href=\"https:\/\/marekkuchcinski.pl\/wp-content\/uploads\/2018\/11\/11.10-pow.-jaros\u0142awski-5.jpg\"><img loading=\"lazy\" decoding=\"async\" class=\"alignnone size-full wp-image-10814\" src=\"https:\/\/marekkuchcinski.pl\/wp-content\/uploads\/2018\/11\/11.10-pow.-jaros\u0142awski-5.jpg\" alt=\"11.10 pow. jaros\u0142awski 5\" width=\"1335\" height=\"803\" srcset=\"https:\/\/marekkuchcinski.pl\/wp-content\/uploads\/2018\/11\/11.10-pow.-jaros\u0142awski-5.jpg 1335w, https:\/\/marekkuchcinski.pl\/wp-content\/uploads\/2018\/11\/11.10-pow.-jaros\u0142awski-5-300x180.jpg 300w, https:\/\/marekkuchcinski.pl\/wp-content\/uploads\/2018\/11\/11.10-pow.-jaros\u0142awski-5-768x462.jpg 768w, https:\/\/marekkuchcinski.pl\/wp-content\/uploads\/2018\/11\/11.10-pow.-jaros\u0142awski-5-1024x616.jpg 1024w\" sizes=\"(max-width: 1335px) 100vw, 1335px\" \/><\/a> <a href=\"https:\/\/marekkuchcinski.pl\/wp-content\/uploads\/2018\/11\/11.10-pow.-jaros\u0142awski-6.jpg\"><img loading=\"lazy\" decoding=\"async\" class=\"alignnone size-full wp-image-10815\" src=\"https:\/\/marekkuchcinski.pl\/wp-content\/uploads\/2018\/11\/11.10-pow.-jaros\u0142awski-6.jpg\" alt=\"11.10 pow. jaros\u0142awski 6\" width=\"3724\" height=\"2307\" srcset=\"https:\/\/marekkuchcinski.pl\/wp-content\/uploads\/2018\/11\/11.10-pow.-jaros\u0142awski-6.jpg 2048w, https:\/\/marekkuchcinski.pl\/wp-content\/uploads\/2018\/11\/11.10-pow.-jaros\u0142awski-6-300x186.jpg 300w, https:\/\/marekkuchcinski.pl\/wp-content\/uploads\/2018\/11\/11.10-pow.-jaros\u0142awski-6-768x476.jpg 768w, https:\/\/marekkuchcinski.pl\/wp-content\/uploads\/2018\/11\/11.10-pow.-jaros\u0142awski-6-1024x634.jpg 1024w\" sizes=\"(max-width: 3724px) 100vw, 3724px\" \/><\/a> <a href=\"https:\/\/marekkuchcinski.pl\/wp-content\/uploads\/2018\/11\/11.10-pow.-jaros\u0142awski-7.jpg\"><img loading=\"lazy\" decoding=\"async\" class=\"alignnone size-full wp-image-10816\" src=\"https:\/\/marekkuchcinski.pl\/wp-content\/uploads\/2018\/11\/11.10-pow.-jaros\u0142awski-7.jpg\" alt=\"11.10 pow. jaros\u0142awski 7\" width=\"1876\" height=\"1466\" srcset=\"https:\/\/marekkuchcinski.pl\/wp-content\/uploads\/2018\/11\/11.10-pow.-jaros\u0142awski-7.jpg 1876w, https:\/\/marekkuchcinski.pl\/wp-content\/uploads\/2018\/11\/11.10-pow.-jaros\u0142awski-7-300x234.jpg 300w, https:\/\/marekkuchcinski.pl\/wp-content\/uploads\/2018\/11\/11.10-pow.-jaros\u0142awski-7-768x600.jpg 768w, https:\/\/marekkuchcinski.pl\/wp-content\/uploads\/2018\/11\/11.10-pow.-jaros\u0142awski-7-1024x800.jpg 1024w\" sizes=\"(max-width: 1876px) 100vw, 1876px\" \/><\/a><\/p>\n<p dir=\"ltr\"><strong>\u00a0October 11<\/strong><\/p>\n<p dir=\"ltr\"><strong>International Carpathian Cooperation Forum<\/strong><\/p>\n<p dir=\"ltr\">From the parliamentary perspective, the authorities of each state participating in the Carpathian Euroregion, our primary task is to ensure security to our citizens. This concept of security can refer to all areas of activity: from the sphere of cultural, natural and environmental protection to hard economy and politics or security understood literally - said Marek Kuchci\u0144ski, Speaker of the Sejm, opening the International Carpathian Cooperation Forum on Thursday <strong>in Rzeszow<\/strong>.<\/p>\n<p dir=\"ltr\">The event connected with 25th anniversary of the Carpathian Euroregion was held under the motto \"Carpathians - common social and economic space at the threshold of new challenges\". - In the perspective of the last 25 years of existence of the Carpathian Euroregion we can see how important is the cooperation between communities and public authorities of each segment: local, self-governmental and governmental in our part of Europe - said Marek Kuchci\u0144ski. - We want to draw the right conclusions from our past, which was sometimes wonderful, heroic, but also dramatic for many ancestors. Cooperation and proposals arising from the Carpathian Euroregion are long-term proposals, also for the reason that it is a proposal of cooperation between different environments and different authorities. It is not only cooperation of voivodship self-governments, voivodship with voivodship or poviat with poviat. It is a variety of proposals involving non-governmental organizations, institutions, businesses, and also the use of governmental authorities. This form of activity is important for strengthening cooperation between the countries of Central Europe, although geographically we are only talking about one region, the Carpathians, but in the same terms we must talk about the whole of Central Europe. If we talk about the future and development of such initiatives as Inter-Morze or Tri-City, it is clear that the Carpathian Euroregion has prepared a rota for the development of such cooperation for a whole generation - assessed the Speaker of the Sejm.<\/p>\n<p dir=\"ltr\">During the Forum several main topics were discussed, including \"The Carpathians - between the mundane of life and the dream of power... Can Europe's periphery afford a civilizational leap?\", \"Resistant to inspiration? Can European experience help create a destination of global importance in the Carpathians?\", \"Green Walls. How to optimize cooperation between protected areas and socio-economic environment for development?\", \"Where is the wisdom? We have lost it in knowledge. Where is knowledge? We lost it in information... How to use information in managing territorial development processes?\".<\/p>\n<p dir=\"ltr\">There were also discussions about new trends and development, branding and promotion of the Carpathians on the Internet during the panels \"How to effectively and profitably sell a place brand?\" and Social media and blogosphere: \"Good communication stimulates like black coffee. And equally difficult to fall asleep after it. How to effectively build interest in the blogosphere? Is it possible to integrate thematically and territorially around the Carpathians?<\/p>\n<p dir=\"ltr\"><strong>October 12<\/strong><\/p>\n<p><strong>The Speaker of the Sejm took part in the ceremonial unveiling and consecration of the monument of St. Catherine of Alexandria in Jaslo.<\/strong><\/p>\n<p>- St. Catherine is the patron saint of extraordinary people. We are unveiling a monument on the site that was scheduled to be decommissioned in early 2015. I am glad that thanks to you we managed to save and rebuild it. May the patroness watch over all employees - said Marek Kuchci\u0144ski.<\/p>\n<p><strong>The Marshal also took part in the official opening and consecration of the Athletics Stadium at Professor Teodor Marchlewski School Complex.<\/strong><\/p>\n<p>- Athletics Stadium in <strong>Trzcinica<\/strong> is a good example of cooperation between the government and local government. The facility was built, among others, thanks to financing from the Ministry of Sport and Tourism. Polish authorities support the development of not only big cities but also small ones. We act in such a way that, among other things, we can contribute to the reconstruction of the Polish state through such investments. I wish many successes and victories to all those who will use this stadium.<\/p>\n<p><a href=\"https:\/\/marekkuchcinski.pl\/wp-content\/uploads\/2018\/11\/12.10-Trzcinica-1.jpg\"><img loading=\"lazy\" decoding=\"async\" class=\"alignnone size-full wp-image-10827\" src=\"https:\/\/marekkuchcinski.pl\/wp-content\/uploads\/2018\/11\/12.10-Trzcinica-1.jpg\" alt=\"12.10 Trzcinica 1\" width=\"2000\" height=\"1500\" srcset=\"https:\/\/marekkuchcinski.pl\/wp-content\/uploads\/2018\/11\/12.10-Trzcinica-1.jpg 2000w, https:\/\/marekkuchcinski.pl\/wp-content\/uploads\/2018\/11\/12.10-Trzcinica-1-300x225.jpg 300w, https:\/\/marekkuchcinski.pl\/wp-content\/uploads\/2018\/11\/12.10-Trzcinica-1-768x576.jpg 768w, https:\/\/marekkuchcinski.pl\/wp-content\/uploads\/2018\/11\/12.10-Trzcinica-1-1024x768.jpg 1024w\" sizes=\"(max-width: 2000px) 100vw, 2000px\" \/><\/a> <a href=\"https:\/\/marekkuchcinski.pl\/wp-content\/uploads\/2018\/11\/12.10-Trzcinica-4.jpg\"><img loading=\"lazy\" decoding=\"async\" class=\"alignnone size-full wp-image-10828\" src=\"https:\/\/marekkuchcinski.pl\/wp-content\/uploads\/2018\/11\/12.10-Trzcinica-4.jpg\" alt=\"12.10 Trzcinica 4\" width=\"2000\" height=\"1500\" srcset=\"https:\/\/marekkuchcinski.pl\/wp-content\/uploads\/2018\/11\/12.10-Trzcinica-4.jpg 2000w, https:\/\/marekkuchcinski.pl\/wp-content\/uploads\/2018\/11\/12.10-Trzcinica-4-300x225.jpg 300w, https:\/\/marekkuchcinski.pl\/wp-content\/uploads\/2018\/11\/12.10-Trzcinica-4-768x576.jpg 768w, https:\/\/marekkuchcinski.pl\/wp-content\/uploads\/2018\/11\/12.10-Trzcinica-4-1024x768.jpg 1024w\" sizes=\"(max-width: 2000px) 100vw, 2000px\" \/><\/a><a href=\"https:\/\/marekkuchcinski.pl\/wp-content\/uploads\/2018\/11\/12.10-Trzcinica-7.jpg\"><img loading=\"lazy\" decoding=\"async\" class=\"alignnone size-full wp-image-10830\" src=\"https:\/\/marekkuchcinski.pl\/wp-content\/uploads\/2018\/11\/12.10-Trzcinica-7.jpg\" alt=\"12.10 Trzcinica 7\" width=\"1998\" height=\"1400\" srcset=\"https:\/\/marekkuchcinski.pl\/wp-content\/uploads\/2018\/11\/12.10-Trzcinica-7.jpg 1998w, https:\/\/marekkuchcinski.pl\/wp-content\/uploads\/2018\/11\/12.10-Trzcinica-7-300x210.jpg 300w, https:\/\/marekkuchcinski.pl\/wp-content\/uploads\/2018\/11\/12.10-Trzcinica-7-768x538.jpg 768w, https:\/\/marekkuchcinski.pl\/wp-content\/uploads\/2018\/11\/12.10-Trzcinica-7-1024x718.jpg 1024w\" sizes=\"(max-width: 1998px) 100vw, 1998px\" \/><\/a><\/p>\n<p><strong>The Speaker visited<\/strong> <strong>Krosno district (Korczyna, Iwonicz-Zdr\u00f3j, Zr\u0119cin, Dukla)<\/strong>. - We need good partners in local government. I encourage you to participate in the elections and vote for our candidates. We want to be satisfied with our small homelands. Good change should reach everywhere, also local governments.<\/p>\n<p><a href=\"https:\/\/marekkuchcinski.pl\/wp-content\/uploads\/2018\/11\/12.10-pow.-kro\u015bnie\u0144ski-12.jpg\"><img loading=\"lazy\" decoding=\"async\" class=\"alignnone size-full wp-image-10832\" src=\"https:\/\/marekkuchcinski.pl\/wp-content\/uploads\/2018\/11\/12.10-pow.-kro\u015bnie\u0144ski-12.jpg\" alt=\"12.10 pow. kro\u015bnie\u0144ski 12\" width=\"2000\" height=\"1500\" srcset=\"https:\/\/marekkuchcinski.pl\/wp-content\/uploads\/2018\/11\/12.10-pow.-kro\u015bnie\u0144ski-12.jpg 2000w, https:\/\/marekkuchcinski.pl\/wp-content\/uploads\/2018\/11\/12.10-pow.-kro\u015bnie\u0144ski-12-300x225.jpg 300w, https:\/\/marekkuchcinski.pl\/wp-content\/uploads\/2018\/11\/12.10-pow.-kro\u015bnie\u0144ski-12-768x576.jpg 768w, https:\/\/marekkuchcinski.pl\/wp-content\/uploads\/2018\/11\/12.10-pow.-kro\u015bnie\u0144ski-12-1024x768.jpg 1024w\" sizes=\"(max-width: 2000px) 100vw, 2000px\" \/><\/a> <a href=\"https:\/\/marekkuchcinski.pl\/wp-content\/uploads\/2018\/11\/12.10-pow.-kro\u015bnie\u0144ski-11.jpg\"><img loading=\"lazy\" decoding=\"async\" class=\"alignnone size-full wp-image-10833\" src=\"https:\/\/marekkuchcinski.pl\/wp-content\/uploads\/2018\/11\/12.10-pow.-kro\u015bnie\u0144ski-11.jpg\" alt=\"12.10 pow. kro\u015bnie\u0144ski 11\" width=\"2000\" height=\"1500\" srcset=\"https:\/\/marekkuchcinski.pl\/wp-content\/uploads\/2018\/11\/12.10-pow.-kro\u015bnie\u0144ski-11.jpg 2000w, https:\/\/marekkuchcinski.pl\/wp-content\/uploads\/2018\/11\/12.10-pow.-kro\u015bnie\u0144ski-11-300x225.jpg 300w, https:\/\/marekkuchcinski.pl\/wp-content\/uploads\/2018\/11\/12.10-pow.-kro\u015bnie\u0144ski-11-768x576.jpg 768w, https:\/\/marekkuchcinski.pl\/wp-content\/uploads\/2018\/11\/12.10-pow.-kro\u015bnie\u0144ski-11-1024x768.jpg 1024w\" sizes=\"(max-width: 2000px) 100vw, 2000px\" \/><\/a> <a href=\"https:\/\/marekkuchcinski.pl\/wp-content\/uploads\/2018\/11\/12.10-pow.-kro\u015bnie\u0144ski-10.jpg\"><img loading=\"lazy\" decoding=\"async\" class=\"alignnone size-full wp-image-10834\" src=\"https:\/\/marekkuchcinski.pl\/wp-content\/uploads\/2018\/11\/12.10-pow.-kro\u015bnie\u0144ski-10.jpg\" alt=\"12.10 pow. kro\u015bnie\u0144ski 10\" width=\"2000\" height=\"1500\" srcset=\"https:\/\/marekkuchcinski.pl\/wp-content\/uploads\/2018\/11\/12.10-pow.-kro\u015bnie\u0144ski-10.jpg 2000w, https:\/\/marekkuchcinski.pl\/wp-content\/uploads\/2018\/11\/12.10-pow.-kro\u015bnie\u0144ski-10-300x225.jpg 300w, https:\/\/marekkuchcinski.pl\/wp-content\/uploads\/2018\/11\/12.10-pow.-kro\u015bnie\u0144ski-10-768x576.jpg 768w, https:\/\/marekkuchcinski.pl\/wp-content\/uploads\/2018\/11\/12.10-pow.-kro\u015bnie\u0144ski-10-1024x768.jpg 1024w\" sizes=\"(max-width: 2000px) 100vw, 2000px\" \/><\/a> <a href=\"https:\/\/marekkuchcinski.pl\/wp-content\/uploads\/2018\/11\/12.10-pow.-kro\u015bnie\u0144ski-9.jpg\"><img loading=\"lazy\" decoding=\"async\" class=\"alignnone size-full wp-image-10835\" src=\"https:\/\/marekkuchcinski.pl\/wp-content\/uploads\/2018\/11\/12.10-pow.-kro\u015bnie\u0144ski-9.jpg\" alt=\"12.10 pow. kro\u015bnie\u0144ski 9\" width=\"2000\" height=\"1500\" srcset=\"https:\/\/marekkuchcinski.pl\/wp-content\/uploads\/2018\/11\/12.10-pow.-kro\u015bnie\u0144ski-9.jpg 2000w, https:\/\/marekkuchcinski.pl\/wp-content\/uploads\/2018\/11\/12.10-pow.-kro\u015bnie\u0144ski-9-300x225.jpg 300w, https:\/\/marekkuchcinski.pl\/wp-content\/uploads\/2018\/11\/12.10-pow.-kro\u015bnie\u0144ski-9-768x576.jpg 768w, https:\/\/marekkuchcinski.pl\/wp-content\/uploads\/2018\/11\/12.10-pow.-kro\u015bnie\u0144ski-9-1024x768.jpg 1024w\" sizes=\"(max-width: 2000px) 100vw, 2000px\" \/><\/a> <a href=\"https:\/\/marekkuchcinski.pl\/wp-content\/uploads\/2018\/11\/12.10-pow.-kro\u015bnie\u0144ski-6.jpg\"><img loading=\"lazy\" decoding=\"async\" class=\"alignnone size-full wp-image-10838\" src=\"https:\/\/marekkuchcinski.pl\/wp-content\/uploads\/2018\/11\/12.10-pow.-kro\u015bnie\u0144ski-6.jpg\" alt=\"12.10 pow. kro\u015bnie\u0144ski 6\" width=\"1773\" height=\"1062\" srcset=\"https:\/\/marekkuchcinski.pl\/wp-content\/uploads\/2018\/11\/12.10-pow.-kro\u015bnie\u0144ski-6.jpg 1773w, https:\/\/marekkuchcinski.pl\/wp-content\/uploads\/2018\/11\/12.10-pow.-kro\u015bnie\u0144ski-6-300x180.jpg 300w, https:\/\/marekkuchcinski.pl\/wp-content\/uploads\/2018\/11\/12.10-pow.-kro\u015bnie\u0144ski-6-768x460.jpg 768w, https:\/\/marekkuchcinski.pl\/wp-content\/uploads\/2018\/11\/12.10-pow.-kro\u015bnie\u0144ski-6-1024x613.jpg 1024w\" sizes=\"(max-width: 1773px) 100vw, 1773px\" \/><\/a> <a href=\"https:\/\/marekkuchcinski.pl\/wp-content\/uploads\/2018\/11\/12.10-pow.-kro\u015bnie\u0144ski-2.jpg\"><img loading=\"lazy\" decoding=\"async\" class=\"alignnone size-full wp-image-10842\" src=\"https:\/\/marekkuchcinski.pl\/wp-content\/uploads\/2018\/11\/12.10-pow.-kro\u015bnie\u0144ski-2.jpg\" alt=\"12.10 pow. kro\u015bnie\u0144ski 2\" width=\"2000\" height=\"1500\" srcset=\"https:\/\/marekkuchcinski.pl\/wp-content\/uploads\/2018\/11\/12.10-pow.-kro\u015bnie\u0144ski-2.jpg 2000w, https:\/\/marekkuchcinski.pl\/wp-content\/uploads\/2018\/11\/12.10-pow.-kro\u015bnie\u0144ski-2-300x225.jpg 300w, https:\/\/marekkuchcinski.pl\/wp-content\/uploads\/2018\/11\/12.10-pow.-kro\u015bnie\u0144ski-2-768x576.jpg 768w, https:\/\/marekkuchcinski.pl\/wp-content\/uploads\/2018\/11\/12.10-pow.-kro\u015bnie\u0144ski-2-1024x768.jpg 1024w\" sizes=\"(max-width: 2000px) 100vw, 2000px\" \/><\/a><\/p>\n<p><strong>October 13 <\/strong><\/p>\n<p><strong>The Marshal took part in the County Convention in Lubaczow and the meeting in Nowe Brusno.<\/strong><\/p>\n<p>He presented the programs introduced by the government that can benefit cities, municipalities and counties.<\/p>\n<p><a href=\"https:\/\/marekkuchcinski.pl\/wp-content\/uploads\/2018\/11\/13.10-Nowe-Brusno-2.jpg\"><img loading=\"lazy\" decoding=\"async\" class=\"alignnone size-full wp-image-10848\" src=\"https:\/\/marekkuchcinski.pl\/wp-content\/uploads\/2018\/11\/13.10-Nowe-Brusno-2.jpg\" alt=\"13.10 Nowe Brusno 2\" width=\"2000\" height=\"1500\" srcset=\"https:\/\/marekkuchcinski.pl\/wp-content\/uploads\/2018\/11\/13.10-Nowe-Brusno-2.jpg 2000w, https:\/\/marekkuchcinski.pl\/wp-content\/uploads\/2018\/11\/13.10-Nowe-Brusno-2-300x225.jpg 300w, https:\/\/marekkuchcinski.pl\/wp-content\/uploads\/2018\/11\/13.10-Nowe-Brusno-2-768x576.jpg 768w, https:\/\/marekkuchcinski.pl\/wp-content\/uploads\/2018\/11\/13.10-Nowe-Brusno-2-1024x768.jpg 1024w\" sizes=\"(max-width: 2000px) 100vw, 2000px\" \/><\/a> <a href=\"https:\/\/marekkuchcinski.pl\/wp-content\/uploads\/2018\/11\/13.10-Nowe-Brusno-1.jpg\"><img loading=\"lazy\" decoding=\"async\" class=\"alignnone size-full wp-image-10849\" src=\"https:\/\/marekkuchcinski.pl\/wp-content\/uploads\/2018\/11\/13.10-Nowe-Brusno-1.jpg\" alt=\"13.10 Nowe Brusno 1\" width=\"2000\" height=\"1500\" srcset=\"https:\/\/marekkuchcinski.pl\/wp-content\/uploads\/2018\/11\/13.10-Nowe-Brusno-1.jpg 2000w, https:\/\/marekkuchcinski.pl\/wp-content\/uploads\/2018\/11\/13.10-Nowe-Brusno-1-300x225.jpg 300w, https:\/\/marekkuchcinski.pl\/wp-content\/uploads\/2018\/11\/13.10-Nowe-Brusno-1-768x576.jpg 768w, https:\/\/marekkuchcinski.pl\/wp-content\/uploads\/2018\/11\/13.10-Nowe-Brusno-1-1024x768.jpg 1024w\" sizes=\"(max-width: 2000px) 100vw, 2000px\" \/><\/a> <a href=\"https:\/\/marekkuchcinski.pl\/wp-content\/uploads\/2018\/11\/13.10-Lubacz\u00f3w-6.jpg\"><img loading=\"lazy\" decoding=\"async\" class=\"alignnone size-full wp-image-10850\" src=\"https:\/\/marekkuchcinski.pl\/wp-content\/uploads\/2018\/11\/13.10-Lubacz\u00f3w-6.jpg\" alt=\"13.10 Lubacz\u00f3w 6\" width=\"2000\" height=\"1500\" srcset=\"https:\/\/marekkuchcinski.pl\/wp-content\/uploads\/2018\/11\/13.10-Lubacz\u00f3w-6.jpg 2000w, https:\/\/marekkuchcinski.pl\/wp-content\/uploads\/2018\/11\/13.10-Lubacz\u00f3w-6-300x225.jpg 300w, https:\/\/marekkuchcinski.pl\/wp-content\/uploads\/2018\/11\/13.10-Lubacz\u00f3w-6-768x576.jpg 768w, https:\/\/marekkuchcinski.pl\/wp-content\/uploads\/2018\/11\/13.10-Lubacz\u00f3w-6-1024x768.jpg 1024w\" sizes=\"(max-width: 2000px) 100vw, 2000px\" \/><\/a> <a href=\"https:\/\/marekkuchcinski.pl\/wp-content\/uploads\/2018\/11\/13.10-Lubacz\u00f3w-4.jpg\"><img loading=\"lazy\" decoding=\"async\" class=\"alignnone size-full wp-image-10851\" src=\"https:\/\/marekkuchcinski.pl\/wp-content\/uploads\/2018\/11\/13.10-Lubacz\u00f3w-4.jpg\" alt=\"13.10 Lubacz\u00f3w 4\" width=\"2000\" height=\"1500\" srcset=\"https:\/\/marekkuchcinski.pl\/wp-content\/uploads\/2018\/11\/13.10-Lubacz\u00f3w-4.jpg 2000w, https:\/\/marekkuchcinski.pl\/wp-content\/uploads\/2018\/11\/13.10-Lubacz\u00f3w-4-300x225.jpg 300w, https:\/\/marekkuchcinski.pl\/wp-content\/uploads\/2018\/11\/13.10-Lubacz\u00f3w-4-768x576.jpg 768w, https:\/\/marekkuchcinski.pl\/wp-content\/uploads\/2018\/11\/13.10-Lubacz\u00f3w-4-1024x768.jpg 1024w\" sizes=\"(max-width: 2000px) 100vw, 2000px\" \/><\/a> <a href=\"https:\/\/marekkuchcinski.pl\/wp-content\/uploads\/2018\/11\/13.10-Lubacz\u00f3w-3.jpg\"><img loading=\"lazy\" decoding=\"async\" class=\"alignnone size-full wp-image-10852\" src=\"https:\/\/marekkuchcinski.pl\/wp-content\/uploads\/2018\/11\/13.10-Lubacz\u00f3w-3.jpg\" alt=\"13.10 Lubacz\u00f3w 3\" width=\"2000\" height=\"1500\" srcset=\"https:\/\/marekkuchcinski.pl\/wp-content\/uploads\/2018\/11\/13.10-Lubacz\u00f3w-3.jpg 2000w, https:\/\/marekkuchcinski.pl\/wp-content\/uploads\/2018\/11\/13.10-Lubacz\u00f3w-3-300x225.jpg 300w, https:\/\/marekkuchcinski.pl\/wp-content\/uploads\/2018\/11\/13.10-Lubacz\u00f3w-3-768x576.jpg 768w, https:\/\/marekkuchcinski.pl\/wp-content\/uploads\/2018\/11\/13.10-Lubacz\u00f3w-3-1024x768.jpg 1024w\" sizes=\"(max-width: 2000px) 100vw, 2000px\" \/><\/a> <a href=\"https:\/\/marekkuchcinski.pl\/wp-content\/uploads\/2018\/11\/13.10-Lubacz\u00f3w-2.jpg\"><img loading=\"lazy\" decoding=\"async\" class=\"alignnone size-full wp-image-10853\" src=\"https:\/\/marekkuchcinski.pl\/wp-content\/uploads\/2018\/11\/13.10-Lubacz\u00f3w-2.jpg\" alt=\"13.10 Lubacz\u00f3w 2\" width=\"2000\" height=\"1500\" srcset=\"https:\/\/marekkuchcinski.pl\/wp-content\/uploads\/2018\/11\/13.10-Lubacz\u00f3w-2.jpg 2000w, https:\/\/marekkuchcinski.pl\/wp-content\/uploads\/2018\/11\/13.10-Lubacz\u00f3w-2-300x225.jpg 300w, https:\/\/marekkuchcinski.pl\/wp-content\/uploads\/2018\/11\/13.10-Lubacz\u00f3w-2-768x576.jpg 768w, https:\/\/marekkuchcinski.pl\/wp-content\/uploads\/2018\/11\/13.10-Lubacz\u00f3w-2-1024x768.jpg 1024w\" sizes=\"(max-width: 2000px) 100vw, 2000px\" \/><\/a> <a href=\"https:\/\/marekkuchcinski.pl\/wp-content\/uploads\/2018\/11\/13.10-Lubacz\u00f3w-1.jpg\"><img loading=\"lazy\" decoding=\"async\" class=\"alignnone size-full wp-image-10854\" src=\"https:\/\/marekkuchcinski.pl\/wp-content\/uploads\/2018\/11\/13.10-Lubacz\u00f3w-1.jpg\" alt=\"13.10 Lubacz\u00f3w 1\" width=\"2000\" height=\"1500\" srcset=\"https:\/\/marekkuchcinski.pl\/wp-content\/uploads\/2018\/11\/13.10-Lubacz\u00f3w-1.jpg 2000w, https:\/\/marekkuchcinski.pl\/wp-content\/uploads\/2018\/11\/13.10-Lubacz\u00f3w-1-300x225.jpg 300w, https:\/\/marekkuchcinski.pl\/wp-content\/uploads\/2018\/11\/13.10-Lubacz\u00f3w-1-768x576.jpg 768w, https:\/\/marekkuchcinski.pl\/wp-content\/uploads\/2018\/11\/13.10-Lubacz\u00f3w-1-1024x768.jpg 1024w\" sizes=\"(max-width: 2000px) 100vw, 2000px\" \/><\/a><\/p>\n<p><strong>October 14<\/strong><\/p>\n<p><strong>The Marshal participated in meetings in Babice, Zurawica, Tyrawa Wo\u0142oska and county conventions in Ustrzyki Dolne and Lesko.<\/strong><\/p>\n<p><a href=\"https:\/\/marekkuchcinski.pl\/wp-content\/uploads\/2018\/11\/13.10-Nowe-Brusno-2-1.jpg\"><img loading=\"lazy\" decoding=\"async\" class=\"alignnone size-full wp-image-10878\" src=\"https:\/\/marekkuchcinski.pl\/wp-content\/uploads\/2018\/11\/13.10-Nowe-Brusno-2-1.jpg\" alt=\"13.10 Nowe Brusno 2\" width=\"2000\" height=\"1500\" srcset=\"https:\/\/marekkuchcinski.pl\/wp-content\/uploads\/2018\/11\/13.10-Nowe-Brusno-2-1.jpg 2000w, https:\/\/marekkuchcinski.pl\/wp-content\/uploads\/2018\/11\/13.10-Nowe-Brusno-2-1-300x225.jpg 300w, https:\/\/marekkuchcinski.pl\/wp-content\/uploads\/2018\/11\/13.10-Nowe-Brusno-2-1-768x576.jpg 768w, https:\/\/marekkuchcinski.pl\/wp-content\/uploads\/2018\/11\/13.10-Nowe-Brusno-2-1-1024x768.jpg 1024w\" sizes=\"(max-width: 2000px) 100vw, 2000px\" \/><\/a> <a href=\"https:\/\/marekkuchcinski.pl\/wp-content\/uploads\/2018\/11\/13.10-Nowe-Brusno-1-1.jpg\"><img loading=\"lazy\" decoding=\"async\" class=\"alignnone size-full wp-image-10879\" src=\"https:\/\/marekkuchcinski.pl\/wp-content\/uploads\/2018\/11\/13.10-Nowe-Brusno-1-1.jpg\" alt=\"13.10 Nowe Brusno 1\" width=\"2000\" height=\"1500\" srcset=\"https:\/\/marekkuchcinski.pl\/wp-content\/uploads\/2018\/11\/13.10-Nowe-Brusno-1-1.jpg 2000w, https:\/\/marekkuchcinski.pl\/wp-content\/uploads\/2018\/11\/13.10-Nowe-Brusno-1-1-300x225.jpg 300w, https:\/\/marekkuchcinski.pl\/wp-content\/uploads\/2018\/11\/13.10-Nowe-Brusno-1-1-768x576.jpg 768w, https:\/\/marekkuchcinski.pl\/wp-content\/uploads\/2018\/11\/13.10-Nowe-Brusno-1-1-1024x768.jpg 1024w\" sizes=\"(max-width: 2000px) 100vw, 2000px\" \/><\/a> <a href=\"https:\/\/marekkuchcinski.pl\/wp-content\/uploads\/2018\/11\/14.10-Lesko-5.jpg\"><img loading=\"lazy\" decoding=\"async\" class=\"alignnone size-full wp-image-10885\" src=\"https:\/\/marekkuchcinski.pl\/wp-content\/uploads\/2018\/11\/14.10-Lesko-5.jpg\" alt=\"14.10 Lesko 5\" width=\"4000\" height=\"3000\" srcset=\"https:\/\/marekkuchcinski.pl\/wp-content\/uploads\/2018\/11\/14.10-Lesko-5.jpg 2048w, https:\/\/marekkuchcinski.pl\/wp-content\/uploads\/2018\/11\/14.10-Lesko-5-300x225.jpg 300w, https:\/\/marekkuchcinski.pl\/wp-content\/uploads\/2018\/11\/14.10-Lesko-5-768x576.jpg 768w, https:\/\/marekkuchcinski.pl\/wp-content\/uploads\/2018\/11\/14.10-Lesko-5-1024x768.jpg 1024w\" sizes=\"(max-width: 4000px) 100vw, 4000px\" \/><\/a> <a href=\"https:\/\/marekkuchcinski.pl\/wp-content\/uploads\/2018\/11\/14.10-Lesko-4.jpg\"><img loading=\"lazy\" decoding=\"async\" class=\"alignnone size-full wp-image-10886\" src=\"https:\/\/marekkuchcinski.pl\/wp-content\/uploads\/2018\/11\/14.10-Lesko-4.jpg\" alt=\"14.10 Lesko 4\" width=\"4000\" height=\"3000\" srcset=\"https:\/\/marekkuchcinski.pl\/wp-content\/uploads\/2018\/11\/14.10-Lesko-4.jpg 2048w, https:\/\/marekkuchcinski.pl\/wp-content\/uploads\/2018\/11\/14.10-Lesko-4-300x225.jpg 300w, https:\/\/marekkuchcinski.pl\/wp-content\/uploads\/2018\/11\/14.10-Lesko-4-768x576.jpg 768w, https:\/\/marekkuchcinski.pl\/wp-content\/uploads\/2018\/11\/14.10-Lesko-4-1024x768.jpg 1024w\" sizes=\"(max-width: 4000px) 100vw, 4000px\" \/><\/a> <a href=\"https:\/\/marekkuchcinski.pl\/wp-content\/uploads\/2018\/11\/14.10-Lesko-3.jpg\"><img loading=\"lazy\" decoding=\"async\" class=\"alignnone size-full wp-image-10887\" src=\"https:\/\/marekkuchcinski.pl\/wp-content\/uploads\/2018\/11\/14.10-Lesko-3.jpg\" alt=\"14.10 Lesko 3\" width=\"2000\" height=\"1500\" srcset=\"https:\/\/marekkuchcinski.pl\/wp-content\/uploads\/2018\/11\/14.10-Lesko-3.jpg 2000w, https:\/\/marekkuchcinski.pl\/wp-content\/uploads\/2018\/11\/14.10-Lesko-3-300x225.jpg 300w, https:\/\/marekkuchcinski.pl\/wp-content\/uploads\/2018\/11\/14.10-Lesko-3-768x576.jpg 768w, https:\/\/marekkuchcinski.pl\/wp-content\/uploads\/2018\/11\/14.10-Lesko-3-1024x768.jpg 1024w\" sizes=\"(max-width: 2000px) 100vw, 2000px\" \/><\/a> <a href=\"https:\/\/marekkuchcinski.pl\/wp-content\/uploads\/2018\/11\/14.10-Lesko-2.jpg\"><img loading=\"lazy\" decoding=\"async\" class=\"alignnone size-full wp-image-10888\" src=\"https:\/\/marekkuchcinski.pl\/wp-content\/uploads\/2018\/11\/14.10-Lesko-2.jpg\" alt=\"14.10 Lesko 2\" width=\"2000\" height=\"1500\" srcset=\"https:\/\/marekkuchcinski.pl\/wp-content\/uploads\/2018\/11\/14.10-Lesko-2.jpg 2000w, https:\/\/marekkuchcinski.pl\/wp-content\/uploads\/2018\/11\/14.10-Lesko-2-300x225.jpg 300w, https:\/\/marekkuchcinski.pl\/wp-content\/uploads\/2018\/11\/14.10-Lesko-2-768x576.jpg 768w, https:\/\/marekkuchcinski.pl\/wp-content\/uploads\/2018\/11\/14.10-Lesko-2-1024x768.jpg 1024w\" sizes=\"(max-width: 2000px) 100vw, 2000px\" \/><\/a> <a href=\"https:\/\/marekkuchcinski.pl\/wp-content\/uploads\/2018\/11\/14.10-Lesko-1.jpg\"><img loading=\"lazy\" decoding=\"async\" class=\"alignnone size-full wp-image-10889\" src=\"https:\/\/marekkuchcinski.pl\/wp-content\/uploads\/2018\/11\/14.10-Lesko-1.jpg\" alt=\"14.10 Lesko 1\" width=\"2000\" height=\"1500\" srcset=\"https:\/\/marekkuchcinski.pl\/wp-content\/uploads\/2018\/11\/14.10-Lesko-1.jpg 2000w, https:\/\/marekkuchcinski.pl\/wp-content\/uploads\/2018\/11\/14.10-Lesko-1-300x225.jpg 300w, https:\/\/marekkuchcinski.pl\/wp-content\/uploads\/2018\/11\/14.10-Lesko-1-768x576.jpg 768w, https:\/\/marekkuchcinski.pl\/wp-content\/uploads\/2018\/11\/14.10-Lesko-1-1024x768.jpg 1024w\" sizes=\"(max-width: 2000px) 100vw, 2000px\" \/><\/a> <a href=\"https:\/\/marekkuchcinski.pl\/wp-content\/uploads\/2018\/11\/14.10-Ustrzyki-Dolne-3.jpg\"><img loading=\"lazy\" decoding=\"async\" class=\"alignnone size-full wp-image-10890\" src=\"https:\/\/marekkuchcinski.pl\/wp-content\/uploads\/2018\/11\/14.10-Ustrzyki-Dolne-3.jpg\" alt=\"14.10 Ustrzyki Dolne 3\" width=\"1589\" height=\"1835\" srcset=\"https:\/\/marekkuchcinski.pl\/wp-content\/uploads\/2018\/11\/14.10-Ustrzyki-Dolne-3.jpg 1589w, https:\/\/marekkuchcinski.pl\/wp-content\/uploads\/2018\/11\/14.10-Ustrzyki-Dolne-3-260x300.jpg 260w, https:\/\/marekkuchcinski.pl\/wp-content\/uploads\/2018\/11\/14.10-Ustrzyki-Dolne-3-768x887.jpg 768w, https:\/\/marekkuchcinski.pl\/wp-content\/uploads\/2018\/11\/14.10-Ustrzyki-Dolne-3-887x1024.jpg 887w\" sizes=\"(max-width: 1589px) 100vw, 1589px\" \/><\/a> <a href=\"https:\/\/marekkuchcinski.pl\/wp-content\/uploads\/2018\/11\/14.10-Ustrzyki-Dolne-2.jpg\"><img loading=\"lazy\" decoding=\"async\" class=\"alignnone size-full wp-image-10891\" src=\"https:\/\/marekkuchcinski.pl\/wp-content\/uploads\/2018\/11\/14.10-Ustrzyki-Dolne-2.jpg\" alt=\"14.10 Ustrzyki Dolne 2\" width=\"2000\" height=\"1500\" srcset=\"https:\/\/marekkuchcinski.pl\/wp-content\/uploads\/2018\/11\/14.10-Ustrzyki-Dolne-2.jpg 2000w, https:\/\/marekkuchcinski.pl\/wp-content\/uploads\/2018\/11\/14.10-Ustrzyki-Dolne-2-300x225.jpg 300w, https:\/\/marekkuchcinski.pl\/wp-content\/uploads\/2018\/11\/14.10-Ustrzyki-Dolne-2-768x576.jpg 768w, https:\/\/marekkuchcinski.pl\/wp-content\/uploads\/2018\/11\/14.10-Ustrzyki-Dolne-2-1024x768.jpg 1024w\" sizes=\"(max-width: 2000px) 100vw, 2000px\" \/><\/a> <a href=\"https:\/\/marekkuchcinski.pl\/wp-content\/uploads\/2018\/11\/14.10-Ustrzyki-Dolne-1.jpg\"><img loading=\"lazy\" decoding=\"async\" class=\"alignnone size-full wp-image-10892\" src=\"https:\/\/marekkuchcinski.pl\/wp-content\/uploads\/2018\/11\/14.10-Ustrzyki-Dolne-1.jpg\" alt=\"14.10 Ustrzyki Dolne 1\" width=\"2000\" height=\"1500\" srcset=\"https:\/\/marekkuchcinski.pl\/wp-content\/uploads\/2018\/11\/14.10-Ustrzyki-Dolne-1.jpg 2000w, https:\/\/marekkuchcinski.pl\/wp-content\/uploads\/2018\/11\/14.10-Ustrzyki-Dolne-1-300x225.jpg 300w, https:\/\/marekkuchcinski.pl\/wp-content\/uploads\/2018\/11\/14.10-Ustrzyki-Dolne-1-768x576.jpg 768w, https:\/\/marekkuchcinski.pl\/wp-content\/uploads\/2018\/11\/14.10-Ustrzyki-Dolne-1-1024x768.jpg 1024w\" sizes=\"(max-width: 2000px) 100vw, 2000px\" \/><\/a> <a href=\"https:\/\/marekkuchcinski.pl\/wp-content\/uploads\/2018\/11\/14.10-Tyrawa-Wo\u0142oska-4.jpg\"><img loading=\"lazy\" decoding=\"async\" class=\"alignnone size-full wp-image-10893\" src=\"https:\/\/marekkuchcinski.pl\/wp-content\/uploads\/2018\/11\/14.10-Tyrawa-Wo\u0142oska-4.jpg\" alt=\"14.10 Tyrawa Wo\u0142oska 4\" width=\"2000\" height=\"1500\" srcset=\"https:\/\/marekkuchcinski.pl\/wp-content\/uploads\/2018\/11\/14.10-Tyrawa-Wo\u0142oska-4.jpg 2000w, https:\/\/marekkuchcinski.pl\/wp-content\/uploads\/2018\/11\/14.10-Tyrawa-Wo\u0142oska-4-300x225.jpg 300w, https:\/\/marekkuchcinski.pl\/wp-content\/uploads\/2018\/11\/14.10-Tyrawa-Wo\u0142oska-4-768x576.jpg 768w, https:\/\/marekkuchcinski.pl\/wp-content\/uploads\/2018\/11\/14.10-Tyrawa-Wo\u0142oska-4-1024x768.jpg 1024w\" sizes=\"(max-width: 2000px) 100vw, 2000px\" \/><\/a> <a href=\"https:\/\/marekkuchcinski.pl\/wp-content\/uploads\/2018\/11\/14.10-Babice-2.jpg\"><img loading=\"lazy\" decoding=\"async\" class=\"alignnone size-full wp-image-10898\" src=\"https:\/\/marekkuchcinski.pl\/wp-content\/uploads\/2018\/11\/14.10-Babice-2.jpg\" alt=\"14.10 Babice 2\" width=\"2000\" height=\"1500\" srcset=\"https:\/\/marekkuchcinski.pl\/wp-content\/uploads\/2018\/11\/14.10-Babice-2.jpg 2000w, https:\/\/marekkuchcinski.pl\/wp-content\/uploads\/2018\/11\/14.10-Babice-2-300x225.jpg 300w, https:\/\/marekkuchcinski.pl\/wp-content\/uploads\/2018\/11\/14.10-Babice-2-768x576.jpg 768w, https:\/\/marekkuchcinski.pl\/wp-content\/uploads\/2018\/11\/14.10-Babice-2-1024x768.jpg 1024w\" sizes=\"(max-width: 2000px) 100vw, 2000px\" \/><\/a> <a href=\"https:\/\/marekkuchcinski.pl\/wp-content\/uploads\/2018\/11\/14.10-Babice-1.jpg\"><img loading=\"lazy\" decoding=\"async\" class=\"alignnone size-full wp-image-10899\" src=\"https:\/\/marekkuchcinski.pl\/wp-content\/uploads\/2018\/11\/14.10-Babice-1.jpg\" alt=\"14.10 Babice 1\" width=\"2000\" height=\"1500\" srcset=\"https:\/\/marekkuchcinski.pl\/wp-content\/uploads\/2018\/11\/14.10-Babice-1.jpg 2000w, https:\/\/marekkuchcinski.pl\/wp-content\/uploads\/2018\/11\/14.10-Babice-1-300x225.jpg 300w, https:\/\/marekkuchcinski.pl\/wp-content\/uploads\/2018\/11\/14.10-Babice-1-768x576.jpg 768w, https:\/\/marekkuchcinski.pl\/wp-content\/uploads\/2018\/11\/14.10-Babice-1-1024x768.jpg 1024w\" sizes=\"(max-width: 2000px) 100vw, 2000px\" \/><\/a><\/p>\n<p><strong>October 16<\/strong><\/p>\n<p><strong>Marek Kuchcinski took part in the meetings in Valawa and Przemy\u015bl.<\/strong><\/p>\n<p>- We are succeeding in many areas. Our activities are having good results, so we can make decisions about even more support, including from local governments.<br \/>\nWe put a strong emphasis on the development of higher education. We want to support local governments, among others, through the road fund, which is a large program. We suggest facilitating the use of this money. Thermomodernization program is another aid - said Marek Kuchci\u0144ski.<\/p>\n<p><a href=\"https:\/\/marekkuchcinski.pl\/wp-content\/uploads\/2018\/11\/16.10-Przemy\u015bl-3.jpg\"><img loading=\"lazy\" decoding=\"async\" class=\"alignnone size-full wp-image-10902\" src=\"https:\/\/marekkuchcinski.pl\/wp-content\/uploads\/2018\/11\/16.10-Przemy\u015bl-3.jpg\" alt=\"16.10 Przemy\u015bl 3\" width=\"2000\" height=\"1500\" srcset=\"https:\/\/marekkuchcinski.pl\/wp-content\/uploads\/2018\/11\/16.10-Przemy\u015bl-3.jpg 2000w, https:\/\/marekkuchcinski.pl\/wp-content\/uploads\/2018\/11\/16.10-Przemy\u015bl-3-300x225.jpg 300w, https:\/\/marekkuchcinski.pl\/wp-content\/uploads\/2018\/11\/16.10-Przemy\u015bl-3-768x576.jpg 768w, https:\/\/marekkuchcinski.pl\/wp-content\/uploads\/2018\/11\/16.10-Przemy\u015bl-3-1024x768.jpg 1024w\" sizes=\"(max-width: 2000px) 100vw, 2000px\" \/><\/a> <a href=\"https:\/\/marekkuchcinski.pl\/wp-content\/uploads\/2018\/11\/16.10-Przemy\u015bl-1.jpg\"><img loading=\"lazy\" decoding=\"async\" class=\"alignnone size-full wp-image-10904\" src=\"https:\/\/marekkuchcinski.pl\/wp-content\/uploads\/2018\/11\/16.10-Przemy\u015bl-1.jpg\" alt=\"16.10 Przemy\u015bl 1\" width=\"2762\" height=\"2971\" srcset=\"https:\/\/marekkuchcinski.pl\/wp-content\/uploads\/2018\/11\/16.10-Przemy\u015bl-1.jpg 1904w, https:\/\/marekkuchcinski.pl\/wp-content\/uploads\/2018\/11\/16.10-Przemy\u015bl-1-279x300.jpg 279w, https:\/\/marekkuchcinski.pl\/wp-content\/uploads\/2018\/11\/16.10-Przemy\u015bl-1-768x826.jpg 768w, https:\/\/marekkuchcinski.pl\/wp-content\/uploads\/2018\/11\/16.10-Przemy\u015bl-1-952x1024.jpg 952w\" sizes=\"(max-width: 2762px) 100vw, 2762px\" \/><\/a> <a href=\"https:\/\/marekkuchcinski.pl\/wp-content\/uploads\/2018\/11\/16.10-Walawa-3.jpg\"><img loading=\"lazy\" decoding=\"async\" class=\"alignnone size-full wp-image-10906\" src=\"https:\/\/marekkuchcinski.pl\/wp-content\/uploads\/2018\/11\/16.10-Walawa-3.jpg\" alt=\"16.10 Walawa 3\" width=\"2000\" height=\"1500\" srcset=\"https:\/\/marekkuchcinski.pl\/wp-content\/uploads\/2018\/11\/16.10-Walawa-3.jpg 2000w, https:\/\/marekkuchcinski.pl\/wp-content\/uploads\/2018\/11\/16.10-Walawa-3-300x225.jpg 300w, https:\/\/marekkuchcinski.pl\/wp-content\/uploads\/2018\/11\/16.10-Walawa-3-768x576.jpg 768w, https:\/\/marekkuchcinski.pl\/wp-content\/uploads\/2018\/11\/16.10-Walawa-3-1024x768.jpg 1024w\" sizes=\"(max-width: 2000px) 100vw, 2000px\" \/><\/a><\/p>\n<p><strong>October 17<\/strong><\/p>\n<p><strong>A press conference was held at the District Office in Kolbuszowa<\/strong> The Speaker of the Sejm attended a meeting on investments in the Kolbuszowa District. He also met with the inhabitants of Radomysl nad Sanem and Zaleszany, where he laid flowers at the Monument to the Murdered in the East and to the Victims of Smolensk Catastrophe and at the Monument to the Miners killed during the martial law. The Marshal also participated in the meetings in Bojanowo and Ulan\u00f3w.<\/p>\n<p><a href=\"https:\/\/marekkuchcinski.pl\/wp-content\/uploads\/2018\/11\/17.10-Ulan\u00f3w-2.jpg\"><img loading=\"lazy\" decoding=\"async\" class=\"alignnone size-full wp-image-10911\" src=\"https:\/\/marekkuchcinski.pl\/wp-content\/uploads\/2018\/11\/17.10-Ulan\u00f3w-2.jpg\" alt=\"17.10 Ulan\u00f3w 2\" width=\"2000\" height=\"1500\" srcset=\"https:\/\/marekkuchcinski.pl\/wp-content\/uploads\/2018\/11\/17.10-Ulan\u00f3w-2.jpg 2000w, https:\/\/marekkuchcinski.pl\/wp-content\/uploads\/2018\/11\/17.10-Ulan\u00f3w-2-300x225.jpg 300w, https:\/\/marekkuchcinski.pl\/wp-content\/uploads\/2018\/11\/17.10-Ulan\u00f3w-2-768x576.jpg 768w, https:\/\/marekkuchcinski.pl\/wp-content\/uploads\/2018\/11\/17.10-Ulan\u00f3w-2-1024x768.jpg 1024w\" sizes=\"(max-width: 2000px) 100vw, 2000px\" \/><\/a> <a href=\"https:\/\/marekkuchcinski.pl\/wp-content\/uploads\/2018\/11\/17.10-Ulan\u00f3w-1.jpg\"><img loading=\"lazy\" decoding=\"async\" class=\"alignnone size-full wp-image-10912\" src=\"https:\/\/marekkuchcinski.pl\/wp-content\/uploads\/2018\/11\/17.10-Ulan\u00f3w-1.jpg\" alt=\"17.10 Ulan\u00f3w 1\" width=\"2000\" height=\"1500\" srcset=\"https:\/\/marekkuchcinski.pl\/wp-content\/uploads\/2018\/11\/17.10-Ulan\u00f3w-1.jpg 2000w, https:\/\/marekkuchcinski.pl\/wp-content\/uploads\/2018\/11\/17.10-Ulan\u00f3w-1-300x225.jpg 300w, https:\/\/marekkuchcinski.pl\/wp-content\/uploads\/2018\/11\/17.10-Ulan\u00f3w-1-768x576.jpg 768w, https:\/\/marekkuchcinski.pl\/wp-content\/uploads\/2018\/11\/17.10-Ulan\u00f3w-1-1024x768.jpg 1024w\" sizes=\"(max-width: 2000px) 100vw, 2000px\" \/><\/a> <a href=\"https:\/\/marekkuchcinski.pl\/wp-content\/uploads\/2018\/11\/17.10-Bojan\u00f3w-4.jpg\"><img loading=\"lazy\" decoding=\"async\" class=\"alignnone size-full wp-image-10913\" src=\"https:\/\/marekkuchcinski.pl\/wp-content\/uploads\/2018\/11\/17.10-Bojan\u00f3w-4.jpg\" alt=\"17.10 Bojan\u00f3w 4\" width=\"1500\" height=\"2000\" srcset=\"https:\/\/marekkuchcinski.pl\/wp-content\/uploads\/2018\/11\/17.10-Bojan\u00f3w-4.jpg 1500w, https:\/\/marekkuchcinski.pl\/wp-content\/uploads\/2018\/11\/17.10-Bojan\u00f3w-4-225x300.jpg 225w, https:\/\/marekkuchcinski.pl\/wp-content\/uploads\/2018\/11\/17.10-Bojan\u00f3w-4-768x1024.jpg 768w\" sizes=\"(max-width: 1500px) 100vw, 1500px\" \/><\/a> <a href=\"https:\/\/marekkuchcinski.pl\/wp-content\/uploads\/2018\/11\/17.10-Bojan\u00f3w-1.jpg\"><img loading=\"lazy\" decoding=\"async\" class=\"alignnone size-full wp-image-10916\" src=\"https:\/\/marekkuchcinski.pl\/wp-content\/uploads\/2018\/11\/17.10-Bojan\u00f3w-1.jpg\" alt=\"17.10 Bojan\u00f3w 1\" width=\"2000\" height=\"1500\" srcset=\"https:\/\/marekkuchcinski.pl\/wp-content\/uploads\/2018\/11\/17.10-Bojan\u00f3w-1.jpg 2000w, https:\/\/marekkuchcinski.pl\/wp-content\/uploads\/2018\/11\/17.10-Bojan\u00f3w-1-300x225.jpg 300w, https:\/\/marekkuchcinski.pl\/wp-content\/uploads\/2018\/11\/17.10-Bojan\u00f3w-1-768x576.jpg 768w, https:\/\/marekkuchcinski.pl\/wp-content\/uploads\/2018\/11\/17.10-Bojan\u00f3w-1-1024x768.jpg 1024w\" sizes=\"(max-width: 2000px) 100vw, 2000px\" \/><\/a> <a href=\"https:\/\/marekkuchcinski.pl\/wp-content\/uploads\/2018\/11\/17.10-Zaleszany-5.jpg\"><img loading=\"lazy\" decoding=\"async\" class=\"alignnone size-full wp-image-10917\" src=\"https:\/\/marekkuchcinski.pl\/wp-content\/uploads\/2018\/11\/17.10-Zaleszany-5.jpg\" alt=\"17.10 Zaleszany 5\" width=\"2000\" height=\"1500\" srcset=\"https:\/\/marekkuchcinski.pl\/wp-content\/uploads\/2018\/11\/17.10-Zaleszany-5.jpg 2000w, https:\/\/marekkuchcinski.pl\/wp-content\/uploads\/2018\/11\/17.10-Zaleszany-5-300x225.jpg 300w, https:\/\/marekkuchcinski.pl\/wp-content\/uploads\/2018\/11\/17.10-Zaleszany-5-768x576.jpg 768w, https:\/\/marekkuchcinski.pl\/wp-content\/uploads\/2018\/11\/17.10-Zaleszany-5-1024x768.jpg 1024w\" sizes=\"(max-width: 2000px) 100vw, 2000px\" \/><\/a> <a href=\"https:\/\/marekkuchcinski.pl\/wp-content\/uploads\/2018\/11\/17.10-Zaleszany-3.jpg\"><img loading=\"lazy\" decoding=\"async\" class=\"alignnone size-full wp-image-10919\" src=\"https:\/\/marekkuchcinski.pl\/wp-content\/uploads\/2018\/11\/17.10-Zaleszany-3.jpg\" alt=\"17.10 Zaleszany 3\" width=\"960\" height=\"540\" srcset=\"https:\/\/marekkuchcinski.pl\/wp-content\/uploads\/2018\/11\/17.10-Zaleszany-3.jpg 960w, https:\/\/marekkuchcinski.pl\/wp-content\/uploads\/2018\/11\/17.10-Zaleszany-3-300x169.jpg 300w, https:\/\/marekkuchcinski.pl\/wp-content\/uploads\/2018\/11\/17.10-Zaleszany-3-768x432.jpg 768w\" sizes=\"(max-width: 960px) 100vw, 960px\" \/><\/a> <a href=\"https:\/\/marekkuchcinski.pl\/wp-content\/uploads\/2018\/11\/17.10-Zaleszany-1.jpg\"><img loading=\"lazy\" decoding=\"async\" class=\"alignnone size-full wp-image-10921\" src=\"https:\/\/marekkuchcinski.pl\/wp-content\/uploads\/2018\/11\/17.10-Zaleszany-1.jpg\" alt=\"17.10 Zaleszany 1\" width=\"3612\" height=\"2032\" srcset=\"https:\/\/marekkuchcinski.pl\/wp-content\/uploads\/2018\/11\/17.10-Zaleszany-1.jpg 2048w, https:\/\/marekkuchcinski.pl\/wp-content\/uploads\/2018\/11\/17.10-Zaleszany-1-300x169.jpg 300w, https:\/\/marekkuchcinski.pl\/wp-content\/uploads\/2018\/11\/17.10-Zaleszany-1-768x432.jpg 768w, https:\/\/marekkuchcinski.pl\/wp-content\/uploads\/2018\/11\/17.10-Zaleszany-1-1024x576.jpg 1024w\" sizes=\"(max-width: 3612px) 100vw, 3612px\" \/><\/a> <a href=\"https:\/\/marekkuchcinski.pl\/wp-content\/uploads\/2018\/11\/17.10-Radomy\u015bl-nad-Sanem-1.jpg\"><img loading=\"lazy\" decoding=\"async\" class=\"alignnone size-full wp-image-10923\" src=\"https:\/\/marekkuchcinski.pl\/wp-content\/uploads\/2018\/11\/17.10-Radomy\u015bl-nad-Sanem-1.jpg\" alt=\"17.10 Radomy\u015bl nad Sanem 1\" width=\"1325\" height=\"1863\" srcset=\"https:\/\/marekkuchcinski.pl\/wp-content\/uploads\/2018\/11\/17.10-Radomy\u015bl-nad-Sanem-1.jpg 1325w, https:\/\/marekkuchcinski.pl\/wp-content\/uploads\/2018\/11\/17.10-Radomy\u015bl-nad-Sanem-1-213x300.jpg 213w, https:\/\/marekkuchcinski.pl\/wp-content\/uploads\/2018\/11\/17.10-Radomy\u015bl-nad-Sanem-1-768x1080.jpg 768w, https:\/\/marekkuchcinski.pl\/wp-content\/uploads\/2018\/11\/17.10-Radomy\u015bl-nad-Sanem-1-728x1024.jpg 728w\" sizes=\"(max-width: 1325px) 100vw, 1325px\" \/><\/a><\/p>\n<p><strong>October 18 <\/strong><\/p>\n<p><strong>In Medyka the Speaker of the Sejm met with, among others, rural housewives' associations and TSO firefighters, took part in Wojciech Buczak's election convention<\/strong> - He also met with residents of Domaradz and Przeworsk.<\/p>\n<p><a href=\"https:\/\/marekkuchcinski.pl\/wp-content\/uploads\/2018\/11\/18.10-Przeworsk-5-1.jpg\"><img loading=\"lazy\" decoding=\"async\" class=\"alignnone size-full wp-image-11017\" src=\"https:\/\/marekkuchcinski.pl\/wp-content\/uploads\/2018\/11\/18.10-Przeworsk-5-1.jpg\" alt=\"18.10 Przeworsk 5\" width=\"1488\" height=\"2000\" srcset=\"https:\/\/marekkuchcinski.pl\/wp-content\/uploads\/2018\/11\/18.10-Przeworsk-5-1.jpg 1488w, https:\/\/marekkuchcinski.pl\/wp-content\/uploads\/2018\/11\/18.10-Przeworsk-5-1-223x300.jpg 223w, https:\/\/marekkuchcinski.pl\/wp-content\/uploads\/2018\/11\/18.10-Przeworsk-5-1-768x1032.jpg 768w, https:\/\/marekkuchcinski.pl\/wp-content\/uploads\/2018\/11\/18.10-Przeworsk-5-1-762x1024.jpg 762w\" sizes=\"(max-width: 1488px) 100vw, 1488px\" \/><\/a> <a href=\"https:\/\/marekkuchcinski.pl\/wp-content\/uploads\/2018\/11\/18.10-Przeworsk-4-1.jpg\"><img loading=\"lazy\" decoding=\"async\" class=\"alignnone size-full wp-image-11018\" src=\"https:\/\/marekkuchcinski.pl\/wp-content\/uploads\/2018\/11\/18.10-Przeworsk-4-1.jpg\" alt=\"18.10 Przeworsk 4\" width=\"2000\" height=\"1500\" srcset=\"https:\/\/marekkuchcinski.pl\/wp-content\/uploads\/2018\/11\/18.10-Przeworsk-4-1.jpg 2000w, https:\/\/marekkuchcinski.pl\/wp-content\/uploads\/2018\/11\/18.10-Przeworsk-4-1-300x225.jpg 300w, https:\/\/marekkuchcinski.pl\/wp-content\/uploads\/2018\/11\/18.10-Przeworsk-4-1-768x576.jpg 768w, https:\/\/marekkuchcinski.pl\/wp-content\/uploads\/2018\/11\/18.10-Przeworsk-4-1-1024x768.jpg 1024w\" sizes=\"(max-width: 2000px) 100vw, 2000px\" \/><\/a> <a href=\"https:\/\/marekkuchcinski.pl\/wp-content\/uploads\/2018\/11\/18.10-Przeworsk-3-1.jpg\"><img loading=\"lazy\" decoding=\"async\" class=\"alignnone size-full wp-image-11019\" src=\"https:\/\/marekkuchcinski.pl\/wp-content\/uploads\/2018\/11\/18.10-Przeworsk-3-1.jpg\" alt=\"18.10 Przeworsk 3\" width=\"2000\" height=\"1500\" srcset=\"https:\/\/marekkuchcinski.pl\/wp-content\/uploads\/2018\/11\/18.10-Przeworsk-3-1.jpg 2000w, https:\/\/marekkuchcinski.pl\/wp-content\/uploads\/2018\/11\/18.10-Przeworsk-3-1-300x225.jpg 300w, https:\/\/marekkuchcinski.pl\/wp-content\/uploads\/2018\/11\/18.10-Przeworsk-3-1-768x576.jpg 768w, https:\/\/marekkuchcinski.pl\/wp-content\/uploads\/2018\/11\/18.10-Przeworsk-3-1-1024x768.jpg 1024w\" sizes=\"(max-width: 2000px) 100vw, 2000px\" \/><\/a> <a href=\"https:\/\/marekkuchcinski.pl\/wp-content\/uploads\/2018\/11\/18.10-Przeworsk-2-1.jpg\"><img loading=\"lazy\" decoding=\"async\" class=\"alignnone size-full wp-image-11020\" src=\"https:\/\/marekkuchcinski.pl\/wp-content\/uploads\/2018\/11\/18.10-Przeworsk-2-1.jpg\" alt=\"18.10 Przeworsk 2\" width=\"2000\" height=\"1500\" srcset=\"https:\/\/marekkuchcinski.pl\/wp-content\/uploads\/2018\/11\/18.10-Przeworsk-2-1.jpg 2000w, https:\/\/marekkuchcinski.pl\/wp-content\/uploads\/2018\/11\/18.10-Przeworsk-2-1-300x225.jpg 300w, https:\/\/marekkuchcinski.pl\/wp-content\/uploads\/2018\/11\/18.10-Przeworsk-2-1-768x576.jpg 768w, https:\/\/marekkuchcinski.pl\/wp-content\/uploads\/2018\/11\/18.10-Przeworsk-2-1-1024x768.jpg 1024w\" sizes=\"(max-width: 2000px) 100vw, 2000px\" \/><\/a> <a href=\"https:\/\/marekkuchcinski.pl\/wp-content\/uploads\/2018\/11\/18.10-Domaradz-3-1.jpg\"><img loading=\"lazy\" decoding=\"async\" class=\"alignnone size-full wp-image-11021\" src=\"https:\/\/marekkuchcinski.pl\/wp-content\/uploads\/2018\/11\/18.10-Domaradz-3-1.jpg\" alt=\"18.10 Domaradz 3\" width=\"2000\" height=\"1500\" srcset=\"https:\/\/marekkuchcinski.pl\/wp-content\/uploads\/2018\/11\/18.10-Domaradz-3-1.jpg 2000w, https:\/\/marekkuchcinski.pl\/wp-content\/uploads\/2018\/11\/18.10-Domaradz-3-1-300x225.jpg 300w, https:\/\/marekkuchcinski.pl\/wp-content\/uploads\/2018\/11\/18.10-Domaradz-3-1-768x576.jpg 768w, https:\/\/marekkuchcinski.pl\/wp-content\/uploads\/2018\/11\/18.10-Domaradz-3-1-1024x768.jpg 1024w\" sizes=\"(max-width: 2000px) 100vw, 2000px\" \/><\/a> <a href=\"https:\/\/marekkuchcinski.pl\/wp-content\/uploads\/2018\/11\/18.10-Domaradz-1-1.jpg\"><img loading=\"lazy\" decoding=\"async\" class=\"alignnone size-full wp-image-11023\" src=\"https:\/\/marekkuchcinski.pl\/wp-content\/uploads\/2018\/11\/18.10-Domaradz-1-1.jpg\" alt=\"18.10 Domaradz 1\" width=\"2000\" height=\"1500\" srcset=\"https:\/\/marekkuchcinski.pl\/wp-content\/uploads\/2018\/11\/18.10-Domaradz-1-1.jpg 2000w, https:\/\/marekkuchcinski.pl\/wp-content\/uploads\/2018\/11\/18.10-Domaradz-1-1-300x225.jpg 300w, https:\/\/marekkuchcinski.pl\/wp-content\/uploads\/2018\/11\/18.10-Domaradz-1-1-768x576.jpg 768w, https:\/\/marekkuchcinski.pl\/wp-content\/uploads\/2018\/11\/18.10-Domaradz-1-1-1024x768.jpg 1024w\" sizes=\"(max-width: 2000px) 100vw, 2000px\" \/><\/a> <a href=\"https:\/\/marekkuchcinski.pl\/wp-content\/uploads\/2018\/11\/18.10-Rzesz\u00f3w-4-1.jpg\"><img loading=\"lazy\" decoding=\"async\" class=\"alignnone size-full wp-image-11024\" src=\"https:\/\/marekkuchcinski.pl\/wp-content\/uploads\/2018\/11\/18.10-Rzesz\u00f3w-4-1.jpg\" alt=\"18.10 Rzesz\u00f3w 4\" width=\"2000\" height=\"1500\" srcset=\"https:\/\/marekkuchcinski.pl\/wp-content\/uploads\/2018\/11\/18.10-Rzesz\u00f3w-4-1.jpg 2000w, https:\/\/marekkuchcinski.pl\/wp-content\/uploads\/2018\/11\/18.10-Rzesz\u00f3w-4-1-300x225.jpg 300w, https:\/\/marekkuchcinski.pl\/wp-content\/uploads\/2018\/11\/18.10-Rzesz\u00f3w-4-1-768x576.jpg 768w, https:\/\/marekkuchcinski.pl\/wp-content\/uploads\/2018\/11\/18.10-Rzesz\u00f3w-4-1-1024x768.jpg 1024w\" sizes=\"(max-width: 2000px) 100vw, 2000px\" \/><\/a> <a href=\"https:\/\/marekkuchcinski.pl\/wp-content\/uploads\/2018\/11\/18.10-Rzesz\u00f3w-3-1.jpg\"><img loading=\"lazy\" decoding=\"async\" class=\"alignnone size-full wp-image-11025\" src=\"https:\/\/marekkuchcinski.pl\/wp-content\/uploads\/2018\/11\/18.10-Rzesz\u00f3w-3-1.jpg\" alt=\"18.10 Rzesz\u00f3w 3\" width=\"2000\" height=\"1500\" srcset=\"https:\/\/marekkuchcinski.pl\/wp-content\/uploads\/2018\/11\/18.10-Rzesz\u00f3w-3-1.jpg 2000w, https:\/\/marekkuchcinski.pl\/wp-content\/uploads\/2018\/11\/18.10-Rzesz\u00f3w-3-1-300x225.jpg 300w, https:\/\/marekkuchcinski.pl\/wp-content\/uploads\/2018\/11\/18.10-Rzesz\u00f3w-3-1-768x576.jpg 768w, https:\/\/marekkuchcinski.pl\/wp-content\/uploads\/2018\/11\/18.10-Rzesz\u00f3w-3-1-1024x768.jpg 1024w\" sizes=\"(max-width: 2000px) 100vw, 2000px\" \/><\/a> <a href=\"https:\/\/marekkuchcinski.pl\/wp-content\/uploads\/2018\/11\/18.10-Rzesz\u00f3w-1-1.jpg\"><img loading=\"lazy\" decoding=\"async\" class=\"alignnone size-full wp-image-11027\" src=\"https:\/\/marekkuchcinski.pl\/wp-content\/uploads\/2018\/11\/18.10-Rzesz\u00f3w-1-1.jpg\" alt=\"18.10 Rzesz\u00f3w 1\" width=\"2000\" height=\"1500\" srcset=\"https:\/\/marekkuchcinski.pl\/wp-content\/uploads\/2018\/11\/18.10-Rzesz\u00f3w-1-1.jpg 2000w, https:\/\/marekkuchcinski.pl\/wp-content\/uploads\/2018\/11\/18.10-Rzesz\u00f3w-1-1-300x225.jpg 300w, https:\/\/marekkuchcinski.pl\/wp-content\/uploads\/2018\/11\/18.10-Rzesz\u00f3w-1-1-768x576.jpg 768w, https:\/\/marekkuchcinski.pl\/wp-content\/uploads\/2018\/11\/18.10-Rzesz\u00f3w-1-1-1024x768.jpg 1024w\" sizes=\"(max-width: 2000px) 100vw, 2000px\" \/><\/a> <a href=\"https:\/\/marekkuchcinski.pl\/wp-content\/uploads\/2018\/11\/18.10-Medyka-7-1.jpg\"><img loading=\"lazy\" decoding=\"async\" class=\"alignnone size-full wp-image-11028\" src=\"https:\/\/marekkuchcinski.pl\/wp-content\/uploads\/2018\/11\/18.10-Medyka-7-1.jpg\" alt=\"18.10 Medyka 7\" width=\"2000\" height=\"1500\" srcset=\"https:\/\/marekkuchcinski.pl\/wp-content\/uploads\/2018\/11\/18.10-Medyka-7-1.jpg 2000w, https:\/\/marekkuchcinski.pl\/wp-content\/uploads\/2018\/11\/18.10-Medyka-7-1-300x225.jpg 300w, https:\/\/marekkuchcinski.pl\/wp-content\/uploads\/2018\/11\/18.10-Medyka-7-1-768x576.jpg 768w, https:\/\/marekkuchcinski.pl\/wp-content\/uploads\/2018\/11\/18.10-Medyka-7-1-1024x768.jpg 1024w\" sizes=\"(max-width: 2000px) 100vw, 2000px\" \/><\/a> <a href=\"https:\/\/marekkuchcinski.pl\/wp-content\/uploads\/2018\/11\/18.10-Medyka-4-1.jpg\"><img loading=\"lazy\" decoding=\"async\" class=\"alignnone size-full wp-image-11030\" src=\"https:\/\/marekkuchcinski.pl\/wp-content\/uploads\/2018\/11\/18.10-Medyka-4-1.jpg\" alt=\"18.10 Medyka 4\" width=\"1905\" height=\"1850\" srcset=\"https:\/\/marekkuchcinski.pl\/wp-content\/uploads\/2018\/11\/18.10-Medyka-4-1.jpg 1905w, https:\/\/marekkuchcinski.pl\/wp-content\/uploads\/2018\/11\/18.10-Medyka-4-1-300x291.jpg 300w, https:\/\/marekkuchcinski.pl\/wp-content\/uploads\/2018\/11\/18.10-Medyka-4-1-768x746.jpg 768w, https:\/\/marekkuchcinski.pl\/wp-content\/uploads\/2018\/11\/18.10-Medyka-4-1-1024x994.jpg 1024w\" sizes=\"(max-width: 1905px) 100vw, 1905px\" \/><\/a> <a href=\"https:\/\/marekkuchcinski.pl\/wp-content\/uploads\/2018\/11\/18.10-Medyka-6-1.jpg\"><img loading=\"lazy\" decoding=\"async\" class=\"alignnone size-full wp-image-11031\" src=\"https:\/\/marekkuchcinski.pl\/wp-content\/uploads\/2018\/11\/18.10-Medyka-6-1.jpg\" alt=\"18.10 Medyka 6\" width=\"1918\" height=\"1225\" srcset=\"https:\/\/marekkuchcinski.pl\/wp-content\/uploads\/2018\/11\/18.10-Medyka-6-1.jpg 1918w, https:\/\/marekkuchcinski.pl\/wp-content\/uploads\/2018\/11\/18.10-Medyka-6-1-300x192.jpg 300w, https:\/\/marekkuchcinski.pl\/wp-content\/uploads\/2018\/11\/18.10-Medyka-6-1-768x491.jpg 768w, https:\/\/marekkuchcinski.pl\/wp-content\/uploads\/2018\/11\/18.10-Medyka-6-1-1024x654.jpg 1024w\" sizes=\"(max-width: 1918px) 100vw, 1918px\" \/><\/a> <a href=\"https:\/\/marekkuchcinski.pl\/wp-content\/uploads\/2018\/11\/18.10-Medyka-3-1.jpg\"><img loading=\"lazy\" decoding=\"async\" class=\"alignnone size-full wp-image-11032\" src=\"https:\/\/marekkuchcinski.pl\/wp-content\/uploads\/2018\/11\/18.10-Medyka-3-1.jpg\" alt=\"18.10 Medyka 3\" width=\"2000\" height=\"1500\" srcset=\"https:\/\/marekkuchcinski.pl\/wp-content\/uploads\/2018\/11\/18.10-Medyka-3-1.jpg 2000w, https:\/\/marekkuchcinski.pl\/wp-content\/uploads\/2018\/11\/18.10-Medyka-3-1-300x225.jpg 300w, https:\/\/marekkuchcinski.pl\/wp-content\/uploads\/2018\/11\/18.10-Medyka-3-1-768x576.jpg 768w, https:\/\/marekkuchcinski.pl\/wp-content\/uploads\/2018\/11\/18.10-Medyka-3-1-1024x768.jpg 1024w\" sizes=\"(max-width: 2000px) 100vw, 2000px\" \/><\/a> <a href=\"https:\/\/marekkuchcinski.pl\/wp-content\/uploads\/2018\/11\/18.10-Medyka-2-1.jpg\"><img loading=\"lazy\" decoding=\"async\" class=\"alignnone size-full wp-image-11033\" src=\"https:\/\/marekkuchcinski.pl\/wp-content\/uploads\/2018\/11\/18.10-Medyka-2-1.jpg\" alt=\"18.10 Medyka 2\" width=\"1948\" height=\"1500\" srcset=\"https:\/\/marekkuchcinski.pl\/wp-content\/uploads\/2018\/11\/18.10-Medyka-2-1.jpg 1948w, https:\/\/marekkuchcinski.pl\/wp-content\/uploads\/2018\/11\/18.10-Medyka-2-1-300x231.jpg 300w, https:\/\/marekkuchcinski.pl\/wp-content\/uploads\/2018\/11\/18.10-Medyka-2-1-768x591.jpg 768w, https:\/\/marekkuchcinski.pl\/wp-content\/uploads\/2018\/11\/18.10-Medyka-2-1-1024x789.jpg 1024w\" sizes=\"(max-width: 1948px) 100vw, 1948px\" \/><\/a><\/p>\n<p><strong>October 19 <\/strong><\/p>\n<p><strong>Together with Deputy Prime Minister Piotr Gli\u0144ski, the Marshal went to Kalwaria Pac\u0142awska. Afterwards, a meeting was held in Przemy\u015bl,<\/strong> During the meeting the Minister announced that the Council for Monuments Protection passed a resolution doubly appreciating Przemysl and established two next Monuments of History: The Stronghold of Przemysl and the Old Town urban complex of Przemysl. The next point was the symposium connected with the works on the opening of the historic Rotunda of St. Nicolas at the Archcathedral Basilica in Przemysl.<\/p>\n<p><a href=\"https:\/\/marekkuchcinski.pl\/wp-content\/uploads\/2018\/11\/19.10-Przemy\u015bl-11.jpg\"><img loading=\"lazy\" decoding=\"async\" class=\"alignnone size-full wp-image-11037\" src=\"https:\/\/marekkuchcinski.pl\/wp-content\/uploads\/2018\/11\/19.10-Przemy\u015bl-11.jpg\" alt=\"19.10 Przemy\u015bl 11\" width=\"2000\" height=\"1500\" srcset=\"https:\/\/marekkuchcinski.pl\/wp-content\/uploads\/2018\/11\/19.10-Przemy\u015bl-11.jpg 2000w, https:\/\/marekkuchcinski.pl\/wp-content\/uploads\/2018\/11\/19.10-Przemy\u015bl-11-300x225.jpg 300w, https:\/\/marekkuchcinski.pl\/wp-content\/uploads\/2018\/11\/19.10-Przemy\u015bl-11-768x576.jpg 768w, https:\/\/marekkuchcinski.pl\/wp-content\/uploads\/2018\/11\/19.10-Przemy\u015bl-11-1024x768.jpg 1024w\" sizes=\"(max-width: 2000px) 100vw, 2000px\" \/><\/a> <a href=\"https:\/\/marekkuchcinski.pl\/wp-content\/uploads\/2018\/11\/19.10-Przemy\u015bl-9.jpg\"><img loading=\"lazy\" decoding=\"async\" class=\"alignnone size-full wp-image-11038\" src=\"https:\/\/marekkuchcinski.pl\/wp-content\/uploads\/2018\/11\/19.10-Przemy\u015bl-9.jpg\" alt=\"19.10 Przemy\u015bl 9\" width=\"2000\" height=\"1500\" srcset=\"https:\/\/marekkuchcinski.pl\/wp-content\/uploads\/2018\/11\/19.10-Przemy\u015bl-9.jpg 2000w, https:\/\/marekkuchcinski.pl\/wp-content\/uploads\/2018\/11\/19.10-Przemy\u015bl-9-300x225.jpg 300w, https:\/\/marekkuchcinski.pl\/wp-content\/uploads\/2018\/11\/19.10-Przemy\u015bl-9-768x576.jpg 768w, https:\/\/marekkuchcinski.pl\/wp-content\/uploads\/2018\/11\/19.10-Przemy\u015bl-9-1024x768.jpg 1024w\" sizes=\"(max-width: 2000px) 100vw, 2000px\" \/><\/a> <a href=\"https:\/\/marekkuchcinski.pl\/wp-content\/uploads\/2018\/11\/19.10-Przemy\u015bl-8.jpg\"><img loading=\"lazy\" decoding=\"async\" class=\"alignnone size-full wp-image-11039\" src=\"https:\/\/marekkuchcinski.pl\/wp-content\/uploads\/2018\/11\/19.10-Przemy\u015bl-8.jpg\" alt=\"19.10 Przemy\u015bl 8\" width=\"2000\" height=\"1500\" srcset=\"https:\/\/marekkuchcinski.pl\/wp-content\/uploads\/2018\/11\/19.10-Przemy\u015bl-8.jpg 2000w, https:\/\/marekkuchcinski.pl\/wp-content\/uploads\/2018\/11\/19.10-Przemy\u015bl-8-300x225.jpg 300w, https:\/\/marekkuchcinski.pl\/wp-content\/uploads\/2018\/11\/19.10-Przemy\u015bl-8-768x576.jpg 768w, https:\/\/marekkuchcinski.pl\/wp-content\/uploads\/2018\/11\/19.10-Przemy\u015bl-8-1024x768.jpg 1024w\" sizes=\"(max-width: 2000px) 100vw, 2000px\" \/><\/a> <a href=\"https:\/\/marekkuchcinski.pl\/wp-content\/uploads\/2018\/11\/19.10-Przemy\u015bl-7.jpg\"><img loading=\"lazy\" decoding=\"async\" class=\"alignnone size-full wp-image-11040\" src=\"https:\/\/marekkuchcinski.pl\/wp-content\/uploads\/2018\/11\/19.10-Przemy\u015bl-7.jpg\" alt=\"19.10 Przemy\u015bl 7\" width=\"1747\" height=\"1131\" srcset=\"https:\/\/marekkuchcinski.pl\/wp-content\/uploads\/2018\/11\/19.10-Przemy\u015bl-7.jpg 1747w, https:\/\/marekkuchcinski.pl\/wp-content\/uploads\/2018\/11\/19.10-Przemy\u015bl-7-300x194.jpg 300w, https:\/\/marekkuchcinski.pl\/wp-content\/uploads\/2018\/11\/19.10-Przemy\u015bl-7-768x497.jpg 768w, https:\/\/marekkuchcinski.pl\/wp-content\/uploads\/2018\/11\/19.10-Przemy\u015bl-7-1024x663.jpg 1024w\" sizes=\"(max-width: 1747px) 100vw, 1747px\" \/><\/a> <a href=\"https:\/\/marekkuchcinski.pl\/wp-content\/uploads\/2018\/11\/19.10-Przemy\u015bl-6.jpg\"><img loading=\"lazy\" decoding=\"async\" class=\"alignnone size-full wp-image-11041\" src=\"https:\/\/marekkuchcinski.pl\/wp-content\/uploads\/2018\/11\/19.10-Przemy\u015bl-6.jpg\" alt=\"19.10 Przemy\u015bl 6\" width=\"1474\" height=\"1864\" srcset=\"https:\/\/marekkuchcinski.pl\/wp-content\/uploads\/2018\/11\/19.10-Przemy\u015bl-6.jpg 1474w, https:\/\/marekkuchcinski.pl\/wp-content\/uploads\/2018\/11\/19.10-Przemy\u015bl-6-237x300.jpg 237w, https:\/\/marekkuchcinski.pl\/wp-content\/uploads\/2018\/11\/19.10-Przemy\u015bl-6-768x971.jpg 768w, https:\/\/marekkuchcinski.pl\/wp-content\/uploads\/2018\/11\/19.10-Przemy\u015bl-6-810x1024.jpg 810w\" sizes=\"(max-width: 1474px) 100vw, 1474px\" \/><\/a> <a href=\"https:\/\/marekkuchcinski.pl\/wp-content\/uploads\/2018\/11\/19.10-Przemy\u015bl-5.jpg\"><img loading=\"lazy\" decoding=\"async\" class=\"alignnone size-full wp-image-11042\" src=\"https:\/\/marekkuchcinski.pl\/wp-content\/uploads\/2018\/11\/19.10-Przemy\u015bl-5.jpg\" alt=\"19.10 Przemy\u015bl 5\" width=\"1745\" height=\"1875\" srcset=\"https:\/\/marekkuchcinski.pl\/wp-content\/uploads\/2018\/11\/19.10-Przemy\u015bl-5.jpg 1745w, https:\/\/marekkuchcinski.pl\/wp-content\/uploads\/2018\/11\/19.10-Przemy\u015bl-5-279x300.jpg 279w, https:\/\/marekkuchcinski.pl\/wp-content\/uploads\/2018\/11\/19.10-Przemy\u015bl-5-768x825.jpg 768w, https:\/\/marekkuchcinski.pl\/wp-content\/uploads\/2018\/11\/19.10-Przemy\u015bl-5-953x1024.jpg 953w\" sizes=\"(max-width: 1745px) 100vw, 1745px\" \/><\/a> <a href=\"https:\/\/marekkuchcinski.pl\/wp-content\/uploads\/2018\/11\/19.10-Przemy\u015bl-4.jpg\"><img loading=\"lazy\" decoding=\"async\" class=\"alignnone size-full wp-image-11043\" src=\"https:\/\/marekkuchcinski.pl\/wp-content\/uploads\/2018\/11\/19.10-Przemy\u015bl-4.jpg\" alt=\"19.10 Przemy\u015bl 4\" width=\"563\" height=\"750\" srcset=\"https:\/\/marekkuchcinski.pl\/wp-content\/uploads\/2018\/11\/19.10-Przemy\u015bl-4.jpg 563w, https:\/\/marekkuchcinski.pl\/wp-content\/uploads\/2018\/11\/19.10-Przemy\u015bl-4-225x300.jpg 225w\" sizes=\"(max-width: 563px) 100vw, 563px\" \/><\/a> <a href=\"https:\/\/marekkuchcinski.pl\/wp-content\/uploads\/2018\/11\/19.10-Przemy\u015bl-3.jpg\"><img loading=\"lazy\" decoding=\"async\" class=\"alignnone size-full wp-image-11044\" src=\"https:\/\/marekkuchcinski.pl\/wp-content\/uploads\/2018\/11\/19.10-Przemy\u015bl-3.jpg\" alt=\"19.10 Przemy\u015bl 3\" width=\"2000\" height=\"1500\" srcset=\"https:\/\/marekkuchcinski.pl\/wp-content\/uploads\/2018\/11\/19.10-Przemy\u015bl-3.jpg 2000w, https:\/\/marekkuchcinski.pl\/wp-content\/uploads\/2018\/11\/19.10-Przemy\u015bl-3-300x225.jpg 300w, https:\/\/marekkuchcinski.pl\/wp-content\/uploads\/2018\/11\/19.10-Przemy\u015bl-3-768x576.jpg 768w, https:\/\/marekkuchcinski.pl\/wp-content\/uploads\/2018\/11\/19.10-Przemy\u015bl-3-1024x768.jpg 1024w\" sizes=\"(max-width: 2000px) 100vw, 2000px\" \/><\/a> <a href=\"https:\/\/marekkuchcinski.pl\/wp-content\/uploads\/2018\/11\/19.10-Przemy\u015bl-2.jpg\"><img loading=\"lazy\" decoding=\"async\" class=\"alignnone size-full wp-image-11045\" src=\"https:\/\/marekkuchcinski.pl\/wp-content\/uploads\/2018\/11\/19.10-Przemy\u015bl-2.jpg\" alt=\"19.10 Przemy\u015bl 2\" width=\"2000\" height=\"1500\" srcset=\"https:\/\/marekkuchcinski.pl\/wp-content\/uploads\/2018\/11\/19.10-Przemy\u015bl-2.jpg 2000w, https:\/\/marekkuchcinski.pl\/wp-content\/uploads\/2018\/11\/19.10-Przemy\u015bl-2-300x225.jpg 300w, https:\/\/marekkuchcinski.pl\/wp-content\/uploads\/2018\/11\/19.10-Przemy\u015bl-2-768x576.jpg 768w, https:\/\/marekkuchcinski.pl\/wp-content\/uploads\/2018\/11\/19.10-Przemy\u015bl-2-1024x768.jpg 1024w\" sizes=\"(max-width: 2000px) 100vw, 2000px\" \/><\/a> <a href=\"https:\/\/marekkuchcinski.pl\/wp-content\/uploads\/2018\/11\/19.10-Przemy\u015bl-1.jpg\"><img loading=\"lazy\" decoding=\"async\" class=\"alignnone size-full wp-image-11046\" src=\"https:\/\/marekkuchcinski.pl\/wp-content\/uploads\/2018\/11\/19.10-Przemy\u015bl-1.jpg\" alt=\"19.10 Przemy\u015bl 1\" width=\"2000\" height=\"1500\" srcset=\"https:\/\/marekkuchcinski.pl\/wp-content\/uploads\/2018\/11\/19.10-Przemy\u015bl-1.jpg 2000w, https:\/\/marekkuchcinski.pl\/wp-content\/uploads\/2018\/11\/19.10-Przemy\u015bl-1-300x225.jpg 300w, https:\/\/marekkuchcinski.pl\/wp-content\/uploads\/2018\/11\/19.10-Przemy\u015bl-1-768x576.jpg 768w, https:\/\/marekkuchcinski.pl\/wp-content\/uploads\/2018\/11\/19.10-Przemy\u015bl-1-1024x768.jpg 1024w\" sizes=\"(max-width: 2000px) 100vw, 2000px\" \/><\/a> <a href=\"https:\/\/marekkuchcinski.pl\/wp-content\/uploads\/2018\/11\/19.10-Kalwaria-Pac\u0142awska-11.jpg\"><img loading=\"lazy\" decoding=\"async\" class=\"alignnone size-full wp-image-11049\" src=\"https:\/\/marekkuchcinski.pl\/wp-content\/uploads\/2018\/11\/19.10-Kalwaria-Pac\u0142awska-11.jpg\" alt=\"19.10 Kalwaria Pac\u0142awska 11\" width=\"1500\" height=\"2000\" srcset=\"https:\/\/marekkuchcinski.pl\/wp-content\/uploads\/2018\/11\/19.10-Kalwaria-Pac\u0142awska-11.jpg 1500w, https:\/\/marekkuchcinski.pl\/wp-content\/uploads\/2018\/11\/19.10-Kalwaria-Pac\u0142awska-11-225x300.jpg 225w, https:\/\/marekkuchcinski.pl\/wp-content\/uploads\/2018\/11\/19.10-Kalwaria-Pac\u0142awska-11-768x1024.jpg 768w\" sizes=\"(max-width: 1500px) 100vw, 1500px\" \/><\/a> <a href=\"https:\/\/marekkuchcinski.pl\/wp-content\/uploads\/2018\/11\/19.10-Kalwaria-Pac\u0142awska-8.jpg\"><img loading=\"lazy\" decoding=\"async\" class=\"alignnone size-full wp-image-11052\" src=\"https:\/\/marekkuchcinski.pl\/wp-content\/uploads\/2018\/11\/19.10-Kalwaria-Pac\u0142awska-8.jpg\" alt=\"19.10 Kalwaria Pac\u0142awska 8\" width=\"2000\" height=\"1500\" srcset=\"https:\/\/marekkuchcinski.pl\/wp-content\/uploads\/2018\/11\/19.10-Kalwaria-Pac\u0142awska-8.jpg 2000w, https:\/\/marekkuchcinski.pl\/wp-content\/uploads\/2018\/11\/19.10-Kalwaria-Pac\u0142awska-8-300x225.jpg 300w, https:\/\/marekkuchcinski.pl\/wp-content\/uploads\/2018\/11\/19.10-Kalwaria-Pac\u0142awska-8-768x576.jpg 768w, https:\/\/marekkuchcinski.pl\/wp-content\/uploads\/2018\/11\/19.10-Kalwaria-Pac\u0142awska-8-1024x768.jpg 1024w\" sizes=\"(max-width: 2000px) 100vw, 2000px\" \/><\/a> <a href=\"https:\/\/marekkuchcinski.pl\/wp-content\/uploads\/2018\/11\/19.10-Kalwaria-Pac\u0142awska-7.jpg\"><img loading=\"lazy\" decoding=\"async\" class=\"alignnone size-full wp-image-11053\" src=\"https:\/\/marekkuchcinski.pl\/wp-content\/uploads\/2018\/11\/19.10-Kalwaria-Pac\u0142awska-7.jpg\" alt=\"19.10 Kalwaria Pac\u0142awska 7\" width=\"2000\" height=\"1500\" srcset=\"https:\/\/marekkuchcinski.pl\/wp-content\/uploads\/2018\/11\/19.10-Kalwaria-Pac\u0142awska-7.jpg 2000w, https:\/\/marekkuchcinski.pl\/wp-content\/uploads\/2018\/11\/19.10-Kalwaria-Pac\u0142awska-7-300x225.jpg 300w, https:\/\/marekkuchcinski.pl\/wp-content\/uploads\/2018\/11\/19.10-Kalwaria-Pac\u0142awska-7-768x576.jpg 768w, https:\/\/marekkuchcinski.pl\/wp-content\/uploads\/2018\/11\/19.10-Kalwaria-Pac\u0142awska-7-1024x768.jpg 1024w\" sizes=\"(max-width: 2000px) 100vw, 2000px\" \/><\/a> <a href=\"https:\/\/marekkuchcinski.pl\/wp-content\/uploads\/2018\/11\/19.10-Kalwaria-Pac\u0142awska-5.jpg\"><img loading=\"lazy\" decoding=\"async\" class=\"alignnone size-full wp-image-11055\" src=\"https:\/\/marekkuchcinski.pl\/wp-content\/uploads\/2018\/11\/19.10-Kalwaria-Pac\u0142awska-5.jpg\" alt=\"19.10 Kalwaria Pac\u0142awska 5\" width=\"1782\" height=\"1490\" srcset=\"https:\/\/marekkuchcinski.pl\/wp-content\/uploads\/2018\/11\/19.10-Kalwaria-Pac\u0142awska-5.jpg 1782w, https:\/\/marekkuchcinski.pl\/wp-content\/uploads\/2018\/11\/19.10-Kalwaria-Pac\u0142awska-5-300x251.jpg 300w, https:\/\/marekkuchcinski.pl\/wp-content\/uploads\/2018\/11\/19.10-Kalwaria-Pac\u0142awska-5-768x642.jpg 768w, https:\/\/marekkuchcinski.pl\/wp-content\/uploads\/2018\/11\/19.10-Kalwaria-Pac\u0142awska-5-1024x856.jpg 1024w\" sizes=\"(max-width: 1782px) 100vw, 1782px\" \/><\/a> <a href=\"https:\/\/marekkuchcinski.pl\/wp-content\/uploads\/2018\/11\/19.10-Kalwaria-Pac\u0142awska-2.jpg\"><img loading=\"lazy\" decoding=\"async\" class=\"alignnone size-full wp-image-11058\" src=\"https:\/\/marekkuchcinski.pl\/wp-content\/uploads\/2018\/11\/19.10-Kalwaria-Pac\u0142awska-2.jpg\" alt=\"19.10 Kalwaria Pac\u0142awska 2\" width=\"1500\" height=\"2000\" srcset=\"https:\/\/marekkuchcinski.pl\/wp-content\/uploads\/2018\/11\/19.10-Kalwaria-Pac\u0142awska-2.jpg 1500w, https:\/\/marekkuchcinski.pl\/wp-content\/uploads\/2018\/11\/19.10-Kalwaria-Pac\u0142awska-2-225x300.jpg 225w, https:\/\/marekkuchcinski.pl\/wp-content\/uploads\/2018\/11\/19.10-Kalwaria-Pac\u0142awska-2-768x1024.jpg 768w\" sizes=\"(max-width: 1500px) 100vw, 1500px\" \/><\/a> <a href=\"https:\/\/marekkuchcinski.pl\/wp-content\/uploads\/2018\/11\/19.10-Kalwaria-Pac\u0142awska-1.jpg\"><img loading=\"lazy\" decoding=\"async\" class=\"alignnone size-full wp-image-11059\" src=\"https:\/\/marekkuchcinski.pl\/wp-content\/uploads\/2018\/11\/19.10-Kalwaria-Pac\u0142awska-1.jpg\" alt=\"19.10 Kalwaria Pac\u0142awska 1\" width=\"1500\" height=\"2000\" srcset=\"https:\/\/marekkuchcinski.pl\/wp-content\/uploads\/2018\/11\/19.10-Kalwaria-Pac\u0142awska-1.jpg 1500w, https:\/\/marekkuchcinski.pl\/wp-content\/uploads\/2018\/11\/19.10-Kalwaria-Pac\u0142awska-1-225x300.jpg 225w, https:\/\/marekkuchcinski.pl\/wp-content\/uploads\/2018\/11\/19.10-Kalwaria-Pac\u0142awska-1-768x1024.jpg 768w\" sizes=\"(max-width: 1500px) 100vw, 1500px\" \/><\/a><\/p>\n<p><strong>October 20 <\/strong><\/p>\n<p><strong>The Marshal participated in the International Conference \"Individual steadfastness - community permanence\".<\/strong> organized at the National Museum of the Przemysl Region by Prof. Zdzis\u0142aw Krasnod\u0119bski.<\/p>\n<blockquote class=\"wp-embedded-content\" data-secret=\"Xxz9PzyOVF\"><p><a href=\"https:\/\/marekkuchcinski.pl\/uk\/wydarzenia\/miedzynarodowa-konferencja-niezlomnosc-jednostki-trwalosc-wspolnoty\/\">International Conference \"Individual steadfastness - community permanence\"<\/a><\/p><\/blockquote>\n<p><iframe class=\"wp-embedded-content\" sandbox=\"allow-scripts\" security=\"restricted\" style=\"position: absolute; clip: rect(1px, 1px, 1px, 1px);\" title=\"&quot;International conference &quot;Individual steadfastness - community permanence&quot;&quot; - Marek Kuchcinski\" src=\"https:\/\/marekkuchcinski.pl\/uk\/wydarzenia\/miedzynarodowa-konferencja-niezlomnosc-jednostki-trwalosc-wspolnoty\/embed\/#?secret=Xxz9PzyOVF\" data-secret=\"Xxz9PzyOVF\" width=\"600\" height=\"338\" frameborder=\"0\" marginwidth=\"0\" marginheight=\"0\" scrolling=\"no\"><\/iframe><\/p>\n<p><strong> October 21 <\/strong><\/p>\n<p><strong>The Speaker cast his vote in the local elections in Przemy\u015bl.<\/strong><\/p>\n<p><a href=\"https:\/\/marekkuchcinski.pl\/wp-content\/uploads\/2018\/11\/21.10-Przemy\u015bl-5.jpg\"><img loading=\"lazy\" decoding=\"async\" class=\"alignnone size-full wp-image-11062\" src=\"https:\/\/marekkuchcinski.pl\/wp-content\/uploads\/2018\/11\/21.10-Przemy\u015bl-5.jpg\" alt=\"21.10 Przemy\u015bl 5\" width=\"805\" height=\"537\" srcset=\"https:\/\/marekkuchcinski.pl\/wp-content\/uploads\/2018\/11\/21.10-Przemy\u015bl-5.jpg 805w, https:\/\/marekkuchcinski.pl\/wp-content\/uploads\/2018\/11\/21.10-Przemy\u015bl-5-300x200.jpg 300w, https:\/\/marekkuchcinski.pl\/wp-content\/uploads\/2018\/11\/21.10-Przemy\u015bl-5-768x512.jpg 768w\" sizes=\"(max-width: 805px) 100vw, 805px\" \/><\/a> <a href=\"https:\/\/marekkuchcinski.pl\/wp-content\/uploads\/2018\/11\/21.10-Przemy\u015bl-4.jpg\"><img loading=\"lazy\" decoding=\"async\" class=\"alignnone size-full wp-image-11063\" src=\"https:\/\/marekkuchcinski.pl\/wp-content\/uploads\/2018\/11\/21.10-Przemy\u015bl-4.jpg\" alt=\"21.10 Przemy\u015bl 4\" width=\"357\" height=\"537\" srcset=\"https:\/\/marekkuchcinski.pl\/wp-content\/uploads\/2018\/11\/21.10-Przemy\u015bl-4.jpg 357w, https:\/\/marekkuchcinski.pl\/wp-content\/uploads\/2018\/11\/21.10-Przemy\u015bl-4-199x300.jpg 199w\" sizes=\"(max-width: 357px) 100vw, 357px\" \/><\/a><\/p>\n<p><strong>October 25 <\/strong><\/p>\n<p><strong>A farewell benefit for the president Robert Choma was held at the castle in Przemy\u015bl.<\/strong><\/p>\n<p><strong>October 26<\/strong><\/p>\n<p><strong>The Monument of National Remembrance was unveiled in the Parish of Christ the King in Jaroslaw. The monument was consecrated by ABP Adam Szal, Metropolitan of Przemysl.<\/strong><\/p>\n<p>- In the year of the hundredth anniversary of Poland's regaining independence, a monument was unveiled in the Podkarpacie region as a history lesson, reminding that the history of Poland is connected to the history of Christianity,\" said Marek Kuchci\u0144ski.<\/p>\n<p><a href=\"https:\/\/marekkuchcinski.pl\/wp-content\/uploads\/2018\/11\/pomnik-w-parafii-Chrystusa-Kr\u00f3la-w-Jaros\u0142awiu-8.jpg\"><img loading=\"lazy\" decoding=\"async\" class=\"alignnone size-full wp-image-10960\" src=\"https:\/\/marekkuchcinski.pl\/wp-content\/uploads\/2018\/11\/pomnik-w-parafii-Chrystusa-Kr\u00f3la-w-Jaros\u0142awiu-8.jpg\" alt=\"pomnik w parafii Chrystusa Kr\u00f3la w Jaros\u0142awiu 8\" width=\"720\" height=\"960\" srcset=\"https:\/\/marekkuchcinski.pl\/wp-content\/uploads\/2018\/11\/pomnik-w-parafii-Chrystusa-Kr\u00f3la-w-Jaros\u0142awiu-8.jpg 720w, https:\/\/marekkuchcinski.pl\/wp-content\/uploads\/2018\/11\/pomnik-w-parafii-Chrystusa-Kr\u00f3la-w-Jaros\u0142awiu-8-225x300.jpg 225w\" sizes=\"(max-width: 720px) 100vw, 720px\" \/><\/a> <a href=\"https:\/\/marekkuchcinski.pl\/wp-content\/uploads\/2018\/11\/pomnik-w-parafii-Chrystusa-Kr\u00f3la-w-Jaros\u0142awiu-7.jpg\"><img loading=\"lazy\" decoding=\"async\" class=\"alignnone size-full wp-image-10961\" src=\"https:\/\/marekkuchcinski.pl\/wp-content\/uploads\/2018\/11\/pomnik-w-parafii-Chrystusa-Kr\u00f3la-w-Jaros\u0142awiu-7.jpg\" alt=\"pomnik w parafii Chrystusa Kr\u00f3la w Jaros\u0142awiu 7\" width=\"720\" height=\"960\" srcset=\"https:\/\/marekkuchcinski.pl\/wp-content\/uploads\/2018\/11\/pomnik-w-parafii-Chrystusa-Kr\u00f3la-w-Jaros\u0142awiu-7.jpg 720w, https:\/\/marekkuchcinski.pl\/wp-content\/uploads\/2018\/11\/pomnik-w-parafii-Chrystusa-Kr\u00f3la-w-Jaros\u0142awiu-7-225x300.jpg 225w\" sizes=\"(max-width: 720px) 100vw, 720px\" \/><\/a> <a href=\"https:\/\/marekkuchcinski.pl\/wp-content\/uploads\/2018\/11\/pomnik-w-parafii-Chrystusa-Kr\u00f3la-w-Jaros\u0142awiu-6.jpg\"><img loading=\"lazy\" decoding=\"async\" class=\"alignnone size-full wp-image-10962\" src=\"https:\/\/marekkuchcinski.pl\/wp-content\/uploads\/2018\/11\/pomnik-w-parafii-Chrystusa-Kr\u00f3la-w-Jaros\u0142awiu-6.jpg\" alt=\"pomnik w parafii Chrystusa Kr\u00f3la w Jaros\u0142awiu 6\" width=\"720\" height=\"960\" srcset=\"https:\/\/marekkuchcinski.pl\/wp-content\/uploads\/2018\/11\/pomnik-w-parafii-Chrystusa-Kr\u00f3la-w-Jaros\u0142awiu-6.jpg 720w, https:\/\/marekkuchcinski.pl\/wp-content\/uploads\/2018\/11\/pomnik-w-parafii-Chrystusa-Kr\u00f3la-w-Jaros\u0142awiu-6-225x300.jpg 225w\" sizes=\"(max-width: 720px) 100vw, 720px\" \/><\/a> <a href=\"https:\/\/marekkuchcinski.pl\/wp-content\/uploads\/2018\/11\/pomnik-w-parafii-Chrystusa-Kr\u00f3la-w-Jaros\u0142awiu-5.jpg\"><img loading=\"lazy\" decoding=\"async\" class=\"alignnone size-full wp-image-10963\" src=\"https:\/\/marekkuchcinski.pl\/wp-content\/uploads\/2018\/11\/pomnik-w-parafii-Chrystusa-Kr\u00f3la-w-Jaros\u0142awiu-5.jpg\" alt=\"pomnik w parafii Chrystusa Kr\u00f3la w Jaros\u0142awiu 5\" width=\"720\" height=\"960\" srcset=\"https:\/\/marekkuchcinski.pl\/wp-content\/uploads\/2018\/11\/pomnik-w-parafii-Chrystusa-Kr\u00f3la-w-Jaros\u0142awiu-5.jpg 720w, https:\/\/marekkuchcinski.pl\/wp-content\/uploads\/2018\/11\/pomnik-w-parafii-Chrystusa-Kr\u00f3la-w-Jaros\u0142awiu-5-225x300.jpg 225w\" sizes=\"(max-width: 720px) 100vw, 720px\" \/><\/a> <a href=\"https:\/\/marekkuchcinski.pl\/wp-content\/uploads\/2018\/11\/pomnik-w-parafii-Chrystusa-Kr\u00f3la-w-Jaros\u0142awiu-4.jpg\"><img loading=\"lazy\" decoding=\"async\" class=\"alignnone size-full wp-image-10964\" src=\"https:\/\/marekkuchcinski.pl\/wp-content\/uploads\/2018\/11\/pomnik-w-parafii-Chrystusa-Kr\u00f3la-w-Jaros\u0142awiu-4.jpg\" alt=\"pomnik w parafii Chrystusa Kr\u00f3la w Jaros\u0142awiu 4\" width=\"960\" height=\"720\" srcset=\"https:\/\/marekkuchcinski.pl\/wp-content\/uploads\/2018\/11\/pomnik-w-parafii-Chrystusa-Kr\u00f3la-w-Jaros\u0142awiu-4.jpg 960w, https:\/\/marekkuchcinski.pl\/wp-content\/uploads\/2018\/11\/pomnik-w-parafii-Chrystusa-Kr\u00f3la-w-Jaros\u0142awiu-4-300x225.jpg 300w, https:\/\/marekkuchcinski.pl\/wp-content\/uploads\/2018\/11\/pomnik-w-parafii-Chrystusa-Kr\u00f3la-w-Jaros\u0142awiu-4-768x576.jpg 768w\" sizes=\"(max-width: 960px) 100vw, 960px\" \/><\/a> <a href=\"https:\/\/marekkuchcinski.pl\/wp-content\/uploads\/2018\/11\/pomnik-w-parafii-Chrystusa-Kr\u00f3la-w-Jaros\u0142awiu-1.jpg\"><img loading=\"lazy\" decoding=\"async\" class=\"alignnone size-full wp-image-10967\" src=\"https:\/\/marekkuchcinski.pl\/wp-content\/uploads\/2018\/11\/pomnik-w-parafii-Chrystusa-Kr\u00f3la-w-Jaros\u0142awiu-1.jpg\" alt=\"pomnik w parafii Chrystusa Kr\u00f3la w Jaros\u0142awiu 1\" width=\"720\" height=\"960\" srcset=\"https:\/\/marekkuchcinski.pl\/wp-content\/uploads\/2018\/11\/pomnik-w-parafii-Chrystusa-Kr\u00f3la-w-Jaros\u0142awiu-1.jpg 720w, https:\/\/marekkuchcinski.pl\/wp-content\/uploads\/2018\/11\/pomnik-w-parafii-Chrystusa-Kr\u00f3la-w-Jaros\u0142awiu-1-225x300.jpg 225w\" sizes=\"(max-width: 720px) 100vw, 720px\" \/><\/a><\/p>\n<p><strong>Meeting with the residents of \u0141a\u0144cut.<\/strong><\/p>\n<p><strong>In the Castle Museum in \u0141a\u0144cut Marek Kuchci\u0144ski ceremonially opened an exhibition on the occasion of the 100th anniversary of regaining independence by Poland.<\/strong><\/p>\n<p>- With this exhibition we personalize our history, putting emphasis not on facts, dates, but showing profiles of people. From the perspective of our public activity, it is the person who is most important. We are aware how important it is to take care of the heritage of our ancestors. Even the tiniest exhibits, souvenirs from donors, often the only ones left and all the more precious,\" said the Marshal.<\/p>\n<p><a href=\"https:\/\/marekkuchcinski.pl\/wp-content\/uploads\/2018\/11\/\u0141a\u0144cut-7.jpg\"><img loading=\"lazy\" decoding=\"async\" class=\"alignnone size-full wp-image-10927\" src=\"https:\/\/marekkuchcinski.pl\/wp-content\/uploads\/2018\/11\/\u0141a\u0144cut-7.jpg\" alt=\"\u0141a\u0144cut 7\" width=\"960\" height=\"720\" srcset=\"https:\/\/marekkuchcinski.pl\/wp-content\/uploads\/2018\/11\/\u0141a\u0144cut-7.jpg 960w, https:\/\/marekkuchcinski.pl\/wp-content\/uploads\/2018\/11\/\u0141a\u0144cut-7-300x225.jpg 300w, https:\/\/marekkuchcinski.pl\/wp-content\/uploads\/2018\/11\/\u0141a\u0144cut-7-768x576.jpg 768w\" sizes=\"(max-width: 960px) 100vw, 960px\" \/><\/a> <a href=\"https:\/\/marekkuchcinski.pl\/wp-content\/uploads\/2018\/11\/\u0141a\u0144cut-6.jpg\"><img loading=\"lazy\" decoding=\"async\" class=\"alignnone size-full wp-image-10928\" src=\"https:\/\/marekkuchcinski.pl\/wp-content\/uploads\/2018\/11\/\u0141a\u0144cut-6.jpg\" alt=\"\u0141a\u0144cut 6\" width=\"960\" height=\"720\" srcset=\"https:\/\/marekkuchcinski.pl\/wp-content\/uploads\/2018\/11\/\u0141a\u0144cut-6.jpg 960w, https:\/\/marekkuchcinski.pl\/wp-content\/uploads\/2018\/11\/\u0141a\u0144cut-6-300x225.jpg 300w, https:\/\/marekkuchcinski.pl\/wp-content\/uploads\/2018\/11\/\u0141a\u0144cut-6-768x576.jpg 768w\" sizes=\"(max-width: 960px) 100vw, 960px\" \/><\/a> <a href=\"https:\/\/marekkuchcinski.pl\/wp-content\/uploads\/2018\/11\/\u0141a\u0144cut-5.jpg\"><img loading=\"lazy\" decoding=\"async\" class=\"alignnone size-full wp-image-10929\" src=\"https:\/\/marekkuchcinski.pl\/wp-content\/uploads\/2018\/11\/\u0141a\u0144cut-5.jpg\" alt=\"\u0141a\u0144cut 5\" width=\"720\" height=\"960\" srcset=\"https:\/\/marekkuchcinski.pl\/wp-content\/uploads\/2018\/11\/\u0141a\u0144cut-5.jpg 720w, https:\/\/marekkuchcinski.pl\/wp-content\/uploads\/2018\/11\/\u0141a\u0144cut-5-225x300.jpg 225w\" sizes=\"(max-width: 720px) 100vw, 720px\" \/><\/a> <a href=\"https:\/\/marekkuchcinski.pl\/wp-content\/uploads\/2018\/11\/\u0141a\u0144cut-4.jpg\"><img loading=\"lazy\" decoding=\"async\" class=\"alignnone size-full wp-image-10930\" src=\"https:\/\/marekkuchcinski.pl\/wp-content\/uploads\/2018\/11\/\u0141a\u0144cut-4.jpg\" alt=\"\u0141a\u0144cut 4\" width=\"960\" height=\"720\" srcset=\"https:\/\/marekkuchcinski.pl\/wp-content\/uploads\/2018\/11\/\u0141a\u0144cut-4.jpg 960w, https:\/\/marekkuchcinski.pl\/wp-content\/uploads\/2018\/11\/\u0141a\u0144cut-4-300x225.jpg 300w, https:\/\/marekkuchcinski.pl\/wp-content\/uploads\/2018\/11\/\u0141a\u0144cut-4-768x576.jpg 768w\" sizes=\"(max-width: 960px) 100vw, 960px\" \/><\/a> <a href=\"https:\/\/marekkuchcinski.pl\/wp-content\/uploads\/2018\/11\/\u0141a\u0144cut-3.jpg\"><img loading=\"lazy\" decoding=\"async\" class=\"alignnone size-full wp-image-10931\" src=\"https:\/\/marekkuchcinski.pl\/wp-content\/uploads\/2018\/11\/\u0141a\u0144cut-3.jpg\" alt=\"\u0141a\u0144cut 3\" width=\"960\" height=\"720\" srcset=\"https:\/\/marekkuchcinski.pl\/wp-content\/uploads\/2018\/11\/\u0141a\u0144cut-3.jpg 960w, https:\/\/marekkuchcinski.pl\/wp-content\/uploads\/2018\/11\/\u0141a\u0144cut-3-300x225.jpg 300w, https:\/\/marekkuchcinski.pl\/wp-content\/uploads\/2018\/11\/\u0141a\u0144cut-3-768x576.jpg 768w\" sizes=\"(max-width: 960px) 100vw, 960px\" \/><\/a> <a href=\"https:\/\/marekkuchcinski.pl\/wp-content\/uploads\/2018\/11\/\u0141a\u0144cut-2.jpg\"><img loading=\"lazy\" decoding=\"async\" class=\"alignnone size-full wp-image-10932\" src=\"https:\/\/marekkuchcinski.pl\/wp-content\/uploads\/2018\/11\/\u0141a\u0144cut-2.jpg\" alt=\"\u0141a\u0144cut 2\" width=\"960\" height=\"720\" srcset=\"https:\/\/marekkuchcinski.pl\/wp-content\/uploads\/2018\/11\/\u0141a\u0144cut-2.jpg 960w, https:\/\/marekkuchcinski.pl\/wp-content\/uploads\/2018\/11\/\u0141a\u0144cut-2-300x225.jpg 300w, https:\/\/marekkuchcinski.pl\/wp-content\/uploads\/2018\/11\/\u0141a\u0144cut-2-768x576.jpg 768w\" sizes=\"(max-width: 960px) 100vw, 960px\" \/><\/a> <a href=\"https:\/\/marekkuchcinski.pl\/wp-content\/uploads\/2018\/11\/\u0141a\u0144cut-1.jpg\"><img loading=\"lazy\" decoding=\"async\" class=\"alignnone size-full wp-image-10933\" src=\"https:\/\/marekkuchcinski.pl\/wp-content\/uploads\/2018\/11\/\u0141a\u0144cut-1.jpg\" alt=\"\u0141a\u0144cut 1\" width=\"720\" height=\"960\" srcset=\"https:\/\/marekkuchcinski.pl\/wp-content\/uploads\/2018\/11\/\u0141a\u0144cut-1.jpg 720w, https:\/\/marekkuchcinski.pl\/wp-content\/uploads\/2018\/11\/\u0141a\u0144cut-1-225x300.jpg 225w\" sizes=\"(max-width: 720px) 100vw, 720px\" \/><\/a><\/p>\n<p>After the meeting with the residents of \u0141a\u0144cut, at the invitation of the Director of the \u0141a\u0144cut Castle Museum Wit K. W\u00f3jtowicz, Marek Kuchci\u0144ski took part in the meeting of the Academy of Independence, where he received an album from the IPN exhibition entitled 'The Fathers of Independence'. The publication refers to the Sejm resolution indicating six important figures - the Fathers of Independence.<\/p>\n<p><a href=\"https:\/\/marekkuchcinski.pl\/wp-content\/uploads\/2018\/11\/Akademia-Niepodleg\u0142o\u015bci-2.jpg\"><img loading=\"lazy\" decoding=\"async\" class=\"alignnone size-full wp-image-10934\" src=\"https:\/\/marekkuchcinski.pl\/wp-content\/uploads\/2018\/11\/Akademia-Niepodleg\u0142o\u015bci-2.jpg\" alt=\"Akademia Niepodleg\u0142o\u015bci 2\" width=\"960\" height=\"720\" srcset=\"https:\/\/marekkuchcinski.pl\/wp-content\/uploads\/2018\/11\/Akademia-Niepodleg\u0142o\u015bci-2.jpg 960w, https:\/\/marekkuchcinski.pl\/wp-content\/uploads\/2018\/11\/Akademia-Niepodleg\u0142o\u015bci-2-300x225.jpg 300w, https:\/\/marekkuchcinski.pl\/wp-content\/uploads\/2018\/11\/Akademia-Niepodleg\u0142o\u015bci-2-768x576.jpg 768w\" sizes=\"(max-width: 960px) 100vw, 960px\" \/><\/a> <a href=\"https:\/\/marekkuchcinski.pl\/wp-content\/uploads\/2018\/11\/Akademia-Niepodleg\u0142o\u015bci-1.jpg\"><img loading=\"lazy\" decoding=\"async\" class=\"alignnone size-full wp-image-10935\" src=\"https:\/\/marekkuchcinski.pl\/wp-content\/uploads\/2018\/11\/Akademia-Niepodleg\u0142o\u015bci-1.jpg\" alt=\"Akademia Niepodleg\u0142o\u015bci 1\" width=\"960\" height=\"720\" srcset=\"https:\/\/marekkuchcinski.pl\/wp-content\/uploads\/2018\/11\/Akademia-Niepodleg\u0142o\u015bci-1.jpg 960w, https:\/\/marekkuchcinski.pl\/wp-content\/uploads\/2018\/11\/Akademia-Niepodleg\u0142o\u015bci-1-300x225.jpg 300w, https:\/\/marekkuchcinski.pl\/wp-content\/uploads\/2018\/11\/Akademia-Niepodleg\u0142o\u015bci-1-768x576.jpg 768w\" sizes=\"(max-width: 960px) 100vw, 960px\" \/><\/a><\/p>\n<p><strong>Meeting with the residents of Nisk<\/strong><\/p>\n<p>- We ask for your participation in the second round of elections. It is especially important for us because for the past three years we have been implementing a program which includes many challenges that require more time than one term of office, e.g. issues of health care and services, reprivatization, education reform.<\/p>\n<p><a href=\"https:\/\/marekkuchcinski.pl\/wp-content\/uploads\/2018\/11\/Nisko-5.jpg\"><img loading=\"lazy\" decoding=\"async\" class=\"alignnone size-full wp-image-10938\" src=\"https:\/\/marekkuchcinski.pl\/wp-content\/uploads\/2018\/11\/Nisko-5.jpg\" alt=\"Nisko 5\" width=\"960\" height=\"720\" srcset=\"https:\/\/marekkuchcinski.pl\/wp-content\/uploads\/2018\/11\/Nisko-5.jpg 960w, https:\/\/marekkuchcinski.pl\/wp-content\/uploads\/2018\/11\/Nisko-5-300x225.jpg 300w, https:\/\/marekkuchcinski.pl\/wp-content\/uploads\/2018\/11\/Nisko-5-768x576.jpg 768w\" sizes=\"(max-width: 960px) 100vw, 960px\" \/><\/a> <a href=\"https:\/\/marekkuchcinski.pl\/wp-content\/uploads\/2018\/11\/Nisko-4.jpg\"><img loading=\"lazy\" decoding=\"async\" class=\"alignnone size-full wp-image-10939\" src=\"https:\/\/marekkuchcinski.pl\/wp-content\/uploads\/2018\/11\/Nisko-4.jpg\" alt=\"Nisko 4\" width=\"960\" height=\"720\" srcset=\"https:\/\/marekkuchcinski.pl\/wp-content\/uploads\/2018\/11\/Nisko-4.jpg 960w, https:\/\/marekkuchcinski.pl\/wp-content\/uploads\/2018\/11\/Nisko-4-300x225.jpg 300w, https:\/\/marekkuchcinski.pl\/wp-content\/uploads\/2018\/11\/Nisko-4-768x576.jpg 768w\" sizes=\"(max-width: 960px) 100vw, 960px\" \/><\/a> <a href=\"https:\/\/marekkuchcinski.pl\/wp-content\/uploads\/2018\/11\/Nisko-3.jpg\"><img loading=\"lazy\" decoding=\"async\" class=\"alignnone size-full wp-image-10940\" src=\"https:\/\/marekkuchcinski.pl\/wp-content\/uploads\/2018\/11\/Nisko-3.jpg\" alt=\"Nisko 3\" width=\"960\" height=\"720\" srcset=\"https:\/\/marekkuchcinski.pl\/wp-content\/uploads\/2018\/11\/Nisko-3.jpg 960w, https:\/\/marekkuchcinski.pl\/wp-content\/uploads\/2018\/11\/Nisko-3-300x225.jpg 300w, https:\/\/marekkuchcinski.pl\/wp-content\/uploads\/2018\/11\/Nisko-3-768x576.jpg 768w\" sizes=\"(max-width: 960px) 100vw, 960px\" \/><\/a><\/p>\n<p><strong>October 27<\/strong><\/p>\n<p><strong>PiS election convention in Sanok<\/strong><\/p>\n<p><a href=\"https:\/\/marekkuchcinski.pl\/wp-content\/uploads\/2018\/11\/Sanok-1.jpg\"><img loading=\"lazy\" decoding=\"async\" class=\"alignnone size-full wp-image-10944\" src=\"https:\/\/marekkuchcinski.pl\/wp-content\/uploads\/2018\/11\/Sanok-1.jpg\" alt=\"Sanok 1\" width=\"960\" height=\"720\" srcset=\"https:\/\/marekkuchcinski.pl\/wp-content\/uploads\/2018\/11\/Sanok-1.jpg 960w, https:\/\/marekkuchcinski.pl\/wp-content\/uploads\/2018\/11\/Sanok-1-300x225.jpg 300w, https:\/\/marekkuchcinski.pl\/wp-content\/uploads\/2018\/11\/Sanok-1-768x576.jpg 768w\" sizes=\"(max-width: 960px) 100vw, 960px\" \/><\/a><\/p>\n<p><strong>PiS election convention in Przemy\u015bl<\/strong><\/p>\n<p><a href=\"https:\/\/marekkuchcinski.pl\/wp-content\/uploads\/2018\/11\/Przemy\u015bl-1.jpg\"><img loading=\"lazy\" decoding=\"async\" class=\"alignnone size-full wp-image-10952\" src=\"https:\/\/marekkuchcinski.pl\/wp-content\/uploads\/2018\/11\/Przemy\u015bl-1.jpg\" alt=\"Przemy\u015bl 1\" width=\"960\" height=\"720\" srcset=\"https:\/\/marekkuchcinski.pl\/wp-content\/uploads\/2018\/11\/Przemy\u015bl-1.jpg 960w, https:\/\/marekkuchcinski.pl\/wp-content\/uploads\/2018\/11\/Przemy\u015bl-1-300x225.jpg 300w, https:\/\/marekkuchcinski.pl\/wp-content\/uploads\/2018\/11\/Przemy\u015bl-1-768x576.jpg 768w\" sizes=\"(max-width: 960px) 100vw, 960px\" \/><\/a> <a href=\"https:\/\/marekkuchcinski.pl\/wp-content\/uploads\/2018\/11\/Przemy\u015bl-3.jpg\"><img loading=\"lazy\" decoding=\"async\" class=\"alignnone size-full wp-image-10954\" src=\"https:\/\/marekkuchcinski.pl\/wp-content\/uploads\/2018\/11\/Przemy\u015bl-3.jpg\" alt=\"Przemy\u015bl 3\" width=\"960\" height=\"720\" srcset=\"https:\/\/marekkuchcinski.pl\/wp-content\/uploads\/2018\/11\/Przemy\u015bl-3.jpg 960w, https:\/\/marekkuchcinski.pl\/wp-content\/uploads\/2018\/11\/Przemy\u015bl-3-300x225.jpg 300w, https:\/\/marekkuchcinski.pl\/wp-content\/uploads\/2018\/11\/Przemy\u015bl-3-768x576.jpg 768w\" sizes=\"(max-width: 960px) 100vw, 960px\" \/><\/a> <a href=\"https:\/\/marekkuchcinski.pl\/wp-content\/uploads\/2018\/11\/Przemy\u015bl-6.jpg\"><img loading=\"lazy\" decoding=\"async\" class=\"alignnone size-full wp-image-10957\" src=\"https:\/\/marekkuchcinski.pl\/wp-content\/uploads\/2018\/11\/Przemy\u015bl-6.jpg\" alt=\"Przemy\u015bl 6\" width=\"960\" height=\"720\" srcset=\"https:\/\/marekkuchcinski.pl\/wp-content\/uploads\/2018\/11\/Przemy\u015bl-6.jpg 960w, https:\/\/marekkuchcinski.pl\/wp-content\/uploads\/2018\/11\/Przemy\u015bl-6-300x225.jpg 300w, https:\/\/marekkuchcinski.pl\/wp-content\/uploads\/2018\/11\/Przemy\u015bl-6-768x576.jpg 768w\" sizes=\"(max-width: 960px) 100vw, 960px\" \/><\/a><\/p>\n<p><strong>October 28<\/strong><\/p>\n<p><strong>Meeting with the inhabitants of Baligrod<\/strong><\/p>\n<p>- We want to pursue a policy of sustainable development of the whole country. The policy of development locomotives only increases the differences between districts, municipalities, including those of Bieszczady and Przemysl - said the Speaker of the Sejm.<\/p>\n<p><a href=\"https:\/\/marekkuchcinski.pl\/wp-content\/uploads\/2018\/11\/Baligr\u00f3d-2.jpg\"><img loading=\"lazy\" decoding=\"async\" class=\"alignnone size-full wp-image-10975\" src=\"https:\/\/marekkuchcinski.pl\/wp-content\/uploads\/2018\/11\/Baligr\u00f3d-2.jpg\" alt=\"Baligr\u00f3d 2\" width=\"960\" height=\"720\" srcset=\"https:\/\/marekkuchcinski.pl\/wp-content\/uploads\/2018\/11\/Baligr\u00f3d-2.jpg 960w, https:\/\/marekkuchcinski.pl\/wp-content\/uploads\/2018\/11\/Baligr\u00f3d-2-300x225.jpg 300w, https:\/\/marekkuchcinski.pl\/wp-content\/uploads\/2018\/11\/Baligr\u00f3d-2-768x576.jpg 768w\" sizes=\"(max-width: 960px) 100vw, 960px\" \/><\/a> <a href=\"https:\/\/marekkuchcinski.pl\/wp-content\/uploads\/2018\/11\/Baligr\u00f3d-3.jpg\"><img loading=\"lazy\" decoding=\"async\" class=\"alignnone size-full wp-image-10976\" src=\"https:\/\/marekkuchcinski.pl\/wp-content\/uploads\/2018\/11\/Baligr\u00f3d-3.jpg\" alt=\"Baligr\u00f3d 3\" width=\"960\" height=\"720\" srcset=\"https:\/\/marekkuchcinski.pl\/wp-content\/uploads\/2018\/11\/Baligr\u00f3d-3.jpg 960w, https:\/\/marekkuchcinski.pl\/wp-content\/uploads\/2018\/11\/Baligr\u00f3d-3-300x225.jpg 300w, https:\/\/marekkuchcinski.pl\/wp-content\/uploads\/2018\/11\/Baligr\u00f3d-3-768x576.jpg 768w\" sizes=\"(max-width: 960px) 100vw, 960px\" \/><\/a><\/p>\n<p><strong>Meeting with the inhabitants of Pola\u0144czyk<\/strong><\/p>\n<p>- Extension of the term of office to 5 years makes our participation in the elections especially important. Let's choose the candidates who will enable the cooperation between the government and local government at different levels - said Marek Kuchci\u0144ski.<\/p>\n<p><a href=\"https:\/\/marekkuchcinski.pl\/wp-content\/uploads\/2018\/11\/Pola\u0144czyk-1.jpg\"><img loading=\"lazy\" decoding=\"async\" class=\"alignnone size-full wp-image-10978\" src=\"https:\/\/marekkuchcinski.pl\/wp-content\/uploads\/2018\/11\/Pola\u0144czyk-1.jpg\" alt=\"Pola\u0144czyk 1\" width=\"960\" height=\"720\" srcset=\"https:\/\/marekkuchcinski.pl\/wp-content\/uploads\/2018\/11\/Pola\u0144czyk-1.jpg 960w, https:\/\/marekkuchcinski.pl\/wp-content\/uploads\/2018\/11\/Pola\u0144czyk-1-300x225.jpg 300w, https:\/\/marekkuchcinski.pl\/wp-content\/uploads\/2018\/11\/Pola\u0144czyk-1-768x576.jpg 768w\" sizes=\"(max-width: 960px) 100vw, 960px\" \/><\/a> <a href=\"https:\/\/marekkuchcinski.pl\/wp-content\/uploads\/2018\/11\/Pola\u0144czyk-3.jpg\"><img loading=\"lazy\" decoding=\"async\" class=\"alignnone size-full wp-image-10980\" src=\"https:\/\/marekkuchcinski.pl\/wp-content\/uploads\/2018\/11\/Pola\u0144czyk-3.jpg\" alt=\"Pola\u0144czyk 3\" width=\"960\" height=\"720\" srcset=\"https:\/\/marekkuchcinski.pl\/wp-content\/uploads\/2018\/11\/Pola\u0144czyk-3.jpg 960w, https:\/\/marekkuchcinski.pl\/wp-content\/uploads\/2018\/11\/Pola\u0144czyk-3-300x225.jpg 300w, https:\/\/marekkuchcinski.pl\/wp-content\/uploads\/2018\/11\/Pola\u0144czyk-3-768x576.jpg 768w\" sizes=\"(max-width: 960px) 100vw, 960px\" \/><\/a><\/p>\n<p><strong>Meeting with the residents of Nowosielec<\/strong><\/p>\n<p>- The trust in PiS is transferred to local governments, where we take power to implement our program. Three years ago we launched a great programme of repairing the state. In order to continue implementing it, we need good partners in local governments - said the Speaker of the Sejm.<\/p>\n<p><a href=\"https:\/\/marekkuchcinski.pl\/wp-content\/uploads\/2018\/11\/Nowosielce-1.jpg\"><img loading=\"lazy\" decoding=\"async\" class=\"alignnone size-full wp-image-10982\" src=\"https:\/\/marekkuchcinski.pl\/wp-content\/uploads\/2018\/11\/Nowosielce-1.jpg\" alt=\"Nowosielce 1\" width=\"960\" height=\"720\" srcset=\"https:\/\/marekkuchcinski.pl\/wp-content\/uploads\/2018\/11\/Nowosielce-1.jpg 960w, https:\/\/marekkuchcinski.pl\/wp-content\/uploads\/2018\/11\/Nowosielce-1-300x225.jpg 300w, https:\/\/marekkuchcinski.pl\/wp-content\/uploads\/2018\/11\/Nowosielce-1-768x576.jpg 768w\" sizes=\"(max-width: 960px) 100vw, 960px\" \/><\/a> <a href=\"https:\/\/marekkuchcinski.pl\/wp-content\/uploads\/2018\/11\/Nowosielce-2.jpg\"><img loading=\"lazy\" decoding=\"async\" class=\"alignnone size-full wp-image-10983\" src=\"https:\/\/marekkuchcinski.pl\/wp-content\/uploads\/2018\/11\/Nowosielce-2.jpg\" alt=\"Nowosielce 2\" width=\"960\" height=\"720\" srcset=\"https:\/\/marekkuchcinski.pl\/wp-content\/uploads\/2018\/11\/Nowosielce-2.jpg 960w, https:\/\/marekkuchcinski.pl\/wp-content\/uploads\/2018\/11\/Nowosielce-2-300x225.jpg 300w, https:\/\/marekkuchcinski.pl\/wp-content\/uploads\/2018\/11\/Nowosielce-2-768x576.jpg 768w\" sizes=\"(max-width: 960px) 100vw, 960px\" \/><\/a><\/p>\n<p><strong>Consecration and unveiling of the plaque commemorating Maria and Lech Kaczy\u0144ski at the Community Self-help Centre in Krzywe<\/strong><\/p>\n<p>The Marshal went to Krzywe at the invitation of the Mayor of Dydnia Community Jerzy Adamski. Rev. Jan Dabal, the parish priest of Dydnia consecrated and unveiled a plaque commemorating Maria and Lech Kaczynski. The Community Self-help Center will be named after the Presidential Couple. Afterwards, the parish priest consecrated a car, donated by the municipality, which will be used for transporting the participants of the Community Self-help Center in Krzywe.<\/p>\n<p>Marek Kuchci\u0144ski emphasized that in public life we are guided by the common good. We are aware that we act in the public sphere for other people. President Lech Kaczy\u0144ski looked at public affairs from the point of view of the citizens. For him, solidarity meant sharing his power and wealth with those in need.<\/p>\n<p><a href=\"https:\/\/marekkuchcinski.pl\/wp-content\/uploads\/2018\/11\/Krzywe-2.jpg\"><img loading=\"lazy\" decoding=\"async\" class=\"alignnone size-full wp-image-10986\" src=\"https:\/\/marekkuchcinski.pl\/wp-content\/uploads\/2018\/11\/Krzywe-2.jpg\" alt=\"Krzywe 2\" width=\"960\" height=\"720\" srcset=\"https:\/\/marekkuchcinski.pl\/wp-content\/uploads\/2018\/11\/Krzywe-2.jpg 960w, https:\/\/marekkuchcinski.pl\/wp-content\/uploads\/2018\/11\/Krzywe-2-300x225.jpg 300w, https:\/\/marekkuchcinski.pl\/wp-content\/uploads\/2018\/11\/Krzywe-2-768x576.jpg 768w\" sizes=\"(max-width: 960px) 100vw, 960px\" \/><\/a> <a href=\"https:\/\/marekkuchcinski.pl\/wp-content\/uploads\/2018\/11\/Krzywe-6.jpg\"><img loading=\"lazy\" decoding=\"async\" class=\"alignnone size-full wp-image-10990\" src=\"https:\/\/marekkuchcinski.pl\/wp-content\/uploads\/2018\/11\/Krzywe-6.jpg\" alt=\"Krzywe 6\" width=\"960\" height=\"720\" srcset=\"https:\/\/marekkuchcinski.pl\/wp-content\/uploads\/2018\/11\/Krzywe-6.jpg 960w, https:\/\/marekkuchcinski.pl\/wp-content\/uploads\/2018\/11\/Krzywe-6-300x225.jpg 300w, https:\/\/marekkuchcinski.pl\/wp-content\/uploads\/2018\/11\/Krzywe-6-768x576.jpg 768w\" sizes=\"(max-width: 960px) 100vw, 960px\" \/><\/a> <a href=\"https:\/\/marekkuchcinski.pl\/wp-content\/uploads\/2018\/11\/Krzywe-9.jpg\"><img loading=\"lazy\" decoding=\"async\" class=\"alignnone size-full wp-image-10993\" src=\"https:\/\/marekkuchcinski.pl\/wp-content\/uploads\/2018\/11\/Krzywe-9.jpg\" alt=\"Krzywe 9\" width=\"960\" height=\"720\" srcset=\"https:\/\/marekkuchcinski.pl\/wp-content\/uploads\/2018\/11\/Krzywe-9.jpg 960w, https:\/\/marekkuchcinski.pl\/wp-content\/uploads\/2018\/11\/Krzywe-9-300x225.jpg 300w, https:\/\/marekkuchcinski.pl\/wp-content\/uploads\/2018\/11\/Krzywe-9-768x576.jpg 768w\" sizes=\"(max-width: 960px) 100vw, 960px\" \/><\/a><\/p>\n<p><strong>October 30<\/strong><\/p>\n<p><strong>Meeting with employees of the Agricultural Social Insurance Fund (KRUS) in Przemy\u015bl<\/strong><\/p>\n<p><a href=\"https:\/\/marekkuchcinski.pl\/wp-content\/uploads\/2018\/11\/KRUS-Przemy\u015bl-3.jpg\"><img loading=\"lazy\" decoding=\"async\" class=\"alignnone size-full wp-image-11066\" src=\"https:\/\/marekkuchcinski.pl\/wp-content\/uploads\/2018\/11\/KRUS-Przemy\u015bl-3.jpg\" alt=\"KRUS Przemy\u015bl 3\" width=\"960\" height=\"720\" srcset=\"https:\/\/marekkuchcinski.pl\/wp-content\/uploads\/2018\/11\/KRUS-Przemy\u015bl-3.jpg 960w, https:\/\/marekkuchcinski.pl\/wp-content\/uploads\/2018\/11\/KRUS-Przemy\u015bl-3-300x225.jpg 300w, https:\/\/marekkuchcinski.pl\/wp-content\/uploads\/2018\/11\/KRUS-Przemy\u015bl-3-768x576.jpg 768w\" sizes=\"(max-width: 960px) 100vw, 960px\" \/><\/a> <a href=\"https:\/\/marekkuchcinski.pl\/wp-content\/uploads\/2018\/11\/KRUS-Przemy\u015bl-1.jpg\"><img loading=\"lazy\" decoding=\"async\" class=\"alignnone size-full wp-image-11068\" src=\"https:\/\/marekkuchcinski.pl\/wp-content\/uploads\/2018\/11\/KRUS-Przemy\u015bl-1.jpg\" alt=\"KRUS Przemy\u015bl 1\" width=\"960\" height=\"720\" srcset=\"https:\/\/marekkuchcinski.pl\/wp-content\/uploads\/2018\/11\/KRUS-Przemy\u015bl-1.jpg 960w, https:\/\/marekkuchcinski.pl\/wp-content\/uploads\/2018\/11\/KRUS-Przemy\u015bl-1-300x225.jpg 300w, https:\/\/marekkuchcinski.pl\/wp-content\/uploads\/2018\/11\/KRUS-Przemy\u015bl-1-768x576.jpg 768w\" sizes=\"(max-width: 960px) 100vw, 960px\" \/><\/a><\/p>\n<p><strong>Meeting with the employees of the Przemy\u015bl District Office of ARMA<\/strong><\/p>\n<p><a href=\"https:\/\/marekkuchcinski.pl\/wp-content\/uploads\/2018\/11\/ARiMR-Przemy\u015bl-2.jpg\"><img loading=\"lazy\" decoding=\"async\" class=\"alignnone size-full wp-image-11069\" src=\"https:\/\/marekkuchcinski.pl\/wp-content\/uploads\/2018\/11\/ARiMR-Przemy\u015bl-2.jpg\" alt=\"ARiMR Przemy\u015bl 2\" width=\"960\" height=\"720\" srcset=\"https:\/\/marekkuchcinski.pl\/wp-content\/uploads\/2018\/11\/ARiMR-Przemy\u015bl-2.jpg 960w, https:\/\/marekkuchcinski.pl\/wp-content\/uploads\/2018\/11\/ARiMR-Przemy\u015bl-2-300x225.jpg 300w, https:\/\/marekkuchcinski.pl\/wp-content\/uploads\/2018\/11\/ARiMR-Przemy\u015bl-2-768x576.jpg 768w\" sizes=\"(max-width: 960px) 100vw, 960px\" \/><\/a> <a href=\"https:\/\/marekkuchcinski.pl\/wp-content\/uploads\/2018\/11\/ARiMR-Przemy\u015bl-1.jpg\"><img loading=\"lazy\" decoding=\"async\" class=\"alignnone size-full wp-image-11070\" src=\"https:\/\/marekkuchcinski.pl\/wp-content\/uploads\/2018\/11\/ARiMR-Przemy\u015bl-1.jpg\" alt=\"ARiMR Przemy\u015bl 1\" width=\"960\" height=\"720\" srcset=\"https:\/\/marekkuchcinski.pl\/wp-content\/uploads\/2018\/11\/ARiMR-Przemy\u015bl-1.jpg 960w, https:\/\/marekkuchcinski.pl\/wp-content\/uploads\/2018\/11\/ARiMR-Przemy\u015bl-1-300x225.jpg 300w, https:\/\/marekkuchcinski.pl\/wp-content\/uploads\/2018\/11\/ARiMR-Przemy\u015bl-1-768x576.jpg 768w\" sizes=\"(max-width: 960px) 100vw, 960px\" \/><\/a><\/p>\n<p><strong>Meeting with the employees of the newly created Regional Ambulance Station in Przemy\u015bl<\/strong><\/p>\n<p><a href=\"https:\/\/marekkuchcinski.pl\/wp-content\/uploads\/2018\/11\/46469253_393786811161511_3321508822308093952_n.jpg\"><img loading=\"lazy\" decoding=\"async\" class=\"alignnone size-full wp-image-11077\" src=\"https:\/\/marekkuchcinski.pl\/wp-content\/uploads\/2018\/11\/46469253_393786811161511_3321508822308093952_n.jpg\" alt=\"46469253_393786811161511_3321508822308093952_n\" width=\"1560\" height=\"1170\" srcset=\"https:\/\/marekkuchcinski.pl\/wp-content\/uploads\/2018\/11\/46469253_393786811161511_3321508822308093952_n.jpg 1560w, https:\/\/marekkuchcinski.pl\/wp-content\/uploads\/2018\/11\/46469253_393786811161511_3321508822308093952_n-300x225.jpg 300w, https:\/\/marekkuchcinski.pl\/wp-content\/uploads\/2018\/11\/46469253_393786811161511_3321508822308093952_n-768x576.jpg 768w, https:\/\/marekkuchcinski.pl\/wp-content\/uploads\/2018\/11\/46469253_393786811161511_3321508822308093952_n-1024x768.jpg 1024w\" sizes=\"(max-width: 1560px) 100vw, 1560px\" \/><\/a><\/p>\n<p><strong>Meeting with the directors of schools in Przemy\u015bl (combined with the thanks for cooperation for the outgoing President of the City of Przemy\u015bl Robert Choma)<\/strong><\/p>\n<p><a href=\"https:\/\/marekkuchcinski.pl\/wp-content\/uploads\/2018\/11\/nauczyciele-Przemy\u015bl-4.jpg\"><img loading=\"lazy\" decoding=\"async\" class=\"alignnone size-full wp-image-11072\" src=\"https:\/\/marekkuchcinski.pl\/wp-content\/uploads\/2018\/11\/nauczyciele-Przemy\u015bl-4.jpg\" alt=\"nauczyciele Przemy\u015bl 4\" width=\"960\" height=\"720\" srcset=\"https:\/\/marekkuchcinski.pl\/wp-content\/uploads\/2018\/11\/nauczyciele-Przemy\u015bl-4.jpg 960w, https:\/\/marekkuchcinski.pl\/wp-content\/uploads\/2018\/11\/nauczyciele-Przemy\u015bl-4-300x225.jpg 300w, https:\/\/marekkuchcinski.pl\/wp-content\/uploads\/2018\/11\/nauczyciele-Przemy\u015bl-4-768x576.jpg 768w\" sizes=\"(max-width: 960px) 100vw, 960px\" \/><\/a> <a href=\"https:\/\/marekkuchcinski.pl\/wp-content\/uploads\/2018\/11\/nauczyciele-Przemy\u015bl-3.jpg\"><img loading=\"lazy\" decoding=\"async\" class=\"alignnone size-full wp-image-11073\" src=\"https:\/\/marekkuchcinski.pl\/wp-content\/uploads\/2018\/11\/nauczyciele-Przemy\u015bl-3.jpg\" alt=\"nauczyciele Przemy\u015bl 3\" width=\"960\" height=\"720\" srcset=\"https:\/\/marekkuchcinski.pl\/wp-content\/uploads\/2018\/11\/nauczyciele-Przemy\u015bl-3.jpg 960w, https:\/\/marekkuchcinski.pl\/wp-content\/uploads\/2018\/11\/nauczyciele-Przemy\u015bl-3-300x225.jpg 300w, https:\/\/marekkuchcinski.pl\/wp-content\/uploads\/2018\/11\/nauczyciele-Przemy\u015bl-3-768x576.jpg 768w\" sizes=\"(max-width: 960px) 100vw, 960px\" \/><\/a> <a href=\"https:\/\/marekkuchcinski.pl\/wp-content\/uploads\/2018\/11\/nauczyciele-Przemy\u015bl-2.jpg\"><img loading=\"lazy\" decoding=\"async\" class=\"alignnone size-full wp-image-11074\" src=\"https:\/\/marekkuchcinski.pl\/wp-content\/uploads\/2018\/11\/nauczyciele-Przemy\u015bl-2.jpg\" alt=\"nauczyciele Przemy\u015bl 2\" width=\"960\" height=\"720\" srcset=\"https:\/\/marekkuchcinski.pl\/wp-content\/uploads\/2018\/11\/nauczyciele-Przemy\u015bl-2.jpg 960w, https:\/\/marekkuchcinski.pl\/wp-content\/uploads\/2018\/11\/nauczyciele-Przemy\u015bl-2-300x225.jpg 300w, https:\/\/marekkuchcinski.pl\/wp-content\/uploads\/2018\/11\/nauczyciele-Przemy\u015bl-2-768x576.jpg 768w\" sizes=\"(max-width: 960px) 100vw, 960px\" \/><\/a> <a href=\"https:\/\/marekkuchcinski.pl\/wp-content\/uploads\/2018\/11\/nauczyciele-Przemy\u015bl-1.jpg\"><img loading=\"lazy\" decoding=\"async\" class=\"alignnone size-full wp-image-11075\" src=\"https:\/\/marekkuchcinski.pl\/wp-content\/uploads\/2018\/11\/nauczyciele-Przemy\u015bl-1.jpg\" alt=\"nauczyciele Przemy\u015bl 1\" width=\"960\" height=\"720\" srcset=\"https:\/\/marekkuchcinski.pl\/wp-content\/uploads\/2018\/11\/nauczyciele-Przemy\u015bl-1.jpg 960w, https:\/\/marekkuchcinski.pl\/wp-content\/uploads\/2018\/11\/nauczyciele-Przemy\u015bl-1-300x225.jpg 300w, https:\/\/marekkuchcinski.pl\/wp-content\/uploads\/2018\/11\/nauczyciele-Przemy\u015bl-1-768x576.jpg 768w\" sizes=\"(max-width: 960px) 100vw, 960px\" \/><\/a><\/p>\n<p><strong>Meeting with opinion leaders in Zurawica<\/strong><\/p>\n<p><a href=\"https:\/\/marekkuchcinski.pl\/wp-content\/uploads\/2018\/11\/\u017burawica-4.jpg\"><img loading=\"lazy\" decoding=\"async\" class=\"alignnone size-full wp-image-11080\" src=\"https:\/\/marekkuchcinski.pl\/wp-content\/uploads\/2018\/11\/\u017burawica-4.jpg\" alt=\"\u017burawica 4\" width=\"720\" height=\"960\" srcset=\"https:\/\/marekkuchcinski.pl\/wp-content\/uploads\/2018\/11\/\u017burawica-4.jpg 720w, https:\/\/marekkuchcinski.pl\/wp-content\/uploads\/2018\/11\/\u017burawica-4-225x300.jpg 225w\" sizes=\"(max-width: 720px) 100vw, 720px\" \/><\/a> <a href=\"https:\/\/marekkuchcinski.pl\/wp-content\/uploads\/2018\/11\/\u017burawica-3.jpg\"><img loading=\"lazy\" decoding=\"async\" class=\"alignnone size-full wp-image-11081\" src=\"https:\/\/marekkuchcinski.pl\/wp-content\/uploads\/2018\/11\/\u017burawica-3.jpg\" alt=\"\u017burawica 3\" width=\"960\" height=\"720\" srcset=\"https:\/\/marekkuchcinski.pl\/wp-content\/uploads\/2018\/11\/\u017burawica-3.jpg 960w, https:\/\/marekkuchcinski.pl\/wp-content\/uploads\/2018\/11\/\u017burawica-3-300x225.jpg 300w, https:\/\/marekkuchcinski.pl\/wp-content\/uploads\/2018\/11\/\u017burawica-3-768x576.jpg 768w\" sizes=\"(max-width: 960px) 100vw, 960px\" \/><\/a> <a href=\"https:\/\/marekkuchcinski.pl\/wp-content\/uploads\/2018\/11\/\u017burawica-2.jpg\"><img loading=\"lazy\" decoding=\"async\" class=\"alignnone size-full wp-image-11082\" src=\"https:\/\/marekkuchcinski.pl\/wp-content\/uploads\/2018\/11\/\u017burawica-2.jpg\" alt=\"\u017burawica 2\" width=\"960\" height=\"720\" srcset=\"https:\/\/marekkuchcinski.pl\/wp-content\/uploads\/2018\/11\/\u017burawica-2.jpg 960w, https:\/\/marekkuchcinski.pl\/wp-content\/uploads\/2018\/11\/\u017burawica-2-300x225.jpg 300w, https:\/\/marekkuchcinski.pl\/wp-content\/uploads\/2018\/11\/\u017burawica-2-768x576.jpg 768w\" sizes=\"(max-width: 960px) 100vw, 960px\" \/><\/a><\/p>\n<p><strong>October 31<\/strong><\/p>\n<p><strong>Meeting with the employees and officers of the City Fire Brigade in Przemysl<\/strong><\/p>\n<p><a href=\"https:\/\/marekkuchcinski.pl\/wp-content\/uploads\/2018\/11\/Stra\u017cacy-Przemy\u015bl-9.jpg\"><img loading=\"lazy\" decoding=\"async\" class=\"alignnone size-full wp-image-11085\" src=\"https:\/\/marekkuchcinski.pl\/wp-content\/uploads\/2018\/11\/Stra\u017cacy-Przemy\u015bl-9.jpg\" alt=\"Stra\u017cacy Przemy\u015bl 9\" width=\"720\" height=\"960\" srcset=\"https:\/\/marekkuchcinski.pl\/wp-content\/uploads\/2018\/11\/Stra\u017cacy-Przemy\u015bl-9.jpg 720w, https:\/\/marekkuchcinski.pl\/wp-content\/uploads\/2018\/11\/Stra\u017cacy-Przemy\u015bl-9-225x300.jpg 225w\" sizes=\"(max-width: 720px) 100vw, 720px\" \/><\/a> <a href=\"https:\/\/marekkuchcinski.pl\/wp-content\/uploads\/2018\/11\/Stra\u017cacy-Przemy\u015bl-8.jpg\"><img loading=\"lazy\" decoding=\"async\" class=\"alignnone size-full wp-image-11086\" src=\"https:\/\/marekkuchcinski.pl\/wp-content\/uploads\/2018\/11\/Stra\u017cacy-Przemy\u015bl-8.jpg\" alt=\"Stra\u017cacy Przemy\u015bl 8\" width=\"960\" height=\"720\" srcset=\"https:\/\/marekkuchcinski.pl\/wp-content\/uploads\/2018\/11\/Stra\u017cacy-Przemy\u015bl-8.jpg 960w, https:\/\/marekkuchcinski.pl\/wp-content\/uploads\/2018\/11\/Stra\u017cacy-Przemy\u015bl-8-300x225.jpg 300w, https:\/\/marekkuchcinski.pl\/wp-content\/uploads\/2018\/11\/Stra\u017cacy-Przemy\u015bl-8-768x576.jpg 768w\" sizes=\"(max-width: 960px) 100vw, 960px\" \/><\/a> <a href=\"https:\/\/marekkuchcinski.pl\/wp-content\/uploads\/2018\/11\/Stra\u017cacy-Przemy\u015bl-7.jpg\"><img loading=\"lazy\" decoding=\"async\" class=\"alignnone size-full wp-image-11087\" src=\"https:\/\/marekkuchcinski.pl\/wp-content\/uploads\/2018\/11\/Stra\u017cacy-Przemy\u015bl-7.jpg\" alt=\"Stra\u017cacy Przemy\u015bl 7\" width=\"720\" height=\"960\" srcset=\"https:\/\/marekkuchcinski.pl\/wp-content\/uploads\/2018\/11\/Stra\u017cacy-Przemy\u015bl-7.jpg 720w, https:\/\/marekkuchcinski.pl\/wp-content\/uploads\/2018\/11\/Stra\u017cacy-Przemy\u015bl-7-225x300.jpg 225w\" sizes=\"(max-width: 720px) 100vw, 720px\" \/><\/a> <a href=\"https:\/\/marekkuchcinski.pl\/wp-content\/uploads\/2018\/11\/Stra\u017cacy-Przemy\u015bl-6.jpg\"><img loading=\"lazy\" decoding=\"async\" class=\"alignnone size-full wp-image-11088\" src=\"https:\/\/marekkuchcinski.pl\/wp-content\/uploads\/2018\/11\/Stra\u017cacy-Przemy\u015bl-6.jpg\" alt=\"Stra\u017cacy Przemy\u015bl 6\" width=\"720\" height=\"960\" srcset=\"https:\/\/marekkuchcinski.pl\/wp-content\/uploads\/2018\/11\/Stra\u017cacy-Przemy\u015bl-6.jpg 720w, https:\/\/marekkuchcinski.pl\/wp-content\/uploads\/2018\/11\/Stra\u017cacy-Przemy\u015bl-6-225x300.jpg 225w\" sizes=\"(max-width: 720px) 100vw, 720px\" \/><\/a> <a href=\"https:\/\/marekkuchcinski.pl\/wp-content\/uploads\/2018\/11\/Stra\u017cacy-Przemy\u015bl-5.jpg\"><img loading=\"lazy\" decoding=\"async\" class=\"alignnone size-full wp-image-11089\" src=\"https:\/\/marekkuchcinski.pl\/wp-content\/uploads\/2018\/11\/Stra\u017cacy-Przemy\u015bl-5.jpg\" alt=\"Stra\u017cacy Przemy\u015bl 5\" width=\"720\" height=\"960\" srcset=\"https:\/\/marekkuchcinski.pl\/wp-content\/uploads\/2018\/11\/Stra\u017cacy-Przemy\u015bl-5.jpg 720w, https:\/\/marekkuchcinski.pl\/wp-content\/uploads\/2018\/11\/Stra\u017cacy-Przemy\u015bl-5-225x300.jpg 225w\" sizes=\"(max-width: 720px) 100vw, 720px\" \/><\/a> <a href=\"https:\/\/marekkuchcinski.pl\/wp-content\/uploads\/2018\/11\/Stra\u017cacy-Przemy\u015bl-3.jpg\"><img loading=\"lazy\" decoding=\"async\" class=\"alignnone size-full wp-image-11091\" src=\"https:\/\/marekkuchcinski.pl\/wp-content\/uploads\/2018\/11\/Stra\u017cacy-Przemy\u015bl-3.jpg\" alt=\"Stra\u017cacy Przemy\u015bl 3\" width=\"960\" height=\"720\" srcset=\"https:\/\/marekkuchcinski.pl\/wp-content\/uploads\/2018\/11\/Stra\u017cacy-Przemy\u015bl-3.jpg 960w, https:\/\/marekkuchcinski.pl\/wp-content\/uploads\/2018\/11\/Stra\u017cacy-Przemy\u015bl-3-300x225.jpg 300w, https:\/\/marekkuchcinski.pl\/wp-content\/uploads\/2018\/11\/Stra\u017cacy-Przemy\u015bl-3-768x576.jpg 768w\" sizes=\"(max-width: 960px) 100vw, 960px\" \/><\/a> <a href=\"https:\/\/marekkuchcinski.pl\/wp-content\/uploads\/2018\/11\/Stra\u017cacy-Przemy\u015bl-2.jpg\"><img loading=\"lazy\" decoding=\"async\" class=\"alignnone size-full wp-image-11092\" src=\"https:\/\/marekkuchcinski.pl\/wp-content\/uploads\/2018\/11\/Stra\u017cacy-Przemy\u015bl-2.jpg\" alt=\"Stra\u017cacy Przemy\u015bl 2\" width=\"960\" height=\"720\" srcset=\"https:\/\/marekkuchcinski.pl\/wp-content\/uploads\/2018\/11\/Stra\u017cacy-Przemy\u015bl-2.jpg 960w, https:\/\/marekkuchcinski.pl\/wp-content\/uploads\/2018\/11\/Stra\u017cacy-Przemy\u015bl-2-300x225.jpg 300w, https:\/\/marekkuchcinski.pl\/wp-content\/uploads\/2018\/11\/Stra\u017cacy-Przemy\u015bl-2-768x576.jpg 768w\" sizes=\"(max-width: 960px) 100vw, 960px\" \/><\/a> <a href=\"https:\/\/marekkuchcinski.pl\/wp-content\/uploads\/2018\/11\/Stra\u017cacy-Przemy\u015bl-1.jpg\"><img loading=\"lazy\" decoding=\"async\" class=\"alignnone size-full wp-image-11093\" src=\"https:\/\/marekkuchcinski.pl\/wp-content\/uploads\/2018\/11\/Stra\u017cacy-Przemy\u015bl-1.jpg\" alt=\"Stra\u017cacy Przemy\u015bl 1\" width=\"720\" height=\"960\" srcset=\"https:\/\/marekkuchcinski.pl\/wp-content\/uploads\/2018\/11\/Stra\u017cacy-Przemy\u015bl-1.jpg 720w, https:\/\/marekkuchcinski.pl\/wp-content\/uploads\/2018\/11\/Stra\u017cacy-Przemy\u015bl-1-225x300.jpg 225w\" sizes=\"(max-width: 720px) 100vw, 720px\" \/><\/a><\/p>","protected":false},"excerpt":{"rendered":"<p>1 pa\u017adziernika W\u00a0Pola\u0144czyku Marsza\u0142ek Sejmu\u00a0otworzy\u0142 konferencj\u0119 &#8222;Program dla Bieszczad&#8221; Ministerstwa Infrastruktury i Rozwoju. Marek Kuchci\u0144ski powiedzia\u0142, \u017ce konferencj\u0119 otwiera z du\u017cymi nadziejami,\u00a0poniewa\u017c dzi\u0119ki \u201eProgramowi dla Bieszczad\u201d buduje si\u0119 mark\u0119 maj\u0105c\u0105 charakteryzowa\u0107 nasz\u0105 cz\u0119\u015b\u0107 Karpat. \u201eProgram dla Bieszczad\u201d to kolejny etap w polityce rozwoju ca\u0142ych Karpat, a dzi\u015b w Pola\u0144czyku realizuj\u0105 si\u0119 wcze\u015bniejsze ministerialne zapowiedzi. Minister [&hellip;]<\/p>","protected":false},"author":6,"featured_media":10804,"comment_status":"open","ping_status":"open","sticky":false,"template":"","format":"standard","meta":{"ngg_post_thumbnail":0,"footnotes":""},"categories":[49,127,82],"tags":[],"class_list":["post-10784","post","type-post","status-publish","format-standard","has-post-thumbnail","hentry","category-podkarpacie","category-podsumowaniemiesiaca","category-prawo-i-sprawiedliwosc"],"yoast_head":"<!-- This site is optimized with the Yoast SEO plugin v24.7 - https:\/\/yoast.com\/wordpress\/plugins\/seo\/ -->\n<title>Spotkania z mieszka\u0144cami Podkarpacia: 1-31 pa\u017adziernika &#8211; Marek Kuchci\u0144ski<\/title>\n<meta name=\"robots\" content=\"index, follow, max-snippet:-1, max-image-preview:large, max-video-preview:-1\" \/>\n<link rel=\"canonical\" href=\"https:\/\/marekkuchcinski.pl\/en\/prawo-i-sprawiedliwosc\/spotkania-mieszkancami-podkarpacia-wybory-samorzadowe-2018\/\" \/>\n<meta property=\"og:locale\" content=\"en_GB\" \/>\n<meta property=\"og:type\" content=\"article\" \/>\n<meta property=\"og:title\" content=\"Spotkania z mieszka\u0144cami Podkarpacia: 1-31 pa\u017adziernika &#8211; Marek Kuchci\u0144ski\" \/>\n<meta property=\"og:description\" content=\"1 pa\u017adziernika W\u00a0Pola\u0144czyku Marsza\u0142ek Sejmu\u00a0otworzy\u0142 konferencj\u0119 &#8222;Program dla Bieszczad&#8221; Ministerstwa Infrastruktury i Rozwoju. Marek Kuchci\u0144ski powiedzia\u0142, \u017ce konferencj\u0119 otwiera z du\u017cymi nadziejami,\u00a0poniewa\u017c dzi\u0119ki \u201eProgramowi dla Bieszczad\u201d buduje si\u0119 mark\u0119 maj\u0105c\u0105 charakteryzowa\u0107 nasz\u0105 cz\u0119\u015b\u0107 Karpat. \u201eProgram dla Bieszczad\u201d to kolejny etap w polityce rozwoju ca\u0142ych Karpat, a dzi\u015b w Pola\u0144czyku realizuj\u0105 si\u0119 wcze\u015bniejsze ministerialne zapowiedzi. Minister [&hellip;]\" \/>\n<meta property=\"og:url\" content=\"https:\/\/marekkuchcinski.pl\/en\/prawo-i-sprawiedliwosc\/spotkania-mieszkancami-podkarpacia-wybory-samorzadowe-2018\/\" \/>\n<meta property=\"og:site_name\" content=\"Marek Kuchci\u0144ski\" \/>\n<meta property=\"article:published_time\" content=\"2018-11-21T12:00:43+00:00\" \/>\n<meta property=\"article:modified_time\" content=\"2018-11-27T09:48:46+00:00\" \/>\n<meta property=\"og:image\" content=\"https:\/\/marekkuchcinski.pl\/wp-content\/uploads\/2018\/11\/Jasionka-7.jpg\" \/>\n\t<meta property=\"og:image:width\" content=\"960\" \/>\n\t<meta property=\"og:image:height\" content=\"720\" \/>\n\t<meta property=\"og:image:type\" content=\"image\/jpeg\" \/>\n<meta name=\"author\" content=\"admin\" \/>\n<meta name=\"twitter:card\" content=\"summary_large_image\" \/>\n<meta name=\"twitter:label1\" content=\"Written by\" \/>\n\t<meta name=\"twitter:data1\" content=\"admin\" \/>\n\t<meta name=\"twitter:label2\" content=\"Estimated reading time\" \/>\n\t<meta name=\"twitter:data2\" content=\"13 minutes\" \/>\n<script type=\"application\/ld+json\" class=\"yoast-schema-graph\">{\"@context\":\"https:\/\/schema.org\",\"@graph\":[{\"@type\":\"Article\",\"@id\":\"https:\/\/marekkuchcinski.pl\/en\/prawo-i-sprawiedliwosc\/spotkania-mieszkancami-podkarpacia-wybory-samorzadowe-2018\/#article\",\"isPartOf\":{\"@id\":\"https:\/\/marekkuchcinski.pl\/en\/prawo-i-sprawiedliwosc\/spotkania-mieszkancami-podkarpacia-wybory-samorzadowe-2018\/\"},\"author\":{\"name\":\"admin\",\"@id\":\"https:\/\/marekkuchcinski.pl\/#\/schema\/person\/6f62700996b4d950b6ea2d1183b6c6be\"},\"headline\":\"Spotkania z mieszka\u0144cami Podkarpacia: 1-31 pa\u017adziernika\",\"datePublished\":\"2018-11-21T12:00:43+00:00\",\"dateModified\":\"2018-11-27T09:48:46+00:00\",\"mainEntityOfPage\":{\"@id\":\"https:\/\/marekkuchcinski.pl\/en\/prawo-i-sprawiedliwosc\/spotkania-mieszkancami-podkarpacia-wybory-samorzadowe-2018\/\"},\"wordCount\":2611,\"commentCount\":0,\"publisher\":{\"@id\":\"https:\/\/marekkuchcinski.pl\/#organization\"},\"image\":{\"@id\":\"https:\/\/marekkuchcinski.pl\/en\/prawo-i-sprawiedliwosc\/spotkania-mieszkancami-podkarpacia-wybory-samorzadowe-2018\/#primaryimage\"},\"thumbnailUrl\":\"https:\/\/marekkuchcinski.pl\/wp-content\/uploads\/2018\/11\/Jasionka-7.jpg\",\"articleSection\":[\"Podkarpacie\",\"Podsumowanie miesi\u0105ca\",\"Prawo i Sprawiedliwo\u015b\u0107\"],\"inLanguage\":\"en-GB\",\"potentialAction\":[{\"@type\":\"CommentAction\",\"name\":\"Comment\",\"target\":[\"https:\/\/marekkuchcinski.pl\/en\/prawo-i-sprawiedliwosc\/spotkania-mieszkancami-podkarpacia-wybory-samorzadowe-2018\/#respond\"]}]},{\"@type\":\"WebPage\",\"@id\":\"https:\/\/marekkuchcinski.pl\/en\/prawo-i-sprawiedliwosc\/spotkania-mieszkancami-podkarpacia-wybory-samorzadowe-2018\/\",\"url\":\"https:\/\/marekkuchcinski.pl\/en\/prawo-i-sprawiedliwosc\/spotkania-mieszkancami-podkarpacia-wybory-samorzadowe-2018\/\",\"name\":\"Spotkania z mieszka\u0144cami Podkarpacia: 1-31 pa\u017adziernika &#8211; Marek Kuchci\u0144ski\",\"isPartOf\":{\"@id\":\"https:\/\/marekkuchcinski.pl\/#website\"},\"primaryImageOfPage\":{\"@id\":\"https:\/\/marekkuchcinski.pl\/en\/prawo-i-sprawiedliwosc\/spotkania-mieszkancami-podkarpacia-wybory-samorzadowe-2018\/#primaryimage\"},\"image\":{\"@id\":\"https:\/\/marekkuchcinski.pl\/en\/prawo-i-sprawiedliwosc\/spotkania-mieszkancami-podkarpacia-wybory-samorzadowe-2018\/#primaryimage\"},\"thumbnailUrl\":\"https:\/\/marekkuchcinski.pl\/wp-content\/uploads\/2018\/11\/Jasionka-7.jpg\",\"datePublished\":\"2018-11-21T12:00:43+00:00\",\"dateModified\":\"2018-11-27T09:48:46+00:00\",\"breadcrumb\":{\"@id\":\"https:\/\/marekkuchcinski.pl\/en\/prawo-i-sprawiedliwosc\/spotkania-mieszkancami-podkarpacia-wybory-samorzadowe-2018\/#breadcrumb\"},\"inLanguage\":\"en-GB\",\"potentialAction\":[{\"@type\":\"ReadAction\",\"target\":[\"https:\/\/marekkuchcinski.pl\/en\/prawo-i-sprawiedliwosc\/spotkania-mieszkancami-podkarpacia-wybory-samorzadowe-2018\/\"]}]},{\"@type\":\"ImageObject\",\"inLanguage\":\"en-GB\",\"@id\":\"https:\/\/marekkuchcinski.pl\/en\/prawo-i-sprawiedliwosc\/spotkania-mieszkancami-podkarpacia-wybory-samorzadowe-2018\/#primaryimage\",\"url\":\"https:\/\/marekkuchcinski.pl\/wp-content\/uploads\/2018\/11\/Jasionka-7.jpg\",\"contentUrl\":\"https:\/\/marekkuchcinski.pl\/wp-content\/uploads\/2018\/11\/Jasionka-7.jpg\",\"width\":960,\"height\":720},{\"@type\":\"BreadcrumbList\",\"@id\":\"https:\/\/marekkuchcinski.pl\/en\/prawo-i-sprawiedliwosc\/spotkania-mieszkancami-podkarpacia-wybory-samorzadowe-2018\/#breadcrumb\",\"itemListElement\":[{\"@type\":\"ListItem\",\"position\":1,\"name\":\"Strona g\u0142\u00f3wna\",\"item\":\"https:\/\/marekkuchcinski.pl\/\"},{\"@type\":\"ListItem\",\"position\":2,\"name\":\"Spotkania z mieszka\u0144cami Podkarpacia: 1-31 pa\u017adziernika\"}]},{\"@type\":\"WebSite\",\"@id\":\"https:\/\/marekkuchcinski.pl\/#website\",\"url\":\"https:\/\/marekkuchcinski.pl\/\",\"name\":\"Marek Kuchci\u0144ski\",\"description\":\"Pose\u0142 na sejm RP &ndash; okr\u0119g nr 22\",\"publisher\":{\"@id\":\"https:\/\/marekkuchcinski.pl\/#organization\"},\"potentialAction\":[{\"@type\":\"SearchAction\",\"target\":{\"@type\":\"EntryPoint\",\"urlTemplate\":\"https:\/\/marekkuchcinski.pl\/?s={search_term_string}\"},\"query-input\":{\"@type\":\"PropertyValueSpecification\",\"valueRequired\":true,\"valueName\":\"search_term_string\"}}],\"inLanguage\":\"en-GB\"},{\"@type\":\"Organization\",\"@id\":\"https:\/\/marekkuchcinski.pl\/#organization\",\"name\":\"Marek Kuchci\u0144ski\",\"url\":\"https:\/\/marekkuchcinski.pl\/\",\"logo\":{\"@type\":\"ImageObject\",\"inLanguage\":\"en-GB\",\"@id\":\"https:\/\/marekkuchcinski.pl\/#\/schema\/logo\/image\/\",\"url\":\"https:\/\/marekkuchcinski.pl\/wp-content\/uploads\/2022\/09\/Marek.jpg\",\"contentUrl\":\"https:\/\/marekkuchcinski.pl\/wp-content\/uploads\/2022\/09\/Marek.jpg\",\"width\":1600,\"height\":971,\"caption\":\"Marek Kuchci\u0144ski\"},\"image\":{\"@id\":\"https:\/\/marekkuchcinski.pl\/#\/schema\/logo\/image\/\"}},{\"@type\":\"Person\",\"@id\":\"https:\/\/marekkuchcinski.pl\/#\/schema\/person\/6f62700996b4d950b6ea2d1183b6c6be\",\"name\":\"admin\",\"image\":{\"@type\":\"ImageObject\",\"inLanguage\":\"en-GB\",\"@id\":\"https:\/\/marekkuchcinski.pl\/#\/schema\/person\/image\/\",\"url\":\"https:\/\/secure.gravatar.com\/avatar\/4bab693b9d55c3d6b52c0296a8765085?s=96&d=mm&r=g\",\"contentUrl\":\"https:\/\/secure.gravatar.com\/avatar\/4bab693b9d55c3d6b52c0296a8765085?s=96&d=mm&r=g\",\"caption\":\"admin\"},\"url\":\"https:\/\/marekkuchcinski.pl\/en\/author\/marta-olejnik\/\"}]}<\/script>\n<!-- \/ Yoast SEO plugin. -->","yoast_head_json":{"title":"Spotkania z mieszka\u0144cami Podkarpacia: 1-31 pa\u017adziernika &#8211; Marek Kuchci\u0144ski","robots":{"index":"index","follow":"follow","max-snippet":"max-snippet:-1","max-image-preview":"max-image-preview:large","max-video-preview":"max-video-preview:-1"},"canonical":"https:\/\/marekkuchcinski.pl\/en\/prawo-i-sprawiedliwosc\/spotkania-mieszkancami-podkarpacia-wybory-samorzadowe-2018\/","og_locale":"en_GB","og_type":"article","og_title":"Spotkania z mieszka\u0144cami Podkarpacia: 1-31 pa\u017adziernika &#8211; Marek Kuchci\u0144ski","og_description":"1 pa\u017adziernika W\u00a0Pola\u0144czyku Marsza\u0142ek Sejmu\u00a0otworzy\u0142 konferencj\u0119 &#8222;Program dla Bieszczad&#8221; Ministerstwa Infrastruktury i Rozwoju. Marek Kuchci\u0144ski powiedzia\u0142, \u017ce konferencj\u0119 otwiera z du\u017cymi nadziejami,\u00a0poniewa\u017c dzi\u0119ki \u201eProgramowi dla Bieszczad\u201d buduje si\u0119 mark\u0119 maj\u0105c\u0105 charakteryzowa\u0107 nasz\u0105 cz\u0119\u015b\u0107 Karpat. \u201eProgram dla Bieszczad\u201d to kolejny etap w polityce rozwoju ca\u0142ych Karpat, a dzi\u015b w Pola\u0144czyku realizuj\u0105 si\u0119 wcze\u015bniejsze ministerialne zapowiedzi. Minister [&hellip;]","og_url":"https:\/\/marekkuchcinski.pl\/en\/prawo-i-sprawiedliwosc\/spotkania-mieszkancami-podkarpacia-wybory-samorzadowe-2018\/","og_site_name":"Marek Kuchci\u0144ski","article_published_time":"2018-11-21T12:00:43+00:00","article_modified_time":"2018-11-27T09:48:46+00:00","og_image":[{"width":960,"height":720,"url":"https:\/\/marekkuchcinski.pl\/wp-content\/uploads\/2018\/11\/Jasionka-7.jpg","type":"image\/jpeg"}],"author":"admin","twitter_card":"summary_large_image","twitter_misc":{"Written by":"admin","Estimated reading time":"13 minutes"},"schema":{"@context":"https:\/\/schema.org","@graph":[{"@type":"Article","@id":"https:\/\/marekkuchcinski.pl\/en\/prawo-i-sprawiedliwosc\/spotkania-mieszkancami-podkarpacia-wybory-samorzadowe-2018\/#article","isPartOf":{"@id":"https:\/\/marekkuchcinski.pl\/en\/prawo-i-sprawiedliwosc\/spotkania-mieszkancami-podkarpacia-wybory-samorzadowe-2018\/"},"author":{"name":"admin","@id":"https:\/\/marekkuchcinski.pl\/#\/schema\/person\/6f62700996b4d950b6ea2d1183b6c6be"},"headline":"Spotkania z mieszka\u0144cami Podkarpacia: 1-31 pa\u017adziernika","datePublished":"2018-11-21T12:00:43+00:00","dateModified":"2018-11-27T09:48:46+00:00","mainEntityOfPage":{"@id":"https:\/\/marekkuchcinski.pl\/en\/prawo-i-sprawiedliwosc\/spotkania-mieszkancami-podkarpacia-wybory-samorzadowe-2018\/"},"wordCount":2611,"commentCount":0,"publisher":{"@id":"https:\/\/marekkuchcinski.pl\/#organization"},"image":{"@id":"https:\/\/marekkuchcinski.pl\/en\/prawo-i-sprawiedliwosc\/spotkania-mieszkancami-podkarpacia-wybory-samorzadowe-2018\/#primaryimage"},"thumbnailUrl":"https:\/\/marekkuchcinski.pl\/wp-content\/uploads\/2018\/11\/Jasionka-7.jpg","articleSection":["Podkarpacie","Podsumowanie miesi\u0105ca","Prawo i Sprawiedliwo\u015b\u0107"],"inLanguage":"en-GB","potentialAction":[{"@type":"CommentAction","name":"Comment","target":["https:\/\/marekkuchcinski.pl\/en\/prawo-i-sprawiedliwosc\/spotkania-mieszkancami-podkarpacia-wybory-samorzadowe-2018\/#respond"]}]},{"@type":"WebPage","@id":"https:\/\/marekkuchcinski.pl\/en\/prawo-i-sprawiedliwosc\/spotkania-mieszkancami-podkarpacia-wybory-samorzadowe-2018\/","url":"https:\/\/marekkuchcinski.pl\/en\/prawo-i-sprawiedliwosc\/spotkania-mieszkancami-podkarpacia-wybory-samorzadowe-2018\/","name":"Spotkania z mieszka\u0144cami Podkarpacia: 1-31 pa\u017adziernika &#8211; Marek Kuchci\u0144ski","isPartOf":{"@id":"https:\/\/marekkuchcinski.pl\/#website"},"primaryImageOfPage":{"@id":"https:\/\/marekkuchcinski.pl\/en\/prawo-i-sprawiedliwosc\/spotkania-mieszkancami-podkarpacia-wybory-samorzadowe-2018\/#primaryimage"},"image":{"@id":"https:\/\/marekkuchcinski.pl\/en\/prawo-i-sprawiedliwosc\/spotkania-mieszkancami-podkarpacia-wybory-samorzadowe-2018\/#primaryimage"},"thumbnailUrl":"https:\/\/marekkuchcinski.pl\/wp-content\/uploads\/2018\/11\/Jasionka-7.jpg","datePublished":"2018-11-21T12:00:43+00:00","dateModified":"2018-11-27T09:48:46+00:00","breadcrumb":{"@id":"https:\/\/marekkuchcinski.pl\/en\/prawo-i-sprawiedliwosc\/spotkania-mieszkancami-podkarpacia-wybory-samorzadowe-2018\/#breadcrumb"},"inLanguage":"en-GB","potentialAction":[{"@type":"ReadAction","target":["https:\/\/marekkuchcinski.pl\/en\/prawo-i-sprawiedliwosc\/spotkania-mieszkancami-podkarpacia-wybory-samorzadowe-2018\/"]}]},{"@type":"ImageObject","inLanguage":"en-GB","@id":"https:\/\/marekkuchcinski.pl\/en\/prawo-i-sprawiedliwosc\/spotkania-mieszkancami-podkarpacia-wybory-samorzadowe-2018\/#primaryimage","url":"https:\/\/marekkuchcinski.pl\/wp-content\/uploads\/2018\/11\/Jasionka-7.jpg","contentUrl":"https:\/\/marekkuchcinski.pl\/wp-content\/uploads\/2018\/11\/Jasionka-7.jpg","width":960,"height":720},{"@type":"BreadcrumbList","@id":"https:\/\/marekkuchcinski.pl\/en\/prawo-i-sprawiedliwosc\/spotkania-mieszkancami-podkarpacia-wybory-samorzadowe-2018\/#breadcrumb","itemListElement":[{"@type":"ListItem","position":1,"name":"Strona g\u0142\u00f3wna","item":"https:\/\/marekkuchcinski.pl\/"},{"@type":"ListItem","position":2,"name":"Spotkania z mieszka\u0144cami Podkarpacia: 1-31 pa\u017adziernika"}]},{"@type":"WebSite","@id":"https:\/\/marekkuchcinski.pl\/#website","url":"https:\/\/marekkuchcinski.pl\/","name":"Marek Kuchci\u0144ski","description":"Pose\u0142 na sejm RP &ndash; okr\u0119g nr 22","publisher":{"@id":"https:\/\/marekkuchcinski.pl\/#organization"},"potentialAction":[{"@type":"SearchAction","target":{"@type":"EntryPoint","urlTemplate":"https:\/\/marekkuchcinski.pl\/?s={search_term_string}"},"query-input":{"@type":"PropertyValueSpecification","valueRequired":true,"valueName":"search_term_string"}}],"inLanguage":"en-GB"},{"@type":"Organization","@id":"https:\/\/marekkuchcinski.pl\/#organization","name":"Marek Kuchci\u0144ski","url":"https:\/\/marekkuchcinski.pl\/","logo":{"@type":"ImageObject","inLanguage":"en-GB","@id":"https:\/\/marekkuchcinski.pl\/#\/schema\/logo\/image\/","url":"https:\/\/marekkuchcinski.pl\/wp-content\/uploads\/2022\/09\/Marek.jpg","contentUrl":"https:\/\/marekkuchcinski.pl\/wp-content\/uploads\/2022\/09\/Marek.jpg","width":1600,"height":971,"caption":"Marek Kuchci\u0144ski"},"image":{"@id":"https:\/\/marekkuchcinski.pl\/#\/schema\/logo\/image\/"}},{"@type":"Person","@id":"https:\/\/marekkuchcinski.pl\/#\/schema\/person\/6f62700996b4d950b6ea2d1183b6c6be","name":"admin","image":{"@type":"ImageObject","inLanguage":"en-GB","@id":"https:\/\/marekkuchcinski.pl\/#\/schema\/person\/image\/","url":"https:\/\/secure.gravatar.com\/avatar\/4bab693b9d55c3d6b52c0296a8765085?s=96&d=mm&r=g","contentUrl":"https:\/\/secure.gravatar.com\/avatar\/4bab693b9d55c3d6b52c0296a8765085?s=96&d=mm&r=g","caption":"admin"},"url":"https:\/\/marekkuchcinski.pl\/en\/author\/marta-olejnik\/"}]}},"_links":{"self":[{"href":"https:\/\/marekkuchcinski.pl\/en\/wp-json\/wp\/v2\/posts\/10784","targetHints":{"allow":["GET"]}}],"collection":[{"href":"https:\/\/marekkuchcinski.pl\/en\/wp-json\/wp\/v2\/posts"}],"about":[{"href":"https:\/\/marekkuchcinski.pl\/en\/wp-json\/wp\/v2\/types\/post"}],"author":[{"embeddable":true,"href":"https:\/\/marekkuchcinski.pl\/en\/wp-json\/wp\/v2\/users\/6"}],"replies":[{"embeddable":true,"href":"https:\/\/marekkuchcinski.pl\/en\/wp-json\/wp\/v2\/comments?post=10784"}],"version-history":[{"count":88,"href":"https:\/\/marekkuchcinski.pl\/en\/wp-json\/wp\/v2\/posts\/10784\/revisions"}],"predecessor-version":[{"id":11318,"href":"https:\/\/marekkuchcinski.pl\/en\/wp-json\/wp\/v2\/posts\/10784\/revisions\/11318"}],"wp:featuredmedia":[{"embeddable":true,"href":"https:\/\/marekkuchcinski.pl\/en\/wp-json\/wp\/v2\/media\/10804"}],"wp:attachment":[{"href":"https:\/\/marekkuchcinski.pl\/en\/wp-json\/wp\/v2\/media?parent=10784"}],"wp:term":[{"taxonomy":"category","embeddable":true,"href":"https:\/\/marekkuchcinski.pl\/en\/wp-json\/wp\/v2\/categories?post=10784"},{"taxonomy":"post_tag","embeddable":true,"href":"https:\/\/marekkuchcinski.pl\/en\/wp-json\/wp\/v2\/tags?post=10784"}],"curies":[{"name":"wp","href":"https:\/\/api.w.org\/{rel}","templated":true}]}}