{"id":10637,"date":"2018-11-09T18:01:24","date_gmt":"2018-11-09T17:01:24","guid":{"rendered":"https:\/\/marekkuchcinski.pl\/?p=10637"},"modified":"2018-11-09T18:54:24","modified_gmt":"2018-11-09T17:54:24","slug":"marek-kuchcinski-wlasne-niepodlegle-panstwo-dla-narodu-stanowi-wartosc-najwyzsza","status":"publish","type":"post","link":"https:\/\/marekkuchcinski.pl\/en\/wydarzenia\/marek-kuchcinski-wlasne-niepodlegle-panstwo-dla-narodu-stanowi-wartosc-najwyzsza\/","title":{"rendered":"Marek Kuchci\u0144ski: The nation's own independent state is its highest value"},"content":{"rendered":"<p>On the occasion of the 100th anniversary of Poland's regaining independence, a commemorative plaque was unveiled at the Przemy\u015bl I High School.<\/p>\n<p>Marshal of the Sejm Marek Kuchci\u0144ski addressed the participants of the ceremony with a letter. He emphasized that t<em>he momentous anniversary undoubtedly serves to reflect on past events. It is also an opportunity to deepen the knowledge of the sacrifice, effort, responsibility and wisdom of our ancestors to build their own independent state, which is the highest value for the nation. The word \"Republic\" contains our history, the memory of the experiences of past generations, their sacrifice at the cost of the highest sacrifice - in defense of the professed values.<\/em><\/p>\n<p>The Speaker wished the attendees,<em> That during this special event, which is an expression of attachment to national traditions so dear to us, each of those present should be accompanied by pride in our history and joy at the successes of our reborn homeland.<\/em><\/p>\n<p>&nbsp;<\/p>\n<p><em>\u00a0<\/em><\/p>\n<p><em>\u00a0 \u00a0 \u00a0 \u00a0 \u00a0 \u00a0 \u00a0 \u00a0 \u00a0 \u00a0 \u00a0 \u00a0 \u00a0 \u00a0 \u00a0 \u00a0 \u00a0 \u00a0 \u00a0 \u00a0 \u00a0 \u00a0 \u00a0 \u00a0 \u00a0 \u00a0 \u00a0 \u00a0 \u00a0 \u00a0 \u00a0 \u00a0 \u00a0 \u00a0 \u00a0 \u00a0 \u00a0 \u00a0 \u00a0 \u00a0 \u00a0 \u00a0 \u00a0 \u00a0 \u00a0<a href=\"https:\/\/marekkuchcinski.pl\/wp-content\/uploads\/2018\/11\/45671325_251368972195872_2076972710340067328_n.jpg\"><img fetchpriority=\"high\" decoding=\"async\" class=\"alignnone size-full wp-image-10638\" src=\"https:\/\/marekkuchcinski.pl\/wp-content\/uploads\/2018\/11\/45671325_251368972195872_2076972710340067328_n.jpg\" alt=\"45671325_251368972195872_2076972710340067328_n\" width=\"2939\" height=\"1821\" srcset=\"https:\/\/marekkuchcinski.pl\/wp-content\/uploads\/2018\/11\/45671325_251368972195872_2076972710340067328_n.jpg 2048w, https:\/\/marekkuchcinski.pl\/wp-content\/uploads\/2018\/11\/45671325_251368972195872_2076972710340067328_n-300x186.jpg 300w, https:\/\/marekkuchcinski.pl\/wp-content\/uploads\/2018\/11\/45671325_251368972195872_2076972710340067328_n-768x476.jpg 768w, https:\/\/marekkuchcinski.pl\/wp-content\/uploads\/2018\/11\/45671325_251368972195872_2076972710340067328_n-1024x634.jpg 1024w\" sizes=\"(max-width: 2939px) 100vw, 2939px\" \/><\/a><\/em><\/p>","protected":false},"excerpt":{"rendered":"<p>Z okazji 100. rocznicy odzyskania przez Polsk\u0119 Niepodleg\u0142o\u015bci\u00a0w I Liceum Og\u00f3lnokszta\u0142c\u0105cym w Przemy\u015blu ods\u0142oni\u0119to okoliczno\u015bciow\u0105 tablic\u0119. Do uczestnik\u00f3w uroczysto\u015bci list skierowa\u0142 marsza\u0142ek Sejmu Marek Kuchci\u0144ski. Podkre\u015bli\u0142, \u017ce ta donios\u0142a rocznica s\u0142u\u017cy niew\u0105tpliwie refleksji nad minionymi wydarzeniami. Jest r\u00f3wnie\u017c okazj\u0105 do pog\u0142\u0119bienia wiedzy o tym, z jakim po\u015bwi\u0119ceniem, trudem, odpowiedzialno\u015bci\u0105 i\u00a0\u00a0m\u0105dro\u015bci\u0105 nasi przodkowie budowali w\u0142asne niepodleg\u0142e [&hellip;]<\/p>","protected":false},"author":6,"featured_media":10638,"comment_status":"open","ping_status":"open","sticky":false,"template":"","format":"standard","meta":{"ngg_post_thumbnail":0,"footnotes":""},"categories":[104,49,77,3],"tags":[],"class_list":["post-10637","post","type-post","status-publish","format-standard","has-post-thumbnail","hentry","category-lms","category-podkarpacie","category-wazne-daty","category-wydarzenia"],"yoast_head":"<!-- This site is optimized with the Yoast SEO plugin v24.7 - https:\/\/yoast.com\/wordpress\/plugins\/seo\/ -->\n<title>Marek Kuchci\u0144ski: W\u0142asne niepodleg\u0142e pa\u0144stwo dla narodu stanowi warto\u015b\u0107 najwy\u017csz\u0105 &#8211; Marek Kuchci\u0144ski<\/title>\n<meta name=\"robots\" content=\"index, follow, max-snippet:-1, max-image-preview:large, max-video-preview:-1\" \/>\n<link rel=\"canonical\" href=\"https:\/\/marekkuchcinski.pl\/en\/wydarzenia\/marek-kuchcinski-wlasne-niepodlegle-panstwo-dla-narodu-stanowi-wartosc-najwyzsza\/\" \/>\n<meta property=\"og:locale\" content=\"en_GB\" \/>\n<meta property=\"og:type\" content=\"article\" \/>\n<meta property=\"og:title\" content=\"Marek Kuchci\u0144ski: W\u0142asne niepodleg\u0142e pa\u0144stwo dla narodu stanowi warto\u015b\u0107 najwy\u017csz\u0105 &#8211; Marek Kuchci\u0144ski\" \/>\n<meta property=\"og:description\" content=\"Z okazji 100. rocznicy odzyskania przez Polsk\u0119 Niepodleg\u0142o\u015bci\u00a0w I Liceum Og\u00f3lnokszta\u0142c\u0105cym w Przemy\u015blu ods\u0142oni\u0119to okoliczno\u015bciow\u0105 tablic\u0119. Do uczestnik\u00f3w uroczysto\u015bci list skierowa\u0142 marsza\u0142ek Sejmu Marek Kuchci\u0144ski. Podkre\u015bli\u0142, \u017ce ta donios\u0142a rocznica s\u0142u\u017cy niew\u0105tpliwie refleksji nad minionymi wydarzeniami. Jest r\u00f3wnie\u017c okazj\u0105 do pog\u0142\u0119bienia wiedzy o tym, z jakim po\u015bwi\u0119ceniem, trudem, odpowiedzialno\u015bci\u0105 i\u00a0\u00a0m\u0105dro\u015bci\u0105 nasi przodkowie budowali w\u0142asne niepodleg\u0142e [&hellip;]\" \/>\n<meta property=\"og:url\" content=\"https:\/\/marekkuchcinski.pl\/en\/wydarzenia\/marek-kuchcinski-wlasne-niepodlegle-panstwo-dla-narodu-stanowi-wartosc-najwyzsza\/\" \/>\n<meta property=\"og:site_name\" content=\"Marek Kuchci\u0144ski\" \/>\n<meta property=\"article:published_time\" content=\"2018-11-09T17:01:24+00:00\" \/>\n<meta property=\"article:modified_time\" content=\"2018-11-09T17:54:24+00:00\" \/>\n<meta property=\"og:image\" content=\"https:\/\/marekkuchcinski.pl\/wp-content\/uploads\/2018\/11\/45671325_251368972195872_2076972710340067328_n.jpg\" \/>\n\t<meta property=\"og:image:width\" content=\"2048\" \/>\n\t<meta property=\"og:image:height\" content=\"1269\" \/>\n\t<meta property=\"og:image:type\" content=\"image\/jpeg\" \/>\n<meta name=\"author\" content=\"admin\" \/>\n<meta name=\"twitter:card\" content=\"summary_large_image\" \/>\n<meta name=\"twitter:label1\" content=\"Written by\" \/>\n\t<meta name=\"twitter:data1\" content=\"admin\" \/>\n\t<meta name=\"twitter:label2\" content=\"Estimated reading time\" \/>\n\t<meta name=\"twitter:data2\" content=\"1 minute\" \/>\n<script type=\"application\/ld+json\" class=\"yoast-schema-graph\">{\"@context\":\"https:\/\/schema.org\",\"@graph\":[{\"@type\":\"Article\",\"@id\":\"https:\/\/marekkuchcinski.pl\/sk\/wydarzenia\/marek-kuchcinski-wlasne-niepodlegle-panstwo-dla-narodu-stanowi-wartosc-najwyzsza\/#article\",\"isPartOf\":{\"@id\":\"https:\/\/marekkuchcinski.pl\/sk\/wydarzenia\/marek-kuchcinski-wlasne-niepodlegle-panstwo-dla-narodu-stanowi-wartosc-najwyzsza\/\"},\"author\":{\"name\":\"admin\",\"@id\":\"https:\/\/marekkuchcinski.pl\/#\/schema\/person\/6f62700996b4d950b6ea2d1183b6c6be\"},\"headline\":\"Marek Kuchci\u0144ski: W\u0142asne niepodleg\u0142e pa\u0144stwo dla narodu stanowi warto\u015b\u0107 najwy\u017csz\u0105\",\"datePublished\":\"2018-11-09T17:01:24+00:00\",\"dateModified\":\"2018-11-09T17:54:24+00:00\",\"mainEntityOfPage\":{\"@id\":\"https:\/\/marekkuchcinski.pl\/sk\/wydarzenia\/marek-kuchcinski-wlasne-niepodlegle-panstwo-dla-narodu-stanowi-wartosc-najwyzsza\/\"},\"wordCount\":177,\"commentCount\":0,\"publisher\":{\"@id\":\"https:\/\/marekkuchcinski.pl\/#organization\"},\"image\":{\"@id\":\"https:\/\/marekkuchcinski.pl\/sk\/wydarzenia\/marek-kuchcinski-wlasne-niepodlegle-panstwo-dla-narodu-stanowi-wartosc-najwyzsza\/#primaryimage\"},\"thumbnailUrl\":\"https:\/\/marekkuchcinski.pl\/wp-content\/uploads\/2018\/11\/45671325_251368972195872_2076972710340067328_n.jpg\",\"articleSection\":[\"Listy Marsza\u0142ka Sejmu\",\"Podkarpacie\",\"Wa\u017cne daty\",\"Wydarzenia\"],\"inLanguage\":\"en-GB\",\"potentialAction\":[{\"@type\":\"CommentAction\",\"name\":\"Comment\",\"target\":[\"https:\/\/marekkuchcinski.pl\/sk\/wydarzenia\/marek-kuchcinski-wlasne-niepodlegle-panstwo-dla-narodu-stanowi-wartosc-najwyzsza\/#respond\"]}]},{\"@type\":\"WebPage\",\"@id\":\"https:\/\/marekkuchcinski.pl\/sk\/wydarzenia\/marek-kuchcinski-wlasne-niepodlegle-panstwo-dla-narodu-stanowi-wartosc-najwyzsza\/\",\"url\":\"https:\/\/marekkuchcinski.pl\/sk\/wydarzenia\/marek-kuchcinski-wlasne-niepodlegle-panstwo-dla-narodu-stanowi-wartosc-najwyzsza\/\",\"name\":\"Marek Kuchci\u0144ski: W\u0142asne niepodleg\u0142e pa\u0144stwo dla narodu stanowi warto\u015b\u0107 najwy\u017csz\u0105 &#8211; Marek Kuchci\u0144ski\",\"isPartOf\":{\"@id\":\"https:\/\/marekkuchcinski.pl\/#website\"},\"primaryImageOfPage\":{\"@id\":\"https:\/\/marekkuchcinski.pl\/sk\/wydarzenia\/marek-kuchcinski-wlasne-niepodlegle-panstwo-dla-narodu-stanowi-wartosc-najwyzsza\/#primaryimage\"},\"image\":{\"@id\":\"https:\/\/marekkuchcinski.pl\/sk\/wydarzenia\/marek-kuchcinski-wlasne-niepodlegle-panstwo-dla-narodu-stanowi-wartosc-najwyzsza\/#primaryimage\"},\"thumbnailUrl\":\"https:\/\/marekkuchcinski.pl\/wp-content\/uploads\/2018\/11\/45671325_251368972195872_2076972710340067328_n.jpg\",\"datePublished\":\"2018-11-09T17:01:24+00:00\",\"dateModified\":\"2018-11-09T17:54:24+00:00\",\"breadcrumb\":{\"@id\":\"https:\/\/marekkuchcinski.pl\/sk\/wydarzenia\/marek-kuchcinski-wlasne-niepodlegle-panstwo-dla-narodu-stanowi-wartosc-najwyzsza\/#breadcrumb\"},\"inLanguage\":\"en-GB\",\"potentialAction\":[{\"@type\":\"ReadAction\",\"target\":[\"https:\/\/marekkuchcinski.pl\/sk\/wydarzenia\/marek-kuchcinski-wlasne-niepodlegle-panstwo-dla-narodu-stanowi-wartosc-najwyzsza\/\"]}]},{\"@type\":\"ImageObject\",\"inLanguage\":\"en-GB\",\"@id\":\"https:\/\/marekkuchcinski.pl\/sk\/wydarzenia\/marek-kuchcinski-wlasne-niepodlegle-panstwo-dla-narodu-stanowi-wartosc-najwyzsza\/#primaryimage\",\"url\":\"https:\/\/marekkuchcinski.pl\/wp-content\/uploads\/2018\/11\/45671325_251368972195872_2076972710340067328_n.jpg\",\"contentUrl\":\"https:\/\/marekkuchcinski.pl\/wp-content\/uploads\/2018\/11\/45671325_251368972195872_2076972710340067328_n.jpg\",\"width\":2048,\"height\":1269},{\"@type\":\"BreadcrumbList\",\"@id\":\"https:\/\/marekkuchcinski.pl\/sk\/wydarzenia\/marek-kuchcinski-wlasne-niepodlegle-panstwo-dla-narodu-stanowi-wartosc-najwyzsza\/#breadcrumb\",\"itemListElement\":[{\"@type\":\"ListItem\",\"position\":1,\"name\":\"Strona g\u0142\u00f3wna\",\"item\":\"https:\/\/marekkuchcinski.pl\/\"},{\"@type\":\"ListItem\",\"position\":2,\"name\":\"Marek Kuchci\u0144ski: W\u0142asne niepodleg\u0142e pa\u0144stwo dla narodu stanowi warto\u015b\u0107 najwy\u017csz\u0105\"}]},{\"@type\":\"WebSite\",\"@id\":\"https:\/\/marekkuchcinski.pl\/#website\",\"url\":\"https:\/\/marekkuchcinski.pl\/\",\"name\":\"Marek Kuchci\u0144ski\",\"description\":\"Pose\u0142 na sejm RP &ndash; okr\u0119g nr 22\",\"publisher\":{\"@id\":\"https:\/\/marekkuchcinski.pl\/#organization\"},\"potentialAction\":[{\"@type\":\"SearchAction\",\"target\":{\"@type\":\"EntryPoint\",\"urlTemplate\":\"https:\/\/marekkuchcinski.pl\/?s={search_term_string}\"},\"query-input\":{\"@type\":\"PropertyValueSpecification\",\"valueRequired\":true,\"valueName\":\"search_term_string\"}}],\"inLanguage\":\"en-GB\"},{\"@type\":\"Organization\",\"@id\":\"https:\/\/marekkuchcinski.pl\/#organization\",\"name\":\"Marek Kuchci\u0144ski\",\"url\":\"https:\/\/marekkuchcinski.pl\/\",\"logo\":{\"@type\":\"ImageObject\",\"inLanguage\":\"en-GB\",\"@id\":\"https:\/\/marekkuchcinski.pl\/#\/schema\/logo\/image\/\",\"url\":\"https:\/\/marekkuchcinski.pl\/wp-content\/uploads\/2022\/09\/Marek.jpg\",\"contentUrl\":\"https:\/\/marekkuchcinski.pl\/wp-content\/uploads\/2022\/09\/Marek.jpg\",\"width\":1600,\"height\":971,\"caption\":\"Marek Kuchci\u0144ski\"},\"image\":{\"@id\":\"https:\/\/marekkuchcinski.pl\/#\/schema\/logo\/image\/\"}},{\"@type\":\"Person\",\"@id\":\"https:\/\/marekkuchcinski.pl\/#\/schema\/person\/6f62700996b4d950b6ea2d1183b6c6be\",\"name\":\"admin\",\"image\":{\"@type\":\"ImageObject\",\"inLanguage\":\"en-GB\",\"@id\":\"https:\/\/marekkuchcinski.pl\/#\/schema\/person\/image\/\",\"url\":\"https:\/\/secure.gravatar.com\/avatar\/4bab693b9d55c3d6b52c0296a8765085?s=96&d=mm&r=g\",\"contentUrl\":\"https:\/\/secure.gravatar.com\/avatar\/4bab693b9d55c3d6b52c0296a8765085?s=96&d=mm&r=g\",\"caption\":\"admin\"},\"url\":\"https:\/\/marekkuchcinski.pl\/en\/author\/marta-olejnik\/\"}]}<\/script>\n<!-- \/ Yoast SEO plugin. -->","yoast_head_json":{"title":"Marek Kuchci\u0144ski: W\u0142asne niepodleg\u0142e pa\u0144stwo dla narodu stanowi warto\u015b\u0107 najwy\u017csz\u0105 &#8211; Marek Kuchci\u0144ski","robots":{"index":"index","follow":"follow","max-snippet":"max-snippet:-1","max-image-preview":"max-image-preview:large","max-video-preview":"max-video-preview:-1"},"canonical":"https:\/\/marekkuchcinski.pl\/en\/wydarzenia\/marek-kuchcinski-wlasne-niepodlegle-panstwo-dla-narodu-stanowi-wartosc-najwyzsza\/","og_locale":"en_GB","og_type":"article","og_title":"Marek Kuchci\u0144ski: W\u0142asne niepodleg\u0142e pa\u0144stwo dla narodu stanowi warto\u015b\u0107 najwy\u017csz\u0105 &#8211; Marek Kuchci\u0144ski","og_description":"Z okazji 100. rocznicy odzyskania przez Polsk\u0119 Niepodleg\u0142o\u015bci\u00a0w I Liceum Og\u00f3lnokszta\u0142c\u0105cym w Przemy\u015blu ods\u0142oni\u0119to okoliczno\u015bciow\u0105 tablic\u0119. Do uczestnik\u00f3w uroczysto\u015bci list skierowa\u0142 marsza\u0142ek Sejmu Marek Kuchci\u0144ski. Podkre\u015bli\u0142, \u017ce ta donios\u0142a rocznica s\u0142u\u017cy niew\u0105tpliwie refleksji nad minionymi wydarzeniami. Jest r\u00f3wnie\u017c okazj\u0105 do pog\u0142\u0119bienia wiedzy o tym, z jakim po\u015bwi\u0119ceniem, trudem, odpowiedzialno\u015bci\u0105 i\u00a0\u00a0m\u0105dro\u015bci\u0105 nasi przodkowie budowali w\u0142asne niepodleg\u0142e [&hellip;]","og_url":"https:\/\/marekkuchcinski.pl\/en\/wydarzenia\/marek-kuchcinski-wlasne-niepodlegle-panstwo-dla-narodu-stanowi-wartosc-najwyzsza\/","og_site_name":"Marek Kuchci\u0144ski","article_published_time":"2018-11-09T17:01:24+00:00","article_modified_time":"2018-11-09T17:54:24+00:00","og_image":[{"width":2048,"height":1269,"url":"https:\/\/marekkuchcinski.pl\/wp-content\/uploads\/2018\/11\/45671325_251368972195872_2076972710340067328_n.jpg","type":"image\/jpeg"}],"author":"admin","twitter_card":"summary_large_image","twitter_misc":{"Written by":"admin","Estimated reading time":"1 minute"},"schema":{"@context":"https:\/\/schema.org","@graph":[{"@type":"Article","@id":"https:\/\/marekkuchcinski.pl\/sk\/wydarzenia\/marek-kuchcinski-wlasne-niepodlegle-panstwo-dla-narodu-stanowi-wartosc-najwyzsza\/#article","isPartOf":{"@id":"https:\/\/marekkuchcinski.pl\/sk\/wydarzenia\/marek-kuchcinski-wlasne-niepodlegle-panstwo-dla-narodu-stanowi-wartosc-najwyzsza\/"},"author":{"name":"admin","@id":"https:\/\/marekkuchcinski.pl\/#\/schema\/person\/6f62700996b4d950b6ea2d1183b6c6be"},"headline":"Marek Kuchci\u0144ski: W\u0142asne niepodleg\u0142e pa\u0144stwo dla narodu stanowi warto\u015b\u0107 najwy\u017csz\u0105","datePublished":"2018-11-09T17:01:24+00:00","dateModified":"2018-11-09T17:54:24+00:00","mainEntityOfPage":{"@id":"https:\/\/marekkuchcinski.pl\/sk\/wydarzenia\/marek-kuchcinski-wlasne-niepodlegle-panstwo-dla-narodu-stanowi-wartosc-najwyzsza\/"},"wordCount":177,"commentCount":0,"publisher":{"@id":"https:\/\/marekkuchcinski.pl\/#organization"},"image":{"@id":"https:\/\/marekkuchcinski.pl\/sk\/wydarzenia\/marek-kuchcinski-wlasne-niepodlegle-panstwo-dla-narodu-stanowi-wartosc-najwyzsza\/#primaryimage"},"thumbnailUrl":"https:\/\/marekkuchcinski.pl\/wp-content\/uploads\/2018\/11\/45671325_251368972195872_2076972710340067328_n.jpg","articleSection":["Listy Marsza\u0142ka Sejmu","Podkarpacie","Wa\u017cne daty","Wydarzenia"],"inLanguage":"en-GB","potentialAction":[{"@type":"CommentAction","name":"Comment","target":["https:\/\/marekkuchcinski.pl\/sk\/wydarzenia\/marek-kuchcinski-wlasne-niepodlegle-panstwo-dla-narodu-stanowi-wartosc-najwyzsza\/#respond"]}]},{"@type":"WebPage","@id":"https:\/\/marekkuchcinski.pl\/sk\/wydarzenia\/marek-kuchcinski-wlasne-niepodlegle-panstwo-dla-narodu-stanowi-wartosc-najwyzsza\/","url":"https:\/\/marekkuchcinski.pl\/sk\/wydarzenia\/marek-kuchcinski-wlasne-niepodlegle-panstwo-dla-narodu-stanowi-wartosc-najwyzsza\/","name":"Marek Kuchci\u0144ski: W\u0142asne niepodleg\u0142e pa\u0144stwo dla narodu stanowi warto\u015b\u0107 najwy\u017csz\u0105 &#8211; Marek Kuchci\u0144ski","isPartOf":{"@id":"https:\/\/marekkuchcinski.pl\/#website"},"primaryImageOfPage":{"@id":"https:\/\/marekkuchcinski.pl\/sk\/wydarzenia\/marek-kuchcinski-wlasne-niepodlegle-panstwo-dla-narodu-stanowi-wartosc-najwyzsza\/#primaryimage"},"image":{"@id":"https:\/\/marekkuchcinski.pl\/sk\/wydarzenia\/marek-kuchcinski-wlasne-niepodlegle-panstwo-dla-narodu-stanowi-wartosc-najwyzsza\/#primaryimage"},"thumbnailUrl":"https:\/\/marekkuchcinski.pl\/wp-content\/uploads\/2018\/11\/45671325_251368972195872_2076972710340067328_n.jpg","datePublished":"2018-11-09T17:01:24+00:00","dateModified":"2018-11-09T17:54:24+00:00","breadcrumb":{"@id":"https:\/\/marekkuchcinski.pl\/sk\/wydarzenia\/marek-kuchcinski-wlasne-niepodlegle-panstwo-dla-narodu-stanowi-wartosc-najwyzsza\/#breadcrumb"},"inLanguage":"en-GB","potentialAction":[{"@type":"ReadAction","target":["https:\/\/marekkuchcinski.pl\/sk\/wydarzenia\/marek-kuchcinski-wlasne-niepodlegle-panstwo-dla-narodu-stanowi-wartosc-najwyzsza\/"]}]},{"@type":"ImageObject","inLanguage":"en-GB","@id":"https:\/\/marekkuchcinski.pl\/sk\/wydarzenia\/marek-kuchcinski-wlasne-niepodlegle-panstwo-dla-narodu-stanowi-wartosc-najwyzsza\/#primaryimage","url":"https:\/\/marekkuchcinski.pl\/wp-content\/uploads\/2018\/11\/45671325_251368972195872_2076972710340067328_n.jpg","contentUrl":"https:\/\/marekkuchcinski.pl\/wp-content\/uploads\/2018\/11\/45671325_251368972195872_2076972710340067328_n.jpg","width":2048,"height":1269},{"@type":"BreadcrumbList","@id":"https:\/\/marekkuchcinski.pl\/sk\/wydarzenia\/marek-kuchcinski-wlasne-niepodlegle-panstwo-dla-narodu-stanowi-wartosc-najwyzsza\/#breadcrumb","itemListElement":[{"@type":"ListItem","position":1,"name":"Strona g\u0142\u00f3wna","item":"https:\/\/marekkuchcinski.pl\/"},{"@type":"ListItem","position":2,"name":"Marek Kuchci\u0144ski: W\u0142asne niepodleg\u0142e pa\u0144stwo dla narodu stanowi warto\u015b\u0107 najwy\u017csz\u0105"}]},{"@type":"WebSite","@id":"https:\/\/marekkuchcinski.pl\/#website","url":"https:\/\/marekkuchcinski.pl\/","name":"Marek Kuchci\u0144ski","description":"Pose\u0142 na sejm RP &ndash; okr\u0119g nr 22","publisher":{"@id":"https:\/\/marekkuchcinski.pl\/#organization"},"potentialAction":[{"@type":"SearchAction","target":{"@type":"EntryPoint","urlTemplate":"https:\/\/marekkuchcinski.pl\/?s={search_term_string}"},"query-input":{"@type":"PropertyValueSpecification","valueRequired":true,"valueName":"search_term_string"}}],"inLanguage":"en-GB"},{"@type":"Organization","@id":"https:\/\/marekkuchcinski.pl\/#organization","name":"Marek Kuchci\u0144ski","url":"https:\/\/marekkuchcinski.pl\/","logo":{"@type":"ImageObject","inLanguage":"en-GB","@id":"https:\/\/marekkuchcinski.pl\/#\/schema\/logo\/image\/","url":"https:\/\/marekkuchcinski.pl\/wp-content\/uploads\/2022\/09\/Marek.jpg","contentUrl":"https:\/\/marekkuchcinski.pl\/wp-content\/uploads\/2022\/09\/Marek.jpg","width":1600,"height":971,"caption":"Marek Kuchci\u0144ski"},"image":{"@id":"https:\/\/marekkuchcinski.pl\/#\/schema\/logo\/image\/"}},{"@type":"Person","@id":"https:\/\/marekkuchcinski.pl\/#\/schema\/person\/6f62700996b4d950b6ea2d1183b6c6be","name":"admin","image":{"@type":"ImageObject","inLanguage":"en-GB","@id":"https:\/\/marekkuchcinski.pl\/#\/schema\/person\/image\/","url":"https:\/\/secure.gravatar.com\/avatar\/4bab693b9d55c3d6b52c0296a8765085?s=96&d=mm&r=g","contentUrl":"https:\/\/secure.gravatar.com\/avatar\/4bab693b9d55c3d6b52c0296a8765085?s=96&d=mm&r=g","caption":"admin"},"url":"https:\/\/marekkuchcinski.pl\/en\/author\/marta-olejnik\/"}]}},"_links":{"self":[{"href":"https:\/\/marekkuchcinski.pl\/en\/wp-json\/wp\/v2\/posts\/10637","targetHints":{"allow":["GET"]}}],"collection":[{"href":"https:\/\/marekkuchcinski.pl\/en\/wp-json\/wp\/v2\/posts"}],"about":[{"href":"https:\/\/marekkuchcinski.pl\/en\/wp-json\/wp\/v2\/types\/post"}],"author":[{"embeddable":true,"href":"https:\/\/marekkuchcinski.pl\/en\/wp-json\/wp\/v2\/users\/6"}],"replies":[{"embeddable":true,"href":"https:\/\/marekkuchcinski.pl\/en\/wp-json\/wp\/v2\/comments?post=10637"}],"version-history":[{"count":3,"href":"https:\/\/marekkuchcinski.pl\/en\/wp-json\/wp\/v2\/posts\/10637\/revisions"}],"predecessor-version":[{"id":10641,"href":"https:\/\/marekkuchcinski.pl\/en\/wp-json\/wp\/v2\/posts\/10637\/revisions\/10641"}],"wp:featuredmedia":[{"embeddable":true,"href":"https:\/\/marekkuchcinski.pl\/en\/wp-json\/wp\/v2\/media\/10638"}],"wp:attachment":[{"href":"https:\/\/marekkuchcinski.pl\/en\/wp-json\/wp\/v2\/media?parent=10637"}],"wp:term":[{"taxonomy":"category","embeddable":true,"href":"https:\/\/marekkuchcinski.pl\/en\/wp-json\/wp\/v2\/categories?post=10637"},{"taxonomy":"post_tag","embeddable":true,"href":"https:\/\/marekkuchcinski.pl\/en\/wp-json\/wp\/v2\/tags?post=10637"}],"curies":[{"name":"wp","href":"https:\/\/api.w.org\/{rel}","templated":true}]}}