{"id":10565,"date":"2018-11-07T15:42:34","date_gmt":"2018-11-07T14:42:34","guid":{"rendered":"https:\/\/marekkuchcinski.pl\/?p=10565"},"modified":"2018-11-07T15:42:34","modified_gmt":"2018-11-07T14:42:34","slug":"polska-stronie-niepodleglej-suwerennej-gruzji-wizyta-marszalka-sejmu-tbilisi","status":"publish","type":"post","link":"https:\/\/marekkuchcinski.pl\/en\/wspolpraca-miedzynarodowa\/polska-stronie-niepodleglej-suwerennej-gruzji-wizyta-marszalka-sejmu-tbilisi\/","title":{"rendered":"\"Poland on the side of independent and sovereign Georgia\". The visit of the Speaker of the Sejm in Tbilisi"},"content":{"rendered":"<p dir=\"ltr\">The signing of the Statute of the Parliamentary Assembly of Poland and Georgia was the highlight of a two-day (5-6 November) visit to Tbilisi by Sejm Speaker Marek Kuchci\u0144ski. The delegation also included members of the Parliamentary Delegation of the Sejm and Senate to the Parliamentary Assembly of both countries: Deputy Speaker of the Senate Maria Koc and deputies Ma\u0142gorzata Gosiewska, Magdalena Kochan and Bartosz J\u00f3zwiak. The Sejm was also represented by Agnieszka Kaczmarska, Head of the Chancellery. The Polish side was completed by Deputy Minister of Foreign Affairs Szymon Szynkowski vel S\u0119k and Jan Malicki, Director of the East European Studies at Warsaw University.<\/p>\n<p dir=\"ltr\">On Monday the delegation went to the Parliament's seat, where the Speaker of the Sejm met with the Speaker Irakli Kobakhidze. Politicians discussed Polish-Georgian political, economic, educational and cultural cooperation. The Speaker of the Sejm emphasized that Poland opposes any actions that infringe upon the national borders and presented the Speaker of the Georgian Parliament with a resolution which, in October this year, was used by the Sejm to commemorate the 10th anniversary of the Polish-Georgian war. The Seym commemorated the 10th anniversary of the Russian aggression against Georgia. Chairman Kobakhidze thanked for the resolution and emphasized that deepening cooperation with Warsaw is a priority for Tbilisi. - Poles and Georgians are connected by special interpersonal and historical relations. This is the foundation of our cooperation - he said.<\/p>\n<p dir=\"ltr\">Heads of both Chambers signed the Statute of the Parliamentary Assembly of the Republic of Poland and Georgia, and then met for a press conference. - Such agreements are undertaken by the Sejm and the Senate in exceptional cases and only with friendly states. Our friendship has lasted for a hundred years, and its solid foundations are institutionally strengthened - said Marshal Kuchci\u0144ski. The Assembly, which was established by the Sejm, the Senate and the Parliament of Georgia in March 2018, will consider matters of interest to the parliaments of both countries and adopt common positions in this regard.<\/p>\n<p dir=\"ltr\">During her visit to the Georgian Parliament, Minister Agnieszka Kaczmarska met with the Secretary General of the Georgian Parliament Givi Mikanadze.<\/p>\n<p dir=\"ltr\">In the seat of the National Library, in the presence of a large local Polish community, the heads of both Chambers took part in the ceremonial opening of the Polish Library. - We are united by values and goals, such as freedom and independence,\" said Marek Kuchci\u0144ski, recalling the arrival of President Lech Kaczynski and other European leaders in Tbilisi in 2008 and the support they gave then to Georgia in its conflict with Russia. As Chairman Kobakhidze noted, the opening of the Library is a testimony to the deepening of Polish-Georgian relations. Also during the ceremony of the opening of the Polish Institute, which took place in the Parliament, Marek Kuchci\u0144ski and Irakli Kobakhidze emphasized the friendly relations between the two countries, while the deputy head of the Ministry of Foreign Affairs Szymon Szynkowski vel S\u0119k noted that the opening of the Institute is the next step in strengthening the lasting friendship between Poland and Georgia. Other speakers at the ceremony included Polish Ambassador to Georgia Mariusz Maszkiewicz and Lech Ko\u0144czak, Director of the Polish Institute in Tbilisi.<\/p>\n<p dir=\"ltr\">On Tuesday, together with the Polish delegation, the Speaker of the Sejm laid a wreath at the monument to the late President Lech Kaczynski and paid tribute to the heroes killed for the unity of Georgia. In Tbilisi Marek Kuchci\u0144ski also took part in unveiling of the plaque of the Polish Institute at the Polish Embassy. - We wish Georgia success in consolidating its sovereignty and striving for integration with Europe,\" said Marshal Kuchci\u0144ski. The Polish delegation then travelled to Odzisi, where they visited the line of demarcation with the territory occupied since 2008 by Russian troops. In a conversation with the media, the Speaker of the Sejm stressed that Poland invariably does not agree with Russia's annexation of Georgian territories. - We must firmly demand the return of the territories occupied as a result of the aggression. We came here to express solidarity with the Georgian state.<\/p>\n<p dir=\"ltr\">After returning to Tbilisi, Marek Kuchcinski met with Elijah II, Catholicos-Patriarch, head of the Georgian Orthodox Church. - In my homeland the Church has always been pro-state and pro-national. And when the state was missing on the map, it even replaced it to some extent. It was similar in Georgia. I would like to express my highest respect. Poland has always been, is and will be on the side of independent and sovereign Georgia,\" said Marek Kuchci\u0144ski.<\/p>\n<p>http:\/\/www.sejm.gov.pl\/Sejm8.nsf\/komunikat.xsp?documentId=C2F2E557D02768E9C125833D003DD522<\/p>","protected":false},"excerpt":{"rendered":"<p>Podpisanie statutu Zgromadzenia Parlamentarnego Polski i Gruzji by\u0142o g\u0142\u00f3wnym punktem dwudniowej (5 \u2013 6 listopada) wizyty marsza\u0142ka Sejmu Marek Kuchci\u0144skiego w Tbilisi. W delegacji uczestniczyli r\u00f3wnie\u017c parlamentarzy\u015bci-cz\u0142onkowie Delegacji Sejmu i Senatu do Zgromadzenia Parlamentarnego obu pa\u0144stw: wicemarsza\u0142ek Senatu Maria Koc oraz pos\u0142owie Ma\u0142gorzata Gosiewska, Magdalena Kochan i Bartosz J\u00f3zwiak. Sejm reprezentowa\u0142a tak\u017ce Agnieszka Kaczmarska, szef [&hellip;]<\/p>","protected":false},"author":6,"featured_media":10566,"comment_status":"open","ping_status":"open","sticky":false,"template":"","format":"standard","meta":{"ngg_post_thumbnail":0,"footnotes":""},"categories":[50],"tags":[],"class_list":["post-10565","post","type-post","status-publish","format-standard","has-post-thumbnail","hentry","category-wspolpraca-miedzynarodowa"],"yoast_head":"<!-- This site is optimized with the Yoast SEO plugin v24.7 - https:\/\/yoast.com\/wordpress\/plugins\/seo\/ -->\n<title>\u201ePolska po stronie niepodleg\u0142ej i suwerennej Gruzji\u201d. Wizyta Marsza\u0142ka Sejmu w Tbilisi &#8211; Marek Kuchci\u0144ski<\/title>\n<meta name=\"robots\" content=\"index, follow, max-snippet:-1, max-image-preview:large, max-video-preview:-1\" \/>\n<link rel=\"canonical\" href=\"https:\/\/marekkuchcinski.pl\/en\/wspolpraca-miedzynarodowa\/polska-stronie-niepodleglej-suwerennej-gruzji-wizyta-marszalka-sejmu-tbilisi\/\" \/>\n<meta property=\"og:locale\" content=\"en_GB\" \/>\n<meta property=\"og:type\" content=\"article\" \/>\n<meta property=\"og:title\" content=\"\u201ePolska po stronie niepodleg\u0142ej i suwerennej Gruzji\u201d. Wizyta Marsza\u0142ka Sejmu w Tbilisi &#8211; Marek Kuchci\u0144ski\" \/>\n<meta property=\"og:description\" content=\"Podpisanie statutu Zgromadzenia Parlamentarnego Polski i Gruzji by\u0142o g\u0142\u00f3wnym punktem dwudniowej (5 \u2013 6 listopada) wizyty marsza\u0142ka Sejmu Marek Kuchci\u0144skiego w Tbilisi. W delegacji uczestniczyli r\u00f3wnie\u017c parlamentarzy\u015bci-cz\u0142onkowie Delegacji Sejmu i Senatu do Zgromadzenia Parlamentarnego obu pa\u0144stw: wicemarsza\u0142ek Senatu Maria Koc oraz pos\u0142owie Ma\u0142gorzata Gosiewska, Magdalena Kochan i Bartosz J\u00f3zwiak. Sejm reprezentowa\u0142a tak\u017ce Agnieszka Kaczmarska, szef [&hellip;]\" \/>\n<meta property=\"og:url\" content=\"https:\/\/marekkuchcinski.pl\/en\/wspolpraca-miedzynarodowa\/polska-stronie-niepodleglej-suwerennej-gruzji-wizyta-marszalka-sejmu-tbilisi\/\" \/>\n<meta property=\"og:site_name\" content=\"Marek Kuchci\u0144ski\" \/>\n<meta property=\"article:published_time\" content=\"2018-11-07T14:42:34+00:00\" \/>\n<meta property=\"og:image\" content=\"https:\/\/marekkuchcinski.pl\/wp-content\/uploads\/2018\/11\/Gruzja-1.jpg\" \/>\n\t<meta property=\"og:image:width\" content=\"1052\" \/>\n\t<meta property=\"og:image:height\" content=\"658\" \/>\n\t<meta property=\"og:image:type\" content=\"image\/jpeg\" \/>\n<meta name=\"author\" content=\"admin\" \/>\n<meta name=\"twitter:card\" content=\"summary_large_image\" \/>\n<meta name=\"twitter:label1\" content=\"Written by\" \/>\n\t<meta name=\"twitter:data1\" content=\"admin\" \/>\n\t<meta name=\"twitter:label2\" content=\"Estimated reading time\" \/>\n\t<meta name=\"twitter:data2\" content=\"4 minutes\" \/>\n<script type=\"application\/ld+json\" class=\"yoast-schema-graph\">{\"@context\":\"https:\/\/schema.org\",\"@graph\":[{\"@type\":\"Article\",\"@id\":\"https:\/\/marekkuchcinski.pl\/cs\/wspolpraca-miedzynarodowa\/polska-stronie-niepodleglej-suwerennej-gruzji-wizyta-marszalka-sejmu-tbilisi\/#article\",\"isPartOf\":{\"@id\":\"https:\/\/marekkuchcinski.pl\/cs\/wspolpraca-miedzynarodowa\/polska-stronie-niepodleglej-suwerennej-gruzji-wizyta-marszalka-sejmu-tbilisi\/\"},\"author\":{\"name\":\"admin\",\"@id\":\"https:\/\/marekkuchcinski.pl\/#\/schema\/person\/6f62700996b4d950b6ea2d1183b6c6be\"},\"headline\":\"\u201ePolska po stronie niepodleg\u0142ej i suwerennej Gruzji\u201d. Wizyta Marsza\u0142ka Sejmu w Tbilisi\",\"datePublished\":\"2018-11-07T14:42:34+00:00\",\"mainEntityOfPage\":{\"@id\":\"https:\/\/marekkuchcinski.pl\/cs\/wspolpraca-miedzynarodowa\/polska-stronie-niepodleglej-suwerennej-gruzji-wizyta-marszalka-sejmu-tbilisi\/\"},\"wordCount\":723,\"commentCount\":0,\"publisher\":{\"@id\":\"https:\/\/marekkuchcinski.pl\/#organization\"},\"image\":{\"@id\":\"https:\/\/marekkuchcinski.pl\/cs\/wspolpraca-miedzynarodowa\/polska-stronie-niepodleglej-suwerennej-gruzji-wizyta-marszalka-sejmu-tbilisi\/#primaryimage\"},\"thumbnailUrl\":\"https:\/\/marekkuchcinski.pl\/wp-content\/uploads\/2018\/11\/Gruzja-1.jpg\",\"articleSection\":[\"Wsp\u00f3\u0142praca mi\u0119dzynarodowa\"],\"inLanguage\":\"en-GB\",\"potentialAction\":[{\"@type\":\"CommentAction\",\"name\":\"Comment\",\"target\":[\"https:\/\/marekkuchcinski.pl\/cs\/wspolpraca-miedzynarodowa\/polska-stronie-niepodleglej-suwerennej-gruzji-wizyta-marszalka-sejmu-tbilisi\/#respond\"]}]},{\"@type\":\"WebPage\",\"@id\":\"https:\/\/marekkuchcinski.pl\/cs\/wspolpraca-miedzynarodowa\/polska-stronie-niepodleglej-suwerennej-gruzji-wizyta-marszalka-sejmu-tbilisi\/\",\"url\":\"https:\/\/marekkuchcinski.pl\/cs\/wspolpraca-miedzynarodowa\/polska-stronie-niepodleglej-suwerennej-gruzji-wizyta-marszalka-sejmu-tbilisi\/\",\"name\":\"\u201ePolska po stronie niepodleg\u0142ej i suwerennej Gruzji\u201d. Wizyta Marsza\u0142ka Sejmu w Tbilisi &#8211; Marek Kuchci\u0144ski\",\"isPartOf\":{\"@id\":\"https:\/\/marekkuchcinski.pl\/#website\"},\"primaryImageOfPage\":{\"@id\":\"https:\/\/marekkuchcinski.pl\/cs\/wspolpraca-miedzynarodowa\/polska-stronie-niepodleglej-suwerennej-gruzji-wizyta-marszalka-sejmu-tbilisi\/#primaryimage\"},\"image\":{\"@id\":\"https:\/\/marekkuchcinski.pl\/cs\/wspolpraca-miedzynarodowa\/polska-stronie-niepodleglej-suwerennej-gruzji-wizyta-marszalka-sejmu-tbilisi\/#primaryimage\"},\"thumbnailUrl\":\"https:\/\/marekkuchcinski.pl\/wp-content\/uploads\/2018\/11\/Gruzja-1.jpg\",\"datePublished\":\"2018-11-07T14:42:34+00:00\",\"breadcrumb\":{\"@id\":\"https:\/\/marekkuchcinski.pl\/cs\/wspolpraca-miedzynarodowa\/polska-stronie-niepodleglej-suwerennej-gruzji-wizyta-marszalka-sejmu-tbilisi\/#breadcrumb\"},\"inLanguage\":\"en-GB\",\"potentialAction\":[{\"@type\":\"ReadAction\",\"target\":[\"https:\/\/marekkuchcinski.pl\/cs\/wspolpraca-miedzynarodowa\/polska-stronie-niepodleglej-suwerennej-gruzji-wizyta-marszalka-sejmu-tbilisi\/\"]}]},{\"@type\":\"ImageObject\",\"inLanguage\":\"en-GB\",\"@id\":\"https:\/\/marekkuchcinski.pl\/cs\/wspolpraca-miedzynarodowa\/polska-stronie-niepodleglej-suwerennej-gruzji-wizyta-marszalka-sejmu-tbilisi\/#primaryimage\",\"url\":\"https:\/\/marekkuchcinski.pl\/wp-content\/uploads\/2018\/11\/Gruzja-1.jpg\",\"contentUrl\":\"https:\/\/marekkuchcinski.pl\/wp-content\/uploads\/2018\/11\/Gruzja-1.jpg\",\"width\":1052,\"height\":658},{\"@type\":\"BreadcrumbList\",\"@id\":\"https:\/\/marekkuchcinski.pl\/cs\/wspolpraca-miedzynarodowa\/polska-stronie-niepodleglej-suwerennej-gruzji-wizyta-marszalka-sejmu-tbilisi\/#breadcrumb\",\"itemListElement\":[{\"@type\":\"ListItem\",\"position\":1,\"name\":\"Strona g\u0142\u00f3wna\",\"item\":\"https:\/\/marekkuchcinski.pl\/\"},{\"@type\":\"ListItem\",\"position\":2,\"name\":\"\u201ePolska po stronie niepodleg\u0142ej i suwerennej Gruzji\u201d. Wizyta Marsza\u0142ka Sejmu w Tbilisi\"}]},{\"@type\":\"WebSite\",\"@id\":\"https:\/\/marekkuchcinski.pl\/#website\",\"url\":\"https:\/\/marekkuchcinski.pl\/\",\"name\":\"Marek Kuchci\u0144ski\",\"description\":\"Pose\u0142 na sejm RP &ndash; okr\u0119g nr 22\",\"publisher\":{\"@id\":\"https:\/\/marekkuchcinski.pl\/#organization\"},\"potentialAction\":[{\"@type\":\"SearchAction\",\"target\":{\"@type\":\"EntryPoint\",\"urlTemplate\":\"https:\/\/marekkuchcinski.pl\/?s={search_term_string}\"},\"query-input\":{\"@type\":\"PropertyValueSpecification\",\"valueRequired\":true,\"valueName\":\"search_term_string\"}}],\"inLanguage\":\"en-GB\"},{\"@type\":\"Organization\",\"@id\":\"https:\/\/marekkuchcinski.pl\/#organization\",\"name\":\"Marek Kuchci\u0144ski\",\"url\":\"https:\/\/marekkuchcinski.pl\/\",\"logo\":{\"@type\":\"ImageObject\",\"inLanguage\":\"en-GB\",\"@id\":\"https:\/\/marekkuchcinski.pl\/#\/schema\/logo\/image\/\",\"url\":\"https:\/\/marekkuchcinski.pl\/wp-content\/uploads\/2022\/09\/Marek.jpg\",\"contentUrl\":\"https:\/\/marekkuchcinski.pl\/wp-content\/uploads\/2022\/09\/Marek.jpg\",\"width\":1600,\"height\":971,\"caption\":\"Marek Kuchci\u0144ski\"},\"image\":{\"@id\":\"https:\/\/marekkuchcinski.pl\/#\/schema\/logo\/image\/\"}},{\"@type\":\"Person\",\"@id\":\"https:\/\/marekkuchcinski.pl\/#\/schema\/person\/6f62700996b4d950b6ea2d1183b6c6be\",\"name\":\"admin\",\"image\":{\"@type\":\"ImageObject\",\"inLanguage\":\"en-GB\",\"@id\":\"https:\/\/marekkuchcinski.pl\/#\/schema\/person\/image\/\",\"url\":\"https:\/\/secure.gravatar.com\/avatar\/4bab693b9d55c3d6b52c0296a8765085?s=96&d=mm&r=g\",\"contentUrl\":\"https:\/\/secure.gravatar.com\/avatar\/4bab693b9d55c3d6b52c0296a8765085?s=96&d=mm&r=g\",\"caption\":\"admin\"},\"url\":\"https:\/\/marekkuchcinski.pl\/en\/author\/marta-olejnik\/\"}]}<\/script>\n<!-- \/ Yoast SEO plugin. -->","yoast_head_json":{"title":"\u201ePolska po stronie niepodleg\u0142ej i suwerennej Gruzji\u201d. Wizyta Marsza\u0142ka Sejmu w Tbilisi &#8211; Marek Kuchci\u0144ski","robots":{"index":"index","follow":"follow","max-snippet":"max-snippet:-1","max-image-preview":"max-image-preview:large","max-video-preview":"max-video-preview:-1"},"canonical":"https:\/\/marekkuchcinski.pl\/en\/wspolpraca-miedzynarodowa\/polska-stronie-niepodleglej-suwerennej-gruzji-wizyta-marszalka-sejmu-tbilisi\/","og_locale":"en_GB","og_type":"article","og_title":"\u201ePolska po stronie niepodleg\u0142ej i suwerennej Gruzji\u201d. Wizyta Marsza\u0142ka Sejmu w Tbilisi &#8211; Marek Kuchci\u0144ski","og_description":"Podpisanie statutu Zgromadzenia Parlamentarnego Polski i Gruzji by\u0142o g\u0142\u00f3wnym punktem dwudniowej (5 \u2013 6 listopada) wizyty marsza\u0142ka Sejmu Marek Kuchci\u0144skiego w Tbilisi. W delegacji uczestniczyli r\u00f3wnie\u017c parlamentarzy\u015bci-cz\u0142onkowie Delegacji Sejmu i Senatu do Zgromadzenia Parlamentarnego obu pa\u0144stw: wicemarsza\u0142ek Senatu Maria Koc oraz pos\u0142owie Ma\u0142gorzata Gosiewska, Magdalena Kochan i Bartosz J\u00f3zwiak. Sejm reprezentowa\u0142a tak\u017ce Agnieszka Kaczmarska, szef [&hellip;]","og_url":"https:\/\/marekkuchcinski.pl\/en\/wspolpraca-miedzynarodowa\/polska-stronie-niepodleglej-suwerennej-gruzji-wizyta-marszalka-sejmu-tbilisi\/","og_site_name":"Marek Kuchci\u0144ski","article_published_time":"2018-11-07T14:42:34+00:00","og_image":[{"width":1052,"height":658,"url":"https:\/\/marekkuchcinski.pl\/wp-content\/uploads\/2018\/11\/Gruzja-1.jpg","type":"image\/jpeg"}],"author":"admin","twitter_card":"summary_large_image","twitter_misc":{"Written by":"admin","Estimated reading time":"4 minutes"},"schema":{"@context":"https:\/\/schema.org","@graph":[{"@type":"Article","@id":"https:\/\/marekkuchcinski.pl\/cs\/wspolpraca-miedzynarodowa\/polska-stronie-niepodleglej-suwerennej-gruzji-wizyta-marszalka-sejmu-tbilisi\/#article","isPartOf":{"@id":"https:\/\/marekkuchcinski.pl\/cs\/wspolpraca-miedzynarodowa\/polska-stronie-niepodleglej-suwerennej-gruzji-wizyta-marszalka-sejmu-tbilisi\/"},"author":{"name":"admin","@id":"https:\/\/marekkuchcinski.pl\/#\/schema\/person\/6f62700996b4d950b6ea2d1183b6c6be"},"headline":"\u201ePolska po stronie niepodleg\u0142ej i suwerennej Gruzji\u201d. Wizyta Marsza\u0142ka Sejmu w Tbilisi","datePublished":"2018-11-07T14:42:34+00:00","mainEntityOfPage":{"@id":"https:\/\/marekkuchcinski.pl\/cs\/wspolpraca-miedzynarodowa\/polska-stronie-niepodleglej-suwerennej-gruzji-wizyta-marszalka-sejmu-tbilisi\/"},"wordCount":723,"commentCount":0,"publisher":{"@id":"https:\/\/marekkuchcinski.pl\/#organization"},"image":{"@id":"https:\/\/marekkuchcinski.pl\/cs\/wspolpraca-miedzynarodowa\/polska-stronie-niepodleglej-suwerennej-gruzji-wizyta-marszalka-sejmu-tbilisi\/#primaryimage"},"thumbnailUrl":"https:\/\/marekkuchcinski.pl\/wp-content\/uploads\/2018\/11\/Gruzja-1.jpg","articleSection":["Wsp\u00f3\u0142praca mi\u0119dzynarodowa"],"inLanguage":"en-GB","potentialAction":[{"@type":"CommentAction","name":"Comment","target":["https:\/\/marekkuchcinski.pl\/cs\/wspolpraca-miedzynarodowa\/polska-stronie-niepodleglej-suwerennej-gruzji-wizyta-marszalka-sejmu-tbilisi\/#respond"]}]},{"@type":"WebPage","@id":"https:\/\/marekkuchcinski.pl\/cs\/wspolpraca-miedzynarodowa\/polska-stronie-niepodleglej-suwerennej-gruzji-wizyta-marszalka-sejmu-tbilisi\/","url":"https:\/\/marekkuchcinski.pl\/cs\/wspolpraca-miedzynarodowa\/polska-stronie-niepodleglej-suwerennej-gruzji-wizyta-marszalka-sejmu-tbilisi\/","name":"\u201ePolska po stronie niepodleg\u0142ej i suwerennej Gruzji\u201d. Wizyta Marsza\u0142ka Sejmu w Tbilisi &#8211; Marek Kuchci\u0144ski","isPartOf":{"@id":"https:\/\/marekkuchcinski.pl\/#website"},"primaryImageOfPage":{"@id":"https:\/\/marekkuchcinski.pl\/cs\/wspolpraca-miedzynarodowa\/polska-stronie-niepodleglej-suwerennej-gruzji-wizyta-marszalka-sejmu-tbilisi\/#primaryimage"},"image":{"@id":"https:\/\/marekkuchcinski.pl\/cs\/wspolpraca-miedzynarodowa\/polska-stronie-niepodleglej-suwerennej-gruzji-wizyta-marszalka-sejmu-tbilisi\/#primaryimage"},"thumbnailUrl":"https:\/\/marekkuchcinski.pl\/wp-content\/uploads\/2018\/11\/Gruzja-1.jpg","datePublished":"2018-11-07T14:42:34+00:00","breadcrumb":{"@id":"https:\/\/marekkuchcinski.pl\/cs\/wspolpraca-miedzynarodowa\/polska-stronie-niepodleglej-suwerennej-gruzji-wizyta-marszalka-sejmu-tbilisi\/#breadcrumb"},"inLanguage":"en-GB","potentialAction":[{"@type":"ReadAction","target":["https:\/\/marekkuchcinski.pl\/cs\/wspolpraca-miedzynarodowa\/polska-stronie-niepodleglej-suwerennej-gruzji-wizyta-marszalka-sejmu-tbilisi\/"]}]},{"@type":"ImageObject","inLanguage":"en-GB","@id":"https:\/\/marekkuchcinski.pl\/cs\/wspolpraca-miedzynarodowa\/polska-stronie-niepodleglej-suwerennej-gruzji-wizyta-marszalka-sejmu-tbilisi\/#primaryimage","url":"https:\/\/marekkuchcinski.pl\/wp-content\/uploads\/2018\/11\/Gruzja-1.jpg","contentUrl":"https:\/\/marekkuchcinski.pl\/wp-content\/uploads\/2018\/11\/Gruzja-1.jpg","width":1052,"height":658},{"@type":"BreadcrumbList","@id":"https:\/\/marekkuchcinski.pl\/cs\/wspolpraca-miedzynarodowa\/polska-stronie-niepodleglej-suwerennej-gruzji-wizyta-marszalka-sejmu-tbilisi\/#breadcrumb","itemListElement":[{"@type":"ListItem","position":1,"name":"Strona g\u0142\u00f3wna","item":"https:\/\/marekkuchcinski.pl\/"},{"@type":"ListItem","position":2,"name":"\u201ePolska po stronie niepodleg\u0142ej i suwerennej Gruzji\u201d. Wizyta Marsza\u0142ka Sejmu w Tbilisi"}]},{"@type":"WebSite","@id":"https:\/\/marekkuchcinski.pl\/#website","url":"https:\/\/marekkuchcinski.pl\/","name":"Marek Kuchci\u0144ski","description":"Pose\u0142 na sejm RP &ndash; okr\u0119g nr 22","publisher":{"@id":"https:\/\/marekkuchcinski.pl\/#organization"},"potentialAction":[{"@type":"SearchAction","target":{"@type":"EntryPoint","urlTemplate":"https:\/\/marekkuchcinski.pl\/?s={search_term_string}"},"query-input":{"@type":"PropertyValueSpecification","valueRequired":true,"valueName":"search_term_string"}}],"inLanguage":"en-GB"},{"@type":"Organization","@id":"https:\/\/marekkuchcinski.pl\/#organization","name":"Marek Kuchci\u0144ski","url":"https:\/\/marekkuchcinski.pl\/","logo":{"@type":"ImageObject","inLanguage":"en-GB","@id":"https:\/\/marekkuchcinski.pl\/#\/schema\/logo\/image\/","url":"https:\/\/marekkuchcinski.pl\/wp-content\/uploads\/2022\/09\/Marek.jpg","contentUrl":"https:\/\/marekkuchcinski.pl\/wp-content\/uploads\/2022\/09\/Marek.jpg","width":1600,"height":971,"caption":"Marek Kuchci\u0144ski"},"image":{"@id":"https:\/\/marekkuchcinski.pl\/#\/schema\/logo\/image\/"}},{"@type":"Person","@id":"https:\/\/marekkuchcinski.pl\/#\/schema\/person\/6f62700996b4d950b6ea2d1183b6c6be","name":"admin","image":{"@type":"ImageObject","inLanguage":"en-GB","@id":"https:\/\/marekkuchcinski.pl\/#\/schema\/person\/image\/","url":"https:\/\/secure.gravatar.com\/avatar\/4bab693b9d55c3d6b52c0296a8765085?s=96&d=mm&r=g","contentUrl":"https:\/\/secure.gravatar.com\/avatar\/4bab693b9d55c3d6b52c0296a8765085?s=96&d=mm&r=g","caption":"admin"},"url":"https:\/\/marekkuchcinski.pl\/en\/author\/marta-olejnik\/"}]}},"_links":{"self":[{"href":"https:\/\/marekkuchcinski.pl\/en\/wp-json\/wp\/v2\/posts\/10565","targetHints":{"allow":["GET"]}}],"collection":[{"href":"https:\/\/marekkuchcinski.pl\/en\/wp-json\/wp\/v2\/posts"}],"about":[{"href":"https:\/\/marekkuchcinski.pl\/en\/wp-json\/wp\/v2\/types\/post"}],"author":[{"embeddable":true,"href":"https:\/\/marekkuchcinski.pl\/en\/wp-json\/wp\/v2\/users\/6"}],"replies":[{"embeddable":true,"href":"https:\/\/marekkuchcinski.pl\/en\/wp-json\/wp\/v2\/comments?post=10565"}],"version-history":[{"count":1,"href":"https:\/\/marekkuchcinski.pl\/en\/wp-json\/wp\/v2\/posts\/10565\/revisions"}],"predecessor-version":[{"id":10567,"href":"https:\/\/marekkuchcinski.pl\/en\/wp-json\/wp\/v2\/posts\/10565\/revisions\/10567"}],"wp:featuredmedia":[{"embeddable":true,"href":"https:\/\/marekkuchcinski.pl\/en\/wp-json\/wp\/v2\/media\/10566"}],"wp:attachment":[{"href":"https:\/\/marekkuchcinski.pl\/en\/wp-json\/wp\/v2\/media?parent=10565"}],"wp:term":[{"taxonomy":"category","embeddable":true,"href":"https:\/\/marekkuchcinski.pl\/en\/wp-json\/wp\/v2\/categories?post=10565"},{"taxonomy":"post_tag","embeddable":true,"href":"https:\/\/marekkuchcinski.pl\/en\/wp-json\/wp\/v2\/tags?post=10565"}],"curies":[{"name":"wp","href":"https:\/\/api.w.org\/{rel}","templated":true}]}}