{"id":10505,"date":"2018-09-27T13:24:11","date_gmt":"2018-09-27T11:24:11","guid":{"rendered":"https:\/\/marekkuchcinski.pl\/?p=10505"},"modified":"2018-09-27T13:31:16","modified_gmt":"2018-09-27T11:31:16","slug":"100-lecie-odzyskania-polske-niepodleglosci-wegrzy-upamietnili-marszalka-pilsudskiego","status":"publish","type":"post","link":"https:\/\/marekkuchcinski.pl\/en\/wydarzenia\/100-lecie-odzyskania-polske-niepodleglosci-wegrzy-upamietnili-marszalka-pilsudskiego\/","title":{"rendered":"On the 100th anniversary of Poland's regaining independence, Hungarians commemorated Marshal Pi\u0142sudski"},"content":{"rendered":"<p><strong>The Speaker of the Sejm Marek Kuchcinski and the Speaker of the Hungarian Parliament L\u00e1szl\u00f3 K\u00f6v\u00e9r unveiled a monument to J\u00f3zef Pi\u0142sudski in Budapest.<\/strong><\/p>\n<p>The Speaker of the Sejm stressed that it was a good sign because Pilsudski's presence in this place evoked the memory of the year 1937 when he was commemorated with a commemorative plaque on the second anniversary of his death; at that time Europe was at peace and our states and nations were developing successfully. Marshal Pilsudski also noted that Jozef Pilsudski never forgot the great Hungarian gesture of solidarity, when during the Bolshevik invasion of Poland and Europe in the summer of 1920 the Hungarian ammunition delivered to the great battlefield near Warsaw allowed us to achieve victory.<\/p>\n<p>This beautiful page of common Polish-Hungarian history was also pointed out by L\u00e1szl\u00f3 K\u00f6v\u00e9r, who recalled that in 1920 \"doomed Hungary\" sent 80 and then 200 wagons of its own ammunition to Poland because \"it did not forget the historical legacy of Stefan Batory. \"Hungary, 'condemned to death', sent 80 and later 200 wagons of its own ammunition to Poland because 'it did not forget the historical legacy of Stefan Batory. - In Europe, we Hungarians and Poles can count on each other... Let this monument proclaim the European community of destiny of Hungarians and Poles, the eternal loyalty and friendship between us,\" K\u00f6v\u00e9r said.<\/p>\n<p>The ceremony in District XII began with the St. Ephram Choir performing the anthems of Poland and Hungary. The guests were welcomed by the Mayor of the district, Zolt\u00e1n Pokorni. The Ambassador of Poland to Hungary, Jerzy Snopek, the originator of the initiative, also participated in the event. - Jozef Pilsudski made the most difficult, sometimes controversial political decisions, but he was always guided by one goal: the good of the Republic of Poland. He was deeply convinced of the fundamental importance of tradition and respect for one's own history as a guarantee of national identity and dignity,\" recalled the Ambassador.<\/p>\n<p>During the press conference in the Hungarian Parliament the Speaker of the Sejm said that the Polish-Hungarian cooperation had always developed very well. Our countries continue excellent traditions, also in widely understood historical symbolism, thinking about the future. He stressed that Poland and Hungary owe so much to each other that Pilsudski should be permanently placed in Budapest - as a figure, symbol and legend.<\/p>\n<p><em>Photo: M. Marchlewska, M. Olejnik<\/em><\/p>\n<p><a href=\"https:\/\/marekkuchcinski.pl\/wp-content\/uploads\/2018\/09\/DSCF1572.jpg\"><img fetchpriority=\"high\" decoding=\"async\" class=\"alignnone size-full wp-image-10511\" src=\"https:\/\/marekkuchcinski.pl\/wp-content\/uploads\/2018\/09\/DSCF1572.jpg\" alt=\"DSCF1572\" width=\"3118\" height=\"2092\" srcset=\"https:\/\/marekkuchcinski.pl\/wp-content\/uploads\/2018\/09\/DSCF1572.jpg 2048w, https:\/\/marekkuchcinski.pl\/wp-content\/uploads\/2018\/09\/DSCF1572-300x201.jpg 300w, https:\/\/marekkuchcinski.pl\/wp-content\/uploads\/2018\/09\/DSCF1572-768x515.jpg 768w, https:\/\/marekkuchcinski.pl\/wp-content\/uploads\/2018\/09\/DSCF1572-1024x687.jpg 1024w\" sizes=\"(max-width: 3118px) 100vw, 3118px\" \/><\/a> <a href=\"https:\/\/marekkuchcinski.pl\/wp-content\/uploads\/2018\/09\/DSCF1616.jpg\"><img decoding=\"async\" class=\"alignnone size-full wp-image-10512\" src=\"https:\/\/marekkuchcinski.pl\/wp-content\/uploads\/2018\/09\/DSCF1616.jpg\" alt=\"DSCF1616\" width=\"3364\" height=\"2333\" srcset=\"https:\/\/marekkuchcinski.pl\/wp-content\/uploads\/2018\/09\/DSCF1616.jpg 2048w, https:\/\/marekkuchcinski.pl\/wp-content\/uploads\/2018\/09\/DSCF1616-300x208.jpg 300w, https:\/\/marekkuchcinski.pl\/wp-content\/uploads\/2018\/09\/DSCF1616-768x533.jpg 768w, https:\/\/marekkuchcinski.pl\/wp-content\/uploads\/2018\/09\/DSCF1616-1024x710.jpg 1024w\" sizes=\"(max-width: 3364px) 100vw, 3364px\" \/><\/a> <a href=\"https:\/\/marekkuchcinski.pl\/wp-content\/uploads\/2018\/09\/DSCF1651.jpg\"><img decoding=\"async\" class=\"alignnone size-full wp-image-10513\" src=\"https:\/\/marekkuchcinski.pl\/wp-content\/uploads\/2018\/09\/DSCF1651.jpg\" alt=\"DSCF1651\" width=\"4038\" height=\"2738\" srcset=\"https:\/\/marekkuchcinski.pl\/wp-content\/uploads\/2018\/09\/DSCF1651.jpg 2048w, https:\/\/marekkuchcinski.pl\/wp-content\/uploads\/2018\/09\/DSCF1651-300x203.jpg 300w, https:\/\/marekkuchcinski.pl\/wp-content\/uploads\/2018\/09\/DSCF1651-768x521.jpg 768w, https:\/\/marekkuchcinski.pl\/wp-content\/uploads\/2018\/09\/DSCF1651-1024x694.jpg 1024w\" sizes=\"(max-width: 4038px) 100vw, 4038px\" \/><\/a> <a href=\"https:\/\/marekkuchcinski.pl\/wp-content\/uploads\/2018\/09\/DSCF1661.jpg\"><img loading=\"lazy\" decoding=\"async\" class=\"alignnone size-full wp-image-10514\" src=\"https:\/\/marekkuchcinski.pl\/wp-content\/uploads\/2018\/09\/DSCF1661.jpg\" alt=\"DSCF1661\" width=\"3774\" height=\"2948\" srcset=\"https:\/\/marekkuchcinski.pl\/wp-content\/uploads\/2018\/09\/DSCF1661.jpg 2048w, https:\/\/marekkuchcinski.pl\/wp-content\/uploads\/2018\/09\/DSCF1661-300x234.jpg 300w, https:\/\/marekkuchcinski.pl\/wp-content\/uploads\/2018\/09\/DSCF1661-768x600.jpg 768w, https:\/\/marekkuchcinski.pl\/wp-content\/uploads\/2018\/09\/DSCF1661-1024x800.jpg 1024w\" sizes=\"(max-width: 3774px) 100vw, 3774px\" \/><\/a><a href=\"https:\/\/marekkuchcinski.pl\/wp-content\/uploads\/2018\/09\/MMA_1315-copy.view-1.jpg\"><img loading=\"lazy\" decoding=\"async\" class=\"alignnone size-full wp-image-10535\" src=\"https:\/\/marekkuchcinski.pl\/wp-content\/uploads\/2018\/09\/MMA_1315-copy.view-1.jpg\" alt=\"MMA_1315 copy.view (1)\" width=\"799\" height=\"533\" srcset=\"https:\/\/marekkuchcinski.pl\/wp-content\/uploads\/2018\/09\/MMA_1315-copy.view-1.jpg 799w, https:\/\/marekkuchcinski.pl\/wp-content\/uploads\/2018\/09\/MMA_1315-copy.view-1-300x200.jpg 300w, https:\/\/marekkuchcinski.pl\/wp-content\/uploads\/2018\/09\/MMA_1315-copy.view-1-768x512.jpg 768w\" sizes=\"(max-width: 799px) 100vw, 799px\" \/><\/a> <a href=\"https:\/\/marekkuchcinski.pl\/wp-content\/uploads\/2018\/09\/DSCF1662.jpg\"><img loading=\"lazy\" decoding=\"async\" class=\"alignnone size-full wp-image-10515\" src=\"https:\/\/marekkuchcinski.pl\/wp-content\/uploads\/2018\/09\/DSCF1662.jpg\" alt=\"DSCF1662\" width=\"4678\" height=\"2833\" srcset=\"https:\/\/marekkuchcinski.pl\/wp-content\/uploads\/2018\/09\/DSCF1662.jpg 2048w, https:\/\/marekkuchcinski.pl\/wp-content\/uploads\/2018\/09\/DSCF1662-300x182.jpg 300w, https:\/\/marekkuchcinski.pl\/wp-content\/uploads\/2018\/09\/DSCF1662-768x465.jpg 768w, https:\/\/marekkuchcinski.pl\/wp-content\/uploads\/2018\/09\/DSCF1662-1024x620.jpg 1024w\" sizes=\"(max-width: 4678px) 100vw, 4678px\" \/><\/a> <a href=\"https:\/\/marekkuchcinski.pl\/wp-content\/uploads\/2018\/09\/MMA_0250-copy.jpg\"><img loading=\"lazy\" decoding=\"async\" class=\"alignnone size-full wp-image-10519\" src=\"https:\/\/marekkuchcinski.pl\/wp-content\/uploads\/2018\/09\/MMA_0250-copy.jpg\" alt=\"MMA_0250 copy\" width=\"6367\" height=\"4244\" srcset=\"https:\/\/marekkuchcinski.pl\/wp-content\/uploads\/2018\/09\/MMA_0250-copy.jpg 2048w, https:\/\/marekkuchcinski.pl\/wp-content\/uploads\/2018\/09\/MMA_0250-copy-300x200.jpg 300w, https:\/\/marekkuchcinski.pl\/wp-content\/uploads\/2018\/09\/MMA_0250-copy-768x512.jpg 768w, https:\/\/marekkuchcinski.pl\/wp-content\/uploads\/2018\/09\/MMA_0250-copy-1024x683.jpg 1024w\" sizes=\"(max-width: 6367px) 100vw, 6367px\" \/><\/a> <a href=\"https:\/\/marekkuchcinski.pl\/wp-content\/uploads\/2018\/09\/MMA_0431-copy.jpg\"><img loading=\"lazy\" decoding=\"async\" class=\"alignnone size-full wp-image-10520\" src=\"https:\/\/marekkuchcinski.pl\/wp-content\/uploads\/2018\/09\/MMA_0431-copy.jpg\" alt=\"MMA_0431 copy\" width=\"5351\" height=\"3568\" srcset=\"https:\/\/marekkuchcinski.pl\/wp-content\/uploads\/2018\/09\/MMA_0431-copy.jpg 2048w, https:\/\/marekkuchcinski.pl\/wp-content\/uploads\/2018\/09\/MMA_0431-copy-300x200.jpg 300w, https:\/\/marekkuchcinski.pl\/wp-content\/uploads\/2018\/09\/MMA_0431-copy-768x512.jpg 768w, https:\/\/marekkuchcinski.pl\/wp-content\/uploads\/2018\/09\/MMA_0431-copy-1024x683.jpg 1024w\" sizes=\"(max-width: 5351px) 100vw, 5351px\" \/><\/a> <a href=\"https:\/\/marekkuchcinski.pl\/wp-content\/uploads\/2018\/09\/MMA_0621-copy.jpg\"><img loading=\"lazy\" decoding=\"async\" class=\"alignnone size-full wp-image-10521\" src=\"https:\/\/marekkuchcinski.pl\/wp-content\/uploads\/2018\/09\/MMA_0621-copy.jpg\" alt=\"MMA_0621 copy\" width=\"6812\" height=\"4541\" srcset=\"https:\/\/marekkuchcinski.pl\/wp-content\/uploads\/2018\/09\/MMA_0621-copy.jpg 2048w, https:\/\/marekkuchcinski.pl\/wp-content\/uploads\/2018\/09\/MMA_0621-copy-300x200.jpg 300w, https:\/\/marekkuchcinski.pl\/wp-content\/uploads\/2018\/09\/MMA_0621-copy-768x512.jpg 768w, https:\/\/marekkuchcinski.pl\/wp-content\/uploads\/2018\/09\/MMA_0621-copy-1024x683.jpg 1024w\" sizes=\"(max-width: 6812px) 100vw, 6812px\" \/><\/a> <a href=\"https:\/\/marekkuchcinski.pl\/wp-content\/uploads\/2018\/09\/MMA_1050-copy.jpg\"><img loading=\"lazy\" decoding=\"async\" class=\"alignnone size-full wp-image-10523\" src=\"https:\/\/marekkuchcinski.pl\/wp-content\/uploads\/2018\/09\/MMA_1050-copy.jpg\" alt=\"MMA_1050 copy\" width=\"6367\" height=\"4245\" srcset=\"https:\/\/marekkuchcinski.pl\/wp-content\/uploads\/2018\/09\/MMA_1050-copy.jpg 2048w, https:\/\/marekkuchcinski.pl\/wp-content\/uploads\/2018\/09\/MMA_1050-copy-300x200.jpg 300w, https:\/\/marekkuchcinski.pl\/wp-content\/uploads\/2018\/09\/MMA_1050-copy-768x512.jpg 768w, https:\/\/marekkuchcinski.pl\/wp-content\/uploads\/2018\/09\/MMA_1050-copy-1024x683.jpg 1024w\" sizes=\"(max-width: 6367px) 100vw, 6367px\" \/><\/a> <a href=\"https:\/\/marekkuchcinski.pl\/wp-content\/uploads\/2018\/09\/MMA_1102-copy.jpg\"><img loading=\"lazy\" decoding=\"async\" class=\"alignnone size-full wp-image-10524\" src=\"https:\/\/marekkuchcinski.pl\/wp-content\/uploads\/2018\/09\/MMA_1102-copy.jpg\" alt=\"MMA_1102 copy\" width=\"5984\" height=\"3989\" srcset=\"https:\/\/marekkuchcinski.pl\/wp-content\/uploads\/2018\/09\/MMA_1102-copy.jpg 2048w, https:\/\/marekkuchcinski.pl\/wp-content\/uploads\/2018\/09\/MMA_1102-copy-300x200.jpg 300w, https:\/\/marekkuchcinski.pl\/wp-content\/uploads\/2018\/09\/MMA_1102-copy-768x512.jpg 768w, https:\/\/marekkuchcinski.pl\/wp-content\/uploads\/2018\/09\/MMA_1102-copy-1024x683.jpg 1024w\" sizes=\"(max-width: 5984px) 100vw, 5984px\" \/><\/a> <a href=\"https:\/\/marekkuchcinski.pl\/wp-content\/uploads\/2018\/09\/MMA_1155-copy.jpg\"><img loading=\"lazy\" decoding=\"async\" class=\"alignnone size-full wp-image-10526\" src=\"https:\/\/marekkuchcinski.pl\/wp-content\/uploads\/2018\/09\/MMA_1155-copy.jpg\" alt=\"MMA_1155-copy\" width=\"7360\" height=\"4912\" srcset=\"https:\/\/marekkuchcinski.pl\/wp-content\/uploads\/2018\/09\/MMA_1155-copy.jpg 2048w, https:\/\/marekkuchcinski.pl\/wp-content\/uploads\/2018\/09\/MMA_1155-copy-300x200.jpg 300w, https:\/\/marekkuchcinski.pl\/wp-content\/uploads\/2018\/09\/MMA_1155-copy-768x513.jpg 768w, https:\/\/marekkuchcinski.pl\/wp-content\/uploads\/2018\/09\/MMA_1155-copy-1024x683.jpg 1024w\" sizes=\"(max-width: 7360px) 100vw, 7360px\" \/><\/a> <a href=\"https:\/\/marekkuchcinski.pl\/wp-content\/uploads\/2018\/09\/MMA_1229-copy.view_.jpg\"><img loading=\"lazy\" decoding=\"async\" class=\"alignnone size-full wp-image-10527\" src=\"https:\/\/marekkuchcinski.pl\/wp-content\/uploads\/2018\/09\/MMA_1229-copy.view_.jpg\" alt=\"MMA_1229 copy.view\" width=\"800\" height=\"533\" srcset=\"https:\/\/marekkuchcinski.pl\/wp-content\/uploads\/2018\/09\/MMA_1229-copy.view_.jpg 800w, https:\/\/marekkuchcinski.pl\/wp-content\/uploads\/2018\/09\/MMA_1229-copy.view_-300x200.jpg 300w, https:\/\/marekkuchcinski.pl\/wp-content\/uploads\/2018\/09\/MMA_1229-copy.view_-768x512.jpg 768w\" sizes=\"(max-width: 800px) 100vw, 800px\" \/><\/a> <a href=\"https:\/\/marekkuchcinski.pl\/wp-content\/uploads\/2018\/09\/MMA_1279-copy.jpg\"><img loading=\"lazy\" decoding=\"async\" class=\"alignnone size-full wp-image-10528\" src=\"https:\/\/marekkuchcinski.pl\/wp-content\/uploads\/2018\/09\/MMA_1279-copy.jpg\" alt=\"MMA_1279 copy\" width=\"6200\" height=\"4134\" srcset=\"https:\/\/marekkuchcinski.pl\/wp-content\/uploads\/2018\/09\/MMA_1279-copy.jpg 2048w, https:\/\/marekkuchcinski.pl\/wp-content\/uploads\/2018\/09\/MMA_1279-copy-300x200.jpg 300w, https:\/\/marekkuchcinski.pl\/wp-content\/uploads\/2018\/09\/MMA_1279-copy-768x512.jpg 768w, https:\/\/marekkuchcinski.pl\/wp-content\/uploads\/2018\/09\/MMA_1279-copy-1024x683.jpg 1024w\" sizes=\"(max-width: 6200px) 100vw, 6200px\" \/><\/a> <a href=\"https:\/\/marekkuchcinski.pl\/wp-content\/uploads\/2018\/09\/MMA_1343-copy.jpg\"><img loading=\"lazy\" decoding=\"async\" class=\"alignnone size-full wp-image-10530\" src=\"https:\/\/marekkuchcinski.pl\/wp-content\/uploads\/2018\/09\/MMA_1343-copy.jpg\" alt=\"MMA_1343 copy\" width=\"5985\" height=\"3990\" srcset=\"https:\/\/marekkuchcinski.pl\/wp-content\/uploads\/2018\/09\/MMA_1343-copy.jpg 2048w, https:\/\/marekkuchcinski.pl\/wp-content\/uploads\/2018\/09\/MMA_1343-copy-300x200.jpg 300w, https:\/\/marekkuchcinski.pl\/wp-content\/uploads\/2018\/09\/MMA_1343-copy-768x512.jpg 768w, https:\/\/marekkuchcinski.pl\/wp-content\/uploads\/2018\/09\/MMA_1343-copy-1024x683.jpg 1024w\" sizes=\"(max-width: 5985px) 100vw, 5985px\" \/><\/a> The author of the bust of Marshal J\u00f3zef Pi\u0142sudski is Micha\u0142 Wi\u015bnios<a href=\"https:\/\/marekkuchcinski.pl\/wp-content\/uploads\/2018\/09\/MMA_1410-copy.jpg\"><img loading=\"lazy\" decoding=\"async\" class=\"alignnone size-full wp-image-10531\" src=\"https:\/\/marekkuchcinski.pl\/wp-content\/uploads\/2018\/09\/MMA_1410-copy.jpg\" alt=\"MMA_1410 copy\" width=\"5888\" height=\"3925\" srcset=\"https:\/\/marekkuchcinski.pl\/wp-content\/uploads\/2018\/09\/MMA_1410-copy.jpg 2048w, https:\/\/marekkuchcinski.pl\/wp-content\/uploads\/2018\/09\/MMA_1410-copy-300x200.jpg 300w, https:\/\/marekkuchcinski.pl\/wp-content\/uploads\/2018\/09\/MMA_1410-copy-768x512.jpg 768w, https:\/\/marekkuchcinski.pl\/wp-content\/uploads\/2018\/09\/MMA_1410-copy-1024x683.jpg 1024w\" sizes=\"(max-width: 5888px) 100vw, 5888px\" \/><\/a> <a href=\"https:\/\/marekkuchcinski.pl\/wp-content\/uploads\/2018\/09\/targi.jpg\"><img loading=\"lazy\" decoding=\"async\" class=\"alignnone size-full wp-image-10533\" src=\"https:\/\/marekkuchcinski.pl\/wp-content\/uploads\/2018\/09\/targi.jpg\" alt=\"targi\" width=\"4856\" height=\"3062\" srcset=\"https:\/\/marekkuchcinski.pl\/wp-content\/uploads\/2018\/09\/targi.jpg 2048w, https:\/\/marekkuchcinski.pl\/wp-content\/uploads\/2018\/09\/targi-300x189.jpg 300w, https:\/\/marekkuchcinski.pl\/wp-content\/uploads\/2018\/09\/targi-768x484.jpg 768w, https:\/\/marekkuchcinski.pl\/wp-content\/uploads\/2018\/09\/targi-1024x646.jpg 1024w\" sizes=\"(max-width: 4856px) 100vw, 4856px\" \/><\/a><\/p>","protected":false},"excerpt":{"rendered":"<p>Marsza\u0142ek Sejmu Marek Kuchci\u0144ski i przewodnicz\u0105cy parlamentu W\u0119gier L\u00e1szl\u00f3 K\u00f6v\u00e9r ods\u0142onili w Budapeszcie pomnik J\u00f3zefa Pi\u0142sudskiego. Marsza\u0142ek Sejmu podkre\u015bli\u0142, \u017ce jest do dobry znak, poniewa\u017c obecno\u015b\u0107 Pi\u0142sudskiego w tym miejscu przywo\u0142uje w pami\u0119ci rok 1937, kiedy w drug\u0105 rocznic\u0119 swojej \u015bmierci zosta\u0142 uczczony tablic\u0105 pami\u0105tkow\u0105; wtedy w Europie panowa\u0142 pok\u00f3j, a nasze pa\u0144stwa i narody [&hellip;]<\/p>","protected":false},"author":6,"featured_media":10535,"comment_status":"open","ping_status":"open","sticky":false,"template":"","format":"standard","meta":{"ngg_post_thumbnail":0,"footnotes":""},"categories":[77,50,3],"tags":[],"class_list":["post-10505","post","type-post","status-publish","format-standard","has-post-thumbnail","hentry","category-wazne-daty","category-wspolpraca-miedzynarodowa","category-wydarzenia"],"yoast_head":"<!-- This site is optimized with the Yoast SEO plugin v24.7 - https:\/\/yoast.com\/wordpress\/plugins\/seo\/ -->\n<title>W 100-lecie odzyskania przez Polsk\u0119 niepodleg\u0142o\u015bci W\u0119grzy upami\u0119tnili marsza\u0142ka Pi\u0142sudskiego &#8211; Marek Kuchci\u0144ski<\/title>\n<meta name=\"robots\" content=\"index, follow, max-snippet:-1, max-image-preview:large, max-video-preview:-1\" \/>\n<link rel=\"canonical\" href=\"https:\/\/marekkuchcinski.pl\/en\/wydarzenia\/100-lecie-odzyskania-polske-niepodleglosci-wegrzy-upamietnili-marszalka-pilsudskiego\/\" \/>\n<meta property=\"og:locale\" content=\"en_GB\" \/>\n<meta property=\"og:type\" content=\"article\" \/>\n<meta property=\"og:title\" content=\"W 100-lecie odzyskania przez Polsk\u0119 niepodleg\u0142o\u015bci W\u0119grzy upami\u0119tnili marsza\u0142ka Pi\u0142sudskiego &#8211; Marek Kuchci\u0144ski\" \/>\n<meta property=\"og:description\" content=\"Marsza\u0142ek Sejmu Marek Kuchci\u0144ski i przewodnicz\u0105cy parlamentu W\u0119gier L\u00e1szl\u00f3 K\u00f6v\u00e9r ods\u0142onili w Budapeszcie pomnik J\u00f3zefa Pi\u0142sudskiego. Marsza\u0142ek Sejmu podkre\u015bli\u0142, \u017ce jest do dobry znak, poniewa\u017c obecno\u015b\u0107 Pi\u0142sudskiego w tym miejscu przywo\u0142uje w pami\u0119ci rok 1937, kiedy w drug\u0105 rocznic\u0119 swojej \u015bmierci zosta\u0142 uczczony tablic\u0105 pami\u0105tkow\u0105; wtedy w Europie panowa\u0142 pok\u00f3j, a nasze pa\u0144stwa i narody [&hellip;]\" \/>\n<meta property=\"og:url\" content=\"https:\/\/marekkuchcinski.pl\/en\/wydarzenia\/100-lecie-odzyskania-polske-niepodleglosci-wegrzy-upamietnili-marszalka-pilsudskiego\/\" \/>\n<meta property=\"og:site_name\" content=\"Marek Kuchci\u0144ski\" \/>\n<meta property=\"article:published_time\" content=\"2018-09-27T11:24:11+00:00\" \/>\n<meta property=\"article:modified_time\" content=\"2018-09-27T11:31:16+00:00\" \/>\n<meta property=\"og:image\" content=\"https:\/\/marekkuchcinski.pl\/wp-content\/uploads\/2018\/09\/MMA_1315-copy.view-1.jpg\" \/>\n\t<meta property=\"og:image:width\" content=\"799\" \/>\n\t<meta property=\"og:image:height\" content=\"533\" \/>\n\t<meta property=\"og:image:type\" content=\"image\/jpeg\" \/>\n<meta name=\"author\" content=\"admin\" \/>\n<meta name=\"twitter:card\" content=\"summary_large_image\" \/>\n<meta name=\"twitter:label1\" content=\"Written by\" \/>\n\t<meta name=\"twitter:data1\" content=\"admin\" \/>\n\t<meta name=\"twitter:label2\" content=\"Estimated reading time\" \/>\n\t<meta name=\"twitter:data2\" content=\"2 minutes\" \/>\n<script type=\"application\/ld+json\" class=\"yoast-schema-graph\">{\"@context\":\"https:\/\/schema.org\",\"@graph\":[{\"@type\":\"Article\",\"@id\":\"https:\/\/marekkuchcinski.pl\/en\/wydarzenia\/100-lecie-odzyskania-polske-niepodleglosci-wegrzy-upamietnili-marszalka-pilsudskiego\/#article\",\"isPartOf\":{\"@id\":\"https:\/\/marekkuchcinski.pl\/en\/wydarzenia\/100-lecie-odzyskania-polske-niepodleglosci-wegrzy-upamietnili-marszalka-pilsudskiego\/\"},\"author\":{\"name\":\"admin\",\"@id\":\"https:\/\/marekkuchcinski.pl\/#\/schema\/person\/6f62700996b4d950b6ea2d1183b6c6be\"},\"headline\":\"W 100-lecie odzyskania przez Polsk\u0119 niepodleg\u0142o\u015bci W\u0119grzy upami\u0119tnili marsza\u0142ka Pi\u0142sudskiego\",\"datePublished\":\"2018-09-27T11:24:11+00:00\",\"dateModified\":\"2018-09-27T11:31:16+00:00\",\"mainEntityOfPage\":{\"@id\":\"https:\/\/marekkuchcinski.pl\/en\/wydarzenia\/100-lecie-odzyskania-polske-niepodleglosci-wegrzy-upamietnili-marszalka-pilsudskiego\/\"},\"wordCount\":404,\"commentCount\":0,\"publisher\":{\"@id\":\"https:\/\/marekkuchcinski.pl\/#organization\"},\"image\":{\"@id\":\"https:\/\/marekkuchcinski.pl\/en\/wydarzenia\/100-lecie-odzyskania-polske-niepodleglosci-wegrzy-upamietnili-marszalka-pilsudskiego\/#primaryimage\"},\"thumbnailUrl\":\"https:\/\/marekkuchcinski.pl\/wp-content\/uploads\/2018\/09\/MMA_1315-copy.view-1.jpg\",\"articleSection\":[\"Wa\u017cne daty\",\"Wsp\u00f3\u0142praca mi\u0119dzynarodowa\",\"Wydarzenia\"],\"inLanguage\":\"en-GB\",\"potentialAction\":[{\"@type\":\"CommentAction\",\"name\":\"Comment\",\"target\":[\"https:\/\/marekkuchcinski.pl\/en\/wydarzenia\/100-lecie-odzyskania-polske-niepodleglosci-wegrzy-upamietnili-marszalka-pilsudskiego\/#respond\"]}]},{\"@type\":\"WebPage\",\"@id\":\"https:\/\/marekkuchcinski.pl\/en\/wydarzenia\/100-lecie-odzyskania-polske-niepodleglosci-wegrzy-upamietnili-marszalka-pilsudskiego\/\",\"url\":\"https:\/\/marekkuchcinski.pl\/en\/wydarzenia\/100-lecie-odzyskania-polske-niepodleglosci-wegrzy-upamietnili-marszalka-pilsudskiego\/\",\"name\":\"W 100-lecie odzyskania przez Polsk\u0119 niepodleg\u0142o\u015bci W\u0119grzy upami\u0119tnili marsza\u0142ka Pi\u0142sudskiego &#8211; Marek Kuchci\u0144ski\",\"isPartOf\":{\"@id\":\"https:\/\/marekkuchcinski.pl\/#website\"},\"primaryImageOfPage\":{\"@id\":\"https:\/\/marekkuchcinski.pl\/en\/wydarzenia\/100-lecie-odzyskania-polske-niepodleglosci-wegrzy-upamietnili-marszalka-pilsudskiego\/#primaryimage\"},\"image\":{\"@id\":\"https:\/\/marekkuchcinski.pl\/en\/wydarzenia\/100-lecie-odzyskania-polske-niepodleglosci-wegrzy-upamietnili-marszalka-pilsudskiego\/#primaryimage\"},\"thumbnailUrl\":\"https:\/\/marekkuchcinski.pl\/wp-content\/uploads\/2018\/09\/MMA_1315-copy.view-1.jpg\",\"datePublished\":\"2018-09-27T11:24:11+00:00\",\"dateModified\":\"2018-09-27T11:31:16+00:00\",\"breadcrumb\":{\"@id\":\"https:\/\/marekkuchcinski.pl\/en\/wydarzenia\/100-lecie-odzyskania-polske-niepodleglosci-wegrzy-upamietnili-marszalka-pilsudskiego\/#breadcrumb\"},\"inLanguage\":\"en-GB\",\"potentialAction\":[{\"@type\":\"ReadAction\",\"target\":[\"https:\/\/marekkuchcinski.pl\/en\/wydarzenia\/100-lecie-odzyskania-polske-niepodleglosci-wegrzy-upamietnili-marszalka-pilsudskiego\/\"]}]},{\"@type\":\"ImageObject\",\"inLanguage\":\"en-GB\",\"@id\":\"https:\/\/marekkuchcinski.pl\/en\/wydarzenia\/100-lecie-odzyskania-polske-niepodleglosci-wegrzy-upamietnili-marszalka-pilsudskiego\/#primaryimage\",\"url\":\"https:\/\/marekkuchcinski.pl\/wp-content\/uploads\/2018\/09\/MMA_1315-copy.view-1.jpg\",\"contentUrl\":\"https:\/\/marekkuchcinski.pl\/wp-content\/uploads\/2018\/09\/MMA_1315-copy.view-1.jpg\",\"width\":799,\"height\":533},{\"@type\":\"BreadcrumbList\",\"@id\":\"https:\/\/marekkuchcinski.pl\/en\/wydarzenia\/100-lecie-odzyskania-polske-niepodleglosci-wegrzy-upamietnili-marszalka-pilsudskiego\/#breadcrumb\",\"itemListElement\":[{\"@type\":\"ListItem\",\"position\":1,\"name\":\"Strona g\u0142\u00f3wna\",\"item\":\"https:\/\/marekkuchcinski.pl\/\"},{\"@type\":\"ListItem\",\"position\":2,\"name\":\"W 100-lecie odzyskania przez Polsk\u0119 niepodleg\u0142o\u015bci W\u0119grzy upami\u0119tnili marsza\u0142ka Pi\u0142sudskiego\"}]},{\"@type\":\"WebSite\",\"@id\":\"https:\/\/marekkuchcinski.pl\/#website\",\"url\":\"https:\/\/marekkuchcinski.pl\/\",\"name\":\"Marek Kuchci\u0144ski\",\"description\":\"Pose\u0142 na sejm RP &ndash; okr\u0119g nr 22\",\"publisher\":{\"@id\":\"https:\/\/marekkuchcinski.pl\/#organization\"},\"potentialAction\":[{\"@type\":\"SearchAction\",\"target\":{\"@type\":\"EntryPoint\",\"urlTemplate\":\"https:\/\/marekkuchcinski.pl\/?s={search_term_string}\"},\"query-input\":{\"@type\":\"PropertyValueSpecification\",\"valueRequired\":true,\"valueName\":\"search_term_string\"}}],\"inLanguage\":\"en-GB\"},{\"@type\":\"Organization\",\"@id\":\"https:\/\/marekkuchcinski.pl\/#organization\",\"name\":\"Marek Kuchci\u0144ski\",\"url\":\"https:\/\/marekkuchcinski.pl\/\",\"logo\":{\"@type\":\"ImageObject\",\"inLanguage\":\"en-GB\",\"@id\":\"https:\/\/marekkuchcinski.pl\/#\/schema\/logo\/image\/\",\"url\":\"https:\/\/marekkuchcinski.pl\/wp-content\/uploads\/2022\/09\/Marek.jpg\",\"contentUrl\":\"https:\/\/marekkuchcinski.pl\/wp-content\/uploads\/2022\/09\/Marek.jpg\",\"width\":1600,\"height\":971,\"caption\":\"Marek Kuchci\u0144ski\"},\"image\":{\"@id\":\"https:\/\/marekkuchcinski.pl\/#\/schema\/logo\/image\/\"}},{\"@type\":\"Person\",\"@id\":\"https:\/\/marekkuchcinski.pl\/#\/schema\/person\/6f62700996b4d950b6ea2d1183b6c6be\",\"name\":\"admin\",\"image\":{\"@type\":\"ImageObject\",\"inLanguage\":\"en-GB\",\"@id\":\"https:\/\/marekkuchcinski.pl\/#\/schema\/person\/image\/\",\"url\":\"https:\/\/secure.gravatar.com\/avatar\/4bab693b9d55c3d6b52c0296a8765085?s=96&d=mm&r=g\",\"contentUrl\":\"https:\/\/secure.gravatar.com\/avatar\/4bab693b9d55c3d6b52c0296a8765085?s=96&d=mm&r=g\",\"caption\":\"admin\"},\"url\":\"https:\/\/marekkuchcinski.pl\/en\/author\/marta-olejnik\/\"}]}<\/script>\n<!-- \/ Yoast SEO plugin. -->","yoast_head_json":{"title":"W 100-lecie odzyskania przez Polsk\u0119 niepodleg\u0142o\u015bci W\u0119grzy upami\u0119tnili marsza\u0142ka Pi\u0142sudskiego &#8211; Marek Kuchci\u0144ski","robots":{"index":"index","follow":"follow","max-snippet":"max-snippet:-1","max-image-preview":"max-image-preview:large","max-video-preview":"max-video-preview:-1"},"canonical":"https:\/\/marekkuchcinski.pl\/en\/wydarzenia\/100-lecie-odzyskania-polske-niepodleglosci-wegrzy-upamietnili-marszalka-pilsudskiego\/","og_locale":"en_GB","og_type":"article","og_title":"W 100-lecie odzyskania przez Polsk\u0119 niepodleg\u0142o\u015bci W\u0119grzy upami\u0119tnili marsza\u0142ka Pi\u0142sudskiego &#8211; Marek Kuchci\u0144ski","og_description":"Marsza\u0142ek Sejmu Marek Kuchci\u0144ski i przewodnicz\u0105cy parlamentu W\u0119gier L\u00e1szl\u00f3 K\u00f6v\u00e9r ods\u0142onili w Budapeszcie pomnik J\u00f3zefa Pi\u0142sudskiego. Marsza\u0142ek Sejmu podkre\u015bli\u0142, \u017ce jest do dobry znak, poniewa\u017c obecno\u015b\u0107 Pi\u0142sudskiego w tym miejscu przywo\u0142uje w pami\u0119ci rok 1937, kiedy w drug\u0105 rocznic\u0119 swojej \u015bmierci zosta\u0142 uczczony tablic\u0105 pami\u0105tkow\u0105; wtedy w Europie panowa\u0142 pok\u00f3j, a nasze pa\u0144stwa i narody [&hellip;]","og_url":"https:\/\/marekkuchcinski.pl\/en\/wydarzenia\/100-lecie-odzyskania-polske-niepodleglosci-wegrzy-upamietnili-marszalka-pilsudskiego\/","og_site_name":"Marek Kuchci\u0144ski","article_published_time":"2018-09-27T11:24:11+00:00","article_modified_time":"2018-09-27T11:31:16+00:00","og_image":[{"width":799,"height":533,"url":"https:\/\/marekkuchcinski.pl\/wp-content\/uploads\/2018\/09\/MMA_1315-copy.view-1.jpg","type":"image\/jpeg"}],"author":"admin","twitter_card":"summary_large_image","twitter_misc":{"Written by":"admin","Estimated reading time":"2 minutes"},"schema":{"@context":"https:\/\/schema.org","@graph":[{"@type":"Article","@id":"https:\/\/marekkuchcinski.pl\/en\/wydarzenia\/100-lecie-odzyskania-polske-niepodleglosci-wegrzy-upamietnili-marszalka-pilsudskiego\/#article","isPartOf":{"@id":"https:\/\/marekkuchcinski.pl\/en\/wydarzenia\/100-lecie-odzyskania-polske-niepodleglosci-wegrzy-upamietnili-marszalka-pilsudskiego\/"},"author":{"name":"admin","@id":"https:\/\/marekkuchcinski.pl\/#\/schema\/person\/6f62700996b4d950b6ea2d1183b6c6be"},"headline":"W 100-lecie odzyskania przez Polsk\u0119 niepodleg\u0142o\u015bci W\u0119grzy upami\u0119tnili marsza\u0142ka Pi\u0142sudskiego","datePublished":"2018-09-27T11:24:11+00:00","dateModified":"2018-09-27T11:31:16+00:00","mainEntityOfPage":{"@id":"https:\/\/marekkuchcinski.pl\/en\/wydarzenia\/100-lecie-odzyskania-polske-niepodleglosci-wegrzy-upamietnili-marszalka-pilsudskiego\/"},"wordCount":404,"commentCount":0,"publisher":{"@id":"https:\/\/marekkuchcinski.pl\/#organization"},"image":{"@id":"https:\/\/marekkuchcinski.pl\/en\/wydarzenia\/100-lecie-odzyskania-polske-niepodleglosci-wegrzy-upamietnili-marszalka-pilsudskiego\/#primaryimage"},"thumbnailUrl":"https:\/\/marekkuchcinski.pl\/wp-content\/uploads\/2018\/09\/MMA_1315-copy.view-1.jpg","articleSection":["Wa\u017cne daty","Wsp\u00f3\u0142praca mi\u0119dzynarodowa","Wydarzenia"],"inLanguage":"en-GB","potentialAction":[{"@type":"CommentAction","name":"Comment","target":["https:\/\/marekkuchcinski.pl\/en\/wydarzenia\/100-lecie-odzyskania-polske-niepodleglosci-wegrzy-upamietnili-marszalka-pilsudskiego\/#respond"]}]},{"@type":"WebPage","@id":"https:\/\/marekkuchcinski.pl\/en\/wydarzenia\/100-lecie-odzyskania-polske-niepodleglosci-wegrzy-upamietnili-marszalka-pilsudskiego\/","url":"https:\/\/marekkuchcinski.pl\/en\/wydarzenia\/100-lecie-odzyskania-polske-niepodleglosci-wegrzy-upamietnili-marszalka-pilsudskiego\/","name":"W 100-lecie odzyskania przez Polsk\u0119 niepodleg\u0142o\u015bci W\u0119grzy upami\u0119tnili marsza\u0142ka Pi\u0142sudskiego &#8211; Marek Kuchci\u0144ski","isPartOf":{"@id":"https:\/\/marekkuchcinski.pl\/#website"},"primaryImageOfPage":{"@id":"https:\/\/marekkuchcinski.pl\/en\/wydarzenia\/100-lecie-odzyskania-polske-niepodleglosci-wegrzy-upamietnili-marszalka-pilsudskiego\/#primaryimage"},"image":{"@id":"https:\/\/marekkuchcinski.pl\/en\/wydarzenia\/100-lecie-odzyskania-polske-niepodleglosci-wegrzy-upamietnili-marszalka-pilsudskiego\/#primaryimage"},"thumbnailUrl":"https:\/\/marekkuchcinski.pl\/wp-content\/uploads\/2018\/09\/MMA_1315-copy.view-1.jpg","datePublished":"2018-09-27T11:24:11+00:00","dateModified":"2018-09-27T11:31:16+00:00","breadcrumb":{"@id":"https:\/\/marekkuchcinski.pl\/en\/wydarzenia\/100-lecie-odzyskania-polske-niepodleglosci-wegrzy-upamietnili-marszalka-pilsudskiego\/#breadcrumb"},"inLanguage":"en-GB","potentialAction":[{"@type":"ReadAction","target":["https:\/\/marekkuchcinski.pl\/en\/wydarzenia\/100-lecie-odzyskania-polske-niepodleglosci-wegrzy-upamietnili-marszalka-pilsudskiego\/"]}]},{"@type":"ImageObject","inLanguage":"en-GB","@id":"https:\/\/marekkuchcinski.pl\/en\/wydarzenia\/100-lecie-odzyskania-polske-niepodleglosci-wegrzy-upamietnili-marszalka-pilsudskiego\/#primaryimage","url":"https:\/\/marekkuchcinski.pl\/wp-content\/uploads\/2018\/09\/MMA_1315-copy.view-1.jpg","contentUrl":"https:\/\/marekkuchcinski.pl\/wp-content\/uploads\/2018\/09\/MMA_1315-copy.view-1.jpg","width":799,"height":533},{"@type":"BreadcrumbList","@id":"https:\/\/marekkuchcinski.pl\/en\/wydarzenia\/100-lecie-odzyskania-polske-niepodleglosci-wegrzy-upamietnili-marszalka-pilsudskiego\/#breadcrumb","itemListElement":[{"@type":"ListItem","position":1,"name":"Strona g\u0142\u00f3wna","item":"https:\/\/marekkuchcinski.pl\/"},{"@type":"ListItem","position":2,"name":"W 100-lecie odzyskania przez Polsk\u0119 niepodleg\u0142o\u015bci W\u0119grzy upami\u0119tnili marsza\u0142ka Pi\u0142sudskiego"}]},{"@type":"WebSite","@id":"https:\/\/marekkuchcinski.pl\/#website","url":"https:\/\/marekkuchcinski.pl\/","name":"Marek Kuchci\u0144ski","description":"Pose\u0142 na sejm RP &ndash; okr\u0119g nr 22","publisher":{"@id":"https:\/\/marekkuchcinski.pl\/#organization"},"potentialAction":[{"@type":"SearchAction","target":{"@type":"EntryPoint","urlTemplate":"https:\/\/marekkuchcinski.pl\/?s={search_term_string}"},"query-input":{"@type":"PropertyValueSpecification","valueRequired":true,"valueName":"search_term_string"}}],"inLanguage":"en-GB"},{"@type":"Organization","@id":"https:\/\/marekkuchcinski.pl\/#organization","name":"Marek Kuchci\u0144ski","url":"https:\/\/marekkuchcinski.pl\/","logo":{"@type":"ImageObject","inLanguage":"en-GB","@id":"https:\/\/marekkuchcinski.pl\/#\/schema\/logo\/image\/","url":"https:\/\/marekkuchcinski.pl\/wp-content\/uploads\/2022\/09\/Marek.jpg","contentUrl":"https:\/\/marekkuchcinski.pl\/wp-content\/uploads\/2022\/09\/Marek.jpg","width":1600,"height":971,"caption":"Marek Kuchci\u0144ski"},"image":{"@id":"https:\/\/marekkuchcinski.pl\/#\/schema\/logo\/image\/"}},{"@type":"Person","@id":"https:\/\/marekkuchcinski.pl\/#\/schema\/person\/6f62700996b4d950b6ea2d1183b6c6be","name":"admin","image":{"@type":"ImageObject","inLanguage":"en-GB","@id":"https:\/\/marekkuchcinski.pl\/#\/schema\/person\/image\/","url":"https:\/\/secure.gravatar.com\/avatar\/4bab693b9d55c3d6b52c0296a8765085?s=96&d=mm&r=g","contentUrl":"https:\/\/secure.gravatar.com\/avatar\/4bab693b9d55c3d6b52c0296a8765085?s=96&d=mm&r=g","caption":"admin"},"url":"https:\/\/marekkuchcinski.pl\/en\/author\/marta-olejnik\/"}]}},"_links":{"self":[{"href":"https:\/\/marekkuchcinski.pl\/en\/wp-json\/wp\/v2\/posts\/10505","targetHints":{"allow":["GET"]}}],"collection":[{"href":"https:\/\/marekkuchcinski.pl\/en\/wp-json\/wp\/v2\/posts"}],"about":[{"href":"https:\/\/marekkuchcinski.pl\/en\/wp-json\/wp\/v2\/types\/post"}],"author":[{"embeddable":true,"href":"https:\/\/marekkuchcinski.pl\/en\/wp-json\/wp\/v2\/users\/6"}],"replies":[{"embeddable":true,"href":"https:\/\/marekkuchcinski.pl\/en\/wp-json\/wp\/v2\/comments?post=10505"}],"version-history":[{"count":7,"href":"https:\/\/marekkuchcinski.pl\/en\/wp-json\/wp\/v2\/posts\/10505\/revisions"}],"predecessor-version":[{"id":10541,"href":"https:\/\/marekkuchcinski.pl\/en\/wp-json\/wp\/v2\/posts\/10505\/revisions\/10541"}],"wp:featuredmedia":[{"embeddable":true,"href":"https:\/\/marekkuchcinski.pl\/en\/wp-json\/wp\/v2\/media\/10535"}],"wp:attachment":[{"href":"https:\/\/marekkuchcinski.pl\/en\/wp-json\/wp\/v2\/media?parent=10505"}],"wp:term":[{"taxonomy":"category","embeddable":true,"href":"https:\/\/marekkuchcinski.pl\/en\/wp-json\/wp\/v2\/categories?post=10505"},{"taxonomy":"post_tag","embeddable":true,"href":"https:\/\/marekkuchcinski.pl\/en\/wp-json\/wp\/v2\/tags?post=10505"}],"curies":[{"name":"wp","href":"https:\/\/api.w.org\/{rel}","templated":true}]}}