{"id":10348,"date":"2018-09-11T11:24:03","date_gmt":"2018-09-11T09:24:03","guid":{"rendered":"https:\/\/marekkuchcinski.pl\/?p=10348"},"modified":"2020-09-08T12:04:22","modified_gmt":"2020-09-08T10:04:22","slug":"zywe-pochodnie-marszalek-sejmu-otworzyl-wystawe-poswiecona-polsko-czechoslowackim-stosunkom","status":"publish","type":"post","link":"https:\/\/marekkuchcinski.pl\/en\/wspolpraca-miedzynarodowa\/zywe-pochodnie-marszalek-sejmu-otworzyl-wystawe-poswiecona-polsko-czechoslowackim-stosunkom\/","title":{"rendered":"\"Living Torches\" - the Speaker of the Sejm opened an exhibition on Polish-Czechoslovak relations"},"content":{"rendered":"<p><strong>In protest against the Warsaw Pact invasion of Czechoslovakia in 1968, \"living torches\" were lit not only on the Vltava River where Jan Palach and Jan Zaj\u00edc dramatically immolated themselves. Others also sacrificed their lives, such as Ryszard Siwiec, a lonely defender of Polish honour who became a symbol of Polish-Czechoslovak solidarity. Two Hungarians, S\u00e1ndor Bauer from Budapest and his compatriot M\u00e1rton Moyses who lived in Romania, paved the way for Hungarian-Czech-Slovak solidarity.<\/strong><\/p>\n<p>- The bond of Poles, Czechs and Hungarians was sealed by a bloody, or rather burnt offering - the greatest that a person can make in defense of freedom - said the Speaker of the Sejm Marek Kuchci\u0144ski during the opening of the Prague exhibition \"Together: Half a century of Polish-Czech relations 1968-2018\u2033.  The Prague Spring launched a new era of Polish-Czech relations. The Speaker emphasized that during the last 50 years there were several such important events, e.g. workers' uprisings in 1970 or 1976 in Radom, in 1978 Polish and Czechoslovak oppositionists met for the first time, and in December 1981 the same generals who were behind the invasion of Czechoslovakia issued an order starting the martial law in Poland.<\/p>\n<p>During his visit to Prague, the Speaker of the Sejm took part in the meeting: \"Living Torches: Siwiec, Palach, Bauer\". - Even after the passage of 50 years it is impossible to talk about what happened in Warsaw, Prague and Budapest without feeling that something inconceivable, unbelievably dramatic happened and that it was done consciously at the same time - as a protest against enslavement of the state and nation, against the invasion of Czechoslovakia. It should be emphasized that these exceptional figures did not expect imitation, they even warned against it, although especially in Czechoslovakia many wanted to follow this path,\" said Marek Kuchci\u0144ski. - These three figures - the Home Army soldier, philosopher and later civil servant Ryszard Siwiec in Warsaw, the student Jan Palach in Prague and the student Sandor Bauer in Budapest - people of great spirit, integrity and ideas and a strong bond with their nations crossed the boundaries of sacrifice and heroism, choosing death in terrible agony because they believed that no sacrifice is too great in the fight for freedom,' he argued. - If we feel free, we should always remember to whom we owe our freedom, the sovereignty of our countries. Thank you for the fact that in Prague you remember our heroes. Honour their memory. May their memory and glory be eternal,\" said Marek Kuchci\u0144ski.<\/p>\n<p>The meeting was also attended by the deputies of the Czech Parliament Petr Fiala and Hungarian Parliament J\u00e1nos Latorcai and Professor Jan Draus. Together they spoke about the responsibility of our countries, renewal of relations between Poland, the Czech Republic, Hungary and the great sacrifice\u00a0<span class=\"gmail_default\">filed to rebuke<\/span>\u00a0about the transnational struggle for human freedom and dignity.<\/p>\n<p><em>text\/pot. mo<\/em><\/p>\n<p><a href=\"https:\/\/marekkuchcinski.pl\/wp-content\/uploads\/2018\/09\/DSCF1062.jpg\"><img fetchpriority=\"high\" decoding=\"async\" class=\"alignnone size-full wp-image-10356\" src=\"https:\/\/marekkuchcinski.pl\/wp-content\/uploads\/2018\/09\/DSCF1062.jpg\" alt=\"DSCF1062\" width=\"4057\" height=\"2834\" srcset=\"https:\/\/marekkuchcinski.pl\/wp-content\/uploads\/2018\/09\/DSCF1062.jpg 2048w, https:\/\/marekkuchcinski.pl\/wp-content\/uploads\/2018\/09\/DSCF1062-300x210.jpg 300w, https:\/\/marekkuchcinski.pl\/wp-content\/uploads\/2018\/09\/DSCF1062-768x536.jpg 768w, https:\/\/marekkuchcinski.pl\/wp-content\/uploads\/2018\/09\/DSCF1062-1024x715.jpg 1024w\" sizes=\"(max-width: 4057px) 100vw, 4057px\" \/><\/a><a href=\"https:\/\/marekkuchcinski.pl\/wp-content\/uploads\/2018\/09\/DSCF1053.jpg\"><img decoding=\"async\" class=\"alignnone size-full wp-image-10378\" src=\"https:\/\/marekkuchcinski.pl\/wp-content\/uploads\/2018\/09\/DSCF1053.jpg\" alt=\"DSCF1053\" width=\"4134\" height=\"2673\" srcset=\"https:\/\/marekkuchcinski.pl\/wp-content\/uploads\/2018\/09\/DSCF1053.jpg 2048w, https:\/\/marekkuchcinski.pl\/wp-content\/uploads\/2018\/09\/DSCF1053-300x194.jpg 300w, https:\/\/marekkuchcinski.pl\/wp-content\/uploads\/2018\/09\/DSCF1053-768x497.jpg 768w, https:\/\/marekkuchcinski.pl\/wp-content\/uploads\/2018\/09\/DSCF1053-1024x662.jpg 1024w\" sizes=\"(max-width: 4134px) 100vw, 4134px\" \/><\/a><a href=\"https:\/\/marekkuchcinski.pl\/wp-content\/uploads\/2018\/09\/Praga-1.jpg\"><img decoding=\"async\" class=\"alignnone size-full wp-image-10374\" src=\"https:\/\/marekkuchcinski.pl\/wp-content\/uploads\/2018\/09\/Praga-1.jpg\" alt=\"Praga 1\" width=\"4522\" height=\"3019\" srcset=\"https:\/\/marekkuchcinski.pl\/wp-content\/uploads\/2018\/09\/Praga-1.jpg 2048w, https:\/\/marekkuchcinski.pl\/wp-content\/uploads\/2018\/09\/Praga-1-300x200.jpg 300w, https:\/\/marekkuchcinski.pl\/wp-content\/uploads\/2018\/09\/Praga-1-768x513.jpg 768w, https:\/\/marekkuchcinski.pl\/wp-content\/uploads\/2018\/09\/Praga-1-1024x684.jpg 1024w\" sizes=\"(max-width: 4522px) 100vw, 4522px\" \/><\/a><a href=\"https:\/\/marekkuchcinski.pl\/wp-content\/uploads\/2018\/09\/KKB_0737.jpg\"><img loading=\"lazy\" decoding=\"async\" class=\"alignnone size-full wp-image-10359\" src=\"https:\/\/marekkuchcinski.pl\/wp-content\/uploads\/2018\/09\/KKB_0737.jpg\" alt=\"KKB_0737\" width=\"2880\" height=\"1920\" srcset=\"https:\/\/marekkuchcinski.pl\/wp-content\/uploads\/2018\/09\/KKB_0737.jpg 2048w, https:\/\/marekkuchcinski.pl\/wp-content\/uploads\/2018\/09\/KKB_0737-300x200.jpg 300w, https:\/\/marekkuchcinski.pl\/wp-content\/uploads\/2018\/09\/KKB_0737-768x512.jpg 768w, https:\/\/marekkuchcinski.pl\/wp-content\/uploads\/2018\/09\/KKB_0737-1024x683.jpg 1024w\" sizes=\"(max-width: 2880px) 100vw, 2880px\" \/><\/a> <a href=\"https:\/\/marekkuchcinski.pl\/wp-content\/uploads\/2018\/09\/DSCF1084.jpg\"><img loading=\"lazy\" decoding=\"async\" class=\"alignnone size-full wp-image-10357\" src=\"https:\/\/marekkuchcinski.pl\/wp-content\/uploads\/2018\/09\/DSCF1084.jpg\" alt=\"DSCF1084\" width=\"4163\" height=\"2949\" srcset=\"https:\/\/marekkuchcinski.pl\/wp-content\/uploads\/2018\/09\/DSCF1084.jpg 2048w, https:\/\/marekkuchcinski.pl\/wp-content\/uploads\/2018\/09\/DSCF1084-300x213.jpg 300w, https:\/\/marekkuchcinski.pl\/wp-content\/uploads\/2018\/09\/DSCF1084-768x544.jpg 768w, https:\/\/marekkuchcinski.pl\/wp-content\/uploads\/2018\/09\/DSCF1084-1024x725.jpg 1024w\" sizes=\"(max-width: 4163px) 100vw, 4163px\" \/><\/a><a href=\"https:\/\/marekkuchcinski.pl\/wp-content\/uploads\/2018\/09\/KKB_0906.jpg\"><img loading=\"lazy\" decoding=\"async\" class=\"alignnone size-full wp-image-10360\" src=\"https:\/\/marekkuchcinski.pl\/wp-content\/uploads\/2018\/09\/KKB_0906.jpg\" alt=\"KKB_0906\" width=\"2110\" height=\"1496\" srcset=\"https:\/\/marekkuchcinski.pl\/wp-content\/uploads\/2018\/09\/KKB_0906.jpg 2048w, https:\/\/marekkuchcinski.pl\/wp-content\/uploads\/2018\/09\/KKB_0906-300x213.jpg 300w, https:\/\/marekkuchcinski.pl\/wp-content\/uploads\/2018\/09\/KKB_0906-768x545.jpg 768w, https:\/\/marekkuchcinski.pl\/wp-content\/uploads\/2018\/09\/KKB_0906-1024x726.jpg 1024w\" sizes=\"(max-width: 2110px) 100vw, 2110px\" \/><\/a> <a href=\"https:\/\/marekkuchcinski.pl\/wp-content\/uploads\/2018\/09\/KKB_1146.jpg\"><img loading=\"lazy\" decoding=\"async\" class=\"alignnone size-full wp-image-10361\" src=\"https:\/\/marekkuchcinski.pl\/wp-content\/uploads\/2018\/09\/KKB_1146.jpg\" alt=\"KKB_1146\" width=\"2306\" height=\"1410\" srcset=\"https:\/\/marekkuchcinski.pl\/wp-content\/uploads\/2018\/09\/KKB_1146.jpg 2048w, https:\/\/marekkuchcinski.pl\/wp-content\/uploads\/2018\/09\/KKB_1146-300x183.jpg 300w, https:\/\/marekkuchcinski.pl\/wp-content\/uploads\/2018\/09\/KKB_1146-768x470.jpg 768w, https:\/\/marekkuchcinski.pl\/wp-content\/uploads\/2018\/09\/KKB_1146-1024x626.jpg 1024w\" sizes=\"(max-width: 2306px) 100vw, 2306px\" \/><\/a><a href=\"https:\/\/marekkuchcinski.pl\/wp-content\/uploads\/2018\/09\/DSCF1085-1.jpg\"><img loading=\"lazy\" decoding=\"async\" class=\"alignnone size-full wp-image-10362\" src=\"https:\/\/marekkuchcinski.pl\/wp-content\/uploads\/2018\/09\/DSCF1085-1.jpg\" alt=\"DSCF1085\" width=\"3367\" height=\"2246\" srcset=\"https:\/\/marekkuchcinski.pl\/wp-content\/uploads\/2018\/09\/DSCF1085-1.jpg 2048w, https:\/\/marekkuchcinski.pl\/wp-content\/uploads\/2018\/09\/DSCF1085-1-300x200.jpg 300w, https:\/\/marekkuchcinski.pl\/wp-content\/uploads\/2018\/09\/DSCF1085-1-768x512.jpg 768w, https:\/\/marekkuchcinski.pl\/wp-content\/uploads\/2018\/09\/DSCF1085-1-1024x683.jpg 1024w\" sizes=\"(max-width: 3367px) 100vw, 3367px\" \/><\/a> <a href=\"https:\/\/marekkuchcinski.pl\/wp-content\/uploads\/2018\/09\/KKB_1328.jpg\"><img loading=\"lazy\" decoding=\"async\" class=\"alignnone size-full wp-image-10363\" src=\"https:\/\/marekkuchcinski.pl\/wp-content\/uploads\/2018\/09\/KKB_1328.jpg\" alt=\"KKB_1328\" width=\"1910\" height=\"1068\" srcset=\"https:\/\/marekkuchcinski.pl\/wp-content\/uploads\/2018\/09\/KKB_1328.jpg 1910w, https:\/\/marekkuchcinski.pl\/wp-content\/uploads\/2018\/09\/KKB_1328-300x168.jpg 300w, https:\/\/marekkuchcinski.pl\/wp-content\/uploads\/2018\/09\/KKB_1328-768x429.jpg 768w, https:\/\/marekkuchcinski.pl\/wp-content\/uploads\/2018\/09\/KKB_1328-1024x573.jpg 1024w\" sizes=\"(max-width: 1910px) 100vw, 1910px\" \/><\/a><a href=\"https:\/\/marekkuchcinski.pl\/wp-content\/uploads\/2018\/09\/KKB_1693.jpg\"><img loading=\"lazy\" decoding=\"async\" class=\"alignnone size-full wp-image-10380\" src=\"https:\/\/marekkuchcinski.pl\/wp-content\/uploads\/2018\/09\/KKB_1693.jpg\" alt=\"KKB_1693\" width=\"3410\" height=\"2341\" srcset=\"https:\/\/marekkuchcinski.pl\/wp-content\/uploads\/2018\/09\/KKB_1693.jpg 2048w, https:\/\/marekkuchcinski.pl\/wp-content\/uploads\/2018\/09\/KKB_1693-300x206.jpg 300w, https:\/\/marekkuchcinski.pl\/wp-content\/uploads\/2018\/09\/KKB_1693-768x527.jpg 768w, https:\/\/marekkuchcinski.pl\/wp-content\/uploads\/2018\/09\/KKB_1693-1024x703.jpg 1024w\" sizes=\"(max-width: 3410px) 100vw, 3410px\" \/><\/a>Screening of the film dedicated to Ryszard Siwiec<\/p>","protected":false},"excerpt":{"rendered":"<p>W prote\u015bcie przeciwko agresji wojsk Uk\u0142adu Warszawskiego na Czechos\u0142owacj\u0119 w 1968 roku \u201e\u017cywe pochodnie\u201d zap\u0142on\u0119\u0142y nie tylko nad We\u0142taw\u0105, gdzie dramatycznego aktu samospalenia dokonali Jan Palach i Jan Zaj\u00edc. Ofiar\u0119 z w\u0142asnego \u017cycia z\u0142o\u017cyli tak\u017ce inni, jak Ryszard Siwiec, samotny obro\u0144ca honoru Polak\u00f3w, kt\u00f3ry sta\u0142 si\u0119\u00a0symbolem polsko-czechos\u0142owackiej solidarno\u015bci. Natomiast dwaj W\u0119grzy: S\u00e1ndor Bauer z Budapesztu [&hellip;]<\/p>","protected":false},"author":6,"featured_media":10373,"comment_status":"open","ping_status":"open","sticky":false,"template":"","format":"standard","meta":{"ngg_post_thumbnail":0,"footnotes":""},"categories":[77,50,3],"tags":[],"class_list":["post-10348","post","type-post","status-publish","format-standard","has-post-thumbnail","hentry","category-wazne-daty","category-wspolpraca-miedzynarodowa","category-wydarzenia"],"yoast_head":"<!-- This site is optimized with the Yoast SEO plugin v24.7 - https:\/\/yoast.com\/wordpress\/plugins\/seo\/ -->\n<title>&quot;\u017bywe pochodnie&quot; - marsza\u0142ek Sejmu otworzy\u0142 wystaw\u0119 po\u015bwi\u0119con\u0105 polsko-czechos\u0142owackim stosunkom &#8211; Marek Kuchci\u0144ski<\/title>\n<meta name=\"robots\" content=\"index, follow, max-snippet:-1, max-image-preview:large, max-video-preview:-1\" \/>\n<link rel=\"canonical\" href=\"https:\/\/marekkuchcinski.pl\/en\/wspolpraca-miedzynarodowa\/zywe-pochodnie-marszalek-sejmu-otworzyl-wystawe-poswiecona-polsko-czechoslowackim-stosunkom\/\" \/>\n<meta property=\"og:locale\" content=\"en_GB\" \/>\n<meta property=\"og:type\" content=\"article\" \/>\n<meta property=\"og:title\" content=\"&quot;\u017bywe pochodnie&quot; - marsza\u0142ek Sejmu otworzy\u0142 wystaw\u0119 po\u015bwi\u0119con\u0105 polsko-czechos\u0142owackim stosunkom &#8211; Marek Kuchci\u0144ski\" \/>\n<meta property=\"og:description\" content=\"W prote\u015bcie przeciwko agresji wojsk Uk\u0142adu Warszawskiego na Czechos\u0142owacj\u0119 w 1968 roku \u201e\u017cywe pochodnie\u201d zap\u0142on\u0119\u0142y nie tylko nad We\u0142taw\u0105, gdzie dramatycznego aktu samospalenia dokonali Jan Palach i Jan Zaj\u00edc. Ofiar\u0119 z w\u0142asnego \u017cycia z\u0142o\u017cyli tak\u017ce inni, jak Ryszard Siwiec, samotny obro\u0144ca honoru Polak\u00f3w, kt\u00f3ry sta\u0142 si\u0119\u00a0symbolem polsko-czechos\u0142owackiej solidarno\u015bci. Natomiast dwaj W\u0119grzy: S\u00e1ndor Bauer z Budapesztu [&hellip;]\" \/>\n<meta property=\"og:url\" content=\"https:\/\/marekkuchcinski.pl\/en\/wspolpraca-miedzynarodowa\/zywe-pochodnie-marszalek-sejmu-otworzyl-wystawe-poswiecona-polsko-czechoslowackim-stosunkom\/\" \/>\n<meta property=\"og:site_name\" content=\"Marek Kuchci\u0144ski\" \/>\n<meta property=\"article:published_time\" content=\"2018-09-11T09:24:03+00:00\" \/>\n<meta property=\"article:modified_time\" content=\"2020-09-08T10:04:22+00:00\" \/>\n<meta property=\"og:image\" content=\"https:\/\/marekkuchcinski.pl\/wp-content\/uploads\/2018\/09\/polk.jpg\" \/>\n\t<meta property=\"og:image:width\" content=\"1259\" \/>\n\t<meta property=\"og:image:height\" content=\"957\" \/>\n\t<meta property=\"og:image:type\" content=\"image\/jpeg\" \/>\n<meta name=\"author\" content=\"admin\" \/>\n<meta name=\"twitter:card\" content=\"summary_large_image\" \/>\n<meta name=\"twitter:label1\" content=\"Written by\" \/>\n\t<meta name=\"twitter:data1\" content=\"admin\" \/>\n\t<meta name=\"twitter:label2\" content=\"Estimated reading time\" \/>\n\t<meta name=\"twitter:data2\" content=\"3 minutes\" \/>\n<script type=\"application\/ld+json\" class=\"yoast-schema-graph\">{\"@context\":\"https:\/\/schema.org\",\"@graph\":[{\"@type\":\"Article\",\"@id\":\"https:\/\/marekkuchcinski.pl\/wspolpraca-miedzynarodowa\/zywe-pochodnie-marszalek-sejmu-otworzyl-wystawe-poswiecona-polsko-czechoslowackim-stosunkom\/#article\",\"isPartOf\":{\"@id\":\"https:\/\/marekkuchcinski.pl\/wspolpraca-miedzynarodowa\/zywe-pochodnie-marszalek-sejmu-otworzyl-wystawe-poswiecona-polsko-czechoslowackim-stosunkom\/\"},\"author\":{\"name\":\"admin\",\"@id\":\"https:\/\/marekkuchcinski.pl\/#\/schema\/person\/6f62700996b4d950b6ea2d1183b6c6be\"},\"headline\":\"&#8222;\u017bywe pochodnie&#8221; &#8211; marsza\u0142ek Sejmu otworzy\u0142 wystaw\u0119 po\u015bwi\u0119con\u0105 polsko-czechos\u0142owackim stosunkom\",\"datePublished\":\"2018-09-11T09:24:03+00:00\",\"dateModified\":\"2020-09-08T10:04:22+00:00\",\"mainEntityOfPage\":{\"@id\":\"https:\/\/marekkuchcinski.pl\/wspolpraca-miedzynarodowa\/zywe-pochodnie-marszalek-sejmu-otworzyl-wystawe-poswiecona-polsko-czechoslowackim-stosunkom\/\"},\"wordCount\":534,\"commentCount\":0,\"publisher\":{\"@id\":\"https:\/\/marekkuchcinski.pl\/#organization\"},\"image\":{\"@id\":\"https:\/\/marekkuchcinski.pl\/wspolpraca-miedzynarodowa\/zywe-pochodnie-marszalek-sejmu-otworzyl-wystawe-poswiecona-polsko-czechoslowackim-stosunkom\/#primaryimage\"},\"thumbnailUrl\":\"https:\/\/marekkuchcinski.pl\/wp-content\/uploads\/2018\/09\/polk.jpg\",\"articleSection\":[\"Wa\u017cne daty\",\"Wsp\u00f3\u0142praca mi\u0119dzynarodowa\",\"Wydarzenia\"],\"inLanguage\":\"en-GB\",\"potentialAction\":[{\"@type\":\"CommentAction\",\"name\":\"Comment\",\"target\":[\"https:\/\/marekkuchcinski.pl\/wspolpraca-miedzynarodowa\/zywe-pochodnie-marszalek-sejmu-otworzyl-wystawe-poswiecona-polsko-czechoslowackim-stosunkom\/#respond\"]}]},{\"@type\":\"WebPage\",\"@id\":\"https:\/\/marekkuchcinski.pl\/wspolpraca-miedzynarodowa\/zywe-pochodnie-marszalek-sejmu-otworzyl-wystawe-poswiecona-polsko-czechoslowackim-stosunkom\/\",\"url\":\"https:\/\/marekkuchcinski.pl\/wspolpraca-miedzynarodowa\/zywe-pochodnie-marszalek-sejmu-otworzyl-wystawe-poswiecona-polsko-czechoslowackim-stosunkom\/\",\"name\":\"\\\"\u017bywe pochodnie\\\" - marsza\u0142ek Sejmu otworzy\u0142 wystaw\u0119 po\u015bwi\u0119con\u0105 polsko-czechos\u0142owackim stosunkom &#8211; Marek Kuchci\u0144ski\",\"isPartOf\":{\"@id\":\"https:\/\/marekkuchcinski.pl\/#website\"},\"primaryImageOfPage\":{\"@id\":\"https:\/\/marekkuchcinski.pl\/wspolpraca-miedzynarodowa\/zywe-pochodnie-marszalek-sejmu-otworzyl-wystawe-poswiecona-polsko-czechoslowackim-stosunkom\/#primaryimage\"},\"image\":{\"@id\":\"https:\/\/marekkuchcinski.pl\/wspolpraca-miedzynarodowa\/zywe-pochodnie-marszalek-sejmu-otworzyl-wystawe-poswiecona-polsko-czechoslowackim-stosunkom\/#primaryimage\"},\"thumbnailUrl\":\"https:\/\/marekkuchcinski.pl\/wp-content\/uploads\/2018\/09\/polk.jpg\",\"datePublished\":\"2018-09-11T09:24:03+00:00\",\"dateModified\":\"2020-09-08T10:04:22+00:00\",\"breadcrumb\":{\"@id\":\"https:\/\/marekkuchcinski.pl\/wspolpraca-miedzynarodowa\/zywe-pochodnie-marszalek-sejmu-otworzyl-wystawe-poswiecona-polsko-czechoslowackim-stosunkom\/#breadcrumb\"},\"inLanguage\":\"en-GB\",\"potentialAction\":[{\"@type\":\"ReadAction\",\"target\":[\"https:\/\/marekkuchcinski.pl\/wspolpraca-miedzynarodowa\/zywe-pochodnie-marszalek-sejmu-otworzyl-wystawe-poswiecona-polsko-czechoslowackim-stosunkom\/\"]}]},{\"@type\":\"ImageObject\",\"inLanguage\":\"en-GB\",\"@id\":\"https:\/\/marekkuchcinski.pl\/wspolpraca-miedzynarodowa\/zywe-pochodnie-marszalek-sejmu-otworzyl-wystawe-poswiecona-polsko-czechoslowackim-stosunkom\/#primaryimage\",\"url\":\"https:\/\/marekkuchcinski.pl\/wp-content\/uploads\/2018\/09\/polk.jpg\",\"contentUrl\":\"https:\/\/marekkuchcinski.pl\/wp-content\/uploads\/2018\/09\/polk.jpg\",\"width\":1259,\"height\":957},{\"@type\":\"BreadcrumbList\",\"@id\":\"https:\/\/marekkuchcinski.pl\/wspolpraca-miedzynarodowa\/zywe-pochodnie-marszalek-sejmu-otworzyl-wystawe-poswiecona-polsko-czechoslowackim-stosunkom\/#breadcrumb\",\"itemListElement\":[{\"@type\":\"ListItem\",\"position\":1,\"name\":\"Strona g\u0142\u00f3wna\",\"item\":\"https:\/\/marekkuchcinski.pl\/\"},{\"@type\":\"ListItem\",\"position\":2,\"name\":\"&#8220;\u017bywe pochodnie&#8221; &#8211; marsza\u0142ek Sejmu otworzy\u0142 wystaw\u0119 po\u015bwi\u0119con\u0105 polsko-czechos\u0142owackim stosunkom\"}]},{\"@type\":\"WebSite\",\"@id\":\"https:\/\/marekkuchcinski.pl\/#website\",\"url\":\"https:\/\/marekkuchcinski.pl\/\",\"name\":\"Marek Kuchci\u0144ski\",\"description\":\"Pose\u0142 na sejm RP &ndash; okr\u0119g nr 22\",\"publisher\":{\"@id\":\"https:\/\/marekkuchcinski.pl\/#organization\"},\"potentialAction\":[{\"@type\":\"SearchAction\",\"target\":{\"@type\":\"EntryPoint\",\"urlTemplate\":\"https:\/\/marekkuchcinski.pl\/?s={search_term_string}\"},\"query-input\":{\"@type\":\"PropertyValueSpecification\",\"valueRequired\":true,\"valueName\":\"search_term_string\"}}],\"inLanguage\":\"en-GB\"},{\"@type\":\"Organization\",\"@id\":\"https:\/\/marekkuchcinski.pl\/#organization\",\"name\":\"Marek Kuchci\u0144ski\",\"url\":\"https:\/\/marekkuchcinski.pl\/\",\"logo\":{\"@type\":\"ImageObject\",\"inLanguage\":\"en-GB\",\"@id\":\"https:\/\/marekkuchcinski.pl\/#\/schema\/logo\/image\/\",\"url\":\"https:\/\/marekkuchcinski.pl\/wp-content\/uploads\/2022\/09\/Marek.jpg\",\"contentUrl\":\"https:\/\/marekkuchcinski.pl\/wp-content\/uploads\/2022\/09\/Marek.jpg\",\"width\":1600,\"height\":971,\"caption\":\"Marek Kuchci\u0144ski\"},\"image\":{\"@id\":\"https:\/\/marekkuchcinski.pl\/#\/schema\/logo\/image\/\"}},{\"@type\":\"Person\",\"@id\":\"https:\/\/marekkuchcinski.pl\/#\/schema\/person\/6f62700996b4d950b6ea2d1183b6c6be\",\"name\":\"admin\",\"image\":{\"@type\":\"ImageObject\",\"inLanguage\":\"en-GB\",\"@id\":\"https:\/\/marekkuchcinski.pl\/#\/schema\/person\/image\/\",\"url\":\"https:\/\/secure.gravatar.com\/avatar\/4bab693b9d55c3d6b52c0296a8765085?s=96&d=mm&r=g\",\"contentUrl\":\"https:\/\/secure.gravatar.com\/avatar\/4bab693b9d55c3d6b52c0296a8765085?s=96&d=mm&r=g\",\"caption\":\"admin\"},\"url\":\"https:\/\/marekkuchcinski.pl\/en\/author\/marta-olejnik\/\"}]}<\/script>\n<!-- \/ Yoast SEO plugin. -->","yoast_head_json":{"title":"\"\u017bywe pochodnie\" - marsza\u0142ek Sejmu otworzy\u0142 wystaw\u0119 po\u015bwi\u0119con\u0105 polsko-czechos\u0142owackim stosunkom &#8211; Marek Kuchci\u0144ski","robots":{"index":"index","follow":"follow","max-snippet":"max-snippet:-1","max-image-preview":"max-image-preview:large","max-video-preview":"max-video-preview:-1"},"canonical":"https:\/\/marekkuchcinski.pl\/en\/wspolpraca-miedzynarodowa\/zywe-pochodnie-marszalek-sejmu-otworzyl-wystawe-poswiecona-polsko-czechoslowackim-stosunkom\/","og_locale":"en_GB","og_type":"article","og_title":"\"\u017bywe pochodnie\" - marsza\u0142ek Sejmu otworzy\u0142 wystaw\u0119 po\u015bwi\u0119con\u0105 polsko-czechos\u0142owackim stosunkom &#8211; Marek Kuchci\u0144ski","og_description":"W prote\u015bcie przeciwko agresji wojsk Uk\u0142adu Warszawskiego na Czechos\u0142owacj\u0119 w 1968 roku \u201e\u017cywe pochodnie\u201d zap\u0142on\u0119\u0142y nie tylko nad We\u0142taw\u0105, gdzie dramatycznego aktu samospalenia dokonali Jan Palach i Jan Zaj\u00edc. Ofiar\u0119 z w\u0142asnego \u017cycia z\u0142o\u017cyli tak\u017ce inni, jak Ryszard Siwiec, samotny obro\u0144ca honoru Polak\u00f3w, kt\u00f3ry sta\u0142 si\u0119\u00a0symbolem polsko-czechos\u0142owackiej solidarno\u015bci. Natomiast dwaj W\u0119grzy: S\u00e1ndor Bauer z Budapesztu [&hellip;]","og_url":"https:\/\/marekkuchcinski.pl\/en\/wspolpraca-miedzynarodowa\/zywe-pochodnie-marszalek-sejmu-otworzyl-wystawe-poswiecona-polsko-czechoslowackim-stosunkom\/","og_site_name":"Marek Kuchci\u0144ski","article_published_time":"2018-09-11T09:24:03+00:00","article_modified_time":"2020-09-08T10:04:22+00:00","og_image":[{"width":1259,"height":957,"url":"https:\/\/marekkuchcinski.pl\/wp-content\/uploads\/2018\/09\/polk.jpg","type":"image\/jpeg"}],"author":"admin","twitter_card":"summary_large_image","twitter_misc":{"Written by":"admin","Estimated reading time":"3 minutes"},"schema":{"@context":"https:\/\/schema.org","@graph":[{"@type":"Article","@id":"https:\/\/marekkuchcinski.pl\/wspolpraca-miedzynarodowa\/zywe-pochodnie-marszalek-sejmu-otworzyl-wystawe-poswiecona-polsko-czechoslowackim-stosunkom\/#article","isPartOf":{"@id":"https:\/\/marekkuchcinski.pl\/wspolpraca-miedzynarodowa\/zywe-pochodnie-marszalek-sejmu-otworzyl-wystawe-poswiecona-polsko-czechoslowackim-stosunkom\/"},"author":{"name":"admin","@id":"https:\/\/marekkuchcinski.pl\/#\/schema\/person\/6f62700996b4d950b6ea2d1183b6c6be"},"headline":"&#8222;\u017bywe pochodnie&#8221; &#8211; marsza\u0142ek Sejmu otworzy\u0142 wystaw\u0119 po\u015bwi\u0119con\u0105 polsko-czechos\u0142owackim stosunkom","datePublished":"2018-09-11T09:24:03+00:00","dateModified":"2020-09-08T10:04:22+00:00","mainEntityOfPage":{"@id":"https:\/\/marekkuchcinski.pl\/wspolpraca-miedzynarodowa\/zywe-pochodnie-marszalek-sejmu-otworzyl-wystawe-poswiecona-polsko-czechoslowackim-stosunkom\/"},"wordCount":534,"commentCount":0,"publisher":{"@id":"https:\/\/marekkuchcinski.pl\/#organization"},"image":{"@id":"https:\/\/marekkuchcinski.pl\/wspolpraca-miedzynarodowa\/zywe-pochodnie-marszalek-sejmu-otworzyl-wystawe-poswiecona-polsko-czechoslowackim-stosunkom\/#primaryimage"},"thumbnailUrl":"https:\/\/marekkuchcinski.pl\/wp-content\/uploads\/2018\/09\/polk.jpg","articleSection":["Wa\u017cne daty","Wsp\u00f3\u0142praca mi\u0119dzynarodowa","Wydarzenia"],"inLanguage":"en-GB","potentialAction":[{"@type":"CommentAction","name":"Comment","target":["https:\/\/marekkuchcinski.pl\/wspolpraca-miedzynarodowa\/zywe-pochodnie-marszalek-sejmu-otworzyl-wystawe-poswiecona-polsko-czechoslowackim-stosunkom\/#respond"]}]},{"@type":"WebPage","@id":"https:\/\/marekkuchcinski.pl\/wspolpraca-miedzynarodowa\/zywe-pochodnie-marszalek-sejmu-otworzyl-wystawe-poswiecona-polsko-czechoslowackim-stosunkom\/","url":"https:\/\/marekkuchcinski.pl\/wspolpraca-miedzynarodowa\/zywe-pochodnie-marszalek-sejmu-otworzyl-wystawe-poswiecona-polsko-czechoslowackim-stosunkom\/","name":"\"\u017bywe pochodnie\" - marsza\u0142ek Sejmu otworzy\u0142 wystaw\u0119 po\u015bwi\u0119con\u0105 polsko-czechos\u0142owackim stosunkom &#8211; Marek Kuchci\u0144ski","isPartOf":{"@id":"https:\/\/marekkuchcinski.pl\/#website"},"primaryImageOfPage":{"@id":"https:\/\/marekkuchcinski.pl\/wspolpraca-miedzynarodowa\/zywe-pochodnie-marszalek-sejmu-otworzyl-wystawe-poswiecona-polsko-czechoslowackim-stosunkom\/#primaryimage"},"image":{"@id":"https:\/\/marekkuchcinski.pl\/wspolpraca-miedzynarodowa\/zywe-pochodnie-marszalek-sejmu-otworzyl-wystawe-poswiecona-polsko-czechoslowackim-stosunkom\/#primaryimage"},"thumbnailUrl":"https:\/\/marekkuchcinski.pl\/wp-content\/uploads\/2018\/09\/polk.jpg","datePublished":"2018-09-11T09:24:03+00:00","dateModified":"2020-09-08T10:04:22+00:00","breadcrumb":{"@id":"https:\/\/marekkuchcinski.pl\/wspolpraca-miedzynarodowa\/zywe-pochodnie-marszalek-sejmu-otworzyl-wystawe-poswiecona-polsko-czechoslowackim-stosunkom\/#breadcrumb"},"inLanguage":"en-GB","potentialAction":[{"@type":"ReadAction","target":["https:\/\/marekkuchcinski.pl\/wspolpraca-miedzynarodowa\/zywe-pochodnie-marszalek-sejmu-otworzyl-wystawe-poswiecona-polsko-czechoslowackim-stosunkom\/"]}]},{"@type":"ImageObject","inLanguage":"en-GB","@id":"https:\/\/marekkuchcinski.pl\/wspolpraca-miedzynarodowa\/zywe-pochodnie-marszalek-sejmu-otworzyl-wystawe-poswiecona-polsko-czechoslowackim-stosunkom\/#primaryimage","url":"https:\/\/marekkuchcinski.pl\/wp-content\/uploads\/2018\/09\/polk.jpg","contentUrl":"https:\/\/marekkuchcinski.pl\/wp-content\/uploads\/2018\/09\/polk.jpg","width":1259,"height":957},{"@type":"BreadcrumbList","@id":"https:\/\/marekkuchcinski.pl\/wspolpraca-miedzynarodowa\/zywe-pochodnie-marszalek-sejmu-otworzyl-wystawe-poswiecona-polsko-czechoslowackim-stosunkom\/#breadcrumb","itemListElement":[{"@type":"ListItem","position":1,"name":"Strona g\u0142\u00f3wna","item":"https:\/\/marekkuchcinski.pl\/"},{"@type":"ListItem","position":2,"name":"&#8220;\u017bywe pochodnie&#8221; &#8211; marsza\u0142ek Sejmu otworzy\u0142 wystaw\u0119 po\u015bwi\u0119con\u0105 polsko-czechos\u0142owackim stosunkom"}]},{"@type":"WebSite","@id":"https:\/\/marekkuchcinski.pl\/#website","url":"https:\/\/marekkuchcinski.pl\/","name":"Marek Kuchci\u0144ski","description":"Pose\u0142 na sejm RP &ndash; okr\u0119g nr 22","publisher":{"@id":"https:\/\/marekkuchcinski.pl\/#organization"},"potentialAction":[{"@type":"SearchAction","target":{"@type":"EntryPoint","urlTemplate":"https:\/\/marekkuchcinski.pl\/?s={search_term_string}"},"query-input":{"@type":"PropertyValueSpecification","valueRequired":true,"valueName":"search_term_string"}}],"inLanguage":"en-GB"},{"@type":"Organization","@id":"https:\/\/marekkuchcinski.pl\/#organization","name":"Marek Kuchci\u0144ski","url":"https:\/\/marekkuchcinski.pl\/","logo":{"@type":"ImageObject","inLanguage":"en-GB","@id":"https:\/\/marekkuchcinski.pl\/#\/schema\/logo\/image\/","url":"https:\/\/marekkuchcinski.pl\/wp-content\/uploads\/2022\/09\/Marek.jpg","contentUrl":"https:\/\/marekkuchcinski.pl\/wp-content\/uploads\/2022\/09\/Marek.jpg","width":1600,"height":971,"caption":"Marek Kuchci\u0144ski"},"image":{"@id":"https:\/\/marekkuchcinski.pl\/#\/schema\/logo\/image\/"}},{"@type":"Person","@id":"https:\/\/marekkuchcinski.pl\/#\/schema\/person\/6f62700996b4d950b6ea2d1183b6c6be","name":"admin","image":{"@type":"ImageObject","inLanguage":"en-GB","@id":"https:\/\/marekkuchcinski.pl\/#\/schema\/person\/image\/","url":"https:\/\/secure.gravatar.com\/avatar\/4bab693b9d55c3d6b52c0296a8765085?s=96&d=mm&r=g","contentUrl":"https:\/\/secure.gravatar.com\/avatar\/4bab693b9d55c3d6b52c0296a8765085?s=96&d=mm&r=g","caption":"admin"},"url":"https:\/\/marekkuchcinski.pl\/en\/author\/marta-olejnik\/"}]}},"_links":{"self":[{"href":"https:\/\/marekkuchcinski.pl\/en\/wp-json\/wp\/v2\/posts\/10348","targetHints":{"allow":["GET"]}}],"collection":[{"href":"https:\/\/marekkuchcinski.pl\/en\/wp-json\/wp\/v2\/posts"}],"about":[{"href":"https:\/\/marekkuchcinski.pl\/en\/wp-json\/wp\/v2\/types\/post"}],"author":[{"embeddable":true,"href":"https:\/\/marekkuchcinski.pl\/en\/wp-json\/wp\/v2\/users\/6"}],"replies":[{"embeddable":true,"href":"https:\/\/marekkuchcinski.pl\/en\/wp-json\/wp\/v2\/comments?post=10348"}],"version-history":[{"count":16,"href":"https:\/\/marekkuchcinski.pl\/en\/wp-json\/wp\/v2\/posts\/10348\/revisions"}],"predecessor-version":[{"id":19702,"href":"https:\/\/marekkuchcinski.pl\/en\/wp-json\/wp\/v2\/posts\/10348\/revisions\/19702"}],"wp:featuredmedia":[{"embeddable":true,"href":"https:\/\/marekkuchcinski.pl\/en\/wp-json\/wp\/v2\/media\/10373"}],"wp:attachment":[{"href":"https:\/\/marekkuchcinski.pl\/en\/wp-json\/wp\/v2\/media?parent=10348"}],"wp:term":[{"taxonomy":"category","embeddable":true,"href":"https:\/\/marekkuchcinski.pl\/en\/wp-json\/wp\/v2\/categories?post=10348"},{"taxonomy":"post_tag","embeddable":true,"href":"https:\/\/marekkuchcinski.pl\/en\/wp-json\/wp\/v2\/tags?post=10348"}],"curies":[{"name":"wp","href":"https:\/\/api.w.org\/{rel}","templated":true}]}}