{"id":10330,"date":"2018-09-09T22:38:22","date_gmt":"2018-09-09T20:38:22","guid":{"rendered":"https:\/\/marekkuchcinski.pl\/?p=10330"},"modified":"2018-09-09T22:47:01","modified_gmt":"2018-09-09T20:47:01","slug":"marszalek-sejmu-odslonil-krzyz-upamietniajacy-100-rocznice-odzyskania-niepodleglosci","status":"publish","type":"post","link":"https:\/\/marekkuchcinski.pl\/en\/wydarzenia\/marszalek-sejmu-odslonil-krzyz-upamietniajacy-100-rocznice-odzyskania-niepodleglosci\/","title":{"rendered":"Speaker of the Sejm unveiled a cross commemorating the 100th anniversary of regaining independence"},"content":{"rendered":"<p>In Tuliglowy in Podkarpacie region a 25-meter cross and a 32-meter mast were erected, which, as the Speaker of the Sejm Marek Kuchcinski emphasized, are to remind the great history of the Republic of Poland and to commemorate the 100th anniversary of regaining independence by Poland.<\/p>\n<p>- We have numerous signs and symbols in the history of Poland. This sign - a cross, next to it a mast - I hope it will remind us for many kilometers to the east, for many kilometers to the west, what our heritage is. What is our message for the future - said the Marshal.<\/p>\n<p>In his letter to the participants of the ceremony the President of the Law and Justice party Jaroslaw Kaczynski pointed out that the size of this monument, towering over the area, symbolizes the power of faith of our ancestors. The unwavering trust that the One who surrounded Poland for so many centuries with the shine of power and glory deigns to restore our free homeland.<\/p>\n<p>The monument was built under the honorary patronage of the Speaker of the Sejm. The initiator of the construction was the parish priest in Tuliglowy Father Mariusz Marciniec. The monument was erected by the Marian sanctuary, which is over 600 years old. The inscription on it reads: \"Baptism gives the power of Resurrection. On the 100th Anniversary of Independence grateful to God and National Heroes\".<\/p>\n<p><a href=\"https:\/\/marekkuchcinski.pl\/wp-content\/uploads\/2018\/09\/41275727_270071870284929_3357834955617992704_n-1.jpg\"><img fetchpriority=\"high\" decoding=\"async\" class=\"alignnone size-full wp-image-10343\" src=\"https:\/\/marekkuchcinski.pl\/wp-content\/uploads\/2018\/09\/41275727_270071870284929_3357834955617992704_n-1.jpg\" alt=\"41275727_270071870284929_3357834955617992704_n (1)\" width=\"996\" height=\"1611\" srcset=\"https:\/\/marekkuchcinski.pl\/wp-content\/uploads\/2018\/09\/41275727_270071870284929_3357834955617992704_n-1.jpg 996w, https:\/\/marekkuchcinski.pl\/wp-content\/uploads\/2018\/09\/41275727_270071870284929_3357834955617992704_n-1-185x300.jpg 185w, https:\/\/marekkuchcinski.pl\/wp-content\/uploads\/2018\/09\/41275727_270071870284929_3357834955617992704_n-1-768x1242.jpg 768w, https:\/\/marekkuchcinski.pl\/wp-content\/uploads\/2018\/09\/41275727_270071870284929_3357834955617992704_n-1-633x1024.jpg 633w\" sizes=\"(max-width: 996px) 100vw, 996px\" \/><\/a><a href=\"https:\/\/marekkuchcinski.pl\/wp-content\/uploads\/2018\/09\/41262313_961915664017716_3530492709636669440_n.jpg\"><img decoding=\"async\" class=\"alignnone size-full wp-image-10342\" src=\"https:\/\/marekkuchcinski.pl\/wp-content\/uploads\/2018\/09\/41262313_961915664017716_3530492709636669440_n.jpg\" alt=\"41262313_961915664017716_3530492709636669440_n\" width=\"1057\" height=\"1057\" srcset=\"https:\/\/marekkuchcinski.pl\/wp-content\/uploads\/2018\/09\/41262313_961915664017716_3530492709636669440_n.jpg 1057w, https:\/\/marekkuchcinski.pl\/wp-content\/uploads\/2018\/09\/41262313_961915664017716_3530492709636669440_n-150x150.jpg 150w, https:\/\/marekkuchcinski.pl\/wp-content\/uploads\/2018\/09\/41262313_961915664017716_3530492709636669440_n-300x300.jpg 300w, https:\/\/marekkuchcinski.pl\/wp-content\/uploads\/2018\/09\/41262313_961915664017716_3530492709636669440_n-768x768.jpg 768w, https:\/\/marekkuchcinski.pl\/wp-content\/uploads\/2018\/09\/41262313_961915664017716_3530492709636669440_n-1024x1024.jpg 1024w\" sizes=\"(max-width: 1057px) 100vw, 1057px\" \/><\/a><a href=\"https:\/\/marekkuchcinski.pl\/wp-content\/uploads\/2018\/09\/2.jpg\"><img decoding=\"async\" class=\"alignnone size-full wp-image-10331\" src=\"https:\/\/marekkuchcinski.pl\/wp-content\/uploads\/2018\/09\/2.jpg\" alt=\"2\" width=\"5417\" height=\"3611\" srcset=\"https:\/\/marekkuchcinski.pl\/wp-content\/uploads\/2018\/09\/2.jpg 2048w, https:\/\/marekkuchcinski.pl\/wp-content\/uploads\/2018\/09\/2-300x200.jpg 300w, https:\/\/marekkuchcinski.pl\/wp-content\/uploads\/2018\/09\/2-768x512.jpg 768w, https:\/\/marekkuchcinski.pl\/wp-content\/uploads\/2018\/09\/2-1024x683.jpg 1024w\" sizes=\"(max-width: 5417px) 100vw, 5417px\" \/><\/a> <a href=\"https:\/\/marekkuchcinski.pl\/wp-content\/uploads\/2018\/09\/IMG_0033.jpg\"><img loading=\"lazy\" decoding=\"async\" class=\"alignnone size-full wp-image-10332\" src=\"https:\/\/marekkuchcinski.pl\/wp-content\/uploads\/2018\/09\/IMG_0033.jpg\" alt=\"IMG_0033\" width=\"4000\" height=\"6003\" srcset=\"https:\/\/marekkuchcinski.pl\/wp-content\/uploads\/2018\/09\/IMG_0033.jpg 1365w, https:\/\/marekkuchcinski.pl\/wp-content\/uploads\/2018\/09\/IMG_0033-200x300.jpg 200w, https:\/\/marekkuchcinski.pl\/wp-content\/uploads\/2018\/09\/IMG_0033-768x1153.jpg 768w, https:\/\/marekkuchcinski.pl\/wp-content\/uploads\/2018\/09\/IMG_0033-682x1024.jpg 682w\" sizes=\"(max-width: 4000px) 100vw, 4000px\" \/><\/a> <a href=\"https:\/\/marekkuchcinski.pl\/wp-content\/uploads\/2018\/09\/IMG_0056-2.jpg\"><img loading=\"lazy\" decoding=\"async\" class=\"alignnone size-full wp-image-10333\" src=\"https:\/\/marekkuchcinski.pl\/wp-content\/uploads\/2018\/09\/IMG_0056-2.jpg\" alt=\"IMG_0056 (2)\" width=\"5131\" height=\"3447\" srcset=\"https:\/\/marekkuchcinski.pl\/wp-content\/uploads\/2018\/09\/IMG_0056-2.jpg 2048w, https:\/\/marekkuchcinski.pl\/wp-content\/uploads\/2018\/09\/IMG_0056-2-300x202.jpg 300w, https:\/\/marekkuchcinski.pl\/wp-content\/uploads\/2018\/09\/IMG_0056-2-768x516.jpg 768w, https:\/\/marekkuchcinski.pl\/wp-content\/uploads\/2018\/09\/IMG_0056-2-1024x688.jpg 1024w\" sizes=\"(max-width: 5131px) 100vw, 5131px\" \/><\/a> <a href=\"https:\/\/marekkuchcinski.pl\/wp-content\/uploads\/2018\/09\/IMG_0121.jpg\"><img loading=\"lazy\" decoding=\"async\" class=\"alignnone size-full wp-image-10334\" src=\"https:\/\/marekkuchcinski.pl\/wp-content\/uploads\/2018\/09\/IMG_0121.jpg\" alt=\"IMG_0121\" width=\"6000\" height=\"4000\" srcset=\"https:\/\/marekkuchcinski.pl\/wp-content\/uploads\/2018\/09\/IMG_0121.jpg 2048w, https:\/\/marekkuchcinski.pl\/wp-content\/uploads\/2018\/09\/IMG_0121-300x200.jpg 300w, https:\/\/marekkuchcinski.pl\/wp-content\/uploads\/2018\/09\/IMG_0121-768x512.jpg 768w, https:\/\/marekkuchcinski.pl\/wp-content\/uploads\/2018\/09\/IMG_0121-1024x683.jpg 1024w\" sizes=\"(max-width: 6000px) 100vw, 6000px\" \/><\/a><a href=\"https:\/\/marekkuchcinski.pl\/wp-content\/uploads\/2018\/09\/IMG_0049.jpg\"><img loading=\"lazy\" decoding=\"async\" class=\"alignnone size-full wp-image-10335\" src=\"https:\/\/marekkuchcinski.pl\/wp-content\/uploads\/2018\/09\/IMG_0049.jpg\" alt=\"IMG_0049\" width=\"5225\" height=\"3483\" srcset=\"https:\/\/marekkuchcinski.pl\/wp-content\/uploads\/2018\/09\/IMG_0049.jpg 2048w, https:\/\/marekkuchcinski.pl\/wp-content\/uploads\/2018\/09\/IMG_0049-300x200.jpg 300w, https:\/\/marekkuchcinski.pl\/wp-content\/uploads\/2018\/09\/IMG_0049-768x512.jpg 768w, https:\/\/marekkuchcinski.pl\/wp-content\/uploads\/2018\/09\/IMG_0049-1024x683.jpg 1024w\" sizes=\"(max-width: 5225px) 100vw, 5225px\" \/><\/a><a href=\"https:\/\/marekkuchcinski.pl\/wp-content\/uploads\/2018\/09\/IMG_0040.jpg\"><img loading=\"lazy\" decoding=\"async\" class=\"alignnone size-full wp-image-10336\" src=\"https:\/\/marekkuchcinski.pl\/wp-content\/uploads\/2018\/09\/IMG_0040.jpg\" alt=\"IMG_0040\" width=\"6000\" height=\"4000\" srcset=\"https:\/\/marekkuchcinski.pl\/wp-content\/uploads\/2018\/09\/IMG_0040.jpg 2048w, https:\/\/marekkuchcinski.pl\/wp-content\/uploads\/2018\/09\/IMG_0040-300x200.jpg 300w, https:\/\/marekkuchcinski.pl\/wp-content\/uploads\/2018\/09\/IMG_0040-768x512.jpg 768w, https:\/\/marekkuchcinski.pl\/wp-content\/uploads\/2018\/09\/IMG_0040-1024x683.jpg 1024w\" sizes=\"(max-width: 6000px) 100vw, 6000px\" \/><\/a><a href=\"https:\/\/marekkuchcinski.pl\/wp-content\/uploads\/2018\/09\/IMG_0101.jpg\"><img loading=\"lazy\" decoding=\"async\" class=\"alignnone size-full wp-image-10337\" src=\"https:\/\/marekkuchcinski.pl\/wp-content\/uploads\/2018\/09\/IMG_0101.jpg\" alt=\"IMG_0101\" width=\"5240\" height=\"3462\" srcset=\"https:\/\/marekkuchcinski.pl\/wp-content\/uploads\/2018\/09\/IMG_0101.jpg 2048w, https:\/\/marekkuchcinski.pl\/wp-content\/uploads\/2018\/09\/IMG_0101-300x198.jpg 300w, https:\/\/marekkuchcinski.pl\/wp-content\/uploads\/2018\/09\/IMG_0101-768x507.jpg 768w, https:\/\/marekkuchcinski.pl\/wp-content\/uploads\/2018\/09\/IMG_0101-1024x677.jpg 1024w\" sizes=\"(max-width: 5240px) 100vw, 5240px\" \/><\/a><a href=\"https:\/\/marekkuchcinski.pl\/wp-content\/uploads\/2018\/09\/IMG_0011.jpg\"><img loading=\"lazy\" decoding=\"async\" class=\"alignnone size-full wp-image-10338\" src=\"https:\/\/marekkuchcinski.pl\/wp-content\/uploads\/2018\/09\/IMG_0011.jpg\" alt=\"IMG_0011\" width=\"6000\" height=\"4000\" srcset=\"https:\/\/marekkuchcinski.pl\/wp-content\/uploads\/2018\/09\/IMG_0011.jpg 2048w, https:\/\/marekkuchcinski.pl\/wp-content\/uploads\/2018\/09\/IMG_0011-300x200.jpg 300w, https:\/\/marekkuchcinski.pl\/wp-content\/uploads\/2018\/09\/IMG_0011-768x512.jpg 768w, https:\/\/marekkuchcinski.pl\/wp-content\/uploads\/2018\/09\/IMG_0011-1024x683.jpg 1024w\" sizes=\"(max-width: 6000px) 100vw, 6000px\" \/><\/a><\/p>\n<p><em>Photo: Piotr Michalski<\/em><\/p>","protected":false},"excerpt":{"rendered":"<p>W Tulig\u0142owach na Podkarpaciu stan\u0105\u0142 25-metrowy krzy\u017c i 32-metrowy maszt, kt\u00f3re, jak podkre\u015bli\u0142 marsza\u0142ek Sejmu Marek Kuchci\u0144ski, maj\u0105 przypomina\u0107 wielkie dzieje Rzeczpospolitej i upami\u0119tnia\u0107 100. rocznic\u0119 odzyskania przez Polsk\u0119 niepodleg\u0142o\u015bci. &#8211; W dziejach Polski mamy liczne znaki i symbole. Ten znak &#8211; krzy\u017c, obok niego maszt &#8211; mam nadziej\u0119, \u017ce b\u0119dzie przypomina\u0142 nam na wiele [&hellip;]<\/p>","protected":false},"author":6,"featured_media":10333,"comment_status":"open","ping_status":"open","sticky":false,"template":"","format":"standard","meta":{"ngg_post_thumbnail":0,"footnotes":""},"categories":[49,3],"tags":[],"class_list":["post-10330","post","type-post","status-publish","format-standard","has-post-thumbnail","hentry","category-podkarpacie","category-wydarzenia"],"yoast_head":"<!-- This site is optimized with the Yoast SEO plugin v24.7 - https:\/\/yoast.com\/wordpress\/plugins\/seo\/ -->\n<title>Marsza\u0142ek Sejmu ods\u0142oni\u0142 krzy\u017c upami\u0119tniaj\u0105cy 100. rocznic\u0119 odzyskania niepodleg\u0142o\u015bci &#8211; Marek Kuchci\u0144ski<\/title>\n<meta name=\"robots\" content=\"index, follow, max-snippet:-1, max-image-preview:large, max-video-preview:-1\" \/>\n<link rel=\"canonical\" href=\"https:\/\/marekkuchcinski.pl\/en\/wydarzenia\/marszalek-sejmu-odslonil-krzyz-upamietniajacy-100-rocznice-odzyskania-niepodleglosci\/\" \/>\n<meta property=\"og:locale\" content=\"en_GB\" \/>\n<meta property=\"og:type\" content=\"article\" \/>\n<meta property=\"og:title\" content=\"Marsza\u0142ek Sejmu ods\u0142oni\u0142 krzy\u017c upami\u0119tniaj\u0105cy 100. rocznic\u0119 odzyskania niepodleg\u0142o\u015bci &#8211; Marek Kuchci\u0144ski\" \/>\n<meta property=\"og:description\" content=\"W Tulig\u0142owach na Podkarpaciu stan\u0105\u0142 25-metrowy krzy\u017c i 32-metrowy maszt, kt\u00f3re, jak podkre\u015bli\u0142 marsza\u0142ek Sejmu Marek Kuchci\u0144ski, maj\u0105 przypomina\u0107 wielkie dzieje Rzeczpospolitej i upami\u0119tnia\u0107 100. rocznic\u0119 odzyskania przez Polsk\u0119 niepodleg\u0142o\u015bci. &#8211; W dziejach Polski mamy liczne znaki i symbole. Ten znak &#8211; krzy\u017c, obok niego maszt &#8211; mam nadziej\u0119, \u017ce b\u0119dzie przypomina\u0142 nam na wiele [&hellip;]\" \/>\n<meta property=\"og:url\" content=\"https:\/\/marekkuchcinski.pl\/en\/wydarzenia\/marszalek-sejmu-odslonil-krzyz-upamietniajacy-100-rocznice-odzyskania-niepodleglosci\/\" \/>\n<meta property=\"og:site_name\" content=\"Marek Kuchci\u0144ski\" \/>\n<meta property=\"article:published_time\" content=\"2018-09-09T20:38:22+00:00\" \/>\n<meta property=\"article:modified_time\" content=\"2018-09-09T20:47:01+00:00\" \/>\n<meta property=\"og:image\" content=\"https:\/\/marekkuchcinski.pl\/wp-content\/uploads\/2018\/09\/IMG_0056-2.jpg\" \/>\n\t<meta property=\"og:image:width\" content=\"2048\" \/>\n\t<meta property=\"og:image:height\" content=\"1376\" \/>\n\t<meta property=\"og:image:type\" content=\"image\/jpeg\" \/>\n<meta name=\"author\" content=\"admin\" \/>\n<meta name=\"twitter:card\" content=\"summary_large_image\" \/>\n<meta name=\"twitter:label1\" content=\"Written by\" \/>\n\t<meta name=\"twitter:data1\" content=\"admin\" \/>\n\t<meta name=\"twitter:label2\" content=\"Estimated reading time\" \/>\n\t<meta name=\"twitter:data2\" content=\"1 minute\" \/>\n<script type=\"application\/ld+json\" class=\"yoast-schema-graph\">{\"@context\":\"https:\/\/schema.org\",\"@graph\":[{\"@type\":\"Article\",\"@id\":\"https:\/\/marekkuchcinski.pl\/hu\/wydarzenia\/marszalek-sejmu-odslonil-krzyz-upamietniajacy-100-rocznice-odzyskania-niepodleglosci\/#article\",\"isPartOf\":{\"@id\":\"https:\/\/marekkuchcinski.pl\/hu\/wydarzenia\/marszalek-sejmu-odslonil-krzyz-upamietniajacy-100-rocznice-odzyskania-niepodleglosci\/\"},\"author\":{\"name\":\"admin\",\"@id\":\"https:\/\/marekkuchcinski.pl\/#\/schema\/person\/6f62700996b4d950b6ea2d1183b6c6be\"},\"headline\":\"Marsza\u0142ek Sejmu ods\u0142oni\u0142 krzy\u017c upami\u0119tniaj\u0105cy 100. rocznic\u0119 odzyskania niepodleg\u0142o\u015bci\",\"datePublished\":\"2018-09-09T20:38:22+00:00\",\"dateModified\":\"2018-09-09T20:47:01+00:00\",\"mainEntityOfPage\":{\"@id\":\"https:\/\/marekkuchcinski.pl\/hu\/wydarzenia\/marszalek-sejmu-odslonil-krzyz-upamietniajacy-100-rocznice-odzyskania-niepodleglosci\/\"},\"wordCount\":212,\"commentCount\":0,\"publisher\":{\"@id\":\"https:\/\/marekkuchcinski.pl\/#organization\"},\"image\":{\"@id\":\"https:\/\/marekkuchcinski.pl\/hu\/wydarzenia\/marszalek-sejmu-odslonil-krzyz-upamietniajacy-100-rocznice-odzyskania-niepodleglosci\/#primaryimage\"},\"thumbnailUrl\":\"https:\/\/marekkuchcinski.pl\/wp-content\/uploads\/2018\/09\/IMG_0056-2.jpg\",\"articleSection\":[\"Podkarpacie\",\"Wydarzenia\"],\"inLanguage\":\"en-GB\",\"potentialAction\":[{\"@type\":\"CommentAction\",\"name\":\"Comment\",\"target\":[\"https:\/\/marekkuchcinski.pl\/hu\/wydarzenia\/marszalek-sejmu-odslonil-krzyz-upamietniajacy-100-rocznice-odzyskania-niepodleglosci\/#respond\"]}]},{\"@type\":\"WebPage\",\"@id\":\"https:\/\/marekkuchcinski.pl\/hu\/wydarzenia\/marszalek-sejmu-odslonil-krzyz-upamietniajacy-100-rocznice-odzyskania-niepodleglosci\/\",\"url\":\"https:\/\/marekkuchcinski.pl\/hu\/wydarzenia\/marszalek-sejmu-odslonil-krzyz-upamietniajacy-100-rocznice-odzyskania-niepodleglosci\/\",\"name\":\"Marsza\u0142ek Sejmu ods\u0142oni\u0142 krzy\u017c upami\u0119tniaj\u0105cy 100. rocznic\u0119 odzyskania niepodleg\u0142o\u015bci &#8211; Marek Kuchci\u0144ski\",\"isPartOf\":{\"@id\":\"https:\/\/marekkuchcinski.pl\/#website\"},\"primaryImageOfPage\":{\"@id\":\"https:\/\/marekkuchcinski.pl\/hu\/wydarzenia\/marszalek-sejmu-odslonil-krzyz-upamietniajacy-100-rocznice-odzyskania-niepodleglosci\/#primaryimage\"},\"image\":{\"@id\":\"https:\/\/marekkuchcinski.pl\/hu\/wydarzenia\/marszalek-sejmu-odslonil-krzyz-upamietniajacy-100-rocznice-odzyskania-niepodleglosci\/#primaryimage\"},\"thumbnailUrl\":\"https:\/\/marekkuchcinski.pl\/wp-content\/uploads\/2018\/09\/IMG_0056-2.jpg\",\"datePublished\":\"2018-09-09T20:38:22+00:00\",\"dateModified\":\"2018-09-09T20:47:01+00:00\",\"breadcrumb\":{\"@id\":\"https:\/\/marekkuchcinski.pl\/hu\/wydarzenia\/marszalek-sejmu-odslonil-krzyz-upamietniajacy-100-rocznice-odzyskania-niepodleglosci\/#breadcrumb\"},\"inLanguage\":\"en-GB\",\"potentialAction\":[{\"@type\":\"ReadAction\",\"target\":[\"https:\/\/marekkuchcinski.pl\/hu\/wydarzenia\/marszalek-sejmu-odslonil-krzyz-upamietniajacy-100-rocznice-odzyskania-niepodleglosci\/\"]}]},{\"@type\":\"ImageObject\",\"inLanguage\":\"en-GB\",\"@id\":\"https:\/\/marekkuchcinski.pl\/hu\/wydarzenia\/marszalek-sejmu-odslonil-krzyz-upamietniajacy-100-rocznice-odzyskania-niepodleglosci\/#primaryimage\",\"url\":\"https:\/\/marekkuchcinski.pl\/wp-content\/uploads\/2018\/09\/IMG_0056-2.jpg\",\"contentUrl\":\"https:\/\/marekkuchcinski.pl\/wp-content\/uploads\/2018\/09\/IMG_0056-2.jpg\",\"width\":2048,\"height\":1376},{\"@type\":\"BreadcrumbList\",\"@id\":\"https:\/\/marekkuchcinski.pl\/hu\/wydarzenia\/marszalek-sejmu-odslonil-krzyz-upamietniajacy-100-rocznice-odzyskania-niepodleglosci\/#breadcrumb\",\"itemListElement\":[{\"@type\":\"ListItem\",\"position\":1,\"name\":\"Strona g\u0142\u00f3wna\",\"item\":\"https:\/\/marekkuchcinski.pl\/\"},{\"@type\":\"ListItem\",\"position\":2,\"name\":\"Marsza\u0142ek Sejmu ods\u0142oni\u0142 krzy\u017c upami\u0119tniaj\u0105cy 100. rocznic\u0119 odzyskania niepodleg\u0142o\u015bci\"}]},{\"@type\":\"WebSite\",\"@id\":\"https:\/\/marekkuchcinski.pl\/#website\",\"url\":\"https:\/\/marekkuchcinski.pl\/\",\"name\":\"Marek Kuchci\u0144ski\",\"description\":\"Pose\u0142 na sejm RP &ndash; okr\u0119g nr 22\",\"publisher\":{\"@id\":\"https:\/\/marekkuchcinski.pl\/#organization\"},\"potentialAction\":[{\"@type\":\"SearchAction\",\"target\":{\"@type\":\"EntryPoint\",\"urlTemplate\":\"https:\/\/marekkuchcinski.pl\/?s={search_term_string}\"},\"query-input\":{\"@type\":\"PropertyValueSpecification\",\"valueRequired\":true,\"valueName\":\"search_term_string\"}}],\"inLanguage\":\"en-GB\"},{\"@type\":\"Organization\",\"@id\":\"https:\/\/marekkuchcinski.pl\/#organization\",\"name\":\"Marek Kuchci\u0144ski\",\"url\":\"https:\/\/marekkuchcinski.pl\/\",\"logo\":{\"@type\":\"ImageObject\",\"inLanguage\":\"en-GB\",\"@id\":\"https:\/\/marekkuchcinski.pl\/#\/schema\/logo\/image\/\",\"url\":\"https:\/\/marekkuchcinski.pl\/wp-content\/uploads\/2022\/09\/Marek.jpg\",\"contentUrl\":\"https:\/\/marekkuchcinski.pl\/wp-content\/uploads\/2022\/09\/Marek.jpg\",\"width\":1600,\"height\":971,\"caption\":\"Marek Kuchci\u0144ski\"},\"image\":{\"@id\":\"https:\/\/marekkuchcinski.pl\/#\/schema\/logo\/image\/\"}},{\"@type\":\"Person\",\"@id\":\"https:\/\/marekkuchcinski.pl\/#\/schema\/person\/6f62700996b4d950b6ea2d1183b6c6be\",\"name\":\"admin\",\"image\":{\"@type\":\"ImageObject\",\"inLanguage\":\"en-GB\",\"@id\":\"https:\/\/marekkuchcinski.pl\/#\/schema\/person\/image\/\",\"url\":\"https:\/\/secure.gravatar.com\/avatar\/4bab693b9d55c3d6b52c0296a8765085?s=96&d=mm&r=g\",\"contentUrl\":\"https:\/\/secure.gravatar.com\/avatar\/4bab693b9d55c3d6b52c0296a8765085?s=96&d=mm&r=g\",\"caption\":\"admin\"},\"url\":\"https:\/\/marekkuchcinski.pl\/en\/author\/marta-olejnik\/\"}]}<\/script>\n<!-- \/ Yoast SEO plugin. -->","yoast_head_json":{"title":"Marsza\u0142ek Sejmu ods\u0142oni\u0142 krzy\u017c upami\u0119tniaj\u0105cy 100. rocznic\u0119 odzyskania niepodleg\u0142o\u015bci &#8211; Marek Kuchci\u0144ski","robots":{"index":"index","follow":"follow","max-snippet":"max-snippet:-1","max-image-preview":"max-image-preview:large","max-video-preview":"max-video-preview:-1"},"canonical":"https:\/\/marekkuchcinski.pl\/en\/wydarzenia\/marszalek-sejmu-odslonil-krzyz-upamietniajacy-100-rocznice-odzyskania-niepodleglosci\/","og_locale":"en_GB","og_type":"article","og_title":"Marsza\u0142ek Sejmu ods\u0142oni\u0142 krzy\u017c upami\u0119tniaj\u0105cy 100. rocznic\u0119 odzyskania niepodleg\u0142o\u015bci &#8211; Marek Kuchci\u0144ski","og_description":"W Tulig\u0142owach na Podkarpaciu stan\u0105\u0142 25-metrowy krzy\u017c i 32-metrowy maszt, kt\u00f3re, jak podkre\u015bli\u0142 marsza\u0142ek Sejmu Marek Kuchci\u0144ski, maj\u0105 przypomina\u0107 wielkie dzieje Rzeczpospolitej i upami\u0119tnia\u0107 100. rocznic\u0119 odzyskania przez Polsk\u0119 niepodleg\u0142o\u015bci. &#8211; W dziejach Polski mamy liczne znaki i symbole. Ten znak &#8211; krzy\u017c, obok niego maszt &#8211; mam nadziej\u0119, \u017ce b\u0119dzie przypomina\u0142 nam na wiele [&hellip;]","og_url":"https:\/\/marekkuchcinski.pl\/en\/wydarzenia\/marszalek-sejmu-odslonil-krzyz-upamietniajacy-100-rocznice-odzyskania-niepodleglosci\/","og_site_name":"Marek Kuchci\u0144ski","article_published_time":"2018-09-09T20:38:22+00:00","article_modified_time":"2018-09-09T20:47:01+00:00","og_image":[{"width":2048,"height":1376,"url":"https:\/\/marekkuchcinski.pl\/wp-content\/uploads\/2018\/09\/IMG_0056-2.jpg","type":"image\/jpeg"}],"author":"admin","twitter_card":"summary_large_image","twitter_misc":{"Written by":"admin","Estimated reading time":"1 minute"},"schema":{"@context":"https:\/\/schema.org","@graph":[{"@type":"Article","@id":"https:\/\/marekkuchcinski.pl\/hu\/wydarzenia\/marszalek-sejmu-odslonil-krzyz-upamietniajacy-100-rocznice-odzyskania-niepodleglosci\/#article","isPartOf":{"@id":"https:\/\/marekkuchcinski.pl\/hu\/wydarzenia\/marszalek-sejmu-odslonil-krzyz-upamietniajacy-100-rocznice-odzyskania-niepodleglosci\/"},"author":{"name":"admin","@id":"https:\/\/marekkuchcinski.pl\/#\/schema\/person\/6f62700996b4d950b6ea2d1183b6c6be"},"headline":"Marsza\u0142ek Sejmu ods\u0142oni\u0142 krzy\u017c upami\u0119tniaj\u0105cy 100. rocznic\u0119 odzyskania niepodleg\u0142o\u015bci","datePublished":"2018-09-09T20:38:22+00:00","dateModified":"2018-09-09T20:47:01+00:00","mainEntityOfPage":{"@id":"https:\/\/marekkuchcinski.pl\/hu\/wydarzenia\/marszalek-sejmu-odslonil-krzyz-upamietniajacy-100-rocznice-odzyskania-niepodleglosci\/"},"wordCount":212,"commentCount":0,"publisher":{"@id":"https:\/\/marekkuchcinski.pl\/#organization"},"image":{"@id":"https:\/\/marekkuchcinski.pl\/hu\/wydarzenia\/marszalek-sejmu-odslonil-krzyz-upamietniajacy-100-rocznice-odzyskania-niepodleglosci\/#primaryimage"},"thumbnailUrl":"https:\/\/marekkuchcinski.pl\/wp-content\/uploads\/2018\/09\/IMG_0056-2.jpg","articleSection":["Podkarpacie","Wydarzenia"],"inLanguage":"en-GB","potentialAction":[{"@type":"CommentAction","name":"Comment","target":["https:\/\/marekkuchcinski.pl\/hu\/wydarzenia\/marszalek-sejmu-odslonil-krzyz-upamietniajacy-100-rocznice-odzyskania-niepodleglosci\/#respond"]}]},{"@type":"WebPage","@id":"https:\/\/marekkuchcinski.pl\/hu\/wydarzenia\/marszalek-sejmu-odslonil-krzyz-upamietniajacy-100-rocznice-odzyskania-niepodleglosci\/","url":"https:\/\/marekkuchcinski.pl\/hu\/wydarzenia\/marszalek-sejmu-odslonil-krzyz-upamietniajacy-100-rocznice-odzyskania-niepodleglosci\/","name":"Marsza\u0142ek Sejmu ods\u0142oni\u0142 krzy\u017c upami\u0119tniaj\u0105cy 100. rocznic\u0119 odzyskania niepodleg\u0142o\u015bci &#8211; Marek Kuchci\u0144ski","isPartOf":{"@id":"https:\/\/marekkuchcinski.pl\/#website"},"primaryImageOfPage":{"@id":"https:\/\/marekkuchcinski.pl\/hu\/wydarzenia\/marszalek-sejmu-odslonil-krzyz-upamietniajacy-100-rocznice-odzyskania-niepodleglosci\/#primaryimage"},"image":{"@id":"https:\/\/marekkuchcinski.pl\/hu\/wydarzenia\/marszalek-sejmu-odslonil-krzyz-upamietniajacy-100-rocznice-odzyskania-niepodleglosci\/#primaryimage"},"thumbnailUrl":"https:\/\/marekkuchcinski.pl\/wp-content\/uploads\/2018\/09\/IMG_0056-2.jpg","datePublished":"2018-09-09T20:38:22+00:00","dateModified":"2018-09-09T20:47:01+00:00","breadcrumb":{"@id":"https:\/\/marekkuchcinski.pl\/hu\/wydarzenia\/marszalek-sejmu-odslonil-krzyz-upamietniajacy-100-rocznice-odzyskania-niepodleglosci\/#breadcrumb"},"inLanguage":"en-GB","potentialAction":[{"@type":"ReadAction","target":["https:\/\/marekkuchcinski.pl\/hu\/wydarzenia\/marszalek-sejmu-odslonil-krzyz-upamietniajacy-100-rocznice-odzyskania-niepodleglosci\/"]}]},{"@type":"ImageObject","inLanguage":"en-GB","@id":"https:\/\/marekkuchcinski.pl\/hu\/wydarzenia\/marszalek-sejmu-odslonil-krzyz-upamietniajacy-100-rocznice-odzyskania-niepodleglosci\/#primaryimage","url":"https:\/\/marekkuchcinski.pl\/wp-content\/uploads\/2018\/09\/IMG_0056-2.jpg","contentUrl":"https:\/\/marekkuchcinski.pl\/wp-content\/uploads\/2018\/09\/IMG_0056-2.jpg","width":2048,"height":1376},{"@type":"BreadcrumbList","@id":"https:\/\/marekkuchcinski.pl\/hu\/wydarzenia\/marszalek-sejmu-odslonil-krzyz-upamietniajacy-100-rocznice-odzyskania-niepodleglosci\/#breadcrumb","itemListElement":[{"@type":"ListItem","position":1,"name":"Strona g\u0142\u00f3wna","item":"https:\/\/marekkuchcinski.pl\/"},{"@type":"ListItem","position":2,"name":"Marsza\u0142ek Sejmu ods\u0142oni\u0142 krzy\u017c upami\u0119tniaj\u0105cy 100. rocznic\u0119 odzyskania niepodleg\u0142o\u015bci"}]},{"@type":"WebSite","@id":"https:\/\/marekkuchcinski.pl\/#website","url":"https:\/\/marekkuchcinski.pl\/","name":"Marek Kuchci\u0144ski","description":"Pose\u0142 na sejm RP &ndash; okr\u0119g nr 22","publisher":{"@id":"https:\/\/marekkuchcinski.pl\/#organization"},"potentialAction":[{"@type":"SearchAction","target":{"@type":"EntryPoint","urlTemplate":"https:\/\/marekkuchcinski.pl\/?s={search_term_string}"},"query-input":{"@type":"PropertyValueSpecification","valueRequired":true,"valueName":"search_term_string"}}],"inLanguage":"en-GB"},{"@type":"Organization","@id":"https:\/\/marekkuchcinski.pl\/#organization","name":"Marek Kuchci\u0144ski","url":"https:\/\/marekkuchcinski.pl\/","logo":{"@type":"ImageObject","inLanguage":"en-GB","@id":"https:\/\/marekkuchcinski.pl\/#\/schema\/logo\/image\/","url":"https:\/\/marekkuchcinski.pl\/wp-content\/uploads\/2022\/09\/Marek.jpg","contentUrl":"https:\/\/marekkuchcinski.pl\/wp-content\/uploads\/2022\/09\/Marek.jpg","width":1600,"height":971,"caption":"Marek Kuchci\u0144ski"},"image":{"@id":"https:\/\/marekkuchcinski.pl\/#\/schema\/logo\/image\/"}},{"@type":"Person","@id":"https:\/\/marekkuchcinski.pl\/#\/schema\/person\/6f62700996b4d950b6ea2d1183b6c6be","name":"admin","image":{"@type":"ImageObject","inLanguage":"en-GB","@id":"https:\/\/marekkuchcinski.pl\/#\/schema\/person\/image\/","url":"https:\/\/secure.gravatar.com\/avatar\/4bab693b9d55c3d6b52c0296a8765085?s=96&d=mm&r=g","contentUrl":"https:\/\/secure.gravatar.com\/avatar\/4bab693b9d55c3d6b52c0296a8765085?s=96&d=mm&r=g","caption":"admin"},"url":"https:\/\/marekkuchcinski.pl\/en\/author\/marta-olejnik\/"}]}},"_links":{"self":[{"href":"https:\/\/marekkuchcinski.pl\/en\/wp-json\/wp\/v2\/posts\/10330","targetHints":{"allow":["GET"]}}],"collection":[{"href":"https:\/\/marekkuchcinski.pl\/en\/wp-json\/wp\/v2\/posts"}],"about":[{"href":"https:\/\/marekkuchcinski.pl\/en\/wp-json\/wp\/v2\/types\/post"}],"author":[{"embeddable":true,"href":"https:\/\/marekkuchcinski.pl\/en\/wp-json\/wp\/v2\/users\/6"}],"replies":[{"embeddable":true,"href":"https:\/\/marekkuchcinski.pl\/en\/wp-json\/wp\/v2\/comments?post=10330"}],"version-history":[{"count":6,"href":"https:\/\/marekkuchcinski.pl\/en\/wp-json\/wp\/v2\/posts\/10330\/revisions"}],"predecessor-version":[{"id":10346,"href":"https:\/\/marekkuchcinski.pl\/en\/wp-json\/wp\/v2\/posts\/10330\/revisions\/10346"}],"wp:featuredmedia":[{"embeddable":true,"href":"https:\/\/marekkuchcinski.pl\/en\/wp-json\/wp\/v2\/media\/10333"}],"wp:attachment":[{"href":"https:\/\/marekkuchcinski.pl\/en\/wp-json\/wp\/v2\/media?parent=10330"}],"wp:term":[{"taxonomy":"category","embeddable":true,"href":"https:\/\/marekkuchcinski.pl\/en\/wp-json\/wp\/v2\/categories?post=10330"},{"taxonomy":"post_tag","embeddable":true,"href":"https:\/\/marekkuchcinski.pl\/en\/wp-json\/wp\/v2\/tags?post=10330"}],"curies":[{"name":"wp","href":"https:\/\/api.w.org\/{rel}","templated":true}]}}