{"id":10169,"date":"2018-09-02T22:58:27","date_gmt":"2018-09-02T20:58:27","guid":{"rendered":"https:\/\/marekkuchcinski.pl\/?p=10169"},"modified":"2018-09-03T07:45:17","modified_gmt":"2018-09-03T05:45:17","slug":"konwencja-prawa-sprawiedliwosci-2","status":"publish","type":"post","link":"https:\/\/marekkuchcinski.pl\/en\/wydarzenia\/konwencja-prawa-sprawiedliwosci-2\/","title":{"rendered":"Law and Justice Convention"},"content":{"rendered":"<p><strong>Five proposals for local governments are another offer of Law and Justice after Morawiecki's so-called Five to improve the lives of Poles. During the Law and Justice Party's convention, the prime minister presented a program designed to\u00a0<\/strong><strong>It also aims at the best possible cooperation between the central government and local governments:<\/strong><\/p>\n<p><strong>WARM HOUSE.<\/strong> Commitment to thermal upgrading of buildings, as well as to waste management. In September, the largest thermomodernization program will be launched, which will bring real savings for citizens in relation to heating their homes. It will contribute to the improvement of air quality, and thus have a positive impact on the health of Poles. Homeowners will be able to take advantage of loans or grants, which will vary from 40 to 90 percent of the investment costs, depending on the income per person in the family. The project provides for a reduction of waste fees, if we segregate municipal waste. Special programs for communities, housing cooperatives and single-family houses are also to be created. The draft provides for the possibility of partial exemption from the garbage fee if the property owner has a home composter.<\/p>\n<p><strong>GOOD LOCATION.<\/strong> Increase funding for senior citizen homes, and allocate 500 million over several years to build children's playgrounds, sports centers and outdoor gyms.<\/p>\n<p><strong>MODERN MUNICIPALITY.<\/strong> State co-financing of investments in local governments. It's about building sidewalks and train stations. The proposal would double funding for municipalities that want to rebuild bus service. The construction of about 200 new railroad stations and the renovation of old ones are to be implemented in the coming years as part of the Railway Station Investment Program, adopted in 2017 at a cost of PLN 1 billion.<\/p>\n<p><strong>INTERNET FASTER MORE. <\/strong>We will eliminate so-called \"white spots\" on the country's Internet map and connect educational institutions to fast broadband Internet. The government wants to spend PLN 4 billion over 3-4 years to connect 20,000 schools to the fast network.<\/p>\n<p><strong>YOU LIVE YOU DECIDE.<\/strong> A program to activate communes, especially smaller ones, to create civic, participatory budgets. The government wants to allocate PLN 300 million for this purpose.<\/p>\n<p>Prime Minister Morawiecki reminded that the government keeps the promises contained in the Morawiecki Five. He introduced the \"small ZUS\", the \"Good start\" school allowances program, the \"Accessibility plus\" program for people with disabilities, lower CIT for small businesses or road investments.<\/p>\n<p>\"We are walking together towards victory, we are walking towards a better Poland and towards the<br \/>\nWith a joint effort, in 15-20 years Poland will have<br \/>\nJust like west of our borders\". - Jaroslaw Kaczynski, chairman of the Law and Justice party, said (...) \"We are not going into this election to be harsh and accountable. We are only going to be harsh and accountable where there are drastic events, where there was great harm to people, where there were crimes, even crimes, where there were great abuses, as in Warsaw,\" Kaczy\u0144ski said. - Jaros\u0142aw Kaczy\u0144ski argued.<\/p>\n<p>During the convention also candidates for mayors presented themselves: Patryk Jaki (Warsaw), Malgorzata Wassermann (Krakow), Miroslawa Stachowiak-Rozecka (Wroclaw), Kacper Plaszynski (Gdansk), Lucjusz Nadberezny (Stalowa Wola).<\/p>\n<p>In addition, the leaders of the United Right: PiS (Jaroslaw Kaczynski), Solidarna Polska (Zbigniew Ziobro) and Porozumienie (Jaroslaw Gowin) signed an agreement in which they pledged to field candidates from the Law and Justice lists in the upcoming local, parliamentary and European Parliament elections, and that they will support a common presidential candidate in 2020.<\/p>\n<p><em>Photo by M. Olejnik<\/em> <a href=\"https:\/\/marekkuchcinski.pl\/wp-content\/uploads\/2018\/09\/DSCF0160-1.jpg\"><img fetchpriority=\"high\" decoding=\"async\" class=\"alignnone size-full wp-image-10187\" src=\"https:\/\/marekkuchcinski.pl\/wp-content\/uploads\/2018\/09\/DSCF0160-1.jpg\" alt=\"DSCF0160 (1)\" width=\"3971\" height=\"2709\" srcset=\"https:\/\/marekkuchcinski.pl\/wp-content\/uploads\/2018\/09\/DSCF0160-1.jpg 2048w, https:\/\/marekkuchcinski.pl\/wp-content\/uploads\/2018\/09\/DSCF0160-1-300x205.jpg 300w, https:\/\/marekkuchcinski.pl\/wp-content\/uploads\/2018\/09\/DSCF0160-1-768x524.jpg 768w, https:\/\/marekkuchcinski.pl\/wp-content\/uploads\/2018\/09\/DSCF0160-1-1024x699.jpg 1024w\" sizes=\"(max-width: 3971px) 100vw, 3971px\" \/><\/a> <a href=\"https:\/\/marekkuchcinski.pl\/wp-content\/uploads\/2018\/09\/DSCF0162-1.jpg\"><img decoding=\"async\" class=\"alignnone size-full wp-image-10188\" src=\"https:\/\/marekkuchcinski.pl\/wp-content\/uploads\/2018\/09\/DSCF0162-1.jpg\" alt=\"DSCF0162 (1)\" width=\"4896\" height=\"3264\" srcset=\"https:\/\/marekkuchcinski.pl\/wp-content\/uploads\/2018\/09\/DSCF0162-1.jpg 2048w, https:\/\/marekkuchcinski.pl\/wp-content\/uploads\/2018\/09\/DSCF0162-1-300x200.jpg 300w, https:\/\/marekkuchcinski.pl\/wp-content\/uploads\/2018\/09\/DSCF0162-1-768x512.jpg 768w, https:\/\/marekkuchcinski.pl\/wp-content\/uploads\/2018\/09\/DSCF0162-1-1024x683.jpg 1024w\" sizes=\"(max-width: 4896px) 100vw, 4896px\" \/><\/a> <a href=\"https:\/\/marekkuchcinski.pl\/wp-content\/uploads\/2018\/09\/DSCF0245-1.jpg\"><img decoding=\"async\" class=\"alignnone size-full wp-image-10190\" src=\"https:\/\/marekkuchcinski.pl\/wp-content\/uploads\/2018\/09\/DSCF0245-1.jpg\" alt=\"DSCF0245 (1)\" width=\"3931\" height=\"2416\" srcset=\"https:\/\/marekkuchcinski.pl\/wp-content\/uploads\/2018\/09\/DSCF0245-1.jpg 2048w, https:\/\/marekkuchcinski.pl\/wp-content\/uploads\/2018\/09\/DSCF0245-1-300x184.jpg 300w, https:\/\/marekkuchcinski.pl\/wp-content\/uploads\/2018\/09\/DSCF0245-1-768x472.jpg 768w, https:\/\/marekkuchcinski.pl\/wp-content\/uploads\/2018\/09\/DSCF0245-1-1024x629.jpg 1024w\" sizes=\"(max-width: 3931px) 100vw, 3931px\" \/><\/a> <a href=\"https:\/\/marekkuchcinski.pl\/wp-content\/uploads\/2018\/09\/DSCF0271-2.jpg\"><img loading=\"lazy\" decoding=\"async\" class=\"alignnone size-full wp-image-10192\" src=\"https:\/\/marekkuchcinski.pl\/wp-content\/uploads\/2018\/09\/DSCF0271-2.jpg\" alt=\"DSCF0271 (2)\" width=\"4408\" height=\"3098\" srcset=\"https:\/\/marekkuchcinski.pl\/wp-content\/uploads\/2018\/09\/DSCF0271-2.jpg 2048w, https:\/\/marekkuchcinski.pl\/wp-content\/uploads\/2018\/09\/DSCF0271-2-300x211.jpg 300w, https:\/\/marekkuchcinski.pl\/wp-content\/uploads\/2018\/09\/DSCF0271-2-768x540.jpg 768w, https:\/\/marekkuchcinski.pl\/wp-content\/uploads\/2018\/09\/DSCF0271-2-1024x720.jpg 1024w\" sizes=\"(max-width: 4408px) 100vw, 4408px\" \/><\/a><\/p>","protected":false},"excerpt":{"rendered":"<p>Pi\u0119\u0107 propozycji dla samorz\u0105d\u00f3w to kolejne\u00a0oferty\u00a0Prawa i Sprawiedliwo\u015bci\u00a0po tzw. Pi\u0105tce Morawieckiego na polepszenie \u017cycia Polak\u00f3w. Podczas Konwencji PiS premier przedstawi\u0142 program\u00a0maj\u0105cy na\u00a0celu tak\u017ce jak najlepsz\u0105 wsp\u00f3\u0142prac\u0119 mi\u0119dzy w\u0142adz\u0105 centraln\u0105 a samorz\u0105dami: CIEP\u0141Y DOM. Zaanga\u017cowanie w termomodernizacj\u0119 budynk\u00f3w, a tak\u017ce w gospodark\u0119 odpadow\u0105. We wrze\u015bniu ruszy najwi\u0119kszy program termomodernizacyjny, kt\u00f3ry przyniesie realne oszcz\u0119dno\u015bci dla obywateli w [&hellip;]<\/p>","protected":false},"author":6,"featured_media":10211,"comment_status":"open","ping_status":"open","sticky":false,"template":"","format":"standard","meta":{"ngg_post_thumbnail":0,"footnotes":""},"categories":[82,3],"tags":[],"class_list":["post-10169","post","type-post","status-publish","format-standard","has-post-thumbnail","hentry","category-prawo-i-sprawiedliwosc","category-wydarzenia"],"yoast_head":"<!-- This site is optimized with the Yoast SEO plugin v24.7 - https:\/\/yoast.com\/wordpress\/plugins\/seo\/ -->\n<title>Konwencja Prawa i Sprawiedliwo\u015bci &#8211; Marek Kuchci\u0144ski<\/title>\n<meta name=\"robots\" content=\"index, follow, max-snippet:-1, max-image-preview:large, max-video-preview:-1\" \/>\n<link rel=\"canonical\" href=\"https:\/\/marekkuchcinski.pl\/en\/wydarzenia\/konwencja-prawa-sprawiedliwosci-2\/\" \/>\n<meta property=\"og:locale\" content=\"en_GB\" \/>\n<meta property=\"og:type\" content=\"article\" \/>\n<meta property=\"og:title\" content=\"Konwencja Prawa i Sprawiedliwo\u015bci &#8211; Marek Kuchci\u0144ski\" \/>\n<meta property=\"og:description\" content=\"Pi\u0119\u0107 propozycji dla samorz\u0105d\u00f3w to kolejne\u00a0oferty\u00a0Prawa i Sprawiedliwo\u015bci\u00a0po tzw. Pi\u0105tce Morawieckiego na polepszenie \u017cycia Polak\u00f3w. Podczas Konwencji PiS premier przedstawi\u0142 program\u00a0maj\u0105cy na\u00a0celu tak\u017ce jak najlepsz\u0105 wsp\u00f3\u0142prac\u0119 mi\u0119dzy w\u0142adz\u0105 centraln\u0105 a samorz\u0105dami: CIEP\u0141Y DOM. Zaanga\u017cowanie w termomodernizacj\u0119 budynk\u00f3w, a tak\u017ce w gospodark\u0119 odpadow\u0105. We wrze\u015bniu ruszy najwi\u0119kszy program termomodernizacyjny, kt\u00f3ry przyniesie realne oszcz\u0119dno\u015bci dla obywateli w [&hellip;]\" \/>\n<meta property=\"og:url\" content=\"https:\/\/marekkuchcinski.pl\/en\/wydarzenia\/konwencja-prawa-sprawiedliwosci-2\/\" \/>\n<meta property=\"og:site_name\" content=\"Marek Kuchci\u0144ski\" \/>\n<meta property=\"article:published_time\" content=\"2018-09-02T20:58:27+00:00\" \/>\n<meta property=\"article:modified_time\" content=\"2018-09-03T05:45:17+00:00\" \/>\n<meta property=\"og:image\" content=\"https:\/\/marekkuchcinski.pl\/wp-content\/uploads\/2018\/09\/2015_0709_23184500-1.jpg\" \/>\n\t<meta property=\"og:image:width\" content=\"1630\" \/>\n\t<meta property=\"og:image:height\" content=\"1161\" \/>\n\t<meta property=\"og:image:type\" content=\"image\/jpeg\" \/>\n<meta name=\"author\" content=\"admin\" \/>\n<meta name=\"twitter:card\" content=\"summary_large_image\" \/>\n<meta name=\"twitter:label1\" content=\"Written by\" \/>\n\t<meta name=\"twitter:data1\" content=\"admin\" \/>\n\t<meta name=\"twitter:label2\" content=\"Estimated reading time\" \/>\n\t<meta name=\"twitter:data2\" content=\"3 minutes\" \/>\n<script type=\"application\/ld+json\" class=\"yoast-schema-graph\">{\"@context\":\"https:\/\/schema.org\",\"@graph\":[{\"@type\":\"Article\",\"@id\":\"https:\/\/marekkuchcinski.pl\/cs\/wydarzenia\/konwencja-prawa-sprawiedliwosci-2\/#article\",\"isPartOf\":{\"@id\":\"https:\/\/marekkuchcinski.pl\/cs\/wydarzenia\/konwencja-prawa-sprawiedliwosci-2\/\"},\"author\":{\"name\":\"admin\",\"@id\":\"https:\/\/marekkuchcinski.pl\/#\/schema\/person\/6f62700996b4d950b6ea2d1183b6c6be\"},\"headline\":\"Konwencja Prawa i Sprawiedliwo\u015bci\",\"datePublished\":\"2018-09-02T20:58:27+00:00\",\"dateModified\":\"2018-09-03T05:45:17+00:00\",\"mainEntityOfPage\":{\"@id\":\"https:\/\/marekkuchcinski.pl\/cs\/wydarzenia\/konwencja-prawa-sprawiedliwosci-2\/\"},\"wordCount\":619,\"commentCount\":0,\"publisher\":{\"@id\":\"https:\/\/marekkuchcinski.pl\/#organization\"},\"image\":{\"@id\":\"https:\/\/marekkuchcinski.pl\/cs\/wydarzenia\/konwencja-prawa-sprawiedliwosci-2\/#primaryimage\"},\"thumbnailUrl\":\"https:\/\/marekkuchcinski.pl\/wp-content\/uploads\/2018\/09\/2015_0709_23184500-1.jpg\",\"articleSection\":[\"Prawo i Sprawiedliwo\u015b\u0107\",\"Wydarzenia\"],\"inLanguage\":\"en-GB\",\"potentialAction\":[{\"@type\":\"CommentAction\",\"name\":\"Comment\",\"target\":[\"https:\/\/marekkuchcinski.pl\/cs\/wydarzenia\/konwencja-prawa-sprawiedliwosci-2\/#respond\"]}]},{\"@type\":\"WebPage\",\"@id\":\"https:\/\/marekkuchcinski.pl\/cs\/wydarzenia\/konwencja-prawa-sprawiedliwosci-2\/\",\"url\":\"https:\/\/marekkuchcinski.pl\/cs\/wydarzenia\/konwencja-prawa-sprawiedliwosci-2\/\",\"name\":\"Konwencja Prawa i Sprawiedliwo\u015bci &#8211; Marek Kuchci\u0144ski\",\"isPartOf\":{\"@id\":\"https:\/\/marekkuchcinski.pl\/#website\"},\"primaryImageOfPage\":{\"@id\":\"https:\/\/marekkuchcinski.pl\/cs\/wydarzenia\/konwencja-prawa-sprawiedliwosci-2\/#primaryimage\"},\"image\":{\"@id\":\"https:\/\/marekkuchcinski.pl\/cs\/wydarzenia\/konwencja-prawa-sprawiedliwosci-2\/#primaryimage\"},\"thumbnailUrl\":\"https:\/\/marekkuchcinski.pl\/wp-content\/uploads\/2018\/09\/2015_0709_23184500-1.jpg\",\"datePublished\":\"2018-09-02T20:58:27+00:00\",\"dateModified\":\"2018-09-03T05:45:17+00:00\",\"breadcrumb\":{\"@id\":\"https:\/\/marekkuchcinski.pl\/cs\/wydarzenia\/konwencja-prawa-sprawiedliwosci-2\/#breadcrumb\"},\"inLanguage\":\"en-GB\",\"potentialAction\":[{\"@type\":\"ReadAction\",\"target\":[\"https:\/\/marekkuchcinski.pl\/cs\/wydarzenia\/konwencja-prawa-sprawiedliwosci-2\/\"]}]},{\"@type\":\"ImageObject\",\"inLanguage\":\"en-GB\",\"@id\":\"https:\/\/marekkuchcinski.pl\/cs\/wydarzenia\/konwencja-prawa-sprawiedliwosci-2\/#primaryimage\",\"url\":\"https:\/\/marekkuchcinski.pl\/wp-content\/uploads\/2018\/09\/2015_0709_23184500-1.jpg\",\"contentUrl\":\"https:\/\/marekkuchcinski.pl\/wp-content\/uploads\/2018\/09\/2015_0709_23184500-1.jpg\",\"width\":1630,\"height\":1161},{\"@type\":\"BreadcrumbList\",\"@id\":\"https:\/\/marekkuchcinski.pl\/cs\/wydarzenia\/konwencja-prawa-sprawiedliwosci-2\/#breadcrumb\",\"itemListElement\":[{\"@type\":\"ListItem\",\"position\":1,\"name\":\"Strona g\u0142\u00f3wna\",\"item\":\"https:\/\/marekkuchcinski.pl\/\"},{\"@type\":\"ListItem\",\"position\":2,\"name\":\"Konwencja Prawa i Sprawiedliwo\u015bci\"}]},{\"@type\":\"WebSite\",\"@id\":\"https:\/\/marekkuchcinski.pl\/#website\",\"url\":\"https:\/\/marekkuchcinski.pl\/\",\"name\":\"Marek Kuchci\u0144ski\",\"description\":\"Pose\u0142 na sejm RP &ndash; okr\u0119g nr 22\",\"publisher\":{\"@id\":\"https:\/\/marekkuchcinski.pl\/#organization\"},\"potentialAction\":[{\"@type\":\"SearchAction\",\"target\":{\"@type\":\"EntryPoint\",\"urlTemplate\":\"https:\/\/marekkuchcinski.pl\/?s={search_term_string}\"},\"query-input\":{\"@type\":\"PropertyValueSpecification\",\"valueRequired\":true,\"valueName\":\"search_term_string\"}}],\"inLanguage\":\"en-GB\"},{\"@type\":\"Organization\",\"@id\":\"https:\/\/marekkuchcinski.pl\/#organization\",\"name\":\"Marek Kuchci\u0144ski\",\"url\":\"https:\/\/marekkuchcinski.pl\/\",\"logo\":{\"@type\":\"ImageObject\",\"inLanguage\":\"en-GB\",\"@id\":\"https:\/\/marekkuchcinski.pl\/#\/schema\/logo\/image\/\",\"url\":\"https:\/\/marekkuchcinski.pl\/wp-content\/uploads\/2022\/09\/Marek.jpg\",\"contentUrl\":\"https:\/\/marekkuchcinski.pl\/wp-content\/uploads\/2022\/09\/Marek.jpg\",\"width\":1600,\"height\":971,\"caption\":\"Marek Kuchci\u0144ski\"},\"image\":{\"@id\":\"https:\/\/marekkuchcinski.pl\/#\/schema\/logo\/image\/\"}},{\"@type\":\"Person\",\"@id\":\"https:\/\/marekkuchcinski.pl\/#\/schema\/person\/6f62700996b4d950b6ea2d1183b6c6be\",\"name\":\"admin\",\"image\":{\"@type\":\"ImageObject\",\"inLanguage\":\"en-GB\",\"@id\":\"https:\/\/marekkuchcinski.pl\/#\/schema\/person\/image\/\",\"url\":\"https:\/\/secure.gravatar.com\/avatar\/4bab693b9d55c3d6b52c0296a8765085?s=96&d=mm&r=g\",\"contentUrl\":\"https:\/\/secure.gravatar.com\/avatar\/4bab693b9d55c3d6b52c0296a8765085?s=96&d=mm&r=g\",\"caption\":\"admin\"},\"url\":\"https:\/\/marekkuchcinski.pl\/en\/author\/marta-olejnik\/\"}]}<\/script>\n<!-- \/ Yoast SEO plugin. -->","yoast_head_json":{"title":"Konwencja Prawa i Sprawiedliwo\u015bci &#8211; Marek Kuchci\u0144ski","robots":{"index":"index","follow":"follow","max-snippet":"max-snippet:-1","max-image-preview":"max-image-preview:large","max-video-preview":"max-video-preview:-1"},"canonical":"https:\/\/marekkuchcinski.pl\/en\/wydarzenia\/konwencja-prawa-sprawiedliwosci-2\/","og_locale":"en_GB","og_type":"article","og_title":"Konwencja Prawa i Sprawiedliwo\u015bci &#8211; Marek Kuchci\u0144ski","og_description":"Pi\u0119\u0107 propozycji dla samorz\u0105d\u00f3w to kolejne\u00a0oferty\u00a0Prawa i Sprawiedliwo\u015bci\u00a0po tzw. Pi\u0105tce Morawieckiego na polepszenie \u017cycia Polak\u00f3w. Podczas Konwencji PiS premier przedstawi\u0142 program\u00a0maj\u0105cy na\u00a0celu tak\u017ce jak najlepsz\u0105 wsp\u00f3\u0142prac\u0119 mi\u0119dzy w\u0142adz\u0105 centraln\u0105 a samorz\u0105dami: CIEP\u0141Y DOM. Zaanga\u017cowanie w termomodernizacj\u0119 budynk\u00f3w, a tak\u017ce w gospodark\u0119 odpadow\u0105. We wrze\u015bniu ruszy najwi\u0119kszy program termomodernizacyjny, kt\u00f3ry przyniesie realne oszcz\u0119dno\u015bci dla obywateli w [&hellip;]","og_url":"https:\/\/marekkuchcinski.pl\/en\/wydarzenia\/konwencja-prawa-sprawiedliwosci-2\/","og_site_name":"Marek Kuchci\u0144ski","article_published_time":"2018-09-02T20:58:27+00:00","article_modified_time":"2018-09-03T05:45:17+00:00","og_image":[{"width":1630,"height":1161,"url":"https:\/\/marekkuchcinski.pl\/wp-content\/uploads\/2018\/09\/2015_0709_23184500-1.jpg","type":"image\/jpeg"}],"author":"admin","twitter_card":"summary_large_image","twitter_misc":{"Written by":"admin","Estimated reading time":"3 minutes"},"schema":{"@context":"https:\/\/schema.org","@graph":[{"@type":"Article","@id":"https:\/\/marekkuchcinski.pl\/cs\/wydarzenia\/konwencja-prawa-sprawiedliwosci-2\/#article","isPartOf":{"@id":"https:\/\/marekkuchcinski.pl\/cs\/wydarzenia\/konwencja-prawa-sprawiedliwosci-2\/"},"author":{"name":"admin","@id":"https:\/\/marekkuchcinski.pl\/#\/schema\/person\/6f62700996b4d950b6ea2d1183b6c6be"},"headline":"Konwencja Prawa i Sprawiedliwo\u015bci","datePublished":"2018-09-02T20:58:27+00:00","dateModified":"2018-09-03T05:45:17+00:00","mainEntityOfPage":{"@id":"https:\/\/marekkuchcinski.pl\/cs\/wydarzenia\/konwencja-prawa-sprawiedliwosci-2\/"},"wordCount":619,"commentCount":0,"publisher":{"@id":"https:\/\/marekkuchcinski.pl\/#organization"},"image":{"@id":"https:\/\/marekkuchcinski.pl\/cs\/wydarzenia\/konwencja-prawa-sprawiedliwosci-2\/#primaryimage"},"thumbnailUrl":"https:\/\/marekkuchcinski.pl\/wp-content\/uploads\/2018\/09\/2015_0709_23184500-1.jpg","articleSection":["Prawo i Sprawiedliwo\u015b\u0107","Wydarzenia"],"inLanguage":"en-GB","potentialAction":[{"@type":"CommentAction","name":"Comment","target":["https:\/\/marekkuchcinski.pl\/cs\/wydarzenia\/konwencja-prawa-sprawiedliwosci-2\/#respond"]}]},{"@type":"WebPage","@id":"https:\/\/marekkuchcinski.pl\/cs\/wydarzenia\/konwencja-prawa-sprawiedliwosci-2\/","url":"https:\/\/marekkuchcinski.pl\/cs\/wydarzenia\/konwencja-prawa-sprawiedliwosci-2\/","name":"Konwencja Prawa i Sprawiedliwo\u015bci &#8211; Marek Kuchci\u0144ski","isPartOf":{"@id":"https:\/\/marekkuchcinski.pl\/#website"},"primaryImageOfPage":{"@id":"https:\/\/marekkuchcinski.pl\/cs\/wydarzenia\/konwencja-prawa-sprawiedliwosci-2\/#primaryimage"},"image":{"@id":"https:\/\/marekkuchcinski.pl\/cs\/wydarzenia\/konwencja-prawa-sprawiedliwosci-2\/#primaryimage"},"thumbnailUrl":"https:\/\/marekkuchcinski.pl\/wp-content\/uploads\/2018\/09\/2015_0709_23184500-1.jpg","datePublished":"2018-09-02T20:58:27+00:00","dateModified":"2018-09-03T05:45:17+00:00","breadcrumb":{"@id":"https:\/\/marekkuchcinski.pl\/cs\/wydarzenia\/konwencja-prawa-sprawiedliwosci-2\/#breadcrumb"},"inLanguage":"en-GB","potentialAction":[{"@type":"ReadAction","target":["https:\/\/marekkuchcinski.pl\/cs\/wydarzenia\/konwencja-prawa-sprawiedliwosci-2\/"]}]},{"@type":"ImageObject","inLanguage":"en-GB","@id":"https:\/\/marekkuchcinski.pl\/cs\/wydarzenia\/konwencja-prawa-sprawiedliwosci-2\/#primaryimage","url":"https:\/\/marekkuchcinski.pl\/wp-content\/uploads\/2018\/09\/2015_0709_23184500-1.jpg","contentUrl":"https:\/\/marekkuchcinski.pl\/wp-content\/uploads\/2018\/09\/2015_0709_23184500-1.jpg","width":1630,"height":1161},{"@type":"BreadcrumbList","@id":"https:\/\/marekkuchcinski.pl\/cs\/wydarzenia\/konwencja-prawa-sprawiedliwosci-2\/#breadcrumb","itemListElement":[{"@type":"ListItem","position":1,"name":"Strona g\u0142\u00f3wna","item":"https:\/\/marekkuchcinski.pl\/"},{"@type":"ListItem","position":2,"name":"Konwencja Prawa i Sprawiedliwo\u015bci"}]},{"@type":"WebSite","@id":"https:\/\/marekkuchcinski.pl\/#website","url":"https:\/\/marekkuchcinski.pl\/","name":"Marek Kuchci\u0144ski","description":"Pose\u0142 na sejm RP &ndash; okr\u0119g nr 22","publisher":{"@id":"https:\/\/marekkuchcinski.pl\/#organization"},"potentialAction":[{"@type":"SearchAction","target":{"@type":"EntryPoint","urlTemplate":"https:\/\/marekkuchcinski.pl\/?s={search_term_string}"},"query-input":{"@type":"PropertyValueSpecification","valueRequired":true,"valueName":"search_term_string"}}],"inLanguage":"en-GB"},{"@type":"Organization","@id":"https:\/\/marekkuchcinski.pl\/#organization","name":"Marek Kuchci\u0144ski","url":"https:\/\/marekkuchcinski.pl\/","logo":{"@type":"ImageObject","inLanguage":"en-GB","@id":"https:\/\/marekkuchcinski.pl\/#\/schema\/logo\/image\/","url":"https:\/\/marekkuchcinski.pl\/wp-content\/uploads\/2022\/09\/Marek.jpg","contentUrl":"https:\/\/marekkuchcinski.pl\/wp-content\/uploads\/2022\/09\/Marek.jpg","width":1600,"height":971,"caption":"Marek Kuchci\u0144ski"},"image":{"@id":"https:\/\/marekkuchcinski.pl\/#\/schema\/logo\/image\/"}},{"@type":"Person","@id":"https:\/\/marekkuchcinski.pl\/#\/schema\/person\/6f62700996b4d950b6ea2d1183b6c6be","name":"admin","image":{"@type":"ImageObject","inLanguage":"en-GB","@id":"https:\/\/marekkuchcinski.pl\/#\/schema\/person\/image\/","url":"https:\/\/secure.gravatar.com\/avatar\/4bab693b9d55c3d6b52c0296a8765085?s=96&d=mm&r=g","contentUrl":"https:\/\/secure.gravatar.com\/avatar\/4bab693b9d55c3d6b52c0296a8765085?s=96&d=mm&r=g","caption":"admin"},"url":"https:\/\/marekkuchcinski.pl\/en\/author\/marta-olejnik\/"}]}},"_links":{"self":[{"href":"https:\/\/marekkuchcinski.pl\/en\/wp-json\/wp\/v2\/posts\/10169","targetHints":{"allow":["GET"]}}],"collection":[{"href":"https:\/\/marekkuchcinski.pl\/en\/wp-json\/wp\/v2\/posts"}],"about":[{"href":"https:\/\/marekkuchcinski.pl\/en\/wp-json\/wp\/v2\/types\/post"}],"author":[{"embeddable":true,"href":"https:\/\/marekkuchcinski.pl\/en\/wp-json\/wp\/v2\/users\/6"}],"replies":[{"embeddable":true,"href":"https:\/\/marekkuchcinski.pl\/en\/wp-json\/wp\/v2\/comments?post=10169"}],"version-history":[{"count":18,"href":"https:\/\/marekkuchcinski.pl\/en\/wp-json\/wp\/v2\/posts\/10169\/revisions"}],"predecessor-version":[{"id":10215,"href":"https:\/\/marekkuchcinski.pl\/en\/wp-json\/wp\/v2\/posts\/10169\/revisions\/10215"}],"wp:featuredmedia":[{"embeddable":true,"href":"https:\/\/marekkuchcinski.pl\/en\/wp-json\/wp\/v2\/media\/10211"}],"wp:attachment":[{"href":"https:\/\/marekkuchcinski.pl\/en\/wp-json\/wp\/v2\/media?parent=10169"}],"wp:term":[{"taxonomy":"category","embeddable":true,"href":"https:\/\/marekkuchcinski.pl\/en\/wp-json\/wp\/v2\/categories?post=10169"},{"taxonomy":"post_tag","embeddable":true,"href":"https:\/\/marekkuchcinski.pl\/en\/wp-json\/wp\/v2\/tags?post=10169"}],"curies":[{"name":"wp","href":"https:\/\/api.w.org\/{rel}","templated":true}]}}