{"id":10135,"date":"2018-08-30T14:04:48","date_gmt":"2018-08-30T12:04:48","guid":{"rendered":"https:\/\/marekkuchcinski.pl\/?p=10135"},"modified":"2018-08-30T17:07:43","modified_gmt":"2018-08-30T15:07:43","slug":"spotkanie-prezydiow-parlamentow-polski-republiki-czeskiej","status":"publish","type":"post","link":"https:\/\/marekkuchcinski.pl\/en\/wspolpraca-miedzynarodowa\/spotkanie-prezydiow-parlamentow-polski-republiki-czeskiej\/","title":{"rendered":"Meeting of presidiums of the parliaments of Poland and the Czech Republic"},"content":{"rendered":"<p>The joint meeting of the representatives of the Presidium of the Sejm and the Czech Chamber of Deputies in Jurata provided an opportunity to touch upon the following issues: parliamentary cooperation, Polish food on the Czech market, development of road, railroad, water and air transport or regional cooperation in the context of the European Union and the Visegrad Group.<\/p>\n<p>- Our parliamentary contacts are one of the pillars of creating foreign policy, especially in the conditions of European integration, not only in bilateral relations, but also in multilateral structures, especially in the Visegrad Group format. The time has come to fundamentally strengthen the role of national parliaments in the political system of the European Union\", noted Marek Kuchci\u0144ski, Speaker of the Sejm.<\/p>\n<p>The Speaker stressed that cooperation in the field of transport goes beyond the bilateral dimension and becomes a factor of strategic importance for the expanding regional cooperation. He also drew attention to the development of cooperation in the field of modern road and railroad connections. He recalled that both our countries are gradually building corridors: S3-D11, which will ensure the fastest connection of the Czech Republic with the Baltic Sea ports, and A1-D1, which already ensures a smooth flow of people and goods through the Moravian Gate.<\/p>\n<p>As regards railroad connections, the backbone is the E65 line connecting Katowice with Ostrava, as part of the TEN-T \"Baltic-Adriatic\" Core Network Corridor. The Marshal emphasized the necessity of close coordination of activities, which is particularly important in the context of accelerating works on the High Speed Railway (HSR) project, which will connect the countries of the Visegrad Group in terms of transport to an extent never before seen in the history of our European region. He also expressed support for the revitalization of waterways, such as the Oder-Elbe-Danube Canal, as this issue gains a new dimension in the context of development and use of the LNG terminal in Swinoujscie and construction of Nord Stream 2.<\/p>\n<p>The interlocutors also drew attention to the black PR of Polish food in the Czech Republic, emphasizing that competitiveness should be built on the principle of positive campaign of own products, and not disqualifying foreign ones, in this case Polish.<\/p>\n<p>The meeting in Jurata was another meeting between the Speaker of the Sejm and the Speaker of the Czech Chamber of Deputies Vondr\u00e1\u010dek. The previous ones took place within the framework of the V4, at the EP, at the Summit of Central and Eastern European Parliaments, in a bilateral format, an official visit in 2017 in Prague, before the start of the Spring Session of the NATO ZP in Warsaw in May this year. The Heads of Parliaments emphasized the lack of conflicts of interest in the Visegrad Group and the growing strength of a common voice in Europe, translating into a beneficial direction for our work.<\/p>\n<p>The meeting was chaired by the Speaker of the Sejm Marek Kuchci\u0144ski and the Speaker of the Chamber of Deputies of the Czech Republic Radek Vondr\u00e1\u010dek. On the Polish side, the meeting was attended by Vice-Marshals Barbara Dolniak, Ma\u0142gorzata Kidawa-B\u0142o\u0144ska, Beata Mazurek, Ryszard Terlecki and Stanis\u0142aw Tyszka.<\/p>\n<p><a href=\"https:\/\/marekkuchcinski.pl\/wp-content\/uploads\/2018\/08\/43434702215_01900c6845_b.view_.jpg\"><img fetchpriority=\"high\" decoding=\"async\" class=\"alignnone size-full wp-image-10142\" src=\"https:\/\/marekkuchcinski.pl\/wp-content\/uploads\/2018\/08\/43434702215_01900c6845_b.view_.jpg\" alt=\"43434702215_01900c6845_b.view\" width=\"800\" height=\"555\" srcset=\"https:\/\/marekkuchcinski.pl\/wp-content\/uploads\/2018\/08\/43434702215_01900c6845_b.view_.jpg 800w, https:\/\/marekkuchcinski.pl\/wp-content\/uploads\/2018\/08\/43434702215_01900c6845_b.view_-300x208.jpg 300w, https:\/\/marekkuchcinski.pl\/wp-content\/uploads\/2018\/08\/43434702215_01900c6845_b.view_-768x533.jpg 768w\" sizes=\"(max-width: 800px) 100vw, 800px\" \/><\/a><a href=\"https:\/\/marekkuchcinski.pl\/wp-content\/uploads\/2018\/08\/DSCF0125.jpg\"><img decoding=\"async\" class=\"alignnone size-full wp-image-10136\" src=\"https:\/\/marekkuchcinski.pl\/wp-content\/uploads\/2018\/08\/DSCF0125.jpg\" alt=\"DSCF0125\" width=\"4131\" height=\"2638\" srcset=\"https:\/\/marekkuchcinski.pl\/wp-content\/uploads\/2018\/08\/DSCF0125.jpg 2048w, https:\/\/marekkuchcinski.pl\/wp-content\/uploads\/2018\/08\/DSCF0125-300x192.jpg 300w, https:\/\/marekkuchcinski.pl\/wp-content\/uploads\/2018\/08\/DSCF0125-768x490.jpg 768w, https:\/\/marekkuchcinski.pl\/wp-content\/uploads\/2018\/08\/DSCF0125-1024x654.jpg 1024w\" sizes=\"(max-width: 4131px) 100vw, 4131px\" \/><\/a><a href=\"https:\/\/marekkuchcinski.pl\/wp-content\/uploads\/2018\/08\/DSCF0126.jpg\"><img decoding=\"async\" class=\"alignnone size-full wp-image-10137\" src=\"https:\/\/marekkuchcinski.pl\/wp-content\/uploads\/2018\/08\/DSCF0126.jpg\" alt=\"DSCF0126\" width=\"2324\" height=\"1614\" srcset=\"https:\/\/marekkuchcinski.pl\/wp-content\/uploads\/2018\/08\/DSCF0126.jpg 2048w, https:\/\/marekkuchcinski.pl\/wp-content\/uploads\/2018\/08\/DSCF0126-300x208.jpg 300w, https:\/\/marekkuchcinski.pl\/wp-content\/uploads\/2018\/08\/DSCF0126-768x533.jpg 768w, https:\/\/marekkuchcinski.pl\/wp-content\/uploads\/2018\/08\/DSCF0126-1024x711.jpg 1024w\" sizes=\"(max-width: 2324px) 100vw, 2324px\" \/><\/a><a href=\"https:\/\/marekkuchcinski.pl\/wp-content\/uploads\/2018\/08\/DSCF0134.jpg\"><img loading=\"lazy\" decoding=\"async\" class=\"alignnone size-full wp-image-10138\" src=\"https:\/\/marekkuchcinski.pl\/wp-content\/uploads\/2018\/08\/DSCF0134.jpg\" alt=\"DSCF0134\" width=\"4896\" height=\"3264\" srcset=\"https:\/\/marekkuchcinski.pl\/wp-content\/uploads\/2018\/08\/DSCF0134.jpg 2048w, https:\/\/marekkuchcinski.pl\/wp-content\/uploads\/2018\/08\/DSCF0134-300x200.jpg 300w, https:\/\/marekkuchcinski.pl\/wp-content\/uploads\/2018\/08\/DSCF0134-768x512.jpg 768w, https:\/\/marekkuchcinski.pl\/wp-content\/uploads\/2018\/08\/DSCF0134-1024x683.jpg 1024w\" sizes=\"(max-width: 4896px) 100vw, 4896px\" \/><\/a><a href=\"https:\/\/marekkuchcinski.pl\/wp-content\/uploads\/2018\/08\/RZ__4212-1.jpg\"><img loading=\"lazy\" decoding=\"async\" class=\"alignnone size-full wp-image-10139\" src=\"https:\/\/marekkuchcinski.pl\/wp-content\/uploads\/2018\/08\/RZ__4212-1.jpg\" alt=\"RZ__4212 (1)\" width=\"3360\" height=\"2240\" srcset=\"https:\/\/marekkuchcinski.pl\/wp-content\/uploads\/2018\/08\/RZ__4212-1.jpg 2048w, https:\/\/marekkuchcinski.pl\/wp-content\/uploads\/2018\/08\/RZ__4212-1-300x200.jpg 300w, https:\/\/marekkuchcinski.pl\/wp-content\/uploads\/2018\/08\/RZ__4212-1-768x512.jpg 768w, https:\/\/marekkuchcinski.pl\/wp-content\/uploads\/2018\/08\/RZ__4212-1-1024x683.jpg 1024w\" sizes=\"(max-width: 3360px) 100vw, 3360px\" \/><\/a><a href=\"https:\/\/marekkuchcinski.pl\/wp-content\/uploads\/2018\/08\/RZ__4036.jpg\"><img loading=\"lazy\" decoding=\"async\" class=\"alignnone size-full wp-image-10140\" src=\"https:\/\/marekkuchcinski.pl\/wp-content\/uploads\/2018\/08\/RZ__4036.jpg\" alt=\"RZ__4036\" width=\"3360\" height=\"2240\" srcset=\"https:\/\/marekkuchcinski.pl\/wp-content\/uploads\/2018\/08\/RZ__4036.jpg 2048w, https:\/\/marekkuchcinski.pl\/wp-content\/uploads\/2018\/08\/RZ__4036-300x200.jpg 300w, https:\/\/marekkuchcinski.pl\/wp-content\/uploads\/2018\/08\/RZ__4036-768x512.jpg 768w, https:\/\/marekkuchcinski.pl\/wp-content\/uploads\/2018\/08\/RZ__4036-1024x683.jpg 1024w\" sizes=\"(max-width: 3360px) 100vw, 3360px\" \/><\/a><\/p>\n<p><a href=\"https:\/\/marekkuchcinski.pl\/wp-content\/uploads\/2018\/08\/RZ__4390.jpg\"><img loading=\"lazy\" decoding=\"async\" class=\"alignnone size-full wp-image-10148\" src=\"https:\/\/marekkuchcinski.pl\/wp-content\/uploads\/2018\/08\/RZ__4390.jpg\" alt=\"RZ__4390\" width=\"3360\" height=\"2240\" srcset=\"https:\/\/marekkuchcinski.pl\/wp-content\/uploads\/2018\/08\/RZ__4390.jpg 2048w, https:\/\/marekkuchcinski.pl\/wp-content\/uploads\/2018\/08\/RZ__4390-300x200.jpg 300w, https:\/\/marekkuchcinski.pl\/wp-content\/uploads\/2018\/08\/RZ__4390-768x512.jpg 768w, https:\/\/marekkuchcinski.pl\/wp-content\/uploads\/2018\/08\/RZ__4390-1024x683.jpg 1024w\" sizes=\"(max-width: 3360px) 100vw, 3360px\" \/><\/a><\/p>\n<p><em>Photo RZ, MO<\/em><\/p>","protected":false},"excerpt":{"rendered":"<p>Wsp\u00f3lne posiedzenie przedstawicieli prezydi\u00f3w Sejmu i czeskiej Izby Poselskiej w Juracie sta\u0142o si\u0119 okazj\u0105, by poruszy\u0107 tematy tj. wsp\u00f3\u0142praca parlamentarna, polska \u017cywno\u015b\u0107 na czeskim rynku, rozw\u00f3j komunikacji drogowej, kolejowej, wodnej i\u00a0lotniczej czy wsp\u00f3\u0142praca regionalna w\u00a0kontek\u015bcie Unii Europejskiej i Grupy Wyszehradzkiej. &#8212; Nasze kontakty parlamentarne s\u0105 jednym z filar\u00f3w kreowania polityki zagranicznej, zw\u0142aszcza w warunkach integracji [&hellip;]<\/p>","protected":false},"author":6,"featured_media":10148,"comment_status":"open","ping_status":"open","sticky":false,"template":"","format":"standard","meta":{"ngg_post_thumbnail":0,"footnotes":""},"categories":[50,3],"tags":[],"class_list":["post-10135","post","type-post","status-publish","format-standard","has-post-thumbnail","hentry","category-wspolpraca-miedzynarodowa","category-wydarzenia"],"yoast_head":"<!-- This site is optimized with the Yoast SEO plugin v24.7 - https:\/\/yoast.com\/wordpress\/plugins\/seo\/ -->\n<title>Spotkanie prezydi\u00f3w parlament\u00f3w Polski i Republiki Czeskiej &#8211; Marek Kuchci\u0144ski<\/title>\n<meta name=\"robots\" content=\"index, follow, max-snippet:-1, max-image-preview:large, max-video-preview:-1\" \/>\n<link rel=\"canonical\" href=\"https:\/\/marekkuchcinski.pl\/en\/wspolpraca-miedzynarodowa\/spotkanie-prezydiow-parlamentow-polski-republiki-czeskiej\/\" \/>\n<meta property=\"og:locale\" content=\"en_GB\" \/>\n<meta property=\"og:type\" content=\"article\" \/>\n<meta property=\"og:title\" content=\"Spotkanie prezydi\u00f3w parlament\u00f3w Polski i Republiki Czeskiej &#8211; Marek Kuchci\u0144ski\" \/>\n<meta property=\"og:description\" content=\"Wsp\u00f3lne posiedzenie przedstawicieli prezydi\u00f3w Sejmu i czeskiej Izby Poselskiej w Juracie sta\u0142o si\u0119 okazj\u0105, by poruszy\u0107 tematy tj. wsp\u00f3\u0142praca parlamentarna, polska \u017cywno\u015b\u0107 na czeskim rynku, rozw\u00f3j komunikacji drogowej, kolejowej, wodnej i\u00a0lotniczej czy wsp\u00f3\u0142praca regionalna w\u00a0kontek\u015bcie Unii Europejskiej i Grupy Wyszehradzkiej. &#8212; Nasze kontakty parlamentarne s\u0105 jednym z filar\u00f3w kreowania polityki zagranicznej, zw\u0142aszcza w warunkach integracji [&hellip;]\" \/>\n<meta property=\"og:url\" content=\"https:\/\/marekkuchcinski.pl\/en\/wspolpraca-miedzynarodowa\/spotkanie-prezydiow-parlamentow-polski-republiki-czeskiej\/\" \/>\n<meta property=\"og:site_name\" content=\"Marek Kuchci\u0144ski\" \/>\n<meta property=\"article:published_time\" content=\"2018-08-30T12:04:48+00:00\" \/>\n<meta property=\"article:modified_time\" content=\"2018-08-30T15:07:43+00:00\" \/>\n<meta property=\"og:image\" content=\"https:\/\/marekkuchcinski.pl\/wp-content\/uploads\/2018\/08\/RZ__4390.jpg\" \/>\n\t<meta property=\"og:image:width\" content=\"2048\" \/>\n\t<meta property=\"og:image:height\" content=\"1365\" \/>\n\t<meta property=\"og:image:type\" content=\"image\/jpeg\" \/>\n<meta name=\"author\" content=\"admin\" \/>\n<meta name=\"twitter:card\" content=\"summary_large_image\" \/>\n<meta name=\"twitter:label1\" content=\"Written by\" \/>\n\t<meta name=\"twitter:data1\" content=\"admin\" \/>\n\t<meta name=\"twitter:label2\" content=\"Estimated reading time\" \/>\n\t<meta name=\"twitter:data2\" content=\"2 minutes\" \/>\n<script type=\"application\/ld+json\" class=\"yoast-schema-graph\">{\"@context\":\"https:\/\/schema.org\",\"@graph\":[{\"@type\":\"Article\",\"@id\":\"https:\/\/marekkuchcinski.pl\/ro\/wspolpraca-miedzynarodowa\/spotkanie-prezydiow-parlamentow-polski-republiki-czeskiej\/#article\",\"isPartOf\":{\"@id\":\"https:\/\/marekkuchcinski.pl\/ro\/wspolpraca-miedzynarodowa\/spotkanie-prezydiow-parlamentow-polski-republiki-czeskiej\/\"},\"author\":{\"name\":\"admin\",\"@id\":\"https:\/\/marekkuchcinski.pl\/#\/schema\/person\/6f62700996b4d950b6ea2d1183b6c6be\"},\"headline\":\"Spotkanie prezydi\u00f3w parlament\u00f3w Polski i Republiki Czeskiej\",\"datePublished\":\"2018-08-30T12:04:48+00:00\",\"dateModified\":\"2018-08-30T15:07:43+00:00\",\"mainEntityOfPage\":{\"@id\":\"https:\/\/marekkuchcinski.pl\/ro\/wspolpraca-miedzynarodowa\/spotkanie-prezydiow-parlamentow-polski-republiki-czeskiej\/\"},\"wordCount\":484,\"commentCount\":0,\"publisher\":{\"@id\":\"https:\/\/marekkuchcinski.pl\/#organization\"},\"image\":{\"@id\":\"https:\/\/marekkuchcinski.pl\/ro\/wspolpraca-miedzynarodowa\/spotkanie-prezydiow-parlamentow-polski-republiki-czeskiej\/#primaryimage\"},\"thumbnailUrl\":\"https:\/\/marekkuchcinski.pl\/wp-content\/uploads\/2018\/08\/RZ__4390.jpg\",\"articleSection\":[\"Wsp\u00f3\u0142praca mi\u0119dzynarodowa\",\"Wydarzenia\"],\"inLanguage\":\"en-GB\",\"potentialAction\":[{\"@type\":\"CommentAction\",\"name\":\"Comment\",\"target\":[\"https:\/\/marekkuchcinski.pl\/ro\/wspolpraca-miedzynarodowa\/spotkanie-prezydiow-parlamentow-polski-republiki-czeskiej\/#respond\"]}]},{\"@type\":\"WebPage\",\"@id\":\"https:\/\/marekkuchcinski.pl\/ro\/wspolpraca-miedzynarodowa\/spotkanie-prezydiow-parlamentow-polski-republiki-czeskiej\/\",\"url\":\"https:\/\/marekkuchcinski.pl\/ro\/wspolpraca-miedzynarodowa\/spotkanie-prezydiow-parlamentow-polski-republiki-czeskiej\/\",\"name\":\"Spotkanie prezydi\u00f3w parlament\u00f3w Polski i Republiki Czeskiej &#8211; Marek Kuchci\u0144ski\",\"isPartOf\":{\"@id\":\"https:\/\/marekkuchcinski.pl\/#website\"},\"primaryImageOfPage\":{\"@id\":\"https:\/\/marekkuchcinski.pl\/ro\/wspolpraca-miedzynarodowa\/spotkanie-prezydiow-parlamentow-polski-republiki-czeskiej\/#primaryimage\"},\"image\":{\"@id\":\"https:\/\/marekkuchcinski.pl\/ro\/wspolpraca-miedzynarodowa\/spotkanie-prezydiow-parlamentow-polski-republiki-czeskiej\/#primaryimage\"},\"thumbnailUrl\":\"https:\/\/marekkuchcinski.pl\/wp-content\/uploads\/2018\/08\/RZ__4390.jpg\",\"datePublished\":\"2018-08-30T12:04:48+00:00\",\"dateModified\":\"2018-08-30T15:07:43+00:00\",\"breadcrumb\":{\"@id\":\"https:\/\/marekkuchcinski.pl\/ro\/wspolpraca-miedzynarodowa\/spotkanie-prezydiow-parlamentow-polski-republiki-czeskiej\/#breadcrumb\"},\"inLanguage\":\"en-GB\",\"potentialAction\":[{\"@type\":\"ReadAction\",\"target\":[\"https:\/\/marekkuchcinski.pl\/ro\/wspolpraca-miedzynarodowa\/spotkanie-prezydiow-parlamentow-polski-republiki-czeskiej\/\"]}]},{\"@type\":\"ImageObject\",\"inLanguage\":\"en-GB\",\"@id\":\"https:\/\/marekkuchcinski.pl\/ro\/wspolpraca-miedzynarodowa\/spotkanie-prezydiow-parlamentow-polski-republiki-czeskiej\/#primaryimage\",\"url\":\"https:\/\/marekkuchcinski.pl\/wp-content\/uploads\/2018\/08\/RZ__4390.jpg\",\"contentUrl\":\"https:\/\/marekkuchcinski.pl\/wp-content\/uploads\/2018\/08\/RZ__4390.jpg\",\"width\":2048,\"height\":1365},{\"@type\":\"BreadcrumbList\",\"@id\":\"https:\/\/marekkuchcinski.pl\/ro\/wspolpraca-miedzynarodowa\/spotkanie-prezydiow-parlamentow-polski-republiki-czeskiej\/#breadcrumb\",\"itemListElement\":[{\"@type\":\"ListItem\",\"position\":1,\"name\":\"Strona g\u0142\u00f3wna\",\"item\":\"https:\/\/marekkuchcinski.pl\/\"},{\"@type\":\"ListItem\",\"position\":2,\"name\":\"Spotkanie prezydi\u00f3w parlament\u00f3w Polski i Republiki Czeskiej\"}]},{\"@type\":\"WebSite\",\"@id\":\"https:\/\/marekkuchcinski.pl\/#website\",\"url\":\"https:\/\/marekkuchcinski.pl\/\",\"name\":\"Marek Kuchci\u0144ski\",\"description\":\"Pose\u0142 na sejm RP &ndash; okr\u0119g nr 22\",\"publisher\":{\"@id\":\"https:\/\/marekkuchcinski.pl\/#organization\"},\"potentialAction\":[{\"@type\":\"SearchAction\",\"target\":{\"@type\":\"EntryPoint\",\"urlTemplate\":\"https:\/\/marekkuchcinski.pl\/?s={search_term_string}\"},\"query-input\":{\"@type\":\"PropertyValueSpecification\",\"valueRequired\":true,\"valueName\":\"search_term_string\"}}],\"inLanguage\":\"en-GB\"},{\"@type\":\"Organization\",\"@id\":\"https:\/\/marekkuchcinski.pl\/#organization\",\"name\":\"Marek Kuchci\u0144ski\",\"url\":\"https:\/\/marekkuchcinski.pl\/\",\"logo\":{\"@type\":\"ImageObject\",\"inLanguage\":\"en-GB\",\"@id\":\"https:\/\/marekkuchcinski.pl\/#\/schema\/logo\/image\/\",\"url\":\"https:\/\/marekkuchcinski.pl\/wp-content\/uploads\/2022\/09\/Marek.jpg\",\"contentUrl\":\"https:\/\/marekkuchcinski.pl\/wp-content\/uploads\/2022\/09\/Marek.jpg\",\"width\":1600,\"height\":971,\"caption\":\"Marek Kuchci\u0144ski\"},\"image\":{\"@id\":\"https:\/\/marekkuchcinski.pl\/#\/schema\/logo\/image\/\"}},{\"@type\":\"Person\",\"@id\":\"https:\/\/marekkuchcinski.pl\/#\/schema\/person\/6f62700996b4d950b6ea2d1183b6c6be\",\"name\":\"admin\",\"image\":{\"@type\":\"ImageObject\",\"inLanguage\":\"en-GB\",\"@id\":\"https:\/\/marekkuchcinski.pl\/#\/schema\/person\/image\/\",\"url\":\"https:\/\/secure.gravatar.com\/avatar\/4bab693b9d55c3d6b52c0296a8765085?s=96&d=mm&r=g\",\"contentUrl\":\"https:\/\/secure.gravatar.com\/avatar\/4bab693b9d55c3d6b52c0296a8765085?s=96&d=mm&r=g\",\"caption\":\"admin\"},\"url\":\"https:\/\/marekkuchcinski.pl\/en\/author\/marta-olejnik\/\"}]}<\/script>\n<!-- \/ Yoast SEO plugin. -->","yoast_head_json":{"title":"Spotkanie prezydi\u00f3w parlament\u00f3w Polski i Republiki Czeskiej &#8211; Marek Kuchci\u0144ski","robots":{"index":"index","follow":"follow","max-snippet":"max-snippet:-1","max-image-preview":"max-image-preview:large","max-video-preview":"max-video-preview:-1"},"canonical":"https:\/\/marekkuchcinski.pl\/en\/wspolpraca-miedzynarodowa\/spotkanie-prezydiow-parlamentow-polski-republiki-czeskiej\/","og_locale":"en_GB","og_type":"article","og_title":"Spotkanie prezydi\u00f3w parlament\u00f3w Polski i Republiki Czeskiej &#8211; Marek Kuchci\u0144ski","og_description":"Wsp\u00f3lne posiedzenie przedstawicieli prezydi\u00f3w Sejmu i czeskiej Izby Poselskiej w Juracie sta\u0142o si\u0119 okazj\u0105, by poruszy\u0107 tematy tj. wsp\u00f3\u0142praca parlamentarna, polska \u017cywno\u015b\u0107 na czeskim rynku, rozw\u00f3j komunikacji drogowej, kolejowej, wodnej i\u00a0lotniczej czy wsp\u00f3\u0142praca regionalna w\u00a0kontek\u015bcie Unii Europejskiej i Grupy Wyszehradzkiej. &#8212; Nasze kontakty parlamentarne s\u0105 jednym z filar\u00f3w kreowania polityki zagranicznej, zw\u0142aszcza w warunkach integracji [&hellip;]","og_url":"https:\/\/marekkuchcinski.pl\/en\/wspolpraca-miedzynarodowa\/spotkanie-prezydiow-parlamentow-polski-republiki-czeskiej\/","og_site_name":"Marek Kuchci\u0144ski","article_published_time":"2018-08-30T12:04:48+00:00","article_modified_time":"2018-08-30T15:07:43+00:00","og_image":[{"width":2048,"height":1365,"url":"https:\/\/marekkuchcinski.pl\/wp-content\/uploads\/2018\/08\/RZ__4390.jpg","type":"image\/jpeg"}],"author":"admin","twitter_card":"summary_large_image","twitter_misc":{"Written by":"admin","Estimated reading time":"2 minutes"},"schema":{"@context":"https:\/\/schema.org","@graph":[{"@type":"Article","@id":"https:\/\/marekkuchcinski.pl\/ro\/wspolpraca-miedzynarodowa\/spotkanie-prezydiow-parlamentow-polski-republiki-czeskiej\/#article","isPartOf":{"@id":"https:\/\/marekkuchcinski.pl\/ro\/wspolpraca-miedzynarodowa\/spotkanie-prezydiow-parlamentow-polski-republiki-czeskiej\/"},"author":{"name":"admin","@id":"https:\/\/marekkuchcinski.pl\/#\/schema\/person\/6f62700996b4d950b6ea2d1183b6c6be"},"headline":"Spotkanie prezydi\u00f3w parlament\u00f3w Polski i Republiki Czeskiej","datePublished":"2018-08-30T12:04:48+00:00","dateModified":"2018-08-30T15:07:43+00:00","mainEntityOfPage":{"@id":"https:\/\/marekkuchcinski.pl\/ro\/wspolpraca-miedzynarodowa\/spotkanie-prezydiow-parlamentow-polski-republiki-czeskiej\/"},"wordCount":484,"commentCount":0,"publisher":{"@id":"https:\/\/marekkuchcinski.pl\/#organization"},"image":{"@id":"https:\/\/marekkuchcinski.pl\/ro\/wspolpraca-miedzynarodowa\/spotkanie-prezydiow-parlamentow-polski-republiki-czeskiej\/#primaryimage"},"thumbnailUrl":"https:\/\/marekkuchcinski.pl\/wp-content\/uploads\/2018\/08\/RZ__4390.jpg","articleSection":["Wsp\u00f3\u0142praca mi\u0119dzynarodowa","Wydarzenia"],"inLanguage":"en-GB","potentialAction":[{"@type":"CommentAction","name":"Comment","target":["https:\/\/marekkuchcinski.pl\/ro\/wspolpraca-miedzynarodowa\/spotkanie-prezydiow-parlamentow-polski-republiki-czeskiej\/#respond"]}]},{"@type":"WebPage","@id":"https:\/\/marekkuchcinski.pl\/ro\/wspolpraca-miedzynarodowa\/spotkanie-prezydiow-parlamentow-polski-republiki-czeskiej\/","url":"https:\/\/marekkuchcinski.pl\/ro\/wspolpraca-miedzynarodowa\/spotkanie-prezydiow-parlamentow-polski-republiki-czeskiej\/","name":"Spotkanie prezydi\u00f3w parlament\u00f3w Polski i Republiki Czeskiej &#8211; Marek Kuchci\u0144ski","isPartOf":{"@id":"https:\/\/marekkuchcinski.pl\/#website"},"primaryImageOfPage":{"@id":"https:\/\/marekkuchcinski.pl\/ro\/wspolpraca-miedzynarodowa\/spotkanie-prezydiow-parlamentow-polski-republiki-czeskiej\/#primaryimage"},"image":{"@id":"https:\/\/marekkuchcinski.pl\/ro\/wspolpraca-miedzynarodowa\/spotkanie-prezydiow-parlamentow-polski-republiki-czeskiej\/#primaryimage"},"thumbnailUrl":"https:\/\/marekkuchcinski.pl\/wp-content\/uploads\/2018\/08\/RZ__4390.jpg","datePublished":"2018-08-30T12:04:48+00:00","dateModified":"2018-08-30T15:07:43+00:00","breadcrumb":{"@id":"https:\/\/marekkuchcinski.pl\/ro\/wspolpraca-miedzynarodowa\/spotkanie-prezydiow-parlamentow-polski-republiki-czeskiej\/#breadcrumb"},"inLanguage":"en-GB","potentialAction":[{"@type":"ReadAction","target":["https:\/\/marekkuchcinski.pl\/ro\/wspolpraca-miedzynarodowa\/spotkanie-prezydiow-parlamentow-polski-republiki-czeskiej\/"]}]},{"@type":"ImageObject","inLanguage":"en-GB","@id":"https:\/\/marekkuchcinski.pl\/ro\/wspolpraca-miedzynarodowa\/spotkanie-prezydiow-parlamentow-polski-republiki-czeskiej\/#primaryimage","url":"https:\/\/marekkuchcinski.pl\/wp-content\/uploads\/2018\/08\/RZ__4390.jpg","contentUrl":"https:\/\/marekkuchcinski.pl\/wp-content\/uploads\/2018\/08\/RZ__4390.jpg","width":2048,"height":1365},{"@type":"BreadcrumbList","@id":"https:\/\/marekkuchcinski.pl\/ro\/wspolpraca-miedzynarodowa\/spotkanie-prezydiow-parlamentow-polski-republiki-czeskiej\/#breadcrumb","itemListElement":[{"@type":"ListItem","position":1,"name":"Strona g\u0142\u00f3wna","item":"https:\/\/marekkuchcinski.pl\/"},{"@type":"ListItem","position":2,"name":"Spotkanie prezydi\u00f3w parlament\u00f3w Polski i Republiki Czeskiej"}]},{"@type":"WebSite","@id":"https:\/\/marekkuchcinski.pl\/#website","url":"https:\/\/marekkuchcinski.pl\/","name":"Marek Kuchci\u0144ski","description":"Pose\u0142 na sejm RP &ndash; okr\u0119g nr 22","publisher":{"@id":"https:\/\/marekkuchcinski.pl\/#organization"},"potentialAction":[{"@type":"SearchAction","target":{"@type":"EntryPoint","urlTemplate":"https:\/\/marekkuchcinski.pl\/?s={search_term_string}"},"query-input":{"@type":"PropertyValueSpecification","valueRequired":true,"valueName":"search_term_string"}}],"inLanguage":"en-GB"},{"@type":"Organization","@id":"https:\/\/marekkuchcinski.pl\/#organization","name":"Marek Kuchci\u0144ski","url":"https:\/\/marekkuchcinski.pl\/","logo":{"@type":"ImageObject","inLanguage":"en-GB","@id":"https:\/\/marekkuchcinski.pl\/#\/schema\/logo\/image\/","url":"https:\/\/marekkuchcinski.pl\/wp-content\/uploads\/2022\/09\/Marek.jpg","contentUrl":"https:\/\/marekkuchcinski.pl\/wp-content\/uploads\/2022\/09\/Marek.jpg","width":1600,"height":971,"caption":"Marek Kuchci\u0144ski"},"image":{"@id":"https:\/\/marekkuchcinski.pl\/#\/schema\/logo\/image\/"}},{"@type":"Person","@id":"https:\/\/marekkuchcinski.pl\/#\/schema\/person\/6f62700996b4d950b6ea2d1183b6c6be","name":"admin","image":{"@type":"ImageObject","inLanguage":"en-GB","@id":"https:\/\/marekkuchcinski.pl\/#\/schema\/person\/image\/","url":"https:\/\/secure.gravatar.com\/avatar\/4bab693b9d55c3d6b52c0296a8765085?s=96&d=mm&r=g","contentUrl":"https:\/\/secure.gravatar.com\/avatar\/4bab693b9d55c3d6b52c0296a8765085?s=96&d=mm&r=g","caption":"admin"},"url":"https:\/\/marekkuchcinski.pl\/en\/author\/marta-olejnik\/"}]}},"_links":{"self":[{"href":"https:\/\/marekkuchcinski.pl\/en\/wp-json\/wp\/v2\/posts\/10135","targetHints":{"allow":["GET"]}}],"collection":[{"href":"https:\/\/marekkuchcinski.pl\/en\/wp-json\/wp\/v2\/posts"}],"about":[{"href":"https:\/\/marekkuchcinski.pl\/en\/wp-json\/wp\/v2\/types\/post"}],"author":[{"embeddable":true,"href":"https:\/\/marekkuchcinski.pl\/en\/wp-json\/wp\/v2\/users\/6"}],"replies":[{"embeddable":true,"href":"https:\/\/marekkuchcinski.pl\/en\/wp-json\/wp\/v2\/comments?post=10135"}],"version-history":[{"count":4,"href":"https:\/\/marekkuchcinski.pl\/en\/wp-json\/wp\/v2\/posts\/10135\/revisions"}],"predecessor-version":[{"id":10149,"href":"https:\/\/marekkuchcinski.pl\/en\/wp-json\/wp\/v2\/posts\/10135\/revisions\/10149"}],"wp:featuredmedia":[{"embeddable":true,"href":"https:\/\/marekkuchcinski.pl\/en\/wp-json\/wp\/v2\/media\/10148"}],"wp:attachment":[{"href":"https:\/\/marekkuchcinski.pl\/en\/wp-json\/wp\/v2\/media?parent=10135"}],"wp:term":[{"taxonomy":"category","embeddable":true,"href":"https:\/\/marekkuchcinski.pl\/en\/wp-json\/wp\/v2\/categories?post=10135"},{"taxonomy":"post_tag","embeddable":true,"href":"https:\/\/marekkuchcinski.pl\/en\/wp-json\/wp\/v2\/tags?post=10135"}],"curies":[{"name":"wp","href":"https:\/\/api.w.org\/{rel}","templated":true}]}}