{"id":10022,"date":"2018-08-23T11:38:45","date_gmt":"2018-08-23T09:38:45","guid":{"rendered":"https:\/\/marekkuchcinski.pl\/?p=10022"},"modified":"2018-08-23T12:14:29","modified_gmt":"2018-08-23T10:14:29","slug":"kalwaria-paclawska-park-krajobrazowy-pogorza-przemyskiego-ponadczasowe-piekno-ktore-musimy-chronic","status":"publish","type":"post","link":"https:\/\/marekkuchcinski.pl\/en\/bez-kategorii\/kalwaria-paclawska-park-krajobrazowy-pogorza-przemyskiego-ponadczasowe-piekno-ktore-musimy-chronic\/","title":{"rendered":"Pac\u0142awska Calvary, Krasiczyn and the Landscape Park of the Przemyskie Foothills - timeless beauty that we must protect"},"content":{"rendered":"<p class=\"p1\"><strong>In a few days, an international conference\u00a0<\/strong>\"<strong>Carpathian Europe\" in Krynica. Together with\u00a0<\/strong>\"<strong>old\" friends, in the beautiful August weather, we collected and discussed the material for the next activities aimed at the protection of ancient monuments and ancient nature. <\/strong><\/p>\n<p class=\"p1\">With Prof. Jerzy Pi\u00f3recki, creator of the Physiography Department of the Polish Academy of Sciences and Bolestraszyce Arboretum, Janusz Czarski, director of the Cultural Center in Przemysl, and Andrzej Mazur, former expert of the Polish Academy of Sciences, currently writing about the ecopolitics of Przemysl with the areas of the planned Turnicki National Park, we went to Paclawska Calvary. The historic Kalwaria Sanctuary is celebrating the 350th anniversary of its foundation. This popular pilgrimage site stretching over several kilometers is open to tourists, there is a several-meter-high wooden observation tower. Hiking trails lead from there to the Kalwaria Poloniny and further to the Ar\u0142amowskie Mountains.<\/p>\n<p class=\"p1\">O. Gwardian presents us with the program of the celebrations, inviting us to the solemn concert of the Podkarpacie Philharmonic Orchestra. Prof. Jerzy Pi\u00f3recki guides us through the monastery park with original specimens of over 100 years old lime trees, yew trees and a natural phenomenon in our climate - a Japanese maple.  Together with tourists we watch and admire impressive panoramas of the Przemyskie Foothills and the Ukrainian part of the Carpathians.<\/p>\n<p class=\"p1\">After Kalwaria, at the professor's suggestion, we went to Knia\u017cyce. We became acquainted with an almost 100-year-old wooden church connected with the Pawlikowski family, with unique paintings by Lela Pawlikowska \"Matka Boska Zielna\" and Juliusz Studnicki \"St. Jan Gwalbert\".<\/p>\n<p class=\"p1\">Outdoor nature lesson - admiring beautiful landscapes, history of planting historic tree stands. Lesson of regional history. Lesson on possibilities of further conservation of cultural objects.<\/p>\n<p class=\"p1\">Will Turnicki National Park be created? And if so - within what borders? Or maybe it should be renamed to L\u0119dzi\u0144ski National Park? Will Kalwaria gain the status of a historical monument and then be included in the UNESCO World Heritage List? Will the Renaissance palace in Krasiczyn, recently listed as a historical monument, also be on the UNESCO list?  When will the paintings of Lela Pawlikowska and Juliusz Stadnicki be made available to the public? How to protect unique natural and cultural objects?<\/p>\n<p class=\"p1\"><em>Marek Kuchci\u0144ski<\/em><\/p>\n<p class=\"p1\"><a href=\"https:\/\/marekkuchcinski.pl\/wp-content\/uploads\/2018\/08\/Libera.jpg\"><img fetchpriority=\"high\" decoding=\"async\" class=\"alignnone size-full wp-image-10025\" src=\"https:\/\/marekkuchcinski.pl\/wp-content\/uploads\/2018\/08\/Libera.jpg\" alt=\"Libera\" width=\"1440\" height=\"1051\" srcset=\"https:\/\/marekkuchcinski.pl\/wp-content\/uploads\/2018\/08\/Libera.jpg 1440w, https:\/\/marekkuchcinski.pl\/wp-content\/uploads\/2018\/08\/Libera-300x219.jpg 300w, https:\/\/marekkuchcinski.pl\/wp-content\/uploads\/2018\/08\/Libera-768x561.jpg 768w, https:\/\/marekkuchcinski.pl\/wp-content\/uploads\/2018\/08\/Libera-1024x747.jpg 1024w\" sizes=\"(max-width: 1440px) 100vw, 1440px\" \/><\/a><em>Przemy\u015bl, Libera. Friends, regulars of the Cultural Attic (30 years ago) from left: Janusz Czarski, Jerzy Pi\u00f3recki, Marek Kuchci\u0144ski, Jurek Bonarek, Marek Mikrut, Andrzej Mazur. We are talking about similar issues as before, that is: how to take care of what is valuable and about timeless mattersArboretum, Bolestraszyce, Podkarpacie<\/em><a href=\"https:\/\/marekkuchcinski.pl\/wp-content\/uploads\/2018\/08\/PSX_20180823_112125_2.jpg\"><img decoding=\"async\" class=\"alignnone size-full wp-image-10031\" src=\"https:\/\/marekkuchcinski.pl\/wp-content\/uploads\/2018\/08\/PSX_20180823_112125_2.jpg\" alt=\"PSX_20180823_112125_2\" width=\"1080\" height=\"726\" srcset=\"https:\/\/marekkuchcinski.pl\/wp-content\/uploads\/2018\/08\/PSX_20180823_112125_2.jpg 1080w, https:\/\/marekkuchcinski.pl\/wp-content\/uploads\/2018\/08\/PSX_20180823_112125_2-300x202.jpg 300w, https:\/\/marekkuchcinski.pl\/wp-content\/uploads\/2018\/08\/PSX_20180823_112125_2-768x516.jpg 768w, https:\/\/marekkuchcinski.pl\/wp-content\/uploads\/2018\/08\/PSX_20180823_112125_2-1024x688.jpg 1024w\" sizes=\"(max-width: 1080px) 100vw, 1080px\" \/><\/a> <a href=\"https:\/\/marekkuchcinski.pl\/wp-content\/uploads\/2018\/08\/PSX_20180823_112214_2.jpg\"><img decoding=\"async\" class=\"alignnone size-full wp-image-10032\" src=\"https:\/\/marekkuchcinski.pl\/wp-content\/uploads\/2018\/08\/PSX_20180823_112214_2.jpg\" alt=\"PSX_20180823_112214_2\" width=\"1981\" height=\"1354\" srcset=\"https:\/\/marekkuchcinski.pl\/wp-content\/uploads\/2018\/08\/PSX_20180823_112214_2.jpg 1981w, https:\/\/marekkuchcinski.pl\/wp-content\/uploads\/2018\/08\/PSX_20180823_112214_2-300x205.jpg 300w, https:\/\/marekkuchcinski.pl\/wp-content\/uploads\/2018\/08\/PSX_20180823_112214_2-768x525.jpg 768w, https:\/\/marekkuchcinski.pl\/wp-content\/uploads\/2018\/08\/PSX_20180823_112214_2-1024x700.jpg 1024w\" sizes=\"(max-width: 1981px) 100vw, 1981px\" \/><\/a> <a href=\"https:\/\/marekkuchcinski.pl\/wp-content\/uploads\/2018\/08\/PSX_20180823_112354_2.jpg\"><img loading=\"lazy\" decoding=\"async\" class=\"alignnone size-full wp-image-10033\" src=\"https:\/\/marekkuchcinski.pl\/wp-content\/uploads\/2018\/08\/PSX_20180823_112354_2.jpg\" alt=\"PSX_20180823_112354_2\" width=\"2498\" height=\"1575\" srcset=\"https:\/\/marekkuchcinski.pl\/wp-content\/uploads\/2018\/08\/PSX_20180823_112354_2.jpg 2048w, https:\/\/marekkuchcinski.pl\/wp-content\/uploads\/2018\/08\/PSX_20180823_112354_2-300x189.jpg 300w, https:\/\/marekkuchcinski.pl\/wp-content\/uploads\/2018\/08\/PSX_20180823_112354_2-768x484.jpg 768w, https:\/\/marekkuchcinski.pl\/wp-content\/uploads\/2018\/08\/PSX_20180823_112354_2-1024x646.jpg 1024w\" sizes=\"(max-width: 2498px) 100vw, 2498px\" \/><\/a> <a href=\"https:\/\/marekkuchcinski.pl\/wp-content\/uploads\/2018\/08\/PSX_20180823_112514_2.jpg\"><img loading=\"lazy\" decoding=\"async\" class=\"alignnone size-full wp-image-10034\" src=\"https:\/\/marekkuchcinski.pl\/wp-content\/uploads\/2018\/08\/PSX_20180823_112514_2.jpg\" alt=\"PSX_20180823_112514_2\" width=\"4608\" height=\"3072\" srcset=\"https:\/\/marekkuchcinski.pl\/wp-content\/uploads\/2018\/08\/PSX_20180823_112514_2.jpg 2048w, https:\/\/marekkuchcinski.pl\/wp-content\/uploads\/2018\/08\/PSX_20180823_112514_2-300x200.jpg 300w, https:\/\/marekkuchcinski.pl\/wp-content\/uploads\/2018\/08\/PSX_20180823_112514_2-768x512.jpg 768w, https:\/\/marekkuchcinski.pl\/wp-content\/uploads\/2018\/08\/PSX_20180823_112514_2-1024x683.jpg 1024w\" sizes=\"(max-width: 4608px) 100vw, 4608px\" \/><\/a><em>photo: Archives of the Monastery in Kalwaria Pac\u0142awska<\/em><a href=\"https:\/\/marekkuchcinski.pl\/wp-content\/uploads\/2018\/08\/Krasiczyn.jpg\"><img loading=\"lazy\" decoding=\"async\" class=\"alignnone size-full wp-image-10035\" src=\"https:\/\/marekkuchcinski.pl\/wp-content\/uploads\/2018\/08\/Krasiczyn.jpg\" alt=\"Krasiczyn\" width=\"2048\" height=\"1365\" srcset=\"https:\/\/marekkuchcinski.pl\/wp-content\/uploads\/2018\/08\/Krasiczyn.jpg 2048w, https:\/\/marekkuchcinski.pl\/wp-content\/uploads\/2018\/08\/Krasiczyn-300x200.jpg 300w, https:\/\/marekkuchcinski.pl\/wp-content\/uploads\/2018\/08\/Krasiczyn-768x512.jpg 768w, https:\/\/marekkuchcinski.pl\/wp-content\/uploads\/2018\/08\/Krasiczyn-1024x683.jpg 1024w\" sizes=\"(max-width: 2048px) 100vw, 2048px\" \/><\/a><em>Krasiczyn<\/em>,\u00a0<em>Photo: Piotr Michalski<\/em><a href=\"https:\/\/marekkuchcinski.pl\/wp-content\/uploads\/2018\/08\/PSX_20180823_120955_2.jpg\"><img loading=\"lazy\" decoding=\"async\" class=\"alignnone size-full wp-image-10040\" src=\"https:\/\/marekkuchcinski.pl\/wp-content\/uploads\/2018\/08\/PSX_20180823_120955_2.jpg\" alt=\"PSX_20180823_120955_2\" width=\"3019\" height=\"3647\" srcset=\"https:\/\/marekkuchcinski.pl\/wp-content\/uploads\/2018\/08\/PSX_20180823_120955_2.jpg 1695w, https:\/\/marekkuchcinski.pl\/wp-content\/uploads\/2018\/08\/PSX_20180823_120955_2-248x300.jpg 248w, https:\/\/marekkuchcinski.pl\/wp-content\/uploads\/2018\/08\/PSX_20180823_120955_2-768x928.jpg 768w, https:\/\/marekkuchcinski.pl\/wp-content\/uploads\/2018\/08\/PSX_20180823_120955_2-848x1024.jpg 848w\" sizes=\"(max-width: 3019px) 100vw, 3019px\" \/><\/a><em>Knia\u017cyce, Matka Boska Zielna, Lela Pawlikowska<\/em><\/p>","protected":false},"excerpt":{"rendered":"<p>Za kilka dni mi\u0119dzynarodowa konferencja\u00a0\u201eEuropa Karpat&#8221; w Krynicy. Wraz ze\u00a0\u201estarymi&#8221; przyjaci\u00f3\u0142mi, przy pi\u0119knej sierpniowej pogodzie, zebrali\u015bmy i przedyskutowali materia\u0142 do kolejnych dzia\u0142a\u0144 maj\u0105cych na celu ochron\u0119 wiekowych zabytk\u00f3w i prastarej przyrody. Z prof. Jerzym Pi\u00f3reckim, tw\u00f3rc\u0105 Zak\u0142adu Fizjografii PAN i\u00a0Arboretum\u00a0bolestraszyckiego, Januszem Czarskim, Dyrektorem Centrum Kulturalnego w Przemy\u015blu, oraz Andrzejem Mazurem, b. ekspertem PAN, obecnie pisz\u0105cym [&hellip;]<\/p>","protected":false},"author":6,"featured_media":10035,"comment_status":"open","ping_status":"open","sticky":false,"template":"","format":"standard","meta":{"ngg_post_thumbnail":0,"footnotes":""},"categories":[1,78,49,3],"tags":[],"class_list":["post-10022","post","type-post","status-publish","format-standard","has-post-thumbnail","hentry","category-bez-kategorii","category-europa-karpat","category-podkarpacie","category-wydarzenia"],"yoast_head":"<!-- This site is optimized with the Yoast SEO plugin v24.7 - https:\/\/yoast.com\/wordpress\/plugins\/seo\/ -->\n<title>Kalwaria Pac\u0142awska, Krasiczyn i Park Krajobrazowy Pog\u00f3rza Przemyskiego \u2013 ponadczasowe pi\u0119kno, kt\u00f3re musimy chroni\u0107 &#8211; Marek Kuchci\u0144ski<\/title>\n<meta name=\"robots\" content=\"index, follow, max-snippet:-1, max-image-preview:large, max-video-preview:-1\" \/>\n<link rel=\"canonical\" href=\"https:\/\/marekkuchcinski.pl\/en\/bez-kategorii\/kalwaria-paclawska-park-krajobrazowy-pogorza-przemyskiego-ponadczasowe-piekno-ktore-musimy-chronic\/\" \/>\n<meta property=\"og:locale\" content=\"en_GB\" \/>\n<meta property=\"og:type\" content=\"article\" \/>\n<meta property=\"og:title\" content=\"Kalwaria Pac\u0142awska, Krasiczyn i Park Krajobrazowy Pog\u00f3rza Przemyskiego \u2013 ponadczasowe pi\u0119kno, kt\u00f3re musimy chroni\u0107 &#8211; Marek Kuchci\u0144ski\" \/>\n<meta property=\"og:description\" content=\"Za kilka dni mi\u0119dzynarodowa konferencja\u00a0\u201eEuropa Karpat&#8221; w Krynicy. Wraz ze\u00a0\u201estarymi&#8221; przyjaci\u00f3\u0142mi, przy pi\u0119knej sierpniowej pogodzie, zebrali\u015bmy i przedyskutowali materia\u0142 do kolejnych dzia\u0142a\u0144 maj\u0105cych na celu ochron\u0119 wiekowych zabytk\u00f3w i prastarej przyrody. Z prof. Jerzym Pi\u00f3reckim, tw\u00f3rc\u0105 Zak\u0142adu Fizjografii PAN i\u00a0Arboretum\u00a0bolestraszyckiego, Januszem Czarskim, Dyrektorem Centrum Kulturalnego w Przemy\u015blu, oraz Andrzejem Mazurem, b. ekspertem PAN, obecnie pisz\u0105cym [&hellip;]\" \/>\n<meta property=\"og:url\" content=\"https:\/\/marekkuchcinski.pl\/en\/bez-kategorii\/kalwaria-paclawska-park-krajobrazowy-pogorza-przemyskiego-ponadczasowe-piekno-ktore-musimy-chronic\/\" \/>\n<meta property=\"og:site_name\" content=\"Marek Kuchci\u0144ski\" \/>\n<meta property=\"article:published_time\" content=\"2018-08-23T09:38:45+00:00\" \/>\n<meta property=\"article:modified_time\" content=\"2018-08-23T10:14:29+00:00\" \/>\n<meta property=\"og:image\" content=\"https:\/\/marekkuchcinski.pl\/wp-content\/uploads\/2018\/08\/Krasiczyn.jpg\" \/>\n\t<meta property=\"og:image:width\" content=\"2048\" \/>\n\t<meta property=\"og:image:height\" content=\"1365\" \/>\n\t<meta property=\"og:image:type\" content=\"image\/jpeg\" \/>\n<meta name=\"author\" content=\"admin\" \/>\n<meta name=\"twitter:card\" content=\"summary_large_image\" \/>\n<meta name=\"twitter:label1\" content=\"Written by\" \/>\n\t<meta name=\"twitter:data1\" content=\"admin\" \/>\n\t<meta name=\"twitter:label2\" content=\"Estimated reading time\" \/>\n\t<meta name=\"twitter:data2\" content=\"2 minutes\" \/>\n<script type=\"application\/ld+json\" class=\"yoast-schema-graph\">{\"@context\":\"https:\/\/schema.org\",\"@graph\":[{\"@type\":\"Article\",\"@id\":\"https:\/\/marekkuchcinski.pl\/en\/bez-kategorii\/kalwaria-paclawska-park-krajobrazowy-pogorza-przemyskiego-ponadczasowe-piekno-ktore-musimy-chronic\/#article\",\"isPartOf\":{\"@id\":\"https:\/\/marekkuchcinski.pl\/en\/bez-kategorii\/kalwaria-paclawska-park-krajobrazowy-pogorza-przemyskiego-ponadczasowe-piekno-ktore-musimy-chronic\/\"},\"author\":{\"name\":\"admin\",\"@id\":\"https:\/\/marekkuchcinski.pl\/#\/schema\/person\/6f62700996b4d950b6ea2d1183b6c6be\"},\"headline\":\"Kalwaria Pac\u0142awska, Krasiczyn i Park Krajobrazowy Pog\u00f3rza Przemyskiego \u2013 ponadczasowe pi\u0119kno, kt\u00f3re musimy chroni\u0107\",\"datePublished\":\"2018-08-23T09:38:45+00:00\",\"dateModified\":\"2018-08-23T10:14:29+00:00\",\"mainEntityOfPage\":{\"@id\":\"https:\/\/marekkuchcinski.pl\/en\/bez-kategorii\/kalwaria-paclawska-park-krajobrazowy-pogorza-przemyskiego-ponadczasowe-piekno-ktore-musimy-chronic\/\"},\"wordCount\":435,\"commentCount\":0,\"publisher\":{\"@id\":\"https:\/\/marekkuchcinski.pl\/#organization\"},\"image\":{\"@id\":\"https:\/\/marekkuchcinski.pl\/en\/bez-kategorii\/kalwaria-paclawska-park-krajobrazowy-pogorza-przemyskiego-ponadczasowe-piekno-ktore-musimy-chronic\/#primaryimage\"},\"thumbnailUrl\":\"https:\/\/marekkuchcinski.pl\/wp-content\/uploads\/2018\/08\/Krasiczyn.jpg\",\"articleSection\":[\"Bez kategorii\",\"Europa Karpat\",\"Podkarpacie\",\"Wydarzenia\"],\"inLanguage\":\"en-GB\",\"potentialAction\":[{\"@type\":\"CommentAction\",\"name\":\"Comment\",\"target\":[\"https:\/\/marekkuchcinski.pl\/en\/bez-kategorii\/kalwaria-paclawska-park-krajobrazowy-pogorza-przemyskiego-ponadczasowe-piekno-ktore-musimy-chronic\/#respond\"]}]},{\"@type\":\"WebPage\",\"@id\":\"https:\/\/marekkuchcinski.pl\/en\/bez-kategorii\/kalwaria-paclawska-park-krajobrazowy-pogorza-przemyskiego-ponadczasowe-piekno-ktore-musimy-chronic\/\",\"url\":\"https:\/\/marekkuchcinski.pl\/en\/bez-kategorii\/kalwaria-paclawska-park-krajobrazowy-pogorza-przemyskiego-ponadczasowe-piekno-ktore-musimy-chronic\/\",\"name\":\"Kalwaria Pac\u0142awska, Krasiczyn i Park Krajobrazowy Pog\u00f3rza Przemyskiego \u2013 ponadczasowe pi\u0119kno, kt\u00f3re musimy chroni\u0107 &#8211; Marek Kuchci\u0144ski\",\"isPartOf\":{\"@id\":\"https:\/\/marekkuchcinski.pl\/#website\"},\"primaryImageOfPage\":{\"@id\":\"https:\/\/marekkuchcinski.pl\/en\/bez-kategorii\/kalwaria-paclawska-park-krajobrazowy-pogorza-przemyskiego-ponadczasowe-piekno-ktore-musimy-chronic\/#primaryimage\"},\"image\":{\"@id\":\"https:\/\/marekkuchcinski.pl\/en\/bez-kategorii\/kalwaria-paclawska-park-krajobrazowy-pogorza-przemyskiego-ponadczasowe-piekno-ktore-musimy-chronic\/#primaryimage\"},\"thumbnailUrl\":\"https:\/\/marekkuchcinski.pl\/wp-content\/uploads\/2018\/08\/Krasiczyn.jpg\",\"datePublished\":\"2018-08-23T09:38:45+00:00\",\"dateModified\":\"2018-08-23T10:14:29+00:00\",\"breadcrumb\":{\"@id\":\"https:\/\/marekkuchcinski.pl\/en\/bez-kategorii\/kalwaria-paclawska-park-krajobrazowy-pogorza-przemyskiego-ponadczasowe-piekno-ktore-musimy-chronic\/#breadcrumb\"},\"inLanguage\":\"en-GB\",\"potentialAction\":[{\"@type\":\"ReadAction\",\"target\":[\"https:\/\/marekkuchcinski.pl\/en\/bez-kategorii\/kalwaria-paclawska-park-krajobrazowy-pogorza-przemyskiego-ponadczasowe-piekno-ktore-musimy-chronic\/\"]}]},{\"@type\":\"ImageObject\",\"inLanguage\":\"en-GB\",\"@id\":\"https:\/\/marekkuchcinski.pl\/en\/bez-kategorii\/kalwaria-paclawska-park-krajobrazowy-pogorza-przemyskiego-ponadczasowe-piekno-ktore-musimy-chronic\/#primaryimage\",\"url\":\"https:\/\/marekkuchcinski.pl\/wp-content\/uploads\/2018\/08\/Krasiczyn.jpg\",\"contentUrl\":\"https:\/\/marekkuchcinski.pl\/wp-content\/uploads\/2018\/08\/Krasiczyn.jpg\",\"width\":2048,\"height\":1365},{\"@type\":\"BreadcrumbList\",\"@id\":\"https:\/\/marekkuchcinski.pl\/en\/bez-kategorii\/kalwaria-paclawska-park-krajobrazowy-pogorza-przemyskiego-ponadczasowe-piekno-ktore-musimy-chronic\/#breadcrumb\",\"itemListElement\":[{\"@type\":\"ListItem\",\"position\":1,\"name\":\"Strona g\u0142\u00f3wna\",\"item\":\"https:\/\/marekkuchcinski.pl\/\"},{\"@type\":\"ListItem\",\"position\":2,\"name\":\"Kalwaria Pac\u0142awska, Krasiczyn i Park Krajobrazowy Pog\u00f3rza Przemyskiego \u2013 ponadczasowe pi\u0119kno, kt\u00f3re musimy chroni\u0107\"}]},{\"@type\":\"WebSite\",\"@id\":\"https:\/\/marekkuchcinski.pl\/#website\",\"url\":\"https:\/\/marekkuchcinski.pl\/\",\"name\":\"Marek Kuchci\u0144ski\",\"description\":\"Pose\u0142 na sejm RP &ndash; okr\u0119g nr 22\",\"publisher\":{\"@id\":\"https:\/\/marekkuchcinski.pl\/#organization\"},\"potentialAction\":[{\"@type\":\"SearchAction\",\"target\":{\"@type\":\"EntryPoint\",\"urlTemplate\":\"https:\/\/marekkuchcinski.pl\/?s={search_term_string}\"},\"query-input\":{\"@type\":\"PropertyValueSpecification\",\"valueRequired\":true,\"valueName\":\"search_term_string\"}}],\"inLanguage\":\"en-GB\"},{\"@type\":\"Organization\",\"@id\":\"https:\/\/marekkuchcinski.pl\/#organization\",\"name\":\"Marek Kuchci\u0144ski\",\"url\":\"https:\/\/marekkuchcinski.pl\/\",\"logo\":{\"@type\":\"ImageObject\",\"inLanguage\":\"en-GB\",\"@id\":\"https:\/\/marekkuchcinski.pl\/#\/schema\/logo\/image\/\",\"url\":\"https:\/\/marekkuchcinski.pl\/wp-content\/uploads\/2022\/09\/Marek.jpg\",\"contentUrl\":\"https:\/\/marekkuchcinski.pl\/wp-content\/uploads\/2022\/09\/Marek.jpg\",\"width\":1600,\"height\":971,\"caption\":\"Marek Kuchci\u0144ski\"},\"image\":{\"@id\":\"https:\/\/marekkuchcinski.pl\/#\/schema\/logo\/image\/\"}},{\"@type\":\"Person\",\"@id\":\"https:\/\/marekkuchcinski.pl\/#\/schema\/person\/6f62700996b4d950b6ea2d1183b6c6be\",\"name\":\"admin\",\"image\":{\"@type\":\"ImageObject\",\"inLanguage\":\"en-GB\",\"@id\":\"https:\/\/marekkuchcinski.pl\/#\/schema\/person\/image\/\",\"url\":\"https:\/\/secure.gravatar.com\/avatar\/4bab693b9d55c3d6b52c0296a8765085?s=96&d=mm&r=g\",\"contentUrl\":\"https:\/\/secure.gravatar.com\/avatar\/4bab693b9d55c3d6b52c0296a8765085?s=96&d=mm&r=g\",\"caption\":\"admin\"},\"url\":\"https:\/\/marekkuchcinski.pl\/en\/author\/marta-olejnik\/\"}]}<\/script>\n<!-- \/ Yoast SEO plugin. -->","yoast_head_json":{"title":"Kalwaria Pac\u0142awska, Krasiczyn i Park Krajobrazowy Pog\u00f3rza Przemyskiego \u2013 ponadczasowe pi\u0119kno, kt\u00f3re musimy chroni\u0107 &#8211; Marek Kuchci\u0144ski","robots":{"index":"index","follow":"follow","max-snippet":"max-snippet:-1","max-image-preview":"max-image-preview:large","max-video-preview":"max-video-preview:-1"},"canonical":"https:\/\/marekkuchcinski.pl\/en\/bez-kategorii\/kalwaria-paclawska-park-krajobrazowy-pogorza-przemyskiego-ponadczasowe-piekno-ktore-musimy-chronic\/","og_locale":"en_GB","og_type":"article","og_title":"Kalwaria Pac\u0142awska, Krasiczyn i Park Krajobrazowy Pog\u00f3rza Przemyskiego \u2013 ponadczasowe pi\u0119kno, kt\u00f3re musimy chroni\u0107 &#8211; Marek Kuchci\u0144ski","og_description":"Za kilka dni mi\u0119dzynarodowa konferencja\u00a0\u201eEuropa Karpat&#8221; w Krynicy. Wraz ze\u00a0\u201estarymi&#8221; przyjaci\u00f3\u0142mi, przy pi\u0119knej sierpniowej pogodzie, zebrali\u015bmy i przedyskutowali materia\u0142 do kolejnych dzia\u0142a\u0144 maj\u0105cych na celu ochron\u0119 wiekowych zabytk\u00f3w i prastarej przyrody. Z prof. Jerzym Pi\u00f3reckim, tw\u00f3rc\u0105 Zak\u0142adu Fizjografii PAN i\u00a0Arboretum\u00a0bolestraszyckiego, Januszem Czarskim, Dyrektorem Centrum Kulturalnego w Przemy\u015blu, oraz Andrzejem Mazurem, b. ekspertem PAN, obecnie pisz\u0105cym [&hellip;]","og_url":"https:\/\/marekkuchcinski.pl\/en\/bez-kategorii\/kalwaria-paclawska-park-krajobrazowy-pogorza-przemyskiego-ponadczasowe-piekno-ktore-musimy-chronic\/","og_site_name":"Marek Kuchci\u0144ski","article_published_time":"2018-08-23T09:38:45+00:00","article_modified_time":"2018-08-23T10:14:29+00:00","og_image":[{"width":2048,"height":1365,"url":"https:\/\/marekkuchcinski.pl\/wp-content\/uploads\/2018\/08\/Krasiczyn.jpg","type":"image\/jpeg"}],"author":"admin","twitter_card":"summary_large_image","twitter_misc":{"Written by":"admin","Estimated reading time":"2 minutes"},"schema":{"@context":"https:\/\/schema.org","@graph":[{"@type":"Article","@id":"https:\/\/marekkuchcinski.pl\/en\/bez-kategorii\/kalwaria-paclawska-park-krajobrazowy-pogorza-przemyskiego-ponadczasowe-piekno-ktore-musimy-chronic\/#article","isPartOf":{"@id":"https:\/\/marekkuchcinski.pl\/en\/bez-kategorii\/kalwaria-paclawska-park-krajobrazowy-pogorza-przemyskiego-ponadczasowe-piekno-ktore-musimy-chronic\/"},"author":{"name":"admin","@id":"https:\/\/marekkuchcinski.pl\/#\/schema\/person\/6f62700996b4d950b6ea2d1183b6c6be"},"headline":"Kalwaria Pac\u0142awska, Krasiczyn i Park Krajobrazowy Pog\u00f3rza Przemyskiego \u2013 ponadczasowe pi\u0119kno, kt\u00f3re musimy chroni\u0107","datePublished":"2018-08-23T09:38:45+00:00","dateModified":"2018-08-23T10:14:29+00:00","mainEntityOfPage":{"@id":"https:\/\/marekkuchcinski.pl\/en\/bez-kategorii\/kalwaria-paclawska-park-krajobrazowy-pogorza-przemyskiego-ponadczasowe-piekno-ktore-musimy-chronic\/"},"wordCount":435,"commentCount":0,"publisher":{"@id":"https:\/\/marekkuchcinski.pl\/#organization"},"image":{"@id":"https:\/\/marekkuchcinski.pl\/en\/bez-kategorii\/kalwaria-paclawska-park-krajobrazowy-pogorza-przemyskiego-ponadczasowe-piekno-ktore-musimy-chronic\/#primaryimage"},"thumbnailUrl":"https:\/\/marekkuchcinski.pl\/wp-content\/uploads\/2018\/08\/Krasiczyn.jpg","articleSection":["Bez kategorii","Europa Karpat","Podkarpacie","Wydarzenia"],"inLanguage":"en-GB","potentialAction":[{"@type":"CommentAction","name":"Comment","target":["https:\/\/marekkuchcinski.pl\/en\/bez-kategorii\/kalwaria-paclawska-park-krajobrazowy-pogorza-przemyskiego-ponadczasowe-piekno-ktore-musimy-chronic\/#respond"]}]},{"@type":"WebPage","@id":"https:\/\/marekkuchcinski.pl\/en\/bez-kategorii\/kalwaria-paclawska-park-krajobrazowy-pogorza-przemyskiego-ponadczasowe-piekno-ktore-musimy-chronic\/","url":"https:\/\/marekkuchcinski.pl\/en\/bez-kategorii\/kalwaria-paclawska-park-krajobrazowy-pogorza-przemyskiego-ponadczasowe-piekno-ktore-musimy-chronic\/","name":"Kalwaria Pac\u0142awska, Krasiczyn i Park Krajobrazowy Pog\u00f3rza Przemyskiego \u2013 ponadczasowe pi\u0119kno, kt\u00f3re musimy chroni\u0107 &#8211; Marek Kuchci\u0144ski","isPartOf":{"@id":"https:\/\/marekkuchcinski.pl\/#website"},"primaryImageOfPage":{"@id":"https:\/\/marekkuchcinski.pl\/en\/bez-kategorii\/kalwaria-paclawska-park-krajobrazowy-pogorza-przemyskiego-ponadczasowe-piekno-ktore-musimy-chronic\/#primaryimage"},"image":{"@id":"https:\/\/marekkuchcinski.pl\/en\/bez-kategorii\/kalwaria-paclawska-park-krajobrazowy-pogorza-przemyskiego-ponadczasowe-piekno-ktore-musimy-chronic\/#primaryimage"},"thumbnailUrl":"https:\/\/marekkuchcinski.pl\/wp-content\/uploads\/2018\/08\/Krasiczyn.jpg","datePublished":"2018-08-23T09:38:45+00:00","dateModified":"2018-08-23T10:14:29+00:00","breadcrumb":{"@id":"https:\/\/marekkuchcinski.pl\/en\/bez-kategorii\/kalwaria-paclawska-park-krajobrazowy-pogorza-przemyskiego-ponadczasowe-piekno-ktore-musimy-chronic\/#breadcrumb"},"inLanguage":"en-GB","potentialAction":[{"@type":"ReadAction","target":["https:\/\/marekkuchcinski.pl\/en\/bez-kategorii\/kalwaria-paclawska-park-krajobrazowy-pogorza-przemyskiego-ponadczasowe-piekno-ktore-musimy-chronic\/"]}]},{"@type":"ImageObject","inLanguage":"en-GB","@id":"https:\/\/marekkuchcinski.pl\/en\/bez-kategorii\/kalwaria-paclawska-park-krajobrazowy-pogorza-przemyskiego-ponadczasowe-piekno-ktore-musimy-chronic\/#primaryimage","url":"https:\/\/marekkuchcinski.pl\/wp-content\/uploads\/2018\/08\/Krasiczyn.jpg","contentUrl":"https:\/\/marekkuchcinski.pl\/wp-content\/uploads\/2018\/08\/Krasiczyn.jpg","width":2048,"height":1365},{"@type":"BreadcrumbList","@id":"https:\/\/marekkuchcinski.pl\/en\/bez-kategorii\/kalwaria-paclawska-park-krajobrazowy-pogorza-przemyskiego-ponadczasowe-piekno-ktore-musimy-chronic\/#breadcrumb","itemListElement":[{"@type":"ListItem","position":1,"name":"Strona g\u0142\u00f3wna","item":"https:\/\/marekkuchcinski.pl\/"},{"@type":"ListItem","position":2,"name":"Kalwaria Pac\u0142awska, Krasiczyn i Park Krajobrazowy Pog\u00f3rza Przemyskiego \u2013 ponadczasowe pi\u0119kno, kt\u00f3re musimy chroni\u0107"}]},{"@type":"WebSite","@id":"https:\/\/marekkuchcinski.pl\/#website","url":"https:\/\/marekkuchcinski.pl\/","name":"Marek Kuchci\u0144ski","description":"Pose\u0142 na sejm RP &ndash; okr\u0119g nr 22","publisher":{"@id":"https:\/\/marekkuchcinski.pl\/#organization"},"potentialAction":[{"@type":"SearchAction","target":{"@type":"EntryPoint","urlTemplate":"https:\/\/marekkuchcinski.pl\/?s={search_term_string}"},"query-input":{"@type":"PropertyValueSpecification","valueRequired":true,"valueName":"search_term_string"}}],"inLanguage":"en-GB"},{"@type":"Organization","@id":"https:\/\/marekkuchcinski.pl\/#organization","name":"Marek Kuchci\u0144ski","url":"https:\/\/marekkuchcinski.pl\/","logo":{"@type":"ImageObject","inLanguage":"en-GB","@id":"https:\/\/marekkuchcinski.pl\/#\/schema\/logo\/image\/","url":"https:\/\/marekkuchcinski.pl\/wp-content\/uploads\/2022\/09\/Marek.jpg","contentUrl":"https:\/\/marekkuchcinski.pl\/wp-content\/uploads\/2022\/09\/Marek.jpg","width":1600,"height":971,"caption":"Marek Kuchci\u0144ski"},"image":{"@id":"https:\/\/marekkuchcinski.pl\/#\/schema\/logo\/image\/"}},{"@type":"Person","@id":"https:\/\/marekkuchcinski.pl\/#\/schema\/person\/6f62700996b4d950b6ea2d1183b6c6be","name":"admin","image":{"@type":"ImageObject","inLanguage":"en-GB","@id":"https:\/\/marekkuchcinski.pl\/#\/schema\/person\/image\/","url":"https:\/\/secure.gravatar.com\/avatar\/4bab693b9d55c3d6b52c0296a8765085?s=96&d=mm&r=g","contentUrl":"https:\/\/secure.gravatar.com\/avatar\/4bab693b9d55c3d6b52c0296a8765085?s=96&d=mm&r=g","caption":"admin"},"url":"https:\/\/marekkuchcinski.pl\/en\/author\/marta-olejnik\/"}]}},"_links":{"self":[{"href":"https:\/\/marekkuchcinski.pl\/en\/wp-json\/wp\/v2\/posts\/10022","targetHints":{"allow":["GET"]}}],"collection":[{"href":"https:\/\/marekkuchcinski.pl\/en\/wp-json\/wp\/v2\/posts"}],"about":[{"href":"https:\/\/marekkuchcinski.pl\/en\/wp-json\/wp\/v2\/types\/post"}],"author":[{"embeddable":true,"href":"https:\/\/marekkuchcinski.pl\/en\/wp-json\/wp\/v2\/users\/6"}],"replies":[{"embeddable":true,"href":"https:\/\/marekkuchcinski.pl\/en\/wp-json\/wp\/v2\/comments?post=10022"}],"version-history":[{"count":9,"href":"https:\/\/marekkuchcinski.pl\/en\/wp-json\/wp\/v2\/posts\/10022\/revisions"}],"predecessor-version":[{"id":10041,"href":"https:\/\/marekkuchcinski.pl\/en\/wp-json\/wp\/v2\/posts\/10022\/revisions\/10041"}],"wp:featuredmedia":[{"embeddable":true,"href":"https:\/\/marekkuchcinski.pl\/en\/wp-json\/wp\/v2\/media\/10035"}],"wp:attachment":[{"href":"https:\/\/marekkuchcinski.pl\/en\/wp-json\/wp\/v2\/media?parent=10022"}],"wp:term":[{"taxonomy":"category","embeddable":true,"href":"https:\/\/marekkuchcinski.pl\/en\/wp-json\/wp\/v2\/categories?post=10022"},{"taxonomy":"post_tag","embeddable":true,"href":"https:\/\/marekkuchcinski.pl\/en\/wp-json\/wp\/v2\/tags?post=10022"}],"curies":[{"name":"wp","href":"https:\/\/api.w.org\/{rel}","templated":true}]}}