{"id":100,"date":"2011-10-02T09:30:24","date_gmt":"2011-10-02T07:30:24","guid":{"rendered":"https:\/\/marekkuchcinski.pl\/?p=100"},"modified":"2016-08-25T17:06:17","modified_gmt":"2016-08-25T15:06:17","slug":"spotkanie-z-solidarnoscia","status":"publish","type":"post","link":"https:\/\/marekkuchcinski.pl\/en\/wydarzenia\/spotkanie-z-solidarnoscia\/","title":{"rendered":"Meeting with Solidarity"},"content":{"rendered":"<p style=\"text-align: justify;\">On Thursday (September 29), the Law and Justice party's candidates for the Sejm and Senate - deputy speaker of the Sejm Marek Kuchcinski and Andrzej Matusiewicz, a long-time local government activist running for the senate - met with activists from the NSZZ Solidarity Regional Board of the Przemysl Land.<\/p>\n<p style=\"text-align: justify;\">&nbsp;<\/p>\n<p style=\"text-align: justify;\"><strong>A dozen or so members of the legendary trade union, headed by Andrzej Buczek, President of the Regional Board, expressed their support for the candidates from the \"Law and Justice\" list in the elections to the Sejm and Senate.<\/strong><\/p>\n<p style=\"text-align: justify;\">{gallery}spotSolidarity2011{\/gallery}<\/p>","protected":false},"excerpt":{"rendered":"<p>W czwartek (29 wrze\u015bnia) kandydaci \u201ePrawa i Sprawiedliwo\u015bci\u201d do Sejmu i&nbsp;Senatu &#8211; wicemarsza\u0142ek Sejmu RP Marek Kuchci\u0144ski&nbsp; oraz wieloletni dzia\u0142acz samorz\u0105dowy, kandyduj\u0105cy na senatora RP, mecenas Andrzej Matusiewicz &#8211; spotkali si\u0119 z dzia\u0142aczami Zarz\u0105du Regionu NSZZ \u201eSolidarno\u015b\u0107\u201d Ziemi Przemyskiej. &nbsp; Kilkunastu cz\u0142onk\u00f3w Zarz\u0105du legendarnego zwi\u0105zku zawodowego, na czele zprzewodnicz\u0105cym Zarz\u0105du Regionu Andrzejem Buczkiem wyrazi\u0142o poparcie [&hellip;]<\/p>","protected":false},"author":6,"featured_media":0,"comment_status":"open","ping_status":"open","sticky":false,"template":"","format":"standard","meta":{"ngg_post_thumbnail":0,"footnotes":""},"categories":[3],"tags":[],"class_list":["post-100","post","type-post","status-publish","format-standard","hentry","category-wydarzenia"],"yoast_head":"<!-- This site is optimized with the Yoast SEO plugin v24.7 - https:\/\/yoast.com\/wordpress\/plugins\/seo\/ -->\n<title>Spotkanie z Solidarno\u015bci\u0105 &#8211; Marek Kuchci\u0144ski<\/title>\n<meta name=\"robots\" content=\"index, follow, max-snippet:-1, max-image-preview:large, max-video-preview:-1\" \/>\n<link rel=\"canonical\" href=\"https:\/\/marekkuchcinski.pl\/en\/wydarzenia\/spotkanie-z-solidarnoscia\/\" \/>\n<meta property=\"og:locale\" content=\"en_GB\" \/>\n<meta property=\"og:type\" content=\"article\" \/>\n<meta property=\"og:title\" content=\"Spotkanie z Solidarno\u015bci\u0105 &#8211; Marek Kuchci\u0144ski\" \/>\n<meta property=\"og:description\" content=\"W czwartek (29 wrze\u015bnia) kandydaci \u201ePrawa i Sprawiedliwo\u015bci\u201d do Sejmu i&nbsp;Senatu &#8211; wicemarsza\u0142ek Sejmu RP Marek Kuchci\u0144ski&nbsp; oraz wieloletni dzia\u0142acz samorz\u0105dowy, kandyduj\u0105cy na senatora RP, mecenas Andrzej Matusiewicz &#8211; spotkali si\u0119 z dzia\u0142aczami Zarz\u0105du Regionu NSZZ \u201eSolidarno\u015b\u0107\u201d Ziemi Przemyskiej. &nbsp; Kilkunastu cz\u0142onk\u00f3w Zarz\u0105du legendarnego zwi\u0105zku zawodowego, na czele zprzewodnicz\u0105cym Zarz\u0105du Regionu Andrzejem Buczkiem wyrazi\u0142o poparcie [&hellip;]\" \/>\n<meta property=\"og:url\" content=\"https:\/\/marekkuchcinski.pl\/en\/wydarzenia\/spotkanie-z-solidarnoscia\/\" \/>\n<meta property=\"og:site_name\" content=\"Marek Kuchci\u0144ski\" \/>\n<meta property=\"article:published_time\" content=\"2011-10-02T07:30:24+00:00\" \/>\n<meta property=\"article:modified_time\" content=\"2016-08-25T15:06:17+00:00\" \/>\n<meta property=\"og:image\" content=\"https:\/\/marekkuchcinski.pl\/wp-content\/uploads\/2022\/09\/Marek.jpg\" \/>\n\t<meta property=\"og:image:width\" content=\"1600\" \/>\n\t<meta property=\"og:image:height\" content=\"971\" \/>\n\t<meta property=\"og:image:type\" content=\"image\/jpeg\" \/>\n<meta name=\"author\" content=\"admin\" \/>\n<meta name=\"twitter:card\" content=\"summary_large_image\" \/>\n<meta name=\"twitter:label1\" content=\"Written by\" \/>\n\t<meta name=\"twitter:data1\" content=\"admin\" \/>\n<script type=\"application\/ld+json\" class=\"yoast-schema-graph\">{\"@context\":\"https:\/\/schema.org\",\"@graph\":[{\"@type\":\"Article\",\"@id\":\"https:\/\/marekkuchcinski.pl\/wydarzenia\/spotkanie-z-solidarnoscia\/#article\",\"isPartOf\":{\"@id\":\"https:\/\/marekkuchcinski.pl\/wydarzenia\/spotkanie-z-solidarnoscia\/\"},\"author\":{\"name\":\"admin\",\"@id\":\"https:\/\/marekkuchcinski.pl\/#\/schema\/person\/6f62700996b4d950b6ea2d1183b6c6be\"},\"headline\":\"Spotkanie z Solidarno\u015bci\u0105\",\"datePublished\":\"2011-10-02T07:30:24+00:00\",\"dateModified\":\"2016-08-25T15:06:17+00:00\",\"mainEntityOfPage\":{\"@id\":\"https:\/\/marekkuchcinski.pl\/wydarzenia\/spotkanie-z-solidarnoscia\/\"},\"wordCount\":99,\"commentCount\":0,\"publisher\":{\"@id\":\"https:\/\/marekkuchcinski.pl\/#organization\"},\"articleSection\":[\"Wydarzenia\"],\"inLanguage\":\"en-GB\",\"potentialAction\":[{\"@type\":\"CommentAction\",\"name\":\"Comment\",\"target\":[\"https:\/\/marekkuchcinski.pl\/wydarzenia\/spotkanie-z-solidarnoscia\/#respond\"]}]},{\"@type\":\"WebPage\",\"@id\":\"https:\/\/marekkuchcinski.pl\/wydarzenia\/spotkanie-z-solidarnoscia\/\",\"url\":\"https:\/\/marekkuchcinski.pl\/wydarzenia\/spotkanie-z-solidarnoscia\/\",\"name\":\"Spotkanie z Solidarno\u015bci\u0105 &#8211; Marek Kuchci\u0144ski\",\"isPartOf\":{\"@id\":\"https:\/\/marekkuchcinski.pl\/#website\"},\"datePublished\":\"2011-10-02T07:30:24+00:00\",\"dateModified\":\"2016-08-25T15:06:17+00:00\",\"breadcrumb\":{\"@id\":\"https:\/\/marekkuchcinski.pl\/wydarzenia\/spotkanie-z-solidarnoscia\/#breadcrumb\"},\"inLanguage\":\"en-GB\",\"potentialAction\":[{\"@type\":\"ReadAction\",\"target\":[\"https:\/\/marekkuchcinski.pl\/wydarzenia\/spotkanie-z-solidarnoscia\/\"]}]},{\"@type\":\"BreadcrumbList\",\"@id\":\"https:\/\/marekkuchcinski.pl\/wydarzenia\/spotkanie-z-solidarnoscia\/#breadcrumb\",\"itemListElement\":[{\"@type\":\"ListItem\",\"position\":1,\"name\":\"Strona g\u0142\u00f3wna\",\"item\":\"https:\/\/marekkuchcinski.pl\/\"},{\"@type\":\"ListItem\",\"position\":2,\"name\":\"Spotkanie z Solidarno\u015bci\u0105\"}]},{\"@type\":\"WebSite\",\"@id\":\"https:\/\/marekkuchcinski.pl\/#website\",\"url\":\"https:\/\/marekkuchcinski.pl\/\",\"name\":\"Marek Kuchci\u0144ski\",\"description\":\"Pose\u0142 na sejm RP &ndash; okr\u0119g nr 22\",\"publisher\":{\"@id\":\"https:\/\/marekkuchcinski.pl\/#organization\"},\"potentialAction\":[{\"@type\":\"SearchAction\",\"target\":{\"@type\":\"EntryPoint\",\"urlTemplate\":\"https:\/\/marekkuchcinski.pl\/?s={search_term_string}\"},\"query-input\":{\"@type\":\"PropertyValueSpecification\",\"valueRequired\":true,\"valueName\":\"search_term_string\"}}],\"inLanguage\":\"en-GB\"},{\"@type\":\"Organization\",\"@id\":\"https:\/\/marekkuchcinski.pl\/#organization\",\"name\":\"Marek Kuchci\u0144ski\",\"url\":\"https:\/\/marekkuchcinski.pl\/\",\"logo\":{\"@type\":\"ImageObject\",\"inLanguage\":\"en-GB\",\"@id\":\"https:\/\/marekkuchcinski.pl\/#\/schema\/logo\/image\/\",\"url\":\"https:\/\/marekkuchcinski.pl\/wp-content\/uploads\/2022\/09\/Marek.jpg\",\"contentUrl\":\"https:\/\/marekkuchcinski.pl\/wp-content\/uploads\/2022\/09\/Marek.jpg\",\"width\":1600,\"height\":971,\"caption\":\"Marek Kuchci\u0144ski\"},\"image\":{\"@id\":\"https:\/\/marekkuchcinski.pl\/#\/schema\/logo\/image\/\"}},{\"@type\":\"Person\",\"@id\":\"https:\/\/marekkuchcinski.pl\/#\/schema\/person\/6f62700996b4d950b6ea2d1183b6c6be\",\"name\":\"admin\",\"image\":{\"@type\":\"ImageObject\",\"inLanguage\":\"en-GB\",\"@id\":\"https:\/\/marekkuchcinski.pl\/#\/schema\/person\/image\/\",\"url\":\"https:\/\/secure.gravatar.com\/avatar\/4bab693b9d55c3d6b52c0296a8765085?s=96&d=mm&r=g\",\"contentUrl\":\"https:\/\/secure.gravatar.com\/avatar\/4bab693b9d55c3d6b52c0296a8765085?s=96&d=mm&r=g\",\"caption\":\"admin\"},\"url\":\"https:\/\/marekkuchcinski.pl\/en\/author\/marta-olejnik\/\"}]}<\/script>\n<!-- \/ Yoast SEO plugin. -->","yoast_head_json":{"title":"Spotkanie z Solidarno\u015bci\u0105 &#8211; Marek Kuchci\u0144ski","robots":{"index":"index","follow":"follow","max-snippet":"max-snippet:-1","max-image-preview":"max-image-preview:large","max-video-preview":"max-video-preview:-1"},"canonical":"https:\/\/marekkuchcinski.pl\/en\/wydarzenia\/spotkanie-z-solidarnoscia\/","og_locale":"en_GB","og_type":"article","og_title":"Spotkanie z Solidarno\u015bci\u0105 &#8211; Marek Kuchci\u0144ski","og_description":"W czwartek (29 wrze\u015bnia) kandydaci \u201ePrawa i Sprawiedliwo\u015bci\u201d do Sejmu i&nbsp;Senatu &#8211; wicemarsza\u0142ek Sejmu RP Marek Kuchci\u0144ski&nbsp; oraz wieloletni dzia\u0142acz samorz\u0105dowy, kandyduj\u0105cy na senatora RP, mecenas Andrzej Matusiewicz &#8211; spotkali si\u0119 z dzia\u0142aczami Zarz\u0105du Regionu NSZZ \u201eSolidarno\u015b\u0107\u201d Ziemi Przemyskiej. &nbsp; Kilkunastu cz\u0142onk\u00f3w Zarz\u0105du legendarnego zwi\u0105zku zawodowego, na czele zprzewodnicz\u0105cym Zarz\u0105du Regionu Andrzejem Buczkiem wyrazi\u0142o poparcie [&hellip;]","og_url":"https:\/\/marekkuchcinski.pl\/en\/wydarzenia\/spotkanie-z-solidarnoscia\/","og_site_name":"Marek Kuchci\u0144ski","article_published_time":"2011-10-02T07:30:24+00:00","article_modified_time":"2016-08-25T15:06:17+00:00","og_image":[{"width":1600,"height":971,"url":"https:\/\/marekkuchcinski.pl\/wp-content\/uploads\/2022\/09\/Marek.jpg","type":"image\/jpeg"}],"author":"admin","twitter_card":"summary_large_image","twitter_misc":{"Written by":"admin"},"schema":{"@context":"https:\/\/schema.org","@graph":[{"@type":"Article","@id":"https:\/\/marekkuchcinski.pl\/wydarzenia\/spotkanie-z-solidarnoscia\/#article","isPartOf":{"@id":"https:\/\/marekkuchcinski.pl\/wydarzenia\/spotkanie-z-solidarnoscia\/"},"author":{"name":"admin","@id":"https:\/\/marekkuchcinski.pl\/#\/schema\/person\/6f62700996b4d950b6ea2d1183b6c6be"},"headline":"Spotkanie z Solidarno\u015bci\u0105","datePublished":"2011-10-02T07:30:24+00:00","dateModified":"2016-08-25T15:06:17+00:00","mainEntityOfPage":{"@id":"https:\/\/marekkuchcinski.pl\/wydarzenia\/spotkanie-z-solidarnoscia\/"},"wordCount":99,"commentCount":0,"publisher":{"@id":"https:\/\/marekkuchcinski.pl\/#organization"},"articleSection":["Wydarzenia"],"inLanguage":"en-GB","potentialAction":[{"@type":"CommentAction","name":"Comment","target":["https:\/\/marekkuchcinski.pl\/wydarzenia\/spotkanie-z-solidarnoscia\/#respond"]}]},{"@type":"WebPage","@id":"https:\/\/marekkuchcinski.pl\/wydarzenia\/spotkanie-z-solidarnoscia\/","url":"https:\/\/marekkuchcinski.pl\/wydarzenia\/spotkanie-z-solidarnoscia\/","name":"Spotkanie z Solidarno\u015bci\u0105 &#8211; Marek Kuchci\u0144ski","isPartOf":{"@id":"https:\/\/marekkuchcinski.pl\/#website"},"datePublished":"2011-10-02T07:30:24+00:00","dateModified":"2016-08-25T15:06:17+00:00","breadcrumb":{"@id":"https:\/\/marekkuchcinski.pl\/wydarzenia\/spotkanie-z-solidarnoscia\/#breadcrumb"},"inLanguage":"en-GB","potentialAction":[{"@type":"ReadAction","target":["https:\/\/marekkuchcinski.pl\/wydarzenia\/spotkanie-z-solidarnoscia\/"]}]},{"@type":"BreadcrumbList","@id":"https:\/\/marekkuchcinski.pl\/wydarzenia\/spotkanie-z-solidarnoscia\/#breadcrumb","itemListElement":[{"@type":"ListItem","position":1,"name":"Strona g\u0142\u00f3wna","item":"https:\/\/marekkuchcinski.pl\/"},{"@type":"ListItem","position":2,"name":"Spotkanie z Solidarno\u015bci\u0105"}]},{"@type":"WebSite","@id":"https:\/\/marekkuchcinski.pl\/#website","url":"https:\/\/marekkuchcinski.pl\/","name":"Marek Kuchci\u0144ski","description":"Pose\u0142 na sejm RP &ndash; okr\u0119g nr 22","publisher":{"@id":"https:\/\/marekkuchcinski.pl\/#organization"},"potentialAction":[{"@type":"SearchAction","target":{"@type":"EntryPoint","urlTemplate":"https:\/\/marekkuchcinski.pl\/?s={search_term_string}"},"query-input":{"@type":"PropertyValueSpecification","valueRequired":true,"valueName":"search_term_string"}}],"inLanguage":"en-GB"},{"@type":"Organization","@id":"https:\/\/marekkuchcinski.pl\/#organization","name":"Marek Kuchci\u0144ski","url":"https:\/\/marekkuchcinski.pl\/","logo":{"@type":"ImageObject","inLanguage":"en-GB","@id":"https:\/\/marekkuchcinski.pl\/#\/schema\/logo\/image\/","url":"https:\/\/marekkuchcinski.pl\/wp-content\/uploads\/2022\/09\/Marek.jpg","contentUrl":"https:\/\/marekkuchcinski.pl\/wp-content\/uploads\/2022\/09\/Marek.jpg","width":1600,"height":971,"caption":"Marek Kuchci\u0144ski"},"image":{"@id":"https:\/\/marekkuchcinski.pl\/#\/schema\/logo\/image\/"}},{"@type":"Person","@id":"https:\/\/marekkuchcinski.pl\/#\/schema\/person\/6f62700996b4d950b6ea2d1183b6c6be","name":"admin","image":{"@type":"ImageObject","inLanguage":"en-GB","@id":"https:\/\/marekkuchcinski.pl\/#\/schema\/person\/image\/","url":"https:\/\/secure.gravatar.com\/avatar\/4bab693b9d55c3d6b52c0296a8765085?s=96&d=mm&r=g","contentUrl":"https:\/\/secure.gravatar.com\/avatar\/4bab693b9d55c3d6b52c0296a8765085?s=96&d=mm&r=g","caption":"admin"},"url":"https:\/\/marekkuchcinski.pl\/en\/author\/marta-olejnik\/"}]}},"_links":{"self":[{"href":"https:\/\/marekkuchcinski.pl\/en\/wp-json\/wp\/v2\/posts\/100","targetHints":{"allow":["GET"]}}],"collection":[{"href":"https:\/\/marekkuchcinski.pl\/en\/wp-json\/wp\/v2\/posts"}],"about":[{"href":"https:\/\/marekkuchcinski.pl\/en\/wp-json\/wp\/v2\/types\/post"}],"author":[{"embeddable":true,"href":"https:\/\/marekkuchcinski.pl\/en\/wp-json\/wp\/v2\/users\/6"}],"replies":[{"embeddable":true,"href":"https:\/\/marekkuchcinski.pl\/en\/wp-json\/wp\/v2\/comments?post=100"}],"version-history":[{"count":1,"href":"https:\/\/marekkuchcinski.pl\/en\/wp-json\/wp\/v2\/posts\/100\/revisions"}],"predecessor-version":[{"id":1417,"href":"https:\/\/marekkuchcinski.pl\/en\/wp-json\/wp\/v2\/posts\/100\/revisions\/1417"}],"wp:attachment":[{"href":"https:\/\/marekkuchcinski.pl\/en\/wp-json\/wp\/v2\/media?parent=100"}],"wp:term":[{"taxonomy":"category","embeddable":true,"href":"https:\/\/marekkuchcinski.pl\/en\/wp-json\/wp\/v2\/categories?post=100"},{"taxonomy":"post_tag","embeddable":true,"href":"https:\/\/marekkuchcinski.pl\/en\/wp-json\/wp\/v2\/tags?post=100"}],"curies":[{"name":"wp","href":"https:\/\/api.w.org\/{rel}","templated":true}]}}