{"id":9961,"date":"2018-07-13T17:08:14","date_gmt":"2018-07-13T15:08:14","guid":{"rendered":"https:\/\/marekkuchcinski.pl\/?p=9961"},"modified":"2018-07-13T17:25:52","modified_gmt":"2018-07-13T15:25:52","slug":"zgromadzenie-narodowe-okazji-550-polskiego-parlamentaryzmu","status":"publish","type":"post","link":"https:\/\/marekkuchcinski.pl\/cs\/wydarzenia\/zgromadzenie-narodowe-okazji-550-polskiego-parlamentaryzmu\/","title":{"rendered":"N\u00e1rodn\u00ed shrom\u00e1\u017ed\u011bn\u00ed si p\u0159ipomene 550 let polsk\u00e9ho parlamentarismu"},"content":{"rendered":"<p><strong>Prezident, p\u0159edseda Sejmu, p\u0159edseda Sen\u00e1tu, premi\u00e9r, poslanci a minist\u0159i oslavili na Kr\u00e1lovsk\u00e9m z\u00e1mku ve Var\u0161av\u011b 550 let polsk\u00e9ho parlamentarismu. Zased\u00e1n\u00ed N\u00e1rodn\u00edho shrom\u00e1\u017ed\u011bn\u00ed zah\u00e1jil p\u0159edseda Sejmu Marek Kuchci\u0144ski, k p\u0159\u00edtomn\u00fdm promluvil prezident Polsk\u00e9 republiky Andrzej Duda. P\u0159edch\u00e1zela j\u00ed m\u0161e svat\u00e1 v arcikathedr\u00e1ln\u00ed bazilice Umu\u010den\u00ed svat\u00e9ho Jana K\u0159titele. M\u0161i p\u0159edsedal kardin\u00e1l Kazimierz Nycz, var\u0161avsk\u00fd arcibiskup metropolita. Homilii pronesl arcibiskup Stanis\u0142aw G\u0105decki.<\/strong><\/p>\n<p>- P\u0159ed 550 lety se odehr\u00e1la jedna z nejd\u016fle\u017eit\u011bj\u0161\u00edch ud\u00e1lost\u00ed v d\u011bjin\u00e1ch Polsk\u00e9 republiky - v Piotrkow\u011b se se\u0161el v\u016fbec prvn\u00ed dvoukomorov\u00fd Sejm. P\u0159edch\u00e1zela mu setk\u00e1n\u00ed kr\u00e1le Kazim\u00edra Jagellonsk\u00e9ho s p\u0159edstaviteli politick\u00e9ho n\u00e1roda na zemsk\u00fdch sn\u011bmech: v \u010dervnu 1468 ve Wi\u015blici a v Kole - jak napsal Jan D\u0142ugosz - \"na den svat\u00e9 Mark\u00e9ty\", tedy 13. \u010dervence\", uvedl p\u0159edseda Sejmu.<\/p>\n<p>P\u0159ipomn\u011bl, \u017ee p\u0159ed 550 lety se v Piotrkow\u011b poprv\u00e9 se\u0161la odd\u011blen\u011b parlamentn\u00ed komora a sen\u00e1t, \u010d\u00edm\u017e se realizovala my\u0161lenka dvoukomorov\u00e9ho parlamentn\u00edho zastoupen\u00ed. Na konci st\u0159edov\u011bku tak p\u0159esv\u011bd\u010den\u00ed o nutnosti pod\u00edlet se na moci a p\u0159evz\u00edt odpov\u011bdnost za osud st\u00e1tu z\u00edskalo n\u00e1le\u017eitou pr\u00e1vn\u00ed a institucion\u00e1ln\u00ed podobu. Zrodila se ar\u00e9na ve\u0159ejn\u00e9 debaty a Sejm se stal centrem politick\u00e9ho \u017eivota v republice.<\/p>\n<p>- N\u00e1rodn\u00ed shrom\u00e1\u017ed\u011bn\u00ed dnes host\u00ed Kr\u00e1lovsk\u00fd z\u00e1mek ve Var\u0161av\u011b, m\u00edsto, kter\u00e9 m\u00e1 v historii polsk\u00e9ho parlamentarismu mimo\u0159\u00e1dn\u00fd v\u00fdznam. Hrad byl s\u00eddlem kr\u00e1le nebo jednoho ze \"sn\u011bmovn\u00edch stav\u016f\". Pr\u00e1v\u011b zde se v roce 1611 uskute\u010dnila rusk\u00e1 pocta po moskevsk\u00e9m v\u00edt\u011bzstv\u00ed, kterou svr\u017een\u00fd rusk\u00fd car Vasilij IV. a jeho brat\u0159i za p\u0159\u00edtomnosti \u0161lechty a sen\u00e1tu vzdali hold kr\u00e1li Zikmundovi III. V roce 1791 byla na kr\u00e1lovsk\u00e9m hrad\u011b p\u0159ijata \u00dastava 3. kv\u011btna, prvn\u00ed z\u00e1kladn\u00ed z\u00e1kon v d\u011bjin\u00e1ch Evropy. Vzpom\u00ednka na tyto ud\u00e1losti tvo\u0159ila a st\u00e1le tvo\u0159\u00ed z\u00e1klad politick\u00e9 identity na\u0161\u00ed zem\u011b a n\u00e1rodn\u00edho \u00e9tosu Pol\u00e1k\u016f,\" \u0159ekl mar\u0161\u00e1l Kuchci\u0144ski.<\/p>\n<p>P\u0159edseda parlamentu zd\u016fraznil, \u017ee d\u016fstojn\u00e9 p\u0159ipomenut\u00ed zrodu Sejmu potvrzuje kontinuitu a \u017eivotaschopnost republik\u00e1nsk\u00fdch ctnost\u00ed, my\u0161lenky soci\u00e1ln\u00ed spravedlnosti a pr\u00e1vn\u00edho st\u00e1tu v polsk\u00e9 spole\u010dnosti. Proto se poslanci a sen\u00e1to\u0159i se\u0161li v N\u00e1rodn\u00edm shrom\u00e1\u017ed\u011bn\u00ed na Kr\u00e1lovsk\u00e9m z\u00e1mku ve Var\u0161av\u011b, aby za p\u0159\u00edtomnosti vz\u00e1cn\u00fdch host\u016f z Polska i zahrani\u010d\u00ed podali sv\u011bdectv\u00ed u p\u0159\u00edle\u017eitosti 550. v\u00fdro\u010d\u00ed parlamentn\u00edho syst\u00e9mu republiky a vyslechli projev prezidenta republiky.<\/p>\n<p>Prezident Andrzej Duda ve sv\u00e9m projevu \u0159ekl, \u017ee my, Pol\u00e1ci, jsme nedostali parlamentarismus darem, ani n\u00e1m ho nikdo nevnutil. Je to na\u0161e vlastn\u00ed d\u00edlo, v\u00fdsledek na\u0161ich rozhodnut\u00ed a na\u0161\u00ed tvrd\u00e9 pr\u00e1ce,\" \u0159ekl prezident Andrzej Duda ve sv\u00e9m projevu v N\u00e1rodn\u00edm shrom\u00e1\u017ed\u011bn\u00ed, kter\u00e9 bylo svol\u00e1no u p\u0159\u00edle\u017eitosti 550. v\u00fdro\u010d\u00ed polsk\u00e9ho parlamentarismu a 100. v\u00fdro\u010d\u00ed znovuz\u00edsk\u00e1n\u00ed nez\u00e1vislosti Polska.  - V genetick\u00e9m k\u00f3du na\u0161eho spole\u010denstv\u00ed si neseme pam\u011b\u0165 a moudrost, ale tak\u00e9 zku\u0161enosti s chybami, kter\u00e9 jsme z\u00edskali b\u011bhem stalet\u00ed parlamentn\u00ed pr\u00e1ce,\" dodal.<\/p>\n<p>- Dnes tu spole\u010dn\u011b stoj\u00edme na n\u00e1dvo\u0159\u00ed kr\u00e1lovsk\u00e9ho hradu - symbolu kontinuity st\u00e1tu a cesty na\u0161\u00ed komunity d\u011bjinami. Stoj\u00edme zde s bohat\u00fdmi zku\u0161enostmi, znalostmi a moudrost\u00ed nashrom\u00e1\u017ed\u011bn\u00fdmi za 550 let polsk\u00e9ho parlamentarismu,\" zd\u016fraznil Andrzej Duda.<\/p>\n<p>Pouk\u00e1zal na to, \u017ee d\u011bjiny nikdy nekon\u010d\u00ed a st\u00e1le na n\u00e1s \u010dekaj\u00ed nov\u00e9 historick\u00e9 v\u00fdzvy, kter\u00fdm budeme muset sv\u00fdm \u00fasil\u00edm \u010delit. - Proto chceme pokra\u010dovat v budov\u00e1n\u00ed siln\u00e9ho, suver\u00e9nn\u00edho a demokratick\u00e9ho Polska pro p\u0159\u00ed\u0161t\u00ed stolet\u00ed nez\u00e1vislosti - zd\u016fraznil.<\/p>\n<p>- Pevn\u011b v\u011b\u0159\u00edm, \u017ee my Pol\u00e1ci, velk\u00fd a moudr\u00fd ob\u010dansk\u00fd n\u00e1rod, budeme moci \u010derpat inspiraci a podn\u011bty z d\u011bdictv\u00ed 550 let Sejmu. V\u011b\u0159\u00edm, \u017ee spole\u010dn\u011b nap\u00ed\u0161eme dal\u0161\u00ed skv\u011bl\u00e9 str\u00e1nky do historie na\u0161\u00ed vlasti,\" \u0159ekl prezident.<\/p>\n<p><a href=\"https:\/\/marekkuchcinski.pl\/wp-content\/uploads\/2018\/07\/550-wyb2.jpg\"><img fetchpriority=\"high\" decoding=\"async\" class=\"alignnone size-full wp-image-9967\" src=\"https:\/\/marekkuchcinski.pl\/wp-content\/uploads\/2018\/07\/550-wyb2.jpg\" alt=\"550 wyb2\" width=\"2371\" height=\"1597\" srcset=\"https:\/\/marekkuchcinski.pl\/wp-content\/uploads\/2018\/07\/550-wyb2.jpg 2048w, https:\/\/marekkuchcinski.pl\/wp-content\/uploads\/2018\/07\/550-wyb2-300x202.jpg 300w, https:\/\/marekkuchcinski.pl\/wp-content\/uploads\/2018\/07\/550-wyb2-768x517.jpg 768w, https:\/\/marekkuchcinski.pl\/wp-content\/uploads\/2018\/07\/550-wyb2-1024x690.jpg 1024w\" sizes=\"(max-width: 2371px) 100vw, 2371px\" \/><\/a><a href=\"https:\/\/marekkuchcinski.pl\/wp-content\/uploads\/2018\/07\/KKB_3671.jpg\"><img decoding=\"async\" class=\"alignnone size-full wp-image-9968\" src=\"https:\/\/marekkuchcinski.pl\/wp-content\/uploads\/2018\/07\/KKB_3671.jpg\" alt=\"KKB_3671\" width=\"2880\" height=\"1920\" srcset=\"https:\/\/marekkuchcinski.pl\/wp-content\/uploads\/2018\/07\/KKB_3671.jpg 2048w, https:\/\/marekkuchcinski.pl\/wp-content\/uploads\/2018\/07\/KKB_3671-300x200.jpg 300w, https:\/\/marekkuchcinski.pl\/wp-content\/uploads\/2018\/07\/KKB_3671-768x512.jpg 768w, https:\/\/marekkuchcinski.pl\/wp-content\/uploads\/2018\/07\/KKB_3671-1024x683.jpg 1024w\" sizes=\"(max-width: 2880px) 100vw, 2880px\" \/><\/a><a href=\"https:\/\/marekkuchcinski.pl\/wp-content\/uploads\/2018\/07\/KKB_3916.jpg\"><img decoding=\"async\" class=\"alignnone size-full wp-image-9969\" src=\"https:\/\/marekkuchcinski.pl\/wp-content\/uploads\/2018\/07\/KKB_3916.jpg\" alt=\"KKB_3916\" width=\"2880\" height=\"1920\" srcset=\"https:\/\/marekkuchcinski.pl\/wp-content\/uploads\/2018\/07\/KKB_3916.jpg 2048w, https:\/\/marekkuchcinski.pl\/wp-content\/uploads\/2018\/07\/KKB_3916-300x200.jpg 300w, https:\/\/marekkuchcinski.pl\/wp-content\/uploads\/2018\/07\/KKB_3916-768x512.jpg 768w, https:\/\/marekkuchcinski.pl\/wp-content\/uploads\/2018\/07\/KKB_3916-1024x683.jpg 1024w\" sizes=\"(max-width: 2880px) 100vw, 2880px\" \/><\/a><a href=\"https:\/\/marekkuchcinski.pl\/wp-content\/uploads\/2018\/07\/KKB_3983.jpg\"><img loading=\"lazy\" decoding=\"async\" class=\"alignnone size-full wp-image-9970\" src=\"https:\/\/marekkuchcinski.pl\/wp-content\/uploads\/2018\/07\/KKB_3983.jpg\" alt=\"KKB_3983\" width=\"2880\" height=\"1920\" srcset=\"https:\/\/marekkuchcinski.pl\/wp-content\/uploads\/2018\/07\/KKB_3983.jpg 2048w, https:\/\/marekkuchcinski.pl\/wp-content\/uploads\/2018\/07\/KKB_3983-300x200.jpg 300w, https:\/\/marekkuchcinski.pl\/wp-content\/uploads\/2018\/07\/KKB_3983-768x512.jpg 768w, https:\/\/marekkuchcinski.pl\/wp-content\/uploads\/2018\/07\/KKB_3983-1024x683.jpg 1024w\" sizes=\"(max-width: 2880px) 100vw, 2880px\" \/><\/a><a href=\"https:\/\/marekkuchcinski.pl\/wp-content\/uploads\/2018\/07\/KKB_4040.jpg\"><img loading=\"lazy\" decoding=\"async\" class=\"alignnone size-full wp-image-9971\" src=\"https:\/\/marekkuchcinski.pl\/wp-content\/uploads\/2018\/07\/KKB_4040.jpg\" alt=\"KKB_4040\" width=\"2880\" height=\"1920\" srcset=\"https:\/\/marekkuchcinski.pl\/wp-content\/uploads\/2018\/07\/KKB_4040.jpg 2048w, https:\/\/marekkuchcinski.pl\/wp-content\/uploads\/2018\/07\/KKB_4040-300x200.jpg 300w, https:\/\/marekkuchcinski.pl\/wp-content\/uploads\/2018\/07\/KKB_4040-768x512.jpg 768w, https:\/\/marekkuchcinski.pl\/wp-content\/uploads\/2018\/07\/KKB_4040-1024x683.jpg 1024w\" sizes=\"(max-width: 2880px) 100vw, 2880px\" \/><\/a><a href=\"https:\/\/marekkuchcinski.pl\/wp-content\/uploads\/2018\/07\/550-w5.jpg\"><img loading=\"lazy\" decoding=\"async\" class=\"alignnone size-full wp-image-9962\" src=\"https:\/\/marekkuchcinski.pl\/wp-content\/uploads\/2018\/07\/550-w5.jpg\" alt=\"550 w5\" width=\"2149\" height=\"1410\" srcset=\"https:\/\/marekkuchcinski.pl\/wp-content\/uploads\/2018\/07\/550-w5.jpg 2048w, https:\/\/marekkuchcinski.pl\/wp-content\/uploads\/2018\/07\/550-w5-300x197.jpg 300w, https:\/\/marekkuchcinski.pl\/wp-content\/uploads\/2018\/07\/550-w5-768x504.jpg 768w, https:\/\/marekkuchcinski.pl\/wp-content\/uploads\/2018\/07\/550-w5-1024x672.jpg 1024w\" sizes=\"(max-width: 2149px) 100vw, 2149px\" \/><\/a> <a href=\"https:\/\/marekkuchcinski.pl\/wp-content\/uploads\/2018\/07\/550-wyb-7.jpg\"><img loading=\"lazy\" decoding=\"async\" class=\"alignnone size-full wp-image-9964\" src=\"https:\/\/marekkuchcinski.pl\/wp-content\/uploads\/2018\/07\/550-wyb-7.jpg\" alt=\"550 wyb 7\" width=\"2701\" height=\"1879\" srcset=\"https:\/\/marekkuchcinski.pl\/wp-content\/uploads\/2018\/07\/550-wyb-7.jpg 2048w, https:\/\/marekkuchcinski.pl\/wp-content\/uploads\/2018\/07\/550-wyb-7-300x209.jpg 300w, https:\/\/marekkuchcinski.pl\/wp-content\/uploads\/2018\/07\/550-wyb-7-768x534.jpg 768w, https:\/\/marekkuchcinski.pl\/wp-content\/uploads\/2018\/07\/550-wyb-7-1024x712.jpg 1024w\" sizes=\"(max-width: 2701px) 100vw, 2701px\" \/><\/a> <a href=\"https:\/\/marekkuchcinski.pl\/wp-content\/uploads\/2018\/07\/KKB_4993.jpg\"><img loading=\"lazy\" decoding=\"async\" class=\"alignnone size-full wp-image-9966\" src=\"https:\/\/marekkuchcinski.pl\/wp-content\/uploads\/2018\/07\/KKB_4993.jpg\" alt=\"KKB_4993\" width=\"2880\" height=\"1920\" srcset=\"https:\/\/marekkuchcinski.pl\/wp-content\/uploads\/2018\/07\/KKB_4993.jpg 2048w, https:\/\/marekkuchcinski.pl\/wp-content\/uploads\/2018\/07\/KKB_4993-300x200.jpg 300w, https:\/\/marekkuchcinski.pl\/wp-content\/uploads\/2018\/07\/KKB_4993-768x512.jpg 768w, https:\/\/marekkuchcinski.pl\/wp-content\/uploads\/2018\/07\/KKB_4993-1024x683.jpg 1024w\" sizes=\"(max-width: 2880px) 100vw, 2880px\" \/><\/a><a href=\"https:\/\/marekkuchcinski.pl\/wp-content\/uploads\/2018\/07\/KKB_5136.jpg\"><img loading=\"lazy\" decoding=\"async\" class=\"alignnone size-full wp-image-9976\" src=\"https:\/\/marekkuchcinski.pl\/wp-content\/uploads\/2018\/07\/KKB_5136.jpg\" alt=\"KKB_5136\" width=\"2880\" height=\"1920\" srcset=\"https:\/\/marekkuchcinski.pl\/wp-content\/uploads\/2018\/07\/KKB_5136.jpg 2048w, https:\/\/marekkuchcinski.pl\/wp-content\/uploads\/2018\/07\/KKB_5136-300x200.jpg 300w, https:\/\/marekkuchcinski.pl\/wp-content\/uploads\/2018\/07\/KKB_5136-768x512.jpg 768w, https:\/\/marekkuchcinski.pl\/wp-content\/uploads\/2018\/07\/KKB_5136-1024x683.jpg 1024w\" sizes=\"(max-width: 2880px) 100vw, 2880px\" \/><\/a><\/p>\n<p><a href=\"https:\/\/marekkuchcinski.pl\/wp-content\/uploads\/2018\/07\/550-wybr.jpg\"><img loading=\"lazy\" decoding=\"async\" class=\"alignnone size-full wp-image-9972\" src=\"https:\/\/marekkuchcinski.pl\/wp-content\/uploads\/2018\/07\/550-wybr.jpg\" alt=\"550 wybr\" width=\"3360\" height=\"2240\" srcset=\"https:\/\/marekkuchcinski.pl\/wp-content\/uploads\/2018\/07\/550-wybr.jpg 2048w, https:\/\/marekkuchcinski.pl\/wp-content\/uploads\/2018\/07\/550-wybr-300x200.jpg 300w, https:\/\/marekkuchcinski.pl\/wp-content\/uploads\/2018\/07\/550-wybr-768x512.jpg 768w, https:\/\/marekkuchcinski.pl\/wp-content\/uploads\/2018\/07\/550-wybr-1024x683.jpg 1024w\" sizes=\"(max-width: 3360px) 100vw, 3360px\" \/><\/a> <a href=\"https:\/\/marekkuchcinski.pl\/wp-content\/uploads\/2018\/07\/550-z-tata-kwiatka.jpg\"><img loading=\"lazy\" decoding=\"async\" class=\"alignnone size-full wp-image-9973\" src=\"https:\/\/marekkuchcinski.pl\/wp-content\/uploads\/2018\/07\/550-z-tata-kwiatka.jpg\" alt=\"550 z tata kwiatka\" width=\"3360\" height=\"2240\" srcset=\"https:\/\/marekkuchcinski.pl\/wp-content\/uploads\/2018\/07\/550-z-tata-kwiatka.jpg 2048w, https:\/\/marekkuchcinski.pl\/wp-content\/uploads\/2018\/07\/550-z-tata-kwiatka-300x200.jpg 300w, https:\/\/marekkuchcinski.pl\/wp-content\/uploads\/2018\/07\/550-z-tata-kwiatka-768x512.jpg 768w, https:\/\/marekkuchcinski.pl\/wp-content\/uploads\/2018\/07\/550-z-tata-kwiatka-1024x683.jpg 1024w\" sizes=\"(max-width: 3360px) 100vw, 3360px\" \/><\/a> <a href=\"https:\/\/marekkuchcinski.pl\/wp-content\/uploads\/2018\/07\/550.jpg\"><img loading=\"lazy\" decoding=\"async\" class=\"alignnone size-full wp-image-9974\" src=\"https:\/\/marekkuchcinski.pl\/wp-content\/uploads\/2018\/07\/550.jpg\" alt=\"550\" width=\"3083\" height=\"1847\" srcset=\"https:\/\/marekkuchcinski.pl\/wp-content\/uploads\/2018\/07\/550.jpg 2048w, https:\/\/marekkuchcinski.pl\/wp-content\/uploads\/2018\/07\/550-300x180.jpg 300w, https:\/\/marekkuchcinski.pl\/wp-content\/uploads\/2018\/07\/550-768x460.jpg 768w, https:\/\/marekkuchcinski.pl\/wp-content\/uploads\/2018\/07\/550-1024x613.jpg 1024w\" sizes=\"(max-width: 3083px) 100vw, 3083px\" \/><\/a> <a href=\"https:\/\/marekkuchcinski.pl\/wp-content\/uploads\/2018\/07\/550-wyb-6.jpg\"><img loading=\"lazy\" decoding=\"async\" class=\"alignnone size-full wp-image-9979\" src=\"https:\/\/marekkuchcinski.pl\/wp-content\/uploads\/2018\/07\/550-wyb-6.jpg\" alt=\"550 wyb 6\" width=\"3360\" height=\"2240\" srcset=\"https:\/\/marekkuchcinski.pl\/wp-content\/uploads\/2018\/07\/550-wyb-6.jpg 2048w, https:\/\/marekkuchcinski.pl\/wp-content\/uploads\/2018\/07\/550-wyb-6-300x200.jpg 300w, https:\/\/marekkuchcinski.pl\/wp-content\/uploads\/2018\/07\/550-wyb-6-768x512.jpg 768w, https:\/\/marekkuchcinski.pl\/wp-content\/uploads\/2018\/07\/550-wyb-6-1024x683.jpg 1024w\" sizes=\"(max-width: 3360px) 100vw, 3360px\" \/><\/a><a href=\"https:\/\/marekkuchcinski.pl\/wp-content\/uploads\/2018\/07\/RZ__3797.jpg\"><img loading=\"lazy\" decoding=\"async\" class=\"alignnone size-full wp-image-9980\" src=\"https:\/\/marekkuchcinski.pl\/wp-content\/uploads\/2018\/07\/RZ__3797.jpg\" alt=\"RZ__3797\" width=\"3360\" height=\"2240\" srcset=\"https:\/\/marekkuchcinski.pl\/wp-content\/uploads\/2018\/07\/RZ__3797.jpg 2048w, https:\/\/marekkuchcinski.pl\/wp-content\/uploads\/2018\/07\/RZ__3797-300x200.jpg 300w, https:\/\/marekkuchcinski.pl\/wp-content\/uploads\/2018\/07\/RZ__3797-768x512.jpg 768w, https:\/\/marekkuchcinski.pl\/wp-content\/uploads\/2018\/07\/RZ__3797-1024x683.jpg 1024w\" sizes=\"(max-width: 3360px) 100vw, 3360px\" \/><\/a><a href=\"https:\/\/marekkuchcinski.pl\/wp-content\/uploads\/2018\/07\/RZ__3808.jpg\"><img loading=\"lazy\" decoding=\"async\" class=\"alignnone size-full wp-image-9981\" src=\"https:\/\/marekkuchcinski.pl\/wp-content\/uploads\/2018\/07\/RZ__3808.jpg\" alt=\"RZ__3808\" width=\"3360\" height=\"2240\" srcset=\"https:\/\/marekkuchcinski.pl\/wp-content\/uploads\/2018\/07\/RZ__3808.jpg 2048w, https:\/\/marekkuchcinski.pl\/wp-content\/uploads\/2018\/07\/RZ__3808-300x200.jpg 300w, https:\/\/marekkuchcinski.pl\/wp-content\/uploads\/2018\/07\/RZ__3808-768x512.jpg 768w, https:\/\/marekkuchcinski.pl\/wp-content\/uploads\/2018\/07\/RZ__3808-1024x683.jpg 1024w\" sizes=\"(max-width: 3360px) 100vw, 3360px\" \/><\/a><a href=\"https:\/\/marekkuchcinski.pl\/wp-content\/uploads\/2018\/07\/KKB_5201.jpg\"><img loading=\"lazy\" decoding=\"async\" class=\"alignnone size-full wp-image-9977\" src=\"https:\/\/marekkuchcinski.pl\/wp-content\/uploads\/2018\/07\/KKB_5201.jpg\" alt=\"KKB_5201\" width=\"2880\" height=\"1920\" srcset=\"https:\/\/marekkuchcinski.pl\/wp-content\/uploads\/2018\/07\/KKB_5201.jpg 2048w, https:\/\/marekkuchcinski.pl\/wp-content\/uploads\/2018\/07\/KKB_5201-300x200.jpg 300w, https:\/\/marekkuchcinski.pl\/wp-content\/uploads\/2018\/07\/KKB_5201-768x512.jpg 768w, https:\/\/marekkuchcinski.pl\/wp-content\/uploads\/2018\/07\/KKB_5201-1024x683.jpg 1024w\" sizes=\"(max-width: 2880px) 100vw, 2880px\" \/><\/a><a href=\"https:\/\/marekkuchcinski.pl\/wp-content\/uploads\/2018\/07\/IMG_0453.jpg\"><img loading=\"lazy\" decoding=\"async\" class=\"alignnone size-full wp-image-9975\" src=\"https:\/\/marekkuchcinski.pl\/wp-content\/uploads\/2018\/07\/IMG_0453.jpg\" alt=\"IMG_0453\" width=\"3620\" height=\"1996\" srcset=\"https:\/\/marekkuchcinski.pl\/wp-content\/uploads\/2018\/07\/IMG_0453.jpg 2048w, https:\/\/marekkuchcinski.pl\/wp-content\/uploads\/2018\/07\/IMG_0453-300x165.jpg 300w, https:\/\/marekkuchcinski.pl\/wp-content\/uploads\/2018\/07\/IMG_0453-768x423.jpg 768w, https:\/\/marekkuchcinski.pl\/wp-content\/uploads\/2018\/07\/IMG_0453-1024x565.jpg 1024w\" sizes=\"(max-width: 3620px) 100vw, 3620px\" \/><\/a><\/p>\n<p>&nbsp;<\/p>","protected":false},"excerpt":{"rendered":"<p>Na Zamku Kr\u00f3lewskim w Warszawie prezydent, marsza\u0142ek Sejmu, marsza\u0142ek Senatu, premier, parlamentarzy\u015bci i ministrowie \u015bwi\u0119towali 550-lecie polskiego parlamentaryzmu. Zgromadzenie Narodowe otworzy\u0142 marsza\u0142ek Sejmu Marek Kuchci\u0144ski, or\u0119dzie wyg\u0142osi\u0142 prezydent RP Andrzej Duda. Poprzedzi\u0142a je msza \u015bw. w Bazylice Archikatedralnej p.w. M\u0119cze\u0144stwa \u015bw. Jana Chrzciciela. Mszy \u015bw. przewodniczy\u0142 ks. kard. Kazimierz Nycz, metropolita warszawski. Homili\u0119 wyg\u0142osi\u0142 ks. [&hellip;]<\/p>\n","protected":false},"author":6,"featured_media":9991,"comment_status":"open","ping_status":"open","sticky":false,"template":"","format":"standard","meta":{"ngg_post_thumbnail":0,"footnotes":""},"categories":[77,81,50,3],"tags":[],"class_list":["post-9961","post","type-post","status-publish","format-standard","has-post-thumbnail","hentry","category-wazne-daty","category-wiesci-z-sejmu","category-wspolpraca-miedzynarodowa","category-wydarzenia"],"_links":{"self":[{"href":"https:\/\/marekkuchcinski.pl\/cs\/wp-json\/wp\/v2\/posts\/9961","targetHints":{"allow":["GET"]}}],"collection":[{"href":"https:\/\/marekkuchcinski.pl\/cs\/wp-json\/wp\/v2\/posts"}],"about":[{"href":"https:\/\/marekkuchcinski.pl\/cs\/wp-json\/wp\/v2\/types\/post"}],"author":[{"embeddable":true,"href":"https:\/\/marekkuchcinski.pl\/cs\/wp-json\/wp\/v2\/users\/6"}],"replies":[{"embeddable":true,"href":"https:\/\/marekkuchcinski.pl\/cs\/wp-json\/wp\/v2\/comments?post=9961"}],"version-history":[{"count":8,"href":"https:\/\/marekkuchcinski.pl\/cs\/wp-json\/wp\/v2\/posts\/9961\/revisions"}],"predecessor-version":[{"id":9989,"href":"https:\/\/marekkuchcinski.pl\/cs\/wp-json\/wp\/v2\/posts\/9961\/revisions\/9989"}],"wp:featuredmedia":[{"embeddable":true,"href":"https:\/\/marekkuchcinski.pl\/cs\/wp-json\/wp\/v2\/media\/9991"}],"wp:attachment":[{"href":"https:\/\/marekkuchcinski.pl\/cs\/wp-json\/wp\/v2\/media?parent=9961"}],"wp:term":[{"taxonomy":"category","embeddable":true,"href":"https:\/\/marekkuchcinski.pl\/cs\/wp-json\/wp\/v2\/categories?post=9961"},{"taxonomy":"post_tag","embeddable":true,"href":"https:\/\/marekkuchcinski.pl\/cs\/wp-json\/wp\/v2\/tags?post=9961"}],"curies":[{"name":"wp","href":"https:\/\/api.w.org\/{rel}","templated":true}]}}