{"id":9942,"date":"2018-07-16T09:56:15","date_gmt":"2018-07-16T07:56:15","guid":{"rendered":"https:\/\/marekkuchcinski.pl\/?p=9942"},"modified":"2018-07-16T15:26:44","modified_gmt":"2018-07-16T13:26:44","slug":"iii-szczyt-przewodniczacych-parlamentow-panstw-europy-srodkowej-wschodniej","status":"publish","type":"post","link":"https:\/\/marekkuchcinski.pl\/cs\/wydarzenia\/iii-szczyt-przewodniczacych-parlamentow-panstw-europy-srodkowej-wschodniej\/","title":{"rendered":"T\u0159et\u00ed st\u0159edoevropsk\u00fd a v\u00fdchodoevropsk\u00fd summit p\u0159edsed\u016f parlament\u016f"},"content":{"rendered":"<p><strong>Var\u0161ava ji\u017e pot\u0159et\u00ed hostila summit p\u0159edsed\u016f parlament\u016f zem\u00ed st\u0159edn\u00ed a v\u00fdchodn\u00ed Evropy, kter\u00fd inicioval p\u0159edseda Sejmu Marek Kuchci\u0144ski.<\/strong>. - Evropa svobodn\u00fdch a rovn\u00fdch. Na\u0161e Evropa. T\u00e9m\u011b\u0159 nejmen\u0161\u00ed kontinent na sv\u011bt\u011b. A p\u0159itom je to kontinent s nejv\u011bt\u0161\u00edm po\u010dtem st\u00e1t\u016f a n\u00e1rod\u016f. V\u00fdmluvn\u00fdm symbolem toho, co pro n\u00e1s znamen\u00e1 svoboda a demokracie, je z\u00edt\u0159ej\u0161\u00ed oslava 550. v\u00fdro\u010d\u00ed parlamentarismu na p\u016fd\u011b republiky, kterou po\u0159\u00e1d\u00e1\u00a0<u>Res Publika,<\/u> od konce: Visla, N\u011bmen, Dvina a Dn\u011bpr,\" \u0159ekl p\u0159edseda Sejmu Marek Kuchci\u0144ski, kdy\u017e zahajoval diskusi.<\/p>\n<p>Summitu se z\u00fa\u010dastnily delegace z v\u00edce ne\u017e 20 zem\u00ed, kter\u00e9 podle p\u0159edsedy Sen\u00e1tu <strong>za\u010dlenit z\u00e1sadn\u00ed ot\u00e1zky t\u00fdkaj\u00edc\u00ed se bezpe\u010dnosti, rozvoje infrastruktury a energetick\u00fdch spojen\u00ed, komunikac\u00ed, migrace, udr\u017eiteln\u00e9ho rozvoje, demografick\u00e9 politiky, ekologie nebo soci\u00e1ln\u00edch program\u016f.<\/strong>. - Evropsk\u00e1 unie, jej\u00ed stav a kondice je evropskou z\u00e1le\u017eitost\u00ed, ale z\u00e1rove\u0148 Evropa existuje i mimo ni. Pr\u00e1v\u011b z tohoto d\u016fvodu byl vytvo\u0159en projekt parlamentn\u00edho summitu, aby si z\u00e1stupci \u010dlensk\u00fdch st\u00e1t\u016f, kandid\u00e1tsk\u00fdch st\u00e1t\u016f a st\u00e1t\u016f mimo Unii mohli vym\u011b\u0148ovat n\u00e1zory a p\u0159edkl\u00e1dat n\u00e1vrhy na jednom f\u00f3ru. V\u011b\u0159\u00edme, \u017ee na\u0161e summity jsou jak\u00fdmsi chyb\u011bj\u00edc\u00edm spojovac\u00edm \u010dl\u00e1nkem mezi t\u011bmito r\u016fznorod\u00fdmi subjekty - v na\u0161\u00ed \u010d\u00e1sti Evropy, stejn\u011b jako ve St\u0159edomo\u0159\u00ed. <strong>Prost\u0159ednictv\u00edm t\u011bchto setk\u00e1n\u00ed chceme p\u0159isp\u011bt k evropsk\u00e9 bezpe\u010dnosti, p\u0159i\u010dem\u017e se \u0159\u00edd\u00edme p\u0159esv\u011bd\u010den\u00edm, \u017ee bezpe\u010dnost je ned\u011bliteln\u00e1 bez ohledu na postaven\u00ed jednotliv\u00fdch st\u00e1t\u016f.\u00a0<\/strong>- P\u0159edseda Kuchci\u0144ski \u0159ekl.<\/p>\n<p>P\u0159edseda parlamentu zd\u016fraznil zvl\u00e1\u0161tn\u00ed \u00falohu parlamentn\u00ed diplomacie. - Tato nov\u00e1 forma mezin\u00e1rodn\u00ed komunikace p\u0159esahuje tradi\u010dn\u00ed oblasti na\u0161\u00ed pr\u00e1ce souvisej\u00edc\u00ed s legislativou nebo v\u00fdkonnou kontrolou, \u0159ekl. Tvrdil, \u017ee nejd\u016fle\u017eit\u011bj\u0161\u00ed je, \u017ee jsme jednotn\u00ed v p\u0159esv\u011bd\u010den\u00ed, \u017ee je t\u0159eba rozv\u00edjet vz\u00e1jemn\u00e9 diplomatick\u00e9 vztahy, proto\u017ee ty st\u00e1vaj\u00edc\u00ed jsou p\u0159\u00edli\u0161 slab\u00e9. <strong>Parlamenty jako instituce, kter\u00e9 nejl\u00e9pe vyjad\u0159uj\u00ed v\u016fli sv\u00fdch n\u00e1rod\u016f a spole\u010dnost\u00ed, maj\u00ed v tomto ohledu jedine\u010dnou \u00falohu.<\/strong>. Jako dobr\u00fd p\u0159\u00edklad uvedl V4, kde Polsko spolu s \u010ceskou republikou, Slovenskem a Ma\u010farskem \u00fa\u010dinn\u011b spolupracuje v r\u00e1mci Visegr\u00e1dsk\u00e9 skupiny. - P<strong>arlamenty se do t\u00e9to spolupr\u00e1ce zapojily. Vypracovali jsme rozs\u00e1hl\u00fd program rozvoje soci\u00e1ln\u00ed, kulturn\u00ed a hospod\u00e1\u0159sk\u00e9 infrastruktury v zem\u00edch V4, kter\u00fd zahrnuje zapojen\u00ed ob\u010dan\u016f do t\u011bchto aktivit.<\/strong> Vyhodnocujeme, \u017ee mnoh\u00e9 na\u0161e aktivity jsou iniciativn\u00ed, pak se jich chop\u00ed cel\u00fd region, subregiony a obce,\" \u0159ekl.<\/p>\n<p>Pro dal\u0161\u00ed zlep\u0161en\u00ed spolupr\u00e1ce byla v Sejmu z\u0159\u00edzena struktura v podob\u011b Sekretari\u00e1tu pro meziparlamentn\u00ed spolupr\u00e1ci ve st\u0159edn\u00ed a v\u00fdchodn\u00ed Evrop\u011b, analytick\u00e9ho a organiza\u010dn\u00edho \u00fatvaru, jeho\u017e \u00fakolem je realizovat v\u011bcnou a organiza\u010dn\u00ed spolupr\u00e1ci v regionu.<\/p>\n<p>P\u0159edseda Sejmu shrnul jedn\u00e1n\u00ed a konstatoval, \u017ee se op\u011bt uk\u00e1zalo, \u017ee zem\u011b p\u0159\u00edtomn\u00e9 na summitu maj\u00ed mnohem v\u00edce spole\u010dn\u00e9ho, ne\u017e je rozd\u011bluje.<\/p>\n<p><em>D\u011bkujeme tak\u00e9 za hlas Makedonie o pot\u0159eb\u011b pokra\u010dovat v parlamentn\u00ed diplomacii a aktivizovat ji. A za zd\u016frazn\u011bn\u00ed jej\u00ed role v dob\u011b eroze mezin\u00e1rodn\u00edho pr\u00e1va a zm\u011bn v architektu\u0159e sv\u011btov\u00e9ho \u0159\u00e1du (jak zm\u00ednil sen\u00e1tor Makushev - Kazachst\u00e1n). Pan p\u0159edseda Hristov (Bulharsko) hovo\u0159il o v\u00fdznamu rozm\u011bru parlamentn\u00ed spolupr\u00e1ce s EU. P\u0159edseda Gojkowi\u0107 (Srbsko) a poslanec Sioropulu (\u0158ecko) upozornili na v\u00fdznam koordinace v oblasti migra\u010dn\u00ed krize.<\/em><\/p>\n<p><em>Na druhou stranu je alb\u00e1nsk\u00fd hlas v boji proti chudob\u011b pln\u011b v souladu s na\u0161\u00ed koncepc\u00ed udr\u017eiteln\u00e9ho rozvoje. Aby ji bylo mo\u017en\u00e9 zajistit, je t\u0159eba se t\u00edmto t\u00e9matem aktivn\u011bji zab\u00fdvat na \u00farovni odv\u011btvov\u00fdch parlamentn\u00edch v\u00fdbor\u016f, co\u017e m\u016f\u017ee z\u00e1rove\u0148 dodat novou dynamiku meziparlamentn\u00edm vztah\u016fm v regionu. <\/em><\/p>\n<p><em>O tom, \u017ee bez parlamentn\u00edch shrom\u00e1\u017ed\u011bn\u00ed, jako je na\u0161e dne\u0161n\u00ed setk\u00e1n\u00ed, neexistuje \u0159\u00e1dn\u011b funguj\u00edc\u00ed ekosyst\u00e9m spolupr\u00e1ce, a o v\u00fdznamu spolupr\u00e1ce ve St\u0159edomo\u0159\u00ed hovo\u0159il p\u0159edseda Farouja (Malta). D\u011bkujeme v\u00e1m za nab\u00eddku pod\u011blit se o va\u0161e zku\u0161enosti s t\u00edmto modelem spolupr\u00e1ce.<\/em><\/p>\n<p><em>V ofici\u00e1ln\u00edch prohl\u00e1\u0161en\u00edch i v kulo\u00e1rech jsme z\u00edskali podporu pro pokra\u010dov\u00e1n\u00ed var\u0161avsk\u00fdch summit\u016f. Pan Farugia z Malty se k tomuto p\u0159\u00edpadu vyj\u00e1d\u0159il velmi d\u016frazn\u011b. D\u011bkujeme v\u00e1m za tento d\u016fle\u017eit\u00fd hlas. Existuje v\u0161ak tak\u00e9 my\u0161lenka prohlouben\u00ed parlamentn\u00ed spolupr\u00e1ce, aby se nejednalo pouze o summity p\u0159edsed\u016f, ale o ka\u017edoro\u010dn\u00ed summity parlamentn\u00edch delegac\u00ed st\u0159edn\u00ed a v\u00fdchodn\u00ed Evropy.  Pokud z\u00edsk\u00e1me podporu na\u0161ich v\u00fdznamn\u00fdch host\u016f, budeme ji\u017e p\u0159ipraveni uspo\u0159\u00e1dat summit v roce 2019 v roz\u0161\u00ed\u0159en\u00e9m form\u00e1tu. Ostatn\u00ed n\u00e1vrhy, tj. spole\u010dn\u00fd sekretari\u00e1t a setk\u00e1n\u00ed v Krynici, samoz\u0159ejm\u011b z\u016fst\u00e1vaj\u00ed v platnosti -. <\/em>uzav\u0159el p\u0159edseda Sejmu.<\/p>\n<p><a href=\"https:\/\/marekkuchcinski.pl\/wp-content\/uploads\/2018\/07\/KKB_0617.jpg\"><img fetchpriority=\"high\" decoding=\"async\" class=\"alignnone size-full wp-image-9943\" src=\"https:\/\/marekkuchcinski.pl\/wp-content\/uploads\/2018\/07\/KKB_0617.jpg\" alt=\"KKB_0617\" width=\"2880\" height=\"1920\" srcset=\"https:\/\/marekkuchcinski.pl\/wp-content\/uploads\/2018\/07\/KKB_0617.jpg 2048w, https:\/\/marekkuchcinski.pl\/wp-content\/uploads\/2018\/07\/KKB_0617-300x200.jpg 300w, https:\/\/marekkuchcinski.pl\/wp-content\/uploads\/2018\/07\/KKB_0617-768x512.jpg 768w, https:\/\/marekkuchcinski.pl\/wp-content\/uploads\/2018\/07\/KKB_0617-1024x683.jpg 1024w\" sizes=\"(max-width: 2880px) 100vw, 2880px\" \/><\/a><a href=\"https:\/\/marekkuchcinski.pl\/wp-content\/uploads\/2018\/07\/RZ__2607.jpg\"><img decoding=\"async\" class=\"alignnone size-full wp-image-9953\" src=\"https:\/\/marekkuchcinski.pl\/wp-content\/uploads\/2018\/07\/RZ__2607.jpg\" alt=\"RZ__2607\" width=\"3360\" height=\"2240\" srcset=\"https:\/\/marekkuchcinski.pl\/wp-content\/uploads\/2018\/07\/RZ__2607.jpg 2048w, https:\/\/marekkuchcinski.pl\/wp-content\/uploads\/2018\/07\/RZ__2607-300x200.jpg 300w, https:\/\/marekkuchcinski.pl\/wp-content\/uploads\/2018\/07\/RZ__2607-768x512.jpg 768w, https:\/\/marekkuchcinski.pl\/wp-content\/uploads\/2018\/07\/RZ__2607-1024x683.jpg 1024w\" sizes=\"(max-width: 3360px) 100vw, 3360px\" \/><\/a><a href=\"https:\/\/marekkuchcinski.pl\/wp-content\/uploads\/2018\/07\/RZ__2625.jpg\"><img decoding=\"async\" class=\"alignnone size-full wp-image-9954\" src=\"https:\/\/marekkuchcinski.pl\/wp-content\/uploads\/2018\/07\/RZ__2625.jpg\" alt=\"RZ__2625\" width=\"3360\" height=\"2240\" srcset=\"https:\/\/marekkuchcinski.pl\/wp-content\/uploads\/2018\/07\/RZ__2625.jpg 2048w, https:\/\/marekkuchcinski.pl\/wp-content\/uploads\/2018\/07\/RZ__2625-300x200.jpg 300w, https:\/\/marekkuchcinski.pl\/wp-content\/uploads\/2018\/07\/RZ__2625-768x512.jpg 768w, https:\/\/marekkuchcinski.pl\/wp-content\/uploads\/2018\/07\/RZ__2625-1024x683.jpg 1024w\" sizes=\"(max-width: 3360px) 100vw, 3360px\" \/><\/a><a href=\"https:\/\/marekkuchcinski.pl\/wp-content\/uploads\/2018\/07\/RZ__2656.jpg\"><img loading=\"lazy\" decoding=\"async\" class=\"alignnone size-full wp-image-9955\" src=\"https:\/\/marekkuchcinski.pl\/wp-content\/uploads\/2018\/07\/RZ__2656.jpg\" alt=\"RZ__2656\" width=\"3360\" height=\"2240\" srcset=\"https:\/\/marekkuchcinski.pl\/wp-content\/uploads\/2018\/07\/RZ__2656.jpg 2048w, https:\/\/marekkuchcinski.pl\/wp-content\/uploads\/2018\/07\/RZ__2656-300x200.jpg 300w, https:\/\/marekkuchcinski.pl\/wp-content\/uploads\/2018\/07\/RZ__2656-768x512.jpg 768w, https:\/\/marekkuchcinski.pl\/wp-content\/uploads\/2018\/07\/RZ__2656-1024x683.jpg 1024w\" sizes=\"(max-width: 3360px) 100vw, 3360px\" \/><\/a><a href=\"https:\/\/marekkuchcinski.pl\/wp-content\/uploads\/2018\/07\/RZ__3388.jpg\"><img loading=\"lazy\" decoding=\"async\" class=\"alignnone size-full wp-image-9957\" src=\"https:\/\/marekkuchcinski.pl\/wp-content\/uploads\/2018\/07\/RZ__3388.jpg\" alt=\"RZ__3388\" width=\"3360\" height=\"2240\" srcset=\"https:\/\/marekkuchcinski.pl\/wp-content\/uploads\/2018\/07\/RZ__3388.jpg 2048w, https:\/\/marekkuchcinski.pl\/wp-content\/uploads\/2018\/07\/RZ__3388-300x200.jpg 300w, https:\/\/marekkuchcinski.pl\/wp-content\/uploads\/2018\/07\/RZ__3388-768x512.jpg 768w, https:\/\/marekkuchcinski.pl\/wp-content\/uploads\/2018\/07\/RZ__3388-1024x683.jpg 1024w\" sizes=\"(max-width: 3360px) 100vw, 3360px\" \/><\/a><a href=\"https:\/\/marekkuchcinski.pl\/wp-content\/uploads\/2018\/07\/RZ__2918.jpg\"><img loading=\"lazy\" decoding=\"async\" class=\"alignnone size-full wp-image-9956\" src=\"https:\/\/marekkuchcinski.pl\/wp-content\/uploads\/2018\/07\/RZ__2918.jpg\" alt=\"RZ__2918\" width=\"3360\" height=\"2240\" srcset=\"https:\/\/marekkuchcinski.pl\/wp-content\/uploads\/2018\/07\/RZ__2918.jpg 2048w, https:\/\/marekkuchcinski.pl\/wp-content\/uploads\/2018\/07\/RZ__2918-300x200.jpg 300w, https:\/\/marekkuchcinski.pl\/wp-content\/uploads\/2018\/07\/RZ__2918-768x512.jpg 768w, https:\/\/marekkuchcinski.pl\/wp-content\/uploads\/2018\/07\/RZ__2918-1024x683.jpg 1024w\" sizes=\"(max-width: 3360px) 100vw, 3360px\" \/><\/a> <a href=\"https:\/\/marekkuchcinski.pl\/wp-content\/uploads\/2018\/07\/KKB_2133.jpg\"><img loading=\"lazy\" decoding=\"async\" class=\"alignnone size-full wp-image-9949\" src=\"https:\/\/marekkuchcinski.pl\/wp-content\/uploads\/2018\/07\/KKB_2133.jpg\" alt=\"KKB_2133\" width=\"2880\" height=\"1920\" srcset=\"https:\/\/marekkuchcinski.pl\/wp-content\/uploads\/2018\/07\/KKB_2133.jpg 2048w, https:\/\/marekkuchcinski.pl\/wp-content\/uploads\/2018\/07\/KKB_2133-300x200.jpg 300w, https:\/\/marekkuchcinski.pl\/wp-content\/uploads\/2018\/07\/KKB_2133-768x512.jpg 768w, https:\/\/marekkuchcinski.pl\/wp-content\/uploads\/2018\/07\/KKB_2133-1024x683.jpg 1024w\" sizes=\"(max-width: 2880px) 100vw, 2880px\" \/><\/a> <a href=\"https:\/\/marekkuchcinski.pl\/wp-content\/uploads\/2018\/07\/KKB_0934.jpg\"><img loading=\"lazy\" decoding=\"async\" class=\"alignnone size-full wp-image-9944\" src=\"https:\/\/marekkuchcinski.pl\/wp-content\/uploads\/2018\/07\/KKB_0934.jpg\" alt=\"KKB_0934\" width=\"2880\" height=\"1920\" srcset=\"https:\/\/marekkuchcinski.pl\/wp-content\/uploads\/2018\/07\/KKB_0934.jpg 2048w, https:\/\/marekkuchcinski.pl\/wp-content\/uploads\/2018\/07\/KKB_0934-300x200.jpg 300w, https:\/\/marekkuchcinski.pl\/wp-content\/uploads\/2018\/07\/KKB_0934-768x512.jpg 768w, https:\/\/marekkuchcinski.pl\/wp-content\/uploads\/2018\/07\/KKB_0934-1024x683.jpg 1024w\" sizes=\"(max-width: 2880px) 100vw, 2880px\" \/><\/a><a href=\"https:\/\/marekkuchcinski.pl\/wp-content\/uploads\/2018\/07\/Kover.jpg\"><img loading=\"lazy\" decoding=\"async\" class=\"alignnone size-full wp-image-9997\" src=\"https:\/\/marekkuchcinski.pl\/wp-content\/uploads\/2018\/07\/Kover.jpg\" alt=\"Kover\" width=\"800\" height=\"533\" srcset=\"https:\/\/marekkuchcinski.pl\/wp-content\/uploads\/2018\/07\/Kover.jpg 800w, https:\/\/marekkuchcinski.pl\/wp-content\/uploads\/2018\/07\/Kover-300x200.jpg 300w, https:\/\/marekkuchcinski.pl\/wp-content\/uploads\/2018\/07\/Kover-768x512.jpg 768w\" sizes=\"(max-width: 800px) 100vw, 800px\" \/><\/a><a href=\"https:\/\/marekkuchcinski.pl\/wp-content\/uploads\/2018\/07\/KKB_3385.jpg\"><img loading=\"lazy\" decoding=\"async\" class=\"alignnone size-full wp-image-9952\" src=\"https:\/\/marekkuchcinski.pl\/wp-content\/uploads\/2018\/07\/KKB_3385.jpg\" alt=\"KKB_3385\" width=\"2880\" height=\"1920\" srcset=\"https:\/\/marekkuchcinski.pl\/wp-content\/uploads\/2018\/07\/KKB_3385.jpg 2048w, https:\/\/marekkuchcinski.pl\/wp-content\/uploads\/2018\/07\/KKB_3385-300x200.jpg 300w, https:\/\/marekkuchcinski.pl\/wp-content\/uploads\/2018\/07\/KKB_3385-768x512.jpg 768w, https:\/\/marekkuchcinski.pl\/wp-content\/uploads\/2018\/07\/KKB_3385-1024x683.jpg 1024w\" sizes=\"(max-width: 2880px) 100vw, 2880px\" \/><\/a><\/p>","protected":false},"excerpt":{"rendered":"<p>W Warszawie po raz trzeci odby\u0142 si\u0119 Szczyt Przewodnicz\u0105cych Parlament\u00f3w Pa\u0144stw Europy \u015arodkowej i Wschodniej zainicjowany przez marsza\u0142ka Sejmu Marka Kuchci\u0144skiego. &#8212; Europa wolnych i r\u00f3wnych. Nasza Europa. Niemal najmniejszy kontynent na Ziemi. A zarazem kontynent z najwi\u0119ksz\u0105 liczb\u0105 pa\u0144stw i narod\u00f3w. Wymownym symbolem tego, czym s\u0105 dla nas wolno\u015b\u0107 i demokracja, s\u0105 jutrzejsze obchody [&hellip;]<\/p>\n","protected":false},"author":6,"featured_media":10002,"comment_status":"open","ping_status":"open","sticky":false,"template":"","format":"standard","meta":{"ngg_post_thumbnail":0,"footnotes":""},"categories":[81,50,3],"tags":[],"class_list":["post-9942","post","type-post","status-publish","format-standard","has-post-thumbnail","hentry","category-wiesci-z-sejmu","category-wspolpraca-miedzynarodowa","category-wydarzenia"],"_links":{"self":[{"href":"https:\/\/marekkuchcinski.pl\/cs\/wp-json\/wp\/v2\/posts\/9942","targetHints":{"allow":["GET"]}}],"collection":[{"href":"https:\/\/marekkuchcinski.pl\/cs\/wp-json\/wp\/v2\/posts"}],"about":[{"href":"https:\/\/marekkuchcinski.pl\/cs\/wp-json\/wp\/v2\/types\/post"}],"author":[{"embeddable":true,"href":"https:\/\/marekkuchcinski.pl\/cs\/wp-json\/wp\/v2\/users\/6"}],"replies":[{"embeddable":true,"href":"https:\/\/marekkuchcinski.pl\/cs\/wp-json\/wp\/v2\/comments?post=9942"}],"version-history":[{"count":15,"href":"https:\/\/marekkuchcinski.pl\/cs\/wp-json\/wp\/v2\/posts\/9942\/revisions"}],"predecessor-version":[{"id":10009,"href":"https:\/\/marekkuchcinski.pl\/cs\/wp-json\/wp\/v2\/posts\/9942\/revisions\/10009"}],"wp:featuredmedia":[{"embeddable":true,"href":"https:\/\/marekkuchcinski.pl\/cs\/wp-json\/wp\/v2\/media\/10002"}],"wp:attachment":[{"href":"https:\/\/marekkuchcinski.pl\/cs\/wp-json\/wp\/v2\/media?parent=9942"}],"wp:term":[{"taxonomy":"category","embeddable":true,"href":"https:\/\/marekkuchcinski.pl\/cs\/wp-json\/wp\/v2\/categories?post=9942"},{"taxonomy":"post_tag","embeddable":true,"href":"https:\/\/marekkuchcinski.pl\/cs\/wp-json\/wp\/v2\/tags?post=9942"}],"curies":[{"name":"wp","href":"https:\/\/api.w.org\/{rel}","templated":true}]}}