{"id":9737,"date":"2018-06-25T16:01:20","date_gmt":"2018-06-25T14:01:20","guid":{"rendered":"https:\/\/marekkuchcinski.pl\/?p=9737"},"modified":"2018-06-25T16:03:57","modified_gmt":"2018-06-25T14:03:57","slug":"marszalek-sejmu-opowiadam-sie-lepsza-wspolpraca-pomiedzy-pe-a-parlamentami-narodowymi","status":"publish","type":"post","link":"https:\/\/marekkuchcinski.pl\/cs\/wydarzenia\/marszalek-sejmu-opowiadam-sie-lepsza-wspolpraca-pomiedzy-pe-a-parlamentami-narodowymi\/","title":{"rendered":"P\u0159edseda Sejmu: Prosazuji lep\u0161\u00ed spolupr\u00e1ci mezi EP a vnitrost\u00e1tn\u00edmi parlamenty."},"content":{"rendered":"<p>Nyn\u00ed je vhodn\u00e1 doba pro zintenzivn\u011bn\u00ed spolupr\u00e1ce mezi na\u0161imi parlamenty. Ot\u00e1zky po\u0159\u00e1dku, zefektivn\u011bn\u00ed pr\u00e1ce n\u00e1rodn\u00edch parlament\u016f v EU, jsou i zde z\u00e1sadn\u00edm receptem na zv\u00fd\u0161en\u00ed d\u016fv\u011bry v EU,\" \u0159ekl p\u0159edseda Sejmu po setk\u00e1n\u00ed s p\u0159edsedou Spolkov\u00e9ho sn\u011bmu Wolfgangem Sch\u00e4ublem. Zd\u016fraznil tak\u00e9, \u017ee by se m\u011bla rozv\u00edjet spolupr\u00e1ce mezi vnitrost\u00e1tn\u00edmi parlamenty a Evropsk\u00fdm parlamentem a \u017ee by se m\u011bla zv\u00e1\u017eit mo\u017enost pr\u00e1va veta a legislativn\u00edch iniciativ skupin st\u00e1t\u016f v r\u00e1mci st\u00e1vaj\u00edc\u00edch smluv.<\/p>\n<p>\u00da\u010dastn\u00edci rozhovoru se shodli, \u017ee sou\u010dasn\u00e9 postupy EU vy\u017eaduj\u00ed v\u011bt\u0161\u00ed transparentnost. Podle nich by se m\u011bla pos\u00edlit informa\u010dn\u00ed politika, aby ob\u010dan\u00e9 rozum\u011bli rozhodnut\u00edm EU a tomu, co se d\u011bje v unijn\u00ed diskusi. Zlep\u0161en\u00ed d\u016fv\u011bry v instituce EU by mohlo m\u00edt pozitivn\u00ed dopad i na \u00fa\u010dast v evropsk\u00fdch volb\u00e1ch, kter\u00e1 je v sou\u010dasnosti p\u0159\u00edli\u0161 n\u00edzk\u00e1. P\u0159edseda Kuchci\u0144ski zopakoval svou vizi Evropy sjednocen\u00fdch a solid\u00e1rn\u00edch st\u00e1t\u016f. Zd\u016fraznil, \u017ee je t\u0159eba pos\u00edlit n\u00e1rodn\u00ed parlamenty v rozhodovac\u00edm procesu a p\u0159i tvorb\u011b pr\u00e1vn\u00edch p\u0159edpis\u016f EU.<\/p>\n<p><a href=\"https:\/\/marekkuchcinski.pl\/wp-content\/uploads\/2018\/06\/schfrb.jpg\"><img fetchpriority=\"high\" decoding=\"async\" class=\"alignnone size-full wp-image-9738\" src=\"https:\/\/marekkuchcinski.pl\/wp-content\/uploads\/2018\/06\/schfrb.jpg\" alt=\"schfrb\" width=\"2736\" height=\"1824\" srcset=\"https:\/\/marekkuchcinski.pl\/wp-content\/uploads\/2018\/06\/schfrb.jpg 2048w, https:\/\/marekkuchcinski.pl\/wp-content\/uploads\/2018\/06\/schfrb-300x200.jpg 300w, https:\/\/marekkuchcinski.pl\/wp-content\/uploads\/2018\/06\/schfrb-768x512.jpg 768w, https:\/\/marekkuchcinski.pl\/wp-content\/uploads\/2018\/06\/schfrb-1024x683.jpg 1024w\" sizes=\"(max-width: 2736px) 100vw, 2736px\" \/><\/a> <a href=\"https:\/\/marekkuchcinski.pl\/wp-content\/uploads\/2018\/06\/sch-fb.jpg\"><img decoding=\"async\" class=\"alignnone size-full wp-image-9739\" src=\"https:\/\/marekkuchcinski.pl\/wp-content\/uploads\/2018\/06\/sch-fb.jpg\" alt=\"sch fb\" width=\"2736\" height=\"1824\" srcset=\"https:\/\/marekkuchcinski.pl\/wp-content\/uploads\/2018\/06\/sch-fb.jpg 2048w, https:\/\/marekkuchcinski.pl\/wp-content\/uploads\/2018\/06\/sch-fb-300x200.jpg 300w, https:\/\/marekkuchcinski.pl\/wp-content\/uploads\/2018\/06\/sch-fb-768x512.jpg 768w, https:\/\/marekkuchcinski.pl\/wp-content\/uploads\/2018\/06\/sch-fb-1024x683.jpg 1024w\" sizes=\"(max-width: 2736px) 100vw, 2736px\" \/><\/a> <a href=\"https:\/\/marekkuchcinski.pl\/wp-content\/uploads\/2018\/06\/schtt.jpg\"><img decoding=\"async\" class=\"alignnone size-full wp-image-9740\" src=\"https:\/\/marekkuchcinski.pl\/wp-content\/uploads\/2018\/06\/schtt.jpg\" alt=\"schtt\" width=\"2154\" height=\"1370\" srcset=\"https:\/\/marekkuchcinski.pl\/wp-content\/uploads\/2018\/06\/schtt.jpg 2048w, https:\/\/marekkuchcinski.pl\/wp-content\/uploads\/2018\/06\/schtt-300x191.jpg 300w, https:\/\/marekkuchcinski.pl\/wp-content\/uploads\/2018\/06\/schtt-768x488.jpg 768w, https:\/\/marekkuchcinski.pl\/wp-content\/uploads\/2018\/06\/schtt-1024x651.jpg 1024w\" sizes=\"(max-width: 2154px) 100vw, 2154px\" \/><\/a><a href=\"https:\/\/marekkuchcinski.pl\/wp-content\/uploads\/2018\/06\/sch-www.jpg\"><img loading=\"lazy\" decoding=\"async\" class=\"alignnone size-full wp-image-9742\" src=\"https:\/\/marekkuchcinski.pl\/wp-content\/uploads\/2018\/06\/sch-www.jpg\" alt=\"sch www\" width=\"4210\" height=\"2670\" srcset=\"https:\/\/marekkuchcinski.pl\/wp-content\/uploads\/2018\/06\/sch-www.jpg 2048w, https:\/\/marekkuchcinski.pl\/wp-content\/uploads\/2018\/06\/sch-www-300x190.jpg 300w, https:\/\/marekkuchcinski.pl\/wp-content\/uploads\/2018\/06\/sch-www-768x487.jpg 768w, https:\/\/marekkuchcinski.pl\/wp-content\/uploads\/2018\/06\/sch-www-1024x649.jpg 1024w\" sizes=\"(max-width: 4210px) 100vw, 4210px\" \/><\/a><\/p>","protected":false},"excerpt":{"rendered":"<p>To dobry czas, by\u015bmy zintensyfikowali wsp\u00f3\u0142prac\u0119 pomi\u0119dzy naszymi parlamentami. Kwestie porz\u0105dkuj\u0105ce, usprawniaj\u0105ce prace parlament\u00f3w pa\u0144stw cz\u0142onkowskich w UE s\u0105 tutaj zasadnicz\u0105 recept\u0105 na zwi\u0119kszenia tak\u017ce zaufania wobec UE \u2013 powiedzia\u0142 marsza\u0142ek Sejmu po spotkaniu z przewodnicz\u0105cym Bundestagu Wolfgangiem Sch\u00e4uble. Podkre\u015bli\u0142 tak\u017ce, \u017ce nale\u017cy rozwin\u0105\u0107 wsp\u00f3\u0142prac\u0119 pomi\u0119dzy parlamentami narodowymi a Parlamentem Europejskim i zastanowi\u0107 si\u0119 nad [&hellip;]<\/p>\n","protected":false},"author":6,"featured_media":9746,"comment_status":"open","ping_status":"open","sticky":false,"template":"","format":"standard","meta":{"ngg_post_thumbnail":0,"footnotes":""},"categories":[50,3],"tags":[],"class_list":["post-9737","post","type-post","status-publish","format-standard","has-post-thumbnail","hentry","category-wspolpraca-miedzynarodowa","category-wydarzenia"],"_links":{"self":[{"href":"https:\/\/marekkuchcinski.pl\/cs\/wp-json\/wp\/v2\/posts\/9737","targetHints":{"allow":["GET"]}}],"collection":[{"href":"https:\/\/marekkuchcinski.pl\/cs\/wp-json\/wp\/v2\/posts"}],"about":[{"href":"https:\/\/marekkuchcinski.pl\/cs\/wp-json\/wp\/v2\/types\/post"}],"author":[{"embeddable":true,"href":"https:\/\/marekkuchcinski.pl\/cs\/wp-json\/wp\/v2\/users\/6"}],"replies":[{"embeddable":true,"href":"https:\/\/marekkuchcinski.pl\/cs\/wp-json\/wp\/v2\/comments?post=9737"}],"version-history":[{"count":3,"href":"https:\/\/marekkuchcinski.pl\/cs\/wp-json\/wp\/v2\/posts\/9737\/revisions"}],"predecessor-version":[{"id":9745,"href":"https:\/\/marekkuchcinski.pl\/cs\/wp-json\/wp\/v2\/posts\/9737\/revisions\/9745"}],"wp:featuredmedia":[{"embeddable":true,"href":"https:\/\/marekkuchcinski.pl\/cs\/wp-json\/wp\/v2\/media\/9746"}],"wp:attachment":[{"href":"https:\/\/marekkuchcinski.pl\/cs\/wp-json\/wp\/v2\/media?parent=9737"}],"wp:term":[{"taxonomy":"category","embeddable":true,"href":"https:\/\/marekkuchcinski.pl\/cs\/wp-json\/wp\/v2\/categories?post=9737"},{"taxonomy":"post_tag","embeddable":true,"href":"https:\/\/marekkuchcinski.pl\/cs\/wp-json\/wp\/v2\/tags?post=9737"}],"curies":[{"name":"wp","href":"https:\/\/api.w.org\/{rel}","templated":true}]}}