{"id":9730,"date":"2018-06-18T16:25:00","date_gmt":"2018-06-18T14:25:00","guid":{"rendered":"https:\/\/marekkuchcinski.pl\/?p=9730"},"modified":"2018-06-18T16:27:21","modified_gmt":"2018-06-18T14:27:21","slug":"szczecinie-stanal-pomnik-upamietniajacy-prezydenta-lecha-kaczynskiego","status":"publish","type":"post","link":"https:\/\/marekkuchcinski.pl\/cs\/wydarzenia\/szczecinie-stanal-pomnik-upamietniajacy-prezydenta-lecha-kaczynskiego\/","title":{"rendered":"Ve \u0160t\u011bt\u00edn\u011b byl vzty\u010den pomn\u00edk p\u0159ipom\u00ednaj\u00edc\u00ed prezidenta Lecha Kaczy\u0144sk\u00e9ho"},"content":{"rendered":"<p>Slu\u017eba Polsku byla podstatou jeho \u017eivota. Za jej\u00ed nez\u00e1vislost a suverenitu bojoval jako \u010dlen demokratick\u00e9 opozice - KOR a NSZZ \"Solidarno\u015b\u0107\", jej\u00edm\u017e byl m\u00edstop\u0159edsedou,\" \u0159ekl o Lechu Kaczy\u0144sk\u00e9m p\u0159edseda Sejmu Marek Kuchci\u0144ski. - M\u011bl svou vlastn\u00ed vizi Polska - spravedliv\u00fd, bezpe\u010dn\u00fd st\u00e1t, bohat\u00fd na sv\u00e9 ob\u010dany, dob\u0159e spravovan\u00fd, dodr\u017euj\u00edc\u00ed z\u00e1kony a hrd\u00fd na svou historii a postaven\u00ed ve sv\u011bt\u011b. Jeho nejd\u016fle\u017eit\u011bj\u0161\u00edm poselstv\u00edm byla vytrval\u00e1 pr\u00e1ce pro spole\u010dn\u00e9 dobro, pro n\u00e1rod, v z\u00e1jmu republiky a jej\u00edho smyslu. V\u011b\u0159il, \u017ee politika je slu\u017ebou ve prosp\u011bch a pro v\u0161echny ob\u010dany. Jeho mise, tragicky p\u0159eru\u0161en\u00e1, zm\u011bnila b\u011bh d\u011bjin na\u0161\u00ed vlasti. Po roce 2010 se absence na\u0161eho prezidenta stala hmatatelnou. V\u011bdom\u00ed nedokon\u010den\u00e9 pr\u00e1ce mezi n\u00e1mi z\u016fstalo,\" \u0159ekl mar\u0161\u00e1l.<\/p>\n<p>Marek Kuchci\u0144ski pod\u011bkoval \u0160t\u011bt\u00ednsk\u00fdm za to, \u017ee si p\u0159ipom\u00ednaj\u00ed \u017eivot, my\u0161lenky a d\u00edlo zesnul\u00e9ho prezidenta Prof. Lecha Kaczy\u0144sk\u00e9ho, a pop\u0159\u00e1l jim v\u011brnost jeho poselstv\u00ed. - Tak\u00e9 p\u0159eji obyvatel\u016fm tohoto regionu prosperitu, opakuje prezident Lech Kaczy\u0144ski: \"Siln\u00fd \u0160t\u011bt\u00edn, siln\u00e9 Z\u00e1padn\u00ed Pomo\u0159ansko, to je polsk\u00fd smysl \u017eivota.\"<\/p>\n<p>Slavnostn\u00edho ceremoni\u00e1lu se z\u00fa\u010dastnili tak\u00e9 m\u00edstop\u0159edsedkyn\u011b Sejmu Beata Mazurek, premi\u00e9r Mateusz Morawiecki, poslanci a minist\u0159i. Dopis p\u0159edsedy PiS Jaros\u0142awa Kaczy\u0144sk\u00e9ho p\u0159e\u010detl ministr ON Mariusz B\u0142aszczak.<\/p>\n<p><a href=\"https:\/\/marekkuchcinski.pl\/wp-content\/uploads\/2018\/06\/lk1.jpg\"><img fetchpriority=\"high\" decoding=\"async\" class=\"alignnone size-full wp-image-9731\" src=\"https:\/\/marekkuchcinski.pl\/wp-content\/uploads\/2018\/06\/lk1.jpg\" alt=\"lk1\" width=\"4032\" height=\"3024\" srcset=\"https:\/\/marekkuchcinski.pl\/wp-content\/uploads\/2018\/06\/lk1.jpg 2048w, https:\/\/marekkuchcinski.pl\/wp-content\/uploads\/2018\/06\/lk1-300x225.jpg 300w, https:\/\/marekkuchcinski.pl\/wp-content\/uploads\/2018\/06\/lk1-768x576.jpg 768w, https:\/\/marekkuchcinski.pl\/wp-content\/uploads\/2018\/06\/lk1-1024x768.jpg 1024w\" sizes=\"(max-width: 4032px) 100vw, 4032px\" \/><\/a> <a href=\"https:\/\/marekkuchcinski.pl\/wp-content\/uploads\/2018\/06\/lk2.jpg\"><img decoding=\"async\" class=\"alignnone size-full wp-image-9732\" src=\"https:\/\/marekkuchcinski.pl\/wp-content\/uploads\/2018\/06\/lk2.jpg\" alt=\"lk2\" width=\"3483\" height=\"2547\" srcset=\"https:\/\/marekkuchcinski.pl\/wp-content\/uploads\/2018\/06\/lk2.jpg 2048w, https:\/\/marekkuchcinski.pl\/wp-content\/uploads\/2018\/06\/lk2-300x219.jpg 300w, https:\/\/marekkuchcinski.pl\/wp-content\/uploads\/2018\/06\/lk2-768x562.jpg 768w, https:\/\/marekkuchcinski.pl\/wp-content\/uploads\/2018\/06\/lk2-1024x749.jpg 1024w\" sizes=\"(max-width: 3483px) 100vw, 3483px\" \/><\/a> <a href=\"https:\/\/marekkuchcinski.pl\/wp-content\/uploads\/2018\/06\/lk3.jpg\"><img decoding=\"async\" class=\"alignnone size-full wp-image-9733\" src=\"https:\/\/marekkuchcinski.pl\/wp-content\/uploads\/2018\/06\/lk3.jpg\" alt=\"lk3\" width=\"3926\" height=\"2784\" srcset=\"https:\/\/marekkuchcinski.pl\/wp-content\/uploads\/2018\/06\/lk3.jpg 2048w, https:\/\/marekkuchcinski.pl\/wp-content\/uploads\/2018\/06\/lk3-300x213.jpg 300w, https:\/\/marekkuchcinski.pl\/wp-content\/uploads\/2018\/06\/lk3-768x545.jpg 768w, https:\/\/marekkuchcinski.pl\/wp-content\/uploads\/2018\/06\/lk3-1024x726.jpg 1024w\" sizes=\"(max-width: 3926px) 100vw, 3926px\" \/><\/a><\/p>","protected":false},"excerpt":{"rendered":"<p>S\u0142u\u017cba Polsce by\u0142a tre\u015bci\u0105 jego \u017cycia. Walczy\u0142 o jej niepodleg\u0142o\u015b\u0107 i suwerenno\u015b\u0107, b\u0119d\u0105c cz\u0142onkiem opozycji demokratycznej \u2013 KOR i NSZZ \u201eSolidarno\u015b\u0107\u201d, kt\u00f3rej by\u0142 wiceprzewodnicz\u0105cym \u2013 powiedzia\u0142 o Lechu Kaczy\u0144skim marsza\u0142ek Sejmu Marek Kuchci\u0144ski.\u00a0\u2013 Mia\u0142 swoj\u0105 wizj\u0119 Polski \u2013 pa\u0144stwa sprawiedliwego, bezpiecznego, bogatego jej obywatelami, dobrze zarz\u0105dzanego, praworz\u0105dnego i dumnego z w\u0142asnej historii i swojego statusu [&hellip;]<\/p>\n","protected":false},"author":6,"featured_media":9732,"comment_status":"open","ping_status":"open","sticky":false,"template":"","format":"standard","meta":{"ngg_post_thumbnail":0,"footnotes":""},"categories":[3],"tags":[],"class_list":["post-9730","post","type-post","status-publish","format-standard","has-post-thumbnail","hentry","category-wydarzenia"],"_links":{"self":[{"href":"https:\/\/marekkuchcinski.pl\/cs\/wp-json\/wp\/v2\/posts\/9730","targetHints":{"allow":["GET"]}}],"collection":[{"href":"https:\/\/marekkuchcinski.pl\/cs\/wp-json\/wp\/v2\/posts"}],"about":[{"href":"https:\/\/marekkuchcinski.pl\/cs\/wp-json\/wp\/v2\/types\/post"}],"author":[{"embeddable":true,"href":"https:\/\/marekkuchcinski.pl\/cs\/wp-json\/wp\/v2\/users\/6"}],"replies":[{"embeddable":true,"href":"https:\/\/marekkuchcinski.pl\/cs\/wp-json\/wp\/v2\/comments?post=9730"}],"version-history":[{"count":2,"href":"https:\/\/marekkuchcinski.pl\/cs\/wp-json\/wp\/v2\/posts\/9730\/revisions"}],"predecessor-version":[{"id":9736,"href":"https:\/\/marekkuchcinski.pl\/cs\/wp-json\/wp\/v2\/posts\/9730\/revisions\/9736"}],"wp:featuredmedia":[{"embeddable":true,"href":"https:\/\/marekkuchcinski.pl\/cs\/wp-json\/wp\/v2\/media\/9732"}],"wp:attachment":[{"href":"https:\/\/marekkuchcinski.pl\/cs\/wp-json\/wp\/v2\/media?parent=9730"}],"wp:term":[{"taxonomy":"category","embeddable":true,"href":"https:\/\/marekkuchcinski.pl\/cs\/wp-json\/wp\/v2\/categories?post=9730"},{"taxonomy":"post_tag","embeddable":true,"href":"https:\/\/marekkuchcinski.pl\/cs\/wp-json\/wp\/v2\/tags?post=9730"}],"curies":[{"name":"wp","href":"https:\/\/api.w.org\/{rel}","templated":true}]}}