{"id":9705,"date":"2018-06-05T21:56:46","date_gmt":"2018-06-05T19:56:46","guid":{"rendered":"https:\/\/marekkuchcinski.pl\/?p=9705"},"modified":"2018-06-14T13:36:04","modified_gmt":"2018-06-14T11:36:04","slug":"marszalek-sejmu-wreczyl-akty-powolania-nowym-czlonkom-trybunalu-stanu","status":"publish","type":"post","link":"https:\/\/marekkuchcinski.pl\/cs\/wydarzenia\/marszalek-sejmu-wreczyl-akty-powolania-nowym-czlonkom-trybunalu-stanu\/","title":{"rendered":"P\u0159edseda Sejmu p\u0159edal jmenovac\u00ed listiny nov\u00fdm \u010dlen\u016fm St\u00e1tn\u00edho tribun\u00e1lu."},"content":{"rendered":"<p><strong>Kandidatury profesora Czes\u0142awa K\u0142aka a Macieje Zaborowsk\u00e9ho, kter\u00e9 z\u00edskaly kladn\u00e9 stanovisko V\u00fdboru pro spravedlnost a lidsk\u00e1 pr\u00e1va Sejmu, byly zvoleny absolutn\u00ed v\u011bt\u0161inou hlas\u016f za p\u0159\u00edtomnosti nejm\u00e9n\u011b poloviny z\u00e1konem stanoven\u00e9ho po\u010dtu poslanc\u016f. Dne 5. \u010dervna p\u0159edal mar\u0161\u00e1lek Sejmu Marek Kuchci\u0144ski jmenovac\u00ed akty pro \u010dleny St\u00e1tn\u00edho tribun\u00e1lu.<\/strong><\/p>\n<p>Prof. Czes\u0142aw K\u0142ak byl navr\u017een stranou Pr\u00e1vo a spravedlnost na m\u00edsto Jaros\u0142awa Wyrembaka, kter\u00fd byl v lednu zvolen do \u00dastavn\u00edho soudu. Je odborn\u00edkem v oblasti trestn\u00edho pr\u00e1va, trestn\u00edho \u0159\u00edzen\u00ed, kriminologie, ochrany lidsk\u00fdch pr\u00e1v a pr\u00e1vn\u00edch aspekt\u016f vnit\u0159n\u00ed bezpe\u010dnosti. Je autorem v\u00edce ne\u017e 140 v\u011bdeck\u00fdch publikac\u00ed, v\u010detn\u011b dvou p\u016fvodn\u00edch monografi\u00ed a v\u011bdeck\u00fdch \u010dl\u00e1nk\u016f. V sou\u010dasn\u00e9 dob\u011b je d\u011bkanem - \u0159editelem Vysok\u00e9 \u0161koly pr\u00e1va a bezpe\u010dnosti a vedouc\u00edm katedry kriminalistiky a kriminologie vnit\u0159n\u00ed bezpe\u010dnosti na Vysok\u00e9 \u0161kole WSPiA Rzesz\u00f3w.<\/p>\n<p>Maciej Zaborowski byl jmenov\u00e1n na m\u00edsto profesora Bogus\u0142awa Banaszaka, kter\u00fd v lednu zem\u0159el.<br \/>\nJe advok\u00e1tem, medi\u00e1torem a soci\u00e1ln\u00edm aktivistou. Vystudoval Pr\u00e1vnickou a spr\u00e1vn\u00ed fakultu Var\u0161avsk\u00e9 univerzity. Je rovn\u011b\u017e absolventem postgradu\u00e1ln\u00edho studia pr\u00e1va du\u0161evn\u00edho vlastnictv\u00ed na Var\u0161avsk\u00e9 univerzit\u011b a pr\u00e1va d\u016fkaz\u016f na Univerzit\u011b kardin\u00e1la Stefana Wyszy\u0144sk\u00e9ho. Vystudoval tak\u00e9 Centrum pro studium americk\u00e9ho pr\u00e1va a Akademii pro vedouc\u00ed pracovn\u00edky v Polsku. V sou\u010dasn\u00e9 dob\u011b p\u00ed\u0161e doktorskou pr\u00e1ci na t\u00e9ma trestn\u00edho pr\u00e1va.<\/p>\n<p><a href=\"https:\/\/marekkuchcinski.pl\/wp-content\/uploads\/2018\/06\/ts1.jpg\"><img fetchpriority=\"high\" decoding=\"async\" class=\"alignnone size-full wp-image-9710\" src=\"https:\/\/marekkuchcinski.pl\/wp-content\/uploads\/2018\/06\/ts1.jpg\" alt=\"ts1\" width=\"4862\" height=\"3241\" srcset=\"https:\/\/marekkuchcinski.pl\/wp-content\/uploads\/2018\/06\/ts1.jpg 2048w, https:\/\/marekkuchcinski.pl\/wp-content\/uploads\/2018\/06\/ts1-300x200.jpg 300w, https:\/\/marekkuchcinski.pl\/wp-content\/uploads\/2018\/06\/ts1-768x512.jpg 768w, https:\/\/marekkuchcinski.pl\/wp-content\/uploads\/2018\/06\/ts1-1024x683.jpg 1024w\" sizes=\"(max-width: 4862px) 100vw, 4862px\" \/><\/a> <a href=\"https:\/\/marekkuchcinski.pl\/wp-content\/uploads\/2018\/06\/ts2.jpg\"><img decoding=\"async\" class=\"alignnone size-full wp-image-9711\" src=\"https:\/\/marekkuchcinski.pl\/wp-content\/uploads\/2018\/06\/ts2.jpg\" alt=\"ts2\" width=\"5059\" height=\"3373\" srcset=\"https:\/\/marekkuchcinski.pl\/wp-content\/uploads\/2018\/06\/ts2.jpg 2048w, https:\/\/marekkuchcinski.pl\/wp-content\/uploads\/2018\/06\/ts2-300x200.jpg 300w, https:\/\/marekkuchcinski.pl\/wp-content\/uploads\/2018\/06\/ts2-768x512.jpg 768w, https:\/\/marekkuchcinski.pl\/wp-content\/uploads\/2018\/06\/ts2-1024x683.jpg 1024w\" sizes=\"(max-width: 5059px) 100vw, 5059px\" \/><\/a><\/p>\n<p>&nbsp;<\/p>","protected":false},"excerpt":{"rendered":"<p>Kandydatury prof. Czes\u0142awa K\u0142aka i Macieja Zaborowskiego pozytywnie zaopiniowane przez sejmow\u0105 komisj\u0119 sprawiedliwo\u015bci i praw cz\u0142owieka Sejm wybra\u0142 bezwzgl\u0119dn\u0105 wi\u0119kszo\u015bci\u0105 g\u0142os\u00f3w w obecno\u015bci co najmniej po\u0142owy ustawowej liczby pos\u0142\u00f3w. 5 czerwca marsza\u0142ek Sejmu Marek Kuchci\u0144ski wr\u0119czy\u0142 akty powo\u0142ania na cz\u0142onk\u00f3w Trybuna\u0142u Stanu. Prof. Czes\u0142aw K\u0142ak zosta\u0142 zg\u0142oszony przez PiS w miejsce Jaros\u0142awa Wyrembaka wybranego w [&hellip;]<\/p>\n","protected":false},"author":6,"featured_media":9709,"comment_status":"open","ping_status":"open","sticky":false,"template":"","format":"standard","meta":{"ngg_post_thumbnail":0,"footnotes":""},"categories":[81,3],"tags":[],"class_list":["post-9705","post","type-post","status-publish","format-standard","has-post-thumbnail","hentry","category-wiesci-z-sejmu","category-wydarzenia"],"_links":{"self":[{"href":"https:\/\/marekkuchcinski.pl\/cs\/wp-json\/wp\/v2\/posts\/9705","targetHints":{"allow":["GET"]}}],"collection":[{"href":"https:\/\/marekkuchcinski.pl\/cs\/wp-json\/wp\/v2\/posts"}],"about":[{"href":"https:\/\/marekkuchcinski.pl\/cs\/wp-json\/wp\/v2\/types\/post"}],"author":[{"embeddable":true,"href":"https:\/\/marekkuchcinski.pl\/cs\/wp-json\/wp\/v2\/users\/6"}],"replies":[{"embeddable":true,"href":"https:\/\/marekkuchcinski.pl\/cs\/wp-json\/wp\/v2\/comments?post=9705"}],"version-history":[{"count":4,"href":"https:\/\/marekkuchcinski.pl\/cs\/wp-json\/wp\/v2\/posts\/9705\/revisions"}],"predecessor-version":[{"id":9712,"href":"https:\/\/marekkuchcinski.pl\/cs\/wp-json\/wp\/v2\/posts\/9705\/revisions\/9712"}],"wp:featuredmedia":[{"embeddable":true,"href":"https:\/\/marekkuchcinski.pl\/cs\/wp-json\/wp\/v2\/media\/9709"}],"wp:attachment":[{"href":"https:\/\/marekkuchcinski.pl\/cs\/wp-json\/wp\/v2\/media?parent=9705"}],"wp:term":[{"taxonomy":"category","embeddable":true,"href":"https:\/\/marekkuchcinski.pl\/cs\/wp-json\/wp\/v2\/categories?post=9705"},{"taxonomy":"post_tag","embeddable":true,"href":"https:\/\/marekkuchcinski.pl\/cs\/wp-json\/wp\/v2\/tags?post=9705"}],"curies":[{"name":"wp","href":"https:\/\/api.w.org\/{rel}","templated":true}]}}