{"id":9678,"date":"2018-06-14T11:14:58","date_gmt":"2018-06-14T09:14:58","guid":{"rendered":"https:\/\/marekkuchcinski.pl\/?p=9678"},"modified":"2018-06-14T12:23:11","modified_gmt":"2018-06-14T10:23:11","slug":"swieto-sluzby-ochrony-panstwa-udzialem-marszalka-sejmu","status":"publish","type":"post","link":"https:\/\/marekkuchcinski.pl\/cs\/wydarzenia\/swieto-sluzby-ochrony-panstwa-udzialem-marszalka-sejmu\/","title":{"rendered":"Oslava st\u00e1tn\u00ed ochrann\u00e9 slu\u017eby za \u00fa\u010dasti p\u0159edsedy Sejmu"},"content":{"rendered":"<p dir=\"ltr\">Cht\u011bl jsem v\u00e1m osobn\u011b pod\u011bkovat, proto\u017ee dnes pat\u0159\u00edm k t\u011bm, kter\u00e9 ka\u017ed\u00fd den chr\u00e1n\u00edte. Jsem si dob\u0159e v\u011bdom, \u017ee je to obt\u00ed\u017en\u00e9. Je to t\u011b\u017ek\u00e9 pro v\u00e1s, kte\u0159\u00ed slou\u017e\u00edte v m\u00e9 p\u0159\u00edm\u00e9 ochran\u011b, ale je to t\u011b\u017ek\u00e9 i pro m\u011b, proto\u017ee nen\u00ed snadn\u00e9 b\u00fdt neust\u00e1le obklopen lidmi, kte\u0159\u00ed maj\u00ed vhled do va\u0161eho soukrom\u00ed,\" \u0159ekl prezident Andrzej Duda b\u011bhem dne\u0161n\u00edch oslav v Belvederu. V \u00fater\u00fd v poledne se sv\u00e1tku SOP krom\u011b hlavy st\u00e1tu z\u00fa\u010dastnili tak\u00e9 p\u0159edseda Sejmu Marek Kuchci\u0144ski, p\u0159edseda Sen\u00e1tu Stanis\u0142aw Karczewski, ministr vnitra a spr\u00e1vy Joachim Brudzi\u0144ski a \u0161\u00e9f \u00da\u0159adu n\u00e1rodn\u00ed bezpe\u010dnosti Pawe\u0142 Soloch. \"V\u0161echno nejlep\u0161\u00ed p\u0159\u00edslu\u0161n\u00edk\u016fm St\u00e1tn\u00ed ochrann\u00e9 slu\u017eby. Zvl\u00e1\u0161tn\u00ed pozdravy cel\u00e9mu m\u00e9mu t\u00fdmu,\" - Marek Kuchci\u0144ski napsal na Twitteru.<\/p>\n<p dir=\"ltr\">B\u011bhem oslav byla ud\u011blena st\u00e1tn\u00ed vyznamen\u00e1n\u00ed - Medaile za dlouholetou slu\u017ebu - zaslou\u017eil\u00fdm d\u016fstojn\u00edk\u016fm, pov\u00fd\u0161en\u00ed do vy\u0161\u0161\u00edch hodnost\u00ed. Prob\u011bhla tak\u00e9 p\u0159\u00edsaha nov\u011b p\u0159ijat\u00fdch d\u016fstojn\u00edk\u016f.<\/p>\n<p dir=\"ltr\">Joachim Brudzi\u0144ski, \u0161\u00e9f ministerstva vnitra a spr\u00e1vy, ve sv\u00e9m projevu zd\u016fraznil, \u017ee \"tento den se jist\u011b zap\u00ed\u0161e do historie, proto\u017ee poprv\u00e9 tento sv\u00e1tek slav\u00ed policist\u00e9 jako slu\u017eba ochrany st\u00e1tu. - M\u00edsto, kde jsme se setkali, tak\u00e9 nen\u00ed n\u00e1hodn\u00e9. Bylo a st\u00e1le je s\u00eddlem nejd\u016fle\u017eit\u011bj\u0161\u00ed osoby v zemi. Dnes slo\u017eila p\u0159\u00edsahu na nov\u00fd prapor prvn\u00ed skupina nov\u011b p\u0159ijat\u00fdch d\u016fstojn\u00edk\u016f. V\u00e1\u017een\u00ed policist\u00e9, od nyn\u011bj\u0161ka v\u00e1s bude doprov\u00e1zet. Je velmi d\u016fle\u017eit\u00e9, aby na n\u011bm byla slova odkazuj\u00edc\u00ed na slu\u017ebu Polsku: B\u016fh, \u010dest, vlast - zd\u016fraznil ministr Brudzi\u0144ski.<\/p>\n<p dir=\"ltr\">B\u011bhem oslav byl p\u0159e\u010dten dopis premi\u00e9ra Mateusze Morawieck\u00e9ho. Premi\u00e9r v n\u011bm poznamenal, \u017ee sv\u00e1tek SOP je v\u00fdjime\u010dnou ud\u00e1lost\u00ed, \"nebo\u0165 jej slav\u00edme s v\u011bdom\u00edm zm\u011bn, kter\u00e9 se odehr\u00e1vaj\u00ed ve va\u0161\u00ed formaci. Uji\u0161\u0165uji v\u0161echny shrom\u00e1\u017ed\u011bn\u00e9 o sv\u00e9 \u00fact\u011b a up\u0159\u00edmn\u00e9 vzpom\u00ednce.\"<\/p>\n<p dir=\"ltr\">Dne 1. \u00fanora vstoupil v platnost z\u00e1kon, kter\u00fdm byla z\u0159\u00edzena St\u00e1tn\u00ed ochrann\u00e1 slu\u017eba nam\u00edsto \u00da\u0159adu pro ochranu vl\u00e1dy. \u00dakoly SOP se neomezuj\u00ed pouze na ochranu VIP osob a nejd\u016fle\u017eit\u011bj\u0161\u00edch objekt\u016f. Nov\u00e1 slu\u017eba m\u00e1 tak\u00e9 za \u00fakol odhalovat a p\u0159edch\u00e1zet trestn\u00fdm \u010din\u016fm, mimo jin\u00e9 proti Polsku, \u017eivotu nebo zdrav\u00ed, ve\u0159ejn\u00e9 bezpe\u010dnosti, bezpe\u010dnosti na komunikac\u00edch, ve\u0159ejn\u00e9mu po\u0159\u00e1dku, \u00fatok\u016fm a aktivn\u00edm \u00fatok\u016fm nam\u00ed\u0159en\u00fdm proti chr\u00e1n\u011bn\u00fdm osob\u00e1m a bezpe\u010dnosti chr\u00e1n\u011bn\u00fdch objekt\u016f.<\/p>\n<p dir=\"ltr\"><em>text: Sejm\/CIS<\/em><\/p>\n<p dir=\"ltr\"><em>foto: P. Kula<\/em><\/p>\n<p><a href=\"https:\/\/marekkuchcinski.pl\/wp-content\/uploads\/2018\/06\/IMG_9648.jpg\"><img fetchpriority=\"high\" decoding=\"async\" class=\"alignnone size-full wp-image-9679\" src=\"https:\/\/marekkuchcinski.pl\/wp-content\/uploads\/2018\/06\/IMG_9648.jpg\" alt=\"IMG_9648\" width=\"4393\" height=\"2589\" srcset=\"https:\/\/marekkuchcinski.pl\/wp-content\/uploads\/2018\/06\/IMG_9648.jpg 2048w, https:\/\/marekkuchcinski.pl\/wp-content\/uploads\/2018\/06\/IMG_9648-300x177.jpg 300w, https:\/\/marekkuchcinski.pl\/wp-content\/uploads\/2018\/06\/IMG_9648-768x453.jpg 768w, https:\/\/marekkuchcinski.pl\/wp-content\/uploads\/2018\/06\/IMG_9648-1024x603.jpg 1024w\" sizes=\"(max-width: 4393px) 100vw, 4393px\" \/><\/a> <a href=\"https:\/\/marekkuchcinski.pl\/wp-content\/uploads\/2018\/06\/IMG_9651.jpg\"><img decoding=\"async\" class=\"alignnone size-full wp-image-9681\" src=\"https:\/\/marekkuchcinski.pl\/wp-content\/uploads\/2018\/06\/IMG_9651.jpg\" alt=\"IMG_9651\" width=\"4168\" height=\"3068\" srcset=\"https:\/\/marekkuchcinski.pl\/wp-content\/uploads\/2018\/06\/IMG_9651.jpg 2048w, https:\/\/marekkuchcinski.pl\/wp-content\/uploads\/2018\/06\/IMG_9651-300x221.jpg 300w, https:\/\/marekkuchcinski.pl\/wp-content\/uploads\/2018\/06\/IMG_9651-768x565.jpg 768w, https:\/\/marekkuchcinski.pl\/wp-content\/uploads\/2018\/06\/IMG_9651-1024x754.jpg 1024w\" sizes=\"(max-width: 4168px) 100vw, 4168px\" \/><\/a> <a href=\"https:\/\/marekkuchcinski.pl\/wp-content\/uploads\/2018\/06\/KU331837.jpg\"><img decoding=\"async\" class=\"alignnone size-full wp-image-9683\" src=\"https:\/\/marekkuchcinski.pl\/wp-content\/uploads\/2018\/06\/KU331837.jpg\" alt=\"KU331837\" width=\"2736\" height=\"1824\" srcset=\"https:\/\/marekkuchcinski.pl\/wp-content\/uploads\/2018\/06\/KU331837.jpg 2048w, https:\/\/marekkuchcinski.pl\/wp-content\/uploads\/2018\/06\/KU331837-300x200.jpg 300w, https:\/\/marekkuchcinski.pl\/wp-content\/uploads\/2018\/06\/KU331837-768x512.jpg 768w, https:\/\/marekkuchcinski.pl\/wp-content\/uploads\/2018\/06\/KU331837-1024x683.jpg 1024w\" sizes=\"(max-width: 2736px) 100vw, 2736px\" \/><\/a> <a href=\"https:\/\/marekkuchcinski.pl\/wp-content\/uploads\/2018\/06\/KU331847.jpg\"><img loading=\"lazy\" decoding=\"async\" class=\"alignnone size-full wp-image-9684\" src=\"https:\/\/marekkuchcinski.pl\/wp-content\/uploads\/2018\/06\/KU331847.jpg\" alt=\"KU331847\" width=\"2736\" height=\"1824\" srcset=\"https:\/\/marekkuchcinski.pl\/wp-content\/uploads\/2018\/06\/KU331847.jpg 2048w, https:\/\/marekkuchcinski.pl\/wp-content\/uploads\/2018\/06\/KU331847-300x200.jpg 300w, https:\/\/marekkuchcinski.pl\/wp-content\/uploads\/2018\/06\/KU331847-768x512.jpg 768w, https:\/\/marekkuchcinski.pl\/wp-content\/uploads\/2018\/06\/KU331847-1024x683.jpg 1024w\" sizes=\"(max-width: 2736px) 100vw, 2736px\" \/><\/a> <a href=\"https:\/\/marekkuchcinski.pl\/wp-content\/uploads\/2018\/06\/KU331921-1.jpg\"><img loading=\"lazy\" decoding=\"async\" class=\"alignnone size-full wp-image-9685\" src=\"https:\/\/marekkuchcinski.pl\/wp-content\/uploads\/2018\/06\/KU331921-1.jpg\" alt=\"KU331921 (1)\" width=\"2736\" height=\"1824\" srcset=\"https:\/\/marekkuchcinski.pl\/wp-content\/uploads\/2018\/06\/KU331921-1.jpg 2048w, https:\/\/marekkuchcinski.pl\/wp-content\/uploads\/2018\/06\/KU331921-1-300x200.jpg 300w, https:\/\/marekkuchcinski.pl\/wp-content\/uploads\/2018\/06\/KU331921-1-768x512.jpg 768w, https:\/\/marekkuchcinski.pl\/wp-content\/uploads\/2018\/06\/KU331921-1-1024x683.jpg 1024w\" sizes=\"(max-width: 2736px) 100vw, 2736px\" \/><\/a> <a href=\"https:\/\/marekkuchcinski.pl\/wp-content\/uploads\/2018\/06\/KU331962.jpg\"><img loading=\"lazy\" decoding=\"async\" class=\"alignnone size-full wp-image-9688\" src=\"https:\/\/marekkuchcinski.pl\/wp-content\/uploads\/2018\/06\/KU331962.jpg\" alt=\"KU331962\" width=\"2736\" height=\"1824\" srcset=\"https:\/\/marekkuchcinski.pl\/wp-content\/uploads\/2018\/06\/KU331962.jpg 2048w, https:\/\/marekkuchcinski.pl\/wp-content\/uploads\/2018\/06\/KU331962-300x200.jpg 300w, https:\/\/marekkuchcinski.pl\/wp-content\/uploads\/2018\/06\/KU331962-768x512.jpg 768w, https:\/\/marekkuchcinski.pl\/wp-content\/uploads\/2018\/06\/KU331962-1024x683.jpg 1024w\" sizes=\"(max-width: 2736px) 100vw, 2736px\" \/><\/a> <a href=\"https:\/\/marekkuchcinski.pl\/wp-content\/uploads\/2018\/06\/KU332034.jpg\"><img loading=\"lazy\" decoding=\"async\" class=\"alignnone size-full wp-image-9689\" src=\"https:\/\/marekkuchcinski.pl\/wp-content\/uploads\/2018\/06\/KU332034.jpg\" alt=\"KU332034\" width=\"2736\" height=\"1824\" srcset=\"https:\/\/marekkuchcinski.pl\/wp-content\/uploads\/2018\/06\/KU332034.jpg 2048w, https:\/\/marekkuchcinski.pl\/wp-content\/uploads\/2018\/06\/KU332034-300x200.jpg 300w, https:\/\/marekkuchcinski.pl\/wp-content\/uploads\/2018\/06\/KU332034-768x512.jpg 768w, https:\/\/marekkuchcinski.pl\/wp-content\/uploads\/2018\/06\/KU332034-1024x683.jpg 1024w\" sizes=\"(max-width: 2736px) 100vw, 2736px\" \/><\/a> <a href=\"https:\/\/marekkuchcinski.pl\/wp-content\/uploads\/2018\/06\/KU332182.jpg\"><img loading=\"lazy\" decoding=\"async\" class=\"alignnone size-full wp-image-9691\" src=\"https:\/\/marekkuchcinski.pl\/wp-content\/uploads\/2018\/06\/KU332182.jpg\" alt=\"KU332182\" width=\"2736\" height=\"1824\" srcset=\"https:\/\/marekkuchcinski.pl\/wp-content\/uploads\/2018\/06\/KU332182.jpg 2048w, https:\/\/marekkuchcinski.pl\/wp-content\/uploads\/2018\/06\/KU332182-300x200.jpg 300w, https:\/\/marekkuchcinski.pl\/wp-content\/uploads\/2018\/06\/KU332182-768x512.jpg 768w, https:\/\/marekkuchcinski.pl\/wp-content\/uploads\/2018\/06\/KU332182-1024x683.jpg 1024w\" sizes=\"(max-width: 2736px) 100vw, 2736px\" \/><\/a> <a href=\"https:\/\/marekkuchcinski.pl\/wp-content\/uploads\/2018\/06\/KU332339.jpg\"><img loading=\"lazy\" decoding=\"async\" class=\"alignnone size-full wp-image-9694\" src=\"https:\/\/marekkuchcinski.pl\/wp-content\/uploads\/2018\/06\/KU332339.jpg\" alt=\"KU332339\" width=\"2736\" height=\"1824\" srcset=\"https:\/\/marekkuchcinski.pl\/wp-content\/uploads\/2018\/06\/KU332339.jpg 2048w, https:\/\/marekkuchcinski.pl\/wp-content\/uploads\/2018\/06\/KU332339-300x200.jpg 300w, https:\/\/marekkuchcinski.pl\/wp-content\/uploads\/2018\/06\/KU332339-768x512.jpg 768w, https:\/\/marekkuchcinski.pl\/wp-content\/uploads\/2018\/06\/KU332339-1024x683.jpg 1024w\" sizes=\"(max-width: 2736px) 100vw, 2736px\" \/><\/a><\/p>","protected":false},"excerpt":{"rendered":"<p>Chcia\u0142em wam podzi\u0119kowa\u0107 osobi\u015bcie, bo dzisiaj nale\u017c\u0119 do tych, kt\u00f3rzy s\u0105 przez was na co dzie\u0144 ochraniani. Dobrze wiem, \u017ce to trudne. Trudne i dla was, kt\u00f3rzy w tej mojej bezpo\u015bredniej ochronie s\u0142u\u017c\u0105, ale trudne tak\u017ce i dla mnie, bo nie jest to \u0142atwe mie\u0107 ca\u0142y czas w swoim otoczeniu ludzi, kt\u00f3rzy maj\u0105 wgl\u0105d w [&hellip;]<\/p>\n","protected":false},"author":6,"featured_media":9704,"comment_status":"open","ping_status":"open","sticky":false,"template":"","format":"standard","meta":{"ngg_post_thumbnail":0,"footnotes":""},"categories":[77,3],"tags":[],"class_list":["post-9678","post","type-post","status-publish","format-standard","has-post-thumbnail","hentry","category-wazne-daty","category-wydarzenia"],"_links":{"self":[{"href":"https:\/\/marekkuchcinski.pl\/cs\/wp-json\/wp\/v2\/posts\/9678","targetHints":{"allow":["GET"]}}],"collection":[{"href":"https:\/\/marekkuchcinski.pl\/cs\/wp-json\/wp\/v2\/posts"}],"about":[{"href":"https:\/\/marekkuchcinski.pl\/cs\/wp-json\/wp\/v2\/types\/post"}],"author":[{"embeddable":true,"href":"https:\/\/marekkuchcinski.pl\/cs\/wp-json\/wp\/v2\/users\/6"}],"replies":[{"embeddable":true,"href":"https:\/\/marekkuchcinski.pl\/cs\/wp-json\/wp\/v2\/comments?post=9678"}],"version-history":[{"count":2,"href":"https:\/\/marekkuchcinski.pl\/cs\/wp-json\/wp\/v2\/posts\/9678\/revisions"}],"predecessor-version":[{"id":9698,"href":"https:\/\/marekkuchcinski.pl\/cs\/wp-json\/wp\/v2\/posts\/9678\/revisions\/9698"}],"wp:featuredmedia":[{"embeddable":true,"href":"https:\/\/marekkuchcinski.pl\/cs\/wp-json\/wp\/v2\/media\/9704"}],"wp:attachment":[{"href":"https:\/\/marekkuchcinski.pl\/cs\/wp-json\/wp\/v2\/media?parent=9678"}],"wp:term":[{"taxonomy":"category","embeddable":true,"href":"https:\/\/marekkuchcinski.pl\/cs\/wp-json\/wp\/v2\/categories?post=9678"},{"taxonomy":"post_tag","embeddable":true,"href":"https:\/\/marekkuchcinski.pl\/cs\/wp-json\/wp\/v2\/tags?post=9678"}],"curies":[{"name":"wp","href":"https:\/\/api.w.org\/{rel}","templated":true}]}}