{"id":9666,"date":"2018-06-08T16:46:49","date_gmt":"2018-06-08T14:46:49","guid":{"rendered":"https:\/\/marekkuchcinski.pl\/?p=9666"},"modified":"2018-06-08T16:46:49","modified_gmt":"2018-06-08T14:46:49","slug":"9-czerwca-marszalek-sejmu-spotka-sie-mieszkancami-ryk-rejowca-fabrycznego","status":"publish","type":"post","link":"https:\/\/marekkuchcinski.pl\/cs\/wydarzenia\/9-czerwca-marszalek-sejmu-spotka-sie-mieszkancami-ryk-rejowca-fabrycznego\/","title":{"rendered":"P\u0159edseda Sejmu se 9. \u010dervna setk\u00e1 s obyvateli obc\u00ed Ryki a Rejowiec Fabryczny."},"content":{"rendered":"<h4 class=\"entry-title\">V r\u00e1mci kampan\u011b \"Polsko je jedno\" se po cel\u00e9m Polsku konaj\u00ed setk\u00e1n\u00ed s poslanci strany Pr\u00e1vo a spravedlnost. V sobotu 9. \u010dervna v\u00e1s zveme na rozhovory s poslancem a p\u0159edsedou Sejmu Polsk\u00e9 republiky Markem Kuchci\u0144sk\u00fdm do Ryk a Rejowce Fabryczn\u00e9ho.<\/h4>\n<p><a href=\"https:\/\/marekkuchcinski.pl\/wp-content\/uploads\/2018\/06\/MMK1-1.jpg\"><img fetchpriority=\"high\" decoding=\"async\" class=\"alignnone size-full wp-image-9667\" src=\"https:\/\/marekkuchcinski.pl\/wp-content\/uploads\/2018\/06\/MMK1-1.jpg\" alt=\"MMK1 (1)\" width=\"2835\" height=\"2004\" srcset=\"https:\/\/marekkuchcinski.pl\/wp-content\/uploads\/2018\/06\/MMK1-1.jpg 2048w, https:\/\/marekkuchcinski.pl\/wp-content\/uploads\/2018\/06\/MMK1-1-300x212.jpg 300w, https:\/\/marekkuchcinski.pl\/wp-content\/uploads\/2018\/06\/MMK1-1-768x543.jpg 768w, https:\/\/marekkuchcinski.pl\/wp-content\/uploads\/2018\/06\/MMK1-1-1024x724.jpg 1024w\" sizes=\"(max-width: 2835px) 100vw, 2835px\" \/><\/a><\/p>","protected":false},"excerpt":{"rendered":"<p>V r\u00e1mci kampan\u011b \"Polsko je jedno\" se po cel\u00e9m Polsku konaj\u00ed setk\u00e1n\u00ed s poslanci strany Pr\u00e1vo a spravedlnost. V sobotu 9. \u010dervna v\u00e1s zveme na rozhovory s poslancem a p\u0159edsedou Sejmu Polsk\u00e9 republiky Markem Kuchci\u0144sk\u00fdm do Ryk a Rejowce Fabryczn\u00e9ho.<\/p>","protected":false},"author":6,"featured_media":9667,"comment_status":"open","ping_status":"open","sticky":false,"template":"","format":"standard","meta":{"ngg_post_thumbnail":0,"footnotes":""},"categories":[82,3],"tags":[],"class_list":["post-9666","post","type-post","status-publish","format-standard","has-post-thumbnail","hentry","category-prawo-i-sprawiedliwosc","category-wydarzenia"],"_links":{"self":[{"href":"https:\/\/marekkuchcinski.pl\/cs\/wp-json\/wp\/v2\/posts\/9666","targetHints":{"allow":["GET"]}}],"collection":[{"href":"https:\/\/marekkuchcinski.pl\/cs\/wp-json\/wp\/v2\/posts"}],"about":[{"href":"https:\/\/marekkuchcinski.pl\/cs\/wp-json\/wp\/v2\/types\/post"}],"author":[{"embeddable":true,"href":"https:\/\/marekkuchcinski.pl\/cs\/wp-json\/wp\/v2\/users\/6"}],"replies":[{"embeddable":true,"href":"https:\/\/marekkuchcinski.pl\/cs\/wp-json\/wp\/v2\/comments?post=9666"}],"version-history":[{"count":1,"href":"https:\/\/marekkuchcinski.pl\/cs\/wp-json\/wp\/v2\/posts\/9666\/revisions"}],"predecessor-version":[{"id":9668,"href":"https:\/\/marekkuchcinski.pl\/cs\/wp-json\/wp\/v2\/posts\/9666\/revisions\/9668"}],"wp:featuredmedia":[{"embeddable":true,"href":"https:\/\/marekkuchcinski.pl\/cs\/wp-json\/wp\/v2\/media\/9667"}],"wp:attachment":[{"href":"https:\/\/marekkuchcinski.pl\/cs\/wp-json\/wp\/v2\/media?parent=9666"}],"wp:term":[{"taxonomy":"category","embeddable":true,"href":"https:\/\/marekkuchcinski.pl\/cs\/wp-json\/wp\/v2\/categories?post=9666"},{"taxonomy":"post_tag","embeddable":true,"href":"https:\/\/marekkuchcinski.pl\/cs\/wp-json\/wp\/v2\/tags?post=9666"}],"curies":[{"name":"wp","href":"https:\/\/api.w.org\/{rel}","templated":true}]}}