{"id":9662,"date":"2018-06-08T15:17:34","date_gmt":"2018-06-08T13:17:34","guid":{"rendered":"https:\/\/marekkuchcinski.pl\/?p=9662"},"modified":"2019-04-17T16:35:17","modified_gmt":"2019-04-17T14:35:17","slug":"via-carpatia-wpisana-projektu-rozporzadzenia-cef","status":"publish","type":"post","link":"https:\/\/marekkuchcinski.pl\/cs\/wydarzenia\/via-carpatia-wpisana-projektu-rozporzadzenia-cef\/","title":{"rendered":"Via Carpatia zahrnuta do n\u00e1vrhu na\u0159\u00edzen\u00ed o CEF"},"content":{"rendered":"<div class=\"view-news-zajawka\">\n<blockquote><p>- Za\u0159azen\u00ed trasy Via Carpatia do n\u00e1vrhu na\u0159\u00edzen\u00ed o programu CEF (N\u00e1stroj pro propojen\u00ed Evropy) je pro Polsko velmi dobrou zpr\u00e1vou. Polsk\u00e1 vl\u00e1da m\u00e1 p\u0159ed sebou je\u0161t\u011b mnoho pr\u00e1ce, jedn\u00e1n\u00ed a \u00fasil\u00ed, ale ji\u017e dnes vid\u00edme, \u017ee na\u0161e snaha o vytvo\u0159en\u00ed trasy, kter\u00e1 propoj\u00ed severn\u00ed a ji\u017en\u00ed Evropu a z\u00e1rove\u0148 aktivizuje jej\u00ed v\u00fdchodn\u00ed \u010d\u00e1st, byla zaznamen\u00e1na. R\u00e1d bych pod\u011bkoval na\u0161im partner\u016fm z Evropsk\u00e9 komise, ale tak\u00e9 v\u0161em poslanc\u016fm a europoslanc\u016fm, kte\u0159\u00ed se na tomto projektu pod\u00edlej\u00ed. Zejm\u00e9na bych cht\u011bl pod\u011bkovat p\u0159edsedovi Sejmu Marku Kuchci\u0144sk\u00e9mu a poslanci Evropsk\u00e9ho parlamentu Tomaszi Por\u0119b\u011b,\" \u0159ekl ministr infrastruktury Andrzej Adamczyk.<\/p><\/blockquote>\n<\/div>\n<div class=\"view-news-content\">\n<p>6. \u010dervna 2018.  Evropsk\u00e1 komise zve\u0159ejnila n\u00e1vrh nov\u00e9ho na\u0159\u00edzen\u00ed o N\u00e1stroji pro propojen\u00ed Evropy, v n\u011bm\u017e je koridor Via Carpatia za\u0159azen do p\u0159\u00edlohy I, kter\u00e1 mimo jin\u00e9 vymezuje trasu vybran\u00fdch \u00fasek\u016f dopl\u0148kov\u00e9 s\u00edt\u011b TEN-T.<\/p>\n<blockquote><p>- Za\u0159azen\u00ed koridoru trasy Via Carpatia do n\u00e1vrhu na\u0159\u00edzen\u00ed o N\u00e1stroji pro propojen\u00ed Evropy je dal\u0161\u00edm d\u016fkazem, \u017ee spolupr\u00e1ce s na\u0161imi evropsk\u00fdmi partnery je \u00fasp\u011b\u0161n\u00e1. Pokud jsou v\u011bcn\u00e9 argumenty p\u0159edlo\u017eeny spr\u00e1vn\u00fdm zp\u016fsobem, je mo\u017en\u00e9 dos\u00e1hnout shody. P\u0159\u00edkladem je hlasov\u00e1n\u00ed ve V\u00fdboru pro dopravu a cestovn\u00ed ruch Evropsk\u00e9ho parlamentu, kter\u00fd rozhodl o vyn\u011bt\u00ed mezin\u00e1rodn\u00ed dopravy ze sm\u011brnice o vys\u00edl\u00e1n\u00ed pracovn\u00edk\u016f. St\u00e1le existuj\u00ed oblasti, v nich\u017e hled\u00e1me shodu, ale ji\u017e nyn\u00ed vid\u00edme zelenou pro zohledn\u011bn\u00ed argument\u016f nejen polsk\u00fdch podnikatel\u016f, ale i dopravc\u016f z mnoha dal\u0161\u00edch evropsk\u00fdch zem\u00ed - zd\u016fraznil ministr Adamczyk.<\/p><\/blockquote>\n<p>Via Carpatia je pro Polsko prioritou v oblasti infrastruktury. Na realizaci cel\u00e9 trasy ji\u017e byly zaji\u0161t\u011bny finan\u010dn\u00ed prost\u0159edky. Na polsk\u00e9m \u00fazem\u00ed vede trasa Via Carpatia: S61 na \u00faseku st\u00e1tn\u00ed hranice - August\u00f3w - E\u0142k, S16 na \u00faseku E\u0142k - Knyszyn a S19 Knyszyn - Dobrzyniewo Du\u017ce - Choroszcz - Siemiatycze - S12 (Lublin Rudnik), S12 (Lublin S\u0142awinek) - Nisko - A4 (Rzesz\u00f3w Wsch\u00f3d), A4 (Rzesz\u00f3w Zach\u00f3d) - Barwinek - st\u00e1tn\u00ed hranice. D\u00e9lka polsk\u00e9 \u010d\u00e1sti trasy je celkem 1533 km (v\u010detn\u011b odbo\u010dek sm\u011brem k baltsk\u00fdm p\u0159\u00edstav\u016fm a k hranic\u00edm s Ukrajinou, tj. silnic S12 a S17).<\/p>\n<blockquote><p>- My\u0161lenku vybudovat trasu Via Carpatia inicioval v roce 2006 prezident Lech Kaczy\u0144ski. Dnes se formuje a prom\u00edt\u00e1 do konkr\u00e9tn\u00edch mezivl\u00e1dn\u00edch a unijn\u00edch dokument\u016f d\u00edky odhodl\u00e1n\u00ed lid\u00ed, pro kter\u00e9 je strategick\u00fdm po\u010dinem vedouc\u00edm k hospod\u00e1\u0159sk\u00e9mu rozvoji na\u0161\u00ed zem\u011b - dodal ministr infrastruktury.<\/p><\/blockquote>\n<p>Via Carpatia je kl\u00ed\u010dov\u00fdm transevropsk\u00fdm dopravn\u00edm koridorem, kter\u00fd se m\u016f\u017ee st\u00e1t nov\u00fdm spojen\u00edm mezi severem a jihem Evropy a propojit dopravn\u00ed syst\u00e9my Litvy, Polska, Slovenska, Ukrajiny, Ma\u010farska, Rumunska, Bulharska, \u0158ecka a Turecka. V\u00fdhody plynouc\u00ed z realizace t\u00e9to investice budou mimo jin\u00e9 zahrnovat zapojen\u00ed m\u00e9n\u011b rozvinut\u00fdch region\u016f do hlavn\u00edho proudu mezin\u00e1rodn\u00ed v\u00fdm\u011bny a vyu\u017eit\u00ed jejich rozvojov\u00e9ho potenci\u00e1lu. Krom\u011b toho Via Carpatia vytvo\u0159\u00ed mo\u017enost otev\u0159\u00edt se dal\u0161\u00edm zem\u00edm v r\u00e1mci EU i mimo ni, jako jsou balk\u00e1nsk\u00e9 zem\u011b (nap\u0159. Srbsko, Bosna a Hercegovina, Chorvatsko). Realizace trasy vytvo\u0159\u00ed dal\u0161\u00ed p\u0159\u00edle\u017eitosti pro um\u00edst\u011bn\u00ed dopravn\u00edch termin\u00e1l\u016f a logistick\u00fdch center v Polsku. D\u00edky za\u0159azen\u00ed trasy vedouc\u00ed z Lublinu p\u0159es Var\u0161avu do Trojm\u011bst\u00ed do trasy Via Carpatia se vytvo\u0159\u00ed podm\u00ednky pro rozvoj p\u0159\u00edstav\u016f v Gda\u0148sku a Gdyni.<\/p>\n<p><em>Ministerstvo infrastruktury&nbsp;<\/em><\/p>\n<p><em>https:\/\/mi.gov.pl\/2-514324a4ec938-1798419-p_1.htm<\/em><\/p>\n<p><a href=\"https:\/\/marekkuchcinski.pl\/wp-content\/uploads\/2018\/06\/ViaCarpatiaPLBiH.jpg\"><img fetchpriority=\"high\" decoding=\"async\" class=\"alignnone size-full wp-image-9663\" src=\"https:\/\/marekkuchcinski.pl\/wp-content\/uploads\/2018\/06\/ViaCarpatiaPLBiH.jpg\" alt=\"ViaCarpatiaPLBiH\" width=\"2125\" height=\"3306\" srcset=\"https:\/\/marekkuchcinski.pl\/wp-content\/uploads\/2018\/06\/ViaCarpatiaPLBiH.jpg 1316w, https:\/\/marekkuchcinski.pl\/wp-content\/uploads\/2018\/06\/ViaCarpatiaPLBiH-193x300.jpg 193w, https:\/\/marekkuchcinski.pl\/wp-content\/uploads\/2018\/06\/ViaCarpatiaPLBiH-768x1195.jpg 768w, https:\/\/marekkuchcinski.pl\/wp-content\/uploads\/2018\/06\/ViaCarpatiaPLBiH-658x1024.jpg 658w\" sizes=\"(max-width: 2125px) 100vw, 2125px\" \/><\/a><\/p>\n<\/div>","protected":false},"excerpt":{"rendered":"<p>&#8211; Wpisanie trasy Via Carpatia do projektu rozporz\u0105dzenia w sprawie programu CEF (Connecting Europe Facility &#8211; \u0141\u0105cz\u0105c Europ\u0119) to bardzo dobra wiadomo\u015b\u0107 dla Polski. Przed polskim rz\u0105dem&nbsp; jeszcze wiele pracy, negocjacji i stara\u0144, ale ju\u017c dzi\u015b widzimy, \u017ce zosta\u0142y dostrze\u017cone nasze starania o to, aby powsta\u0142a trasa, kt\u00f3ra po\u0142\u0105czy p\u00f3\u0142nocn\u0105 i po\u0142udniow\u0105 Europ\u0119, jednocze\u015bnie aktywizuj\u0105c [&hellip;]<\/p>\n","protected":false},"author":6,"featured_media":9664,"comment_status":"open","ping_status":"open","sticky":false,"template":"","format":"standard","meta":{"ngg_post_thumbnail":0,"footnotes":""},"categories":[49,82,3],"tags":[],"class_list":["post-9662","post","type-post","status-publish","format-standard","has-post-thumbnail","hentry","category-podkarpacie","category-prawo-i-sprawiedliwosc","category-wydarzenia"],"_links":{"self":[{"href":"https:\/\/marekkuchcinski.pl\/cs\/wp-json\/wp\/v2\/posts\/9662","targetHints":{"allow":["GET"]}}],"collection":[{"href":"https:\/\/marekkuchcinski.pl\/cs\/wp-json\/wp\/v2\/posts"}],"about":[{"href":"https:\/\/marekkuchcinski.pl\/cs\/wp-json\/wp\/v2\/types\/post"}],"author":[{"embeddable":true,"href":"https:\/\/marekkuchcinski.pl\/cs\/wp-json\/wp\/v2\/users\/6"}],"replies":[{"embeddable":true,"href":"https:\/\/marekkuchcinski.pl\/cs\/wp-json\/wp\/v2\/comments?post=9662"}],"version-history":[{"count":2,"href":"https:\/\/marekkuchcinski.pl\/cs\/wp-json\/wp\/v2\/posts\/9662\/revisions"}],"predecessor-version":[{"id":14950,"href":"https:\/\/marekkuchcinski.pl\/cs\/wp-json\/wp\/v2\/posts\/9662\/revisions\/14950"}],"wp:featuredmedia":[{"embeddable":true,"href":"https:\/\/marekkuchcinski.pl\/cs\/wp-json\/wp\/v2\/media\/9664"}],"wp:attachment":[{"href":"https:\/\/marekkuchcinski.pl\/cs\/wp-json\/wp\/v2\/media?parent=9662"}],"wp:term":[{"taxonomy":"category","embeddable":true,"href":"https:\/\/marekkuchcinski.pl\/cs\/wp-json\/wp\/v2\/categories?post=9662"},{"taxonomy":"post_tag","embeddable":true,"href":"https:\/\/marekkuchcinski.pl\/cs\/wp-json\/wp\/v2\/tags?post=9662"}],"curies":[{"name":"wp","href":"https:\/\/api.w.org\/{rel}","templated":true}]}}