{"id":9650,"date":"2018-06-08T12:39:27","date_gmt":"2018-06-08T10:39:27","guid":{"rendered":"https:\/\/marekkuchcinski.pl\/?p=9650"},"modified":"2018-06-08T12:39:44","modified_gmt":"2018-06-08T10:39:44","slug":"podsumowanie-63-posiedzenia-sejmu","status":"publish","type":"post","link":"https:\/\/marekkuchcinski.pl\/cs\/wydarzenia\/podsumowanie-63-posiedzenia-sejmu\/","title":{"rendered":"Shrnut\u00ed 63. zased\u00e1n\u00ed Sejmu"},"content":{"rendered":"<p dir=\"ltr\">Na 63. sch\u016fzi p\u0159ijal Sejm 21 z\u00e1kon\u016f. Odm\u00edtla tak\u00e9<strong>\u00a0hlasov\u00e1n\u00ed o ned\u016fv\u011b\u0159e \u0161\u00e9fce soci\u00e1ln\u00edho v\u00fdboru Rady ministr\u016f Beat\u011b Szyd\u0142o a ministryni pro rodinu, pr\u00e1ci a soci\u00e1ln\u00ed politiku El\u017cbiet\u011b Rafalsk\u00e9.<\/strong><\/p>\n<p dir=\"ltr\">Nov\u00fd z\u00e1kon o bioslo\u017ek\u00e1ch a biopalivech po\u010d\u00edt\u00e1 s vytvo\u0159en\u00edm Fondu pro n\u00edzkoemisn\u00ed dopravu (LETF) a zaveden\u00edm poplatku za emise, z n\u011bho\u017e se budou financovat\u00a0<u><strong>projekty t\u00fdkaj\u00edc\u00ed se mimo jin\u00e9 rozvoje elektromobility v Polsku.<\/strong><\/u>. Prost\u0159edky z poplatku maj\u00ed j\u00edt do St\u00e1tn\u00edho fondu pro ochranu \u017eivotn\u00edho prost\u0159ed\u00ed a vodn\u00ed hospod\u00e1\u0159stv\u00ed v 85 % a v 15 %. - do FNT.\u00a0<u><strong>Z\u00e1kon tak\u00e9 umo\u017en\u00ed m\u00edstn\u00edm samospr\u00e1v\u00e1m vytv\u00e1\u0159et ve m\u011bstech z\u00f3ny \u010dist\u00e9 dopravy.<\/strong><\/u>do kter\u00fdch m\u016f\u017ee b\u00fdt omezen vjezd vozidel s konven\u010dn\u00edm pohonem.<\/p>\n<p dir=\"ltr\">Sejm pozm\u011bnil n\u00e1vrh z\u00e1kona o odveden\u00ed vody z Viselsk\u00e9 kose, kter\u00fd byl upraven podle platn\u00fdch ustanoven\u00ed vodn\u00edho z\u00e1kona. Podle zm\u011bn jsou za vyd\u00e1v\u00e1n\u00ed povolen\u00ed a vodopr\u00e1vn\u00edch povolen\u00ed odpov\u011bdn\u00e9 polsk\u00e9 vodn\u00ed \u00fa\u0159ady, nikoli mar\u0161\u00e1lov\u00e9 vojvodstv\u00ed.\u00a0<strong><u>P\u0159echod p\u0159es Viselskou kosu m\u00e1 b\u00fdt vybudov\u00e1n v Nov\u00e9m Sv\u011bt\u011b a m\u00e1 umo\u017enit vplut\u00ed plavidel s ponorem do 4 metr\u016f do p\u0159\u00edstavu Elbl\u0105g.<\/u>.<\/strong>\u00a0Kan\u00e1lem budou moci proplouvat lod\u011b dlouh\u00e9 100 metr\u016f a \u0161irok\u00e9 20 metr\u016f.<\/p>\n<p dir=\"ltr\">Poslanci Evropsk\u00e9ho parlamentu hlasovali pro novelu z\u00e1kona o ve\u0159ejn\u00fdch financ\u00edch, kter\u00e1 zlep\u0161uje<strong>\u00a0<u>slad\u011bn\u00ed polsk\u00e9ho pr\u00e1va s finan\u010dn\u00ed sm\u011brnic\u00ed EU z roku 2011.<\/u><\/strong><u>.<\/u>\u00a0V souladu s po\u017eadavky sm\u011brnice ukl\u00e1d\u00e1 n\u00e1vrh z\u00e1kona mimo jin\u00e9 povinnost uv\u00e1d\u011bt v d\u016fvodov\u00e9 zpr\u00e1v\u011b k n\u00e1vrhu z\u00e1kona o st\u00e1tn\u00edm rozpo\u010dtu \u00fadaje o saldu ve\u0159ejn\u00fdch financ\u00ed a dluhu podle metodiky, kterou pou\u017e\u00edvaj\u00ed \u010dlensk\u00e9 st\u00e1ty EU pro vykazov\u00e1n\u00ed statistick\u00fdch \u00fadaj\u016f Evropsk\u00e9 komisi a Evropsk\u00e9mu statistick\u00e9mu \u00fa\u0159adu.<\/p>\n<p dir=\"ltr\">Poslanci schv\u00e1lili novelu z\u00e1kona o ve\u0159ejn\u011b prosp\u011b\u0161n\u00fdch \u010dinnostech a dobrovolnictv\u00ed\u00a0<strong><u>se zvy\u0161uje z 50 % na 80 %.<\/u>.<\/strong>\u00a0mo\u017enou hodnotu poskytnut\u00e9 dotace. Podle n\u00e1zoru Rady ministr\u016f umo\u017en\u00ed zaveden\u00e9 \u0159e\u0161en\u00ed zlep\u0161it pln\u011bn\u00ed \u00fakol\u016f d\u016fle\u017eit\u00fdch z d\u016fvodu<strong>\u00a0<u>v d\u016fle\u017eit\u00e9m ve\u0159ejn\u00e9m z\u00e1jmu, d\u016fle\u017eit\u00e9m spole\u010densk\u00e9m z\u00e1jmu nebo v z\u00e1jmu ochrany lidsk\u00e9ho \u017eivota nebo zdrav\u00ed.<\/u>.<\/strong><\/p>\n<p dir=\"ltr\">Sejm schv\u00e1lil novelu z\u00e1kona o silni\u010dn\u00ed doprav\u011b, kter\u00e1 p\u0159izp\u016fsobuje polsk\u00e9 pr\u00e1vo p\u0159edpis\u016fm EU. Novela stanov\u00ed<u>\u00a0<strong>lep\u0161\u00ed dohled nad polsk\u00fdm trhem n\u00e1kladn\u00ed dopravy a odstran\u011bn\u00ed nekal\u00e9 konkurence mezi dopravci a v\u011bt\u0161\u00ed ochrana vnit\u0159n\u00edho trhu p\u0159ed nekalou konkurenc\u00ed ze strany dopravc\u016f ze zem\u00ed mimo EU.<\/strong><\/u>. P\u0159edlo\u017een\u00e9 n\u00e1vrhy uv\u00e1d\u011bj\u00ed polsk\u00e9 pr\u00e1vo do souladu s \u0159e\u0161en\u00edmi EU.<\/p>\n<p dir=\"ltr\"><u><strong>Povolen\u00ed n\u00e1roku na vlastnictv\u00ed u obydl\u00ed postaven\u00fdch p\u0159ed rokem 1995.<\/strong><\/u>S takovou mo\u017enost\u00ed po\u010d\u00edt\u00e1 novela z\u00e1kona o vlastnictv\u00ed byt\u016f, kterou schv\u00e1lil Sejm. Zaveden\u00e9 zm\u011bny maj\u00ed odstranit pr\u00e1vn\u00ed mezeru, kter\u00e1 vznikla po vstupu z\u00e1kona o n\u00e1rodn\u00edm majetku v platnost.<\/p>\n<p dir=\"ltr\">Nov\u00fd z\u00e1kon o\u00a0<strong><u>tachografy pou\u017e\u00edvan\u00e9 v silni\u010dn\u00ed doprav\u011b s c\u00edlem zlep\u0161it bezpe\u010dnost syst\u00e9mu, zv\u00fd\u0161it \u00fa\u010dinnost jeho kontroly a prosazov\u00e1n\u00ed soci\u00e1ln\u00edch pr\u00e1vn\u00edch p\u0159edpis\u016f v silni\u010dn\u00ed doprav\u011b.<\/u>.<\/strong>\u00a0C\u00edlem z\u00e1kona je rovn\u011b\u017e zv\u00fd\u0161it bezpe\u010dnost syst\u00e9mu tachograf\u016f omezen\u00edm manipulace s \u00fadaji zaznamenan\u00fdmi za\u0159\u00edzen\u00edm a zv\u00fd\u0161it spolehlivost d\u00edlen prov\u00e1d\u011bj\u00edc\u00edch instalace, opravy, kontroly a inspekce tachograf\u016f.<\/p>\n<p dir=\"ltr\">Zm\u011bna z\u00e1kona o<strong>\u00a0<u>investice do plynov\u00e9ho p\u0159\u00edstavu \u015awinouj\u015bcie<\/u><\/strong>kter\u00fd sn\u011bmovna ve st\u0159edu schv\u00e1lila, m\u00e1 za c\u00edl\u00a0<u><strong>zlep\u0161en\u00ed rozvoje plynov\u00e9ho p\u0159\u00edstavu a napojen\u00ed Polska na plynov\u00e1 pole v norsk\u00e9m kontinent\u00e1ln\u00edm \u0161elfu.<\/strong><\/u>. Proveden\u00e9 zm\u011bny souvisej\u00ed s pl\u00e1ny na roz\u0161\u00ed\u0159en\u00ed termin\u00e1lu ve \u015awinouj\u015bcie a s v\u00fdstavbou p\u0159enosov\u00fdch prvk\u016f v Polsku a plynovodu Baltic Pipe.<\/p>\n<p dir=\"ltr\">Poslanci p\u0159ijali novelu z\u00e1kona o obnoviteln\u00fdch zdroj\u00edch energie. Jej\u00edm c\u00edlem je zajistit pln\u00fd soulad z\u00e1kona ze dne 20. \u00fanora 2015 s pravidly o st\u00e1tn\u00ed podpo\u0159e, k jejich\u017e dodr\u017eov\u00e1n\u00ed se polsk\u00e1 strana zav\u00e1zala Evropsk\u00e9 komisi. O\u010dek\u00e1v\u00e1 se, \u017ee z\u00e1kon p\u0159isp\u011bje k\u00a0<u><strong>efektivn\u00ed vyu\u017e\u00edv\u00e1n\u00ed obnoviteln\u00fdch zdroj\u016f energie (OZE), jako\u017e i v\u011bt\u0161\u00ed vyu\u017e\u00edv\u00e1n\u00ed vedlej\u0161\u00edch produkt\u016f ze zem\u011bd\u011blstv\u00ed a pr\u016fmyslu vyu\u017e\u00edvaj\u00edc\u00edho zem\u011bd\u011blsk\u00e9 suroviny pro energetick\u00e9 \u00fa\u010dely.<\/strong><\/u><\/p>\n<p dir=\"ltr\">Sejm novelizoval z\u00e1kon o l\u00e9\u010divech, jeho\u017e c\u00edlem je l\u00e9pe chr\u00e1nit ve\u0159ejn\u00e9 zdrav\u00ed pos\u00edlen\u00edm syst\u00e9mu dohledu nad v\u00fdrobou l\u00e9\u010div\u00fdch p\u0159\u00edpravk\u016f a obchodem s nimi,\u00a0<strong><u>omezit v\u00fdvoz l\u00e9k\u016f do zahrani\u010d\u00ed, aby se zv\u00fd\u0161ila jejich dostupnost pro pacienty v Polsku.<\/u>\u00a0<\/strong>a lep\u0161\u00ed p\u0159\u00edstup k nov\u00fdm l\u00e9k\u016fm.<\/p>\n<p dir=\"ltr\">Poslanci tak\u00e9 novelizovali z\u00e1kon o N\u00e1rodn\u00edm institutu svobody - Centru pro rozvoj ob\u010dansk\u00e9 spole\u010dnosti, kter\u00fd poskytne finan\u010dn\u00ed prost\u0159edky na syst\u00e9mov\u00e9 a organiza\u010dn\u00ed zm\u011bny institutu a umo\u017en\u00ed \u00fapravu budovy pro jeho s\u00eddlo.<\/p>\n<p dir=\"ltr\">Sejm dal souhlas k ratifikaci Smlouvy mezi Polskou republikou a Tureckou republikou o soci\u00e1ln\u00edm zabezpe\u010den\u00ed prezidentem republiky. C\u00edlem dohody je vy\u0159e\u0161it v\u00fdznamn\u00e9 probl\u00e9my ob\u010dan\u016f obou zem\u00ed v oblasti soci\u00e1ln\u00edho zabezpe\u010den\u00ed a tak\u00e9 vytvo\u0159it lep\u0161\u00ed podm\u00ednky pro rozvoj polsko-tureck\u00e9 hospod\u00e1\u0159sk\u00e9 spolupr\u00e1ce. Sn\u011bmovna rovn\u011b\u017e souhlasila s ratifikac\u00ed Dohody o spolupr\u00e1ci v oblasti partnerstv\u00ed a rozvoje mezi Evropskou uni\u00ed a Isl\u00e1mskou republikou Afgh\u00e1nist\u00e1n prezidentem. Sejm rovn\u011b\u017e vyslovil souhlas s ratifikac\u00ed Komplexn\u00ed a pos\u00edlen\u00e9 dohody o partnerstv\u00ed mezi Evropskou uni\u00ed a Evropsk\u00fdm spole\u010denstv\u00edm pro atomovou energii a Arm\u00e9nskou republikou prezidentem. C\u00edlem dohody je pos\u00edlit politickou a obchodn\u00ed spolupr\u00e1ci mezi EU a Jerevanem.<\/p>\n<p dir=\"ltr\">Z\u00e1kon o odborech byl novelizov\u00e1n. C\u00edlem z\u00e1kona je mimo jin\u00e9 prov\u00e9st rozsudek \u00dastavn\u00edho soudu ze dne 2. \u010dervna 2015 roz\u0161\u00ed\u0159en\u00edm subjektivn\u00edho rozsahu pr\u00e1va zakl\u00e1dat odbory a vstupovat do nich.\u00a0<u><strong>Novela zav\u00e1d\u00ed tzv. odborovou koalici, tedy mo\u017enost \"zam\u011bstnanc\u016f a osob poskytuj\u00edc\u00edch pr\u00e1ci za \u00faplatu na z\u00e1klad\u011b jin\u00e9ho ne\u017e pracovn\u00edho pom\u011bru\" zakl\u00e1dat odborov\u00e9 organizace a vstupovat do nich. To se t\u00fdk\u00e1 zejm\u00e9na osob vykon\u00e1vaj\u00edc\u00edch pr\u00e1ci na z\u00e1klad\u011b ob\u010danskopr\u00e1vn\u00edch smluv.<\/strong><\/u><\/p>\n<p dir=\"ltr\">Sejm p\u0159ijal z\u00e1kon o d\u011bdick\u00e9m \u0159\u00edzen\u00ed podniku fyzick\u00e9 osoby.\u00a0<u><strong>Z\u00e1kon umo\u017en\u00ed \u017eivnostn\u00edk\u016fm bezprobl\u00e9mov\u00e9 fungov\u00e1n\u00ed i po smrti jejich majitel\u016f.<\/strong><\/u>. Jedno\u010dlenn\u00e1 spole\u010dnost je nejobl\u00edben\u011bj\u0161\u00ed formou podnik\u00e1n\u00ed - tyto subjekty tvo\u0159\u00ed p\u0159ibli\u017en\u011b 80 % polsk\u00fdch podnikatel\u016f.<\/p>\n<p dir=\"ltr\">Sejm vyslovil souhlas s ratifikac\u00ed dohody o z\u0159\u00edzen\u00ed Evropsk\u00e9 laborato\u0159e molekul\u00e1rn\u00ed biologie prezidentem, kter\u00e1 umo\u017en\u00ed polsk\u00fdm v\u011bdc\u016fm pln\u011b vyu\u017e\u00edvat v\u00fdzkumnou infrastrukturu EMBL. Nap\u0159\u00edklad zam\u011bstn\u00e1n\u00ed ve struktur\u00e1ch t\u00e9to organizace.<\/p>\n<p dir=\"ltr\">Sn\u011bmovna v bloku hlasov\u00e1n\u00ed p\u0159ijala bal\u00ed\u010dek z\u00e1kon\u016f t\u00fdkaj\u00edc\u00edch se jednostrann\u00e9ho vypov\u011bzen\u00ed dohod o podpo\u0159e a vz\u00e1jemn\u00e9 ochran\u011b investic mezi Polskou republikou a \u010ceskou republikou. \u0158eck\u00e1 republika, \u0160pan\u011blsk\u00e9 kr\u00e1lovstv\u00ed, vl\u00e1da Finsk\u00e9 republiky, Spolkov\u00e1 republika N\u011bmecko, vl\u00e1da Bulharsk\u00e9 republiky, vl\u00e1da Spojen\u00e9ho kr\u00e1lovstv\u00ed Velk\u00e9 Brit\u00e1nie a Severn\u00edho Irska, Rakousk\u00e1 republika, Litevsk\u00e1 republika, Chorvatsk\u00e1 republika, Ma\u010farsk\u00e1 republika, vl\u00e1da \u0160v\u00e9dsk\u00e9ho kr\u00e1lovstv\u00ed a vl\u00e1da Loty\u0161sk\u00e9 republiky. St\u00e1vaj\u00edc\u00ed dohody jsou napad\u00e1ny Evropskou komis\u00ed z d\u016fvodu jejich neslu\u010ditelnosti s pr\u00e1vem EU.<\/p>\n<p dir=\"ltr\">Sejm p\u0159ijal aklamac\u00ed rezoluci k 200. v\u00fdro\u010d\u00ed \u00famrt\u00ed prezidenta Franti\u0161ka Josefa II.\u00a0<u><strong>Gener\u00e1l Jan Henryk D\u0105browski, vynikaj\u00edc\u00ed vojensk\u00fd velitel. Byl zakladatelem polsk\u00fdch legi\u00ed v It\u00e1lii, \u00fa\u010dastn\u00edkem Ko\u015bciuszkova povst\u00e1n\u00ed a gener\u00e1lem arm\u00e1dy Var\u0161avsk\u00e9ho kn\u00ed\u017eectv\u00ed.<\/strong><\/u>. Zem\u0159el 6. \u010dervna 1818 ve Winn\u00e9 Ho\u0159e. Jak auto\u0159i n\u00e1vrhu rezoluce zd\u016fraznili, z\u00e1sluhy gener\u00e1la D\u0105browsk\u00e9ho jako zakladatele Legion\u016f \"zp\u016fsobily n\u00e1vrat polsk\u00e9 v\u011bci na mezin\u00e1rodn\u00ed sc\u00e9nu. Bylo tak\u00e9 p\u0159ipomenuto, \u017ee \"P\u00edse\u0148 o polsk\u00fdch legi\u00edch v It\u00e1lii\", kterou slo\u017eil J\u00f3zef Wybicki. - \"Mazurka Dabrowsk\u00e9ho\". - \"se po znovuz\u00edsk\u00e1n\u00ed nez\u00e1vislosti stala n\u00e1rodn\u00ed hymnou\".<\/p>\n<p dir=\"ltr\">\u010clenov\u00e9 schv\u00e1lili\u00a0<u><strong>usnesen\u00ed o budouc\u00ed podob\u011b politiky soudr\u017enosti EU.<\/strong><\/u>. Dokument zd\u016fraz\u0148uje, \u017ee se jedn\u00e1 o kl\u00ed\u010dovou investi\u010dn\u00ed politiku Unie, kter\u00e1 by m\u011bla tvo\u0159it v\u00fdznamnou \u010d\u00e1st rozpo\u010dtu Unie a zahrnovat v\u0161echny regiony.\u00a0<u><strong>Provincie s nejni\u017e\u0161\u00ed \u00farovn\u00ed rozvoje by m\u011bly obdr\u017eet odpov\u00eddaj\u00edc\u00ed podporu a z\u00e1kladn\u00edm ukazatelem pro rozd\u011blov\u00e1n\u00ed finan\u010dn\u00edch prost\u0159edk\u016f by m\u011bl z\u016fstat HDP. Sejm v usnesen\u00ed vyjad\u0159uje p\u0159esv\u011bd\u010den\u00ed, \u017ee rozpo\u010det EU by m\u011bl b\u00fdt strukturov\u00e1n tak, aby nevytv\u00e1\u0159el v\u00edcerychlostn\u00ed Evropu.<\/strong><\/u><\/p>\n<p dir=\"ltr\"><em>text: Kancel\u00e1\u0159 Sejmu\/ CIS<\/em><\/p>\n<p dir=\"ltr\"><em>Foto: K. Bia\u0142osk\u00f3rski, R. Zambrzycki\/ Sejm<\/em><\/p>\n<p dir=\"ltr\"><img fetchpriority=\"high\" decoding=\"async\" class=\"alignnone size-full wp-image-9651\" src=\"https:\/\/marekkuchcinski.pl\/wp-content\/uploads\/2018\/06\/63-posie.jpg\" alt=\"63 posie\" width=\"3360\" height=\"2240\" srcset=\"https:\/\/marekkuchcinski.pl\/wp-content\/uploads\/2018\/06\/63-posie.jpg 2048w, https:\/\/marekkuchcinski.pl\/wp-content\/uploads\/2018\/06\/63-posie-300x200.jpg 300w, https:\/\/marekkuchcinski.pl\/wp-content\/uploads\/2018\/06\/63-posie-768x512.jpg 768w, https:\/\/marekkuchcinski.pl\/wp-content\/uploads\/2018\/06\/63-posie-1024x683.jpg 1024w\" sizes=\"(max-width: 3360px) 100vw, 3360px\" \/> <img decoding=\"async\" class=\"alignnone size-full wp-image-9652\" src=\"https:\/\/marekkuchcinski.pl\/wp-content\/uploads\/2018\/06\/63-poooo.jpg\" alt=\"63 poooo\" width=\"3360\" height=\"2240\" srcset=\"https:\/\/marekkuchcinski.pl\/wp-content\/uploads\/2018\/06\/63-poooo.jpg 2048w, https:\/\/marekkuchcinski.pl\/wp-content\/uploads\/2018\/06\/63-poooo-300x200.jpg 300w, https:\/\/marekkuchcinski.pl\/wp-content\/uploads\/2018\/06\/63-poooo-768x512.jpg 768w, https:\/\/marekkuchcinski.pl\/wp-content\/uploads\/2018\/06\/63-poooo-1024x683.jpg 1024w\" sizes=\"(max-width: 3360px) 100vw, 3360px\" \/> <img decoding=\"async\" class=\"alignnone size-full wp-image-9653\" src=\"https:\/\/marekkuchcinski.pl\/wp-content\/uploads\/2018\/06\/63-poo.jpg\" alt=\"63 poo\" width=\"3360\" height=\"2240\" srcset=\"https:\/\/marekkuchcinski.pl\/wp-content\/uploads\/2018\/06\/63-poo.jpg 2048w, https:\/\/marekkuchcinski.pl\/wp-content\/uploads\/2018\/06\/63-poo-300x200.jpg 300w, https:\/\/marekkuchcinski.pl\/wp-content\/uploads\/2018\/06\/63-poo-768x512.jpg 768w, https:\/\/marekkuchcinski.pl\/wp-content\/uploads\/2018\/06\/63-poo-1024x683.jpg 1024w\" sizes=\"(max-width: 3360px) 100vw, 3360px\" \/> <img loading=\"lazy\" decoding=\"async\" class=\"alignnone size-full wp-image-9654\" src=\"https:\/\/marekkuchcinski.pl\/wp-content\/uploads\/2018\/06\/63-pse.jpg\" alt=\"63 pse\" width=\"2880\" height=\"1920\" srcset=\"https:\/\/marekkuchcinski.pl\/wp-content\/uploads\/2018\/06\/63-pse.jpg 2048w, https:\/\/marekkuchcinski.pl\/wp-content\/uploads\/2018\/06\/63-pse-300x200.jpg 300w, https:\/\/marekkuchcinski.pl\/wp-content\/uploads\/2018\/06\/63-pse-768x512.jpg 768w, https:\/\/marekkuchcinski.pl\/wp-content\/uploads\/2018\/06\/63-pse-1024x683.jpg 1024w\" sizes=\"(max-width: 2880px) 100vw, 2880px\" \/><\/p>","protected":false},"excerpt":{"rendered":"<p>W czasie 63. posiedzenia Sejm przyj\u0105\u0142 21 ustaw. Odrzuci\u0142 tak\u017ce\u00a0wotum nieufno\u015bci wobec szefowej Komitetu Spo\u0142ecznego Rady Ministr\u00f3w Beaty Szyd\u0142o i minister rodziny, pracy i polityki spo\u0142ecznej\u00a0El\u017cbiety Rafalskiej. Nowe prawo dot. biokomponent\u00f3w i biopaliw zak\u0142ada stworzenie Funduszu Niskoemisyjnego Transportu (FNT) oraz wprowadzenie op\u0142aty emisyjnej, z kt\u00f3rej finansowane maj\u0105 by\u0107\u00a0projekty zwi\u0105zane m.in. z rozwojem elektromobilno\u015bci w Polsce. [&hellip;]<\/p>","protected":false},"author":6,"featured_media":9651,"comment_status":"open","ping_status":"open","sticky":false,"template":"","format":"standard","meta":{"ngg_post_thumbnail":0,"footnotes":""},"categories":[81,3],"tags":[],"class_list":["post-9650","post","type-post","status-publish","format-standard","has-post-thumbnail","hentry","category-wiesci-z-sejmu","category-wydarzenia"],"yoast_head":"<!-- This site is optimized with the Yoast SEO plugin v24.7 - https:\/\/yoast.com\/wordpress\/plugins\/seo\/ -->\n<title>Podsumowanie 63. posiedzenia Sejmu &#8211; Marek Kuchci\u0144ski<\/title>\n<meta name=\"robots\" content=\"index, follow, max-snippet:-1, max-image-preview:large, max-video-preview:-1\" \/>\n<link rel=\"canonical\" href=\"https:\/\/marekkuchcinski.pl\/cs\/wydarzenia\/podsumowanie-63-posiedzenia-sejmu\/\" \/>\n<meta property=\"og:locale\" content=\"cs_CZ\" \/>\n<meta property=\"og:type\" content=\"article\" \/>\n<meta property=\"og:title\" content=\"Podsumowanie 63. posiedzenia Sejmu &#8211; Marek Kuchci\u0144ski\" \/>\n<meta property=\"og:description\" content=\"W czasie 63. posiedzenia Sejm przyj\u0105\u0142 21 ustaw. Odrzuci\u0142 tak\u017ce\u00a0wotum nieufno\u015bci wobec szefowej Komitetu Spo\u0142ecznego Rady Ministr\u00f3w Beaty Szyd\u0142o i minister rodziny, pracy i polityki spo\u0142ecznej\u00a0El\u017cbiety Rafalskiej. Nowe prawo dot. biokomponent\u00f3w i biopaliw zak\u0142ada stworzenie Funduszu Niskoemisyjnego Transportu (FNT) oraz wprowadzenie op\u0142aty emisyjnej, z kt\u00f3rej finansowane maj\u0105 by\u0107\u00a0projekty zwi\u0105zane m.in. z rozwojem elektromobilno\u015bci w Polsce. [&hellip;]\" \/>\n<meta property=\"og:url\" content=\"https:\/\/marekkuchcinski.pl\/cs\/wydarzenia\/podsumowanie-63-posiedzenia-sejmu\/\" \/>\n<meta property=\"og:site_name\" content=\"Marek Kuchci\u0144ski\" \/>\n<meta property=\"article:published_time\" content=\"2018-06-08T10:39:27+00:00\" \/>\n<meta property=\"article:modified_time\" content=\"2018-06-08T10:39:44+00:00\" \/>\n<meta property=\"og:image\" content=\"https:\/\/marekkuchcinski.pl\/wp-content\/uploads\/2018\/06\/63-posie.jpg\" \/>\n\t<meta property=\"og:image:width\" content=\"2048\" \/>\n\t<meta property=\"og:image:height\" content=\"1365\" \/>\n\t<meta property=\"og:image:type\" content=\"image\/jpeg\" \/>\n<meta name=\"author\" content=\"admin\" \/>\n<meta name=\"twitter:card\" content=\"summary_large_image\" \/>\n<meta name=\"twitter:label1\" content=\"Napsal(a)\" \/>\n\t<meta name=\"twitter:data1\" content=\"admin\" \/>\n\t<meta name=\"twitter:label2\" content=\"Odhadovan\u00e1 doba \u010dten\u00ed\" \/>\n\t<meta name=\"twitter:data2\" content=\"7 minut\" \/>\n<script type=\"application\/ld+json\" class=\"yoast-schema-graph\">{\"@context\":\"https:\/\/schema.org\",\"@graph\":[{\"@type\":\"Article\",\"@id\":\"https:\/\/marekkuchcinski.pl\/uk\/wydarzenia\/podsumowanie-63-posiedzenia-sejmu\/#article\",\"isPartOf\":{\"@id\":\"https:\/\/marekkuchcinski.pl\/uk\/wydarzenia\/podsumowanie-63-posiedzenia-sejmu\/\"},\"author\":{\"name\":\"admin\",\"@id\":\"https:\/\/marekkuchcinski.pl\/#\/schema\/person\/6f62700996b4d950b6ea2d1183b6c6be\"},\"headline\":\"Podsumowanie 63. posiedzenia Sejmu\",\"datePublished\":\"2018-06-08T10:39:27+00:00\",\"dateModified\":\"2018-06-08T10:39:44+00:00\",\"mainEntityOfPage\":{\"@id\":\"https:\/\/marekkuchcinski.pl\/uk\/wydarzenia\/podsumowanie-63-posiedzenia-sejmu\/\"},\"wordCount\":1360,\"commentCount\":0,\"publisher\":{\"@id\":\"https:\/\/marekkuchcinski.pl\/#organization\"},\"image\":{\"@id\":\"https:\/\/marekkuchcinski.pl\/uk\/wydarzenia\/podsumowanie-63-posiedzenia-sejmu\/#primaryimage\"},\"thumbnailUrl\":\"https:\/\/marekkuchcinski.pl\/wp-content\/uploads\/2018\/06\/63-posie.jpg\",\"articleSection\":[\"Wie\u015bci z Sejmu\",\"Wydarzenia\"],\"inLanguage\":\"cs\",\"potentialAction\":[{\"@type\":\"CommentAction\",\"name\":\"Comment\",\"target\":[\"https:\/\/marekkuchcinski.pl\/uk\/wydarzenia\/podsumowanie-63-posiedzenia-sejmu\/#respond\"]}]},{\"@type\":\"WebPage\",\"@id\":\"https:\/\/marekkuchcinski.pl\/uk\/wydarzenia\/podsumowanie-63-posiedzenia-sejmu\/\",\"url\":\"https:\/\/marekkuchcinski.pl\/uk\/wydarzenia\/podsumowanie-63-posiedzenia-sejmu\/\",\"name\":\"Podsumowanie 63. posiedzenia Sejmu &#8211; Marek Kuchci\u0144ski\",\"isPartOf\":{\"@id\":\"https:\/\/marekkuchcinski.pl\/#website\"},\"primaryImageOfPage\":{\"@id\":\"https:\/\/marekkuchcinski.pl\/uk\/wydarzenia\/podsumowanie-63-posiedzenia-sejmu\/#primaryimage\"},\"image\":{\"@id\":\"https:\/\/marekkuchcinski.pl\/uk\/wydarzenia\/podsumowanie-63-posiedzenia-sejmu\/#primaryimage\"},\"thumbnailUrl\":\"https:\/\/marekkuchcinski.pl\/wp-content\/uploads\/2018\/06\/63-posie.jpg\",\"datePublished\":\"2018-06-08T10:39:27+00:00\",\"dateModified\":\"2018-06-08T10:39:44+00:00\",\"breadcrumb\":{\"@id\":\"https:\/\/marekkuchcinski.pl\/uk\/wydarzenia\/podsumowanie-63-posiedzenia-sejmu\/#breadcrumb\"},\"inLanguage\":\"cs\",\"potentialAction\":[{\"@type\":\"ReadAction\",\"target\":[\"https:\/\/marekkuchcinski.pl\/uk\/wydarzenia\/podsumowanie-63-posiedzenia-sejmu\/\"]}]},{\"@type\":\"ImageObject\",\"inLanguage\":\"cs\",\"@id\":\"https:\/\/marekkuchcinski.pl\/uk\/wydarzenia\/podsumowanie-63-posiedzenia-sejmu\/#primaryimage\",\"url\":\"https:\/\/marekkuchcinski.pl\/wp-content\/uploads\/2018\/06\/63-posie.jpg\",\"contentUrl\":\"https:\/\/marekkuchcinski.pl\/wp-content\/uploads\/2018\/06\/63-posie.jpg\",\"width\":2048,\"height\":1365},{\"@type\":\"BreadcrumbList\",\"@id\":\"https:\/\/marekkuchcinski.pl\/uk\/wydarzenia\/podsumowanie-63-posiedzenia-sejmu\/#breadcrumb\",\"itemListElement\":[{\"@type\":\"ListItem\",\"position\":1,\"name\":\"Strona g\u0142\u00f3wna\",\"item\":\"https:\/\/marekkuchcinski.pl\/\"},{\"@type\":\"ListItem\",\"position\":2,\"name\":\"Podsumowanie 63. posiedzenia Sejmu\"}]},{\"@type\":\"WebSite\",\"@id\":\"https:\/\/marekkuchcinski.pl\/#website\",\"url\":\"https:\/\/marekkuchcinski.pl\/\",\"name\":\"Marek Kuchci\u0144ski\",\"description\":\"Pose\u0142 na sejm RP &ndash; okr\u0119g nr 22\",\"publisher\":{\"@id\":\"https:\/\/marekkuchcinski.pl\/#organization\"},\"potentialAction\":[{\"@type\":\"SearchAction\",\"target\":{\"@type\":\"EntryPoint\",\"urlTemplate\":\"https:\/\/marekkuchcinski.pl\/?s={search_term_string}\"},\"query-input\":{\"@type\":\"PropertyValueSpecification\",\"valueRequired\":true,\"valueName\":\"search_term_string\"}}],\"inLanguage\":\"cs\"},{\"@type\":\"Organization\",\"@id\":\"https:\/\/marekkuchcinski.pl\/#organization\",\"name\":\"Marek Kuchci\u0144ski\",\"url\":\"https:\/\/marekkuchcinski.pl\/\",\"logo\":{\"@type\":\"ImageObject\",\"inLanguage\":\"cs\",\"@id\":\"https:\/\/marekkuchcinski.pl\/#\/schema\/logo\/image\/\",\"url\":\"https:\/\/marekkuchcinski.pl\/wp-content\/uploads\/2022\/09\/Marek.jpg\",\"contentUrl\":\"https:\/\/marekkuchcinski.pl\/wp-content\/uploads\/2022\/09\/Marek.jpg\",\"width\":1600,\"height\":971,\"caption\":\"Marek Kuchci\u0144ski\"},\"image\":{\"@id\":\"https:\/\/marekkuchcinski.pl\/#\/schema\/logo\/image\/\"}},{\"@type\":\"Person\",\"@id\":\"https:\/\/marekkuchcinski.pl\/#\/schema\/person\/6f62700996b4d950b6ea2d1183b6c6be\",\"name\":\"admin\",\"image\":{\"@type\":\"ImageObject\",\"inLanguage\":\"cs\",\"@id\":\"https:\/\/marekkuchcinski.pl\/#\/schema\/person\/image\/\",\"url\":\"https:\/\/secure.gravatar.com\/avatar\/4bab693b9d55c3d6b52c0296a8765085?s=96&d=mm&r=g\",\"contentUrl\":\"https:\/\/secure.gravatar.com\/avatar\/4bab693b9d55c3d6b52c0296a8765085?s=96&d=mm&r=g\",\"caption\":\"admin\"},\"url\":\"https:\/\/marekkuchcinski.pl\/cs\/author\/marta-olejnik\/\"}]}<\/script>\n<!-- \/ Yoast SEO plugin. -->","yoast_head_json":{"title":"Podsumowanie 63. posiedzenia Sejmu &#8211; Marek Kuchci\u0144ski","robots":{"index":"index","follow":"follow","max-snippet":"max-snippet:-1","max-image-preview":"max-image-preview:large","max-video-preview":"max-video-preview:-1"},"canonical":"https:\/\/marekkuchcinski.pl\/cs\/wydarzenia\/podsumowanie-63-posiedzenia-sejmu\/","og_locale":"cs_CZ","og_type":"article","og_title":"Podsumowanie 63. posiedzenia Sejmu &#8211; Marek Kuchci\u0144ski","og_description":"W czasie 63. posiedzenia Sejm przyj\u0105\u0142 21 ustaw. Odrzuci\u0142 tak\u017ce\u00a0wotum nieufno\u015bci wobec szefowej Komitetu Spo\u0142ecznego Rady Ministr\u00f3w Beaty Szyd\u0142o i minister rodziny, pracy i polityki spo\u0142ecznej\u00a0El\u017cbiety Rafalskiej. Nowe prawo dot. biokomponent\u00f3w i biopaliw zak\u0142ada stworzenie Funduszu Niskoemisyjnego Transportu (FNT) oraz wprowadzenie op\u0142aty emisyjnej, z kt\u00f3rej finansowane maj\u0105 by\u0107\u00a0projekty zwi\u0105zane m.in. z rozwojem elektromobilno\u015bci w Polsce. [&hellip;]","og_url":"https:\/\/marekkuchcinski.pl\/cs\/wydarzenia\/podsumowanie-63-posiedzenia-sejmu\/","og_site_name":"Marek Kuchci\u0144ski","article_published_time":"2018-06-08T10:39:27+00:00","article_modified_time":"2018-06-08T10:39:44+00:00","og_image":[{"width":2048,"height":1365,"url":"https:\/\/marekkuchcinski.pl\/wp-content\/uploads\/2018\/06\/63-posie.jpg","type":"image\/jpeg"}],"author":"admin","twitter_card":"summary_large_image","twitter_misc":{"Napsal(a)":"admin","Odhadovan\u00e1 doba \u010dten\u00ed":"7 minut"},"schema":{"@context":"https:\/\/schema.org","@graph":[{"@type":"Article","@id":"https:\/\/marekkuchcinski.pl\/uk\/wydarzenia\/podsumowanie-63-posiedzenia-sejmu\/#article","isPartOf":{"@id":"https:\/\/marekkuchcinski.pl\/uk\/wydarzenia\/podsumowanie-63-posiedzenia-sejmu\/"},"author":{"name":"admin","@id":"https:\/\/marekkuchcinski.pl\/#\/schema\/person\/6f62700996b4d950b6ea2d1183b6c6be"},"headline":"Podsumowanie 63. posiedzenia Sejmu","datePublished":"2018-06-08T10:39:27+00:00","dateModified":"2018-06-08T10:39:44+00:00","mainEntityOfPage":{"@id":"https:\/\/marekkuchcinski.pl\/uk\/wydarzenia\/podsumowanie-63-posiedzenia-sejmu\/"},"wordCount":1360,"commentCount":0,"publisher":{"@id":"https:\/\/marekkuchcinski.pl\/#organization"},"image":{"@id":"https:\/\/marekkuchcinski.pl\/uk\/wydarzenia\/podsumowanie-63-posiedzenia-sejmu\/#primaryimage"},"thumbnailUrl":"https:\/\/marekkuchcinski.pl\/wp-content\/uploads\/2018\/06\/63-posie.jpg","articleSection":["Wie\u015bci z Sejmu","Wydarzenia"],"inLanguage":"cs","potentialAction":[{"@type":"CommentAction","name":"Comment","target":["https:\/\/marekkuchcinski.pl\/uk\/wydarzenia\/podsumowanie-63-posiedzenia-sejmu\/#respond"]}]},{"@type":"WebPage","@id":"https:\/\/marekkuchcinski.pl\/uk\/wydarzenia\/podsumowanie-63-posiedzenia-sejmu\/","url":"https:\/\/marekkuchcinski.pl\/uk\/wydarzenia\/podsumowanie-63-posiedzenia-sejmu\/","name":"Podsumowanie 63. posiedzenia Sejmu &#8211; Marek Kuchci\u0144ski","isPartOf":{"@id":"https:\/\/marekkuchcinski.pl\/#website"},"primaryImageOfPage":{"@id":"https:\/\/marekkuchcinski.pl\/uk\/wydarzenia\/podsumowanie-63-posiedzenia-sejmu\/#primaryimage"},"image":{"@id":"https:\/\/marekkuchcinski.pl\/uk\/wydarzenia\/podsumowanie-63-posiedzenia-sejmu\/#primaryimage"},"thumbnailUrl":"https:\/\/marekkuchcinski.pl\/wp-content\/uploads\/2018\/06\/63-posie.jpg","datePublished":"2018-06-08T10:39:27+00:00","dateModified":"2018-06-08T10:39:44+00:00","breadcrumb":{"@id":"https:\/\/marekkuchcinski.pl\/uk\/wydarzenia\/podsumowanie-63-posiedzenia-sejmu\/#breadcrumb"},"inLanguage":"cs","potentialAction":[{"@type":"ReadAction","target":["https:\/\/marekkuchcinski.pl\/uk\/wydarzenia\/podsumowanie-63-posiedzenia-sejmu\/"]}]},{"@type":"ImageObject","inLanguage":"cs","@id":"https:\/\/marekkuchcinski.pl\/uk\/wydarzenia\/podsumowanie-63-posiedzenia-sejmu\/#primaryimage","url":"https:\/\/marekkuchcinski.pl\/wp-content\/uploads\/2018\/06\/63-posie.jpg","contentUrl":"https:\/\/marekkuchcinski.pl\/wp-content\/uploads\/2018\/06\/63-posie.jpg","width":2048,"height":1365},{"@type":"BreadcrumbList","@id":"https:\/\/marekkuchcinski.pl\/uk\/wydarzenia\/podsumowanie-63-posiedzenia-sejmu\/#breadcrumb","itemListElement":[{"@type":"ListItem","position":1,"name":"Strona g\u0142\u00f3wna","item":"https:\/\/marekkuchcinski.pl\/"},{"@type":"ListItem","position":2,"name":"Podsumowanie 63. posiedzenia Sejmu"}]},{"@type":"WebSite","@id":"https:\/\/marekkuchcinski.pl\/#website","url":"https:\/\/marekkuchcinski.pl\/","name":"Marek Kuchci\u0144ski","description":"Pose\u0142 na sejm RP &ndash; okr\u0119g nr 22","publisher":{"@id":"https:\/\/marekkuchcinski.pl\/#organization"},"potentialAction":[{"@type":"SearchAction","target":{"@type":"EntryPoint","urlTemplate":"https:\/\/marekkuchcinski.pl\/?s={search_term_string}"},"query-input":{"@type":"PropertyValueSpecification","valueRequired":true,"valueName":"search_term_string"}}],"inLanguage":"cs"},{"@type":"Organization","@id":"https:\/\/marekkuchcinski.pl\/#organization","name":"Marek Kuchci\u0144ski","url":"https:\/\/marekkuchcinski.pl\/","logo":{"@type":"ImageObject","inLanguage":"cs","@id":"https:\/\/marekkuchcinski.pl\/#\/schema\/logo\/image\/","url":"https:\/\/marekkuchcinski.pl\/wp-content\/uploads\/2022\/09\/Marek.jpg","contentUrl":"https:\/\/marekkuchcinski.pl\/wp-content\/uploads\/2022\/09\/Marek.jpg","width":1600,"height":971,"caption":"Marek Kuchci\u0144ski"},"image":{"@id":"https:\/\/marekkuchcinski.pl\/#\/schema\/logo\/image\/"}},{"@type":"Person","@id":"https:\/\/marekkuchcinski.pl\/#\/schema\/person\/6f62700996b4d950b6ea2d1183b6c6be","name":"admin","image":{"@type":"ImageObject","inLanguage":"cs","@id":"https:\/\/marekkuchcinski.pl\/#\/schema\/person\/image\/","url":"https:\/\/secure.gravatar.com\/avatar\/4bab693b9d55c3d6b52c0296a8765085?s=96&d=mm&r=g","contentUrl":"https:\/\/secure.gravatar.com\/avatar\/4bab693b9d55c3d6b52c0296a8765085?s=96&d=mm&r=g","caption":"admin"},"url":"https:\/\/marekkuchcinski.pl\/cs\/author\/marta-olejnik\/"}]}},"_links":{"self":[{"href":"https:\/\/marekkuchcinski.pl\/cs\/wp-json\/wp\/v2\/posts\/9650","targetHints":{"allow":["GET"]}}],"collection":[{"href":"https:\/\/marekkuchcinski.pl\/cs\/wp-json\/wp\/v2\/posts"}],"about":[{"href":"https:\/\/marekkuchcinski.pl\/cs\/wp-json\/wp\/v2\/types\/post"}],"author":[{"embeddable":true,"href":"https:\/\/marekkuchcinski.pl\/cs\/wp-json\/wp\/v2\/users\/6"}],"replies":[{"embeddable":true,"href":"https:\/\/marekkuchcinski.pl\/cs\/wp-json\/wp\/v2\/comments?post=9650"}],"version-history":[{"count":7,"href":"https:\/\/marekkuchcinski.pl\/cs\/wp-json\/wp\/v2\/posts\/9650\/revisions"}],"predecessor-version":[{"id":9661,"href":"https:\/\/marekkuchcinski.pl\/cs\/wp-json\/wp\/v2\/posts\/9650\/revisions\/9661"}],"wp:featuredmedia":[{"embeddable":true,"href":"https:\/\/marekkuchcinski.pl\/cs\/wp-json\/wp\/v2\/media\/9651"}],"wp:attachment":[{"href":"https:\/\/marekkuchcinski.pl\/cs\/wp-json\/wp\/v2\/media?parent=9650"}],"wp:term":[{"taxonomy":"category","embeddable":true,"href":"https:\/\/marekkuchcinski.pl\/cs\/wp-json\/wp\/v2\/categories?post=9650"},{"taxonomy":"post_tag","embeddable":true,"href":"https:\/\/marekkuchcinski.pl\/cs\/wp-json\/wp\/v2\/tags?post=9650"}],"curies":[{"name":"wp","href":"https:\/\/api.w.org\/{rel}","templated":true}]}}