{"id":9617,"date":"2018-06-06T16:25:12","date_gmt":"2018-06-06T14:25:12","guid":{"rendered":"https:\/\/marekkuchcinski.pl\/?p=9617"},"modified":"2018-06-11T11:47:35","modified_gmt":"2018-06-11T09:47:35","slug":"podsumowanie-miesiaca-maj","status":"publish","type":"post","link":"https:\/\/marekkuchcinski.pl\/cs\/prawo-i-sprawiedliwosc\/podsumowanie-miesiaca-maj\/","title":{"rendered":"Shrnut\u00ed m\u011bs\u00edce: M\u00c1J"},"content":{"rendered":"<p style=\"text-align: center;\"><span style=\"color: #31729e;\"><strong>St\u0159eda, 2. kv\u011btna<\/strong><\/span><\/p>\n<ul>\n<li><strong>DOPIS: <span style=\"color: #ff0000;\"><a style=\"color: #ff0000;\" href=\"https:\/\/marekkuchcinski.pl\/wp-content\/uploads\/2018\/06\/Dzie\u0144-Flagi.pdf\">Den vlajky<\/a><\/span><\/strong><\/li>\n<\/ul>\n<p style=\"text-align: center;\"><span style=\"color: #2b6a78;\">\u00a0\u00a0\u00a0\u00a0 <span style=\"color: #3175a8;\"><strong>\u010ctvrtek 3. kv\u011btna<\/strong><\/span><\/span><\/p>\n<ul>\n<li style=\"text-align: left;\"><strong>Przemy\u015bl: Oslava \u00dastavy 3. kv\u011btna.\u00a0<\/strong>- \u00dastava 3. kv\u011btna byla d\u00edlem \u010dty\u0159let\u00e9ho Sejmu, ale tak\u00e9 vyvrcholen\u00edm mnohalet\u00e9ho \u00fasil\u00ed o n\u00e1pravu polsk\u00e9ho st\u00e1tu, projevem kolektivn\u00ed moudrosti Pol\u00e1k\u016f usiluj\u00edc\u00edch o n\u00e1pravu vlastn\u00edho st\u00e1tu, kter\u00fd se ocitl v krizi, a d\u016fkazem mo\u017enosti uzav\u0159\u00edt kompromis mezi majest\u00e1tem republiky v osob\u011b kr\u00e1le a n\u00e1rodem reprezentovan\u00fdm poslanci a sen\u00e1tory,\" \u0159ekl Marek Kuchci\u0144ski. Slavnosti u pam\u00e1tn\u00edku p\u0159ipom\u00ednaj\u00edc\u00edho \u00dastavu se z\u00fa\u010dastnili tak\u00e9 poslanec Andrzej Matusiewicz, poslanec Marek Rz\u0105sa, podkarpatsk\u00e1 vojvodkyn\u011b Ewa Leniart, z\u00e1stupkyn\u011b vojvodkyn\u011b Lucyna Podhalicz, mar\u0161\u00e1lek vojvodstv\u00ed W\u0142adys\u0142aw Ortyl, z\u00e1stupce mar\u0161\u00e1lka Piotr Pilch a starosta m\u011bsta Przemy\u015bl Robert Choma.<\/li>\n<\/ul>\n<p><a href=\"https:\/\/marekkuchcinski.pl\/wp-content\/uploads\/2018\/06\/KU316639.jpg\"><img fetchpriority=\"high\" decoding=\"async\" class=\"alignnone size-full wp-image-9618\" src=\"https:\/\/marekkuchcinski.pl\/wp-content\/uploads\/2018\/06\/KU316639.jpg\" alt=\"KU316639\" width=\"2736\" height=\"1824\" srcset=\"https:\/\/marekkuchcinski.pl\/wp-content\/uploads\/2018\/06\/KU316639.jpg 2048w, https:\/\/marekkuchcinski.pl\/wp-content\/uploads\/2018\/06\/KU316639-300x200.jpg 300w, https:\/\/marekkuchcinski.pl\/wp-content\/uploads\/2018\/06\/KU316639-768x512.jpg 768w, https:\/\/marekkuchcinski.pl\/wp-content\/uploads\/2018\/06\/KU316639-1024x683.jpg 1024w\" sizes=\"(max-width: 2736px) 100vw, 2736px\" \/><\/a><\/p>\n<ul>\n<li><strong>Przemy\u015bl: P\u0159edseda Sejmu obdr\u017eel titul \u010destn\u00e9ho ob\u010dana m\u011bsta Przemy\u015bl.\u00a0<\/strong>Mar\u0161\u00e1lek ujistil, \u017ee vytv\u00e1\u0159en\u00edm a rozv\u00edjen\u00edm nov\u00e9 parlamentn\u00ed politiky zam\u011b\u0159en\u00e9 na rozvoj Polska ve st\u0159edn\u00ed a v\u00fdchodn\u00ed Evrop\u011b, v r\u00e1mci \u010detn\u00fdch mezin\u00e1rodn\u00edch iniciativ t\u00fdkaj\u00edc\u00edch se zem\u00ed Visegr\u00e1du a karpatsk\u00e9ho makroregionu, chce tak\u00e9 pos\u00edlit roli Przemy\u0161lu. P\u0159i slavnostn\u00edm ceremoni\u00e1lu mar\u0161\u00e1lka doprov\u00e1zeli poslankyn\u011b Krystyna Wr\u00f3blewska, poslankyn\u011b Anna Schmidt-Rodziewicz, poslanec Andrzej Matusiewicz, poslanec Andrzej Szlachta, podkarpatsk\u00e1 vojvodkyn\u011b Ewa Leniart, m\u00edstodr\u017e\u00edc\u00ed Lucyna Podhalicz, mar\u0161\u00e1lek W\u0142adys\u0142aw Ortyl, prezident Przemy\u0161lu Robert Choma. Laudatio na po\u010dest laure\u00e1ta p\u0159ednesl b\u00fdval\u00fd sen\u00e1tor Dr. Jan Musia\u0142.<\/li>\n<\/ul>\n<p><a href=\"https:\/\/marekkuchcinski.pl\/wp-content\/uploads\/2018\/06\/KU317068.jpg\"><img decoding=\"async\" class=\"alignnone size-full wp-image-9619\" src=\"https:\/\/marekkuchcinski.pl\/wp-content\/uploads\/2018\/06\/KU317068.jpg\" alt=\"KU317068\" width=\"2736\" height=\"1824\" srcset=\"https:\/\/marekkuchcinski.pl\/wp-content\/uploads\/2018\/06\/KU317068.jpg 2048w, https:\/\/marekkuchcinski.pl\/wp-content\/uploads\/2018\/06\/KU317068-300x200.jpg 300w, https:\/\/marekkuchcinski.pl\/wp-content\/uploads\/2018\/06\/KU317068-768x512.jpg 768w, https:\/\/marekkuchcinski.pl\/wp-content\/uploads\/2018\/06\/KU317068-1024x683.jpg 1024w\" sizes=\"(max-width: 2736px) 100vw, 2736px\" \/><\/a><\/p>\n<p style=\"text-align: center;\"><span style=\"color: #3175a8;\"><strong>Pond\u011bl\u00ed 7. kv\u011btna<\/strong><\/span><\/p>\n<ul>\n<li><strong>Veden\u00ed Kancel\u00e1\u0159e Sejmu<\/strong><\/li>\n<\/ul>\n<p style=\"text-align: center;\"><span style=\"color: #3175a8;\"><strong>\u00dater\u00fd 8. kv\u011btna - \u010dtvrtek 10. kv\u011btna<\/strong><\/span><\/p>\n<ul>\n<li><strong>P\u0159edsednictvo Sejmu<\/strong><\/li>\n<li><strong>Konvent senior\u016f<\/strong><\/li>\n<li><strong>62. zased\u00e1n\u00ed Parlamentu.\u00a0<\/strong>P\u0159ijet\u00ed z\u00e1kona o centr\u00e1ln\u00edm \u017eelezni\u010dn\u00edm p\u0159\u00edstavu a z\u00e1kona o podpo\u0159e nov\u00fdch investic a novely z\u00e1kona o pracovn\u00ed a soci\u00e1ln\u00ed rehabilitaci a zam\u011bstn\u00e1v\u00e1n\u00ed osob se zdravotn\u00edm posti\u017een\u00edm byly nejd\u016fle\u017eit\u011bj\u0161\u00edmi body t\u0159et\u00edho a posledn\u00edho dne 62. zased\u00e1n\u00ed Sejmu. Sejm tak\u00e9 novelizoval z\u00e1kon o v\u00fdkonu mand\u00e1tu poslance a sen\u00e1tora, kter\u00fd sni\u017euje odm\u011bny poslanc\u016f a sen\u00e1tor\u016f o 20 %, z\u00e1kon o ochran\u011b osobn\u00edch \u00fadaj\u016f, novelizoval z\u00e1kony o Nejvy\u0161\u0161\u00edm soudu, o pen\u011b\u017eit\u00fdch d\u00e1vk\u00e1ch soci\u00e1ln\u00edho poji\u0161t\u011bn\u00ed v nemoci a mate\u0159stv\u00ed a n\u011bkter\u00e9 dal\u0161\u00ed z\u00e1kony, z\u00e1kon o vzd\u011bl\u00e1v\u00e1n\u00ed, o d\u016fchodov\u00e9m poji\u0161t\u011bn\u00ed zam\u011bstnanc\u016f, o syst\u00e9mu posuzov\u00e1n\u00ed shody a syst\u00e9mech dozoru nad trhem, z\u00e1kony o dani z p\u0159\u00edjmu fyzick\u00fdch osob a o dani z p\u0159\u00edjmu pr\u00e1vnick\u00fdch osob, o podpo\u0159e nov\u00fdch investic. Poslanci nav\u00edc nesouhlasili s odvol\u00e1n\u00edm Marka Kuchci\u0144sk\u00e9ho z funkce p\u0159edsedy Sejmu.<\/li>\n<\/ul>\n<p><a href=\"https:\/\/marekkuchcinski.pl\/wp-content\/uploads\/2018\/06\/KU317901-\u2014-kopia.jpg\"><img decoding=\"async\" class=\"alignnone size-full wp-image-9620\" src=\"https:\/\/marekkuchcinski.pl\/wp-content\/uploads\/2018\/06\/KU317901-\u2014-kopia.jpg\" alt=\"KU317901-\u2014-kopia\" width=\"2736\" height=\"1824\" srcset=\"https:\/\/marekkuchcinski.pl\/wp-content\/uploads\/2018\/06\/KU317901-\u2014-kopia.jpg 2048w, https:\/\/marekkuchcinski.pl\/wp-content\/uploads\/2018\/06\/KU317901-\u2014-kopia-300x200.jpg 300w, https:\/\/marekkuchcinski.pl\/wp-content\/uploads\/2018\/06\/KU317901-\u2014-kopia-768x512.jpg 768w, https:\/\/marekkuchcinski.pl\/wp-content\/uploads\/2018\/06\/KU317901-\u2014-kopia-1024x683.jpg 1024w\" sizes=\"(max-width: 2736px) 100vw, 2736px\" \/><\/a><\/p>\n<p style=\"text-align: center;\"><span style=\"color: #3175a8;\"><strong>St\u0159eda 9. kv\u011btna<\/strong><\/span><\/p>\n<ul>\n<li><strong>P\u0159edstaven\u00ed jmenov\u00e1n\u00ed poslankyn\u011b Agnieszky \u015acigaj \u010dlenkou St\u00e1tn\u00edho inspektor\u00e1tu pr\u00e1ce<\/strong><\/li>\n<\/ul>\n<p><a href=\"https:\/\/marekkuchcinski.pl\/wp-content\/uploads\/2018\/06\/KU328393.jpg\"><img loading=\"lazy\" decoding=\"async\" class=\"alignnone size-full wp-image-9638\" src=\"https:\/\/marekkuchcinski.pl\/wp-content\/uploads\/2018\/06\/KU328393.jpg\" alt=\"KU328393\" width=\"1800\" height=\"1200\" srcset=\"https:\/\/marekkuchcinski.pl\/wp-content\/uploads\/2018\/06\/KU328393.jpg 1800w, https:\/\/marekkuchcinski.pl\/wp-content\/uploads\/2018\/06\/KU328393-300x200.jpg 300w, https:\/\/marekkuchcinski.pl\/wp-content\/uploads\/2018\/06\/KU328393-768x512.jpg 768w, https:\/\/marekkuchcinski.pl\/wp-content\/uploads\/2018\/06\/KU328393-1024x683.jpg 1024w\" sizes=\"(max-width: 1800px) 100vw, 1800px\" \/><\/a><\/p>\n<p style=\"text-align: center;\"><span style=\"color: #3175a8;\"><strong>\u010ctvrtek, 10. kv\u011btna<\/strong><\/span><\/p>\n<ul>\n<li><strong>M\u0161e svat\u00e1 v semin\u00e1rn\u00edm kostele Nanebevzet\u00ed Panny Marie a svat\u00e9ho Josefa Snoubence na \u00famysl ob\u011bt\u00ed smolensk\u00e9 katastrofy<\/strong><\/li>\n<li><strong>Polo\u017een\u00ed kv\u011btin u smolensk\u00e9ho pam\u00e1tn\u00edku na h\u0159bitov\u011b Pow\u0105zki<\/strong><\/li>\n<\/ul>\n<p><a href=\"https:\/\/marekkuchcinski.pl\/wp-content\/uploads\/2018\/06\/Pow\u0105zki.jpg\"><img loading=\"lazy\" decoding=\"async\" class=\"aligncenter wp-image-9622\" src=\"https:\/\/marekkuchcinski.pl\/wp-content\/uploads\/2018\/06\/Pow\u0105zki.jpg\" alt=\"Pow\u0105zki\" width=\"1235\" height=\"839\" srcset=\"https:\/\/marekkuchcinski.pl\/wp-content\/uploads\/2018\/06\/Pow\u0105zki.jpg 599w, https:\/\/marekkuchcinski.pl\/wp-content\/uploads\/2018\/06\/Pow\u0105zki-300x204.jpg 300w\" sizes=\"(max-width: 1235px) 100vw, 1235px\" \/><\/a><\/p>\n<ul>\n<li><strong>\u00da\u010dast p\u0159edsedy Sejmu na slavnostn\u00edm p\u0159ed\u00e1v\u00e1n\u00ed ceny Str\u00e1\u017ece n\u00e1rodn\u00ed pam\u011bti.<\/strong> Leto\u0161n\u00edmi laure\u00e1ty ceny Kustosz Pami\u0119ci jsou:Bogus\u0142aw Nizie\u0144ski - pr\u00e1vn\u00edk, soudce, soci\u00e1ln\u00ed aktivista, voj\u00e1k AK, Marlena Piekarska-Olsz\u00f3wka - prezidentka nadace \"Willa Jasny Dom\", populariz\u00e1torka poznatk\u016f o protikomunistick\u00e9m nez\u00e1visl\u00e9m odboji po druh\u00e9 sv\u011btov\u00e9 v\u00e1lce, Anna Rastawicka - propag\u00e1torka u\u010den\u00ed Prim\u00e1tu tis\u00edcilet\u00ed, Polsk\u00e9 lidov\u00e9 divadlo ve Lvov\u011b - kter\u00e9 ji\u017e l\u00e9ta prezentuje bohat\u00e9 d\u011bdictv\u00ed dom\u00e1c\u00ed kultury a navazuje na n\u00e1rodn\u00ed divadeln\u00ed tradici, Sdru\u017een\u00ed Pieniack\u00e1 hu\u0165 - kter\u00e9 sdru\u017euje poz\u016fstal\u00e9 po ob\u011btech Pieniack\u00e9 huti, jejich rodiny a jednotlivce, kte\u0159\u00ed se sna\u017e\u00ed d\u016fstojn\u011b uct\u00edt pam\u00e1tku ob\u011bt\u00ed zlo\u010dinu.<\/li>\n<\/ul>\n<p><a href=\"https:\/\/marekkuchcinski.pl\/wp-content\/uploads\/2018\/06\/32191277_2074418652774353_4423198681402966016_o.jpg\"><img loading=\"lazy\" decoding=\"async\" class=\"alignnone size-full wp-image-9623\" src=\"https:\/\/marekkuchcinski.pl\/wp-content\/uploads\/2018\/06\/32191277_2074418652774353_4423198681402966016_o.jpg\" alt=\"32191277_2074418652774353_4423198681402966016_o\" width=\"2000\" height=\"1333\" srcset=\"https:\/\/marekkuchcinski.pl\/wp-content\/uploads\/2018\/06\/32191277_2074418652774353_4423198681402966016_o.jpg 2000w, https:\/\/marekkuchcinski.pl\/wp-content\/uploads\/2018\/06\/32191277_2074418652774353_4423198681402966016_o-300x200.jpg 300w, https:\/\/marekkuchcinski.pl\/wp-content\/uploads\/2018\/06\/32191277_2074418652774353_4423198681402966016_o-768x512.jpg 768w, https:\/\/marekkuchcinski.pl\/wp-content\/uploads\/2018\/06\/32191277_2074418652774353_4423198681402966016_o-1024x682.jpg 1024w\" sizes=\"(max-width: 2000px) 100vw, 2000px\" \/><\/a><\/p>\n<ul>\n<li><strong>Setk\u00e1n\u00ed s poslanci z Podkarpatsk\u00e9 Rusi<\/strong><\/li>\n<li><strong>Konvent senior\u016f<\/strong><\/li>\n<li><strong>Veden\u00ed Kancel\u00e1\u0159e Sejmu<\/strong><\/li>\n<li><strong>Hlasy<\/strong><\/li>\n<li><strong>Setk\u00e1n\u00ed s prezidentem Milo\u0161em Zemanem.\u00a0<\/strong>- Jsem r\u00e1d, \u017ee spole\u010dn\u011b s \u010desk\u00fdm parlamentem sd\u00edl\u00edme stejn\u00fd n\u00e1zor na v\u00fdvoj Unie jako Evropy vlast\u00ed, suver\u00e9nn\u00edch st\u00e1t\u016f, a nikoliv sjednocen\u00fdch n\u00e1rod\u016f,\" zd\u016fraznil p\u0159edseda Sejmu. Rozhovor se zam\u011b\u0159il tak\u00e9 na st\u00e1le intenzivn\u011bj\u0161\u00ed vztahy mezi Polskem a \u010ceskou republikou na parlamentn\u00ed \u00farovni. Pot\u0159eba reformy Evropsk\u00e9 unie a pos\u00edlen\u00ed spolupr\u00e1ce mezi parlamenty Visegr\u00e1dsk\u00e9 skupiny. P\u0159edseda Sejmu rovn\u011b\u017e upozornil na aktivity, kter\u00e9 se na parlamentn\u00ed \u00farovni uskute\u010d\u0148uj\u00ed s c\u00edlem pos\u00edlit spolupr\u00e1ci v cel\u00e9m regionu st\u0159edn\u00ed a v\u00fdchodn\u00ed Evropy.<\/li>\n<\/ul>\n<p><a href=\"https:\/\/marekkuchcinski.pl\/wp-content\/uploads\/2018\/06\/KU328814.jpg\"><img loading=\"lazy\" decoding=\"async\" class=\"alignnone size-full wp-image-9624\" src=\"https:\/\/marekkuchcinski.pl\/wp-content\/uploads\/2018\/06\/KU328814.jpg\" alt=\"KU328814\" width=\"1506\" height=\"808\" srcset=\"https:\/\/marekkuchcinski.pl\/wp-content\/uploads\/2018\/06\/KU328814.jpg 1506w, https:\/\/marekkuchcinski.pl\/wp-content\/uploads\/2018\/06\/KU328814-300x161.jpg 300w, https:\/\/marekkuchcinski.pl\/wp-content\/uploads\/2018\/06\/KU328814-768x412.jpg 768w, https:\/\/marekkuchcinski.pl\/wp-content\/uploads\/2018\/06\/KU328814-1024x549.jpg 1024w\" sizes=\"(max-width: 1506px) 100vw, 1506px\" \/><\/a><\/p>\n<p style=\"text-align: center;\"><span style=\"color: #31729e;\"><strong>P\u00e1tek, 11. kv\u011btna<\/strong><\/span><\/p>\n<ul>\n<li><strong>P\u0159edsednictvo Sejmu<\/strong><\/li>\n<li><strong>Sjezd senior\u016f<\/strong><\/li>\n<li><strong>Setk\u00e1n\u00ed s m\u00edstop\u0159edsedou Sejmu Ryszardem Terleckim a \u0159editelem Janem Malickim<\/strong><\/li>\n<li><strong>Setk\u00e1n\u00ed s W\u0142adys\u0142awem Ortylem, mar\u0161\u00e1lkem Podkarpatsk\u00e9 Rusi<\/strong><\/li>\n<\/ul>\n<p style=\"text-align: center;\"><span style=\"color: #31729e;\"><strong>Sobota, 12. kv\u011btna<\/strong><\/span><\/p>\n<ul>\n<li><strong>Shrnut\u00ed a z\u00e1v\u011br Podkarpatsk\u00e9 ligy d\u011bt\u00ed a ml\u00e1de\u017ee v alpsk\u00e9m ly\u017eov\u00e1n\u00ed - p\u0159ed\u00e1v\u00e1n\u00ed cen<\/strong><\/li>\n<\/ul>\n<p><a href=\"https:\/\/marekkuchcinski.pl\/wp-content\/uploads\/2018\/06\/32266771_2075056576043894_3783368821973188608_n.jpg\"><img loading=\"lazy\" decoding=\"async\" class=\"alignnone size-full wp-image-9625\" src=\"https:\/\/marekkuchcinski.pl\/wp-content\/uploads\/2018\/06\/32266771_2075056576043894_3783368821973188608_n.jpg\" alt=\"32266771_2075056576043894_3783368821973188608_n\" width=\"953\" height=\"742\" srcset=\"https:\/\/marekkuchcinski.pl\/wp-content\/uploads\/2018\/06\/32266771_2075056576043894_3783368821973188608_n.jpg 953w, https:\/\/marekkuchcinski.pl\/wp-content\/uploads\/2018\/06\/32266771_2075056576043894_3783368821973188608_n-300x234.jpg 300w, https:\/\/marekkuchcinski.pl\/wp-content\/uploads\/2018\/06\/32266771_2075056576043894_3783368821973188608_n-768x598.jpg 768w\" sizes=\"(max-width: 953px) 100vw, 953px\" \/><\/a><\/p>\n<p style=\"text-align: center;\"><span style=\"color: #31729e;\"><strong>Ned\u011ble, 13. kv\u011btna<\/strong><\/span><\/p>\n<ul>\n<li><strong>Kra\u015bnik a Pu\u0142awy: setk\u00e1n\u00ed s obyvateli v r\u00e1mci akce \"Polsko je jedno\".<\/strong> B\u011bhem setk\u00e1n\u00ed se hovo\u0159ilo o \"Morawieck\u00e9ho p\u011btce\", n\u00e1vrz\u00edch pro zdravotn\u011b posti\u017een\u00e9, historick\u00e9 politice a m\u00edstn\u00edch ot\u00e1zk\u00e1ch, jako je prodej tov\u00e1rny na lisovac\u00ed lo\u017eiska v Kra\u015bniku, bytov\u00e1 dru\u017estva a zahr\u00e1dky. P\u0159edseda parlamentu mimo jin\u00e9 uvedl, \u017ee po\u017e\u00e1d\u00e1 prezidenta, aby z\u00e1kon o degradaci vetoval. Na ot\u00e1zku t\u00fdkaj\u00edc\u00ed se d\u016fchod\u016f odpov\u011bd\u011bl, \u017ee nyn\u00ed je vhodn\u00e1 doba zv\u00e1\u017eit zm\u011bnu v\u00fd\u0161e t\u00e9to valorizace.<\/li>\n<\/ul>\n<p><a href=\"https:\/\/marekkuchcinski.pl\/wp-content\/uploads\/2018\/06\/IMG_9700-Copy.jpg\"><img loading=\"lazy\" decoding=\"async\" class=\"alignnone size-full wp-image-9626\" src=\"https:\/\/marekkuchcinski.pl\/wp-content\/uploads\/2018\/06\/IMG_9700-Copy.jpg\" alt=\"IMG_9700 (Copy)\" width=\"2160\" height=\"1484\" srcset=\"https:\/\/marekkuchcinski.pl\/wp-content\/uploads\/2018\/06\/IMG_9700-Copy.jpg 2048w, https:\/\/marekkuchcinski.pl\/wp-content\/uploads\/2018\/06\/IMG_9700-Copy-300x206.jpg 300w, https:\/\/marekkuchcinski.pl\/wp-content\/uploads\/2018\/06\/IMG_9700-Copy-768x528.jpg 768w, https:\/\/marekkuchcinski.pl\/wp-content\/uploads\/2018\/06\/IMG_9700-Copy-1024x704.jpg 1024w\" sizes=\"(max-width: 2160px) 100vw, 2160px\" \/><\/a><\/p>\n<ul>\n<li><strong>V Galerii ARP na hrad\u011b Krasiczyn se konala vernis\u00e1\u017e v\u00fdstavy shrnuj\u00edc\u00ed Mezin\u00e1rodn\u00ed trien\u00e1le karpatsk\u00e9 malby \"St\u0159\u00edbrn\u00fd \u010dty\u0159\u00faheln\u00edk\".<\/strong>\", kterou ji\u017e podes\u00e1t\u00e9 po\u0159\u00e1d\u00e1 Galerie sou\u010dasn\u00e9ho um\u011bn\u00ed v Przemy\u015blu. - V\u00fdstava \"Budoucnost Evropy. \"Jednota v rozmanitosti\" ukazuje, jak jsou lid\u00e9 rozd\u00edln\u00ed, a p\u0159esto dok\u00e1\u017eou spolupracovat a sjednotit se na spole\u010dn\u00e9 my\u0161lence. O takovou spolupr\u00e1ci usilujeme na politick\u00e9m f\u00f3ru zem\u00ed V4, v Karpatech. Nejkr\u00e1sn\u011bj\u0161\u00ed je ov\u0161em tato spolupr\u00e1ce ve v\u00fdtvarn\u00e9m um\u011bn\u00ed, v hudb\u011b a literatu\u0159e. Nejl\u00e9pe je to vid\u011bt na \"St\u0159\u00edbrn\u00e9m \u010dty\u0159\u00faheln\u00edku\", kter\u00fd se po\u0159\u00e1d\u00e1 ji\u017e mnoho let,\" \u0159ekl Marek Kuchci\u0144ski.<a href=\"https:\/\/marekkuchcinski.pl\/wp-content\/uploads\/2018\/06\/fot_G_Karnas__11777.jpg\"><img loading=\"lazy\" decoding=\"async\" class=\"alignnone size-full wp-image-9627\" src=\"https:\/\/marekkuchcinski.pl\/wp-content\/uploads\/2018\/06\/fot_G_Karnas__11777.jpg\" alt=\"fot_G_Karnas__11777\" width=\"4928\" height=\"3264\" srcset=\"https:\/\/marekkuchcinski.pl\/wp-content\/uploads\/2018\/06\/fot_G_Karnas__11777.jpg 2048w, https:\/\/marekkuchcinski.pl\/wp-content\/uploads\/2018\/06\/fot_G_Karnas__11777-300x199.jpg 300w, https:\/\/marekkuchcinski.pl\/wp-content\/uploads\/2018\/06\/fot_G_Karnas__11777-768x509.jpg 768w, https:\/\/marekkuchcinski.pl\/wp-content\/uploads\/2018\/06\/fot_G_Karnas__11777-1024x678.jpg 1024w\" sizes=\"(max-width: 4928px) 100vw, 4928px\" \/><\/a><\/li>\n<\/ul>\n<p style=\"text-align: center;\"><span style=\"color: #31729e;\"><strong>Pond\u011bl\u00ed, 14. kv\u011btna<\/strong><\/span><\/p>\n<ul>\n<li><strong>Setk\u00e1n\u00ed s ma\u010farsk\u00fdm premi\u00e9rem Viktorem Orb\u00e1nem.<\/strong> Prvn\u00ed zahrani\u010dn\u00ed n\u00e1v\u0161t\u011bva premi\u00e9ra Orb\u00e1na po t\u0159et\u00edm volebn\u00edm v\u00edt\u011bzstv\u00ed v \u0159ad\u011b - dobr\u00fd rozhovor mezi p\u0159\u00e1teli o dal\u0161\u00edch \u010dty\u0159ech letech vynikaj\u00edc\u00ed polsko-ma\u010farsk\u00e9 spolupr\u00e1ce<\/li>\n<\/ul>\n<p><a href=\"https:\/\/marekkuchcinski.pl\/wp-content\/uploads\/2018\/06\/DdK9IC6WkAI_eEq.jpg\"><img loading=\"lazy\" decoding=\"async\" class=\"alignnone size-full wp-image-9628\" src=\"https:\/\/marekkuchcinski.pl\/wp-content\/uploads\/2018\/06\/DdK9IC6WkAI_eEq.jpg\" alt=\"DdK9IC6WkAI_eEq\" width=\"1200\" height=\"800\" srcset=\"https:\/\/marekkuchcinski.pl\/wp-content\/uploads\/2018\/06\/DdK9IC6WkAI_eEq.jpg 1200w, https:\/\/marekkuchcinski.pl\/wp-content\/uploads\/2018\/06\/DdK9IC6WkAI_eEq-300x200.jpg 300w, https:\/\/marekkuchcinski.pl\/wp-content\/uploads\/2018\/06\/DdK9IC6WkAI_eEq-768x512.jpg 768w, https:\/\/marekkuchcinski.pl\/wp-content\/uploads\/2018\/06\/DdK9IC6WkAI_eEq-1024x683.jpg 1024w\" sizes=\"(max-width: 1200px) 100vw, 1200px\" \/><\/a><\/p>\n<p style=\"text-align: center;\"><span style=\"color: #31729e;\"><strong>St\u0159eda, 16. kv\u011btna<\/strong><\/span><\/p>\n<ul>\n<li><strong>Veden\u00ed Kancel\u00e1\u0159e Sejmu<\/strong><\/li>\n<\/ul>\n<p style=\"text-align: center;\"><span style=\"color: #31729e;\"><strong>\u010ctvrtek, 17. kv\u011btna<\/strong><\/span><\/p>\n<ul>\n<li><strong>P\u0159edsednictvo Sejmu<\/strong><\/li>\n<\/ul>\n<p style=\"text-align: center;\"><span style=\"color: #31729e;\"><strong>P\u00e1tek, 18. kv\u011btna<\/strong><\/span><\/p>\n<ul>\n<li><strong>P\u0159edseda Sejmu p\u0159edal medaili \"Odvaha a d\u016fv\u011bryhodnost\"<\/strong> Rumunsk\u00e1 l\u00e9ka\u0159ka, spole\u010densk\u00e1 aktivistka a p\u0159edsedkyn\u011b Rumunsk\u00e9ho sdru\u017een\u00ed katolick\u00fdch l\u00e9ka\u0159\u016f Anca-Maria Cernea - za odv\u00e1\u017enou a d\u016fv\u011bryhodnou propagaci polsk\u00e9 kultury v zahrani\u010d\u00ed a p\u0159isp\u011bn\u00ed k vytv\u00e1\u0159en\u00ed pozitivn\u00edho obrazu na\u0161\u00ed zem\u011b.<\/li>\n<\/ul>\n<p><a href=\"https:\/\/marekkuchcinski.pl\/wp-content\/uploads\/2018\/06\/32725600_2077757162440502_7274627099850178560_n-1.jpg\"><img loading=\"lazy\" decoding=\"async\" class=\"alignnone wp-image-9629\" src=\"https:\/\/marekkuchcinski.pl\/wp-content\/uploads\/2018\/06\/32725600_2077757162440502_7274627099850178560_n-1.jpg\" alt=\"32725600_2077757162440502_7274627099850178560_n\" width=\"1583\" height=\"1055\" srcset=\"https:\/\/marekkuchcinski.pl\/wp-content\/uploads\/2018\/06\/32725600_2077757162440502_7274627099850178560_n-1.jpg 960w, https:\/\/marekkuchcinski.pl\/wp-content\/uploads\/2018\/06\/32725600_2077757162440502_7274627099850178560_n-1-300x200.jpg 300w, https:\/\/marekkuchcinski.pl\/wp-content\/uploads\/2018\/06\/32725600_2077757162440502_7274627099850178560_n-1-768x512.jpg 768w\" sizes=\"(max-width: 1583px) 100vw, 1583px\" \/><\/a><\/p>\n<p style=\"text-align: center;\"><span style=\"color: #31729e;\"><strong>Sobota, 19. kv\u011btna<\/strong><\/span><\/p>\n<ul>\n<li><strong>\u00da\u010dast p\u0159edsedy Sejmu na zah\u00e1jen\u00ed hudebn\u00edho festivalu v \u0141a\u0144cutu.<\/strong> - Lze nab\u00fdt dojmu, \u017ee hudba jako um\u011bn\u00ed zde prezentovan\u00e9 p\u0159estala b\u00fdt formou komorn\u00ed, v\u00fdhradn\u011b ve smyslu vysok\u00e9 kultury, ur\u010den\u00e9 \u00fazk\u00e9 skupin\u011b recipient\u016f, ale stala se ur\u010ditou formou \u017eivota a ovliv\u0148ov\u00e1n\u00ed \u017eivota cel\u00e9 spole\u010dnosti, cel\u00e9ho n\u00e1roda. Je to otev\u0159enost, kter\u00e1 poskytuje p\u0159\u00edle\u017eitosti a mo\u017enosti v\u0161em ob\u010dan\u016fm Polsk\u00e9 republiky, poslucha\u010d\u016fm,\" \u0159ekl Marek Kuchci\u0144ski.<\/li>\n<\/ul>\n<p><a href=\"https:\/\/marekkuchcinski.pl\/wp-content\/uploads\/2018\/06\/60E0DF05-9FCA-452F-8F92-E79648706E23.jpeg\"><img loading=\"lazy\" decoding=\"async\" class=\"alignnone size-full wp-image-9630\" src=\"https:\/\/marekkuchcinski.pl\/wp-content\/uploads\/2018\/06\/60E0DF05-9FCA-452F-8F92-E79648706E23.jpeg\" alt=\"60E0DF05-9FCA-452F-8F92-E79648706E23\" width=\"1920\" height=\"1280\" srcset=\"https:\/\/marekkuchcinski.pl\/wp-content\/uploads\/2018\/06\/60E0DF05-9FCA-452F-8F92-E79648706E23.jpeg 1920w, https:\/\/marekkuchcinski.pl\/wp-content\/uploads\/2018\/06\/60E0DF05-9FCA-452F-8F92-E79648706E23-300x200.jpeg 300w, https:\/\/marekkuchcinski.pl\/wp-content\/uploads\/2018\/06\/60E0DF05-9FCA-452F-8F92-E79648706E23-768x512.jpeg 768w, https:\/\/marekkuchcinski.pl\/wp-content\/uploads\/2018\/06\/60E0DF05-9FCA-452F-8F92-E79648706E23-1024x683.jpeg 1024w\" sizes=\"(max-width: 1920px) 100vw, 1920px\" \/><\/a><\/p>\n<p style=\"text-align: center;\"><span style=\"color: #31729e;\"><strong>Ned\u011ble, 20. kv\u011btna<\/strong><\/span><\/p>\n<ul>\n<li><strong><strong>Setk\u00e1n\u00ed s obyvateli obc\u00ed Jedli\u0144sk a Koprzywnica. <\/strong><\/strong>Marek Kuchci\u0144ski zd\u016fraznil, \u017ee b\u011bhem 2,5 let vl\u00e1dy Pr\u00e1va a spravedlnosti byly \u00fasp\u011b\u0161n\u011b realizov\u00e1ny programy a reformy vyhl\u00e1\u0161en\u00e9 b\u011bhem kampan\u011b. Zm\u00ednil se tak\u00e9 o ned\u00e1vno ozn\u00e1men\u00e9m programu premi\u00e9ra Mateusze Morawieck\u00e9ho, p\u0159edev\u0161\u00edm o n\u00e1vrz\u00edch bal\u00ed\u010dku \"Bezbari\u00e9rovost plus\", kter\u00fd po\u010d\u00edt\u00e1 s vy\u010dlen\u011bn\u00edm 23 miliard zlot\u00fdch v p\u0159\u00ed\u0161t\u00edch letech na \u0159e\u0161en\u00ed usnad\u0148uj\u00edc\u00ed ka\u017edodenn\u00ed \u017eivot zdravotn\u011b posti\u017een\u00fdch a star\u0161\u00edch osob nebo rodi\u010d\u016f s mal\u00fdmi d\u011btmi. - Jedn\u00e1 se o n\u00e1vrhy zam\u011b\u0159en\u00e9 na zah\u00e1jen\u00ed r\u016fzn\u00fdch aktivit v oblasti m\u00edstn\u00ed architektury, infrastruktury,\" uvedl Kuchci\u0144ski. Sandom\u011b\u0159sko je jedn\u00edm z nejv\u011bt\u0161\u00edch producent\u016f a v\u00fdvozc\u016f jablek v Polsku. B\u011bhem setk\u00e1n\u00ed s p\u0159edsedou Sejmu po\u017e\u00e1dali obyvatel\u00e9 o podporu stalet\u00e9 tradice ovocn\u00e1\u0159stv\u00ed. Hovo\u0159ilo se tak\u00e9 o zlep\u0161en\u00ed infrastruktury, o vl\u00e1dn\u00edm silni\u010dn\u00edm fondu - 5 miliard\u00e1ch zlot\u00fdch, kter\u00e9 dostanou obce a okresn\u00ed samospr\u00e1vy - na opravy a rekonstrukce silnic.  Obyvatel\u00e9 m\u011bli z\u00e1jem o v\u00fdstavbu mostu p\u0159es Vislu, kter\u00fd by spojil Koprzywnici s Podkarpatsk\u00fdm vojvodstv\u00edm. P\u0159edseda Sejmu ujistil, \u017ee pokud se takov\u00e1 pot\u0159eba prok\u00e1\u017ee, podpo\u0159\u00ed ji.<\/li>\n<\/ul>\n<p><a href=\"https:\/\/marekkuchcinski.pl\/wp-content\/uploads\/2018\/06\/IMG_9400.jpg\"><img loading=\"lazy\" decoding=\"async\" class=\"alignnone size-full wp-image-9641\" src=\"https:\/\/marekkuchcinski.pl\/wp-content\/uploads\/2018\/06\/IMG_9400.jpg\" alt=\"IMG_9400\" width=\"1800\" height=\"1200\" srcset=\"https:\/\/marekkuchcinski.pl\/wp-content\/uploads\/2018\/06\/IMG_9400.jpg 1800w, https:\/\/marekkuchcinski.pl\/wp-content\/uploads\/2018\/06\/IMG_9400-300x200.jpg 300w, https:\/\/marekkuchcinski.pl\/wp-content\/uploads\/2018\/06\/IMG_9400-768x512.jpg 768w, https:\/\/marekkuchcinski.pl\/wp-content\/uploads\/2018\/06\/IMG_9400-1024x683.jpg 1024w\" sizes=\"(max-width: 1800px) 100vw, 1800px\" \/><\/a><\/p>\n<ul>\n<li><strong>Polo\u017een\u00ed kv\u011btin ke zdi smrti na pam\u00e1tku zavra\u017ed\u011bn\u00fdch b\u011bhem druh\u00e9 sv\u011btov\u00e9 v\u00e1lky<\/strong><\/li>\n<li><strong>Polo\u017een\u00ed kv\u011btin k pam\u011btn\u00ed desce zesnul\u00e9ho prezidenta Lecha Kaczy\u0144sk\u00e9ho v Koprzywnici<\/strong><\/li>\n<li><strong>Ve\u010de\u0159e s organiz\u00e1tory setk\u00e1n\u00ed a far\u00e1\u0159em Wies\u0142awem Surmou<\/strong><\/li>\n<li><strong>\u00davodn\u00ed projev na 100. v\u00fdro\u010d\u00ed obnoven\u00ed nez\u00e1vislosti<\/strong><\/li>\n<\/ul>\n<p style=\"text-align: center;\"><span style=\"color: #31729e;\"><strong>St\u0159eda, 23. kv\u011btna<\/strong><\/span><\/p>\n<ul>\n<li><strong>Praha: Setk\u00e1n\u00ed p\u0159edsedy vl\u00e1dy s p\u0159edsedou Poslaneck\u00e9 sn\u011bmovny.<\/strong> Politici se shodli, \u017ee v prvn\u00ed \u0159ad\u011b by se Polsko a \u010cesk\u00e1 republika m\u011bly zab\u00fdvat udr\u017een\u00edm rozpo\u010dtu EU s ohledem na politiku soudr\u017enosti a spole\u010dnou zem\u011bd\u011blskou politiku. - Nesouhlas\u00edme s p\u0159esunem finan\u010dn\u00edch prost\u0159edk\u016f EU z v\u00fdchodn\u00ed Evropy do ji\u017en\u00ed Evropy. Polsko a \u010cesk\u00e1 republika by m\u011bly velmi d\u016frazn\u011b zd\u016fraznit, \u017ee s takov\u00fdm krokem nesouhlas\u00ed, proto\u017ee by to bylo na \u00fakor na\u0161ich zem\u00ed a Visegr\u00e1dsk\u00e9 skupiny. V t\u00e9to ot\u00e1zce bychom m\u011bli vystupovat jednotn\u011b - \u0159ekl Marek Kuchci\u0144ski. P\u0159edseda Sn\u011bmovny se setkal tak\u00e9 s p\u0159edsedou Sen\u00e1tu Milanem \u0160t\u011bchem a s pra\u017esk\u00fdm arcibiskupem kardin\u00e1lem Dominikem Dukou.<\/li>\n<\/ul>\n<p><a href=\"https:\/\/marekkuchcinski.pl\/wp-content\/uploads\/2018\/06\/20180525_095527.jpg\"><img loading=\"lazy\" decoding=\"async\" class=\"alignnone size-full wp-image-9635\" src=\"https:\/\/marekkuchcinski.pl\/wp-content\/uploads\/2018\/06\/20180525_095527.jpg\" alt=\"20180525_095527\" width=\"2411\" height=\"1570\" srcset=\"https:\/\/marekkuchcinski.pl\/wp-content\/uploads\/2018\/06\/20180525_095527.jpg 2048w, https:\/\/marekkuchcinski.pl\/wp-content\/uploads\/2018\/06\/20180525_095527-300x195.jpg 300w, https:\/\/marekkuchcinski.pl\/wp-content\/uploads\/2018\/06\/20180525_095527-768x500.jpg 768w, https:\/\/marekkuchcinski.pl\/wp-content\/uploads\/2018\/06\/20180525_095527-1024x667.jpg 1024w\" sizes=\"(max-width: 2411px) 100vw, 2411px\" \/><\/a><\/p>\n<p style=\"text-align: center;\"><span style=\"color: #31729e;\"><strong>Sobota, 26. kv\u011btna<\/strong><\/span><\/p>\n<ul>\n<li><strong>Setk\u00e1n\u00ed s obyvateli m\u011bst Nowy S\u0105cz a Sanok.<\/strong> P\u0159edseda b\u011bhem jedn\u00e1n\u00ed zd\u016fraznil, \u017ee Pr\u00e1vo a spravedlnost p\u0159ikl\u00e1d\u00e1 velk\u00fd v\u00fdznam prorodinn\u00e9 politice. B\u011bhem 2,5 roku vl\u00e1da Pr\u00e1va a spravedlnosti zavedla program Rodina 500+, bezplatn\u00e9 l\u00e9ky pro seniory, sn\u00ed\u017eila v\u011bk odchodu do d\u016fchodu, omezila ned\u011bln\u00ed obchodov\u00e1n\u00ed, zv\u00fd\u0161ila \u00fa\u010dinnost vym\u00e1h\u00e1n\u00ed v\u00fd\u017eivn\u00e9ho. Krom\u011b toho provedl reformu \u0161kolstv\u00ed, da\u0148ov\u00e9 spr\u00e1vy, zah\u00e1jil boj proti divok\u00e9 reprivatizaci. P\u0159edseda parlamentu p\u0159ipomn\u011bl, \u017ee p\u0159ed n\u011bkolika m\u011bs\u00edci p\u0159edstavil premi\u00e9r Mateusz Morawiecki na celost\u00e1tn\u00edm sjezdu ve Var\u0161av\u011b program opat\u0159en\u00ed ke zm\u011bn\u011b Polska. Mezi po\u017eadavky pat\u0159\u00ed sn\u00ed\u017een\u00ed dan\u011b z p\u0159\u00edjm\u016f pr\u00e1vnick\u00fdch osob pro mal\u00e9 podniky z 15 na 9 %, co\u017e je nejni\u017e\u0161\u00ed \u00farove\u0148 v Evropsk\u00e9 unii, zaveden\u00ed mal\u00e9ho fondu soci\u00e1ln\u00edho poji\u0161t\u011bn\u00ed vypo\u010d\u00edtan\u00e9ho v pom\u011bru k tr\u017eb\u00e1m pro podniky s m\u011bs\u00ed\u010dn\u00edm obratem do 2,5 minim\u00e1ln\u00edch mezd, v\u00fdsluhov\u00fd p\u0159\u00edsp\u011bvek 300 PLN na za\u010d\u00e1tku \u0161koln\u00edho roku pro ka\u017ed\u00e9ho \u017e\u00e1ka nastupuj\u00edc\u00edho na z\u00e1kladn\u00ed a st\u0159edn\u00ed \u0161kolu, nov\u00fd fond na v\u00fdstavbu m\u00edstn\u00edch komunikac\u00ed v hodnot\u011b nejm\u00e9n\u011b 5 miliard PLN, co\u017e znamen\u00e1 tis\u00edce kilometr\u016f rekonstruovan\u00fdch silnic ve vesnic\u00edch, mal\u00fdch m\u011bstech, obc\u00edch a okresech, a program Bezbari\u00e9rovost+ na odstran\u011bn\u00ed bari\u00e9r pro zdravotn\u011b posti\u017een\u00e9 (v\u00edce ne\u017e 20 miliard PLN b\u011bhem 8 let).<\/li>\n<\/ul>\n<p><a href=\"https:\/\/marekkuchcinski.pl\/wp-content\/uploads\/2018\/06\/20180526_175535.jpg\"><img loading=\"lazy\" decoding=\"async\" class=\"alignnone size-full wp-image-9632\" src=\"https:\/\/marekkuchcinski.pl\/wp-content\/uploads\/2018\/06\/20180526_175535.jpg\" alt=\"20180526_175535\" width=\"1980\" height=\"1155\" srcset=\"https:\/\/marekkuchcinski.pl\/wp-content\/uploads\/2018\/06\/20180526_175535.jpg 1980w, https:\/\/marekkuchcinski.pl\/wp-content\/uploads\/2018\/06\/20180526_175535-300x175.jpg 300w, https:\/\/marekkuchcinski.pl\/wp-content\/uploads\/2018\/06\/20180526_175535-768x448.jpg 768w, https:\/\/marekkuchcinski.pl\/wp-content\/uploads\/2018\/06\/20180526_175535-1024x597.jpg 1024w\" sizes=\"(max-width: 1980px) 100vw, 1980px\" \/><\/a><\/p>\n<p style=\"text-align: center;\"><span style=\"color: #31729e;\"><strong>Pond\u011bl\u00ed, 28. kv\u011btna<\/strong><\/span><\/p>\n<ul>\n<li><strong>Jarn\u00ed plen\u00e1rn\u00ed zased\u00e1n\u00ed Parlamentn\u00edho shrom\u00e1\u017ed\u011bn\u00ed NATO.<\/strong> Jak zd\u016fraznil p\u0159edseda Sejmu, c\u00edlem sch\u016fzky bylo zhodnotit politickou a bezpe\u010dnostn\u00ed situaci a stanovit \u00fakoly do budoucna, kter\u00e9 budou na\u0161\u00edm p\u0159\u00edsp\u011bvkem k \u010dervencov\u00e9mu summitu Aliance. Podle p\u0159edsedy Kuchci\u0144sk\u00e9ho anal\u00fdza stavu bezpe\u010dnosti atlantick\u00e9ho spole\u010denstv\u00ed nevzbuzuje optimismus. - V mnoha regionech se vr\u00e1tily tradi\u010dn\u00ed vojensk\u00e9 hrozby a nyn\u00ed je tento seznam \"obohacen\" o nov\u00e9 hrozby hybridn\u00ed povahy a v oblasti kybernetick\u00e9 bezpe\u010dnosti. Z\u0159eteln\u011b je vid\u00edme na v\u00fdchodn\u00edm k\u0159\u00eddle Aliance,\" \u0159ekl.<\/li>\n<\/ul>\n<p><a href=\"https:\/\/marekkuchcinski.pl\/wp-content\/uploads\/2018\/06\/RZ__1640.jpg\"><img loading=\"lazy\" decoding=\"async\" class=\"alignnone size-full wp-image-9633\" src=\"https:\/\/marekkuchcinski.pl\/wp-content\/uploads\/2018\/06\/RZ__1640.jpg\" alt=\"RZ__1640\" width=\"2497\" height=\"1479\" srcset=\"https:\/\/marekkuchcinski.pl\/wp-content\/uploads\/2018\/06\/RZ__1640.jpg 2048w, https:\/\/marekkuchcinski.pl\/wp-content\/uploads\/2018\/06\/RZ__1640-300x178.jpg 300w, https:\/\/marekkuchcinski.pl\/wp-content\/uploads\/2018\/06\/RZ__1640-768x455.jpg 768w, https:\/\/marekkuchcinski.pl\/wp-content\/uploads\/2018\/06\/RZ__1640-1024x607.jpg 1024w\" sizes=\"(max-width: 2497px) 100vw, 2497px\" \/><\/a><\/p>\n<p style=\"text-align: center;\"><span style=\"color: #31729e;\"><strong>\u00dater\u00fd, 29. kv\u011btna<\/strong><\/span><\/p>\n<ul>\n<li><strong>N\u00e1v\u0161t\u011bva \u0160v\u00e9dska.<\/strong> B\u011bhem jednodenn\u00ed n\u00e1v\u0161t\u011bvy Stockholmu se p\u0159edseda Sejmu setkal se \u0161v\u00e9dsk\u00fdm kr\u00e1lem Carlem XVI Gustavem, p\u0159edsedou Riksdagu Urbanem Ahlinem, prvn\u00ed m\u00edstop\u0159edsedkyn\u00ed Rikstagu Ewou Thalen Finne, ministryn\u00ed zahrani\u010d\u00ed Margot Wallstroemovou a ministrem obrany Peterem Hultqvistem. Marek Kuchci\u0144ski p\u0159ipomn\u011bl solidaritu, kterou \u0160v\u00e9dsko projevilo Polsku b\u011bhem v\u00e1le\u010dn\u00e9ho stavu, a zd\u016fraznil dlouhodob\u011b dobr\u00e9 vztahy mezi na\u0161imi zem\u011bmi. Podle mar\u0161\u00e1la je to dobr\u00fd z\u00e1klad pro spole\u010dn\u00e9 iniciativy. Hlavn\u00edmi t\u00e9maty rozhovor\u016f byly ot\u00e1zky bezpe\u010dnosti: energetick\u00e1 bezpe\u010dnost - v souvislosti s v\u00fdstavbou Severn\u00edho proudu 2 - a v kontextu obrany proti rusk\u00e9 agresi, tj. spolupr\u00e1ce pobaltsk\u00fdch zem\u00ed a NATO, jako\u017e i pos\u00edlen\u00ed V\u00fdchodn\u00edho partnerstv\u00ed.<\/li>\n<\/ul>\n<p><a href=\"https:\/\/marekkuchcinski.pl\/wp-content\/uploads\/2018\/06\/KU333691.jpg\"><img loading=\"lazy\" decoding=\"async\" class=\"alignnone size-full wp-image-9634\" src=\"https:\/\/marekkuchcinski.pl\/wp-content\/uploads\/2018\/06\/KU333691.jpg\" alt=\"KU333691\" width=\"1800\" height=\"1200\" srcset=\"https:\/\/marekkuchcinski.pl\/wp-content\/uploads\/2018\/06\/KU333691.jpg 1800w, https:\/\/marekkuchcinski.pl\/wp-content\/uploads\/2018\/06\/KU333691-300x200.jpg 300w, https:\/\/marekkuchcinski.pl\/wp-content\/uploads\/2018\/06\/KU333691-768x512.jpg 768w, https:\/\/marekkuchcinski.pl\/wp-content\/uploads\/2018\/06\/KU333691-1024x683.jpg 1024w\" sizes=\"(max-width: 1800px) 100vw, 1800px\" \/><\/a><\/p>\n<p style=\"text-align: center;\"><span style=\"color: #31729e;\"><strong>St\u0159eda, 30. kv\u011btna<\/strong><\/span><\/p>\n<ul>\n<li><strong>Telefonick\u00fd rozhovor s p\u0159edsedou chorvatsk\u00e9ho parlamentu<\/strong><\/li>\n<\/ul>\n<p style=\"text-align: center;\"><span style=\"color: #31729e;\"><strong>\u010ctvrtek, 31. kv\u011btna<\/strong><\/span><\/p>\n<ul>\n<li><strong>Przemy\u015bl: Corpus Christi.<\/strong> \u00da\u010dast p\u0159edsedy Sejmu na m\u0161i svat\u00e9<\/li>\n<\/ul>\n<p>&nbsp;<\/p>\n<p>&nbsp;<\/p>\n<p>&nbsp;<\/p>\n<p>&nbsp;<\/p>\n<p>&nbsp;<\/p>\n<p>&nbsp;<\/p>\n<p>&nbsp;<\/p>\n<p>&nbsp;<\/p>\n<p>&nbsp;<\/p>\n<p>&nbsp;<\/p>\n<p>&nbsp;<\/p>\n<p>&nbsp;<\/p>\n<p>&nbsp;<\/p>\n<p>&nbsp;<\/p>\n<p>&nbsp;<\/p>\n<p>&nbsp;<\/p>","protected":false},"excerpt":{"rendered":"<p>\u015broda, 2 maja LIST: Dzie\u0144 Flagi \u00a0\u00a0\u00a0\u00a0 czwartek, 3 maja Przemy\u015bl: Obchody \u015awi\u0119ta Konstytucji 3 maja.\u00a0\u2013 Konstytucja 3 maja by\u0142a dzie\u0142em Sejmu Czteroletniego, ale by\u0142a tak\u017ce zwie\u0144czeniem wieloletnich wysi\u0142k\u00f3w naprawy pa\u0144stwa polskiego, wyrazem m\u0105dro\u015bci zbiorowej Polak\u00f3w, d\u0105\u017c\u0105cych do naprawy w\u0142asnego pa\u0144stwa pogr\u0105\u017conego w kryzysie oraz\u00a0dowodem na mo\u017cliwo\u015b\u0107 zawarcia kompromisu mi\u0119dzy majestatem Rzeczypospolitej w osobie kr\u00f3la [&hellip;]<\/p>","protected":false},"author":6,"featured_media":9642,"comment_status":"open","ping_status":"open","sticky":false,"template":"","format":"standard","meta":{"ngg_post_thumbnail":0,"footnotes":""},"categories":[127,82,3],"tags":[],"class_list":["post-9617","post","type-post","status-publish","format-standard","has-post-thumbnail","hentry","category-podsumowaniemiesiaca","category-prawo-i-sprawiedliwosc","category-wydarzenia"],"yoast_head":"<!-- This site is optimized with the Yoast SEO plugin v24.7 - https:\/\/yoast.com\/wordpress\/plugins\/seo\/ -->\n<title>Podsumowanie miesi\u0105ca: MAJ &#8211; Marek Kuchci\u0144ski<\/title>\n<meta name=\"robots\" content=\"index, follow, max-snippet:-1, max-image-preview:large, max-video-preview:-1\" \/>\n<link rel=\"canonical\" href=\"https:\/\/marekkuchcinski.pl\/cs\/prawo-i-sprawiedliwosc\/podsumowanie-miesiaca-maj\/\" \/>\n<meta property=\"og:locale\" content=\"cs_CZ\" \/>\n<meta property=\"og:type\" content=\"article\" \/>\n<meta property=\"og:title\" content=\"Podsumowanie miesi\u0105ca: MAJ &#8211; Marek Kuchci\u0144ski\" \/>\n<meta property=\"og:description\" content=\"\u015broda, 2 maja LIST: Dzie\u0144 Flagi \u00a0\u00a0\u00a0\u00a0 czwartek, 3 maja Przemy\u015bl: Obchody \u015awi\u0119ta Konstytucji 3 maja.\u00a0\u2013 Konstytucja 3 maja by\u0142a dzie\u0142em Sejmu Czteroletniego, ale by\u0142a tak\u017ce zwie\u0144czeniem wieloletnich wysi\u0142k\u00f3w naprawy pa\u0144stwa polskiego, wyrazem m\u0105dro\u015bci zbiorowej Polak\u00f3w, d\u0105\u017c\u0105cych do naprawy w\u0142asnego pa\u0144stwa pogr\u0105\u017conego w kryzysie oraz\u00a0dowodem na mo\u017cliwo\u015b\u0107 zawarcia kompromisu mi\u0119dzy majestatem Rzeczypospolitej w osobie kr\u00f3la [&hellip;]\" \/>\n<meta property=\"og:url\" content=\"https:\/\/marekkuchcinski.pl\/cs\/prawo-i-sprawiedliwosc\/podsumowanie-miesiaca-maj\/\" \/>\n<meta property=\"og:site_name\" content=\"Marek Kuchci\u0144ski\" \/>\n<meta property=\"article:published_time\" content=\"2018-06-06T14:25:12+00:00\" \/>\n<meta property=\"article:modified_time\" content=\"2018-06-11T09:47:35+00:00\" \/>\n<meta property=\"og:image\" content=\"https:\/\/marekkuchcinski.pl\/wp-content\/uploads\/2018\/06\/KU317068-1.jpg\" \/>\n\t<meta property=\"og:image:width\" content=\"1901\" \/>\n\t<meta property=\"og:image:height\" content=\"1342\" \/>\n\t<meta property=\"og:image:type\" content=\"image\/jpeg\" \/>\n<meta name=\"author\" content=\"admin\" \/>\n<meta name=\"twitter:card\" content=\"summary_large_image\" \/>\n<meta name=\"twitter:label1\" content=\"Napsal(a)\" \/>\n\t<meta name=\"twitter:data1\" content=\"admin\" \/>\n\t<meta name=\"twitter:label2\" content=\"Odhadovan\u00e1 doba \u010dten\u00ed\" \/>\n\t<meta name=\"twitter:data2\" content=\"10 minut\" \/>\n<script type=\"application\/ld+json\" class=\"yoast-schema-graph\">{\"@context\":\"https:\/\/schema.org\",\"@graph\":[{\"@type\":\"Article\",\"@id\":\"https:\/\/marekkuchcinski.pl\/prawo-i-sprawiedliwosc\/podsumowanie-miesiaca-maj\/#article\",\"isPartOf\":{\"@id\":\"https:\/\/marekkuchcinski.pl\/prawo-i-sprawiedliwosc\/podsumowanie-miesiaca-maj\/\"},\"author\":{\"name\":\"admin\",\"@id\":\"https:\/\/marekkuchcinski.pl\/#\/schema\/person\/6f62700996b4d950b6ea2d1183b6c6be\"},\"headline\":\"Podsumowanie miesi\u0105ca: MAJ\",\"datePublished\":\"2018-06-06T14:25:12+00:00\",\"dateModified\":\"2018-06-11T09:47:35+00:00\",\"mainEntityOfPage\":{\"@id\":\"https:\/\/marekkuchcinski.pl\/prawo-i-sprawiedliwosc\/podsumowanie-miesiaca-maj\/\"},\"wordCount\":1967,\"commentCount\":0,\"publisher\":{\"@id\":\"https:\/\/marekkuchcinski.pl\/#organization\"},\"image\":{\"@id\":\"https:\/\/marekkuchcinski.pl\/prawo-i-sprawiedliwosc\/podsumowanie-miesiaca-maj\/#primaryimage\"},\"thumbnailUrl\":\"https:\/\/marekkuchcinski.pl\/wp-content\/uploads\/2018\/06\/KU317068-1.jpg\",\"articleSection\":[\"Podsumowanie miesi\u0105ca\",\"Prawo i Sprawiedliwo\u015b\u0107\",\"Wydarzenia\"],\"inLanguage\":\"cs\",\"potentialAction\":[{\"@type\":\"CommentAction\",\"name\":\"Comment\",\"target\":[\"https:\/\/marekkuchcinski.pl\/prawo-i-sprawiedliwosc\/podsumowanie-miesiaca-maj\/#respond\"]}]},{\"@type\":\"WebPage\",\"@id\":\"https:\/\/marekkuchcinski.pl\/prawo-i-sprawiedliwosc\/podsumowanie-miesiaca-maj\/\",\"url\":\"https:\/\/marekkuchcinski.pl\/prawo-i-sprawiedliwosc\/podsumowanie-miesiaca-maj\/\",\"name\":\"Podsumowanie miesi\u0105ca: MAJ &#8211; Marek Kuchci\u0144ski\",\"isPartOf\":{\"@id\":\"https:\/\/marekkuchcinski.pl\/#website\"},\"primaryImageOfPage\":{\"@id\":\"https:\/\/marekkuchcinski.pl\/prawo-i-sprawiedliwosc\/podsumowanie-miesiaca-maj\/#primaryimage\"},\"image\":{\"@id\":\"https:\/\/marekkuchcinski.pl\/prawo-i-sprawiedliwosc\/podsumowanie-miesiaca-maj\/#primaryimage\"},\"thumbnailUrl\":\"https:\/\/marekkuchcinski.pl\/wp-content\/uploads\/2018\/06\/KU317068-1.jpg\",\"datePublished\":\"2018-06-06T14:25:12+00:00\",\"dateModified\":\"2018-06-11T09:47:35+00:00\",\"breadcrumb\":{\"@id\":\"https:\/\/marekkuchcinski.pl\/prawo-i-sprawiedliwosc\/podsumowanie-miesiaca-maj\/#breadcrumb\"},\"inLanguage\":\"cs\",\"potentialAction\":[{\"@type\":\"ReadAction\",\"target\":[\"https:\/\/marekkuchcinski.pl\/prawo-i-sprawiedliwosc\/podsumowanie-miesiaca-maj\/\"]}]},{\"@type\":\"ImageObject\",\"inLanguage\":\"cs\",\"@id\":\"https:\/\/marekkuchcinski.pl\/prawo-i-sprawiedliwosc\/podsumowanie-miesiaca-maj\/#primaryimage\",\"url\":\"https:\/\/marekkuchcinski.pl\/wp-content\/uploads\/2018\/06\/KU317068-1.jpg\",\"contentUrl\":\"https:\/\/marekkuchcinski.pl\/wp-content\/uploads\/2018\/06\/KU317068-1.jpg\",\"width\":1901,\"height\":1342},{\"@type\":\"BreadcrumbList\",\"@id\":\"https:\/\/marekkuchcinski.pl\/prawo-i-sprawiedliwosc\/podsumowanie-miesiaca-maj\/#breadcrumb\",\"itemListElement\":[{\"@type\":\"ListItem\",\"position\":1,\"name\":\"Strona g\u0142\u00f3wna\",\"item\":\"https:\/\/marekkuchcinski.pl\/\"},{\"@type\":\"ListItem\",\"position\":2,\"name\":\"Podsumowanie miesi\u0105ca: MAJ\"}]},{\"@type\":\"WebSite\",\"@id\":\"https:\/\/marekkuchcinski.pl\/#website\",\"url\":\"https:\/\/marekkuchcinski.pl\/\",\"name\":\"Marek Kuchci\u0144ski\",\"description\":\"Pose\u0142 na sejm RP &ndash; okr\u0119g nr 22\",\"publisher\":{\"@id\":\"https:\/\/marekkuchcinski.pl\/#organization\"},\"potentialAction\":[{\"@type\":\"SearchAction\",\"target\":{\"@type\":\"EntryPoint\",\"urlTemplate\":\"https:\/\/marekkuchcinski.pl\/?s={search_term_string}\"},\"query-input\":{\"@type\":\"PropertyValueSpecification\",\"valueRequired\":true,\"valueName\":\"search_term_string\"}}],\"inLanguage\":\"cs\"},{\"@type\":\"Organization\",\"@id\":\"https:\/\/marekkuchcinski.pl\/#organization\",\"name\":\"Marek Kuchci\u0144ski\",\"url\":\"https:\/\/marekkuchcinski.pl\/\",\"logo\":{\"@type\":\"ImageObject\",\"inLanguage\":\"cs\",\"@id\":\"https:\/\/marekkuchcinski.pl\/#\/schema\/logo\/image\/\",\"url\":\"https:\/\/marekkuchcinski.pl\/wp-content\/uploads\/2022\/09\/Marek.jpg\",\"contentUrl\":\"https:\/\/marekkuchcinski.pl\/wp-content\/uploads\/2022\/09\/Marek.jpg\",\"width\":1600,\"height\":971,\"caption\":\"Marek Kuchci\u0144ski\"},\"image\":{\"@id\":\"https:\/\/marekkuchcinski.pl\/#\/schema\/logo\/image\/\"}},{\"@type\":\"Person\",\"@id\":\"https:\/\/marekkuchcinski.pl\/#\/schema\/person\/6f62700996b4d950b6ea2d1183b6c6be\",\"name\":\"admin\",\"image\":{\"@type\":\"ImageObject\",\"inLanguage\":\"cs\",\"@id\":\"https:\/\/marekkuchcinski.pl\/#\/schema\/person\/image\/\",\"url\":\"https:\/\/secure.gravatar.com\/avatar\/4bab693b9d55c3d6b52c0296a8765085?s=96&d=mm&r=g\",\"contentUrl\":\"https:\/\/secure.gravatar.com\/avatar\/4bab693b9d55c3d6b52c0296a8765085?s=96&d=mm&r=g\",\"caption\":\"admin\"},\"url\":\"https:\/\/marekkuchcinski.pl\/cs\/author\/marta-olejnik\/\"}]}<\/script>\n<!-- \/ Yoast SEO plugin. -->","yoast_head_json":{"title":"Podsumowanie miesi\u0105ca: MAJ &#8211; Marek Kuchci\u0144ski","robots":{"index":"index","follow":"follow","max-snippet":"max-snippet:-1","max-image-preview":"max-image-preview:large","max-video-preview":"max-video-preview:-1"},"canonical":"https:\/\/marekkuchcinski.pl\/cs\/prawo-i-sprawiedliwosc\/podsumowanie-miesiaca-maj\/","og_locale":"cs_CZ","og_type":"article","og_title":"Podsumowanie miesi\u0105ca: MAJ &#8211; Marek Kuchci\u0144ski","og_description":"\u015broda, 2 maja LIST: Dzie\u0144 Flagi \u00a0\u00a0\u00a0\u00a0 czwartek, 3 maja Przemy\u015bl: Obchody \u015awi\u0119ta Konstytucji 3 maja.\u00a0\u2013 Konstytucja 3 maja by\u0142a dzie\u0142em Sejmu Czteroletniego, ale by\u0142a tak\u017ce zwie\u0144czeniem wieloletnich wysi\u0142k\u00f3w naprawy pa\u0144stwa polskiego, wyrazem m\u0105dro\u015bci zbiorowej Polak\u00f3w, d\u0105\u017c\u0105cych do naprawy w\u0142asnego pa\u0144stwa pogr\u0105\u017conego w kryzysie oraz\u00a0dowodem na mo\u017cliwo\u015b\u0107 zawarcia kompromisu mi\u0119dzy majestatem Rzeczypospolitej w osobie kr\u00f3la [&hellip;]","og_url":"https:\/\/marekkuchcinski.pl\/cs\/prawo-i-sprawiedliwosc\/podsumowanie-miesiaca-maj\/","og_site_name":"Marek Kuchci\u0144ski","article_published_time":"2018-06-06T14:25:12+00:00","article_modified_time":"2018-06-11T09:47:35+00:00","og_image":[{"width":1901,"height":1342,"url":"https:\/\/marekkuchcinski.pl\/wp-content\/uploads\/2018\/06\/KU317068-1.jpg","type":"image\/jpeg"}],"author":"admin","twitter_card":"summary_large_image","twitter_misc":{"Napsal(a)":"admin","Odhadovan\u00e1 doba \u010dten\u00ed":"10 minut"},"schema":{"@context":"https:\/\/schema.org","@graph":[{"@type":"Article","@id":"https:\/\/marekkuchcinski.pl\/prawo-i-sprawiedliwosc\/podsumowanie-miesiaca-maj\/#article","isPartOf":{"@id":"https:\/\/marekkuchcinski.pl\/prawo-i-sprawiedliwosc\/podsumowanie-miesiaca-maj\/"},"author":{"name":"admin","@id":"https:\/\/marekkuchcinski.pl\/#\/schema\/person\/6f62700996b4d950b6ea2d1183b6c6be"},"headline":"Podsumowanie miesi\u0105ca: MAJ","datePublished":"2018-06-06T14:25:12+00:00","dateModified":"2018-06-11T09:47:35+00:00","mainEntityOfPage":{"@id":"https:\/\/marekkuchcinski.pl\/prawo-i-sprawiedliwosc\/podsumowanie-miesiaca-maj\/"},"wordCount":1967,"commentCount":0,"publisher":{"@id":"https:\/\/marekkuchcinski.pl\/#organization"},"image":{"@id":"https:\/\/marekkuchcinski.pl\/prawo-i-sprawiedliwosc\/podsumowanie-miesiaca-maj\/#primaryimage"},"thumbnailUrl":"https:\/\/marekkuchcinski.pl\/wp-content\/uploads\/2018\/06\/KU317068-1.jpg","articleSection":["Podsumowanie miesi\u0105ca","Prawo i Sprawiedliwo\u015b\u0107","Wydarzenia"],"inLanguage":"cs","potentialAction":[{"@type":"CommentAction","name":"Comment","target":["https:\/\/marekkuchcinski.pl\/prawo-i-sprawiedliwosc\/podsumowanie-miesiaca-maj\/#respond"]}]},{"@type":"WebPage","@id":"https:\/\/marekkuchcinski.pl\/prawo-i-sprawiedliwosc\/podsumowanie-miesiaca-maj\/","url":"https:\/\/marekkuchcinski.pl\/prawo-i-sprawiedliwosc\/podsumowanie-miesiaca-maj\/","name":"Podsumowanie miesi\u0105ca: MAJ &#8211; Marek Kuchci\u0144ski","isPartOf":{"@id":"https:\/\/marekkuchcinski.pl\/#website"},"primaryImageOfPage":{"@id":"https:\/\/marekkuchcinski.pl\/prawo-i-sprawiedliwosc\/podsumowanie-miesiaca-maj\/#primaryimage"},"image":{"@id":"https:\/\/marekkuchcinski.pl\/prawo-i-sprawiedliwosc\/podsumowanie-miesiaca-maj\/#primaryimage"},"thumbnailUrl":"https:\/\/marekkuchcinski.pl\/wp-content\/uploads\/2018\/06\/KU317068-1.jpg","datePublished":"2018-06-06T14:25:12+00:00","dateModified":"2018-06-11T09:47:35+00:00","breadcrumb":{"@id":"https:\/\/marekkuchcinski.pl\/prawo-i-sprawiedliwosc\/podsumowanie-miesiaca-maj\/#breadcrumb"},"inLanguage":"cs","potentialAction":[{"@type":"ReadAction","target":["https:\/\/marekkuchcinski.pl\/prawo-i-sprawiedliwosc\/podsumowanie-miesiaca-maj\/"]}]},{"@type":"ImageObject","inLanguage":"cs","@id":"https:\/\/marekkuchcinski.pl\/prawo-i-sprawiedliwosc\/podsumowanie-miesiaca-maj\/#primaryimage","url":"https:\/\/marekkuchcinski.pl\/wp-content\/uploads\/2018\/06\/KU317068-1.jpg","contentUrl":"https:\/\/marekkuchcinski.pl\/wp-content\/uploads\/2018\/06\/KU317068-1.jpg","width":1901,"height":1342},{"@type":"BreadcrumbList","@id":"https:\/\/marekkuchcinski.pl\/prawo-i-sprawiedliwosc\/podsumowanie-miesiaca-maj\/#breadcrumb","itemListElement":[{"@type":"ListItem","position":1,"name":"Strona g\u0142\u00f3wna","item":"https:\/\/marekkuchcinski.pl\/"},{"@type":"ListItem","position":2,"name":"Podsumowanie miesi\u0105ca: MAJ"}]},{"@type":"WebSite","@id":"https:\/\/marekkuchcinski.pl\/#website","url":"https:\/\/marekkuchcinski.pl\/","name":"Marek Kuchci\u0144ski","description":"Pose\u0142 na sejm RP &ndash; okr\u0119g nr 22","publisher":{"@id":"https:\/\/marekkuchcinski.pl\/#organization"},"potentialAction":[{"@type":"SearchAction","target":{"@type":"EntryPoint","urlTemplate":"https:\/\/marekkuchcinski.pl\/?s={search_term_string}"},"query-input":{"@type":"PropertyValueSpecification","valueRequired":true,"valueName":"search_term_string"}}],"inLanguage":"cs"},{"@type":"Organization","@id":"https:\/\/marekkuchcinski.pl\/#organization","name":"Marek Kuchci\u0144ski","url":"https:\/\/marekkuchcinski.pl\/","logo":{"@type":"ImageObject","inLanguage":"cs","@id":"https:\/\/marekkuchcinski.pl\/#\/schema\/logo\/image\/","url":"https:\/\/marekkuchcinski.pl\/wp-content\/uploads\/2022\/09\/Marek.jpg","contentUrl":"https:\/\/marekkuchcinski.pl\/wp-content\/uploads\/2022\/09\/Marek.jpg","width":1600,"height":971,"caption":"Marek Kuchci\u0144ski"},"image":{"@id":"https:\/\/marekkuchcinski.pl\/#\/schema\/logo\/image\/"}},{"@type":"Person","@id":"https:\/\/marekkuchcinski.pl\/#\/schema\/person\/6f62700996b4d950b6ea2d1183b6c6be","name":"admin","image":{"@type":"ImageObject","inLanguage":"cs","@id":"https:\/\/marekkuchcinski.pl\/#\/schema\/person\/image\/","url":"https:\/\/secure.gravatar.com\/avatar\/4bab693b9d55c3d6b52c0296a8765085?s=96&d=mm&r=g","contentUrl":"https:\/\/secure.gravatar.com\/avatar\/4bab693b9d55c3d6b52c0296a8765085?s=96&d=mm&r=g","caption":"admin"},"url":"https:\/\/marekkuchcinski.pl\/cs\/author\/marta-olejnik\/"}]}},"_links":{"self":[{"href":"https:\/\/marekkuchcinski.pl\/cs\/wp-json\/wp\/v2\/posts\/9617","targetHints":{"allow":["GET"]}}],"collection":[{"href":"https:\/\/marekkuchcinski.pl\/cs\/wp-json\/wp\/v2\/posts"}],"about":[{"href":"https:\/\/marekkuchcinski.pl\/cs\/wp-json\/wp\/v2\/types\/post"}],"author":[{"embeddable":true,"href":"https:\/\/marekkuchcinski.pl\/cs\/wp-json\/wp\/v2\/users\/6"}],"replies":[{"embeddable":true,"href":"https:\/\/marekkuchcinski.pl\/cs\/wp-json\/wp\/v2\/comments?post=9617"}],"version-history":[{"count":11,"href":"https:\/\/marekkuchcinski.pl\/cs\/wp-json\/wp\/v2\/posts\/9617\/revisions"}],"predecessor-version":[{"id":9677,"href":"https:\/\/marekkuchcinski.pl\/cs\/wp-json\/wp\/v2\/posts\/9617\/revisions\/9677"}],"wp:featuredmedia":[{"embeddable":true,"href":"https:\/\/marekkuchcinski.pl\/cs\/wp-json\/wp\/v2\/media\/9642"}],"wp:attachment":[{"href":"https:\/\/marekkuchcinski.pl\/cs\/wp-json\/wp\/v2\/media?parent=9617"}],"wp:term":[{"taxonomy":"category","embeddable":true,"href":"https:\/\/marekkuchcinski.pl\/cs\/wp-json\/wp\/v2\/categories?post=9617"},{"taxonomy":"post_tag","embeddable":true,"href":"https:\/\/marekkuchcinski.pl\/cs\/wp-json\/wp\/v2\/tags?post=9617"}],"curies":[{"name":"wp","href":"https:\/\/api.w.org\/{rel}","templated":true}]}}