{"id":9565,"date":"2018-05-28T14:43:57","date_gmt":"2018-05-28T12:43:57","guid":{"rendered":"https:\/\/marekkuchcinski.pl\/?p=9565"},"modified":"2018-05-28T14:44:53","modified_gmt":"2018-05-28T12:44:53","slug":"marszalek-sejmu-szczytu-nato-parlamenty-panstw-czlonkowskich-maja-odegrania-wazna-role-procesie-wzmacniania-sojuszu-zadaniem-kluczowym-usprawnienie-procedur-decyzyjnych","status":"publish","type":"post","link":"https:\/\/marekkuchcinski.pl\/cs\/wydarzenia\/marszalek-sejmu-szczytu-nato-parlamenty-panstw-czlonkowskich-maja-odegrania-wazna-role-procesie-wzmacniania-sojuszu-zadaniem-kluczowym-usprawnienie-procedur-decyzyjnych\/","title":{"rendered":"P\u0159edseda Sejmu b\u011bhem summitu NATO: Parlamenty \u010dlensk\u00fdch st\u00e1t\u016f hraj\u00ed d\u016fle\u017eitou roli p\u0159i posilov\u00e1n\u00ed Aliance. Kl\u00ed\u010dov\u00fdm \u00fakolem je zefektivnit rozhodovac\u00ed postupy."},"content":{"rendered":"<p>V polsk\u00e9m Sejmu se konalo jarn\u00ed plen\u00e1rn\u00ed zased\u00e1n\u00ed Parlamentn\u00edho shrom\u00e1\u017ed\u011bn\u00ed NATO. Jak zd\u016fraznil p\u0159edseda Sejmu, se\u0161la se, aby zhodnotila politickou a bezpe\u010dnostn\u00ed situaci a stanovila \u00fakoly do budoucna, kter\u00e9 budou na\u0161\u00edm p\u0159\u00edsp\u011bvkem k \u010dervencov\u00e9mu summitu Aliance.<\/p>\n<p>Podle Kuchcinsk\u00e9ho anal\u00fdza stavu bezpe\u010dnosti v atlantick\u00e9m spole\u010denstv\u00ed nevzbuzuje optimismus. - V mnoha regionech se vr\u00e1tily tradi\u010dn\u00ed vojensk\u00e9 hrozby a nyn\u00ed je tento seznam \"obohacen\" o nov\u00e9 hrozby hybridn\u00ed povahy a v oblasti kybernetick\u00e9 bezpe\u010dnosti. Z\u0159eteln\u011b je vid\u00edme na v\u00fdchodn\u00edm k\u0159\u00eddle Aliance,\" \u0159ekl.<\/p>\n<p>Marek Kuchci\u0144ski zd\u016fraznil, \u017ee parlamenty \u010dlensk\u00fdch st\u00e1t\u016f hraj\u00ed v procesu posilov\u00e1n\u00ed Aliance d\u016fle\u017eitou roli. - Je na n\u00e1s, abychom ji podpo\u0159ili konkr\u00e9tn\u00edmi pr\u00e1vn\u00edmi \u0159e\u0161en\u00edmi a rozpo\u010dtov\u00fdmi rozhodnut\u00edmi. Kl\u00ed\u010dov\u00fdm \u00fakolem v tomto ohledu je zefektivnit rozhodovac\u00ed postupy jak v r\u00e1mci Aliance jako struktury, tak na \u00farovni jednotliv\u00fdch st\u00e1t\u016f, uvedl.<\/p>\n<p>Mluv\u010d\u00ed zd\u016fraznil, \u017ee v sou\u010dasn\u00e9 mezin\u00e1rodn\u00ed situaci je nezbytn\u00e1 st\u00e1l\u00e1 p\u0159\u00edtomnost sil Aliance na jej\u00edm v\u00fdchodn\u00edm k\u0159\u00eddle. - Proto s radost\u00ed a nad\u011bj\u00ed v\u00edt\u00e1me rozhodnut\u00ed Sen\u00e1tu Spojen\u00fdch st\u00e1t\u016f americk\u00fdch z 24. kv\u011btna tohoto roku podpo\u0159it trval\u00e9 um\u00edst\u011bn\u00ed brig\u00e1dy americk\u00fdch voj\u00e1k\u016f v Polsku,\" \u0159ekl Kuchci\u0144ski.<\/p>\n<p>Sejm Polsk\u00e9 republiky Sejm Polsk\u00e9 republiky podporuje politiku st\u00e1tu a vl\u00e1dy a p\u0159ij\u00edm\u00e1 opat\u0159en\u00ed pro v\u0161estrannou spolupr\u00e1ci ve st\u0159edn\u00ed a v\u00fdchodn\u00ed Evrop\u011b. Od roku 2016 po\u0159\u00e1d\u00e1me konferenci p\u0159edsed\u016f parlament\u016f regionu. Zahrnuje parlamenty zem\u00ed, kter\u00e9 jsou \u010dleny Aliance, usiluj\u00ed o \u00fa\u010dast v Paktu a z\u016fst\u00e1vaj\u00ed mimo n\u011bj.<\/p>\n<p>P\u0159edseda zd\u016fraznil, \u017ee dve\u0159e do Aliance by m\u011bly b\u00fdt otev\u0159eny v\u0161em evropsk\u00fdm zem\u00edm, kter\u00e9 sd\u00edlej\u00ed hodnoty na\u0161eho spole\u010denstv\u00ed a vyjad\u0159uj\u00ed ochotu a p\u0159ipravenost p\u0159ijmout z\u00e1vazky vypl\u00fdvaj\u00edc\u00ed z \u010dlenstv\u00ed v Alianci. Podporujeme prov\u00e1d\u011bn\u00ed prohl\u00e1\u0161en\u00ed Aliance ve vztahu k Ukrajin\u011b a Gruzii, nebo\u0165 setrv\u00e1n\u00ed mimo Alianci ohro\u017euje jej\u00ed stabilitu.<\/p>\n<p>Parlamentn\u00ed summit NATO se konal od 25. do 28. kv\u011btna. Diskutovalo n\u011bkolik stovek poslanc\u016f z \u010dlensk\u00fdch st\u00e1t\u016f, jako\u017e i z p\u0159idru\u017een\u00fdch zem\u00ed a zem\u00ed se statusem pozorovatele. - \"Jedn\u00e1 se o velmi d\u016fle\u017eitou ud\u00e1lost z hlediska cel\u00e9 Aliance a Polska,\" zd\u016fraznil p\u0159edseda ZP NATO Paolo Alli. - Polsko letos slav\u00ed v\u00fdznamn\u00e1 v\u00fdro\u010d\u00ed: 100 let od znovuz\u00edsk\u00e1n\u00ed nez\u00e1vislosti a 550 let polsk\u00e9ho parlamentarismu. P\u0159i t\u011bchto p\u0159\u00edle\u017eitostech m\u00e1 na\u0161e setk\u00e1n\u00ed ve Var\u0161av\u011b zvl\u00e1\u0161tn\u00ed v\u00fdznam,\" zd\u016fraznil. Italsk\u00fd politik zd\u016fraznil, \u017ee NATO projevilo silnou solidaritu s Polskem. Uvedl, \u017ee p\u0159izp\u016fsoben\u00ed se nov\u00fdm v\u00fdzv\u00e1m, kter\u00e9 se objevily na v\u00fdchod\u011b, pos\u00edlilo odstra\u0161en\u00ed a schopnosti kolektivn\u00ed obrany. - V Pobalt\u00ed a Polsku m\u00e1me n\u011bkolik bojov\u00fdch skupin. Tak\u00e9 p\u0159\u00edtomnost americk\u00e9ho kontingentu je jasn\u00fdm projevem na\u0161\u00ed solidarity s Polskem,\" zd\u016fraznil vedouc\u00ed ZP NATO Paolo Alli. - Uv\u011bdomujeme si, \u017ee v\u00fdchodn\u00ed hranice Polska je v\u00fdchodn\u00ed hranic\u00ed NATO. Solidarita nen\u00ed jen pr\u00e1zdn\u00e9 slovo, ale n\u011bco velmi konkr\u00e9tn\u00edho a praktick\u00e9ho,\" vysv\u011btlil.<\/p>\n<p><em>Foto: Rafa\u0142 Zambrzycki<\/em><\/p>\n<p><a href=\"https:\/\/marekkuchcinski.pl\/wp-content\/uploads\/2018\/05\/RZ__1507.jpg\"><img fetchpriority=\"high\" decoding=\"async\" class=\"alignnone size-full wp-image-9567\" src=\"https:\/\/marekkuchcinski.pl\/wp-content\/uploads\/2018\/05\/RZ__1507.jpg\" alt=\"RZ__1507\" width=\"3360\" height=\"2240\" srcset=\"https:\/\/marekkuchcinski.pl\/wp-content\/uploads\/2018\/05\/RZ__1507.jpg 2048w, https:\/\/marekkuchcinski.pl\/wp-content\/uploads\/2018\/05\/RZ__1507-300x200.jpg 300w, https:\/\/marekkuchcinski.pl\/wp-content\/uploads\/2018\/05\/RZ__1507-768x512.jpg 768w, https:\/\/marekkuchcinski.pl\/wp-content\/uploads\/2018\/05\/RZ__1507-1024x683.jpg 1024w\" sizes=\"(max-width: 3360px) 100vw, 3360px\" \/><\/a> <a href=\"https:\/\/marekkuchcinski.pl\/wp-content\/uploads\/2018\/05\/RZ__1542.jpg\"><img decoding=\"async\" class=\"alignnone size-full wp-image-9569\" src=\"https:\/\/marekkuchcinski.pl\/wp-content\/uploads\/2018\/05\/RZ__1542.jpg\" alt=\"RZ__1542\" width=\"3360\" height=\"2240\" srcset=\"https:\/\/marekkuchcinski.pl\/wp-content\/uploads\/2018\/05\/RZ__1542.jpg 2048w, https:\/\/marekkuchcinski.pl\/wp-content\/uploads\/2018\/05\/RZ__1542-300x200.jpg 300w, https:\/\/marekkuchcinski.pl\/wp-content\/uploads\/2018\/05\/RZ__1542-768x512.jpg 768w, https:\/\/marekkuchcinski.pl\/wp-content\/uploads\/2018\/05\/RZ__1542-1024x683.jpg 1024w\" sizes=\"(max-width: 3360px) 100vw, 3360px\" \/><\/a> <a href=\"https:\/\/marekkuchcinski.pl\/wp-content\/uploads\/2018\/05\/RZ__1640.jpg\"><img decoding=\"async\" class=\"alignnone size-full wp-image-9570\" src=\"https:\/\/marekkuchcinski.pl\/wp-content\/uploads\/2018\/05\/RZ__1640.jpg\" alt=\"RZ__1640\" width=\"2497\" height=\"1479\" srcset=\"https:\/\/marekkuchcinski.pl\/wp-content\/uploads\/2018\/05\/RZ__1640.jpg 2048w, https:\/\/marekkuchcinski.pl\/wp-content\/uploads\/2018\/05\/RZ__1640-300x178.jpg 300w, https:\/\/marekkuchcinski.pl\/wp-content\/uploads\/2018\/05\/RZ__1640-768x455.jpg 768w, https:\/\/marekkuchcinski.pl\/wp-content\/uploads\/2018\/05\/RZ__1640-1024x607.jpg 1024w\" sizes=\"(max-width: 2497px) 100vw, 2497px\" \/><\/a><\/p>\n<p>&nbsp;<\/p>\n<p>&nbsp;<\/p>\n<p>&nbsp;<\/p>","protected":false},"excerpt":{"rendered":"<p>W Sejmie RP odby\u0142a si\u0119 wiosenna sesja plenarna Zgromadzenia Parlamentarnego NATO. Jak podkre\u015bli\u0142 marsza\u0142ek Sejmu, zebrano si\u0119, by oceni\u0107 sytuacj\u0119 polityczn\u0105 i sytuacj\u0119 w dziedzinie bezpiecze\u0144stwa oraz okre\u015bli\u0107 zadania na przysz\u0142o\u015b\u0107, co stanowi\u0107 b\u0119dzie nasz wk\u0142ad do lipcowego szczytu Sojuszu. Wed\u0142ug Kuchci\u0144skiego analiza stanu bezpiecze\u0144stwa wsp\u00f3lnoty atlantyckiej nie napawa optymizmem. \u2013 W wielu regionach powr\u00f3ci\u0142y [&hellip;]<\/p>\n","protected":false},"author":6,"featured_media":9570,"comment_status":"open","ping_status":"open","sticky":false,"template":"","format":"standard","meta":{"ngg_post_thumbnail":0,"footnotes":""},"categories":[81,50,3],"tags":[],"class_list":["post-9565","post","type-post","status-publish","format-standard","has-post-thumbnail","hentry","category-wiesci-z-sejmu","category-wspolpraca-miedzynarodowa","category-wydarzenia"],"_links":{"self":[{"href":"https:\/\/marekkuchcinski.pl\/cs\/wp-json\/wp\/v2\/posts\/9565","targetHints":{"allow":["GET"]}}],"collection":[{"href":"https:\/\/marekkuchcinski.pl\/cs\/wp-json\/wp\/v2\/posts"}],"about":[{"href":"https:\/\/marekkuchcinski.pl\/cs\/wp-json\/wp\/v2\/types\/post"}],"author":[{"embeddable":true,"href":"https:\/\/marekkuchcinski.pl\/cs\/wp-json\/wp\/v2\/users\/6"}],"replies":[{"embeddable":true,"href":"https:\/\/marekkuchcinski.pl\/cs\/wp-json\/wp\/v2\/comments?post=9565"}],"version-history":[{"count":3,"href":"https:\/\/marekkuchcinski.pl\/cs\/wp-json\/wp\/v2\/posts\/9565\/revisions"}],"predecessor-version":[{"id":9572,"href":"https:\/\/marekkuchcinski.pl\/cs\/wp-json\/wp\/v2\/posts\/9565\/revisions\/9572"}],"wp:featuredmedia":[{"embeddable":true,"href":"https:\/\/marekkuchcinski.pl\/cs\/wp-json\/wp\/v2\/media\/9570"}],"wp:attachment":[{"href":"https:\/\/marekkuchcinski.pl\/cs\/wp-json\/wp\/v2\/media?parent=9565"}],"wp:term":[{"taxonomy":"category","embeddable":true,"href":"https:\/\/marekkuchcinski.pl\/cs\/wp-json\/wp\/v2\/categories?post=9565"},{"taxonomy":"post_tag","embeddable":true,"href":"https:\/\/marekkuchcinski.pl\/cs\/wp-json\/wp\/v2\/tags?post=9565"}],"curies":[{"name":"wp","href":"https:\/\/api.w.org\/{rel}","templated":true}]}}