{"id":9560,"date":"2018-05-28T13:06:54","date_gmt":"2018-05-28T11:06:54","guid":{"rendered":"https:\/\/marekkuchcinski.pl\/?p=9560"},"modified":"2018-05-28T13:06:54","modified_gmt":"2018-05-28T11:06:54","slug":"nowy-sacz-sanok-spotkanie-marszalka-sejmu-mieszkancami-ramach-konwencji-polska-jedna","status":"publish","type":"post","link":"https:\/\/marekkuchcinski.pl\/cs\/prawo-i-sprawiedliwosc\/nowy-sacz-sanok-spotkanie-marszalka-sejmu-mieszkancami-ramach-konwencji-polska-jedna\/","title":{"rendered":"Nowy S\u0105cz a Sanok: setk\u00e1n\u00ed p\u0159edsedy Sejmu s obyvateli v r\u00e1mci sjezdu \"Polsko je jedno\""},"content":{"rendered":"<p>P\u0159edseda Sejmu Marek Kuchci\u0144ski se v sobotu setkal s obyvateli m\u011bst Nowy S\u0105cz a Sanok. B\u011bhem jedn\u00e1n\u00ed zd\u016fraznil, \u017ee strana Pr\u00e1vo a spravedlnost p\u0159ikl\u00e1d\u00e1 velk\u00fd v\u00fdznam prorodinn\u00e9 politice. B\u011bhem 2,5 roku vl\u00e1da Pr\u00e1va a spravedlnosti zavedla program Rodina 500+, bezplatn\u00e9 l\u00e9ky pro seniory, sn\u00ed\u017eila v\u011bk odchodu do d\u016fchodu, omezila ned\u011bln\u00ed obchod a zv\u00fd\u0161ila \u00fa\u010dinnost vym\u00e1h\u00e1n\u00ed v\u00fd\u017eivn\u00e9ho. Krom\u011b toho provedl reformu \u0161kolstv\u00ed, da\u0148ov\u00e9 spr\u00e1vy, zah\u00e1jil boj proti divok\u00e9 reprivatizaci. P\u0159edseda parlamentu p\u0159ipomn\u011bl, \u017ee p\u0159ed n\u011bkolika m\u011bs\u00edci p\u0159edstavil premi\u00e9r Mateusz Morawiecki na celost\u00e1tn\u00edm sjezdu ve Var\u0161av\u011b program opat\u0159en\u00ed ke zm\u011bn\u011b Polska. Mezi po\u017eadavky pat\u0159\u00ed sn\u00ed\u017een\u00ed dan\u011b z p\u0159\u00edjm\u016f pr\u00e1vnick\u00fdch osob pro mal\u00e9 podniky z 15 na 9 %, co\u017e je nejni\u017e\u0161\u00ed \u00farove\u0148 v Evropsk\u00e9 unii, zaveden\u00ed mal\u00e9ho fondu soci\u00e1ln\u00edho poji\u0161t\u011bn\u00ed vypo\u010d\u00edtan\u00e9ho v pom\u011bru k tr\u017eb\u00e1m pro podniky s m\u011bs\u00ed\u010dn\u00edm obratem do 2,5 minim\u00e1ln\u00edch mezd, v\u00fdsluhov\u00fd p\u0159\u00edsp\u011bvek 300 PLN na za\u010d\u00e1tku \u0161koln\u00edho roku pro ka\u017ed\u00e9ho \u017e\u00e1ka nastupuj\u00edc\u00edho na z\u00e1kladn\u00ed a st\u0159edn\u00ed \u0161kolu, nov\u00fd fond na v\u00fdstavbu m\u00edstn\u00edch komunikac\u00ed v hodnot\u011b nejm\u00e9n\u011b 5 miliard PLN, co\u017e znamen\u00e1 tis\u00edce kilometr\u016f zrekonstruovan\u00fdch silnic ve vesnic\u00edch, mal\u00fdch m\u011bstech, obc\u00edch a okresech, a program Dostupnost+ na odstran\u011bn\u00ed bari\u00e9r pro zdravotn\u011b posti\u017een\u00e9 (v\u00edce ne\u017e 20 miliard PLN b\u011bhem 8 let).<\/p>\n<p>Marek Kuchci\u0144ski zd\u016fraznil, \u017ee stran\u011b Pr\u00e1vo a spravedlnost nebude p\u0159i zav\u00e1d\u011bn\u00ed zm\u011bn chyb\u011bt odhodl\u00e1n\u00ed. Z\u00e1rove\u0148 zd\u016fraznil, \u017ee si je v\u011bdom toho, \u017ee existuj\u00ed s\u00edly, kter\u00e9 stoj\u00ed za t\u00edm, \u017ee Polsko je st\u00ednov\u00fd st\u00e1t - neplatit dan\u011b, poru\u0161ovat z\u00e1kony a podkop\u00e1vat postaven\u00ed na\u0161\u00ed zem\u011b.<\/p>\n<p>Mar\u0161\u00e1l Kuchci\u0144ski v souvislosti s protesty zdravotn\u011b posti\u017een\u00fdch v Sejmu zd\u016fraznil, \u017ee nen\u00ed pravda, \u017ee o n\u011b nen\u00ed postar\u00e1no, a \u017ee posouzen\u00ed, zda \u00fa\u0159ady poru\u0161ily z\u00e1kon, p\u0159\u00edslu\u0161\u00ed \u00dastavn\u00edmu soudu. - Je to velmi t\u011b\u017ek\u00e1 a smutn\u00e1 z\u00e1le\u017eitost - \u0159ekl p\u0159edseda parlamentu. - Tito lid\u00e9 jsou politiky vyu\u017e\u00edv\u00e1ni k \u010dist\u011b politick\u00e9 akci - zhodnotil.  Dodal, \u017ee v Polsku \u017eije 4,7 milionu osob se zdravotn\u00edm posti\u017een\u00edm a k t\u00e9to problematice je t\u0159eba p\u0159istupovat systematicky. - Dosud, po cel\u00e1 desetilet\u00ed od dob Polsk\u00e9 lidov\u00e9 republiky, ale i za vl\u00e1d na\u0161ich p\u0159edch\u016fdc\u016f, se zdravotn\u011b posti\u017een\u00ed ne\u0159e\u0161ili syst\u00e9mov\u011b, byli schov\u00e1v\u00e1ni n\u011bkde v \u0161upl\u00edku, pos\u00edl\u00e1ni pry\u010d, zav\u00edraly se p\u0159ed nimi o\u010di - zd\u016fraznil Kuchci\u0144ski.<\/p>\n<p>V M\u011bstsk\u00e9m kulturn\u00edm st\u0159edisku v Nov\u00e9m Saczu byli krom\u011b obyvatel Nov\u00e9ho Saczu a S\u0105cze p\u0159\u00edtomni: J\u00f3zef Le\u015bniak - poslanec, Wies\u0142aw Janczyk - poslanec, Jan Duda - poslanec, Ryszard Nowak - prezident Nov\u00e9ho Saczu, Jerzy Gwi\u017cd\u017c a Wojciech Piech - viceprezidenti Nov\u00e9ho Saczu, Janusz Kwiatkowski - p\u0159edseda Rady m\u011bsta Nov\u00fd Sacz, Krzysztof G\u0142uc - jeden z navr\u017een\u00fdch kandid\u00e1t\u016f PiS na prezidenta Nov\u00e9ho Saczu a Patryk Wicher - vedouc\u00ed m\u011bstsk\u00fdch struktur Pr\u00e1va a spravedlnosti.<\/p>\n<p>V Sanoku, ve Sportovn\u011b-didaktick\u00e9m centru, Marka Kuchci\u0144sk\u00e9ho doprov\u00e1zeli poslanec Piotr Babinetz, poslanec Piotr Uruski, mar\u0161\u00e1lek Podkarpatsk\u00e9ho vojvodstv\u00ed W\u0142adys\u0142aw Ortyl a starosta Sanoku Tadeusz Pi\u00f3ro.<\/p>\n<p><span style=\"color: #33cccc;\"><em>http:\/\/rzeszow.tvp.pl\/37381922\/kolejna-odslona-kampanii-pis-na-podkarpaciu<\/em><\/span><\/p>\n<p><a href=\"https:\/\/marekkuchcinski.pl\/wp-content\/uploads\/2018\/05\/20180526_175535.jpg\"><img fetchpriority=\"high\" decoding=\"async\" class=\"alignnone size-full wp-image-9562\" src=\"https:\/\/marekkuchcinski.pl\/wp-content\/uploads\/2018\/05\/20180526_175535.jpg\" alt=\"20180526_175535\" width=\"1980\" height=\"1155\" srcset=\"https:\/\/marekkuchcinski.pl\/wp-content\/uploads\/2018\/05\/20180526_175535.jpg 1980w, https:\/\/marekkuchcinski.pl\/wp-content\/uploads\/2018\/05\/20180526_175535-300x175.jpg 300w, https:\/\/marekkuchcinski.pl\/wp-content\/uploads\/2018\/05\/20180526_175535-768x448.jpg 768w, https:\/\/marekkuchcinski.pl\/wp-content\/uploads\/2018\/05\/20180526_175535-1024x597.jpg 1024w\" sizes=\"(max-width: 1980px) 100vw, 1980px\" \/><\/a><\/p>\n<p>&nbsp;<\/p>\n<p>&nbsp;<\/p>\n<p>&nbsp;<\/p>\n<p>&nbsp;<\/p>\n<p>&nbsp;<\/p>\n<p>&nbsp;<\/p>\n<p>&nbsp;<\/p>\n<p>&nbsp;<\/p>","protected":false},"excerpt":{"rendered":"<p>W sobot\u0119 marsza\u0142ek Sejmu Marek Kuchci\u0144ski spotka\u0142 si\u0119 z mieszka\u0144cami Nowego S\u0105cza i Sanoka. W czasie spotka\u0144 podkre\u015bli\u0142, i\u017c Prawo i Sprawiedliwo\u015b\u0107 przywi\u0105zuje ogromn\u0105 wag\u0119 do polityki prorodzinnej. Rz\u0105d PiS w ci\u0105gu 2,5 roku wprowadzi\u0142 program Rodzina 500+, bezp\u0142atne leki dla senior\u00f3w, obni\u017cy\u0142 wiek emerytalny, ograniczy\u0142 handel w niedziel\u0119, zwi\u0119kszy\u0142 skuteczno\u015bci \u015bci\u0105gania aliment\u00f3w. Ponadto przeprowadzono [&hellip;]<\/p>","protected":false},"author":6,"featured_media":9562,"comment_status":"open","ping_status":"open","sticky":false,"template":"","format":"standard","meta":{"ngg_post_thumbnail":0,"footnotes":""},"categories":[49,82,3],"tags":[],"class_list":["post-9560","post","type-post","status-publish","format-standard","has-post-thumbnail","hentry","category-podkarpacie","category-prawo-i-sprawiedliwosc","category-wydarzenia"],"yoast_head":"<!-- This site is optimized with the Yoast SEO plugin v24.7 - https:\/\/yoast.com\/wordpress\/plugins\/seo\/ -->\n<title>Nowy S\u0105cz i Sanok: spotkanie marsza\u0142ka Sejmu z mieszka\u0144cami w ramach konwencji \u201ePolska jest jedna&quot; &#8211; Marek Kuchci\u0144ski<\/title>\n<meta name=\"robots\" content=\"index, follow, max-snippet:-1, max-image-preview:large, max-video-preview:-1\" \/>\n<link rel=\"canonical\" href=\"https:\/\/marekkuchcinski.pl\/cs\/prawo-i-sprawiedliwosc\/nowy-sacz-sanok-spotkanie-marszalka-sejmu-mieszkancami-ramach-konwencji-polska-jedna\/\" \/>\n<meta property=\"og:locale\" content=\"cs_CZ\" \/>\n<meta property=\"og:type\" content=\"article\" \/>\n<meta property=\"og:title\" content=\"Nowy S\u0105cz i Sanok: spotkanie marsza\u0142ka Sejmu z mieszka\u0144cami w ramach konwencji \u201ePolska jest jedna&quot; &#8211; Marek Kuchci\u0144ski\" \/>\n<meta property=\"og:description\" content=\"W sobot\u0119 marsza\u0142ek Sejmu Marek Kuchci\u0144ski spotka\u0142 si\u0119 z mieszka\u0144cami Nowego S\u0105cza i Sanoka. W czasie spotka\u0144 podkre\u015bli\u0142, i\u017c Prawo i Sprawiedliwo\u015b\u0107 przywi\u0105zuje ogromn\u0105 wag\u0119 do polityki prorodzinnej. Rz\u0105d PiS w ci\u0105gu 2,5 roku wprowadzi\u0142 program Rodzina 500+, bezp\u0142atne leki dla senior\u00f3w, obni\u017cy\u0142 wiek emerytalny, ograniczy\u0142 handel w niedziel\u0119, zwi\u0119kszy\u0142 skuteczno\u015bci \u015bci\u0105gania aliment\u00f3w. Ponadto przeprowadzono [&hellip;]\" \/>\n<meta property=\"og:url\" content=\"https:\/\/marekkuchcinski.pl\/cs\/prawo-i-sprawiedliwosc\/nowy-sacz-sanok-spotkanie-marszalka-sejmu-mieszkancami-ramach-konwencji-polska-jedna\/\" \/>\n<meta property=\"og:site_name\" content=\"Marek Kuchci\u0144ski\" \/>\n<meta property=\"article:published_time\" content=\"2018-05-28T11:06:54+00:00\" \/>\n<meta property=\"og:image\" content=\"https:\/\/marekkuchcinski.pl\/wp-content\/uploads\/2018\/05\/20180526_175535.jpg\" \/>\n\t<meta property=\"og:image:width\" content=\"1980\" \/>\n\t<meta property=\"og:image:height\" content=\"1155\" \/>\n\t<meta property=\"og:image:type\" content=\"image\/jpeg\" \/>\n<meta name=\"author\" content=\"admin\" \/>\n<meta name=\"twitter:card\" content=\"summary_large_image\" \/>\n<meta name=\"twitter:label1\" content=\"Napsal(a)\" \/>\n\t<meta name=\"twitter:data1\" content=\"admin\" \/>\n\t<meta name=\"twitter:label2\" content=\"Odhadovan\u00e1 doba \u010dten\u00ed\" \/>\n\t<meta name=\"twitter:data2\" content=\"3 minuty\" \/>\n<script type=\"application\/ld+json\" class=\"yoast-schema-graph\">{\"@context\":\"https:\/\/schema.org\",\"@graph\":[{\"@type\":\"Article\",\"@id\":\"https:\/\/marekkuchcinski.pl\/prawo-i-sprawiedliwosc\/nowy-sacz-sanok-spotkanie-marszalka-sejmu-mieszkancami-ramach-konwencji-polska-jedna\/#article\",\"isPartOf\":{\"@id\":\"https:\/\/marekkuchcinski.pl\/prawo-i-sprawiedliwosc\/nowy-sacz-sanok-spotkanie-marszalka-sejmu-mieszkancami-ramach-konwencji-polska-jedna\/\"},\"author\":{\"name\":\"admin\",\"@id\":\"https:\/\/marekkuchcinski.pl\/#\/schema\/person\/6f62700996b4d950b6ea2d1183b6c6be\"},\"headline\":\"Nowy S\u0105cz i Sanok: spotkanie marsza\u0142ka Sejmu z mieszka\u0144cami w ramach konwencji \u201ePolska jest jedna&#8221;\",\"datePublished\":\"2018-05-28T11:06:54+00:00\",\"mainEntityOfPage\":{\"@id\":\"https:\/\/marekkuchcinski.pl\/prawo-i-sprawiedliwosc\/nowy-sacz-sanok-spotkanie-marszalka-sejmu-mieszkancami-ramach-konwencji-polska-jedna\/\"},\"wordCount\":551,\"commentCount\":0,\"publisher\":{\"@id\":\"https:\/\/marekkuchcinski.pl\/#organization\"},\"image\":{\"@id\":\"https:\/\/marekkuchcinski.pl\/prawo-i-sprawiedliwosc\/nowy-sacz-sanok-spotkanie-marszalka-sejmu-mieszkancami-ramach-konwencji-polska-jedna\/#primaryimage\"},\"thumbnailUrl\":\"https:\/\/marekkuchcinski.pl\/wp-content\/uploads\/2018\/05\/20180526_175535.jpg\",\"articleSection\":[\"Podkarpacie\",\"Prawo i Sprawiedliwo\u015b\u0107\",\"Wydarzenia\"],\"inLanguage\":\"cs\",\"potentialAction\":[{\"@type\":\"CommentAction\",\"name\":\"Comment\",\"target\":[\"https:\/\/marekkuchcinski.pl\/prawo-i-sprawiedliwosc\/nowy-sacz-sanok-spotkanie-marszalka-sejmu-mieszkancami-ramach-konwencji-polska-jedna\/#respond\"]}]},{\"@type\":\"WebPage\",\"@id\":\"https:\/\/marekkuchcinski.pl\/prawo-i-sprawiedliwosc\/nowy-sacz-sanok-spotkanie-marszalka-sejmu-mieszkancami-ramach-konwencji-polska-jedna\/\",\"url\":\"https:\/\/marekkuchcinski.pl\/prawo-i-sprawiedliwosc\/nowy-sacz-sanok-spotkanie-marszalka-sejmu-mieszkancami-ramach-konwencji-polska-jedna\/\",\"name\":\"Nowy S\u0105cz i Sanok: spotkanie marsza\u0142ka Sejmu z mieszka\u0144cami w ramach konwencji \u201ePolska jest jedna\\\" &#8211; Marek Kuchci\u0144ski\",\"isPartOf\":{\"@id\":\"https:\/\/marekkuchcinski.pl\/#website\"},\"primaryImageOfPage\":{\"@id\":\"https:\/\/marekkuchcinski.pl\/prawo-i-sprawiedliwosc\/nowy-sacz-sanok-spotkanie-marszalka-sejmu-mieszkancami-ramach-konwencji-polska-jedna\/#primaryimage\"},\"image\":{\"@id\":\"https:\/\/marekkuchcinski.pl\/prawo-i-sprawiedliwosc\/nowy-sacz-sanok-spotkanie-marszalka-sejmu-mieszkancami-ramach-konwencji-polska-jedna\/#primaryimage\"},\"thumbnailUrl\":\"https:\/\/marekkuchcinski.pl\/wp-content\/uploads\/2018\/05\/20180526_175535.jpg\",\"datePublished\":\"2018-05-28T11:06:54+00:00\",\"breadcrumb\":{\"@id\":\"https:\/\/marekkuchcinski.pl\/prawo-i-sprawiedliwosc\/nowy-sacz-sanok-spotkanie-marszalka-sejmu-mieszkancami-ramach-konwencji-polska-jedna\/#breadcrumb\"},\"inLanguage\":\"cs\",\"potentialAction\":[{\"@type\":\"ReadAction\",\"target\":[\"https:\/\/marekkuchcinski.pl\/prawo-i-sprawiedliwosc\/nowy-sacz-sanok-spotkanie-marszalka-sejmu-mieszkancami-ramach-konwencji-polska-jedna\/\"]}]},{\"@type\":\"ImageObject\",\"inLanguage\":\"cs\",\"@id\":\"https:\/\/marekkuchcinski.pl\/prawo-i-sprawiedliwosc\/nowy-sacz-sanok-spotkanie-marszalka-sejmu-mieszkancami-ramach-konwencji-polska-jedna\/#primaryimage\",\"url\":\"https:\/\/marekkuchcinski.pl\/wp-content\/uploads\/2018\/05\/20180526_175535.jpg\",\"contentUrl\":\"https:\/\/marekkuchcinski.pl\/wp-content\/uploads\/2018\/05\/20180526_175535.jpg\",\"width\":1980,\"height\":1155},{\"@type\":\"BreadcrumbList\",\"@id\":\"https:\/\/marekkuchcinski.pl\/prawo-i-sprawiedliwosc\/nowy-sacz-sanok-spotkanie-marszalka-sejmu-mieszkancami-ramach-konwencji-polska-jedna\/#breadcrumb\",\"itemListElement\":[{\"@type\":\"ListItem\",\"position\":1,\"name\":\"Strona g\u0142\u00f3wna\",\"item\":\"https:\/\/marekkuchcinski.pl\/\"},{\"@type\":\"ListItem\",\"position\":2,\"name\":\"Nowy S\u0105cz i Sanok: spotkanie marsza\u0142ka Sejmu z mieszka\u0144cami w ramach konwencji \u201ePolska jest jedna&#8221;\"}]},{\"@type\":\"WebSite\",\"@id\":\"https:\/\/marekkuchcinski.pl\/#website\",\"url\":\"https:\/\/marekkuchcinski.pl\/\",\"name\":\"Marek Kuchci\u0144ski\",\"description\":\"Pose\u0142 na sejm RP &ndash; okr\u0119g nr 22\",\"publisher\":{\"@id\":\"https:\/\/marekkuchcinski.pl\/#organization\"},\"potentialAction\":[{\"@type\":\"SearchAction\",\"target\":{\"@type\":\"EntryPoint\",\"urlTemplate\":\"https:\/\/marekkuchcinski.pl\/?s={search_term_string}\"},\"query-input\":{\"@type\":\"PropertyValueSpecification\",\"valueRequired\":true,\"valueName\":\"search_term_string\"}}],\"inLanguage\":\"cs\"},{\"@type\":\"Organization\",\"@id\":\"https:\/\/marekkuchcinski.pl\/#organization\",\"name\":\"Marek Kuchci\u0144ski\",\"url\":\"https:\/\/marekkuchcinski.pl\/\",\"logo\":{\"@type\":\"ImageObject\",\"inLanguage\":\"cs\",\"@id\":\"https:\/\/marekkuchcinski.pl\/#\/schema\/logo\/image\/\",\"url\":\"https:\/\/marekkuchcinski.pl\/wp-content\/uploads\/2022\/09\/Marek.jpg\",\"contentUrl\":\"https:\/\/marekkuchcinski.pl\/wp-content\/uploads\/2022\/09\/Marek.jpg\",\"width\":1600,\"height\":971,\"caption\":\"Marek Kuchci\u0144ski\"},\"image\":{\"@id\":\"https:\/\/marekkuchcinski.pl\/#\/schema\/logo\/image\/\"}},{\"@type\":\"Person\",\"@id\":\"https:\/\/marekkuchcinski.pl\/#\/schema\/person\/6f62700996b4d950b6ea2d1183b6c6be\",\"name\":\"admin\",\"image\":{\"@type\":\"ImageObject\",\"inLanguage\":\"cs\",\"@id\":\"https:\/\/marekkuchcinski.pl\/#\/schema\/person\/image\/\",\"url\":\"https:\/\/secure.gravatar.com\/avatar\/4bab693b9d55c3d6b52c0296a8765085?s=96&d=mm&r=g\",\"contentUrl\":\"https:\/\/secure.gravatar.com\/avatar\/4bab693b9d55c3d6b52c0296a8765085?s=96&d=mm&r=g\",\"caption\":\"admin\"},\"url\":\"https:\/\/marekkuchcinski.pl\/cs\/author\/marta-olejnik\/\"}]}<\/script>\n<!-- \/ Yoast SEO plugin. -->","yoast_head_json":{"title":"Nowy S\u0105cz i Sanok: spotkanie marsza\u0142ka Sejmu z mieszka\u0144cami w ramach konwencji \u201ePolska jest jedna\" &#8211; Marek Kuchci\u0144ski","robots":{"index":"index","follow":"follow","max-snippet":"max-snippet:-1","max-image-preview":"max-image-preview:large","max-video-preview":"max-video-preview:-1"},"canonical":"https:\/\/marekkuchcinski.pl\/cs\/prawo-i-sprawiedliwosc\/nowy-sacz-sanok-spotkanie-marszalka-sejmu-mieszkancami-ramach-konwencji-polska-jedna\/","og_locale":"cs_CZ","og_type":"article","og_title":"Nowy S\u0105cz i Sanok: spotkanie marsza\u0142ka Sejmu z mieszka\u0144cami w ramach konwencji \u201ePolska jest jedna\" &#8211; Marek Kuchci\u0144ski","og_description":"W sobot\u0119 marsza\u0142ek Sejmu Marek Kuchci\u0144ski spotka\u0142 si\u0119 z mieszka\u0144cami Nowego S\u0105cza i Sanoka. W czasie spotka\u0144 podkre\u015bli\u0142, i\u017c Prawo i Sprawiedliwo\u015b\u0107 przywi\u0105zuje ogromn\u0105 wag\u0119 do polityki prorodzinnej. Rz\u0105d PiS w ci\u0105gu 2,5 roku wprowadzi\u0142 program Rodzina 500+, bezp\u0142atne leki dla senior\u00f3w, obni\u017cy\u0142 wiek emerytalny, ograniczy\u0142 handel w niedziel\u0119, zwi\u0119kszy\u0142 skuteczno\u015bci \u015bci\u0105gania aliment\u00f3w. Ponadto przeprowadzono [&hellip;]","og_url":"https:\/\/marekkuchcinski.pl\/cs\/prawo-i-sprawiedliwosc\/nowy-sacz-sanok-spotkanie-marszalka-sejmu-mieszkancami-ramach-konwencji-polska-jedna\/","og_site_name":"Marek Kuchci\u0144ski","article_published_time":"2018-05-28T11:06:54+00:00","og_image":[{"width":1980,"height":1155,"url":"https:\/\/marekkuchcinski.pl\/wp-content\/uploads\/2018\/05\/20180526_175535.jpg","type":"image\/jpeg"}],"author":"admin","twitter_card":"summary_large_image","twitter_misc":{"Napsal(a)":"admin","Odhadovan\u00e1 doba \u010dten\u00ed":"3 minuty"},"schema":{"@context":"https:\/\/schema.org","@graph":[{"@type":"Article","@id":"https:\/\/marekkuchcinski.pl\/prawo-i-sprawiedliwosc\/nowy-sacz-sanok-spotkanie-marszalka-sejmu-mieszkancami-ramach-konwencji-polska-jedna\/#article","isPartOf":{"@id":"https:\/\/marekkuchcinski.pl\/prawo-i-sprawiedliwosc\/nowy-sacz-sanok-spotkanie-marszalka-sejmu-mieszkancami-ramach-konwencji-polska-jedna\/"},"author":{"name":"admin","@id":"https:\/\/marekkuchcinski.pl\/#\/schema\/person\/6f62700996b4d950b6ea2d1183b6c6be"},"headline":"Nowy S\u0105cz i Sanok: spotkanie marsza\u0142ka Sejmu z mieszka\u0144cami w ramach konwencji \u201ePolska jest jedna&#8221;","datePublished":"2018-05-28T11:06:54+00:00","mainEntityOfPage":{"@id":"https:\/\/marekkuchcinski.pl\/prawo-i-sprawiedliwosc\/nowy-sacz-sanok-spotkanie-marszalka-sejmu-mieszkancami-ramach-konwencji-polska-jedna\/"},"wordCount":551,"commentCount":0,"publisher":{"@id":"https:\/\/marekkuchcinski.pl\/#organization"},"image":{"@id":"https:\/\/marekkuchcinski.pl\/prawo-i-sprawiedliwosc\/nowy-sacz-sanok-spotkanie-marszalka-sejmu-mieszkancami-ramach-konwencji-polska-jedna\/#primaryimage"},"thumbnailUrl":"https:\/\/marekkuchcinski.pl\/wp-content\/uploads\/2018\/05\/20180526_175535.jpg","articleSection":["Podkarpacie","Prawo i Sprawiedliwo\u015b\u0107","Wydarzenia"],"inLanguage":"cs","potentialAction":[{"@type":"CommentAction","name":"Comment","target":["https:\/\/marekkuchcinski.pl\/prawo-i-sprawiedliwosc\/nowy-sacz-sanok-spotkanie-marszalka-sejmu-mieszkancami-ramach-konwencji-polska-jedna\/#respond"]}]},{"@type":"WebPage","@id":"https:\/\/marekkuchcinski.pl\/prawo-i-sprawiedliwosc\/nowy-sacz-sanok-spotkanie-marszalka-sejmu-mieszkancami-ramach-konwencji-polska-jedna\/","url":"https:\/\/marekkuchcinski.pl\/prawo-i-sprawiedliwosc\/nowy-sacz-sanok-spotkanie-marszalka-sejmu-mieszkancami-ramach-konwencji-polska-jedna\/","name":"Nowy S\u0105cz i Sanok: spotkanie marsza\u0142ka Sejmu z mieszka\u0144cami w ramach konwencji \u201ePolska jest jedna\" &#8211; Marek Kuchci\u0144ski","isPartOf":{"@id":"https:\/\/marekkuchcinski.pl\/#website"},"primaryImageOfPage":{"@id":"https:\/\/marekkuchcinski.pl\/prawo-i-sprawiedliwosc\/nowy-sacz-sanok-spotkanie-marszalka-sejmu-mieszkancami-ramach-konwencji-polska-jedna\/#primaryimage"},"image":{"@id":"https:\/\/marekkuchcinski.pl\/prawo-i-sprawiedliwosc\/nowy-sacz-sanok-spotkanie-marszalka-sejmu-mieszkancami-ramach-konwencji-polska-jedna\/#primaryimage"},"thumbnailUrl":"https:\/\/marekkuchcinski.pl\/wp-content\/uploads\/2018\/05\/20180526_175535.jpg","datePublished":"2018-05-28T11:06:54+00:00","breadcrumb":{"@id":"https:\/\/marekkuchcinski.pl\/prawo-i-sprawiedliwosc\/nowy-sacz-sanok-spotkanie-marszalka-sejmu-mieszkancami-ramach-konwencji-polska-jedna\/#breadcrumb"},"inLanguage":"cs","potentialAction":[{"@type":"ReadAction","target":["https:\/\/marekkuchcinski.pl\/prawo-i-sprawiedliwosc\/nowy-sacz-sanok-spotkanie-marszalka-sejmu-mieszkancami-ramach-konwencji-polska-jedna\/"]}]},{"@type":"ImageObject","inLanguage":"cs","@id":"https:\/\/marekkuchcinski.pl\/prawo-i-sprawiedliwosc\/nowy-sacz-sanok-spotkanie-marszalka-sejmu-mieszkancami-ramach-konwencji-polska-jedna\/#primaryimage","url":"https:\/\/marekkuchcinski.pl\/wp-content\/uploads\/2018\/05\/20180526_175535.jpg","contentUrl":"https:\/\/marekkuchcinski.pl\/wp-content\/uploads\/2018\/05\/20180526_175535.jpg","width":1980,"height":1155},{"@type":"BreadcrumbList","@id":"https:\/\/marekkuchcinski.pl\/prawo-i-sprawiedliwosc\/nowy-sacz-sanok-spotkanie-marszalka-sejmu-mieszkancami-ramach-konwencji-polska-jedna\/#breadcrumb","itemListElement":[{"@type":"ListItem","position":1,"name":"Strona g\u0142\u00f3wna","item":"https:\/\/marekkuchcinski.pl\/"},{"@type":"ListItem","position":2,"name":"Nowy S\u0105cz i Sanok: spotkanie marsza\u0142ka Sejmu z mieszka\u0144cami w ramach konwencji \u201ePolska jest jedna&#8221;"}]},{"@type":"WebSite","@id":"https:\/\/marekkuchcinski.pl\/#website","url":"https:\/\/marekkuchcinski.pl\/","name":"Marek Kuchci\u0144ski","description":"Pose\u0142 na sejm RP &ndash; okr\u0119g nr 22","publisher":{"@id":"https:\/\/marekkuchcinski.pl\/#organization"},"potentialAction":[{"@type":"SearchAction","target":{"@type":"EntryPoint","urlTemplate":"https:\/\/marekkuchcinski.pl\/?s={search_term_string}"},"query-input":{"@type":"PropertyValueSpecification","valueRequired":true,"valueName":"search_term_string"}}],"inLanguage":"cs"},{"@type":"Organization","@id":"https:\/\/marekkuchcinski.pl\/#organization","name":"Marek Kuchci\u0144ski","url":"https:\/\/marekkuchcinski.pl\/","logo":{"@type":"ImageObject","inLanguage":"cs","@id":"https:\/\/marekkuchcinski.pl\/#\/schema\/logo\/image\/","url":"https:\/\/marekkuchcinski.pl\/wp-content\/uploads\/2022\/09\/Marek.jpg","contentUrl":"https:\/\/marekkuchcinski.pl\/wp-content\/uploads\/2022\/09\/Marek.jpg","width":1600,"height":971,"caption":"Marek Kuchci\u0144ski"},"image":{"@id":"https:\/\/marekkuchcinski.pl\/#\/schema\/logo\/image\/"}},{"@type":"Person","@id":"https:\/\/marekkuchcinski.pl\/#\/schema\/person\/6f62700996b4d950b6ea2d1183b6c6be","name":"admin","image":{"@type":"ImageObject","inLanguage":"cs","@id":"https:\/\/marekkuchcinski.pl\/#\/schema\/person\/image\/","url":"https:\/\/secure.gravatar.com\/avatar\/4bab693b9d55c3d6b52c0296a8765085?s=96&d=mm&r=g","contentUrl":"https:\/\/secure.gravatar.com\/avatar\/4bab693b9d55c3d6b52c0296a8765085?s=96&d=mm&r=g","caption":"admin"},"url":"https:\/\/marekkuchcinski.pl\/cs\/author\/marta-olejnik\/"}]}},"_links":{"self":[{"href":"https:\/\/marekkuchcinski.pl\/cs\/wp-json\/wp\/v2\/posts\/9560","targetHints":{"allow":["GET"]}}],"collection":[{"href":"https:\/\/marekkuchcinski.pl\/cs\/wp-json\/wp\/v2\/posts"}],"about":[{"href":"https:\/\/marekkuchcinski.pl\/cs\/wp-json\/wp\/v2\/types\/post"}],"author":[{"embeddable":true,"href":"https:\/\/marekkuchcinski.pl\/cs\/wp-json\/wp\/v2\/users\/6"}],"replies":[{"embeddable":true,"href":"https:\/\/marekkuchcinski.pl\/cs\/wp-json\/wp\/v2\/comments?post=9560"}],"version-history":[{"count":2,"href":"https:\/\/marekkuchcinski.pl\/cs\/wp-json\/wp\/v2\/posts\/9560\/revisions"}],"predecessor-version":[{"id":9564,"href":"https:\/\/marekkuchcinski.pl\/cs\/wp-json\/wp\/v2\/posts\/9560\/revisions\/9564"}],"wp:featuredmedia":[{"embeddable":true,"href":"https:\/\/marekkuchcinski.pl\/cs\/wp-json\/wp\/v2\/media\/9562"}],"wp:attachment":[{"href":"https:\/\/marekkuchcinski.pl\/cs\/wp-json\/wp\/v2\/media?parent=9560"}],"wp:term":[{"taxonomy":"category","embeddable":true,"href":"https:\/\/marekkuchcinski.pl\/cs\/wp-json\/wp\/v2\/categories?post=9560"},{"taxonomy":"post_tag","embeddable":true,"href":"https:\/\/marekkuchcinski.pl\/cs\/wp-json\/wp\/v2\/tags?post=9560"}],"curies":[{"name":"wp","href":"https:\/\/api.w.org\/{rel}","templated":true}]}}