{"id":9542,"date":"2018-05-28T10:17:59","date_gmt":"2018-05-28T08:17:59","guid":{"rendered":"https:\/\/marekkuchcinski.pl\/?p=9542"},"modified":"2018-05-28T10:17:59","modified_gmt":"2018-05-28T08:17:59","slug":"oficjalna-wizyta-marszalka-sejmu-pradze","status":"publish","type":"post","link":"https:\/\/marekkuchcinski.pl\/cs\/wydarzenia\/oficjalna-wizyta-marszalka-sejmu-pradze\/","title":{"rendered":"Ofici\u00e1ln\u00ed n\u00e1v\u0161t\u011bva p\u0159edsedy Sejmu v Praze"},"content":{"rendered":"<p dir=\"ltr\"><em>- Nesouhlas\u00edme s p\u0159esunem finan\u010dn\u00edch prost\u0159edk\u016f EU z v\u00fdchodn\u00ed Evropy do ji\u017en\u00ed Evropy. Polsko a \u010cesk\u00e1 republika by m\u011bly velmi d\u016frazn\u011b zd\u016fraznit, \u017ee s takov\u00fdmi kroky nesouhlas\u00ed, proto\u017ee by to bylo na \u00fakor na\u0161ich zem\u00ed a Visegr\u00e1dsk\u00e9 skupiny. V t\u00e9to v\u011bci bychom m\u011bli mluvit jednotn\u011b.<\/em>\u00a0- P\u0159edseda Sejmu Marek Kuchci\u0144ski to ve \u010dtvrtek \u0159ekl b\u011bhem ofici\u00e1ln\u00ed n\u00e1v\u0161t\u011bvy \u010cesk\u00e9 republiky.<\/p>\n<p dir=\"ltr\">P\u0159edseda Poslaneck\u00e9 sn\u011bmovny Radek Vondr\u00e1\u010dek zd\u016fraznil, \u017ee \u010derp\u00e1n\u00ed evropsk\u00fdch fond\u016f by nem\u011blo b\u00fdt spojov\u00e1no mimo jin\u00e9 s ot\u00e1zkou pr\u00e1vn\u00edho st\u00e1tu v \u010dlensk\u00fdch st\u00e1tech. - Domn\u00edv\u00e1me se, \u017ee podm\u00edn\u011bnost vypl\u00e1cen\u00ed prost\u0159edk\u016f EU by nem\u011bla b\u00fdt spojov\u00e1na s jin\u00fdmi ot\u00e1zkami. Nev\u00edt\u00e1me to a nev\u00edt\u00e1me to s otev\u0159enou n\u00e1ru\u010d\u00ed, m\u00e1me k tomu v\u00fdhrady,\" prohl\u00e1sil. Podle Vondr\u00e1\u010dka by Visegr\u00e1dsk\u00e1 skupina, jej\u00ed\u017e sou\u010d\u00e1st\u00ed jsou \u010dlenov\u00e9 polsk\u00e9ho a \u010desk\u00e9ho parlamentn\u00edho v\u00fdboru pro rozpo\u010det a hospod\u00e1\u0159stv\u00ed, m\u011bla vypracovat spole\u010dn\u00fd postoj k rozpo\u010dtu EU. - V\u017edy je dobr\u00e9 m\u00edt spole\u010dn\u00fd n\u00e1zor - \u0159ekl p\u0159edseda Poslaneck\u00e9 sn\u011bmovny.<\/p>\n<p dir=\"ltr\">Oba politici se shodli na tom, \u017ee Polsko a \u010cesk\u00e1 republika by se m\u011bly v prvn\u00ed \u0159ad\u011b zab\u00fdvat udr\u017een\u00edm rozpo\u010dtu EU s ohledem na politiku soudr\u017enosti a spole\u010dnou zem\u011bd\u011blskou politiku.<\/p>\n<p dir=\"ltr\">P\u0159edseda Sejmu se ve \u010dtvrtek setkal tak\u00e9 s p\u0159edsedou Sen\u00e1tu Milanem \u0160t\u011bchou a s pra\u017esk\u00fdm arcibiskupem kardin\u00e1lem Dominikem Dukou. Marek Kuchci\u0144ski polo\u017eil kv\u011btiny tak\u00e9 p\u0159ed pomn\u00edk Tom\u00e1\u0161e G. Masaryka a v arcikakatedr\u00e1le svat\u00e9ho V\u00edta, V\u00e1clava a Adalberta - na hrob kardin\u00e1la Josefa Berana a na hrob svat\u00e9ho Adalberta.<br \/>\nB\u011bhem prvn\u00edho dne n\u00e1v\u0161t\u011bvy se mar\u0161\u00e1l Kuchci\u0144ski setkal s \u010desk\u00fdm premi\u00e9rem Andrejem Babi\u0161em. Politici jednali mimo jin\u00e9 o pot\u0159eb\u011b prezentovat spole\u010dn\u00fd postoj Visegr\u00e1dsk\u00e9 skupiny na f\u00f3ru EU, migra\u010dn\u00ed krizi a p\u0159eshrani\u010dn\u00ed spolupr\u00e1ci.<\/p>\n<p dir=\"ltr\"><em>text: http:\/\/marszalek.sejm.pl\/marszalek8.nsf\/wydarzenia.xsp?id=358BACACE14601B5C125829800519D41<\/em><\/p>\n<p><em>Foto: Pawe\u0142 Kula<\/em><\/p>\n<p><a href=\"https:\/\/marekkuchcinski.pl\/wp-content\/uploads\/2018\/05\/KU325837.jpg\"><img fetchpriority=\"high\" decoding=\"async\" class=\"alignnone size-full wp-image-9556\" src=\"https:\/\/marekkuchcinski.pl\/wp-content\/uploads\/2018\/05\/KU325837.jpg\" alt=\"KU325837\" width=\"1800\" height=\"1200\" srcset=\"https:\/\/marekkuchcinski.pl\/wp-content\/uploads\/2018\/05\/KU325837.jpg 1800w, https:\/\/marekkuchcinski.pl\/wp-content\/uploads\/2018\/05\/KU325837-300x200.jpg 300w, https:\/\/marekkuchcinski.pl\/wp-content\/uploads\/2018\/05\/KU325837-768x512.jpg 768w, https:\/\/marekkuchcinski.pl\/wp-content\/uploads\/2018\/05\/KU325837-1024x683.jpg 1024w\" sizes=\"(max-width: 1800px) 100vw, 1800px\" \/><\/a><a href=\"https:\/\/marekkuchcinski.pl\/wp-content\/uploads\/2018\/05\/20180525_095527.jpg\"><img decoding=\"async\" class=\"alignnone size-full wp-image-9554\" src=\"https:\/\/marekkuchcinski.pl\/wp-content\/uploads\/2018\/05\/20180525_095527.jpg\" alt=\"_20180525_095527\" width=\"2411\" height=\"1570\" srcset=\"https:\/\/marekkuchcinski.pl\/wp-content\/uploads\/2018\/05\/20180525_095527.jpg 2048w, https:\/\/marekkuchcinski.pl\/wp-content\/uploads\/2018\/05\/20180525_095527-300x195.jpg 300w, https:\/\/marekkuchcinski.pl\/wp-content\/uploads\/2018\/05\/20180525_095527-768x500.jpg 768w, https:\/\/marekkuchcinski.pl\/wp-content\/uploads\/2018\/05\/20180525_095527-1024x667.jpg 1024w\" sizes=\"(max-width: 2411px) 100vw, 2411px\" \/><\/a><a href=\"https:\/\/marekkuchcinski.pl\/wp-content\/uploads\/2018\/05\/20180524095322_KU326820.jpg\"><img decoding=\"async\" class=\"alignnone size-full wp-image-9545\" src=\"https:\/\/marekkuchcinski.pl\/wp-content\/uploads\/2018\/05\/20180524095322_KU326820.jpg\" alt=\"20180524095322_KU326820\" width=\"2736\" height=\"1824\" srcset=\"https:\/\/marekkuchcinski.pl\/wp-content\/uploads\/2018\/05\/20180524095322_KU326820.jpg 2048w, https:\/\/marekkuchcinski.pl\/wp-content\/uploads\/2018\/05\/20180524095322_KU326820-300x200.jpg 300w, https:\/\/marekkuchcinski.pl\/wp-content\/uploads\/2018\/05\/20180524095322_KU326820-768x512.jpg 768w, https:\/\/marekkuchcinski.pl\/wp-content\/uploads\/2018\/05\/20180524095322_KU326820-1024x683.jpg 1024w\" sizes=\"(max-width: 2736px) 100vw, 2736px\" \/><\/a> <a href=\"https:\/\/marekkuchcinski.pl\/wp-content\/uploads\/2018\/05\/20180524102130_KU327289.jpg\"><img loading=\"lazy\" decoding=\"async\" class=\"alignnone size-full wp-image-9546\" src=\"https:\/\/marekkuchcinski.pl\/wp-content\/uploads\/2018\/05\/20180524102130_KU327289.jpg\" alt=\"20180524102130_KU327289\" width=\"2736\" height=\"1824\" srcset=\"https:\/\/marekkuchcinski.pl\/wp-content\/uploads\/2018\/05\/20180524102130_KU327289.jpg 2048w, https:\/\/marekkuchcinski.pl\/wp-content\/uploads\/2018\/05\/20180524102130_KU327289-300x200.jpg 300w, https:\/\/marekkuchcinski.pl\/wp-content\/uploads\/2018\/05\/20180524102130_KU327289-768x512.jpg 768w, https:\/\/marekkuchcinski.pl\/wp-content\/uploads\/2018\/05\/20180524102130_KU327289-1024x683.jpg 1024w\" sizes=\"(max-width: 2736px) 100vw, 2736px\" \/><\/a> <a href=\"https:\/\/marekkuchcinski.pl\/wp-content\/uploads\/2018\/05\/DSC_6074.jpg\"><img loading=\"lazy\" decoding=\"async\" class=\"alignnone size-full wp-image-9548\" src=\"https:\/\/marekkuchcinski.pl\/wp-content\/uploads\/2018\/05\/DSC_6074.jpg\" alt=\"DSC_6074\" width=\"5504\" height=\"3096\" srcset=\"https:\/\/marekkuchcinski.pl\/wp-content\/uploads\/2018\/05\/DSC_6074.jpg 2048w, https:\/\/marekkuchcinski.pl\/wp-content\/uploads\/2018\/05\/DSC_6074-300x169.jpg 300w, https:\/\/marekkuchcinski.pl\/wp-content\/uploads\/2018\/05\/DSC_6074-768x432.jpg 768w, https:\/\/marekkuchcinski.pl\/wp-content\/uploads\/2018\/05\/DSC_6074-1024x576.jpg 1024w\" sizes=\"(max-width: 5504px) 100vw, 5504px\" \/><\/a> <a href=\"https:\/\/marekkuchcinski.pl\/wp-content\/uploads\/2018\/05\/KU329933.jpg\"><img loading=\"lazy\" decoding=\"async\" class=\"alignnone size-full wp-image-9549\" src=\"https:\/\/marekkuchcinski.pl\/wp-content\/uploads\/2018\/05\/KU329933.jpg\" alt=\"KU329933\" width=\"1800\" height=\"1200\" srcset=\"https:\/\/marekkuchcinski.pl\/wp-content\/uploads\/2018\/05\/KU329933.jpg 1800w, https:\/\/marekkuchcinski.pl\/wp-content\/uploads\/2018\/05\/KU329933-300x200.jpg 300w, https:\/\/marekkuchcinski.pl\/wp-content\/uploads\/2018\/05\/KU329933-768x512.jpg 768w, https:\/\/marekkuchcinski.pl\/wp-content\/uploads\/2018\/05\/KU329933-1024x683.jpg 1024w\" sizes=\"(max-width: 1800px) 100vw, 1800px\" \/><\/a> <a href=\"https:\/\/marekkuchcinski.pl\/wp-content\/uploads\/2018\/05\/PSX_20180524_105816.jpg\"><img loading=\"lazy\" decoding=\"async\" class=\"alignnone size-full wp-image-9550\" src=\"https:\/\/marekkuchcinski.pl\/wp-content\/uploads\/2018\/05\/PSX_20180524_105816.jpg\" alt=\"PSX_20180524_105816\" width=\"2670\" height=\"1402\" srcset=\"https:\/\/marekkuchcinski.pl\/wp-content\/uploads\/2018\/05\/PSX_20180524_105816.jpg 2048w, https:\/\/marekkuchcinski.pl\/wp-content\/uploads\/2018\/05\/PSX_20180524_105816-300x158.jpg 300w, https:\/\/marekkuchcinski.pl\/wp-content\/uploads\/2018\/05\/PSX_20180524_105816-768x403.jpg 768w, https:\/\/marekkuchcinski.pl\/wp-content\/uploads\/2018\/05\/PSX_20180524_105816-1024x538.jpg 1024w\" sizes=\"(max-width: 2670px) 100vw, 2670px\" \/><\/a><\/p>","protected":false},"excerpt":{"rendered":"<p>&#8211; Nie godzimy si\u0119 na przeniesienie \u015brodk\u00f3w unijnych z Europy Wschodniej do Po\u0142udniowej. Polska i Czechy powinny bardzo mocno zaakcentowa\u0107 brak zgody na takie kroki, poniewa\u017c to si\u0119 odb\u0119dzie kosztem naszych pa\u0144stw i Grupy Wyszehradzkiej. W tej kwestii powinni\u015bmy m\u00f3wi\u0107 jednym g\u0142osem\u00a0&#8211; powiedzia\u0142 w czwartek marsza\u0142ek Sejmu Marek Kuchci\u0144ski podczas wizyty oficjalnej w Republice Czeskiej. [&hellip;]<\/p>\n","protected":false},"author":6,"featured_media":9554,"comment_status":"open","ping_status":"open","sticky":false,"template":"","format":"standard","meta":{"ngg_post_thumbnail":0,"footnotes":""},"categories":[50,3],"tags":[],"class_list":["post-9542","post","type-post","status-publish","format-standard","has-post-thumbnail","hentry","category-wspolpraca-miedzynarodowa","category-wydarzenia"],"_links":{"self":[{"href":"https:\/\/marekkuchcinski.pl\/cs\/wp-json\/wp\/v2\/posts\/9542","targetHints":{"allow":["GET"]}}],"collection":[{"href":"https:\/\/marekkuchcinski.pl\/cs\/wp-json\/wp\/v2\/posts"}],"about":[{"href":"https:\/\/marekkuchcinski.pl\/cs\/wp-json\/wp\/v2\/types\/post"}],"author":[{"embeddable":true,"href":"https:\/\/marekkuchcinski.pl\/cs\/wp-json\/wp\/v2\/users\/6"}],"replies":[{"embeddable":true,"href":"https:\/\/marekkuchcinski.pl\/cs\/wp-json\/wp\/v2\/comments?post=9542"}],"version-history":[{"count":4,"href":"https:\/\/marekkuchcinski.pl\/cs\/wp-json\/wp\/v2\/posts\/9542\/revisions"}],"predecessor-version":[{"id":9559,"href":"https:\/\/marekkuchcinski.pl\/cs\/wp-json\/wp\/v2\/posts\/9542\/revisions\/9559"}],"wp:featuredmedia":[{"embeddable":true,"href":"https:\/\/marekkuchcinski.pl\/cs\/wp-json\/wp\/v2\/media\/9554"}],"wp:attachment":[{"href":"https:\/\/marekkuchcinski.pl\/cs\/wp-json\/wp\/v2\/media?parent=9542"}],"wp:term":[{"taxonomy":"category","embeddable":true,"href":"https:\/\/marekkuchcinski.pl\/cs\/wp-json\/wp\/v2\/categories?post=9542"},{"taxonomy":"post_tag","embeddable":true,"href":"https:\/\/marekkuchcinski.pl\/cs\/wp-json\/wp\/v2\/tags?post=9542"}],"curies":[{"name":"wp","href":"https:\/\/api.w.org\/{rel}","templated":true}]}}