{"id":9522,"date":"2018-05-21T12:33:27","date_gmt":"2018-05-21T10:33:27","guid":{"rendered":"https:\/\/marekkuchcinski.pl\/?p=9522"},"modified":"2018-05-21T12:33:27","modified_gmt":"2018-05-21T10:33:27","slug":"marszalek-sejmu-otworzyl-57-festiwal-muzyczny-lancucie","status":"publish","type":"post","link":"https:\/\/marekkuchcinski.pl\/cs\/wydarzenia\/marszalek-sejmu-otworzyl-57-festiwal-muzyczny-lancucie\/","title":{"rendered":"P\u0159edseda Sejmu zah\u00e1jil 57. hudebn\u00ed festival \u0141a\u0144cut"},"content":{"rendered":"<p>- Lze nab\u00fdt dojmu, \u017ee hudba jako um\u011bn\u00ed zde prezentovan\u00e9 p\u0159estala b\u00fdt formou komorn\u00ed, v\u00fdhradn\u011b ve smyslu vysok\u00e9 kultury, ur\u010den\u00e9 \u00fazk\u00e9 skupin\u011b recipient\u016f, ale stala se ur\u010ditou formou \u017eivota a ovliv\u0148ov\u00e1n\u00ed \u017eivota cel\u00e9 spole\u010dnosti, cel\u00e9ho n\u00e1roda. Je to otev\u0159enost, kter\u00e1 d\u00e1v\u00e1 p\u0159\u00edle\u017eitosti a mo\u017enosti v\u0161em ob\u010dan\u016fm Polsk\u00e9 republiky, poslucha\u010d\u016fm,\" \u0159ekl Marek Kuchci\u0144ski b\u011bhem 57. hudebn\u00edho festivalu \u0141a\u0144cut. Podle mar\u0161\u00e1la je festival vynikaj\u00edc\u00edm p\u0159\u00edkladem pronik\u00e1n\u00ed multikulturalismu a evropsk\u00e9ho spole\u010denstv\u00ed ve velmi dobr\u00e9m slova smyslu.<\/p>\n<p>B\u011bhem slavnostn\u00edho zah\u00e1jen\u00ed mar\u0161\u00e1lek zd\u016fraznil, \u017ee kdy\u017e se pod\u00edv\u00e1me do 60. let a na prvn\u00ed festivaly v \u0141a\u0144cutu, nikoho by tehdy ani ve snu nenapadlo, \u017ee festival z\u00edsk\u00e1 takov\u00fd v\u011bhlas a tak velk\u00e9 \u00fasp\u011bchy. Z\u00e1rove\u0148 z\u016fst\u00e1v\u00e1 festivalem, na kter\u00e9m je hudba um\u011bn\u00edm ovliv\u0148uj\u00edc\u00edm \u017eivot cel\u00e9 spole\u010dnosti. - Je to z\u00e1sluha tv\u016frc\u016f a organiz\u00e1tor\u016f,\" \u0159ekl. - Cht\u011bl bych poblahop\u0159\u00e1t a pod\u011bkovat \u0159editelce filharmonie Mart\u011b Wierzbieniecov\u00e9 za jej\u00ed \u00fasp\u011bchy, zejm\u00e9na ty nejnov\u011bj\u0161\u00ed, jako je Symfonie sv\u011btla, a mar\u0161\u00e1lkovi vojvodstv\u00ed W\u0142adys\u0142awu Ortylovi za dobrou a moudrou p\u00e9\u010di o festival a filharmonii. Blahop\u0159eji Witovi W\u00f3jtowiczovi k udr\u017eov\u00e1n\u00ed a provozov\u00e1n\u00ed muzea a hradu, tohoto symbolick\u00e9ho m\u00edsta v d\u011bjin\u00e1ch Polska a zejm\u00e9na polsk\u00e9 kultury,\" \u0159ekl mar\u0161\u00e1lek.<\/p>\n<p>Festival na z\u00e1mku \u0141a\u0144cut, jednom z nejkr\u00e1sn\u011bj\u0161\u00edch velkostatk\u016f v Evrop\u011b, se kon\u00e1 ji\u017e 60 let. Hudebn\u00ed tradice tohoto m\u00edsta sah\u00e1 a\u017e do 18. stolet\u00ed. V roce 1961 byly obnoveny d\u00edky St\u00e1tn\u00ed filharmonii Rzesz\u00f3w. Festival p\u0159itahuje vynikaj\u00edc\u00ed zp\u011bv\u00e1ky, instrumentalisty a hv\u011bzdy p\u00f3di\u00ed, stejn\u011b jako koncerty renomovan\u00fdch orchestr\u016f a komorn\u00edch soubor\u016f, v\u011bdeck\u00e1 zased\u00e1n\u00ed a hudebn\u00ed workshopy, a jeho pov\u011bst umoc\u0148uj\u00ed velk\u00e1 jm\u00e9na jako Rafa\u0142 Blechacz a Jos\u00e9 Carreras.<\/p>\n<p><em>Foto: Micha\u0142 Mielniczuk<\/em><a href=\"https:\/\/marekkuchcinski.pl\/wp-content\/uploads\/2018\/05\/04DC29A9-45C0-4BC9-A225-5EC3AC51F5A9.jpeg\"><img fetchpriority=\"high\" decoding=\"async\" class=\"alignnone size-full wp-image-9523\" src=\"https:\/\/marekkuchcinski.pl\/wp-content\/uploads\/2018\/05\/04DC29A9-45C0-4BC9-A225-5EC3AC51F5A9.jpeg\" alt=\"04DC29A9-45C0-4BC9-A225-5EC3AC51F5A9\" width=\"1683\" height=\"1122\" srcset=\"https:\/\/marekkuchcinski.pl\/wp-content\/uploads\/2018\/05\/04DC29A9-45C0-4BC9-A225-5EC3AC51F5A9.jpeg 1683w, https:\/\/marekkuchcinski.pl\/wp-content\/uploads\/2018\/05\/04DC29A9-45C0-4BC9-A225-5EC3AC51F5A9-300x200.jpeg 300w, https:\/\/marekkuchcinski.pl\/wp-content\/uploads\/2018\/05\/04DC29A9-45C0-4BC9-A225-5EC3AC51F5A9-768x512.jpeg 768w, https:\/\/marekkuchcinski.pl\/wp-content\/uploads\/2018\/05\/04DC29A9-45C0-4BC9-A225-5EC3AC51F5A9-1024x683.jpeg 1024w\" sizes=\"(max-width: 1683px) 100vw, 1683px\" \/><\/a> <a href=\"https:\/\/marekkuchcinski.pl\/wp-content\/uploads\/2018\/05\/7C69C153-5AAB-43A2-BCC6-9124D84E1CC7.jpeg\"><img decoding=\"async\" class=\"alignnone size-full wp-image-9524\" src=\"https:\/\/marekkuchcinski.pl\/wp-content\/uploads\/2018\/05\/7C69C153-5AAB-43A2-BCC6-9124D84E1CC7.jpeg\" alt=\"7C69C153-5AAB-43A2-BCC6-9124D84E1CC7\" width=\"1920\" height=\"1280\" srcset=\"https:\/\/marekkuchcinski.pl\/wp-content\/uploads\/2018\/05\/7C69C153-5AAB-43A2-BCC6-9124D84E1CC7.jpeg 1920w, https:\/\/marekkuchcinski.pl\/wp-content\/uploads\/2018\/05\/7C69C153-5AAB-43A2-BCC6-9124D84E1CC7-300x200.jpeg 300w, https:\/\/marekkuchcinski.pl\/wp-content\/uploads\/2018\/05\/7C69C153-5AAB-43A2-BCC6-9124D84E1CC7-768x512.jpeg 768w, https:\/\/marekkuchcinski.pl\/wp-content\/uploads\/2018\/05\/7C69C153-5AAB-43A2-BCC6-9124D84E1CC7-1024x683.jpeg 1024w\" sizes=\"(max-width: 1920px) 100vw, 1920px\" \/><\/a> <a href=\"https:\/\/marekkuchcinski.pl\/wp-content\/uploads\/2018\/05\/60E0DF05-9FCA-452F-8F92-E79648706E23.jpeg\"><img decoding=\"async\" class=\"alignnone size-full wp-image-9525\" src=\"https:\/\/marekkuchcinski.pl\/wp-content\/uploads\/2018\/05\/60E0DF05-9FCA-452F-8F92-E79648706E23.jpeg\" alt=\"60E0DF05-9FCA-452F-8F92-E79648706E23\" width=\"1920\" height=\"1280\" srcset=\"https:\/\/marekkuchcinski.pl\/wp-content\/uploads\/2018\/05\/60E0DF05-9FCA-452F-8F92-E79648706E23.jpeg 1920w, https:\/\/marekkuchcinski.pl\/wp-content\/uploads\/2018\/05\/60E0DF05-9FCA-452F-8F92-E79648706E23-300x200.jpeg 300w, https:\/\/marekkuchcinski.pl\/wp-content\/uploads\/2018\/05\/60E0DF05-9FCA-452F-8F92-E79648706E23-768x512.jpeg 768w, https:\/\/marekkuchcinski.pl\/wp-content\/uploads\/2018\/05\/60E0DF05-9FCA-452F-8F92-E79648706E23-1024x683.jpeg 1024w\" sizes=\"(max-width: 1920px) 100vw, 1920px\" \/><\/a> <a href=\"https:\/\/marekkuchcinski.pl\/wp-content\/uploads\/2018\/05\/322AC0DC-7183-4274-8A96-44E071A2DF01.jpeg\"><img loading=\"lazy\" decoding=\"async\" class=\"alignnone size-full wp-image-9526\" src=\"https:\/\/marekkuchcinski.pl\/wp-content\/uploads\/2018\/05\/322AC0DC-7183-4274-8A96-44E071A2DF01.jpeg\" alt=\"322AC0DC-7183-4274-8A96-44E071A2DF01\" width=\"1695\" height=\"1130\" srcset=\"https:\/\/marekkuchcinski.pl\/wp-content\/uploads\/2018\/05\/322AC0DC-7183-4274-8A96-44E071A2DF01.jpeg 1695w, https:\/\/marekkuchcinski.pl\/wp-content\/uploads\/2018\/05\/322AC0DC-7183-4274-8A96-44E071A2DF01-300x200.jpeg 300w, https:\/\/marekkuchcinski.pl\/wp-content\/uploads\/2018\/05\/322AC0DC-7183-4274-8A96-44E071A2DF01-768x512.jpeg 768w, https:\/\/marekkuchcinski.pl\/wp-content\/uploads\/2018\/05\/322AC0DC-7183-4274-8A96-44E071A2DF01-1024x683.jpeg 1024w\" sizes=\"(max-width: 1695px) 100vw, 1695px\" \/><\/a> <a href=\"https:\/\/marekkuchcinski.pl\/wp-content\/uploads\/2018\/05\/4478480E-EC66-4B17-B583-AC187AFF3B74.jpeg\"><img loading=\"lazy\" decoding=\"async\" class=\"alignnone size-full wp-image-9527\" src=\"https:\/\/marekkuchcinski.pl\/wp-content\/uploads\/2018\/05\/4478480E-EC66-4B17-B583-AC187AFF3B74.jpeg\" alt=\"4478480E-EC66-4B17-B583-AC187AFF3B74\" width=\"1581\" height=\"1054\" srcset=\"https:\/\/marekkuchcinski.pl\/wp-content\/uploads\/2018\/05\/4478480E-EC66-4B17-B583-AC187AFF3B74.jpeg 1581w, https:\/\/marekkuchcinski.pl\/wp-content\/uploads\/2018\/05\/4478480E-EC66-4B17-B583-AC187AFF3B74-300x200.jpeg 300w, https:\/\/marekkuchcinski.pl\/wp-content\/uploads\/2018\/05\/4478480E-EC66-4B17-B583-AC187AFF3B74-768x512.jpeg 768w, https:\/\/marekkuchcinski.pl\/wp-content\/uploads\/2018\/05\/4478480E-EC66-4B17-B583-AC187AFF3B74-1024x683.jpeg 1024w\" sizes=\"(max-width: 1581px) 100vw, 1581px\" \/><\/a> <a href=\"https:\/\/marekkuchcinski.pl\/wp-content\/uploads\/2018\/05\/ABA93183-00DC-4A4C-A595-8D8D836B8F49.jpeg\"><img loading=\"lazy\" decoding=\"async\" class=\"alignnone size-full wp-image-9528\" src=\"https:\/\/marekkuchcinski.pl\/wp-content\/uploads\/2018\/05\/ABA93183-00DC-4A4C-A595-8D8D836B8F49.jpeg\" alt=\"ABA93183-00DC-4A4C-A595-8D8D836B8F49\" width=\"1500\" height=\"1000\" srcset=\"https:\/\/marekkuchcinski.pl\/wp-content\/uploads\/2018\/05\/ABA93183-00DC-4A4C-A595-8D8D836B8F49.jpeg 1500w, https:\/\/marekkuchcinski.pl\/wp-content\/uploads\/2018\/05\/ABA93183-00DC-4A4C-A595-8D8D836B8F49-300x200.jpeg 300w, https:\/\/marekkuchcinski.pl\/wp-content\/uploads\/2018\/05\/ABA93183-00DC-4A4C-A595-8D8D836B8F49-768x512.jpeg 768w, https:\/\/marekkuchcinski.pl\/wp-content\/uploads\/2018\/05\/ABA93183-00DC-4A4C-A595-8D8D836B8F49-1024x683.jpeg 1024w\" sizes=\"(max-width: 1500px) 100vw, 1500px\" \/><\/a> <a href=\"https:\/\/marekkuchcinski.pl\/wp-content\/uploads\/2018\/05\/ACFBA040-324E-46EB-ACF8-04F2178C8FCE.jpeg\"><img loading=\"lazy\" decoding=\"async\" class=\"alignnone size-full wp-image-9529\" src=\"https:\/\/marekkuchcinski.pl\/wp-content\/uploads\/2018\/05\/ACFBA040-324E-46EB-ACF8-04F2178C8FCE.jpeg\" alt=\"ACFBA040-324E-46EB-ACF8-04F2178C8FCE\" width=\"1920\" height=\"1280\" srcset=\"https:\/\/marekkuchcinski.pl\/wp-content\/uploads\/2018\/05\/ACFBA040-324E-46EB-ACF8-04F2178C8FCE.jpeg 1920w, https:\/\/marekkuchcinski.pl\/wp-content\/uploads\/2018\/05\/ACFBA040-324E-46EB-ACF8-04F2178C8FCE-300x200.jpeg 300w, https:\/\/marekkuchcinski.pl\/wp-content\/uploads\/2018\/05\/ACFBA040-324E-46EB-ACF8-04F2178C8FCE-768x512.jpeg 768w, https:\/\/marekkuchcinski.pl\/wp-content\/uploads\/2018\/05\/ACFBA040-324E-46EB-ACF8-04F2178C8FCE-1024x683.jpeg 1024w\" sizes=\"(max-width: 1920px) 100vw, 1920px\" \/><\/a><\/p>","protected":false},"excerpt":{"rendered":"<p>\u2013 Mo\u017cna odnie\u015b\u0107 wra\u017cenie, \u017ce muzyka, jako sztuka tutaj prezentowana, przesta\u0142a by\u0107 form\u0105 muzyki kameralnej, wy\u0142\u0105cznie w kategoriach wysokiej kultury, skierowanej do w\u0105skiej grupy odbiorc\u00f3w, ale sta\u0142a si\u0119 pewn\u0105 form\u0105 \u017cycia i wp\u0142ywaj\u0105c\u0105 na \u017cycie ca\u0142ego spo\u0142ecze\u0144stwa, ca\u0142ego narodu. To jest otwarto\u015b\u0107 daj\u0105ca szans\u0119 i mo\u017cliwo\u015bci wszystkim obywatelom Rzeczypospolitej, s\u0142uchaczom \u2013 m\u00f3wi\u0142 Marek Kuchci\u0144ski podczas [&hellip;]<\/p>","protected":false},"author":6,"featured_media":9525,"comment_status":"open","ping_status":"open","sticky":false,"template":"","format":"standard","meta":{"ngg_post_thumbnail":0,"footnotes":""},"categories":[49,50,3],"tags":[],"class_list":["post-9522","post","type-post","status-publish","format-standard","has-post-thumbnail","hentry","category-podkarpacie","category-wspolpraca-miedzynarodowa","category-wydarzenia"],"yoast_head":"<!-- This site is optimized with the Yoast SEO plugin v24.7 - https:\/\/yoast.com\/wordpress\/plugins\/seo\/ -->\n<title>Marsza\u0142ek Sejmu otworzy\u0142 57. Festiwal Muzyczny w \u0141a\u0144cucie &#8211; Marek Kuchci\u0144ski<\/title>\n<meta name=\"robots\" content=\"index, follow, max-snippet:-1, max-image-preview:large, max-video-preview:-1\" \/>\n<link rel=\"canonical\" href=\"https:\/\/marekkuchcinski.pl\/cs\/wydarzenia\/marszalek-sejmu-otworzyl-57-festiwal-muzyczny-lancucie\/\" \/>\n<meta property=\"og:locale\" content=\"cs_CZ\" \/>\n<meta property=\"og:type\" content=\"article\" \/>\n<meta property=\"og:title\" content=\"Marsza\u0142ek Sejmu otworzy\u0142 57. Festiwal Muzyczny w \u0141a\u0144cucie &#8211; Marek Kuchci\u0144ski\" \/>\n<meta property=\"og:description\" content=\"\u2013 Mo\u017cna odnie\u015b\u0107 wra\u017cenie, \u017ce muzyka, jako sztuka tutaj prezentowana, przesta\u0142a by\u0107 form\u0105 muzyki kameralnej, wy\u0142\u0105cznie w kategoriach wysokiej kultury, skierowanej do w\u0105skiej grupy odbiorc\u00f3w, ale sta\u0142a si\u0119 pewn\u0105 form\u0105 \u017cycia i wp\u0142ywaj\u0105c\u0105 na \u017cycie ca\u0142ego spo\u0142ecze\u0144stwa, ca\u0142ego narodu. To jest otwarto\u015b\u0107 daj\u0105ca szans\u0119 i mo\u017cliwo\u015bci wszystkim obywatelom Rzeczypospolitej, s\u0142uchaczom \u2013 m\u00f3wi\u0142 Marek Kuchci\u0144ski podczas [&hellip;]\" \/>\n<meta property=\"og:url\" content=\"https:\/\/marekkuchcinski.pl\/cs\/wydarzenia\/marszalek-sejmu-otworzyl-57-festiwal-muzyczny-lancucie\/\" \/>\n<meta property=\"og:site_name\" content=\"Marek Kuchci\u0144ski\" \/>\n<meta property=\"article:published_time\" content=\"2018-05-21T10:33:27+00:00\" \/>\n<meta property=\"og:image\" content=\"https:\/\/marekkuchcinski.pl\/wp-content\/uploads\/2018\/05\/60E0DF05-9FCA-452F-8F92-E79648706E23.jpeg\" \/>\n\t<meta property=\"og:image:width\" content=\"1920\" \/>\n\t<meta property=\"og:image:height\" content=\"1280\" \/>\n\t<meta property=\"og:image:type\" content=\"image\/jpeg\" \/>\n<meta name=\"author\" content=\"admin\" \/>\n<meta name=\"twitter:card\" content=\"summary_large_image\" \/>\n<meta name=\"twitter:label1\" content=\"Napsal(a)\" \/>\n\t<meta name=\"twitter:data1\" content=\"admin\" \/>\n\t<meta name=\"twitter:label2\" content=\"Odhadovan\u00e1 doba \u010dten\u00ed\" \/>\n\t<meta name=\"twitter:data2\" content=\"2 minuty\" \/>\n<script type=\"application\/ld+json\" class=\"yoast-schema-graph\">{\"@context\":\"https:\/\/schema.org\",\"@graph\":[{\"@type\":\"Article\",\"@id\":\"https:\/\/marekkuchcinski.pl\/sk\/wydarzenia\/marszalek-sejmu-otworzyl-57-festiwal-muzyczny-lancucie\/#article\",\"isPartOf\":{\"@id\":\"https:\/\/marekkuchcinski.pl\/sk\/wydarzenia\/marszalek-sejmu-otworzyl-57-festiwal-muzyczny-lancucie\/\"},\"author\":{\"name\":\"admin\",\"@id\":\"https:\/\/marekkuchcinski.pl\/#\/schema\/person\/6f62700996b4d950b6ea2d1183b6c6be\"},\"headline\":\"Marsza\u0142ek Sejmu otworzy\u0142 57. Festiwal Muzyczny w \u0141a\u0144cucie\",\"datePublished\":\"2018-05-21T10:33:27+00:00\",\"mainEntityOfPage\":{\"@id\":\"https:\/\/marekkuchcinski.pl\/sk\/wydarzenia\/marszalek-sejmu-otworzyl-57-festiwal-muzyczny-lancucie\/\"},\"wordCount\":322,\"commentCount\":0,\"publisher\":{\"@id\":\"https:\/\/marekkuchcinski.pl\/#organization\"},\"image\":{\"@id\":\"https:\/\/marekkuchcinski.pl\/sk\/wydarzenia\/marszalek-sejmu-otworzyl-57-festiwal-muzyczny-lancucie\/#primaryimage\"},\"thumbnailUrl\":\"https:\/\/marekkuchcinski.pl\/wp-content\/uploads\/2018\/05\/60E0DF05-9FCA-452F-8F92-E79648706E23.jpeg\",\"articleSection\":[\"Podkarpacie\",\"Wsp\u00f3\u0142praca mi\u0119dzynarodowa\",\"Wydarzenia\"],\"inLanguage\":\"cs\",\"potentialAction\":[{\"@type\":\"CommentAction\",\"name\":\"Comment\",\"target\":[\"https:\/\/marekkuchcinski.pl\/sk\/wydarzenia\/marszalek-sejmu-otworzyl-57-festiwal-muzyczny-lancucie\/#respond\"]}]},{\"@type\":\"WebPage\",\"@id\":\"https:\/\/marekkuchcinski.pl\/sk\/wydarzenia\/marszalek-sejmu-otworzyl-57-festiwal-muzyczny-lancucie\/\",\"url\":\"https:\/\/marekkuchcinski.pl\/sk\/wydarzenia\/marszalek-sejmu-otworzyl-57-festiwal-muzyczny-lancucie\/\",\"name\":\"Marsza\u0142ek Sejmu otworzy\u0142 57. Festiwal Muzyczny w \u0141a\u0144cucie &#8211; Marek Kuchci\u0144ski\",\"isPartOf\":{\"@id\":\"https:\/\/marekkuchcinski.pl\/#website\"},\"primaryImageOfPage\":{\"@id\":\"https:\/\/marekkuchcinski.pl\/sk\/wydarzenia\/marszalek-sejmu-otworzyl-57-festiwal-muzyczny-lancucie\/#primaryimage\"},\"image\":{\"@id\":\"https:\/\/marekkuchcinski.pl\/sk\/wydarzenia\/marszalek-sejmu-otworzyl-57-festiwal-muzyczny-lancucie\/#primaryimage\"},\"thumbnailUrl\":\"https:\/\/marekkuchcinski.pl\/wp-content\/uploads\/2018\/05\/60E0DF05-9FCA-452F-8F92-E79648706E23.jpeg\",\"datePublished\":\"2018-05-21T10:33:27+00:00\",\"breadcrumb\":{\"@id\":\"https:\/\/marekkuchcinski.pl\/sk\/wydarzenia\/marszalek-sejmu-otworzyl-57-festiwal-muzyczny-lancucie\/#breadcrumb\"},\"inLanguage\":\"cs\",\"potentialAction\":[{\"@type\":\"ReadAction\",\"target\":[\"https:\/\/marekkuchcinski.pl\/sk\/wydarzenia\/marszalek-sejmu-otworzyl-57-festiwal-muzyczny-lancucie\/\"]}]},{\"@type\":\"ImageObject\",\"inLanguage\":\"cs\",\"@id\":\"https:\/\/marekkuchcinski.pl\/sk\/wydarzenia\/marszalek-sejmu-otworzyl-57-festiwal-muzyczny-lancucie\/#primaryimage\",\"url\":\"https:\/\/marekkuchcinski.pl\/wp-content\/uploads\/2018\/05\/60E0DF05-9FCA-452F-8F92-E79648706E23.jpeg\",\"contentUrl\":\"https:\/\/marekkuchcinski.pl\/wp-content\/uploads\/2018\/05\/60E0DF05-9FCA-452F-8F92-E79648706E23.jpeg\",\"width\":1920,\"height\":1280},{\"@type\":\"BreadcrumbList\",\"@id\":\"https:\/\/marekkuchcinski.pl\/sk\/wydarzenia\/marszalek-sejmu-otworzyl-57-festiwal-muzyczny-lancucie\/#breadcrumb\",\"itemListElement\":[{\"@type\":\"ListItem\",\"position\":1,\"name\":\"Strona g\u0142\u00f3wna\",\"item\":\"https:\/\/marekkuchcinski.pl\/\"},{\"@type\":\"ListItem\",\"position\":2,\"name\":\"Marsza\u0142ek Sejmu otworzy\u0142 57. Festiwal Muzyczny w \u0141a\u0144cucie\"}]},{\"@type\":\"WebSite\",\"@id\":\"https:\/\/marekkuchcinski.pl\/#website\",\"url\":\"https:\/\/marekkuchcinski.pl\/\",\"name\":\"Marek Kuchci\u0144ski\",\"description\":\"Pose\u0142 na sejm RP &ndash; okr\u0119g nr 22\",\"publisher\":{\"@id\":\"https:\/\/marekkuchcinski.pl\/#organization\"},\"potentialAction\":[{\"@type\":\"SearchAction\",\"target\":{\"@type\":\"EntryPoint\",\"urlTemplate\":\"https:\/\/marekkuchcinski.pl\/?s={search_term_string}\"},\"query-input\":{\"@type\":\"PropertyValueSpecification\",\"valueRequired\":true,\"valueName\":\"search_term_string\"}}],\"inLanguage\":\"cs\"},{\"@type\":\"Organization\",\"@id\":\"https:\/\/marekkuchcinski.pl\/#organization\",\"name\":\"Marek Kuchci\u0144ski\",\"url\":\"https:\/\/marekkuchcinski.pl\/\",\"logo\":{\"@type\":\"ImageObject\",\"inLanguage\":\"cs\",\"@id\":\"https:\/\/marekkuchcinski.pl\/#\/schema\/logo\/image\/\",\"url\":\"https:\/\/marekkuchcinski.pl\/wp-content\/uploads\/2022\/09\/Marek.jpg\",\"contentUrl\":\"https:\/\/marekkuchcinski.pl\/wp-content\/uploads\/2022\/09\/Marek.jpg\",\"width\":1600,\"height\":971,\"caption\":\"Marek Kuchci\u0144ski\"},\"image\":{\"@id\":\"https:\/\/marekkuchcinski.pl\/#\/schema\/logo\/image\/\"}},{\"@type\":\"Person\",\"@id\":\"https:\/\/marekkuchcinski.pl\/#\/schema\/person\/6f62700996b4d950b6ea2d1183b6c6be\",\"name\":\"admin\",\"image\":{\"@type\":\"ImageObject\",\"inLanguage\":\"cs\",\"@id\":\"https:\/\/marekkuchcinski.pl\/#\/schema\/person\/image\/\",\"url\":\"https:\/\/secure.gravatar.com\/avatar\/4bab693b9d55c3d6b52c0296a8765085?s=96&d=mm&r=g\",\"contentUrl\":\"https:\/\/secure.gravatar.com\/avatar\/4bab693b9d55c3d6b52c0296a8765085?s=96&d=mm&r=g\",\"caption\":\"admin\"},\"url\":\"https:\/\/marekkuchcinski.pl\/cs\/author\/marta-olejnik\/\"}]}<\/script>\n<!-- \/ Yoast SEO plugin. -->","yoast_head_json":{"title":"Marsza\u0142ek Sejmu otworzy\u0142 57. Festiwal Muzyczny w \u0141a\u0144cucie &#8211; Marek Kuchci\u0144ski","robots":{"index":"index","follow":"follow","max-snippet":"max-snippet:-1","max-image-preview":"max-image-preview:large","max-video-preview":"max-video-preview:-1"},"canonical":"https:\/\/marekkuchcinski.pl\/cs\/wydarzenia\/marszalek-sejmu-otworzyl-57-festiwal-muzyczny-lancucie\/","og_locale":"cs_CZ","og_type":"article","og_title":"Marsza\u0142ek Sejmu otworzy\u0142 57. Festiwal Muzyczny w \u0141a\u0144cucie &#8211; Marek Kuchci\u0144ski","og_description":"\u2013 Mo\u017cna odnie\u015b\u0107 wra\u017cenie, \u017ce muzyka, jako sztuka tutaj prezentowana, przesta\u0142a by\u0107 form\u0105 muzyki kameralnej, wy\u0142\u0105cznie w kategoriach wysokiej kultury, skierowanej do w\u0105skiej grupy odbiorc\u00f3w, ale sta\u0142a si\u0119 pewn\u0105 form\u0105 \u017cycia i wp\u0142ywaj\u0105c\u0105 na \u017cycie ca\u0142ego spo\u0142ecze\u0144stwa, ca\u0142ego narodu. To jest otwarto\u015b\u0107 daj\u0105ca szans\u0119 i mo\u017cliwo\u015bci wszystkim obywatelom Rzeczypospolitej, s\u0142uchaczom \u2013 m\u00f3wi\u0142 Marek Kuchci\u0144ski podczas [&hellip;]","og_url":"https:\/\/marekkuchcinski.pl\/cs\/wydarzenia\/marszalek-sejmu-otworzyl-57-festiwal-muzyczny-lancucie\/","og_site_name":"Marek Kuchci\u0144ski","article_published_time":"2018-05-21T10:33:27+00:00","og_image":[{"width":1920,"height":1280,"url":"https:\/\/marekkuchcinski.pl\/wp-content\/uploads\/2018\/05\/60E0DF05-9FCA-452F-8F92-E79648706E23.jpeg","type":"image\/jpeg"}],"author":"admin","twitter_card":"summary_large_image","twitter_misc":{"Napsal(a)":"admin","Odhadovan\u00e1 doba \u010dten\u00ed":"2 minuty"},"schema":{"@context":"https:\/\/schema.org","@graph":[{"@type":"Article","@id":"https:\/\/marekkuchcinski.pl\/sk\/wydarzenia\/marszalek-sejmu-otworzyl-57-festiwal-muzyczny-lancucie\/#article","isPartOf":{"@id":"https:\/\/marekkuchcinski.pl\/sk\/wydarzenia\/marszalek-sejmu-otworzyl-57-festiwal-muzyczny-lancucie\/"},"author":{"name":"admin","@id":"https:\/\/marekkuchcinski.pl\/#\/schema\/person\/6f62700996b4d950b6ea2d1183b6c6be"},"headline":"Marsza\u0142ek Sejmu otworzy\u0142 57. Festiwal Muzyczny w \u0141a\u0144cucie","datePublished":"2018-05-21T10:33:27+00:00","mainEntityOfPage":{"@id":"https:\/\/marekkuchcinski.pl\/sk\/wydarzenia\/marszalek-sejmu-otworzyl-57-festiwal-muzyczny-lancucie\/"},"wordCount":322,"commentCount":0,"publisher":{"@id":"https:\/\/marekkuchcinski.pl\/#organization"},"image":{"@id":"https:\/\/marekkuchcinski.pl\/sk\/wydarzenia\/marszalek-sejmu-otworzyl-57-festiwal-muzyczny-lancucie\/#primaryimage"},"thumbnailUrl":"https:\/\/marekkuchcinski.pl\/wp-content\/uploads\/2018\/05\/60E0DF05-9FCA-452F-8F92-E79648706E23.jpeg","articleSection":["Podkarpacie","Wsp\u00f3\u0142praca mi\u0119dzynarodowa","Wydarzenia"],"inLanguage":"cs","potentialAction":[{"@type":"CommentAction","name":"Comment","target":["https:\/\/marekkuchcinski.pl\/sk\/wydarzenia\/marszalek-sejmu-otworzyl-57-festiwal-muzyczny-lancucie\/#respond"]}]},{"@type":"WebPage","@id":"https:\/\/marekkuchcinski.pl\/sk\/wydarzenia\/marszalek-sejmu-otworzyl-57-festiwal-muzyczny-lancucie\/","url":"https:\/\/marekkuchcinski.pl\/sk\/wydarzenia\/marszalek-sejmu-otworzyl-57-festiwal-muzyczny-lancucie\/","name":"Marsza\u0142ek Sejmu otworzy\u0142 57. Festiwal Muzyczny w \u0141a\u0144cucie &#8211; Marek Kuchci\u0144ski","isPartOf":{"@id":"https:\/\/marekkuchcinski.pl\/#website"},"primaryImageOfPage":{"@id":"https:\/\/marekkuchcinski.pl\/sk\/wydarzenia\/marszalek-sejmu-otworzyl-57-festiwal-muzyczny-lancucie\/#primaryimage"},"image":{"@id":"https:\/\/marekkuchcinski.pl\/sk\/wydarzenia\/marszalek-sejmu-otworzyl-57-festiwal-muzyczny-lancucie\/#primaryimage"},"thumbnailUrl":"https:\/\/marekkuchcinski.pl\/wp-content\/uploads\/2018\/05\/60E0DF05-9FCA-452F-8F92-E79648706E23.jpeg","datePublished":"2018-05-21T10:33:27+00:00","breadcrumb":{"@id":"https:\/\/marekkuchcinski.pl\/sk\/wydarzenia\/marszalek-sejmu-otworzyl-57-festiwal-muzyczny-lancucie\/#breadcrumb"},"inLanguage":"cs","potentialAction":[{"@type":"ReadAction","target":["https:\/\/marekkuchcinski.pl\/sk\/wydarzenia\/marszalek-sejmu-otworzyl-57-festiwal-muzyczny-lancucie\/"]}]},{"@type":"ImageObject","inLanguage":"cs","@id":"https:\/\/marekkuchcinski.pl\/sk\/wydarzenia\/marszalek-sejmu-otworzyl-57-festiwal-muzyczny-lancucie\/#primaryimage","url":"https:\/\/marekkuchcinski.pl\/wp-content\/uploads\/2018\/05\/60E0DF05-9FCA-452F-8F92-E79648706E23.jpeg","contentUrl":"https:\/\/marekkuchcinski.pl\/wp-content\/uploads\/2018\/05\/60E0DF05-9FCA-452F-8F92-E79648706E23.jpeg","width":1920,"height":1280},{"@type":"BreadcrumbList","@id":"https:\/\/marekkuchcinski.pl\/sk\/wydarzenia\/marszalek-sejmu-otworzyl-57-festiwal-muzyczny-lancucie\/#breadcrumb","itemListElement":[{"@type":"ListItem","position":1,"name":"Strona g\u0142\u00f3wna","item":"https:\/\/marekkuchcinski.pl\/"},{"@type":"ListItem","position":2,"name":"Marsza\u0142ek Sejmu otworzy\u0142 57. Festiwal Muzyczny w \u0141a\u0144cucie"}]},{"@type":"WebSite","@id":"https:\/\/marekkuchcinski.pl\/#website","url":"https:\/\/marekkuchcinski.pl\/","name":"Marek Kuchci\u0144ski","description":"Pose\u0142 na sejm RP &ndash; okr\u0119g nr 22","publisher":{"@id":"https:\/\/marekkuchcinski.pl\/#organization"},"potentialAction":[{"@type":"SearchAction","target":{"@type":"EntryPoint","urlTemplate":"https:\/\/marekkuchcinski.pl\/?s={search_term_string}"},"query-input":{"@type":"PropertyValueSpecification","valueRequired":true,"valueName":"search_term_string"}}],"inLanguage":"cs"},{"@type":"Organization","@id":"https:\/\/marekkuchcinski.pl\/#organization","name":"Marek Kuchci\u0144ski","url":"https:\/\/marekkuchcinski.pl\/","logo":{"@type":"ImageObject","inLanguage":"cs","@id":"https:\/\/marekkuchcinski.pl\/#\/schema\/logo\/image\/","url":"https:\/\/marekkuchcinski.pl\/wp-content\/uploads\/2022\/09\/Marek.jpg","contentUrl":"https:\/\/marekkuchcinski.pl\/wp-content\/uploads\/2022\/09\/Marek.jpg","width":1600,"height":971,"caption":"Marek Kuchci\u0144ski"},"image":{"@id":"https:\/\/marekkuchcinski.pl\/#\/schema\/logo\/image\/"}},{"@type":"Person","@id":"https:\/\/marekkuchcinski.pl\/#\/schema\/person\/6f62700996b4d950b6ea2d1183b6c6be","name":"admin","image":{"@type":"ImageObject","inLanguage":"cs","@id":"https:\/\/marekkuchcinski.pl\/#\/schema\/person\/image\/","url":"https:\/\/secure.gravatar.com\/avatar\/4bab693b9d55c3d6b52c0296a8765085?s=96&d=mm&r=g","contentUrl":"https:\/\/secure.gravatar.com\/avatar\/4bab693b9d55c3d6b52c0296a8765085?s=96&d=mm&r=g","caption":"admin"},"url":"https:\/\/marekkuchcinski.pl\/cs\/author\/marta-olejnik\/"}]}},"_links":{"self":[{"href":"https:\/\/marekkuchcinski.pl\/cs\/wp-json\/wp\/v2\/posts\/9522","targetHints":{"allow":["GET"]}}],"collection":[{"href":"https:\/\/marekkuchcinski.pl\/cs\/wp-json\/wp\/v2\/posts"}],"about":[{"href":"https:\/\/marekkuchcinski.pl\/cs\/wp-json\/wp\/v2\/types\/post"}],"author":[{"embeddable":true,"href":"https:\/\/marekkuchcinski.pl\/cs\/wp-json\/wp\/v2\/users\/6"}],"replies":[{"embeddable":true,"href":"https:\/\/marekkuchcinski.pl\/cs\/wp-json\/wp\/v2\/comments?post=9522"}],"version-history":[{"count":2,"href":"https:\/\/marekkuchcinski.pl\/cs\/wp-json\/wp\/v2\/posts\/9522\/revisions"}],"predecessor-version":[{"id":9531,"href":"https:\/\/marekkuchcinski.pl\/cs\/wp-json\/wp\/v2\/posts\/9522\/revisions\/9531"}],"wp:featuredmedia":[{"embeddable":true,"href":"https:\/\/marekkuchcinski.pl\/cs\/wp-json\/wp\/v2\/media\/9525"}],"wp:attachment":[{"href":"https:\/\/marekkuchcinski.pl\/cs\/wp-json\/wp\/v2\/media?parent=9522"}],"wp:term":[{"taxonomy":"category","embeddable":true,"href":"https:\/\/marekkuchcinski.pl\/cs\/wp-json\/wp\/v2\/categories?post=9522"},{"taxonomy":"post_tag","embeddable":true,"href":"https:\/\/marekkuchcinski.pl\/cs\/wp-json\/wp\/v2\/tags?post=9522"}],"curies":[{"name":"wp","href":"https:\/\/api.w.org\/{rel}","templated":true}]}}