{"id":9505,"date":"2018-05-21T11:35:16","date_gmt":"2018-05-21T09:35:16","guid":{"rendered":"https:\/\/marekkuchcinski.pl\/?p=9505"},"modified":"2018-05-21T12:42:47","modified_gmt":"2018-05-21T10:42:47","slug":"koprzywnica-spotkanie-marszalka-sejmu-mieszkancami-ramach-kampanii-polska-jedna","status":"publish","type":"post","link":"https:\/\/marekkuchcinski.pl\/cs\/wydarzenia\/koprzywnica-spotkanie-marszalka-sejmu-mieszkancami-ramach-kampanii-polska-jedna\/","title":{"rendered":"Koprzywnica: setk\u00e1n\u00ed p\u0159edsedy Sejmu s obyvateli v r\u00e1mci kampan\u011b \"Polsko je jedno\""},"content":{"rendered":"<p>V r\u00e1mci kampan\u011b \"Polsko je jedno\" se Marek Kuchci\u0144ski setkal s obyvateli Koprzywnice. Zd\u016fraznil, \u017ee b\u011bhem 2,5 roku vl\u00e1dy strany Pr\u00e1vo a spravedlnost bylo mo\u017en\u00e9 zav\u00e9st programy a reformy ohl\u00e1\u0161en\u00e9 v kampani. Zm\u00ednil se tak\u00e9 o ned\u00e1vno ozn\u00e1men\u00e9m programu premi\u00e9ra Mateusze Morawieck\u00e9ho, p\u0159edev\u0161\u00edm o n\u00e1vrz\u00edch bal\u00ed\u010dku \"Bezbari\u00e9rovost plus\", kter\u00fd po\u010d\u00edt\u00e1 s vy\u010dlen\u011bn\u00edm 23 miliard zlot\u00fdch v p\u0159\u00ed\u0161t\u00edch letech na \u0159e\u0161en\u00ed usnad\u0148uj\u00edc\u00ed ka\u017edodenn\u00ed \u017eivot zdravotn\u011b posti\u017een\u00fdch a star\u0161\u00edch osob nebo rodi\u010d\u016f s mal\u00fdmi d\u011btmi. - Jedn\u00e1 se o n\u00e1vrhy zam\u011b\u0159en\u00e9 na zah\u00e1jen\u00ed r\u016fzn\u00fdch opat\u0159en\u00ed v m\u00edstn\u00ed architektu\u0159e, v infrastruktu\u0159e,\" uvedl Kuchci\u0144ski.<\/p>\n<p>Sandom\u011b\u0159sko je jedn\u00edm z nejv\u011bt\u0161\u00edch producent\u016f a v\u00fdvozc\u016f jablek v Polsku. B\u011bhem setk\u00e1n\u00ed s p\u0159edsedou Sejmu po\u017e\u00e1dali obyvatel\u00e9 o podporu stalet\u00e9 tradice ovocn\u00e1\u0159stv\u00ed. Hovo\u0159ilo se tak\u00e9 o zlep\u0161en\u00ed infrastruktury, o vl\u00e1dn\u00edm silni\u010dn\u00edm fondu - 5 miliard\u00e1ch zlot\u00fdch, kter\u00e9 dostanou obce a okresn\u00ed samospr\u00e1vy - na opravy a rekonstrukce silnic.  Obyvatel\u00e9 m\u011bli z\u00e1jem o v\u00fdstavbu mostu p\u0159es Vislu, kter\u00fd by spojil Koprzywnici s Podkarpatsk\u00fdm vojvodstv\u00edm. P\u0159edseda Sejmu ujistil, \u017ee pokud se takov\u00e1 pot\u0159eba prok\u00e1\u017ee, podpo\u0159\u00ed ji.<\/p>\n<p>Mezi dotazy byly i ot\u00e1zky t\u00fdkaj\u00edc\u00ed se v\u00e1le\u010dn\u00fdch reparac\u00ed. S odkazem na n\u011bj p\u0159edseda parlamentu uvedl, \u017ee Polsko bylo<br \/>\nJedin\u00e1 zem\u011b, kde se od\u0161kodn\u011bn\u00ed nedostalo p\u0159\u00edmo od N\u011bmc\u016f, ale prost\u0159ednictv\u00edm Sov\u011btsk\u00e9ho svazu.  - Nebylo to o\u0161et\u0159eno, bylo to n\u011bjak skryto p\u0159ed ve\u0159ejn\u00fdm m\u00edn\u011bn\u00edm a nyn\u00ed mus\u00edme tyto ot\u00e1zky znovu vyt\u00e1hnout na sv\u011btlo a analyzovat a vyhodnotit, jak\u00e9 n\u00e1klady Polsko neslo - \u0159ekl Kuchci\u0144ski.<\/p>\n<p>V odpov\u011bdi na ot\u00e1zky t\u00fdkaj\u00edc\u00ed se protestu osob se zdravotn\u00edm posti\u017een\u00edm v Sejmu pouk\u00e1zal na to, \u017ee jde o skupinu lid\u00ed, na kter\u00e9 by se m\u011bla vztahovat hlavn\u00ed podpora ze strany st\u00e1tu, stejn\u011b jako na seniory nebo rodiny s mnoha d\u011btmi. Dodal, \u017ee vl\u00e1da pracuje na komplexn\u00edm syst\u00e9mu podpory pro tyto osoby. Zd\u016fraznil tak\u00e9, \u017ee se jedn\u00e1 o velmi obt\u00ed\u017enou a choulostivou z\u00e1le\u017eitost, proto\u017ee se t\u00fdk\u00e1 lid\u00ed, kte\u0159\u00ed by nem\u011bli b\u00fdt v \u017e\u00e1dn\u00e9m p\u0159\u00edpad\u011b zneu\u017e\u00edv\u00e1ni k politick\u00e9mu boji.<br \/>\n- Opozice sv\u00fdmi r\u016fzn\u00fdmi aktivitami zp\u016fsobila, \u017ee tato skupina lid\u00ed, kter\u00e1 by m\u011bla m\u00edt podporu a p\u00e9\u010di st\u00e1tu, je podle m\u00e9ho n\u00e1zoru do zna\u010dn\u00e9 m\u00edry vyu\u017e\u00edv\u00e1na k politick\u00e9mu boji. - Probl\u00e9m zdravotn\u011b posti\u017een\u00fdch byl zaml\u010dov\u00e1n, rozm\u011bl\u0148ov\u00e1n a n\u011bkdy p\u0159en\u00e1\u0161en na m\u00edstn\u00ed \u00fa\u0159ady. Pen\u00edze na n\u011bj byly nedostate\u010dn\u00e9, tak\u017ee situace byla pom\u011brn\u011b dramatick\u00e1 a mnoho m\u00edstn\u00edch samospr\u00e1v nemohlo.<br \/>\nzvl\u00e1dnout \u00fadr\u017ebu instituc\u00ed poskytuj\u00edc\u00edch podporu osob\u00e1m se zdravotn\u00edm posti\u017een\u00edm - zd\u016fraznil Kuchci\u0144ski.<\/p>\n<p><em>Foto: Micha\u0142 Jak\u00f3bczyk<\/em><\/p>\n<p><a href=\"https:\/\/marekkuchcinski.pl\/wp-content\/uploads\/2018\/05\/IMG_9207.jpg\"><img fetchpriority=\"high\" decoding=\"async\" class=\"alignnone size-full wp-image-9506\" src=\"https:\/\/marekkuchcinski.pl\/wp-content\/uploads\/2018\/05\/IMG_9207.jpg\" alt=\"IMG_9207\" width=\"1800\" height=\"1200\" srcset=\"https:\/\/marekkuchcinski.pl\/wp-content\/uploads\/2018\/05\/IMG_9207.jpg 1800w, https:\/\/marekkuchcinski.pl\/wp-content\/uploads\/2018\/05\/IMG_9207-300x200.jpg 300w, https:\/\/marekkuchcinski.pl\/wp-content\/uploads\/2018\/05\/IMG_9207-768x512.jpg 768w, https:\/\/marekkuchcinski.pl\/wp-content\/uploads\/2018\/05\/IMG_9207-1024x683.jpg 1024w\" sizes=\"(max-width: 1800px) 100vw, 1800px\" \/><\/a> <a href=\"https:\/\/marekkuchcinski.pl\/wp-content\/uploads\/2018\/05\/IMG_9333.jpg\"><img decoding=\"async\" class=\"alignnone size-full wp-image-9507\" src=\"https:\/\/marekkuchcinski.pl\/wp-content\/uploads\/2018\/05\/IMG_9333.jpg\" alt=\"IMG_9333\" width=\"1800\" height=\"1200\" srcset=\"https:\/\/marekkuchcinski.pl\/wp-content\/uploads\/2018\/05\/IMG_9333.jpg 1800w, https:\/\/marekkuchcinski.pl\/wp-content\/uploads\/2018\/05\/IMG_9333-300x200.jpg 300w, https:\/\/marekkuchcinski.pl\/wp-content\/uploads\/2018\/05\/IMG_9333-768x512.jpg 768w, https:\/\/marekkuchcinski.pl\/wp-content\/uploads\/2018\/05\/IMG_9333-1024x683.jpg 1024w\" sizes=\"(max-width: 1800px) 100vw, 1800px\" \/><\/a> <a href=\"https:\/\/marekkuchcinski.pl\/wp-content\/uploads\/2018\/05\/IMG_9400.jpg\"><img decoding=\"async\" class=\"alignnone size-full wp-image-9508\" src=\"https:\/\/marekkuchcinski.pl\/wp-content\/uploads\/2018\/05\/IMG_9400.jpg\" alt=\"IMG_9400\" width=\"1800\" height=\"1200\" srcset=\"https:\/\/marekkuchcinski.pl\/wp-content\/uploads\/2018\/05\/IMG_9400.jpg 1800w, https:\/\/marekkuchcinski.pl\/wp-content\/uploads\/2018\/05\/IMG_9400-300x200.jpg 300w, https:\/\/marekkuchcinski.pl\/wp-content\/uploads\/2018\/05\/IMG_9400-768x512.jpg 768w, https:\/\/marekkuchcinski.pl\/wp-content\/uploads\/2018\/05\/IMG_9400-1024x683.jpg 1024w\" sizes=\"(max-width: 1800px) 100vw, 1800px\" \/><\/a> <a href=\"https:\/\/marekkuchcinski.pl\/wp-content\/uploads\/2018\/05\/IMG_9456.jpg\"><img loading=\"lazy\" decoding=\"async\" class=\"alignnone size-full wp-image-9509\" src=\"https:\/\/marekkuchcinski.pl\/wp-content\/uploads\/2018\/05\/IMG_9456.jpg\" alt=\"IMG_9456\" width=\"1800\" height=\"1200\" srcset=\"https:\/\/marekkuchcinski.pl\/wp-content\/uploads\/2018\/05\/IMG_9456.jpg 1800w, https:\/\/marekkuchcinski.pl\/wp-content\/uploads\/2018\/05\/IMG_9456-300x200.jpg 300w, https:\/\/marekkuchcinski.pl\/wp-content\/uploads\/2018\/05\/IMG_9456-768x512.jpg 768w, https:\/\/marekkuchcinski.pl\/wp-content\/uploads\/2018\/05\/IMG_9456-1024x683.jpg 1024w\" sizes=\"(max-width: 1800px) 100vw, 1800px\" \/><\/a>\u00a0Mar\u0161\u00e1l Kuchci\u0144ski polo\u017eil kv\u011btiny u poprav\u010d\u00ed zdi v Koprzywnici, kde N\u011bmci popravili p\u0159\u00edslu\u0161n\u00edky odboje.<a href=\"https:\/\/marekkuchcinski.pl\/wp-content\/uploads\/2018\/05\/IMG_9485.jpg\"><img loading=\"lazy\" decoding=\"async\" class=\"alignnone size-full wp-image-9510\" src=\"https:\/\/marekkuchcinski.pl\/wp-content\/uploads\/2018\/05\/IMG_9485.jpg\" alt=\"IMG_9485\" width=\"1800\" height=\"1200\" srcset=\"https:\/\/marekkuchcinski.pl\/wp-content\/uploads\/2018\/05\/IMG_9485.jpg 1800w, https:\/\/marekkuchcinski.pl\/wp-content\/uploads\/2018\/05\/IMG_9485-300x200.jpg 300w, https:\/\/marekkuchcinski.pl\/wp-content\/uploads\/2018\/05\/IMG_9485-768x512.jpg 768w, https:\/\/marekkuchcinski.pl\/wp-content\/uploads\/2018\/05\/IMG_9485-1024x683.jpg 1024w\" sizes=\"(max-width: 1800px) 100vw, 1800px\" \/><\/a> Marek Kuchci\u0144ski polo\u017eil kv\u011btiny p\u0159ed pam\u011btn\u00ed desku prezidenta Lecha Kaczy\u0144sk\u00e9ho v Koprzywnici.<a href=\"https:\/\/marekkuchcinski.pl\/wp-content\/uploads\/2018\/05\/IMG_9548.jpg\"><img loading=\"lazy\" decoding=\"async\" class=\"alignnone size-full wp-image-9511\" src=\"https:\/\/marekkuchcinski.pl\/wp-content\/uploads\/2018\/05\/IMG_9548.jpg\" alt=\"IMG_9548\" width=\"1800\" height=\"1200\" srcset=\"https:\/\/marekkuchcinski.pl\/wp-content\/uploads\/2018\/05\/IMG_9548.jpg 1800w, https:\/\/marekkuchcinski.pl\/wp-content\/uploads\/2018\/05\/IMG_9548-300x200.jpg 300w, https:\/\/marekkuchcinski.pl\/wp-content\/uploads\/2018\/05\/IMG_9548-768x512.jpg 768w, https:\/\/marekkuchcinski.pl\/wp-content\/uploads\/2018\/05\/IMG_9548-1024x683.jpg 1024w\" sizes=\"(max-width: 1800px) 100vw, 1800px\" \/><\/a> <a href=\"https:\/\/marekkuchcinski.pl\/wp-content\/uploads\/2018\/05\/IMG_9598.jpg\"><img loading=\"lazy\" decoding=\"async\" class=\"alignnone size-full wp-image-9512\" src=\"https:\/\/marekkuchcinski.pl\/wp-content\/uploads\/2018\/05\/IMG_9598.jpg\" alt=\"IMG_9598\" width=\"1800\" height=\"1200\" srcset=\"https:\/\/marekkuchcinski.pl\/wp-content\/uploads\/2018\/05\/IMG_9598.jpg 1800w, https:\/\/marekkuchcinski.pl\/wp-content\/uploads\/2018\/05\/IMG_9598-300x200.jpg 300w, https:\/\/marekkuchcinski.pl\/wp-content\/uploads\/2018\/05\/IMG_9598-768x512.jpg 768w, https:\/\/marekkuchcinski.pl\/wp-content\/uploads\/2018\/05\/IMG_9598-1024x683.jpg 1024w\" sizes=\"(max-width: 1800px) 100vw, 1800px\" \/><\/a><\/p>\n<p>P\u0159edseda Sejmu zah\u00e1jil b\u00edlo\u010derven\u00fd B\u011bh J\u0119drusi\u00f3wem po\u0159\u00e1dan\u00fd na oslavu 100 let nez\u00e1vislosti.<\/p>\n<div style=\"width: 800px;\" class=\"wp-video\"><video class=\"wp-video-shortcode\" id=\"video-9505-1\" width=\"800\" height=\"450\" preload=\"metadata\" controls=\"controls\"><source type=\"video\/mp4\" src=\"https:\/\/marekkuchcinski.pl\/wp-content\/uploads\/2018\/05\/J\u0119drusie.mp4?_=1\" \/><a href=\"https:\/\/marekkuchcinski.pl\/wp-content\/uploads\/2018\/05\/J\u0119drusie.mp4\">https:\/\/marekkuchcinski.pl\/wp-content\/uploads\/2018\/05\/J\u0119drusie.mp4<\/a><\/video><\/div>","protected":false},"excerpt":{"rendered":"<p>W ramach\u00a0akcji \u201ePolska jest jedna&#8221; Marek Kuchci\u0144ski spotka\u0142 si\u0119 z mieszka\u0144cami Koprzywnicy. Podkre\u015bla\u0142, \u017ce w ci\u0105gu 2,5 lat rz\u0105d\u00f3w Prawa i Sprawiedliwo\u015bci uda\u0142o si\u0119 wprowadzi\u0107 zapowiadane w kampanii programy i reformy. Odni\u00f3s\u0142 si\u0119 tak\u017ce do og\u0142oszonego niedawno programu premiera Mateusza Morawieckiego, przede wszystkim propozycji pakietu \u201eDost\u0119pno\u015b\u0107 plus&#8221;, kt\u00f3ry przewiduje przeznaczenie w najbli\u017cszych latach 23 mld [&hellip;]<\/p>\n","protected":false},"author":6,"featured_media":9513,"comment_status":"open","ping_status":"open","sticky":false,"template":"","format":"standard","meta":{"ngg_post_thumbnail":0,"footnotes":""},"categories":[82,3],"tags":[],"class_list":["post-9505","post","type-post","status-publish","format-standard","has-post-thumbnail","hentry","category-prawo-i-sprawiedliwosc","category-wydarzenia"],"_links":{"self":[{"href":"https:\/\/marekkuchcinski.pl\/cs\/wp-json\/wp\/v2\/posts\/9505","targetHints":{"allow":["GET"]}}],"collection":[{"href":"https:\/\/marekkuchcinski.pl\/cs\/wp-json\/wp\/v2\/posts"}],"about":[{"href":"https:\/\/marekkuchcinski.pl\/cs\/wp-json\/wp\/v2\/types\/post"}],"author":[{"embeddable":true,"href":"https:\/\/marekkuchcinski.pl\/cs\/wp-json\/wp\/v2\/users\/6"}],"replies":[{"embeddable":true,"href":"https:\/\/marekkuchcinski.pl\/cs\/wp-json\/wp\/v2\/comments?post=9505"}],"version-history":[{"count":8,"href":"https:\/\/marekkuchcinski.pl\/cs\/wp-json\/wp\/v2\/posts\/9505\/revisions"}],"predecessor-version":[{"id":9533,"href":"https:\/\/marekkuchcinski.pl\/cs\/wp-json\/wp\/v2\/posts\/9505\/revisions\/9533"}],"wp:featuredmedia":[{"embeddable":true,"href":"https:\/\/marekkuchcinski.pl\/cs\/wp-json\/wp\/v2\/media\/9513"}],"wp:attachment":[{"href":"https:\/\/marekkuchcinski.pl\/cs\/wp-json\/wp\/v2\/media?parent=9505"}],"wp:term":[{"taxonomy":"category","embeddable":true,"href":"https:\/\/marekkuchcinski.pl\/cs\/wp-json\/wp\/v2\/categories?post=9505"},{"taxonomy":"post_tag","embeddable":true,"href":"https:\/\/marekkuchcinski.pl\/cs\/wp-json\/wp\/v2\/tags?post=9505"}],"curies":[{"name":"wp","href":"https:\/\/api.w.org\/{rel}","templated":true}]}}