{"id":9425,"date":"2018-05-04T10:26:37","date_gmt":"2018-05-04T08:26:37","guid":{"rendered":"https:\/\/marekkuchcinski.pl\/?p=9425"},"modified":"2018-05-04T19:01:51","modified_gmt":"2018-05-04T17:01:51","slug":"marek-kuchcinski-otrzymal-tytul-honorowego-obywatela-miasta-przemysla","status":"publish","type":"post","link":"https:\/\/marekkuchcinski.pl\/cs\/wydarzenia\/marek-kuchcinski-otrzymal-tytul-honorowego-obywatela-miasta-przemysla\/","title":{"rendered":"Marek Kuchci\u0144ski obdr\u017eel titul \u010destn\u00e9ho ob\u010dana m\u011bsta Przemy\u015bl"},"content":{"rendered":"<p>M\u011bstsk\u00e1 rada ud\u011blila p\u0159edsedovi Sejmu Marku Kuchci\u0144sk\u00e9mu titul \u010destn\u00e9ho ob\u010dana m\u011bsta Przemy\u015bl:<a href=\"https:\/\/marekkuchcinski.pl\/cs\/wydarzenia\/marszalek-sejmu-marek-kuchcinski-honorowym-obywatelem-miasta-przemysla\/\">\u00a0<span style=\"color: #33cccc;\"><strong>https:\/\/marekkuchcinski.pl\/wydarzenia\/marszalek-sejmu-marek-kuchcinski-honorowym-obywatelem-miasta-przemysla\/<\/strong><\/span><\/a><\/p>\n<p>P\u0159i p\u0159eb\u00edr\u00e1n\u00ed titulu mar\u0161\u00e1lek ujistil, \u017ee vytv\u00e1\u0159en\u00edm a rozv\u00edjen\u00edm nov\u00e9 parlamentn\u00ed politiky zam\u011b\u0159en\u00e9 na rozvoj Polska v regionu st\u0159edn\u00ed a v\u00fdchodn\u00ed Evropy, v r\u00e1mci \u010detn\u00fdch mezin\u00e1rodn\u00edch iniciativ spojen\u00fdch se zem\u011bmi Visegr\u00e1du a karpatsk\u00e9ho makroregionu, chce tak\u00e9 pos\u00edlit roli Przemy\u0161lu. Tvrdil, \u017ee karpatsk\u00fd makroregion si v EU zaslou\u017e\u00ed strategii po vzoru alpsk\u00e9 nebo baltsk\u00e9 strategie. Ozn\u00e1mil tak\u00e9 zalo\u017een\u00ed st\u00e1tn\u00ed instituce mezin\u00e1rodn\u00edho v\u00fdznamu s n\u00e1zvem Evropa Karpat v Przemy\u015blu, m\u011bst\u011b s velk\u00fdm potenci\u00e1lem, kter\u00e1 se bude zab\u00fdvat podporou rozvoje t\u00e9to \u010d\u00e1sti Evropy. P\u0159ipomn\u011bl tak\u00e9, \u017ee konference Evropa v Karpatech, kter\u00e9 organizoval, urychlily v\u00fdstavbu rychlostn\u00ed silnice Via Carpatia, kter\u00e1 bude hlavn\u00ed dopravn\u00ed trasou Unie mezi severem a jihem Evropy, a ovlivnily dal\u0161\u00ed investice, v\u010detn\u011b nov\u00fdch hrani\u010dn\u00edch p\u0159echod\u016f, jako je silni\u010dn\u00ed a \u017eelezni\u010dn\u00ed p\u0159echod v Malhovic\u00edch.<\/p>\n<p>- Przemy\u015bl je m\u011bsto s v\u00edce ne\u017e tis\u00edciletou histori\u00ed, kterou dokl\u00e1daj\u00ed \u010detn\u00e9 historick\u00e9 pam\u00e1tky. Pr\u00e1v\u011b jeho poloha ur\u010dila, \u017ee Przemy\u015bl od po\u010d\u00e1tku na\u0161ich d\u011bjin hr\u00e1l roli d\u016fle\u017eit\u00e9ho centra - \u0159ekl mar\u0161\u00e1l. - V tomto ohledu spolupracujeme s \u00fa\u0159ady m\u011bsta Przemy\u015bl a s \u00fa\u0159ady Podkarpatsk\u00e9ho vojvodstv\u00ed a nejnov\u011bj\u0161\u00edm p\u0159\u00edkladem na\u0161\u00ed spolupr\u00e1ce je pl\u00e1n na za\u0159azen\u00ed N\u00e1rodn\u00edho muzea Przemy\u0161lska do s\u00edt\u011b muze\u00ed, kter\u00e1 spole\u010dn\u011b spravuj\u00ed ministr kultury a n\u00e1rodn\u00edho d\u011bdictv\u00ed a mar\u0161\u00e1lek vojvodstv\u00ed,\" \u0159ekl Marek Kuchci\u0144ski.<\/p>\n<p>Mar\u0161\u00e1la p\u0159i slavnostn\u00edm ceremoni\u00e1lu doprov\u00e1zeli poslankyn\u011b Krystyna Wr\u00f3blewska, poslankyn\u011b Anna Schmidt-Rodziewicz, poslanec Andrzej Matusiewicz, poslanec Andrzej Szlachta, hejtmanka Podkarpatsk\u00e9 Rusi Ewa Leniart, n\u00e1m\u011bstkyn\u011b hejtmana Lucyna Podhalicz, poslanec W\u0142adys\u0142aw Ortyl a starosta m\u011bsta Przemy\u015bl Robert Choma.<\/p>\n<p>Laudatio na po\u010dest laure\u00e1ta p\u0159ednesl b\u00fdval\u00fd sen\u00e1tor Dr. Jan Musia\u0142.<\/p>\n<p><a href=\"https:\/\/marekkuchcinski.pl\/wp-content\/uploads\/2018\/05\/KU317421.jpg\"><img fetchpriority=\"high\" decoding=\"async\" class=\"alignnone size-full wp-image-9420\" src=\"https:\/\/marekkuchcinski.pl\/wp-content\/uploads\/2018\/05\/KU317421.jpg\" alt=\"KU317421\" width=\"2736\" height=\"1824\" srcset=\"https:\/\/marekkuchcinski.pl\/wp-content\/uploads\/2018\/05\/KU317421.jpg 2048w, https:\/\/marekkuchcinski.pl\/wp-content\/uploads\/2018\/05\/KU317421-300x200.jpg 300w, https:\/\/marekkuchcinski.pl\/wp-content\/uploads\/2018\/05\/KU317421-768x512.jpg 768w, https:\/\/marekkuchcinski.pl\/wp-content\/uploads\/2018\/05\/KU317421-1024x683.jpg 1024w\" sizes=\"(max-width: 2736px) 100vw, 2736px\" \/><\/a> <a href=\"https:\/\/marekkuchcinski.pl\/wp-content\/uploads\/2018\/05\/KU317446.jpg\"><img decoding=\"async\" class=\"alignnone size-full wp-image-9421\" src=\"https:\/\/marekkuchcinski.pl\/wp-content\/uploads\/2018\/05\/KU317446.jpg\" alt=\"KU317446\" width=\"2736\" height=\"1824\" srcset=\"https:\/\/marekkuchcinski.pl\/wp-content\/uploads\/2018\/05\/KU317446.jpg 2048w, https:\/\/marekkuchcinski.pl\/wp-content\/uploads\/2018\/05\/KU317446-300x200.jpg 300w, https:\/\/marekkuchcinski.pl\/wp-content\/uploads\/2018\/05\/KU317446-768x512.jpg 768w, https:\/\/marekkuchcinski.pl\/wp-content\/uploads\/2018\/05\/KU317446-1024x683.jpg 1024w\" sizes=\"(max-width: 2736px) 100vw, 2736px\" \/><\/a> <a href=\"https:\/\/marekkuchcinski.pl\/wp-content\/uploads\/2018\/05\/KU317363.jpg\"><img decoding=\"async\" class=\"alignnone size-full wp-image-9418\" src=\"https:\/\/marekkuchcinski.pl\/wp-content\/uploads\/2018\/05\/KU317363.jpg\" alt=\"KU317363\" width=\"2736\" height=\"1824\" srcset=\"https:\/\/marekkuchcinski.pl\/wp-content\/uploads\/2018\/05\/KU317363.jpg 2048w, https:\/\/marekkuchcinski.pl\/wp-content\/uploads\/2018\/05\/KU317363-300x200.jpg 300w, https:\/\/marekkuchcinski.pl\/wp-content\/uploads\/2018\/05\/KU317363-768x512.jpg 768w, https:\/\/marekkuchcinski.pl\/wp-content\/uploads\/2018\/05\/KU317363-1024x683.jpg 1024w\" sizes=\"(max-width: 2736px) 100vw, 2736px\" \/><\/a> <a href=\"https:\/\/marekkuchcinski.pl\/wp-content\/uploads\/2018\/05\/KU317310.jpg\"><img loading=\"lazy\" decoding=\"async\" class=\"alignnone size-full wp-image-9417\" src=\"https:\/\/marekkuchcinski.pl\/wp-content\/uploads\/2018\/05\/KU317310.jpg\" alt=\"KU317310\" width=\"2736\" height=\"1824\" srcset=\"https:\/\/marekkuchcinski.pl\/wp-content\/uploads\/2018\/05\/KU317310.jpg 2048w, https:\/\/marekkuchcinski.pl\/wp-content\/uploads\/2018\/05\/KU317310-300x200.jpg 300w, https:\/\/marekkuchcinski.pl\/wp-content\/uploads\/2018\/05\/KU317310-768x512.jpg 768w, https:\/\/marekkuchcinski.pl\/wp-content\/uploads\/2018\/05\/KU317310-1024x683.jpg 1024w\" sizes=\"(max-width: 2736px) 100vw, 2736px\" \/><\/a> <a href=\"https:\/\/marekkuchcinski.pl\/wp-content\/uploads\/2018\/05\/KU317267.jpg\"><img loading=\"lazy\" decoding=\"async\" class=\"alignnone size-full wp-image-9414\" src=\"https:\/\/marekkuchcinski.pl\/wp-content\/uploads\/2018\/05\/KU317267.jpg\" alt=\"KU317267\" width=\"2736\" height=\"1824\" srcset=\"https:\/\/marekkuchcinski.pl\/wp-content\/uploads\/2018\/05\/KU317267.jpg 2048w, https:\/\/marekkuchcinski.pl\/wp-content\/uploads\/2018\/05\/KU317267-300x200.jpg 300w, https:\/\/marekkuchcinski.pl\/wp-content\/uploads\/2018\/05\/KU317267-768x512.jpg 768w, https:\/\/marekkuchcinski.pl\/wp-content\/uploads\/2018\/05\/KU317267-1024x683.jpg 1024w\" sizes=\"(max-width: 2736px) 100vw, 2736px\" \/><\/a> <a href=\"https:\/\/marekkuchcinski.pl\/wp-content\/uploads\/2018\/05\/KU317132.jpg\"><img loading=\"lazy\" decoding=\"async\" class=\"alignnone size-full wp-image-9413\" src=\"https:\/\/marekkuchcinski.pl\/wp-content\/uploads\/2018\/05\/KU317132.jpg\" alt=\"KU317132\" width=\"2736\" height=\"1824\" srcset=\"https:\/\/marekkuchcinski.pl\/wp-content\/uploads\/2018\/05\/KU317132.jpg 2048w, https:\/\/marekkuchcinski.pl\/wp-content\/uploads\/2018\/05\/KU317132-300x200.jpg 300w, https:\/\/marekkuchcinski.pl\/wp-content\/uploads\/2018\/05\/KU317132-768x512.jpg 768w, https:\/\/marekkuchcinski.pl\/wp-content\/uploads\/2018\/05\/KU317132-1024x683.jpg 1024w\" sizes=\"(max-width: 2736px) 100vw, 2736px\" \/><\/a> <a href=\"https:\/\/marekkuchcinski.pl\/wp-content\/uploads\/2018\/05\/KU317117.jpg\"><img loading=\"lazy\" decoding=\"async\" class=\"alignnone size-full wp-image-9412\" src=\"https:\/\/marekkuchcinski.pl\/wp-content\/uploads\/2018\/05\/KU317117.jpg\" alt=\"KU317117\" width=\"2736\" height=\"1824\" srcset=\"https:\/\/marekkuchcinski.pl\/wp-content\/uploads\/2018\/05\/KU317117.jpg 2048w, https:\/\/marekkuchcinski.pl\/wp-content\/uploads\/2018\/05\/KU317117-300x200.jpg 300w, https:\/\/marekkuchcinski.pl\/wp-content\/uploads\/2018\/05\/KU317117-768x512.jpg 768w, https:\/\/marekkuchcinski.pl\/wp-content\/uploads\/2018\/05\/KU317117-1024x683.jpg 1024w\" sizes=\"(max-width: 2736px) 100vw, 2736px\" \/><\/a> <a href=\"https:\/\/marekkuchcinski.pl\/wp-content\/uploads\/2018\/05\/KU317068.jpg\"><img loading=\"lazy\" decoding=\"async\" class=\"alignnone size-full wp-image-9411\" src=\"https:\/\/marekkuchcinski.pl\/wp-content\/uploads\/2018\/05\/KU317068.jpg\" alt=\"KU317068\" width=\"2736\" height=\"1824\" srcset=\"https:\/\/marekkuchcinski.pl\/wp-content\/uploads\/2018\/05\/KU317068.jpg 2048w, https:\/\/marekkuchcinski.pl\/wp-content\/uploads\/2018\/05\/KU317068-300x200.jpg 300w, https:\/\/marekkuchcinski.pl\/wp-content\/uploads\/2018\/05\/KU317068-768x512.jpg 768w, https:\/\/marekkuchcinski.pl\/wp-content\/uploads\/2018\/05\/KU317068-1024x683.jpg 1024w\" sizes=\"(max-width: 2736px) 100vw, 2736px\" \/><\/a><\/p>\n<p><a href=\"https:\/\/marekkuchcinski.pl\/wp-content\/uploads\/2018\/05\/Akt-HOMP.jpg\"><img loading=\"lazy\" decoding=\"async\" class=\"alignnone size-full wp-image-9432\" src=\"https:\/\/marekkuchcinski.pl\/wp-content\/uploads\/2018\/05\/Akt-HOMP.jpg\" alt=\"Akt HOMP\" width=\"2608\" height=\"3702\" srcset=\"https:\/\/marekkuchcinski.pl\/wp-content\/uploads\/2018\/05\/Akt-HOMP.jpg 1443w, https:\/\/marekkuchcinski.pl\/wp-content\/uploads\/2018\/05\/Akt-HOMP-211x300.jpg 211w, https:\/\/marekkuchcinski.pl\/wp-content\/uploads\/2018\/05\/Akt-HOMP-768x1090.jpg 768w, https:\/\/marekkuchcinski.pl\/wp-content\/uploads\/2018\/05\/Akt-HOMP-721x1024.jpg 721w\" sizes=\"(max-width: 2608px) 100vw, 2608px\" \/><\/a><\/p>\n<p><iframe title=\"Laudatio Dr. Jana Musia\u0142a u p\u0159\u00edle\u017eitosti ud\u011blen\u00ed titulu \u010destn\u00e9ho obyvatele Przemy\u015blu Marku Kuchci\u0144sk\u00e9mu\" width=\"800\" height=\"450\" src=\"https:\/\/www.youtube.com\/embed\/scFmgByrz60?feature=oembed\" frameborder=\"0\" allow=\"accelerometer; autoplay; clipboard-write; encrypted-media; gyroscope; picture-in-picture\" allowfullscreen><\/iframe><\/p>\n<p>&nbsp;<\/p>\n<p><iframe title=\"Titul \u010destn\u00e9ho ob\u010dana m\u011bsta Przemy\u015bl pro p\u0159edsedu Sejmu Marka Kuchci\u0144sk\u00e9ho\" width=\"800\" height=\"450\" src=\"https:\/\/www.youtube.com\/embed\/gyyj-Ats5Xc?feature=oembed\" frameborder=\"0\" allow=\"accelerometer; autoplay; clipboard-write; encrypted-media; gyroscope; picture-in-picture\" allowfullscreen><\/iframe><\/p>","protected":false},"excerpt":{"rendered":"<p>Rada miasta przyzna\u0142a marsza\u0142kowi Sejmu Markowi Kuchci\u0144skiemu tytu\u0142 Honorowego Obywatela Miasta Przemy\u015bla:\u00a0https:\/\/marekkuchcinski.pl\/wydarzenia\/marszalek-sejmu-marek-kuchcinski-honorowym-obywatelem-miasta-przemysla\/ Odbieraj\u0105c tytu\u0142, marsza\u0142ek zapewnia\u0142, \u017ce tworz\u0105c i rozwijaj\u0105c now\u0105 polityk\u0119 parlamentarn\u0105, ukierunkowan\u0105 na rozw\u00f3j Polski w regionie Europy \u015arodkowej i Wschodniej, w ramach licznych mi\u0119dzynarodowych inicjatyw, zwi\u0105zanych z pa\u0144stwami wyszehradzkimi i makroregionem Karpat, d\u0105\u017cy tak\u017ce do wzmocnienia roli Przemy\u015bla. Przekonywa\u0142, \u017ce makroregion Karpat [&hellip;]<\/p>\n","protected":false},"author":6,"featured_media":9411,"comment_status":"open","ping_status":"open","sticky":false,"template":"","format":"standard","meta":{"ngg_post_thumbnail":0,"footnotes":""},"categories":[78,49,3],"tags":[],"class_list":["post-9425","post","type-post","status-publish","format-standard","has-post-thumbnail","hentry","category-europa-karpat","category-podkarpacie","category-wydarzenia"],"_links":{"self":[{"href":"https:\/\/marekkuchcinski.pl\/cs\/wp-json\/wp\/v2\/posts\/9425","targetHints":{"allow":["GET"]}}],"collection":[{"href":"https:\/\/marekkuchcinski.pl\/cs\/wp-json\/wp\/v2\/posts"}],"about":[{"href":"https:\/\/marekkuchcinski.pl\/cs\/wp-json\/wp\/v2\/types\/post"}],"author":[{"embeddable":true,"href":"https:\/\/marekkuchcinski.pl\/cs\/wp-json\/wp\/v2\/users\/6"}],"replies":[{"embeddable":true,"href":"https:\/\/marekkuchcinski.pl\/cs\/wp-json\/wp\/v2\/comments?post=9425"}],"version-history":[{"count":8,"href":"https:\/\/marekkuchcinski.pl\/cs\/wp-json\/wp\/v2\/posts\/9425\/revisions"}],"predecessor-version":[{"id":9444,"href":"https:\/\/marekkuchcinski.pl\/cs\/wp-json\/wp\/v2\/posts\/9425\/revisions\/9444"}],"wp:featuredmedia":[{"embeddable":true,"href":"https:\/\/marekkuchcinski.pl\/cs\/wp-json\/wp\/v2\/media\/9411"}],"wp:attachment":[{"href":"https:\/\/marekkuchcinski.pl\/cs\/wp-json\/wp\/v2\/media?parent=9425"}],"wp:term":[{"taxonomy":"category","embeddable":true,"href":"https:\/\/marekkuchcinski.pl\/cs\/wp-json\/wp\/v2\/categories?post=9425"},{"taxonomy":"post_tag","embeddable":true,"href":"https:\/\/marekkuchcinski.pl\/cs\/wp-json\/wp\/v2\/tags?post=9425"}],"curies":[{"name":"wp","href":"https:\/\/api.w.org\/{rel}","templated":true}]}}