{"id":9283,"date":"2018-04-22T16:01:11","date_gmt":"2018-04-22T14:01:11","guid":{"rendered":"https:\/\/marekkuchcinski.pl\/?p=9283"},"modified":"2021-07-01T14:53:56","modified_gmt":"2021-07-01T12:53:56","slug":"marszalek-sejmu-zywcu-powstaje-ustawa-wspierajaca-m-in-pasterstwo","status":"publish","type":"post","link":"https:\/\/marekkuchcinski.pl\/cs\/wydarzenia\/marszalek-sejmu-zywcu-powstaje-ustawa-wspierajaca-m-in-pasterstwo\/","title":{"rendered":"P\u0159edseda Sejmu v \u017bywci: P\u0159ipravuje se z\u00e1kon, kter\u00fd m\u00e1 mimo jin\u00e9 podpo\u0159it pastevectv\u00ed."},"content":{"rendered":"<p class=\"p1\"><strong>- Setk\u00e1v\u00e1me se s probl\u00e9my, s nimi\u017e se horal\u00e9 pot\u00fdkaj\u00ed. Karpatsk\u00e1 parlamentn\u00ed skupina p\u0159ipravuje n\u00e1vrh horsk\u00e9ho z\u00e1kona, n\u00e1vrh podpory udr\u017eiteln\u00e9ho rozvoje, pastevectv\u00ed, zem\u011bd\u011blsk\u00e9 kultury, mal\u00fdch v\u00edcegenera\u010dn\u00edch farem - \u0159ekl p\u0159edseda Sejmu Marek Kuchci\u0144ski, kdy\u017e zahajoval konferenci v\u011bnovanou probl\u00e9m\u016fm Karpat.<\/strong><\/p>\n<p class=\"p1\">- Jsme si v\u011bdomi, \u017ee podpora EU nen\u00ed dostate\u010dn\u00e1. Mus\u00edme ze strany st\u00e1tn\u00edch org\u00e1n\u016f, vl\u00e1dy, se zapojen\u00edm provin\u010dn\u00edch vl\u00e1d, zah\u00e1jit projekty ve v\u011bt\u0161\u00ed m\u00ed\u0159e podporuj\u00edc\u00ed horsk\u00e9 oblasti, zejm\u00e9na pastevectv\u00ed - zd\u016fraznil. - Ve srovn\u00e1n\u00ed se z\u00e1padoevropsk\u00fdmi zem\u011bmi je zde bohu\u017eel velmi velk\u00fd rozd\u00edl a na\u0161\u00edm c\u00edlem je tento rozd\u00edl minimalizovat. Chceme usnadnit<span class=\"Apple-converted-space\">\u00a0 <\/span>rozvoj Karpat v oblasti zem\u011bd\u011blstv\u00ed a z\u00e1rove\u0148 db\u00e1t na zachov\u00e1n\u00ed klimatick\u00fdch, kulturn\u00edch a p\u0159\u00edrodn\u00edch hodnot, kter\u00e9 jsou n\u00e1m po stalet\u00ed bl\u00edzk\u00e9 - \u0159ekl Kuchci\u0144ski.<\/p>\n<p class=\"p1\">\u00da\u010dastn\u00edci kladli nejv\u011bt\u0161\u00ed d\u016fraz na pot\u0159ebu zm\u011bn v p\u0159edpisech na podporu past\u00fd\u0159stv\u00ed. - Pokud neobnov\u00edme a nepodpo\u0159\u00edme chov ovc\u00ed, t\u011b\u017eko zastav\u00edme zar\u016fst\u00e1n\u00ed horsk\u00fdch oblast\u00ed, co\u017e oslab\u00ed i estetiku krajiny, tvrd\u00ed mar\u0161\u00e1lek.<\/p>\n<p>Ba\u010da Piotr Kohut z Koniakowa, pastevec, uvedl, \u017ee takov\u00e9 z\u00e1kony m\u00e1 v\u011bt\u0161ina zem\u00ed a krom\u011b finan\u010dn\u00ed podpory pot\u0159ebuj\u00ed pastevci i zm\u011bnu legislativy. - Tam m\u00e1 pastevectv\u00ed kulturn\u00ed charakter, nap\u0159\u00edklad v Piemontu nebo v N\u011bmecku, kde se skv\u011ble rozv\u00edj\u00ed. V Polsku mus\u00ed b\u00fdt zaru\u010deno pr\u00e1vo na pastvu. Nyn\u00ed je na\u0161e \u010dinnost \u010dasto pova\u017eov\u00e1na za neleg\u00e1ln\u00ed - \u0159ekl. - My, past\u00fd\u0159i, nejsme ani chovatel\u00e9, ani zem\u011bd\u011blci. Pastevec je zem\u011bd\u011blec a zem\u011bd\u011blci \u017eij\u00ed v n\u00ed\u017ein\u00e1ch. My past\u00fd\u0159i, abychom zachovali tradici kv\u016fli ovc\u00edm a produkt\u016fm, se mus\u00edme pohybovat po hor\u00e1ch a pastvin\u00e1ch. Ovce by se m\u011bly voln\u011b p\u00e1st. Ale pr\u00e1v\u011b tady vznikaj\u00ed nedorozum\u011bn\u00ed a konflikty,\" \u0159ekl.<\/p>\n<p class=\"p1\">Marek Kuchci\u0144ski zd\u016fraznil, \u017ee hmatateln\u00fdch v\u00fdsledk\u016f bude dosa\u017eeno opat\u0159en\u00edmi na mezin\u00e1rodn\u00ed \u00farovni. Ji\u017e deset let zapojujeme do r\u016fzn\u00fdch forem podpory sousedn\u00ed parlamenty. - Zah\u00e1jili jsme mezin\u00e1rodn\u00ed spolupr\u00e1ci s c\u00edlem zachovat biodiverzitu Karpat, t\u00e9to jedine\u010dn\u00e9 oblasti na cel\u00e9m kontinentu. Na\u0161e \u00fasil\u00ed d\u00e1v\u00e1 nad\u011bji, \u017ee v p\u0159\u00ed\u0161t\u00edm rozpo\u010dtu EU budeme moci dokon\u010dit karpatskou strategii po vzoru alpsk\u00e9 nebo baltsk\u00e9 strategie. Jedn\u00e1 se o n\u00e1stroj v r<span id=\"interia_nsitsp_4\">evelopment<\/span>To usnadn\u00ed spolupr\u00e1ci a umo\u017en\u00ed vyu\u017eit\u00ed pen\u011bz z r\u016fzn\u00fdch zdroj\u016f financov\u00e1n\u00ed - st\u00e1tn\u00edch, evropsk\u00fdch i mezin\u00e1rodn\u00edch.  - Karpaty ovliv\u0148uj\u00ed \u017eivot v cel\u00e9 zemi - \u0159ekl. Jako jeden z p\u0159\u00edklad\u016f uvedl pitnou vodu, kter\u00e1 m\u00e1 podle n\u011bj \u0161anci st\u00e1t se strategickou surovinou podobn\u011b jako plyn nebo ropa,<span class=\"Apple-converted-space\">\u00a0 <\/span>Jedn\u00e1 se o pramen v Karpatech. Pozornost v\u011bnujeme tak\u00e9 problematice povodn\u00ed a nezbytn\u00fdm bezpe\u010dnostn\u00edm opat\u0159en\u00edm,\" \u0159ekl.<\/p>\n<p class=\"p1\">Na z\u00e1v\u011br Marek Kuchci\u0144ski p\u0159ipomn\u011bl n\u00e1vrhy premi\u00e9ra Morawieck\u00e9ho, tj. podporu \u0161iroce definovan\u00e9 kulturn\u00ed politiky ve venkovsk\u00fdch oblastech, <span class=\"s1\">mimo jin\u00e9<\/span>. podpora denn\u00edch center v mal\u00fdch m\u011bstech, podpora um\u011bleck\u00fdch skupin ...<\/p>\n<p>text \/ foto M. Olejnik<\/p>\n<p><img fetchpriority=\"high\" decoding=\"async\" class=\"alignnone size-full wp-image-9284\" src=\"https:\/\/marekkuchcinski.pl\/wp-content\/uploads\/2018\/04\/DSCF9389.jpg\" alt=\"DSCF9389\" width=\"4896\" height=\"2760\" srcset=\"https:\/\/marekkuchcinski.pl\/wp-content\/uploads\/2018\/04\/DSCF9389.jpg 2048w, https:\/\/marekkuchcinski.pl\/wp-content\/uploads\/2018\/04\/DSCF9389-300x169.jpg 300w, https:\/\/marekkuchcinski.pl\/wp-content\/uploads\/2018\/04\/DSCF9389-768x433.jpg 768w, https:\/\/marekkuchcinski.pl\/wp-content\/uploads\/2018\/04\/DSCF9389-1024x577.jpg 1024w\" sizes=\"(max-width: 4896px) 100vw, 4896px\" \/> <img decoding=\"async\" class=\"alignnone size-full wp-image-9285\" src=\"https:\/\/marekkuchcinski.pl\/wp-content\/uploads\/2018\/04\/DSCF9402.jpg\" alt=\"DSCF9402\" width=\"4896\" height=\"2760\" srcset=\"https:\/\/marekkuchcinski.pl\/wp-content\/uploads\/2018\/04\/DSCF9402.jpg 2048w, https:\/\/marekkuchcinski.pl\/wp-content\/uploads\/2018\/04\/DSCF9402-300x169.jpg 300w, https:\/\/marekkuchcinski.pl\/wp-content\/uploads\/2018\/04\/DSCF9402-768x433.jpg 768w, https:\/\/marekkuchcinski.pl\/wp-content\/uploads\/2018\/04\/DSCF9402-1024x577.jpg 1024w\" sizes=\"(max-width: 4896px) 100vw, 4896px\" \/> <img decoding=\"async\" class=\"alignnone size-full wp-image-9286\" src=\"https:\/\/marekkuchcinski.pl\/wp-content\/uploads\/2018\/04\/DSCF9423-1.jpg\" alt=\"DSCF9423 (1)\" width=\"3329\" height=\"2012\" srcset=\"https:\/\/marekkuchcinski.pl\/wp-content\/uploads\/2018\/04\/DSCF9423-1.jpg 2048w, https:\/\/marekkuchcinski.pl\/wp-content\/uploads\/2018\/04\/DSCF9423-1-300x181.jpg 300w, https:\/\/marekkuchcinski.pl\/wp-content\/uploads\/2018\/04\/DSCF9423-1-768x464.jpg 768w, https:\/\/marekkuchcinski.pl\/wp-content\/uploads\/2018\/04\/DSCF9423-1-1024x619.jpg 1024w\" sizes=\"(max-width: 3329px) 100vw, 3329px\" \/> <img loading=\"lazy\" decoding=\"async\" class=\"alignnone size-full wp-image-9288\" src=\"https:\/\/marekkuchcinski.pl\/wp-content\/uploads\/2018\/04\/DSCF9459-1.jpg\" alt=\"DSCF9459 (1)\" width=\"4273\" height=\"2657\" srcset=\"https:\/\/marekkuchcinski.pl\/wp-content\/uploads\/2018\/04\/DSCF9459-1.jpg 2048w, https:\/\/marekkuchcinski.pl\/wp-content\/uploads\/2018\/04\/DSCF9459-1-300x187.jpg 300w, https:\/\/marekkuchcinski.pl\/wp-content\/uploads\/2018\/04\/DSCF9459-1-768x478.jpg 768w, https:\/\/marekkuchcinski.pl\/wp-content\/uploads\/2018\/04\/DSCF9459-1-1024x637.jpg 1024w\" sizes=\"(max-width: 4273px) 100vw, 4273px\" \/> <img loading=\"lazy\" decoding=\"async\" class=\"alignnone size-full wp-image-9289\" src=\"https:\/\/marekkuchcinski.pl\/wp-content\/uploads\/2018\/04\/DSCF9513-1.jpg\" alt=\"DSCF9513 (1)\" width=\"4896\" height=\"2760\" srcset=\"https:\/\/marekkuchcinski.pl\/wp-content\/uploads\/2018\/04\/DSCF9513-1.jpg 2048w, https:\/\/marekkuchcinski.pl\/wp-content\/uploads\/2018\/04\/DSCF9513-1-300x169.jpg 300w, https:\/\/marekkuchcinski.pl\/wp-content\/uploads\/2018\/04\/DSCF9513-1-768x433.jpg 768w, https:\/\/marekkuchcinski.pl\/wp-content\/uploads\/2018\/04\/DSCF9513-1-1024x577.jpg 1024w\" sizes=\"(max-width: 4896px) 100vw, 4896px\" \/><\/p>","protected":false},"excerpt":{"rendered":"<p>&#8212; Wychodzimy naprzeciw problemom, z jakimi borykaj\u0105 si\u0119 g\u00f3rale. Karpacki zesp\u00f3\u0142 parlamentarny przygotowuje projekt ustawy g\u00f3rskiej, projekt wsparcia dla zr\u00f3wnowa\u017conego rozwoju, pasterstwa, kultury rolnej, ma\u0142ych wielopokoleniowych gospodarstw &#8212; powiedzia\u0142 marsza\u0142ek Sejmu Marek Kuchci\u0144ski, otwieraj\u0105c konferencj\u0119 po\u015bwi\u0119con\u0105 problematyce Karpat. &#8212; Mamy \u015bwiadomo\u015b\u0107, \u017ce wsparcie z UE to za ma\u0142o. Musimy ze strony w\u0142adz pa\u0144stwowych, rz\u0105du, anga\u017cuj\u0105c [&hellip;]<\/p>\n","protected":false},"author":6,"featured_media":9290,"comment_status":"open","ping_status":"open","sticky":false,"template":"","format":"standard","meta":{"ngg_post_thumbnail":0,"footnotes":""},"categories":[49,82,3],"tags":[],"class_list":["post-9283","post","type-post","status-publish","format-standard","has-post-thumbnail","hentry","category-podkarpacie","category-prawo-i-sprawiedliwosc","category-wydarzenia"],"_links":{"self":[{"href":"https:\/\/marekkuchcinski.pl\/cs\/wp-json\/wp\/v2\/posts\/9283","targetHints":{"allow":["GET"]}}],"collection":[{"href":"https:\/\/marekkuchcinski.pl\/cs\/wp-json\/wp\/v2\/posts"}],"about":[{"href":"https:\/\/marekkuchcinski.pl\/cs\/wp-json\/wp\/v2\/types\/post"}],"author":[{"embeddable":true,"href":"https:\/\/marekkuchcinski.pl\/cs\/wp-json\/wp\/v2\/users\/6"}],"replies":[{"embeddable":true,"href":"https:\/\/marekkuchcinski.pl\/cs\/wp-json\/wp\/v2\/comments?post=9283"}],"version-history":[{"count":10,"href":"https:\/\/marekkuchcinski.pl\/cs\/wp-json\/wp\/v2\/posts\/9283\/revisions"}],"predecessor-version":[{"id":22885,"href":"https:\/\/marekkuchcinski.pl\/cs\/wp-json\/wp\/v2\/posts\/9283\/revisions\/22885"}],"wp:featuredmedia":[{"embeddable":true,"href":"https:\/\/marekkuchcinski.pl\/cs\/wp-json\/wp\/v2\/media\/9290"}],"wp:attachment":[{"href":"https:\/\/marekkuchcinski.pl\/cs\/wp-json\/wp\/v2\/media?parent=9283"}],"wp:term":[{"taxonomy":"category","embeddable":true,"href":"https:\/\/marekkuchcinski.pl\/cs\/wp-json\/wp\/v2\/categories?post=9283"},{"taxonomy":"post_tag","embeddable":true,"href":"https:\/\/marekkuchcinski.pl\/cs\/wp-json\/wp\/v2\/tags?post=9283"}],"curies":[{"name":"wp","href":"https:\/\/api.w.org\/{rel}","templated":true}]}}