{"id":9267,"date":"2018-04-17T10:42:49","date_gmt":"2018-04-17T08:42:49","guid":{"rendered":"https:\/\/marekkuchcinski.pl\/?p=9267"},"modified":"2018-04-17T10:42:49","modified_gmt":"2018-04-17T08:42:49","slug":"marszalek-sejmu-wdrazanie-programow-pis-powinno-byc-konsultowane-ze-srodowiskami-ktore-beda-je-realizowaly-wpolityce","status":"publish","type":"post","link":"https:\/\/marekkuchcinski.pl\/cs\/wydarzenia\/marszalek-sejmu-wdrazanie-programow-pis-powinno-byc-konsultowane-ze-srodowiskami-ktore-beda-je-realizowaly-wpolityce\/","title":{"rendered":"P\u0159edseda Sejmu: Realizace program\u016f PiS by m\u011bla b\u00fdt konzultov\u00e1na s komunitami, kter\u00e9 je budou realizovat (wPolitics)."},"content":{"rendered":"<p><strong>Realizace nov\u00fdch program\u016f PiS by m\u011bla b\u00fdt konzultov\u00e1na s obcemi a institucemi, kter\u00e9 je budou realizovat, \u0159ekl p\u0159edseda Sejmu Marek Kuchci\u0144ski na ned\u011bln\u00edm setk\u00e1n\u00ed v Jan\u00f3w\u011b Lubelsk\u00e9m. Po\u017e\u00e1dal o p\u0159ipom\u00ednky a n\u00e1vrhy k nim.<\/strong><\/p>\n<p>N\u00e1v\u0161t\u011bva p\u0159edsedy Sejmu v Jan\u00f3w\u011b Lubelsk\u00e9m byla jedn\u00edm z \u0159ady setk\u00e1n\u00ed p\u0159edn\u00edch politik\u016f PiS s voli\u010di, kter\u00e1 za\u010dala po cel\u00e9 zemi po sobotn\u00edm sjezdu Pr\u00e1va a spravedlnosti a Sjednocen\u00e9 pravice pod heslem \"Polsko je jedno\".<\/p>\n<p>Kuchci\u0144ski ozn\u00e1mil, \u017ee v p\u0159\u00ed\u0161t\u00edch m\u011bs\u00edc\u00edch vl\u00e1dnouc\u00ed strany p\u0159iprav\u00ed a p\u0159edlo\u017e\u00ed Sejmu z\u00e1kony souvisej\u00edc\u00ed s programy, kter\u00e9 byly v sobotu p\u0159edstaveny.<\/p>\n<blockquote><p>Bylo by dobr\u00e9, kdyby byly b\u011bhem projek\u010dn\u00edch prac\u00ed ve vl\u00e1d\u011b konzultov\u00e1ny p\u0159\u00edmo s odborn\u00edky z praxe, tj. s lidmi, soci\u00e1ln\u00edmi a profesn\u00edmi skupinami, jich\u017e se budou t\u00fdkat, v\u010detn\u011b z\u00e1stupc\u016f m\u00edstn\u00edch org\u00e1n\u016f a nevl\u00e1dn\u00edch organizac\u00ed.<\/p><\/blockquote>\n<p>- Kuchci\u0144ski \u0159ekl.<\/p>\n<p>P\u0159edseda p\u0159ipomn\u011bl n\u011bkter\u00e9 n\u00e1vrhy, kter\u00e9 zazn\u011bly na sjezdu ve Var\u0161av\u011b. Kdy\u017e u\u017e mluv\u00edme o sni\u017eov\u00e1n\u00ed dan\u00ed\u00a0<span class=\"caps\">CIT<\/span>\u00a0pro mal\u00e9 a st\u0159edn\u00ed podniky, zhodnotil, \u017ee p\u0159edchoz\u00ed sn\u00ed\u017een\u00ed tohoto odvodu z 19 na 15 procent v roce 2015 ji\u017e p\u0159ineslo dobr\u00e9 v\u00fdsledky, proto\u017ee podnikatel\u00e9 roz\u0161\u00ed\u0159ili sv\u00e9 podnik\u00e1n\u00ed.<\/p>\n<blockquote><p>V roce 2017 se p\u0159\u00edjem do st\u00e1tn\u00edho rozpo\u010dtu zv\u00fd\u0161il o 13 miliard zlot\u00fdch, proto se vl\u00e1da rozhodla zariskovat a j\u00edt touto cestou d\u00e1l, d\u00e1l, a to sn\u00ed\u017een\u00edm dan\u011b z p\u0159\u00edjmu pr\u00e1vnick\u00fdch osob na 9 procent. Pokud v\u00edm, v Evropsk\u00e9 unii takov\u00e9 sn\u00ed\u017een\u00ed zavedlo mysl\u00edm jen Ma\u010farsko, v\u0161ude jinde je tato da\u0148 vy\u0161\u0161\u00ed. V jist\u00e9m smyslu jsme zde v \u010dele.<\/p><\/blockquote>\n<p>- zd\u016fraznil.<\/p>\n<p>Program \"P\u0159\u00edstupnost plus\", na kter\u00fd je pl\u00e1nov\u00e1no t\u00e9m\u011b\u0159 24 miliard zlot\u00fdch, m\u00e1 podle Kuchci\u0144sk\u00e9ho analyzovat a zav\u00e1d\u011bt r\u016fzn\u00e9 zm\u011bny v infrastruktu\u0159e, aby se d\u016fchodc\u016fm, star\u0161\u00edm lidem a zdravotn\u011b posti\u017een\u00fdm usnadnil ka\u017edodenn\u00ed \u017eivot, pohyb a vyu\u017e\u00edv\u00e1n\u00ed r\u016fzn\u00fdch slu\u017eeb. Jde nap\u0159\u00edklad o lidi, kte\u0159\u00ed bydl\u00ed ve vy\u0161\u0161\u00edch patrech dom\u016f bez v\u00fdtahu.<\/p>\n<blockquote><p>Tot\u00e9\u017e plat\u00ed pro p\u0159\u00edstup do r\u016fzn\u00fdch instituc\u00ed, obchod\u016f. Ve v\u011bt\u0161in\u011b p\u0159\u00edpad\u016f se kancel\u00e1\u0159e poslanc\u016f a sen\u00e1tor\u016f nenach\u00e1zej\u00ed v p\u0159\u00edzem\u00ed, ale v p\u0159\u00edzem\u00ed a vy\u0161\u0161\u00edch patrech budov.<\/p><\/blockquote>\n<p>- poznamenal Kuchci\u0144ski.<\/p>\n<p>Podle jeho n\u00e1zoru takov\u00e9 zm\u011bny vy\u017eaduj\u00ed zna\u010dn\u00e9 v\u00fddaje, kter\u00e9 p\u0159esahuj\u00ed mo\u017enosti m\u00edstn\u00edch samospr\u00e1v, a to i v nejv\u011bt\u0161\u00edch m\u011bstech, a je nutn\u00e1 podpora vl\u00e1dy. Vyzval k p\u0159edlo\u017een\u00ed n\u00e1vrh\u016f konkr\u00e9tn\u00edch \u0159e\u0161en\u00ed t\u011bchto probl\u00e9m\u016f.<\/p>\n<blockquote><p>\u017d\u00e1d\u00e1m v\u00e1s, abyste pouk\u00e1zali na r\u016fzn\u00e9 n\u00e1vrhy, abychom \u0159e\u0161en\u00ed t\u011bchto probl\u00e9m\u016f nenech\u00e1vali pouze na \u00fa\u0159edn\u00edc\u00edch na ministerstvech.<\/p><\/blockquote>\n<p>- \u0159ekl.<\/p>\n<p>Vyhl\u00e1\u0161en\u00ed fondu na v\u00fdstavbu a rekonstrukci m\u00edstn\u00edch komunikac\u00ed, na kter\u00fd m\u00e1 b\u00fdt ji\u017e letos vy\u010dlen\u011bno 5 miliard zlot\u00fdch, je ur\u010deno m\u00edstn\u00edm samospr\u00e1v\u00e1m, uvedl Kuchci\u0144ski.<\/p>\n<blockquote><p>Tento fond bude rok od roku nar\u016fstat. To je sign\u00e1l pro m\u00edstn\u00ed \u00fa\u0159ady, aby si u\u017e n\u011bco vyzkou\u0161ely. Zejm\u00e9na ty obce a okresy, kter\u00e9 dosud nem\u011bly pen\u00edze na v\u00fdstavbu silnic a chodn\u00edk\u016f.<\/p><\/blockquote>\n<p>- dodal.<\/p>\n<p>Kuchci\u0144ski po\u017e\u00e1dal p\u0159\u00edtomn\u00e9, aby p\u0159edlo\u017eili sv\u00e9 n\u00e1pady. Jeden z \u00fa\u010dastn\u00edk\u016f jedn\u00e1n\u00ed navrhl, aby byl do bal\u00ed\u010dku ozn\u00e1men\u00ed p\u0159id\u00e1n dal\u0161\u00ed program \"farm\u00e1\u0159 plus\", kter\u00fd by zlep\u0161il fungov\u00e1n\u00ed agentury ARMA a jej\u00edho syst\u00e9mu.\u00a0<span class=\"caps\">KRUS<\/span>\u00a0a zlep\u0161en\u00ed situace zem\u011bd\u011blc\u016f. \u0158ekl, \u017ee v\u00fdhody z\u00a0<span class=\"caps\">KRUS<\/span>\u00a0jsou n\u00edzk\u00e9. Uvedl p\u0159\u00edklad sedl\u00e1ka, kter\u00fd dost\u00e1val 10 zl. \"nemocensk\u00e9\" denn\u011b. \"Tento zem\u011bd\u011blec nepracuje, cel\u00fd rok nevyr\u00e1b\u00ed zbo\u017e\u00ed pro rodinu a dost\u00e1v\u00e1 10 zlot\u00fdch denn\u011b,\" upozornil.<\/p>\n<p>D\u00e1le po\u017e\u00e1dal o obnoven\u00ed d\u0159\u00edv\u011bj\u0161\u00ed v\u011bkov\u00e9 hranice pro odchod do d\u016fchodu pro zem\u011bd\u011blce - 55 let pro \u017eeny a 60 let pro mu\u017ee. \u017d\u00e1dal zv\u00fd\u0161en\u00ed dotac\u00ed a aktivaci vl\u00e1dn\u00edch grant\u016f na n\u00e1kup zem\u011bd\u011blsk\u00e9 techniky.<\/p>\n<p>Kuchcinski mu za tyto n\u00e1vrhy pod\u011bkoval.<\/p>\n<blockquote><p>Souhlas\u00edm s t\u00edm, \u017ee pokud je nemocensk\u00e1 d\u00e1vka 10 liber denn\u011b, mus\u00ed b\u00fdt podpora.<\/p><\/blockquote>\n<p>- prohl\u00e1sil p\u0159edseda.<\/p>\n<p>Dodal, \u017ee brzy bude ozn\u00e1men \"cel\u00fd bal\u00ed\u010dek\", kter\u00fd spln\u00ed o\u010dek\u00e1v\u00e1n\u00ed zem\u011bd\u011blc\u016f, a to i pokud jde o zlep\u0161en\u00ed pr\u00e1ce.\u00a0<span class=\"caps\">KRUS<\/span>\u00a0a ARMA.<\/p>\n<blockquote><p>V Sejmu se \u010dasto diskutuje o n\u00e1vratu k p\u016fvodn\u00ed v\u011bkov\u00e9 hranici odchodu do d\u016fchodu pro zem\u011bd\u011blce, tedy 55 a 60 let. Osobn\u011b souhlas\u00edm s t\u00edm, \u017ee povol\u00e1n\u00ed zem\u011bd\u011blce by m\u011blo b\u00fdt skute\u010dn\u011b pova\u017eov\u00e1no za t\u011b\u017ek\u00e9 a n\u00e1ro\u010dn\u00e9 povol\u00e1n\u00ed, podobn\u011b jako povol\u00e1n\u00ed horn\u00edka. A tuto pr\u00e1ci je t\u0159eba ocenit<\/p><\/blockquote>\n<p>- Kuchci\u0144ski \u0159ekl.<\/p>\n<p><em>Zdroj: https:\/\/wpolityce.pl\/polityka\/390371-wazny-postulat-marszalka-kuchcinskiego-wdrazanie-programow-pis-powinno-byc-konsultowane-ze-srodowiskami-ktore-beda-je-realizowaly<\/em><\/p>","protected":false},"excerpt":{"rendered":"<p>Wdra\u017canie nowych program\u00f3w PiS powinno by\u0107 konsultowane ze \u015brodowiskami i\u00a0instytucjami, kt\u00f3re b\u0119d\u0105 je\u00a0realizowa\u0142y &#8211; powiedzia\u0142 w\u00a0niedziel\u0119 marsza\u0142ek Sejmu Marek Kuchci\u0144ski na\u00a0spotkaniu w\u00a0Janowie Lubelskim. Prosi\u0142 o\u00a0zg\u0142aszanie do\u00a0nich uwag\u00a0i\u00a0propozycji. Wizyta marsza\u0142ka Sejmu w\u00a0Janowie Lubelskim by\u0142a jednym z\u00a0wielu spotka\u0144 czo\u0142owych polityk\u00f3w PiS z wyborcami, kt\u00f3re rozpocz\u0119\u0142y si\u0119 w\u00a0ca\u0142ym kraju po\u00a0sobotniej konwencji Prawa i\u00a0Sprawiedliwo\u015bci oraz Zjednoczonej Prawicy pod has\u0142em [&hellip;]<\/p>\n","protected":false},"author":6,"featured_media":9268,"comment_status":"open","ping_status":"open","sticky":false,"template":"","format":"standard","meta":{"ngg_post_thumbnail":0,"footnotes":""},"categories":[82,3],"tags":[],"class_list":["post-9267","post","type-post","status-publish","format-standard","has-post-thumbnail","hentry","category-prawo-i-sprawiedliwosc","category-wydarzenia"],"_links":{"self":[{"href":"https:\/\/marekkuchcinski.pl\/cs\/wp-json\/wp\/v2\/posts\/9267","targetHints":{"allow":["GET"]}}],"collection":[{"href":"https:\/\/marekkuchcinski.pl\/cs\/wp-json\/wp\/v2\/posts"}],"about":[{"href":"https:\/\/marekkuchcinski.pl\/cs\/wp-json\/wp\/v2\/types\/post"}],"author":[{"embeddable":true,"href":"https:\/\/marekkuchcinski.pl\/cs\/wp-json\/wp\/v2\/users\/6"}],"replies":[{"embeddable":true,"href":"https:\/\/marekkuchcinski.pl\/cs\/wp-json\/wp\/v2\/comments?post=9267"}],"version-history":[{"count":1,"href":"https:\/\/marekkuchcinski.pl\/cs\/wp-json\/wp\/v2\/posts\/9267\/revisions"}],"predecessor-version":[{"id":9269,"href":"https:\/\/marekkuchcinski.pl\/cs\/wp-json\/wp\/v2\/posts\/9267\/revisions\/9269"}],"wp:featuredmedia":[{"embeddable":true,"href":"https:\/\/marekkuchcinski.pl\/cs\/wp-json\/wp\/v2\/media\/9268"}],"wp:attachment":[{"href":"https:\/\/marekkuchcinski.pl\/cs\/wp-json\/wp\/v2\/media?parent=9267"}],"wp:term":[{"taxonomy":"category","embeddable":true,"href":"https:\/\/marekkuchcinski.pl\/cs\/wp-json\/wp\/v2\/categories?post=9267"},{"taxonomy":"post_tag","embeddable":true,"href":"https:\/\/marekkuchcinski.pl\/cs\/wp-json\/wp\/v2\/tags?post=9267"}],"curies":[{"name":"wp","href":"https:\/\/api.w.org\/{rel}","templated":true}]}}