{"id":9242,"date":"2018-04-14T20:12:04","date_gmt":"2018-04-14T18:12:04","guid":{"rendered":"https:\/\/marekkuchcinski.pl\/?p=9242"},"modified":"2018-04-14T20:12:04","modified_gmt":"2018-04-14T18:12:04","slug":"konwencja-prawa-sprawiedliwosci","status":"publish","type":"post","link":"https:\/\/marekkuchcinski.pl\/cs\/wydarzenia\/konwencja-prawa-sprawiedliwosci\/","title":{"rendered":"Konvent o pr\u00e1vu a spravedlnosti"},"content":{"rendered":"<p>Program Dobr\u00fd start, tj. 300 zlot\u00fdch jako \u0161koln\u00ed v\u00fdslu\u017eka ka\u017ed\u00fd rok pro studenty do 18 let, sn\u00ed\u017een\u00ed dan\u011b z p\u0159\u00edjmu pr\u00e1vnick\u00fdch osob z 15 na 9 procent, program podpory senior\u016f, ni\u017e\u0161\u00ed soci\u00e1ln\u00ed poji\u0161t\u011bn\u00ed pro mal\u00e9 firmy, z\u0159\u00edzen\u00ed fondu m\u00edstn\u00edch komunikac\u00ed - to jsou nejd\u016fle\u017eit\u011bj\u0161\u00ed n\u00e1vrhy, kter\u00e9 premi\u00e9r Mateusz Morawiecki p\u0159edstavil na sjezdu Pr\u00e1va a spravedlnosti ve Var\u0161av\u011b.<\/p>\n<p>Premi\u00e9r d\u00e1le nast\u00ednil pl\u00e1n, kter\u00fdm se bude PiS \u0159\u00eddit:<\/p>\n<ul>\n<li>Pojedeme do zem\u011b, abychom v\u011bd\u011bli, co od n\u00e1s o\u010dek\u00e1vaj\u00ed, a to m\u016f\u017eeme ud\u011blat jen spole\u010dn\u011b - spole\u010dnou prac\u00ed jako sjednocen\u00e1 pravice.<\/li>\n<li>Polsko mus\u00ed b\u00fdt spravedliv\u011bj\u0161\u00ed, to je sou\u010d\u00e1st\u00ed na\u0161eho programu.<\/li>\n<li>Zahajujeme nov\u00e9 programy a pokra\u010dujeme v programech Via Carpathia, Via Baltica, \u010cist\u00fd vzduch, Mieszkanie + (v r\u00e1mci tohoto programu m\u00e1 b\u00fdt postaveno 100 tis\u00edc byt\u016f).<\/li>\n<li>Polsko se dnes vyv\u00edj\u00ed mnohem l\u00e9pe, d\u00edky \u010demu\u017e si m\u016f\u017eeme dovolit nov\u00e9 projekty.<\/li>\n<li>Ministerstvo zdravotnictv\u00ed p\u0159edlo\u017e\u00ed podrobn\u00fd program<\/li>\n<li>Zem\u011bd\u011blci jsou pro n\u00e1s kl\u00ed\u010dov\u00ed, jsou pro n\u00e1s hlavn\u00ed prioritou - budeme shroma\u017e\u010fovat jejich po\u017eadavky. Chceme roz\u0161\u00ed\u0159it p\u016fsobnost z\u00e1kona o maloobchodn\u00edm prodeji zem\u011bd\u011blc\u016f.<\/li>\n<li>Diverzifikace zdroj\u016f ropy a zemn\u00edho plynu<\/li>\n<li>Db\u00e1me na bezpe\u010dnost obrany: podepsali jsme dohodu o n\u00e1kupu syst\u00e9mu PATRIOT<\/li>\n<li>Budujeme Polsko rovnosti pro v\u0161echny, rovn\u00fdch p\u0159\u00edle\u017eitost\u00ed, chceme, aby pr\u00e1vo bylo pro v\u0161echny stejn\u00e9, Polsko m\u00e1 b\u00fdt zem\u00ed rovn\u00fdch p\u0159\u00edle\u017eitost\u00ed pro v\u0161echny.<\/li>\n<li>M\u00e1me velmi dobr\u00fd program, ale pot\u0159ebujeme je\u0161t\u011b mnoho let, abychom Polsko zm\u011bnili.<\/li>\n<li>Polsko hraje v Evrop\u011b a EU st\u00e1le d\u016fle\u017eit\u011bj\u0161\u00ed roli a Polsko je st\u00e1le v\u00edce zohled\u0148ov\u00e1no. N\u00e1\u0161 velk\u00fd \u00fasp\u011bch: v EU nebudou existovat dva rozpo\u010dty, ani dvourychlostn\u00ed EU<\/li>\n<li>Budou se zda\u0148ovat velk\u00e9 CH a velk\u00e9 kancel\u00e1\u0159sk\u00e9 budovy, to je n\u00e1\u0161 velk\u00fd triumf.<\/li>\n<li>Polsko je suver\u00e9nn\u00ed st\u00e1t a zm\u011bny, kter\u00e9 se od n\u00e1s o\u010dek\u00e1vaj\u00ed, budou prob\u00edhat za na\u0161ich podm\u00ednek.<\/li>\n<li>Z\u00edskali jsme zp\u011bt \"poh\u0159ben\u00e9\" miliardy, z nich\u017e financujeme na\u0161e programy. Pen\u00edze na to jsou v da\u0148ov\u00e9m syst\u00e9mu. M\u00e1me sv\u016fj ekonomick\u00fd model<\/li>\n<li>M\u00e1me p\u0159ed sebou n\u011bkolik d\u016fle\u017eit\u00fdch m\u011bs\u00edc\u016f. Mus\u00edme jet do Polska, proto\u017ee pracujeme pro Polsko a Pol\u00e1ky.<\/li>\n<li>Pl\u00e1n odpov\u011bdn\u00e9ho rozvoje je program na mnoho let, zm\u011bny budeme zav\u00e1d\u011bt postupn\u011b, aby lid\u00e9 v\u011bd\u011bli, \u017ee jsme tu pro n\u011b.<\/li>\n<\/ul>\n<p>M\u00edstop\u0159edsedkyn\u011b vl\u00e1dy Beata Szyd\u0142o uvedla, \u017ee d\u016fstojn\u00fd \u017eivot pro polsk\u00e9 rodiny je n\u011bco, \u010deho b\u00edl\u00ed a \u010derven\u00ed dos\u00e1hli spole\u010dn\u011b. Proto jsou d\u011bti a rodina z\u00e1kladem Polska a na\u0161\u00ed budoucnosti:<\/p>\n<ul>\n<li>chceme zav\u00e9st za\u0159\u00edzen\u00ed pro mlad\u00e9 matky.<\/li>\n<li>\u00a0program bezplatn\u00fdch l\u00e9k\u016f pro t\u011bhotn\u00e9 \u017eeny<\/li>\n<li>\u00a0d\u016fchod pro nepracuj\u00edc\u00ed \u017eeny, kter\u00e9 vychovaly alespo\u0148 4 d\u011bti.<\/li>\n<\/ul>\n<p>Na sjezdu ve Var\u0161av\u011b byli p\u0159\u00edtomni mimo jin\u00e9 p\u0159edseda Sejmu Marek Kuchci\u0144ski, p\u0159edseda Sen\u00e1tu Stanis\u0142aw Karczewski, minist\u0159i, poslanci.<\/p>\n<p><a href=\"https:\/\/marekkuchcinski.pl\/wp-content\/uploads\/2018\/04\/DSCF9361-1.jpg\"><img fetchpriority=\"high\" decoding=\"async\" class=\"alignnone size-full wp-image-9261\" src=\"https:\/\/marekkuchcinski.pl\/wp-content\/uploads\/2018\/04\/DSCF9361-1.jpg\" alt=\"DSCF9361 (1)\" width=\"3682\" height=\"2444\" srcset=\"https:\/\/marekkuchcinski.pl\/wp-content\/uploads\/2018\/04\/DSCF9361-1.jpg 2048w, https:\/\/marekkuchcinski.pl\/wp-content\/uploads\/2018\/04\/DSCF9361-1-300x199.jpg 300w, https:\/\/marekkuchcinski.pl\/wp-content\/uploads\/2018\/04\/DSCF9361-1-768x510.jpg 768w, https:\/\/marekkuchcinski.pl\/wp-content\/uploads\/2018\/04\/DSCF9361-1-1024x680.jpg 1024w\" sizes=\"(max-width: 3682px) 100vw, 3682px\" \/><\/a>\u0160\u00e9f strany Pr\u00e1vo a spravedlnost (PiS) ozn\u00e1mil, jakou cestou se hodl\u00e1 PiS ub\u00edrat p\u0159i dal\u0161\u00edch rozhovorech s Pol\u00e1ky. - Mus\u00edte neust\u00e1le pracovat, proto\u017ee \"dobr\u00e1 zm\u011bna\" vy\u017eaduje neust\u00e1lou \u010dinnost - \u0159ekl Jaros\u0142aw Kaczy\u0144ski.<a href=\"https:\/\/marekkuchcinski.pl\/wp-content\/uploads\/2018\/04\/DSCF9294-1.jpg\"><img decoding=\"async\" class=\"alignnone size-full wp-image-9245\" src=\"https:\/\/marekkuchcinski.pl\/wp-content\/uploads\/2018\/04\/DSCF9294-1.jpg\" alt=\"DSCF9294 (1)\" width=\"3574\" height=\"2317\" srcset=\"https:\/\/marekkuchcinski.pl\/wp-content\/uploads\/2018\/04\/DSCF9294-1.jpg 2048w, https:\/\/marekkuchcinski.pl\/wp-content\/uploads\/2018\/04\/DSCF9294-1-300x194.jpg 300w, https:\/\/marekkuchcinski.pl\/wp-content\/uploads\/2018\/04\/DSCF9294-1-768x498.jpg 768w, https:\/\/marekkuchcinski.pl\/wp-content\/uploads\/2018\/04\/DSCF9294-1-1024x664.jpg 1024w\" sizes=\"(max-width: 3574px) 100vw, 3574px\" \/><\/a><a href=\"https:\/\/marekkuchcinski.pl\/wp-content\/uploads\/2018\/04\/DSCF9305-2-1.jpg\"><img decoding=\"async\" class=\"alignnone size-full wp-image-9264\" src=\"https:\/\/marekkuchcinski.pl\/wp-content\/uploads\/2018\/04\/DSCF9305-2-1.jpg\" alt=\"DSCF9305 (2)\" width=\"4896\" height=\"2760\" srcset=\"https:\/\/marekkuchcinski.pl\/wp-content\/uploads\/2018\/04\/DSCF9305-2-1.jpg 2048w, https:\/\/marekkuchcinski.pl\/wp-content\/uploads\/2018\/04\/DSCF9305-2-1-300x169.jpg 300w, https:\/\/marekkuchcinski.pl\/wp-content\/uploads\/2018\/04\/DSCF9305-2-1-768x433.jpg 768w, https:\/\/marekkuchcinski.pl\/wp-content\/uploads\/2018\/04\/DSCF9305-2-1-1024x577.jpg 1024w\" sizes=\"(max-width: 4896px) 100vw, 4896px\" \/><\/a><a href=\"https:\/\/marekkuchcinski.pl\/wp-content\/uploads\/2018\/04\/DSCF9371-1.jpg\"><img loading=\"lazy\" decoding=\"async\" class=\"alignnone size-full wp-image-9244\" src=\"https:\/\/marekkuchcinski.pl\/wp-content\/uploads\/2018\/04\/DSCF9371-1.jpg\" alt=\"DSCF9371 (1)\" width=\"3761\" height=\"2498\" srcset=\"https:\/\/marekkuchcinski.pl\/wp-content\/uploads\/2018\/04\/DSCF9371-1.jpg 2048w, https:\/\/marekkuchcinski.pl\/wp-content\/uploads\/2018\/04\/DSCF9371-1-300x199.jpg 300w, https:\/\/marekkuchcinski.pl\/wp-content\/uploads\/2018\/04\/DSCF9371-1-768x510.jpg 768w, https:\/\/marekkuchcinski.pl\/wp-content\/uploads\/2018\/04\/DSCF9371-1-1024x680.jpg 1024w\" sizes=\"(max-width: 3761px) 100vw, 3761px\" \/><\/a><\/p>","protected":false},"excerpt":{"rendered":"<p>Program Dobry start, czyli 300 z\u0142 jako wyprawka co roku dla uczni\u00f3w do 18. roku \u017cycia, obni\u017cka CIT z 15 do 9 proc., program wsparcia dla senior\u00f3w, ni\u017cszy ZUS dla ma\u0142ych firm, powo\u0142anie funduszu dr\u00f3g lokalnych &#8211; to najwa\u017cniejsze propozycje, jakie podczas konwencji Prawa i Sprawiedliwo\u015bci w Warszawie przedstawi\u0142 premier Mateusz Morawiecki. Ponadto premier naszkicowa\u0142 [&hellip;]<\/p>\n","protected":false},"author":6,"featured_media":9244,"comment_status":"open","ping_status":"open","sticky":false,"template":"","format":"standard","meta":{"ngg_post_thumbnail":0,"footnotes":""},"categories":[82,3],"tags":[],"class_list":["post-9242","post","type-post","status-publish","format-standard","has-post-thumbnail","hentry","category-prawo-i-sprawiedliwosc","category-wydarzenia"],"_links":{"self":[{"href":"https:\/\/marekkuchcinski.pl\/cs\/wp-json\/wp\/v2\/posts\/9242","targetHints":{"allow":["GET"]}}],"collection":[{"href":"https:\/\/marekkuchcinski.pl\/cs\/wp-json\/wp\/v2\/posts"}],"about":[{"href":"https:\/\/marekkuchcinski.pl\/cs\/wp-json\/wp\/v2\/types\/post"}],"author":[{"embeddable":true,"href":"https:\/\/marekkuchcinski.pl\/cs\/wp-json\/wp\/v2\/users\/6"}],"replies":[{"embeddable":true,"href":"https:\/\/marekkuchcinski.pl\/cs\/wp-json\/wp\/v2\/comments?post=9242"}],"version-history":[{"count":3,"href":"https:\/\/marekkuchcinski.pl\/cs\/wp-json\/wp\/v2\/posts\/9242\/revisions"}],"predecessor-version":[{"id":9265,"href":"https:\/\/marekkuchcinski.pl\/cs\/wp-json\/wp\/v2\/posts\/9242\/revisions\/9265"}],"wp:featuredmedia":[{"embeddable":true,"href":"https:\/\/marekkuchcinski.pl\/cs\/wp-json\/wp\/v2\/media\/9244"}],"wp:attachment":[{"href":"https:\/\/marekkuchcinski.pl\/cs\/wp-json\/wp\/v2\/media?parent=9242"}],"wp:term":[{"taxonomy":"category","embeddable":true,"href":"https:\/\/marekkuchcinski.pl\/cs\/wp-json\/wp\/v2\/categories?post=9242"},{"taxonomy":"post_tag","embeddable":true,"href":"https:\/\/marekkuchcinski.pl\/cs\/wp-json\/wp\/v2\/tags?post=9242"}],"curies":[{"name":"wp","href":"https:\/\/api.w.org\/{rel}","templated":true}]}}