{"id":9206,"date":"2018-04-12T16:11:44","date_gmt":"2018-04-12T14:11:44","guid":{"rendered":"https:\/\/marekkuchcinski.pl\/?p=9206"},"modified":"2018-04-12T16:11:44","modified_gmt":"2018-04-12T14:11:44","slug":"marszalek-sejmu-okazji-80-lecia-obserwatorium-gorze-pop-iwan-ufam-ze-stanie-sie-miejscem-cennej-polsko-ukrainskiej-wspolpracy-naukowej","status":"publish","type":"post","link":"https:\/\/marekkuchcinski.pl\/cs\/wydarzenia\/marszalek-sejmu-okazji-80-lecia-obserwatorium-gorze-pop-iwan-ufam-ze-stanie-sie-miejscem-cennej-polsko-ukrainskiej-wspolpracy-naukowej\/","title":{"rendered":"P\u0159edseda Sejmu u p\u0159\u00edle\u017eitosti 80. v\u00fdro\u010d\u00ed observato\u0159e na ho\u0159e Pop Ivan: V\u011b\u0159\u00edm, \u017ee se stane m\u00edstem cenn\u00e9 polsko-ukrajinsk\u00e9 v\u011bdeck\u00e9 spolupr\u00e1ce"},"content":{"rendered":"<p>P\u0159ed 80 lety byla zalo\u017eena hv\u011bzd\u00e1rna na ho\u0159e Pop Ivan v \u010cernoho\u0159i. B\u00edl\u00fd slon slou\u017eil jako astronomick\u00e1 a meteorologick\u00e1 observato\u0159 (p\u0159edev\u0161\u00edm pro leteck\u00e9 \u00fa\u010dely). Dnes je kr\u00e1sn\u00fdm p\u0159\u00edkladem polsko-ukrajinsk\u00e9 meziuniverzitn\u00ed spolupr\u00e1ce v oblasti v\u011bdeck\u00e9ho v\u00fdzkumu, ekologie, turistiky, horsk\u00e9 z\u00e1chrany a region\u00e1ln\u00edho rozvoje.<\/p>\n<p>- S uspokojen\u00edm a uzn\u00e1n\u00edm jsem p\u0159ijal informaci o tak d\u016fstojn\u00e9m p\u0159ipomenut\u00ed objektu, kter\u00fd je nejen v\u00fdznamnou stopou minulosti, ale tak\u00e9 nesm\u00edrn\u011b d\u016fle\u017eitou sou\u010d\u00e1st\u00ed na\u0161\u00ed kulturn\u00ed identifikace a identity - napsal p\u0159edseda Sejmu v dopise adresovan\u00e9m \u00fa\u010dastn\u00edk\u016fm oslav v\u00fdro\u010d\u00ed hv\u011bzd\u00e1rny. - Z\u00e1rove\u0148 douf\u00e1m, \u017ee d\u00edky spole\u010dn\u00e9 iniciativ\u011b Centra pro v\u00fdchodn\u00ed Evropu Var\u0161avsk\u00e9 univerzity a Podkarpatsk\u00e9 n\u00e1rodn\u00ed univerzity Vasyla Stefanyka v Ivano-Frankivsku se observato\u0159 brzy stane m\u00edstem cenn\u00e9 polsko-ukrajinsk\u00e9 v\u011bdeck\u00e9 spolupr\u00e1ce.<\/p>\n<p>Mar\u0161\u00e1l Kuchci\u0144ski zd\u016fraznil, \u017ee s velk\u00fdm z\u00e1jmem sleduje pr\u016fb\u011bh renova\u010dn\u00edch prac\u00ed.  P\u0159edev\u0161\u00edm z \u00facty k historii a hmotn\u00fdm v\u00fddobytk\u016fm minul\u00fdch generac\u00ed, ale tak\u00e9 z osobn\u011bj\u0161\u00edch d\u016fvod\u016f. Hv\u011bzd\u00e1rna je pravd\u011bpodobn\u011b postavena podle vzoru z\u00e1mku v m\u00e9m rodn\u00e9m m\u011bst\u011b Przemy\u015bl. Na druh\u00e9 stran\u011b se nach\u00e1z\u00ed v Karpatech, kter\u00e9 pova\u017euji na map\u011b na\u0161eho kontinentu za nesm\u00edrn\u011b d\u016fle\u017eit\u00e9, a v\u00edt\u00e1m v\u0161echny iniciativy, kter\u00e9 se sna\u017e\u00ed zachovat a kultivovat velkolep\u00e9 kulturn\u00ed d\u011bdictv\u00ed tohoto regionu.<\/p>\n<p>&nbsp;<\/p>\n<p><em>\u00a0 \u00a0 \u00a0 \u00a0 \u00a0 \u00a0 \u00a0 \u00a0 \u00a0 \u00a0 \u00a0 \u00a0 \u00a0 \u00a0 \u00a0 \u00a0 \u00a0 \u00a0 \u00a0 \u00a0 \u00a0 \u00a0 \u00a0 \u00a0 \u00a0 \u00a0 \u00a0 \u00a0 \u00a0 \u00a0 \u00a0 \u00a0 \u00a0 \u00a0 \u00a0\u00a0<\/em><a href=\"https:\/\/marekkuchcinski.pl\/wp-content\/uploads\/2018\/04\/piwan.jpg\"><img fetchpriority=\"high\" decoding=\"async\" class=\"alignnone size-full wp-image-9210\" src=\"https:\/\/marekkuchcinski.pl\/wp-content\/uploads\/2018\/04\/piwan.jpg\" alt=\"piwan\" width=\"1200\" height=\"790\" srcset=\"https:\/\/marekkuchcinski.pl\/wp-content\/uploads\/2018\/04\/piwan.jpg 1200w, https:\/\/marekkuchcinski.pl\/wp-content\/uploads\/2018\/04\/piwan-300x198.jpg 300w, https:\/\/marekkuchcinski.pl\/wp-content\/uploads\/2018\/04\/piwan-768x506.jpg 768w, https:\/\/marekkuchcinski.pl\/wp-content\/uploads\/2018\/04\/piwan-1024x674.jpg 1024w\" sizes=\"(max-width: 1200px) 100vw, 1200px\" \/><\/a><a href=\"https:\/\/marekkuchcinski.pl\/wp-content\/uploads\/2018\/04\/Pop-Iwan.jpg\"><img decoding=\"async\" class=\"alignnone size-full wp-image-9211\" src=\"https:\/\/marekkuchcinski.pl\/wp-content\/uploads\/2018\/04\/Pop-Iwan.jpg\" alt=\"Pop Iwan\" width=\"4000\" height=\"3000\" srcset=\"https:\/\/marekkuchcinski.pl\/wp-content\/uploads\/2018\/04\/Pop-Iwan.jpg 2048w, https:\/\/marekkuchcinski.pl\/wp-content\/uploads\/2018\/04\/Pop-Iwan-300x225.jpg 300w, https:\/\/marekkuchcinski.pl\/wp-content\/uploads\/2018\/04\/Pop-Iwan-768x576.jpg 768w, https:\/\/marekkuchcinski.pl\/wp-content\/uploads\/2018\/04\/Pop-Iwan-1024x768.jpg 1024w\" sizes=\"(max-width: 4000px) 100vw, 4000px\" \/><\/a><\/p>\n<p><em>Foto: Centrum v\u00fdchodoevropsk\u00fdch studi\u00ed, Var\u0161avsk\u00e1 univerzita<\/em><\/p>","protected":false},"excerpt":{"rendered":"<p>80 lat temu powo\u0142ano do \u017cycia\u00a0 obserwatorium na g\u00f3rze Pop Iwan w Czarnohorze. Bia\u0142y S\u0142o\u0144 pe\u0142ni\u0142 funkcj\u0119 zar\u00f3wno obserwatorium astronomicznego, jak i meteorologicznego (g\u0142\u00f3wnie dla potrzeb lotnictwa). Dzi\u015b jest on pi\u0119knym przyk\u0142adem polsko-ukrai\u0144skiej wsp\u00f3\u0142pracy mi\u0119dzyuniwersyteckiej na rzecz bada\u0144 naukowych, ekologii, turystyki, ratownictwa g\u00f3rskiego, rozwoju regionu. \u2013\u00a0Z\u00a0satysfakcj\u0105 i uznaniem przyj\u0105\u0142em informacj\u0119 o tak godnym uczczeniu obiektu, [&hellip;]<\/p>\n","protected":false},"author":6,"featured_media":9211,"comment_status":"open","ping_status":"open","sticky":false,"template":"","format":"standard","meta":{"ngg_post_thumbnail":0,"footnotes":""},"categories":[49,77,3],"tags":[],"class_list":["post-9206","post","type-post","status-publish","format-standard","has-post-thumbnail","hentry","category-podkarpacie","category-wazne-daty","category-wydarzenia"],"_links":{"self":[{"href":"https:\/\/marekkuchcinski.pl\/cs\/wp-json\/wp\/v2\/posts\/9206","targetHints":{"allow":["GET"]}}],"collection":[{"href":"https:\/\/marekkuchcinski.pl\/cs\/wp-json\/wp\/v2\/posts"}],"about":[{"href":"https:\/\/marekkuchcinski.pl\/cs\/wp-json\/wp\/v2\/types\/post"}],"author":[{"embeddable":true,"href":"https:\/\/marekkuchcinski.pl\/cs\/wp-json\/wp\/v2\/users\/6"}],"replies":[{"embeddable":true,"href":"https:\/\/marekkuchcinski.pl\/cs\/wp-json\/wp\/v2\/comments?post=9206"}],"version-history":[{"count":8,"href":"https:\/\/marekkuchcinski.pl\/cs\/wp-json\/wp\/v2\/posts\/9206\/revisions"}],"predecessor-version":[{"id":9219,"href":"https:\/\/marekkuchcinski.pl\/cs\/wp-json\/wp\/v2\/posts\/9206\/revisions\/9219"}],"wp:featuredmedia":[{"embeddable":true,"href":"https:\/\/marekkuchcinski.pl\/cs\/wp-json\/wp\/v2\/media\/9211"}],"wp:attachment":[{"href":"https:\/\/marekkuchcinski.pl\/cs\/wp-json\/wp\/v2\/media?parent=9206"}],"wp:term":[{"taxonomy":"category","embeddable":true,"href":"https:\/\/marekkuchcinski.pl\/cs\/wp-json\/wp\/v2\/categories?post=9206"},{"taxonomy":"post_tag","embeddable":true,"href":"https:\/\/marekkuchcinski.pl\/cs\/wp-json\/wp\/v2\/tags?post=9206"}],"curies":[{"name":"wp","href":"https:\/\/api.w.org\/{rel}","templated":true}]}}