{"id":9045,"date":"2018-03-26T15:13:16","date_gmt":"2018-03-26T13:13:16","guid":{"rendered":"https:\/\/marekkuchcinski.pl\/?p=9045"},"modified":"2018-03-26T15:40:28","modified_gmt":"2018-03-26T13:40:28","slug":"marszalek-sejmu-dzien-polakow-ratujacych-zydow-przypomina-nam-ze-otwartosc-tolerancja-sprawiedliwosc-czlowieczenstwo-fundament-naszej-godnej-egzystencji","status":"publish","type":"post","link":"https:\/\/marekkuchcinski.pl\/cs\/wydarzenia\/marszalek-sejmu-dzien-polakow-ratujacych-zydow-przypomina-nam-ze-otwartosc-tolerancja-sprawiedliwosc-czlowieczenstwo-fundament-naszej-godnej-egzystencji\/","title":{"rendered":"P\u0159edseda Sejmu: Den Pol\u00e1k\u016f, kte\u0159\u00ed zachr\u00e1nili \u017didy, n\u00e1m p\u0159ipom\u00edn\u00e1, \u017ee otev\u0159enost, tolerance, spravedlnost a lidskost jsou z\u00e1kladem na\u0161\u00ed d\u016fstojn\u00e9 existence."},"content":{"rendered":"<p><strong>Sejm vyhl\u00e1sil na 24. b\u0159ezna N\u00e1rodn\u00ed den Pol\u00e1k\u016f, kte\u0159\u00ed za n\u011bmeck\u00e9 okupace zachra\u0148ovali \u017didy.\u00a0<\/strong><\/p>\n<p><strong>Ob\u011b\u0165 Pol\u00e1k\u016f p\u0159i z\u00e1chran\u011b \u017did\u016f je jednou z nejdojemn\u011bj\u0161\u00edch str\u00e1nek n\u00e1rodn\u00edch d\u011bjin. Tento den n\u00e1m p\u0159ipom\u00edn\u00e1, \u017ee otev\u0159enost, tolerance, spravedlnost a lidskost jsou z\u00e1kladem na\u0161\u00ed d\u016fstojn\u00e9 existence. Pam\u00e1tka t\u011bchto hrdinn\u00fdch lid\u00ed by m\u011bla m\u00edt trval\u00e9 m\u00edsto v na\u0161ich srdc\u00edch,\" napsal p\u0159edseda Sejmu v dopise, kter\u00fd byl p\u0159e\u010dten b\u011bhem oslav sv\u00e1tku v Podkarpatsk\u00e9 Rusi.\u00a0<a href=\"https:\/\/marekkuchcinski.pl\/wp-content\/uploads\/2018\/03\/List-marsza\u0142ka-Sejmu-DPr\u017b.pdf\">Dopis p\u0159edsedy Sejmu DPr\u017b<\/a><\/strong><\/p>\n<p><a href=\"https:\/\/marekkuchcinski.pl\/wp-content\/uploads\/2018\/03\/Ulkmowie-1.jpg\"><img fetchpriority=\"high\" decoding=\"async\" class=\"alignnone size-full wp-image-9047\" src=\"https:\/\/marekkuchcinski.pl\/wp-content\/uploads\/2018\/03\/Ulkmowie-1.jpg\" alt=\"Ulkmowie 1\" width=\"1685\" height=\"1026\" srcset=\"https:\/\/marekkuchcinski.pl\/wp-content\/uploads\/2018\/03\/Ulkmowie-1.jpg 1685w, https:\/\/marekkuchcinski.pl\/wp-content\/uploads\/2018\/03\/Ulkmowie-1-300x183.jpg 300w, https:\/\/marekkuchcinski.pl\/wp-content\/uploads\/2018\/03\/Ulkmowie-1-768x468.jpg 768w, https:\/\/marekkuchcinski.pl\/wp-content\/uploads\/2018\/03\/Ulkmowie-1-1024x624.jpg 1024w\" sizes=\"(max-width: 1685px) 100vw, 1685px\" \/><\/a><\/p>\n<p><em>Foto: M. Olejnik<\/em><\/p>","protected":false},"excerpt":{"rendered":"<p>24 marca Sejm ustanowi\u0142 Narodowym Dniem Polak\u00f3w ratuj\u0105cych \u017byd\u00f3w pod okupacj\u0105 niemieck\u0105.\u00a0 Po\u015bwi\u0119cenie Polak\u00f3w ratuj\u0105cych \u017byd\u00f3w to jedna z najbardziej wzruszaj\u0105cych kart narodowej historii.\u00a0Dzie\u0144 ten przypomina nam, \u017ce otwarto\u015b\u0107, tolerancja, sprawiedliwo\u015b\u0107 i cz\u0142owiecze\u0144stwo to fundament naszej godnej egzystencji.\u00a0Pami\u0119\u0107 o tych bohaterskich ludziach powinna zaj\u0105\u0107 trwa\u0142e miejsce w naszych sercach &#8211; napisa\u0142 marsza\u0142ek Sejmu w li\u015bcie [&hellip;]<\/p>\n","protected":false},"author":6,"featured_media":9047,"comment_status":"open","ping_status":"open","sticky":false,"template":"","format":"standard","meta":{"ngg_post_thumbnail":0,"footnotes":""},"categories":[49,50,3],"tags":[],"class_list":["post-9045","post","type-post","status-publish","format-standard","has-post-thumbnail","hentry","category-podkarpacie","category-wspolpraca-miedzynarodowa","category-wydarzenia"],"_links":{"self":[{"href":"https:\/\/marekkuchcinski.pl\/cs\/wp-json\/wp\/v2\/posts\/9045","targetHints":{"allow":["GET"]}}],"collection":[{"href":"https:\/\/marekkuchcinski.pl\/cs\/wp-json\/wp\/v2\/posts"}],"about":[{"href":"https:\/\/marekkuchcinski.pl\/cs\/wp-json\/wp\/v2\/types\/post"}],"author":[{"embeddable":true,"href":"https:\/\/marekkuchcinski.pl\/cs\/wp-json\/wp\/v2\/users\/6"}],"replies":[{"embeddable":true,"href":"https:\/\/marekkuchcinski.pl\/cs\/wp-json\/wp\/v2\/comments?post=9045"}],"version-history":[{"count":3,"href":"https:\/\/marekkuchcinski.pl\/cs\/wp-json\/wp\/v2\/posts\/9045\/revisions"}],"predecessor-version":[{"id":9050,"href":"https:\/\/marekkuchcinski.pl\/cs\/wp-json\/wp\/v2\/posts\/9045\/revisions\/9050"}],"wp:featuredmedia":[{"embeddable":true,"href":"https:\/\/marekkuchcinski.pl\/cs\/wp-json\/wp\/v2\/media\/9047"}],"wp:attachment":[{"href":"https:\/\/marekkuchcinski.pl\/cs\/wp-json\/wp\/v2\/media?parent=9045"}],"wp:term":[{"taxonomy":"category","embeddable":true,"href":"https:\/\/marekkuchcinski.pl\/cs\/wp-json\/wp\/v2\/categories?post=9045"},{"taxonomy":"post_tag","embeddable":true,"href":"https:\/\/marekkuchcinski.pl\/cs\/wp-json\/wp\/v2\/tags?post=9045"}],"curies":[{"name":"wp","href":"https:\/\/api.w.org\/{rel}","templated":true}]}}