{"id":9,"date":"2011-06-21T12:19:24","date_gmt":"2011-06-21T10:19:24","guid":{"rendered":"https:\/\/marekkuchcinski.pl\/?p=9"},"modified":"2016-08-25T17:06:41","modified_gmt":"2016-08-25T15:06:41","slug":"biura-interwencji-i-porad","status":"publish","type":"post","link":"https:\/\/marekkuchcinski.pl\/cs\/kontakt\/biura-interwencji-i-porad\/","title":{"rendered":"Interven\u010dn\u00ed a poradensk\u00e9 kancel\u00e1\u0159e"},"content":{"rendered":"<table cellpadding=\"0\" cellspacing=\"0\" sizcache=\"5\" sizset=\"0\" style=\"width: 440px; height: 563px;\">\n<tbody sizcache=\"5\" sizset=\"0\">\n<tr sizcache=\"5\" sizset=\"1\">\n<td sizcache=\"5\" sizset=\"1\" style=\"width: 139px;\">\n<table cellpadding=\"0\" cellspacing=\"0\" sizcache=\"5\" sizset=\"1\" style=\"width: 146px;\">\n<tbody sizcache=\"5\" sizset=\"1\">\n<tr>\n<td style=\"width: 140px;\">Przemy\u015bl<\/td>\n<\/tr>\n<tr>\n<td style=\"width: 140px;\">\n<p>37-700 Przemy\u015bl,<br \/> Wybrze\u017ce J\u00f3zefa Pi\u0142sudskiego 1<br \/> tel. \/fax (16) 678 49 19,<br \/> <a href=\"mailto:biuro@marekkuchcinski.pl\">biuro@marekkuchcinski.pl<\/a><\/p>\n<hr \/>\n<\/td>\n<\/tr>\n<tr>\n<td style=\"width: 140px;\">Ustrzyki Dolne<\/td>\n<\/tr>\n<tr>\n<td style=\"width: 140px;\">\n<p>38-700 Ustrzyki Dolne,<br \/> Trh 6<br \/> tel. \/fax (16) 678 49 19<br \/> <a href=\"mailto:biuro@marekkuchcinski.pl\">biuro@marekkuchcinski.pl<\/a><\/p>\n<hr \/>\n<\/td>\n<\/tr>\n<tr>\n<td style=\"width: 140px;\">Napi\u0161te poslanci:<br \/> <a href=\"mailto:Marek.Kuchcinski@sejm.pl\">Marek.Kuchcinski@sejm.pl<\/a><\/td>\n<\/tr>\n<\/tbody>\n<\/table>\n<\/td>\n<td rowspan=\"14\" style=\"width: 3px;\">&nbsp;<\/td>\n<td style=\"width: 779px; text-align: justify;\">\n<p><strong><img decoding=\"async\" class=\"alignleft size-full wp-image-8\" height=\"75\" src=\"https:\/\/marekkuchcinski.pl\/wp-content\/uploads\/2011\/06\/punkt%20obsugi%20wyborcw.jpg\" style=\"margin: 5px; border: 0px solid currentcolor; width: 100px; height: 75px; float: left;\" width=\"100\" \/>INTERVEN\u010cN\u00cd A PORADENSK\u00c9 KANCEL\u00c1\u0158E strany Pr\u00e1vo a spravedlnost (PiS), kter\u00e9 p\u016fsob\u00ed v kancel\u00e1\u0159i poslance Marka Kuchci\u0144sk\u00e9ho, byly z\u0159\u00edzeny v listopadu a prosinci 2001, kr\u00e1tce po parlamentn\u00edch volb\u00e1ch, z iniciativy samotn\u00e9ho poslance.<\/strong><\/p>\n<p> Z\u0159\u00edzen\u00ed t\u011bchto \u00fa\u0159ad\u016f bylo v\u00fdsledkem realizace volebn\u00edho programu, jeho\u017e velmi d\u016fle\u017eit\u00fdmi prvky jsou: rovnost v\u0161ech ob\u010dan\u016f p\u0159ed z\u00e1konem, p\u00e9\u010de o spravedlnost a otev\u0159enost ve\u0159ejn\u00e9ho \u017eivota, \u00facta k oby\u010dejn\u00e9mu \u010dlov\u011bku. Proto je tu BIiP, aby pomohl ka\u017ed\u00e9mu, kdo je posti\u017een nespravedlnost\u00ed, neschopnost\u00ed nebo aroganc\u00ed \u00fa\u0159ad\u016f.<\/p>\n<p> Tato pomoc spo\u010d\u00edv\u00e1 v poskytov\u00e1n\u00ed bezplatn\u00e9ho pr\u00e1vn\u00edho poradenstv\u00ed, pr\u016fzkumu, p\u0159\u00edprav\u011b pod\u00e1n\u00ed a spr\u00e1vn\u00edch dopis\u016f a v p\u0159\u00edpadech, kter\u00e9 to vy\u017eaduj\u00ed, v intervenci.<\/p>\n<p> Od \u00fanora 2003 roz\u0161\u00ed\u0159il Interven\u010dn\u00ed a poradensk\u00fd \u00fa\u0159ad v Przemy\u015blu svou \u010dinnost o vytvo\u0159en\u00ed datab\u00e1ze evropsk\u00fdch fond\u016f. To umo\u017enilo \u00fa\u010dinn\u011b informovat z\u00e1jemce (m\u00edstn\u00ed instituce, samospr\u00e1vn\u00e9 celky, nevl\u00e1dn\u00ed organizace, \u0161koly, neform\u00e1ln\u00ed skupiny atd.) o nov\u00fdch sout\u011b\u017e\u00edch a grantov\u00fdch programech v oblasti vzd\u011bl\u00e1v\u00e1n\u00ed, kultury, ekologie, zdravotnictv\u00ed, soci\u00e1ln\u00edch iniciativ a mnoha dal\u0161\u00edch.<\/p>\n<p> Od \u010dervna 2006 se BIiP jmenuj\u00ed nov\u011b: Voters' Service Points. <strong>St\u00e1le pokra\u010duj\u00ed ve sv\u00e9 pr\u00e1ci. POV p\u016fsob\u00edc\u00ed v kancel\u00e1\u0159\u00edch poslance Marka Kuchci\u0144sk\u00e9ho poskytli do \u010dervna 2011 pomoc ji\u017e ve v\u00edce ne\u017e 15 000 p\u0159\u00edpadech.<\/strong>.<\/p>\n<\/td>\n<\/tr>\n<\/tbody>\n<\/table>\n<p style=\"text-align: justify;\">&nbsp;<\/p>","protected":false},"excerpt":{"rendered":"<p>Przemy\u015bl 37-700 Przemy\u015bl, Wybrze\u017ce J\u00f3zefa Pi\u0142sudskiego 1 tel. \/faks (16) 678 49 19, biuro@marekkuchcinski.pl Ustrzyki Dolne 38-700 Ustrzyki Dolne, Rynek 6 tel. \/faks (16) 678 49 19 biuro@marekkuchcinski.pl Napisz do pos\u0142a: Marek.Kuchcinski@sejm.pl &nbsp; BIURA INTERWENCJI I PORAD PiS dzia\u0142aj\u0105ce przy biurach poselskich Marka Kuchci\u0144skiego powsta\u0142y w listopadzie i grudniu 2001 roku, tu\u017c po wyborach parlamentarnych [&hellip;]<\/p>","protected":false},"author":6,"featured_media":8,"comment_status":"open","ping_status":"open","sticky":false,"template":"","format":"standard","meta":{"ngg_post_thumbnail":0,"footnotes":""},"categories":[33],"tags":[],"class_list":["post-9","post","type-post","status-publish","format-standard","has-post-thumbnail","hentry","category-kontakt"],"yoast_head":"<!-- This site is optimized with the Yoast SEO plugin v24.7 - https:\/\/yoast.com\/wordpress\/plugins\/seo\/ -->\n<title>Biura interwencji i porad &#8211; Marek Kuchci\u0144ski<\/title>\n<meta name=\"robots\" content=\"index, follow, max-snippet:-1, max-image-preview:large, max-video-preview:-1\" \/>\n<link rel=\"canonical\" href=\"https:\/\/marekkuchcinski.pl\/cs\/kontakt\/biura-interwencji-i-porad\/\" \/>\n<meta property=\"og:locale\" content=\"cs_CZ\" \/>\n<meta property=\"og:type\" content=\"article\" \/>\n<meta property=\"og:title\" content=\"Biura interwencji i porad &#8211; Marek Kuchci\u0144ski\" \/>\n<meta property=\"og:description\" content=\"Przemy\u015bl 37-700 Przemy\u015bl, Wybrze\u017ce J\u00f3zefa Pi\u0142sudskiego 1 tel. \/faks (16) 678 49 19, biuro@marekkuchcinski.pl Ustrzyki Dolne 38-700 Ustrzyki Dolne, Rynek 6 tel. \/faks (16) 678 49 19 biuro@marekkuchcinski.pl Napisz do pos\u0142a: Marek.Kuchcinski@sejm.pl &nbsp; BIURA INTERWENCJI I PORAD PiS dzia\u0142aj\u0105ce przy biurach poselskich Marka Kuchci\u0144skiego powsta\u0142y w listopadzie i grudniu 2001 roku, tu\u017c po wyborach parlamentarnych [&hellip;]\" \/>\n<meta property=\"og:url\" content=\"https:\/\/marekkuchcinski.pl\/cs\/kontakt\/biura-interwencji-i-porad\/\" \/>\n<meta property=\"og:site_name\" content=\"Marek Kuchci\u0144ski\" \/>\n<meta property=\"article:published_time\" content=\"2011-06-21T10:19:24+00:00\" \/>\n<meta property=\"article:modified_time\" content=\"2016-08-25T15:06:41+00:00\" \/>\n<meta property=\"og:image\" content=\"https:\/\/marekkuchcinski.pl\/wp-content\/uploads\/2011\/06\/punkt%20obsugi%20wyborcw.jpg\" \/>\n\t<meta property=\"og:image:width\" content=\"400\" \/>\n\t<meta property=\"og:image:height\" content=\"300\" \/>\n\t<meta property=\"og:image:type\" content=\"image\/jpeg\" \/>\n<meta name=\"author\" content=\"admin\" \/>\n<meta name=\"twitter:card\" content=\"summary_large_image\" \/>\n<meta name=\"twitter:label1\" content=\"Napsal(a)\" \/>\n\t<meta name=\"twitter:data1\" content=\"admin\" \/>\n\t<meta name=\"twitter:label2\" content=\"Odhadovan\u00e1 doba \u010dten\u00ed\" \/>\n\t<meta name=\"twitter:data2\" content=\"1 minuta\" \/>\n<script type=\"application\/ld+json\" class=\"yoast-schema-graph\">{\"@context\":\"https:\/\/schema.org\",\"@graph\":[{\"@type\":\"Article\",\"@id\":\"https:\/\/marekkuchcinski.pl\/kontakt\/biura-interwencji-i-porad\/#article\",\"isPartOf\":{\"@id\":\"https:\/\/marekkuchcinski.pl\/kontakt\/biura-interwencji-i-porad\/\"},\"author\":{\"name\":\"admin\",\"@id\":\"https:\/\/marekkuchcinski.pl\/#\/schema\/person\/6f62700996b4d950b6ea2d1183b6c6be\"},\"headline\":\"Biura interwencji i porad\",\"datePublished\":\"2011-06-21T10:19:24+00:00\",\"dateModified\":\"2016-08-25T15:06:41+00:00\",\"mainEntityOfPage\":{\"@id\":\"https:\/\/marekkuchcinski.pl\/kontakt\/biura-interwencji-i-porad\/\"},\"wordCount\":250,\"commentCount\":0,\"publisher\":{\"@id\":\"https:\/\/marekkuchcinski.pl\/#organization\"},\"image\":{\"@id\":\"https:\/\/marekkuchcinski.pl\/kontakt\/biura-interwencji-i-porad\/#primaryimage\"},\"thumbnailUrl\":\"https:\/\/marekkuchcinski.pl\/wp-content\/uploads\/2011\/06\/punkt obsugi wyborcw.jpg\",\"articleSection\":[\"Kontakt\"],\"inLanguage\":\"cs\",\"potentialAction\":[{\"@type\":\"CommentAction\",\"name\":\"Comment\",\"target\":[\"https:\/\/marekkuchcinski.pl\/kontakt\/biura-interwencji-i-porad\/#respond\"]}]},{\"@type\":\"WebPage\",\"@id\":\"https:\/\/marekkuchcinski.pl\/kontakt\/biura-interwencji-i-porad\/\",\"url\":\"https:\/\/marekkuchcinski.pl\/kontakt\/biura-interwencji-i-porad\/\",\"name\":\"Biura interwencji i porad &#8211; Marek Kuchci\u0144ski\",\"isPartOf\":{\"@id\":\"https:\/\/marekkuchcinski.pl\/#website\"},\"primaryImageOfPage\":{\"@id\":\"https:\/\/marekkuchcinski.pl\/kontakt\/biura-interwencji-i-porad\/#primaryimage\"},\"image\":{\"@id\":\"https:\/\/marekkuchcinski.pl\/kontakt\/biura-interwencji-i-porad\/#primaryimage\"},\"thumbnailUrl\":\"https:\/\/marekkuchcinski.pl\/wp-content\/uploads\/2011\/06\/punkt obsugi wyborcw.jpg\",\"datePublished\":\"2011-06-21T10:19:24+00:00\",\"dateModified\":\"2016-08-25T15:06:41+00:00\",\"breadcrumb\":{\"@id\":\"https:\/\/marekkuchcinski.pl\/kontakt\/biura-interwencji-i-porad\/#breadcrumb\"},\"inLanguage\":\"cs\",\"potentialAction\":[{\"@type\":\"ReadAction\",\"target\":[\"https:\/\/marekkuchcinski.pl\/kontakt\/biura-interwencji-i-porad\/\"]}]},{\"@type\":\"ImageObject\",\"inLanguage\":\"cs\",\"@id\":\"https:\/\/marekkuchcinski.pl\/kontakt\/biura-interwencji-i-porad\/#primaryimage\",\"url\":\"https:\/\/marekkuchcinski.pl\/wp-content\/uploads\/2011\/06\/punkt obsugi wyborcw.jpg\",\"contentUrl\":\"https:\/\/marekkuchcinski.pl\/wp-content\/uploads\/2011\/06\/punkt obsugi wyborcw.jpg\",\"width\":400,\"height\":300},{\"@type\":\"BreadcrumbList\",\"@id\":\"https:\/\/marekkuchcinski.pl\/kontakt\/biura-interwencji-i-porad\/#breadcrumb\",\"itemListElement\":[{\"@type\":\"ListItem\",\"position\":1,\"name\":\"Strona g\u0142\u00f3wna\",\"item\":\"https:\/\/marekkuchcinski.pl\/\"},{\"@type\":\"ListItem\",\"position\":2,\"name\":\"Biura interwencji i porad\"}]},{\"@type\":\"WebSite\",\"@id\":\"https:\/\/marekkuchcinski.pl\/#website\",\"url\":\"https:\/\/marekkuchcinski.pl\/\",\"name\":\"Marek Kuchci\u0144ski\",\"description\":\"Pose\u0142 na sejm RP &ndash; okr\u0119g nr 22\",\"publisher\":{\"@id\":\"https:\/\/marekkuchcinski.pl\/#organization\"},\"potentialAction\":[{\"@type\":\"SearchAction\",\"target\":{\"@type\":\"EntryPoint\",\"urlTemplate\":\"https:\/\/marekkuchcinski.pl\/?s={search_term_string}\"},\"query-input\":{\"@type\":\"PropertyValueSpecification\",\"valueRequired\":true,\"valueName\":\"search_term_string\"}}],\"inLanguage\":\"cs\"},{\"@type\":\"Organization\",\"@id\":\"https:\/\/marekkuchcinski.pl\/#organization\",\"name\":\"Marek Kuchci\u0144ski\",\"url\":\"https:\/\/marekkuchcinski.pl\/\",\"logo\":{\"@type\":\"ImageObject\",\"inLanguage\":\"cs\",\"@id\":\"https:\/\/marekkuchcinski.pl\/#\/schema\/logo\/image\/\",\"url\":\"https:\/\/marekkuchcinski.pl\/wp-content\/uploads\/2022\/09\/Marek.jpg\",\"contentUrl\":\"https:\/\/marekkuchcinski.pl\/wp-content\/uploads\/2022\/09\/Marek.jpg\",\"width\":1600,\"height\":971,\"caption\":\"Marek Kuchci\u0144ski\"},\"image\":{\"@id\":\"https:\/\/marekkuchcinski.pl\/#\/schema\/logo\/image\/\"}},{\"@type\":\"Person\",\"@id\":\"https:\/\/marekkuchcinski.pl\/#\/schema\/person\/6f62700996b4d950b6ea2d1183b6c6be\",\"name\":\"admin\",\"image\":{\"@type\":\"ImageObject\",\"inLanguage\":\"cs\",\"@id\":\"https:\/\/marekkuchcinski.pl\/#\/schema\/person\/image\/\",\"url\":\"https:\/\/secure.gravatar.com\/avatar\/4bab693b9d55c3d6b52c0296a8765085?s=96&d=mm&r=g\",\"contentUrl\":\"https:\/\/secure.gravatar.com\/avatar\/4bab693b9d55c3d6b52c0296a8765085?s=96&d=mm&r=g\",\"caption\":\"admin\"},\"url\":\"https:\/\/marekkuchcinski.pl\/cs\/author\/marta-olejnik\/\"}]}<\/script>\n<!-- \/ Yoast SEO plugin. -->","yoast_head_json":{"title":"Biura interwencji i porad &#8211; Marek Kuchci\u0144ski","robots":{"index":"index","follow":"follow","max-snippet":"max-snippet:-1","max-image-preview":"max-image-preview:large","max-video-preview":"max-video-preview:-1"},"canonical":"https:\/\/marekkuchcinski.pl\/cs\/kontakt\/biura-interwencji-i-porad\/","og_locale":"cs_CZ","og_type":"article","og_title":"Biura interwencji i porad &#8211; Marek Kuchci\u0144ski","og_description":"Przemy\u015bl 37-700 Przemy\u015bl, Wybrze\u017ce J\u00f3zefa Pi\u0142sudskiego 1 tel. \/faks (16) 678 49 19, biuro@marekkuchcinski.pl Ustrzyki Dolne 38-700 Ustrzyki Dolne, Rynek 6 tel. \/faks (16) 678 49 19 biuro@marekkuchcinski.pl Napisz do pos\u0142a: Marek.Kuchcinski@sejm.pl &nbsp; BIURA INTERWENCJI I PORAD PiS dzia\u0142aj\u0105ce przy biurach poselskich Marka Kuchci\u0144skiego powsta\u0142y w listopadzie i grudniu 2001 roku, tu\u017c po wyborach parlamentarnych [&hellip;]","og_url":"https:\/\/marekkuchcinski.pl\/cs\/kontakt\/biura-interwencji-i-porad\/","og_site_name":"Marek Kuchci\u0144ski","article_published_time":"2011-06-21T10:19:24+00:00","article_modified_time":"2016-08-25T15:06:41+00:00","og_image":[{"width":400,"height":300,"url":"https:\/\/marekkuchcinski.pl\/wp-content\/uploads\/2011\/06\/punkt obsugi wyborcw.jpg","type":"image\/jpeg"}],"author":"admin","twitter_card":"summary_large_image","twitter_misc":{"Napsal(a)":"admin","Odhadovan\u00e1 doba \u010dten\u00ed":"1 minuta"},"schema":{"@context":"https:\/\/schema.org","@graph":[{"@type":"Article","@id":"https:\/\/marekkuchcinski.pl\/kontakt\/biura-interwencji-i-porad\/#article","isPartOf":{"@id":"https:\/\/marekkuchcinski.pl\/kontakt\/biura-interwencji-i-porad\/"},"author":{"name":"admin","@id":"https:\/\/marekkuchcinski.pl\/#\/schema\/person\/6f62700996b4d950b6ea2d1183b6c6be"},"headline":"Biura interwencji i porad","datePublished":"2011-06-21T10:19:24+00:00","dateModified":"2016-08-25T15:06:41+00:00","mainEntityOfPage":{"@id":"https:\/\/marekkuchcinski.pl\/kontakt\/biura-interwencji-i-porad\/"},"wordCount":250,"commentCount":0,"publisher":{"@id":"https:\/\/marekkuchcinski.pl\/#organization"},"image":{"@id":"https:\/\/marekkuchcinski.pl\/kontakt\/biura-interwencji-i-porad\/#primaryimage"},"thumbnailUrl":"https:\/\/marekkuchcinski.pl\/wp-content\/uploads\/2011\/06\/punkt obsugi wyborcw.jpg","articleSection":["Kontakt"],"inLanguage":"cs","potentialAction":[{"@type":"CommentAction","name":"Comment","target":["https:\/\/marekkuchcinski.pl\/kontakt\/biura-interwencji-i-porad\/#respond"]}]},{"@type":"WebPage","@id":"https:\/\/marekkuchcinski.pl\/kontakt\/biura-interwencji-i-porad\/","url":"https:\/\/marekkuchcinski.pl\/kontakt\/biura-interwencji-i-porad\/","name":"Biura interwencji i porad &#8211; Marek Kuchci\u0144ski","isPartOf":{"@id":"https:\/\/marekkuchcinski.pl\/#website"},"primaryImageOfPage":{"@id":"https:\/\/marekkuchcinski.pl\/kontakt\/biura-interwencji-i-porad\/#primaryimage"},"image":{"@id":"https:\/\/marekkuchcinski.pl\/kontakt\/biura-interwencji-i-porad\/#primaryimage"},"thumbnailUrl":"https:\/\/marekkuchcinski.pl\/wp-content\/uploads\/2011\/06\/punkt obsugi wyborcw.jpg","datePublished":"2011-06-21T10:19:24+00:00","dateModified":"2016-08-25T15:06:41+00:00","breadcrumb":{"@id":"https:\/\/marekkuchcinski.pl\/kontakt\/biura-interwencji-i-porad\/#breadcrumb"},"inLanguage":"cs","potentialAction":[{"@type":"ReadAction","target":["https:\/\/marekkuchcinski.pl\/kontakt\/biura-interwencji-i-porad\/"]}]},{"@type":"ImageObject","inLanguage":"cs","@id":"https:\/\/marekkuchcinski.pl\/kontakt\/biura-interwencji-i-porad\/#primaryimage","url":"https:\/\/marekkuchcinski.pl\/wp-content\/uploads\/2011\/06\/punkt obsugi wyborcw.jpg","contentUrl":"https:\/\/marekkuchcinski.pl\/wp-content\/uploads\/2011\/06\/punkt obsugi wyborcw.jpg","width":400,"height":300},{"@type":"BreadcrumbList","@id":"https:\/\/marekkuchcinski.pl\/kontakt\/biura-interwencji-i-porad\/#breadcrumb","itemListElement":[{"@type":"ListItem","position":1,"name":"Strona g\u0142\u00f3wna","item":"https:\/\/marekkuchcinski.pl\/"},{"@type":"ListItem","position":2,"name":"Biura interwencji i porad"}]},{"@type":"WebSite","@id":"https:\/\/marekkuchcinski.pl\/#website","url":"https:\/\/marekkuchcinski.pl\/","name":"Marek Kuchci\u0144ski","description":"Pose\u0142 na sejm RP &ndash; okr\u0119g nr 22","publisher":{"@id":"https:\/\/marekkuchcinski.pl\/#organization"},"potentialAction":[{"@type":"SearchAction","target":{"@type":"EntryPoint","urlTemplate":"https:\/\/marekkuchcinski.pl\/?s={search_term_string}"},"query-input":{"@type":"PropertyValueSpecification","valueRequired":true,"valueName":"search_term_string"}}],"inLanguage":"cs"},{"@type":"Organization","@id":"https:\/\/marekkuchcinski.pl\/#organization","name":"Marek Kuchci\u0144ski","url":"https:\/\/marekkuchcinski.pl\/","logo":{"@type":"ImageObject","inLanguage":"cs","@id":"https:\/\/marekkuchcinski.pl\/#\/schema\/logo\/image\/","url":"https:\/\/marekkuchcinski.pl\/wp-content\/uploads\/2022\/09\/Marek.jpg","contentUrl":"https:\/\/marekkuchcinski.pl\/wp-content\/uploads\/2022\/09\/Marek.jpg","width":1600,"height":971,"caption":"Marek Kuchci\u0144ski"},"image":{"@id":"https:\/\/marekkuchcinski.pl\/#\/schema\/logo\/image\/"}},{"@type":"Person","@id":"https:\/\/marekkuchcinski.pl\/#\/schema\/person\/6f62700996b4d950b6ea2d1183b6c6be","name":"admin","image":{"@type":"ImageObject","inLanguage":"cs","@id":"https:\/\/marekkuchcinski.pl\/#\/schema\/person\/image\/","url":"https:\/\/secure.gravatar.com\/avatar\/4bab693b9d55c3d6b52c0296a8765085?s=96&d=mm&r=g","contentUrl":"https:\/\/secure.gravatar.com\/avatar\/4bab693b9d55c3d6b52c0296a8765085?s=96&d=mm&r=g","caption":"admin"},"url":"https:\/\/marekkuchcinski.pl\/cs\/author\/marta-olejnik\/"}]}},"_links":{"self":[{"href":"https:\/\/marekkuchcinski.pl\/cs\/wp-json\/wp\/v2\/posts\/9","targetHints":{"allow":["GET"]}}],"collection":[{"href":"https:\/\/marekkuchcinski.pl\/cs\/wp-json\/wp\/v2\/posts"}],"about":[{"href":"https:\/\/marekkuchcinski.pl\/cs\/wp-json\/wp\/v2\/types\/post"}],"author":[{"embeddable":true,"href":"https:\/\/marekkuchcinski.pl\/cs\/wp-json\/wp\/v2\/users\/6"}],"replies":[{"embeddable":true,"href":"https:\/\/marekkuchcinski.pl\/cs\/wp-json\/wp\/v2\/comments?post=9"}],"version-history":[{"count":1,"href":"https:\/\/marekkuchcinski.pl\/cs\/wp-json\/wp\/v2\/posts\/9\/revisions"}],"predecessor-version":[{"id":1349,"href":"https:\/\/marekkuchcinski.pl\/cs\/wp-json\/wp\/v2\/posts\/9\/revisions\/1349"}],"wp:featuredmedia":[{"embeddable":true,"href":"https:\/\/marekkuchcinski.pl\/cs\/wp-json\/wp\/v2\/media\/8"}],"wp:attachment":[{"href":"https:\/\/marekkuchcinski.pl\/cs\/wp-json\/wp\/v2\/media?parent=9"}],"wp:term":[{"taxonomy":"category","embeddable":true,"href":"https:\/\/marekkuchcinski.pl\/cs\/wp-json\/wp\/v2\/categories?post=9"},{"taxonomy":"post_tag","embeddable":true,"href":"https:\/\/marekkuchcinski.pl\/cs\/wp-json\/wp\/v2\/tags?post=9"}],"curies":[{"name":"wp","href":"https:\/\/api.w.org\/{rel}","templated":true}]}}