{"id":8772,"date":"2018-02-26T10:11:07","date_gmt":"2018-02-26T09:11:07","guid":{"rendered":"https:\/\/marekkuchcinski.pl\/?p=8772"},"modified":"2018-02-26T15:50:09","modified_gmt":"2018-02-26T14:50:09","slug":"marszalek-sejmu-otworzyl-xiii-swiatowe-zimowe-igrzyska-polonijne","status":"publish","type":"post","link":"https:\/\/marekkuchcinski.pl\/cs\/wydarzenia\/marszalek-sejmu-otworzyl-xiii-swiatowe-zimowe-igrzyska-polonijne\/","title":{"rendered":"P\u0159edseda Sejmu zah\u00e1jil 13. sv\u011btovou zimn\u00ed polskou olympi\u00e1du"},"content":{"rendered":"<p>Se\u0161li jsme se tu dnes, abychom zd\u016fraznili na\u0161i soun\u00e1le\u017eitost a vyj\u00e1d\u0159ili \u00factu v\u0161em na\u0161im krajan\u016fm na cel\u00e9m sv\u011bt\u011b, kter\u00fdch je v\u00edce ne\u017e 60 milion\u016f. Vynik\u00e1me mimo jin\u00e9 t\u00edm, \u017ee jako jedin\u00ed pou\u017e\u00edv\u00e1me tento kr\u00e1sn\u00fd term\u00edn: Polonia, kdy\u017e mluv\u00edme o na\u0161em n\u00e1rod\u011b,\" \u0159ekl p\u0159edseda Sejmu Marek Kuchci\u0144ski p\u0159i zah\u00e1jen\u00ed zimn\u00edch her v Krynici.<\/p>\n<p>P\u0159edseda Sen\u00e1tu uvedl, \u017ee akce, jako jsou Sv\u011btov\u00e9 polsk\u00e9 zimn\u00ed hry, buduj\u00ed mosty.  - Jsou mostem mezi n\u00e1mi a mezi Pol\u00e1ky \u017eij\u00edc\u00edmi po cel\u00e9m sv\u011bt\u011b, jsou spole\u010denstv\u00edm 20 milion\u016f lid\u00ed, kte\u0159\u00ed c\u00edt\u00ed pouto s Polskem. Sejm a Sen\u00e1t pracuj\u00ed na tom, aby toto pouto bylo st\u00e1le pevn\u011bj\u0161\u00ed,\" \u0159ekl Stanis\u0142aw Karczewski.<\/p>\n<p>Do Krynice p\u0159ijeli sportovci z v\u00edce ne\u017e 20 zem\u00ed, aby se utkali v osmi sportech: b\u011bhu na ly\u017e\u00edch, alpsk\u00e9m ly\u017eov\u00e1n\u00ed, ledn\u00edm hokeji, nordic walkingu, brusla\u0159sk\u00e9m v\u00edceboji, short tracku, snowboardingu a rodinn\u00e9m turnaji. Sout\u011b\u017e potrv\u00e1 do 2. b\u0159ezna 2018.<\/p>\n<p>Sv\u011btov\u00e9 polsk\u00e9 zimn\u00ed hry financuje Sen\u00e1t z prost\u0159edk\u016f ur\u010den\u00fdch na p\u00e9\u010di o polskou komunitu a Pol\u00e1ky v zahrani\u010d\u00ed. Akci po\u0159\u00e1d\u00e1 sdru\u017een\u00ed \"Polsk\u00e1 obec\". Nad olympi\u00e1dou p\u0159evzal \u010destnou z\u00e1\u0161titu prezident Andrzej Duda.<\/p>\n<h5><em>Foto: Kancel\u00e1\u0159 Sen\u00e1tu<\/em><\/h5>\n<p><a href=\"https:\/\/marekkuchcinski.pl\/wp-content\/uploads\/2018\/02\/Igrzyska.jpg\"><img fetchpriority=\"high\" decoding=\"async\" class=\"alignnone size-full wp-image-8784\" src=\"https:\/\/marekkuchcinski.pl\/wp-content\/uploads\/2018\/02\/Igrzyska.jpg\" alt=\"Igrzyska\" width=\"3846\" height=\"2577\" srcset=\"https:\/\/marekkuchcinski.pl\/wp-content\/uploads\/2018\/02\/Igrzyska.jpg 2048w, https:\/\/marekkuchcinski.pl\/wp-content\/uploads\/2018\/02\/Igrzyska-300x201.jpg 300w, https:\/\/marekkuchcinski.pl\/wp-content\/uploads\/2018\/02\/Igrzyska-768x515.jpg 768w, https:\/\/marekkuchcinski.pl\/wp-content\/uploads\/2018\/02\/Igrzyska-1024x686.jpg 1024w\" sizes=\"(max-width: 3846px) 100vw, 3846px\" \/><\/a><a href=\"https:\/\/marekkuchcinski.pl\/wp-content\/uploads\/2018\/02\/IO3.jpg\"><img decoding=\"async\" class=\"alignnone size-full wp-image-8786\" src=\"https:\/\/marekkuchcinski.pl\/wp-content\/uploads\/2018\/02\/IO3.jpg\" alt=\"IO3\" width=\"6355\" height=\"4319\" srcset=\"https:\/\/marekkuchcinski.pl\/wp-content\/uploads\/2018\/02\/IO3.jpg 2048w, https:\/\/marekkuchcinski.pl\/wp-content\/uploads\/2018\/02\/IO3-300x204.jpg 300w, https:\/\/marekkuchcinski.pl\/wp-content\/uploads\/2018\/02\/IO3-768x522.jpg 768w, https:\/\/marekkuchcinski.pl\/wp-content\/uploads\/2018\/02\/IO3-1024x696.jpg 1024w\" sizes=\"(max-width: 6355px) 100vw, 6355px\" \/><\/a> <a href=\"https:\/\/marekkuchcinski.pl\/wp-content\/uploads\/2018\/02\/IO-4.jpg\"><img decoding=\"async\" class=\"alignnone size-full wp-image-8787\" src=\"https:\/\/marekkuchcinski.pl\/wp-content\/uploads\/2018\/02\/IO-4.jpg\" alt=\"IO 4\" width=\"5621\" height=\"3912\" srcset=\"https:\/\/marekkuchcinski.pl\/wp-content\/uploads\/2018\/02\/IO-4.jpg 2048w, https:\/\/marekkuchcinski.pl\/wp-content\/uploads\/2018\/02\/IO-4-300x209.jpg 300w, https:\/\/marekkuchcinski.pl\/wp-content\/uploads\/2018\/02\/IO-4-768x534.jpg 768w, https:\/\/marekkuchcinski.pl\/wp-content\/uploads\/2018\/02\/IO-4-1024x713.jpg 1024w\" sizes=\"(max-width: 5621px) 100vw, 5621px\" \/><\/a> <a href=\"https:\/\/marekkuchcinski.pl\/wp-content\/uploads\/2018\/02\/IO-2.jpg\"><img loading=\"lazy\" decoding=\"async\" class=\"alignnone size-full wp-image-8788\" src=\"https:\/\/marekkuchcinski.pl\/wp-content\/uploads\/2018\/02\/IO-2.jpg\" alt=\"IO 2\" width=\"6183\" height=\"4221\" srcset=\"https:\/\/marekkuchcinski.pl\/wp-content\/uploads\/2018\/02\/IO-2.jpg 2048w, https:\/\/marekkuchcinski.pl\/wp-content\/uploads\/2018\/02\/IO-2-300x205.jpg 300w, https:\/\/marekkuchcinski.pl\/wp-content\/uploads\/2018\/02\/IO-2-768x524.jpg 768w, https:\/\/marekkuchcinski.pl\/wp-content\/uploads\/2018\/02\/IO-2-1024x699.jpg 1024w\" sizes=\"(max-width: 6183px) 100vw, 6183px\" \/><\/a><\/p>\n<p>&nbsp;<\/p>","protected":false},"excerpt":{"rendered":"<p>Jeste\u015bmy tu dzi\u015b razem dla podkre\u015blenia naszej wsp\u00f3lnoty oraz dla wyra\u017cenia szacunku dla wszystkich naszych rodak\u00f3w na ca\u0142ym \u015bwiecie, a jest nas ponad 60 mln. Wyr\u00f3\u017cniamy si\u0119 m.in. tym, \u017ce tylko my u\u017cywamy tego pi\u0119knego okre\u015blenia: Polonia, gdy m\u00f3wimy o naszym narodzie\u00a0\u2013 powiedzia\u0142 marsza\u0142ek Sejmu Marek Kuchci\u0144ski, otwieraj\u0105c zimowe igrzyska w Krynicy. Marsza\u0142ek Senatu przekonywa\u0142, [&hellip;]<\/p>\n","protected":false},"author":6,"featured_media":8784,"comment_status":"open","ping_status":"open","sticky":false,"template":"","format":"standard","meta":{"ngg_post_thumbnail":0,"footnotes":""},"categories":[50,3],"tags":[],"class_list":["post-8772","post","type-post","status-publish","format-standard","has-post-thumbnail","hentry","category-wspolpraca-miedzynarodowa","category-wydarzenia"],"_links":{"self":[{"href":"https:\/\/marekkuchcinski.pl\/cs\/wp-json\/wp\/v2\/posts\/8772","targetHints":{"allow":["GET"]}}],"collection":[{"href":"https:\/\/marekkuchcinski.pl\/cs\/wp-json\/wp\/v2\/posts"}],"about":[{"href":"https:\/\/marekkuchcinski.pl\/cs\/wp-json\/wp\/v2\/types\/post"}],"author":[{"embeddable":true,"href":"https:\/\/marekkuchcinski.pl\/cs\/wp-json\/wp\/v2\/users\/6"}],"replies":[{"embeddable":true,"href":"https:\/\/marekkuchcinski.pl\/cs\/wp-json\/wp\/v2\/comments?post=8772"}],"version-history":[{"count":8,"href":"https:\/\/marekkuchcinski.pl\/cs\/wp-json\/wp\/v2\/posts\/8772\/revisions"}],"predecessor-version":[{"id":8792,"href":"https:\/\/marekkuchcinski.pl\/cs\/wp-json\/wp\/v2\/posts\/8772\/revisions\/8792"}],"wp:featuredmedia":[{"embeddable":true,"href":"https:\/\/marekkuchcinski.pl\/cs\/wp-json\/wp\/v2\/media\/8784"}],"wp:attachment":[{"href":"https:\/\/marekkuchcinski.pl\/cs\/wp-json\/wp\/v2\/media?parent=8772"}],"wp:term":[{"taxonomy":"category","embeddable":true,"href":"https:\/\/marekkuchcinski.pl\/cs\/wp-json\/wp\/v2\/categories?post=8772"},{"taxonomy":"post_tag","embeddable":true,"href":"https:\/\/marekkuchcinski.pl\/cs\/wp-json\/wp\/v2\/tags?post=8772"}],"curies":[{"name":"wp","href":"https:\/\/api.w.org\/{rel}","templated":true}]}}