{"id":8610,"date":"2018-02-16T20:45:08","date_gmt":"2018-02-16T19:45:08","guid":{"rendered":"https:\/\/marekkuchcinski.pl\/?p=8610"},"modified":"2018-02-16T20:59:17","modified_gmt":"2018-02-16T19:59:17","slug":"xx-edycja-konferencji-europa-karpat-program","status":"publish","type":"post","link":"https:\/\/marekkuchcinski.pl\/cs\/wydarzenia\/xx-edycja-konferencji-europa-karpat-program\/","title":{"rendered":"20. ro\u010dn\u00edk konference \"Karpatsk\u00e1 Evropa\" - program"},"content":{"rendered":"<p dir=\"ltr\"><strong>Ji\u017e po dvac\u00e1t\u00e9 se sejdou politici, v\u011bdci a p\u0159edstavitel\u00e9 m\u00edstn\u00edch samospr\u00e1v, aby hledali zp\u016fsoby, jak pos\u00edlit karpatsk\u00fd region a zajistit jeho infrastrukturn\u00ed a hospod\u00e1\u0159sk\u00fd rozvoj, zv\u00fd\u0161it \u017eivotn\u00ed \u00farove\u0148 a rozumn\u011b hospoda\u0159it s p\u0159\u00edrodn\u00edmi zdroji, nap\u0159\u00edklad s vodou.<\/strong><\/p>\n<p dir=\"ltr\">Mezi panelisty jsou Ryszard Terlecki, m\u00edstop\u0159edseda Sejmu Polsk\u00e9 republiky (N\u00e1rodn\u00ed zku\u0161enosti a c\u00edle), Jacek Czaputowicz, ministr zahrani\u010dn\u00edch v\u011bc\u00ed (N\u00e1rodn\u00ed zku\u0161enosti a c\u00edle), Jerzy Kwieci\u0144ski, ministr investic a rozvoje (Program pro Bieszczady), Andrzej Adamczyk, ministr infrastruktury (Via Carpatia).<\/p>\n<p dir=\"ltr\"><strong>PROGRAM:<\/strong><\/p>\n<p dir=\"ltr\">9:30 Vernis\u00e1\u017e v\u00fdstavy prezentuj\u00edc\u00ed v\u00fdsledky 20. ro\u010dn\u00edku konference Karpatsk\u00e1 Evropa.<\/p>\n<p dir=\"ltr\">(N\u00e1rodn\u00ed muzeum v Przemyslu, n\u00e1m\u011bst\u00ed Pl. Berka Joselewicza 1, Przemysl)<\/p>\n<p dir=\"ltr\">P\u0159ed\u00e1n\u00ed jubilejn\u00ed medaile<\/p>\n<p dir=\"ltr\">9:45 Zah\u00e1jen\u00ed konference p\u0159edsedou polsk\u00e9ho Sejmu Markem Kuchci\u0144sk\u00fdm (N\u00e1rodn\u00ed muzeum P\u0159emy\u0161lska, n\u00e1m\u011bst\u00ed Pl. Bereka Joselewicze 1, P\u0159emy\u0161l).<\/p>\n<p dir=\"ltr\">10:00 - 11:00 Panel I \"Parlamentn\u00ed tradice ve st\u0159edn\u00ed a v\u00fdchodn\u00ed Evrop\u011b\"<\/p>\n<p dir=\"ltr\">\u00a0\u00a0\u00a0 Moder\u00e1tor: Waldemar Paruch, koordin\u00e1tor poradc\u016f p\u0159edsedy polsk\u00e9ho Sejmu.<\/p>\n<p dir=\"ltr\">\u00a0\u00a0\u00a0 \u00a0\u00a0\u00a0 \u00da\u010dastn\u00edci panelu:<\/p>\n<ol>\n<li dir=\"ltr\">\n<p dir=\"ltr\">Javor Notev, m\u00edstop\u0159edseda N\u00e1rodn\u00edho shrom\u00e1\u017ed\u011bn\u00ed Bulharsk\u00e9 republiky,<\/p>\n<\/li>\n<li dir=\"ltr\">\n<p dir=\"ltr\">W\u0142odzimierz Bernacki, poslanec, p\u0159edseda polsk\u00e9 parlamentn\u00ed delegace v Parlamentn\u00edm shrom\u00e1\u017ed\u011bn\u00ed Rady Evropy,<\/p>\n<\/li>\n<li dir=\"ltr\">\n<p dir=\"ltr\">Mykola Knia\u017eyckij, p\u0159edseda V\u00fdboru pro kulturu a duchovnost Nejvy\u0161\u0161\u00ed rady Ukrajiny,<\/p>\n<\/li>\n<li dir=\"ltr\">\n<p dir=\"ltr\">Jan Hudack\u00fd, p\u0159edseda RAIC Pre\u0161ov, b\u00fdval\u00fd poslanec N\u00e1rodn\u00ed rady Slovensk\u00e9 republiky,<\/p>\n<\/li>\n<li dir=\"ltr\">\n<p dir=\"ltr\">Pavol Ma\u010dala, V\u011bdeck\u00e1 asociace presonismu, Slovensko<\/p>\n<\/li>\n<\/ol>\n<p dir=\"ltr\">11:00 - 12:00 Panel II \"Budoucnost Evropsk\u00e9 unie - n\u00e1rodn\u00ed zku\u0161enosti a c\u00edle\"<\/p>\n<p dir=\"ltr\">\u00a0\u00a0\u00a0 Moder\u00e1tor: Zdzis\u0142aw Krasnod\u0119bski, poslanec Evropsk\u00e9ho parlamentu,<\/p>\n<p dir=\"ltr\">Zvl\u00e1\u0161tn\u00ed host: Jacek Czaputowicz, ministr zahrani\u010dn\u00edch v\u011bc\u00ed,<\/p>\n<p dir=\"ltr\">\u00da\u010dastn\u00edci panelu:<\/p>\n<ol>\n<li dir=\"ltr\">\n<p dir=\"ltr\">Ryszard Terlecki, m\u00edstop\u0159edseda polsk\u00e9ho parlamentu,<\/p>\n<\/li>\n<li dir=\"ltr\">\n<p dir=\"ltr\">Rich\u00e1rd H\u00f6rcsik, p\u0159edseda v\u00fdboru pro z\u00e1le\u017eitosti EU ma\u010farsk\u00e9ho N\u00e1rodn\u00edho shrom\u00e1\u017ed\u011bn\u00ed,<\/p>\n<\/li>\n<li dir=\"ltr\">\n<p dir=\"ltr\">Martin Fronc, B. poslanec Slovensk\u00e9 n\u00e1rodn\u00ed rady,<\/p>\n<\/li>\n<li dir=\"ltr\">\n<p dir=\"ltr\">Anatolij Matvijenko, poslanec Nejvy\u0161\u0161\u00ed rady Ukrajiny,<\/p>\n<\/li>\n<li dir=\"ltr\">\n<p dir=\"ltr\">David Engels, p\u0159edn\u00e1\u0161ej\u00edc\u00ed na Svobodn\u00e9 univerzit\u011b v Bruselu,<\/p>\n<\/li>\n<li dir=\"ltr\">\n<p dir=\"ltr\">Markiyan Malsky, vedouc\u00ed katedry mezin\u00e1rodn\u00edch vztah\u016f a diplomatick\u00e9 slu\u017eby, Lvovsk\u00e1 univerzita<\/p>\n<\/li>\n<\/ol>\n<p dir=\"ltr\">12:00 - 12:30 p\u0159est\u00e1vka na k\u00e1vu<\/p>\n<p dir=\"ltr\">12:30 - 13:30 Panel III \"Spolupr\u00e1ce m\u00edstn\u00edch samospr\u00e1v\"<\/p>\n<p dir=\"ltr\">Moder\u00e1tor: Robert Choma, starosta m\u011bsta Przemy\u015bl<\/p>\n<p dir=\"ltr\">\u00da\u010dastn\u00edci panelu:<\/p>\n<ol>\n<li dir=\"ltr\">\n<p dir=\"ltr\">Attila Sikora, m\u00edstostarosta m\u011bsta S\u00e1rospatoku,<\/p>\n<\/li>\n<li dir=\"ltr\">\n<p dir=\"ltr\">Michal Sla\u0161\u0165an, n\u00e1m\u011bstek prim\u00e1tora m\u011bsta Ru\u017eomberok,<\/p>\n<\/li>\n<li dir=\"ltr\">\n<p dir=\"ltr\">Andriy Kulchynski, starosta m\u011bsta Truskavec,<\/p>\n<\/li>\n<li dir=\"ltr\">\n<p dir=\"ltr\">Botond R\u00e1zsi, m\u00edstostarosta m\u011bsta Eger,<\/p>\n<\/li>\n<li dir=\"ltr\">\n<p dir=\"ltr\">Ivan Piiyak, starosta m\u011bsta Schodnica,<\/p>\n<\/li>\n<\/ol>\n<p dir=\"ltr\">13:30 - 14:30 ob\u011bd<\/p>\n<p dir=\"ltr\">14:30-14:40 Podpis projektu Sv\u011bt karpatsk\u00fdch rozet - kroky k zachov\u00e1n\u00ed kulturn\u00ed jedine\u010dnosti Karpat - Adam Hamryszczak, n\u00e1m\u011bstek ministra pro investice a rozvoj, W\u0142adys\u0142aw Ortyl, mar\u0161\u00e1lek Podkarpatsk\u00e9ho vojvodstv\u00ed, Agnieszka Pieni\u0105\u017cek, p\u0159edsedkyn\u011b spr\u00e1vn\u00ed rady Sdru\u017een\u00ed pro rozvoj a propagaci Podkarpatska \"Pro Carpatia\", Dorota Zieli\u0144ska, m\u00edstop\u0159edsedkyn\u011b spr\u00e1vn\u00ed rady Sdru\u017een\u00ed pro rozvoj a propagaci Podkarpatska \"Pro Carpatia\".<\/p>\n<p dir=\"ltr\">14:40 - 15:40 Panel IV \"Prezentace karpatsk\u00fdch iniciativ - 100 iniciativ ke st\u00e9mu v\u00fdro\u010d\u00ed znovuzrozen\u00ed Polska\"<\/p>\n<p dir=\"ltr\">\u00a0\u00a0\u00a0 Moder\u00e1tor: Zygmunt Berdychowski, p\u0159edseda programov\u00e9 rady Ekonomick\u00e9ho f\u00f3ra<\/p>\n<p dir=\"ltr\">\u00a0\u00a0\u00a0 \u00a0\u00a0\u00a0 Prezentace:<\/p>\n<ol>\n<li dir=\"ltr\">\n<p dir=\"ltr\">Program pro Bieszczady, Jerzy Kwieci\u0144ski, ministr investic a rozvoje, Adam Hamryszczak, n\u00e1m\u011bstek ministra investic a rozvoje.<\/p>\n<\/li>\n<li dir=\"ltr\">\n<p dir=\"ltr\">Via Carpatia, Andrzej Adamczyk, ministr infrastruktury<\/p>\n<\/li>\n<li dir=\"ltr\">\n<p dir=\"ltr\">Karpatsk\u00e9 suroviny, Mariusz Orion J\u0119drysek, n\u00e1m\u011bstek ministra \u017eivotn\u00edho prost\u0159ed\u00ed, hlavn\u00ed n\u00e1rodn\u00ed geolog<\/p>\n<\/li>\n<li dir=\"ltr\">\n<p dir=\"ltr\">Karpatsk\u00e9 projekty, W\u0142adys\u0142aw Ortyl, mar\u0161\u00e1lek Podkarpatsk\u00e9ho vojvodstv\u00ed, v\u010detn\u011b: Karpatsk\u00fd symfonick\u00fd orchestr, Marta Wierzbieniec, \u0159editelka Podkarpatsk\u00e9 filharmonie, Jerzy Petrdlik, dirigent spojen\u00fd s Univerzitou Karlovou v Praze.<\/p>\n<\/li>\n<li dir=\"ltr\">\n<p dir=\"ltr\">Centr\u00e1ln\u00ed sportovn\u00ed centrum, Tomasz Kozi\u0144ski, \u0159editel Centr\u00e1ln\u00edho sportovn\u00edho centra<\/p>\n<\/li>\n<li dir=\"ltr\">\n<p dir=\"ltr\">5 Dolin Wierchomla-Krynica, Jan Golba, starosta obce Muszyna<\/p>\n<\/li>\n<\/ol>\n<p>&nbsp;<\/p>\n<div dir=\"ltr\">\n<table>\n<colgroup>\n<col width=\"621\" \/><\/colgroup>\n<tbody>\n<tr>\n<td>\n<p dir=\"ltr\">15:00 Start p\u011btikilometrov\u00e9ho b\u011bhu ulicemi Przemy\u015blu \"Zimn\u00ed karpatsk\u00e1 p\u011btka\", kter\u00fd po\u0159\u00e1d\u00e1 m\u011bsto Przemy\u015bl.<\/p>\n<p dir=\"ltr\">\u00a0\u00a0\u00a0\u00a0\u00a0\u00a0\u00a0\u00a0\u00a0\u00a0\u00a0\u00a0\u00a0\u00a0\u00a0\u00a0\u00a0\u00a0\u00a0\u00a0\u00a0\u00a0\u00a0\u00a0\u00a0\u00a0\u00a0\u00a0<wbr \/>Trasa: N\u00e1m\u011bst\u00ed Niepodleg\u0142o\u015bci - Park - V\u00fd\u0161ina - Park - Z\u00e1mek - N\u00e1m\u011bst\u00ed Niepodleg\u0142o\u015bci<\/p>\n<\/td>\n<\/tr>\n<\/tbody>\n<\/table>\n<\/div>\n<p>&nbsp;<\/p>\n<p dir=\"ltr\">15:40 - 15:50 Podpis dohody o zalo\u017een\u00ed Energetick\u00e9ho klastru Soli\u0144skie: Arkadiusz Sek\u015bci\u0144ski - m\u00edstop\u0159edseda p\u0159edstavenstva PGE Energia Odnawialna S.A., Krzysztof Majcher - \u0159editel PGE Energia Odnawialna pobo\u010dka ZEW Solina-Myczkowce v Solin\u011b, , Marek Ma\u0142ecki - p\u0159edseda rady okresu Leski, Adam Pi\u0105tkowski - starosta obce Solina, Andrzej S\u0142otwi\u0144ski - p\u0159edseda p\u0159edstavenstva ELBEST sp. z.o.o., Krzysztof Leszczyk - m\u00edstop\u0159edseda p\u0159edstavenstva ELBEST sp. z o.o..<\/p>\n<p>&nbsp;<\/p>\n<p dir=\"ltr\">15:50 - 16:40 Panel V \"Spolupr\u00e1ce vysok\u00fdch \u0161kol karpatsk\u00fdch zem\u00ed\"<\/p>\n<p dir=\"ltr\">Moder\u00e1tor: Jan Malicki, \u0159editel V\u00fdchodoevropsk\u00fdch studi\u00ed, Var\u0161avsk\u00e1 univerzita<\/p>\n<ol>\n<li dir=\"ltr\">\n<p dir=\"ltr\">Igor Cependa, rektor Zakarpatsk\u00e9 n\u00e1rodn\u00ed univerzity v Ivano-Frankivsku<\/p>\n<\/li>\n<li dir=\"ltr\">\n<p dir=\"ltr\">S\u00e1ndor \u0150ze, d\u011bkan Historick\u00e9 fakulty Katolick\u00e9 univerzity v Budape\u0161ti<\/p>\n<\/li>\n<li dir=\"ltr\">\n<p dir=\"ltr\">Pawe\u0142 Trefler, rektor St\u00e1tn\u00ed v\u00fdchodoevropsk\u00e9 univerzity v Przemy\u015blu<\/p>\n<\/li>\n<li dir=\"ltr\">\n<p dir=\"ltr\">Stefan Purici, prorektor Univerzity Stefana III Velikiana, Suceava<\/p>\n<\/li>\n<li dir=\"ltr\">\n<p dir=\"ltr\">Marian Suplata, Univerzita Mateja Bela v Bansk\u00e9 Bystrici,<\/p>\n<\/li>\n<\/ol>\n<p>&nbsp;<\/p>\n<p dir=\"ltr\">16:45 Ukon\u010den\u00ed konference<\/p>\n<p>&nbsp;<\/p>\n<p dir=\"ltr\">17:00-17:30 Slavnostn\u00ed p\u0159ed\u00e1n\u00ed medail\u00ed v B\u011bhu ulicemi Przemysla na 5 km p\u0159edsedou polsk\u00e9ho parlamentu.<\/p>\n<p dir=\"ltr\">(N\u00e1rodn\u00ed muzeum v P\u0159emy\u0161lu, n\u00e1m\u011bst\u00ed Berka Joselewicze 1, P\u0159emy\u0161l)<\/p>","protected":false},"excerpt":{"rendered":"<p>Ju\u017c po raz 20. politycy, uczeni, samorz\u0105dowcy spotkaj\u0105 si\u0119, by poszukiwa\u0107 sposobu na wzmocnienie regionu Karpat i zapewnienie mu rozwoju infrastrukturalnego, gospodarczego, podniesienia poziomu \u017cycia czy m\u0105drej gospodarki zasobami przyrodniczymi, takimi jak woda. W\u015br\u00f3d panelist\u00f3w\u00a0m.in. Ryszard Terlecki, Wicemarsza\u0142ek Sejmu RP (Do\u015bwiadczenia i cele narodowe), Jacek Czaputowicz, Minister Spraw Zagranicznych (Do\u015bwiadczenia i cele narodowe), Jerzy Kwieci\u0144ski, [&hellip;]<\/p>\n","protected":false},"author":6,"featured_media":8611,"comment_status":"open","ping_status":"open","sticky":false,"template":"","format":"standard","meta":{"ngg_post_thumbnail":0,"footnotes":""},"categories":[78,49,82,50,3],"tags":[],"class_list":["post-8610","post","type-post","status-publish","format-standard","has-post-thumbnail","hentry","category-europa-karpat","category-podkarpacie","category-prawo-i-sprawiedliwosc","category-wspolpraca-miedzynarodowa","category-wydarzenia"],"_links":{"self":[{"href":"https:\/\/marekkuchcinski.pl\/cs\/wp-json\/wp\/v2\/posts\/8610","targetHints":{"allow":["GET"]}}],"collection":[{"href":"https:\/\/marekkuchcinski.pl\/cs\/wp-json\/wp\/v2\/posts"}],"about":[{"href":"https:\/\/marekkuchcinski.pl\/cs\/wp-json\/wp\/v2\/types\/post"}],"author":[{"embeddable":true,"href":"https:\/\/marekkuchcinski.pl\/cs\/wp-json\/wp\/v2\/users\/6"}],"replies":[{"embeddable":true,"href":"https:\/\/marekkuchcinski.pl\/cs\/wp-json\/wp\/v2\/comments?post=8610"}],"version-history":[{"count":3,"href":"https:\/\/marekkuchcinski.pl\/cs\/wp-json\/wp\/v2\/posts\/8610\/revisions"}],"predecessor-version":[{"id":8614,"href":"https:\/\/marekkuchcinski.pl\/cs\/wp-json\/wp\/v2\/posts\/8610\/revisions\/8614"}],"wp:featuredmedia":[{"embeddable":true,"href":"https:\/\/marekkuchcinski.pl\/cs\/wp-json\/wp\/v2\/media\/8611"}],"wp:attachment":[{"href":"https:\/\/marekkuchcinski.pl\/cs\/wp-json\/wp\/v2\/media?parent=8610"}],"wp:term":[{"taxonomy":"category","embeddable":true,"href":"https:\/\/marekkuchcinski.pl\/cs\/wp-json\/wp\/v2\/categories?post=8610"},{"taxonomy":"post_tag","embeddable":true,"href":"https:\/\/marekkuchcinski.pl\/cs\/wp-json\/wp\/v2\/tags?post=8610"}],"curies":[{"name":"wp","href":"https:\/\/api.w.org\/{rel}","templated":true}]}}