{"id":8439,"date":"2018-02-04T13:26:28","date_gmt":"2018-02-04T12:26:28","guid":{"rendered":"https:\/\/marekkuchcinski.pl\/?p=8439"},"modified":"2018-02-06T11:30:50","modified_gmt":"2018-02-06T10:30:50","slug":"narciarstwo-wysokogorskie-marszalkiem-sejmu","status":"publish","type":"post","link":"https:\/\/marekkuchcinski.pl\/cs\/wydarzenia\/narciarstwo-wysokogorskie-marszalkiem-sejmu\/","title":{"rendered":"Alpsk\u00e9 ly\u017eov\u00e1n\u00ed s p\u0159edsedou Sejmu"},"content":{"rendered":"<p dir=\"ltr\">Podruh\u00e9 se ve Wetlinu a Ustrzyk\u00e1ch G\u00f3rn\u00fdch konal Memori\u00e1l Oleka Ostrowsk\u00e9ho v alpsk\u00e9m ly\u017eov\u00e1n\u00ed.<\/p>\n<p dir=\"ltr\">\u010cestn\u00fdm hostem byl mar\u0161\u00e1lek Sejmu Marek Kuchci\u0144ski, kter\u00fd se ji\u017e l\u00e9ta anga\u017euje v podpo\u0159e sportovn\u00edch sout\u011b\u017e\u00ed a je patronem Podkarpatsk\u00e9 ly\u017ea\u0159sk\u00e9 ligy. <a href=\"http:\/\/www.pozn.eu\/alpejskie\/154-podkarpacka-liga-dzieci-i-mlodziezy-w-narciarstwie-alpejskim-2017-2018\">http:\/\/www.pozn.eu\/alpejskie\/154-podkarpacka-liga-dzieci-i-mlodziezy-w-narciarstwie-alpejskim-2017-2018<\/a>\u00a0nebo z\u00e1vody Karpatsk\u00e9ho poh\u00e1ru v alpsk\u00e9m a b\u011b\u017eeck\u00e9m ly\u017eov\u00e1n\u00ed. Kdykoli m\u00e1 p\u0159\u00edle\u017eitost, nasad\u00ed si ly\u017ee.<\/p>\n<p dir=\"ltr\"><a href=\"https:\/\/marekkuchcinski.pl\/wp-content\/uploads\/2018\/02\/List-marsza\u0142ka-Sejmu-do-uczestniko\u0301w-Memoria\u0142u-Olka-Ostrowskiego.pdf\">Dopis p\u0159edsedy Sejmu \u00fa\u010dastn\u00edk\u016fm Memori\u00e1lu Oleka Ostrowsk\u00e9ho<\/a><\/p>\n<p dir=\"ltr\">Aleksander Ostrowski byl z\u00e1chran\u00e1\u0159em GOPRu Bieszczady, \u010dlenem horolezeck\u00e9ho klubu v Krakov\u011b a ly\u017ea\u0159sk\u00fdm instruktorem Polsk\u00e9ho horolezeck\u00e9ho svazu. Kombinoval vysokohorsk\u00e9 lezen\u00ed se skialpinismem, tedy vysokohorsk\u00fdm ly\u017eov\u00e1n\u00edm. V roce 2014 jako prvn\u00ed Pol\u00e1k vystoupil a sestoupil na vrchol Czo Oju v Him\u00e1laji (8201 m) na ly\u017e\u00edch bez pou\u017eit\u00ed kysl\u00edku. Poh\u0159e\u0161uje se od 25. \u010dervence 2015 na svahu Gasherbrum II (8035 m), kdy\u017e spolu s Piotrem \u015anig\u00f3rskim zanechali \u00fatoku na vrchol a sna\u017eili se na ly\u017e\u00edch vr\u00e1tit do z\u00e1kladn\u00edho t\u00e1bora. 11. ledna leto\u0161n\u00edho roku. Olek Ostrowski by se do\u017eil 30 let.<\/p>\n<p dir=\"ltr\"><a href=\"https:\/\/marekkuchcinski.pl\/wp-content\/uploads\/2018\/02\/mbieszcz.jpg\"><img fetchpriority=\"high\" decoding=\"async\" class=\"alignnone size-full wp-image-8448\" src=\"https:\/\/marekkuchcinski.pl\/wp-content\/uploads\/2018\/02\/mbieszcz.jpg\" alt=\"mbieszcz\" width=\"4032\" height=\"3024\" srcset=\"https:\/\/marekkuchcinski.pl\/wp-content\/uploads\/2018\/02\/mbieszcz.jpg 2048w, https:\/\/marekkuchcinski.pl\/wp-content\/uploads\/2018\/02\/mbieszcz-300x225.jpg 300w, https:\/\/marekkuchcinski.pl\/wp-content\/uploads\/2018\/02\/mbieszcz-768x576.jpg 768w, https:\/\/marekkuchcinski.pl\/wp-content\/uploads\/2018\/02\/mbieszcz-1024x768.jpg 1024w\" sizes=\"(max-width: 4032px) 100vw, 4032px\" \/><\/a><\/p>\n<p dir=\"ltr\"><em>Foto: Bieszczady: Pod Szerokim Wierchem<\/em><\/p>\n<p dir=\"ltr\"><a href=\"https:\/\/marekkuchcinski.pl\/wp-content\/uploads\/2018\/02\/b1.jpg\"><img decoding=\"async\" class=\"alignnone size-full wp-image-8458\" src=\"https:\/\/marekkuchcinski.pl\/wp-content\/uploads\/2018\/02\/b1.jpg\" alt=\"b1\" width=\"1280\" height=\"666\" srcset=\"https:\/\/marekkuchcinski.pl\/wp-content\/uploads\/2018\/02\/b1.jpg 1280w, https:\/\/marekkuchcinski.pl\/wp-content\/uploads\/2018\/02\/b1-300x156.jpg 300w, https:\/\/marekkuchcinski.pl\/wp-content\/uploads\/2018\/02\/b1-768x400.jpg 768w, https:\/\/marekkuchcinski.pl\/wp-content\/uploads\/2018\/02\/b1-1024x533.jpg 1024w\" sizes=\"(max-width: 1280px) 100vw, 1280px\" \/><\/a> <a href=\"https:\/\/marekkuchcinski.pl\/wp-content\/uploads\/2018\/02\/b4.jpg\"><img decoding=\"async\" class=\"alignnone size-full wp-image-8461\" src=\"https:\/\/marekkuchcinski.pl\/wp-content\/uploads\/2018\/02\/b4.jpg\" alt=\"b4\" width=\"1280\" height=\"718\" srcset=\"https:\/\/marekkuchcinski.pl\/wp-content\/uploads\/2018\/02\/b4.jpg 1280w, https:\/\/marekkuchcinski.pl\/wp-content\/uploads\/2018\/02\/b4-300x168.jpg 300w, https:\/\/marekkuchcinski.pl\/wp-content\/uploads\/2018\/02\/b4-768x431.jpg 768w, https:\/\/marekkuchcinski.pl\/wp-content\/uploads\/2018\/02\/b4-1024x574.jpg 1024w\" sizes=\"(max-width: 1280px) 100vw, 1280px\" \/><\/a> <a href=\"https:\/\/marekkuchcinski.pl\/wp-content\/uploads\/2018\/02\/b5.jpg\"><img loading=\"lazy\" decoding=\"async\" class=\"alignnone size-full wp-image-8462\" src=\"https:\/\/marekkuchcinski.pl\/wp-content\/uploads\/2018\/02\/b5.jpg\" alt=\"b5\" width=\"1280\" height=\"718\" srcset=\"https:\/\/marekkuchcinski.pl\/wp-content\/uploads\/2018\/02\/b5.jpg 1280w, https:\/\/marekkuchcinski.pl\/wp-content\/uploads\/2018\/02\/b5-300x168.jpg 300w, https:\/\/marekkuchcinski.pl\/wp-content\/uploads\/2018\/02\/b5-768x431.jpg 768w, https:\/\/marekkuchcinski.pl\/wp-content\/uploads\/2018\/02\/b5-1024x574.jpg 1024w\" sizes=\"(max-width: 1280px) 100vw, 1280px\" \/><\/a><\/p>\n<p dir=\"ltr\"><em>\u00a0Foto: archiv skupiny GOPR Bieszczady<\/em><\/p>","protected":false},"excerpt":{"rendered":"<p>Po raz drugi w Wetlinie i Ustrzykach G\u00f3rnych zorganizowano\u00a0Memoria\u0142 Olka Ostrowskiego w narciarstwie wysokog\u00f3rskim. Go\u015bciem honorowym by\u0142 marsza\u0142ek Sejmu Marek Kuchci\u0144ski, kt\u00f3ry od lat anga\u017cuje si\u0119 we wspieranie zawod\u00f3w sportowych, jest patronem podkarpackiej ligi narciarskiej http:\/\/www.pozn.eu\/alpejskie\/154-podkarpacka-liga-dzieci-i-mlodziezy-w-narciarstwie-alpejskim-2017-2018\u00a0czy zawod\u00f3w o Puchar Karpat w narciarstwie alpejskim i biegowym. Sam, kiedy tylko nadarzy si\u0119 okazja, wk\u0142ada narty. List marsza\u0142ka [&hellip;]<\/p>\n","protected":false},"author":6,"featured_media":8465,"comment_status":"open","ping_status":"open","sticky":false,"template":"","format":"standard","meta":{"ngg_post_thumbnail":0,"footnotes":""},"categories":[49,3],"tags":[],"class_list":["post-8439","post","type-post","status-publish","format-standard","has-post-thumbnail","hentry","category-podkarpacie","category-wydarzenia"],"_links":{"self":[{"href":"https:\/\/marekkuchcinski.pl\/cs\/wp-json\/wp\/v2\/posts\/8439","targetHints":{"allow":["GET"]}}],"collection":[{"href":"https:\/\/marekkuchcinski.pl\/cs\/wp-json\/wp\/v2\/posts"}],"about":[{"href":"https:\/\/marekkuchcinski.pl\/cs\/wp-json\/wp\/v2\/types\/post"}],"author":[{"embeddable":true,"href":"https:\/\/marekkuchcinski.pl\/cs\/wp-json\/wp\/v2\/users\/6"}],"replies":[{"embeddable":true,"href":"https:\/\/marekkuchcinski.pl\/cs\/wp-json\/wp\/v2\/comments?post=8439"}],"version-history":[{"count":9,"href":"https:\/\/marekkuchcinski.pl\/cs\/wp-json\/wp\/v2\/posts\/8439\/revisions"}],"predecessor-version":[{"id":8464,"href":"https:\/\/marekkuchcinski.pl\/cs\/wp-json\/wp\/v2\/posts\/8439\/revisions\/8464"}],"wp:featuredmedia":[{"embeddable":true,"href":"https:\/\/marekkuchcinski.pl\/cs\/wp-json\/wp\/v2\/media\/8465"}],"wp:attachment":[{"href":"https:\/\/marekkuchcinski.pl\/cs\/wp-json\/wp\/v2\/media?parent=8439"}],"wp:term":[{"taxonomy":"category","embeddable":true,"href":"https:\/\/marekkuchcinski.pl\/cs\/wp-json\/wp\/v2\/categories?post=8439"},{"taxonomy":"post_tag","embeddable":true,"href":"https:\/\/marekkuchcinski.pl\/cs\/wp-json\/wp\/v2\/tags?post=8439"}],"curies":[{"name":"wp","href":"https:\/\/api.w.org\/{rel}","templated":true}]}}