{"id":8424,"date":"2018-02-01T20:03:59","date_gmt":"2018-02-01T19:03:59","guid":{"rendered":"https:\/\/marekkuchcinski.pl\/?p=8424"},"modified":"2018-02-02T13:07:13","modified_gmt":"2018-02-02T12:07:13","slug":"wizyta-marszalka-sejmu-berlinie-spotkanie-przewodniczacym-bundestagu","status":"publish","type":"post","link":"https:\/\/marekkuchcinski.pl\/cs\/wydarzenia\/wizyta-marszalka-sejmu-berlinie-spotkanie-przewodniczacym-bundestagu\/","title":{"rendered":"N\u00e1v\u0161t\u011bva p\u0159edsedy Sejmu v Berl\u00edn\u011b, setk\u00e1n\u00ed s p\u0159edsedou Spolkov\u00e9ho sn\u011bmu"},"content":{"rendered":"<p>- Pro n\u00e1s politiky je v\u00edcegenera\u010dn\u00ed p\u0159\u00edstup o tom, abychom z dob\u0159e prozkouman\u00e9 minulosti vyvodili co nejvhodn\u011bj\u0161\u00ed z\u00e1v\u011bry a na nich postavili dobrou budoucnost,\" \u0159ekl p\u0159edseda Sejmu Marek Kuchci\u0144ski v Berl\u00edn\u011b b\u011bhem setk\u00e1n\u00ed s p\u0159edsedou Spolkov\u00e9ho sn\u011bmu.<\/p>\n<p>P\u0159edseda Sejmu zd\u016fraznil, \u017ee je v Berl\u00edn\u011b na pozv\u00e1n\u00ed p\u0159edsedy Spolkov\u00e9ho sn\u011bmu a \u017ee jeho n\u00e1v\u0161t\u011bva souvis\u00ed s d\u011bn\u00edm v Evropsk\u00e9 unii a \u017ee \u0161ance na zlep\u0161en\u00ed vztah\u016f mezi na\u0161imi zem\u011bmi jsou velmi vysok\u00e9. - Prezident se v m\u00e9di\u00edch vyj\u00e1d\u0159il o Polsku p\u0159\u00edzniv\u011b, nab\u00eddl mu otev\u0159enost a spolupr\u00e1ci a z\u00e1rove\u0148 se distancoval od federalizace EU. Polsko je suver\u00e9nn\u00ed st\u00e1t, Sejm a Sen\u00e1t p\u0159ij\u00edmaj\u00ed suver\u00e9nn\u00ed rozhodnut\u00ed, kter\u00e1 se t\u00fdkaj\u00ed p\u0159edev\u0161\u00edm z\u00e1jm\u016f polsk\u00fdch ob\u010dan\u016f,\" poznamenal Marek Kuchci\u0144ski.  - S N\u011bmeckem mus\u00edme p\u0159ekonat mnoho p\u0159ek\u00e1\u017eek, ale vid\u00edm otev\u0159enost ze strany p\u0159edsedy Spolkov\u00e9ho sn\u011bmu, pokud jde o spole\u010dnou vizi na\u0161eho m\u00edsta v Evropsk\u00e9 unii. To n\u00e1m dod\u00e1v\u00e1 s\u00edlu a podporuje spolupr\u00e1ci, tak\u017ee pl\u00e1nujeme zv\u00fd\u0161it zapojen\u00ed poslanc\u016f do spolupr\u00e1ce mezi na\u0161imi zem\u011bmi. Zm\u011bna pravidel EU, jej\u00ed uspo\u0159\u00e1d\u00e1n\u00ed pro dobro v\u0161ech, se zde st\u00e1v\u00e1 prioritou,\" \u0159ekl p\u0159edseda Sejmu.<\/p>\n<p>B\u011bhem sv\u00e9 n\u00e1v\u0161t\u011bvy Berl\u00edna se p\u0159edseda Sejmu setkal s polskou komunitou a nav\u0161t\u00edvil muzeum \"Topografie teroru\", kter\u00e9 dokumentuje mechanismy a zlo\u010diny sp\u00e1chan\u00e9 N\u011bmci b\u011bhem druh\u00e9 sv\u011btov\u00e9 v\u00e1lky v Evrop\u011b. Muzeum vzniklo v roce 2010 na m\u00edst\u011b, kde v letech 1933-1945 s\u00eddlilo Hitlerovo gestapo, tajn\u00e1 policie SS a Hlavn\u00ed \u00fa\u0159ad \u0159\u00ed\u0161sk\u00e9 bezpe\u010dnosti. - V\u00fdstava p\u016fsob\u00ed \u0161okuj\u00edc\u00edm dojmem, ale je nad\u010dasov\u00fdm varov\u00e1n\u00edm p\u0159ed opakov\u00e1n\u00edm \u010din\u016f, kter\u00e9 se odehr\u00e1ly p\u0159ed des\u00edtkami let,\" uvedl p\u0159edseda Sejmu.<\/p>\n<p>N\u00e1v\u0161t\u011bvy se z\u00fa\u010dastnil tak\u00e9 Szymon Szynkowski vel S\u0119k, p\u0159edseda polsko-n\u011bmeck\u00e9 parlamentn\u00ed skupiny.<\/p>\n<p><em>foto Pawe\u0142 Kula\/ KS<\/em><\/p>\n<p><img fetchpriority=\"high\" decoding=\"async\" class=\"alignnone size-full wp-image-8425\" src=\"https:\/\/marekkuchcinski.pl\/wp-content\/uploads\/2018\/02\/KU283068.jpg\" alt=\"KU283068\" width=\"1800\" height=\"1200\" srcset=\"https:\/\/marekkuchcinski.pl\/wp-content\/uploads\/2018\/02\/KU283068.jpg 1800w, https:\/\/marekkuchcinski.pl\/wp-content\/uploads\/2018\/02\/KU283068-300x200.jpg 300w, https:\/\/marekkuchcinski.pl\/wp-content\/uploads\/2018\/02\/KU283068-768x512.jpg 768w, https:\/\/marekkuchcinski.pl\/wp-content\/uploads\/2018\/02\/KU283068-1024x683.jpg 1024w\" sizes=\"(max-width: 1800px) 100vw, 1800px\" \/> <img decoding=\"async\" class=\"alignnone size-full wp-image-8426\" src=\"https:\/\/marekkuchcinski.pl\/wp-content\/uploads\/2018\/02\/KU283206.jpg\" alt=\"KU283206\" width=\"1800\" height=\"1200\" srcset=\"https:\/\/marekkuchcinski.pl\/wp-content\/uploads\/2018\/02\/KU283206.jpg 1800w, https:\/\/marekkuchcinski.pl\/wp-content\/uploads\/2018\/02\/KU283206-300x200.jpg 300w, https:\/\/marekkuchcinski.pl\/wp-content\/uploads\/2018\/02\/KU283206-768x512.jpg 768w, https:\/\/marekkuchcinski.pl\/wp-content\/uploads\/2018\/02\/KU283206-1024x683.jpg 1024w\" sizes=\"(max-width: 1800px) 100vw, 1800px\" \/> <a href=\"https:\/\/marekkuchcinski.pl\/wp-content\/uploads\/2018\/02\/berl.jpg\"><img decoding=\"async\" class=\"alignnone size-full wp-image-8436\" src=\"https:\/\/marekkuchcinski.pl\/wp-content\/uploads\/2018\/02\/berl.jpg\" alt=\"berl\" width=\"1152\" height=\"2048\" srcset=\"https:\/\/marekkuchcinski.pl\/wp-content\/uploads\/2018\/02\/berl.jpg 1152w, https:\/\/marekkuchcinski.pl\/wp-content\/uploads\/2018\/02\/berl-169x300.jpg 169w, https:\/\/marekkuchcinski.pl\/wp-content\/uploads\/2018\/02\/berl-768x1365.jpg 768w, https:\/\/marekkuchcinski.pl\/wp-content\/uploads\/2018\/02\/berl-576x1024.jpg 576w\" sizes=\"(max-width: 1152px) 100vw, 1152px\" \/><\/a><img loading=\"lazy\" decoding=\"async\" class=\"alignnone size-full wp-image-8427\" src=\"https:\/\/marekkuchcinski.pl\/wp-content\/uploads\/2018\/02\/KU283561.jpg\" alt=\"KU283561\" width=\"1800\" height=\"1200\" srcset=\"https:\/\/marekkuchcinski.pl\/wp-content\/uploads\/2018\/02\/KU283561.jpg 1800w, https:\/\/marekkuchcinski.pl\/wp-content\/uploads\/2018\/02\/KU283561-300x200.jpg 300w, https:\/\/marekkuchcinski.pl\/wp-content\/uploads\/2018\/02\/KU283561-768x512.jpg 768w, https:\/\/marekkuchcinski.pl\/wp-content\/uploads\/2018\/02\/KU283561-1024x683.jpg 1024w\" sizes=\"(max-width: 1800px) 100vw, 1800px\" \/> <img loading=\"lazy\" decoding=\"async\" class=\"alignnone size-full wp-image-8428\" src=\"https:\/\/marekkuchcinski.pl\/wp-content\/uploads\/2018\/02\/KU283674.jpg\" alt=\"KU283674\" width=\"1800\" height=\"1200\" srcset=\"https:\/\/marekkuchcinski.pl\/wp-content\/uploads\/2018\/02\/KU283674.jpg 1800w, https:\/\/marekkuchcinski.pl\/wp-content\/uploads\/2018\/02\/KU283674-300x200.jpg 300w, https:\/\/marekkuchcinski.pl\/wp-content\/uploads\/2018\/02\/KU283674-768x512.jpg 768w, https:\/\/marekkuchcinski.pl\/wp-content\/uploads\/2018\/02\/KU283674-1024x683.jpg 1024w\" sizes=\"(max-width: 1800px) 100vw, 1800px\" \/> <img loading=\"lazy\" decoding=\"async\" class=\"alignnone size-full wp-image-8429\" src=\"https:\/\/marekkuchcinski.pl\/wp-content\/uploads\/2018\/02\/KU283947.jpg\" alt=\"KU283947\" width=\"1800\" height=\"1200\" srcset=\"https:\/\/marekkuchcinski.pl\/wp-content\/uploads\/2018\/02\/KU283947.jpg 1800w, https:\/\/marekkuchcinski.pl\/wp-content\/uploads\/2018\/02\/KU283947-300x200.jpg 300w, https:\/\/marekkuchcinski.pl\/wp-content\/uploads\/2018\/02\/KU283947-768x512.jpg 768w, https:\/\/marekkuchcinski.pl\/wp-content\/uploads\/2018\/02\/KU283947-1024x683.jpg 1024w\" sizes=\"(max-width: 1800px) 100vw, 1800px\" \/> <img loading=\"lazy\" decoding=\"async\" class=\"alignnone size-full wp-image-8430\" src=\"https:\/\/marekkuchcinski.pl\/wp-content\/uploads\/2018\/02\/KU284024.jpg\" alt=\"KU284024\" width=\"1800\" height=\"1200\" srcset=\"https:\/\/marekkuchcinski.pl\/wp-content\/uploads\/2018\/02\/KU284024.jpg 1800w, https:\/\/marekkuchcinski.pl\/wp-content\/uploads\/2018\/02\/KU284024-300x200.jpg 300w, https:\/\/marekkuchcinski.pl\/wp-content\/uploads\/2018\/02\/KU284024-768x512.jpg 768w, https:\/\/marekkuchcinski.pl\/wp-content\/uploads\/2018\/02\/KU284024-1024x683.jpg 1024w\" sizes=\"(max-width: 1800px) 100vw, 1800px\" \/> <img loading=\"lazy\" decoding=\"async\" class=\"alignnone size-full wp-image-8431\" src=\"https:\/\/marekkuchcinski.pl\/wp-content\/uploads\/2018\/02\/KU284034.jpg\" alt=\"KU284034\" width=\"1800\" height=\"1200\" srcset=\"https:\/\/marekkuchcinski.pl\/wp-content\/uploads\/2018\/02\/KU284034.jpg 1800w, https:\/\/marekkuchcinski.pl\/wp-content\/uploads\/2018\/02\/KU284034-300x200.jpg 300w, https:\/\/marekkuchcinski.pl\/wp-content\/uploads\/2018\/02\/KU284034-768x512.jpg 768w, https:\/\/marekkuchcinski.pl\/wp-content\/uploads\/2018\/02\/KU284034-1024x683.jpg 1024w\" sizes=\"(max-width: 1800px) 100vw, 1800px\" \/> <img loading=\"lazy\" decoding=\"async\" class=\"alignnone size-full wp-image-8432\" src=\"https:\/\/marekkuchcinski.pl\/wp-content\/uploads\/2018\/02\/KU284072.jpg\" alt=\"KU284072\" width=\"1200\" height=\"1800\" srcset=\"https:\/\/marekkuchcinski.pl\/wp-content\/uploads\/2018\/02\/KU284072.jpg 1200w, https:\/\/marekkuchcinski.pl\/wp-content\/uploads\/2018\/02\/KU284072-200x300.jpg 200w, https:\/\/marekkuchcinski.pl\/wp-content\/uploads\/2018\/02\/KU284072-768x1152.jpg 768w, https:\/\/marekkuchcinski.pl\/wp-content\/uploads\/2018\/02\/KU284072-683x1024.jpg 683w\" sizes=\"(max-width: 1200px) 100vw, 1200px\" \/><\/p>","protected":false},"excerpt":{"rendered":"<p>\u2013 Dla nas polityk\u00f3w wielopokoleniowe podej\u015bcie polega na wyci\u0105ganiu jak najw\u0142a\u015bciwszych wniosk\u00f3w z dobrze poznanej przesz\u0142o\u015bci, by w oparciu o nie budowa\u0107 dobr\u0105 przysz\u0142o\u015b\u0107 \u2013 m\u00f3wi\u0142 marsza\u0142ek Sejmu Marek Kuchci\u0144ski w Berlinie podczas spotkania z szefem Bundestagu. Marsza\u0142ek Sejmu podkre\u015bli\u0142, \u017ce w Berlinie jest na zaproszenie przewodnicz\u0105cego Bundestagu, a jego wizyta zwi\u0105zana jest z tym, [&hellip;]<\/p>\n","protected":false},"author":6,"featured_media":8426,"comment_status":"open","ping_status":"open","sticky":false,"template":"","format":"standard","meta":{"ngg_post_thumbnail":0,"footnotes":""},"categories":[50,3],"tags":[],"class_list":["post-8424","post","type-post","status-publish","format-standard","has-post-thumbnail","hentry","category-wspolpraca-miedzynarodowa","category-wydarzenia"],"_links":{"self":[{"href":"https:\/\/marekkuchcinski.pl\/cs\/wp-json\/wp\/v2\/posts\/8424","targetHints":{"allow":["GET"]}}],"collection":[{"href":"https:\/\/marekkuchcinski.pl\/cs\/wp-json\/wp\/v2\/posts"}],"about":[{"href":"https:\/\/marekkuchcinski.pl\/cs\/wp-json\/wp\/v2\/types\/post"}],"author":[{"embeddable":true,"href":"https:\/\/marekkuchcinski.pl\/cs\/wp-json\/wp\/v2\/users\/6"}],"replies":[{"embeddable":true,"href":"https:\/\/marekkuchcinski.pl\/cs\/wp-json\/wp\/v2\/comments?post=8424"}],"version-history":[{"count":3,"href":"https:\/\/marekkuchcinski.pl\/cs\/wp-json\/wp\/v2\/posts\/8424\/revisions"}],"predecessor-version":[{"id":8438,"href":"https:\/\/marekkuchcinski.pl\/cs\/wp-json\/wp\/v2\/posts\/8424\/revisions\/8438"}],"wp:featuredmedia":[{"embeddable":true,"href":"https:\/\/marekkuchcinski.pl\/cs\/wp-json\/wp\/v2\/media\/8426"}],"wp:attachment":[{"href":"https:\/\/marekkuchcinski.pl\/cs\/wp-json\/wp\/v2\/media?parent=8424"}],"wp:term":[{"taxonomy":"category","embeddable":true,"href":"https:\/\/marekkuchcinski.pl\/cs\/wp-json\/wp\/v2\/categories?post=8424"},{"taxonomy":"post_tag","embeddable":true,"href":"https:\/\/marekkuchcinski.pl\/cs\/wp-json\/wp\/v2\/tags?post=8424"}],"curies":[{"name":"wp","href":"https:\/\/api.w.org\/{rel}","templated":true}]}}