{"id":8302,"date":"2018-01-13T22:00:30","date_gmt":"2018-01-13T21:00:30","guid":{"rendered":"https:\/\/marekkuchcinski.pl\/?p=8302"},"modified":"2018-01-13T22:00:30","modified_gmt":"2018-01-13T21:00:30","slug":"marszalek-sejmu-ideologie-xx-xxi-wieku-wciaz-wzywaja-nas-dawania-swiadectwa-wiary-boga-szacunku-czlowieka-odwagi-wiernosci-dzielu-naszych-przodkow","status":"publish","type":"post","link":"https:\/\/marekkuchcinski.pl\/cs\/wydarzenia\/marszalek-sejmu-ideologie-xx-xxi-wieku-wciaz-wzywaja-nas-dawania-swiadectwa-wiary-boga-szacunku-czlowieka-odwagi-wiernosci-dzielu-naszych-przodkow\/","title":{"rendered":"P\u0159edseda Sejmu: Ideologie 20. a 21. stolet\u00ed n\u00e1s st\u00e1le vyz\u00fdvaj\u00ed ke sv\u011bdectv\u00ed: v\u00edra v Boha, \u00facta k \u010dlov\u011bku, odvaha a v\u011brnost d\u00edlu na\u0161ich p\u0159edk\u016f."},"content":{"rendered":"<p>U p\u0159\u00edle\u017eitosti st\u00e9ho v\u00fdro\u010d\u00ed narozen\u00ed arcibiskupa Ign\u00e1ce Tokarczuka se konala konference v\u011bnovan\u00e1 tomuto velk\u00e9mu duchovn\u00edmu.<\/p>\n<p>Arcibiskup Tokarczuk je po\u010d\u00edt\u00e1n mezi nejv\u011bt\u0161\u00ed hierarchy c\u00edrkve, srovn\u00e1v\u00e1n s Karolem Wojtylou nebo Stefanem Wyszy\u0144sk\u00fdm. K\u00e1z\u00e1n\u00ed p\u0159emy\u0161lsk\u00e9ho biskupa odr\u00e1\u017eela n\u00e1ladu a ud\u00e1losti t\u00e9 doby. Byl to kn\u011bz, kter\u00fd neuzn\u00e1val komunistickou ideologii a komunismus a kompromis pro n\u011bj byly vz\u00e1jemn\u011b se vylu\u010duj\u00edc\u00ed pojmy. Osud opozice mu byl natolik bl\u00edzk\u00fd, \u017ee riskoval vlastn\u00ed \u017eivot.<\/p>\n<p>V den n\u00e1stupu zd\u016fraznil, \u017ee navzdory 25 let\u016fm nenorm\u00e1ln\u00ed doby,<br \/>\n25 let r\u016fzn\u00fdch forem \u00fatok\u016f na n\u00e1bo\u017eenstv\u00ed, na Boha, na pravdy v\u00edry.<br \/>\nlid\u00e9 navzdory v\u0161emu vytrvaj\u00ed (...). Mluvil o tom, \u017ee kn\u011bz je dnes s\u00e1m, je o\u010der\u0148ov\u00e1n, n\u011bkdy je popliv\u00e1n, pomlouv\u00e1n, nem\u016f\u017ee se br\u00e1nit.<\/p>\n<p>Tokarczuk byl obvin\u011bn z podn\u011bcov\u00e1n\u00ed ve\u0159ejnosti proti \u00fa\u0159ad\u016fm, co\u017e se rovnalo odsouzen\u00ed socialistick\u00e9ho syst\u00e9mu. Nepodn\u011bcoval. Hlasit\u011b hovo\u0159il o lidsk\u00e9m pr\u00e1vu na d\u016fstojn\u00fd \u017eivot, na chl\u00e9b, na boj za vlastn\u00ed, za pravdu.....<\/p>\n<p>V Podkarpatsk\u00e9 Rusi inicioval kampa\u0148 \"Od vesnice k m\u011bstu, od m\u011bsta k vesnici\". Jej\u00edm c\u00edlem byla p\u0159edev\u0161\u00edm pomoc rodin\u00e1m internovan\u00fdch; sb\u00edrka potravin, \u0161atstva...<\/p>\n<p>Ignacy Tokarczuk umo\u017enil uspo\u0159\u00e1dat Dny k\u0159es\u0165ansk\u00e9 kultury, b\u011bhem nich\u017e po \u010dty\u0159i roky um\u011blci z nez\u00e1visl\u00fdch kruh\u016f p\u0159edstavovali r\u016fzn\u00e9 formy na pomez\u00ed sakr\u00e1ln\u00edho a prof\u00e1nn\u00edho. Jedn\u00edm ze spoluorganiz\u00e1tor\u016f Dn\u016f k\u0159es\u0165ansk\u00e9 kultury byl sou\u010dasn\u00fd p\u0159edseda Sejmu Marek Kuchci\u0144ski, kter\u00fd nad dne\u0161n\u00ed akc\u00ed p\u0159evzal z\u00e1\u0161titu.<\/p>\n<p>Kuchci\u0144ski ve sv\u00e9m projevu p\u0159ipomn\u011bl, \u017ee Sejm Polsk\u00e9 republiky jednomysln\u011b p\u0159ijal rezoluci o vyhl\u00e1\u0161en\u00ed roku 2018 Rokem arcibiskupa Ignace Tokarczuka (origin\u00e1l rezoluce p\u0159edal \u0159editeli Muzea zem\u011b Przemysl Janu Jaroszovi).<\/p>\n<p>Mluv\u010d\u00ed hovo\u0159il o jeho hrdinsk\u00e9m postoji, o tom, jak byl v t\u011b\u017ek\u00fdch osmdes\u00e1t\u00fdch letech pro mnoh\u00e9 maj\u00e1kem. Sv\u00fdm postojem dal d\u016fkaz, \u017ee je mo\u017en\u00e9, a dokonce nutn\u00e9 vzdorovat tyranii. Jak zd\u016fraznil, Tokarczuk vyzdvihl v\u00fdznam spole\u010denstv\u00ed, kter\u00fdm je rodina, ale tak\u00e9 rodina rodin - n\u00e1rod. - Pol\u00e1k a z\u00e1rove\u0148 Kresovec - v tom nejlep\u0161\u00edm slova smyslu: hrd\u00fd na p\u0159\u00edslu\u0161nost k polsk\u00e9 kultu\u0159e a n\u00e1rodu a z\u00e1rove\u0148 pln\u011b tolerantn\u00ed a otev\u0159en\u00fd v\u016f\u010di jin\u00fdm n\u00e1rod\u016fm a n\u00e1bo\u017eenstv\u00edm. Ideologie 20. a 21. stolet\u00ed n\u00e1s st\u00e1le vyz\u00fdvaj\u00ed ke sv\u011bdectv\u00ed: v\u00edra v Boha, \u00facta k \u010dlov\u011bku, odvaha a v\u011brnost d\u00edlu na\u0161ich p\u0159edk\u016f. Stejn\u011b jako to ud\u011blal arcibiskup Ignacy Tokarczuk,\" \u0159ekl p\u0159edseda Sejmu.<\/p>\n<p>Konference se konala v N\u00e1rodn\u00edm muzeu P\u0159emy\u0161lska v P\u0159emy\u0161lu. Konferenci po\u0159\u00e1dalo Kulturn\u00ed centrum<br \/>\nv Przemy\u015blu ve spolupr\u00e1ci s N\u00e1rodn\u00edm muzeem Przemy\u0161lsk\u00e9ho kraje a Rzeszowskou pobo\u010dkou Institutu n\u00e1rodn\u00ed pam\u011bti.<\/p>\n<p>Na konferenci se se\u0161la skupina v\u00fdznamn\u00fdch historik\u016f a intelektu\u00e1l\u016f. Jeho jedn\u00e1n\u00ed moderoval p\u00e1ter J\u00f3zef Wo\u0142cza\u0144ski. \u0158ekl, \u017ee p\u0159i vzpom\u00ednce na arcibiskupa Tokarczuka se nen\u00ed t\u0159eba b\u00e1t patosu, proto\u017ee pr\u00e1v\u011b jeho osob\u011b, dnes ne zcela pochopen\u00e9 a nepr\u00e1vem exponovan\u00e9, je t\u0159eba vzd\u00e1t hold.<\/p>\n<p>Ka\u017ed\u00fd \u0159e\u010dn\u00edk p\u0159edstavil jin\u00fd aspekt \u017eivota arcibiskupa Tokarczuka. Prof. Jan \u017baryn popsal jeho \u00fakol v pr\u00e1ci Gener\u00e1ln\u00ed rady Polsk\u00e9 biskupsk\u00e9 konference, kde Tokarczuk\u016fv neochv\u011bjn\u00fd postoj v\u016f\u010di komunistick\u00e9 moci i politice Svat\u00e9ho stolce v\u016f\u010di n\u00ed umo\u017enil kardin\u00e1l\u016fm Stefanu Wyszy\u0144sk\u00e9mu a Karolu Wojtylovi zachovat suverenitu polsk\u00e9 katolick\u00e9 c\u00edrkve.<\/p>\n<p>Prof. Bohdan Cywi\u0144ski, aby bylo jasn\u00e9, \u017ee nemluv\u00ed jako historik, ale sp\u00ed\u0161e jako sv\u011bdek, jeden z opozi\u010dn\u00edk\u016f, kter\u00fd m\u011bl to \u0161t\u011bst\u00ed setkat se s arcibiskupem Tokarczukem, vydal sv\u011bdectv\u00ed o sv\u00fdch dlouholet\u00fdch kontaktech.<br \/>\ns Tokarczukem. Z\u00e1rove\u0148 uk\u00e1zal, jak d\u016fle\u017eit\u00e9 byly pro formov\u00e1n\u00ed \u00e9tosu opozi\u010dn\u00edk\u016f (rovn\u011b\u017e \u010dlen\u016f KOR), st\u00e1le je\u0161t\u011b mlad\u00fdch lid\u00ed, mor\u00e1ln\u00ed pou\u010den\u00ed o soci\u00e1ln\u00edch ot\u00e1zk\u00e1ch, stejn\u011b jako laskavost a materi\u00e1ln\u00ed podpora, kterou mnoh\u00fdm z nich poskytl arcibiskup Tokarczuk.<\/p>\n<p>Prof. Dominik Zamiata\u0142a v prezentaci nazvan\u00e9 \"Kruh st\u00edn\u016f kolem \u0159\u00e1dov\u00e9ho biskupa z Przemy\u0161lu\" popsal mechanismy, kter\u00fdmi bezpe\u010dnostn\u00ed apar\u00e1t zpracov\u00e1val a potla\u010doval tohoto \"nebezpe\u010dn\u00e9ho nep\u0159\u00edtele Polsk\u00e9 lidov\u00e9 republiky\". \u017d\u00e1dn\u00e1 forma represe se v\u0161ak neuk\u00e1zala jako \u00fa\u010dinn\u00e1. Arcibiskup m\u011bl podporu spole\u010dnosti, tak\u017ee tehdej\u0161\u00ed \u00fa\u0159ady, navzdory pou\u017eit\u00ed r\u016fzn\u00fdch forem represe, pokus\u016f o o\u010der\u0148ov\u00e1n\u00ed, obvi\u0148ov\u00e1n\u00ed, z\u016fstaly bezmocn\u00e9.<\/p>\n<p>Konferenci zakon\u010dila p\u0159edn\u00e1\u0161ka P. Wolczansk\u00e9ho o \"Den\u00edc\u00edch\" arcibiskupa Tokarczuka. Prof. Wolczanski zd\u016fraznil j\u00edmavou prostotu jejich psan\u00ed a pojmenoval hlavn\u00ed proudy v nich obsa\u017een\u00e9, uk\u00e1zal duchovn\u00ed siluetu a bohatstv\u00ed dosud nezn\u00e1m\u00fdch \u00favah a obsah\u016f shrom\u00e1\u017ed\u011bn\u00fdch ve 120 svazc\u00edch - z\u00e1pisn\u00edc\u00edch, kter\u00e9 arcibiskup psal od roku 1975.<\/p>\n<p><a href=\"https:\/\/marekkuchcinski.pl\/wp-content\/uploads\/2018\/01\/26829727_1815863375153348_1163890768_o.jpg\"><img fetchpriority=\"high\" decoding=\"async\" class=\"alignnone size-full wp-image-8303\" src=\"https:\/\/marekkuchcinski.pl\/wp-content\/uploads\/2018\/01\/26829727_1815863375153348_1163890768_o.jpg\" alt=\"26829727_1815863375153348_1163890768_o\" width=\"4096\" height=\"2730\" srcset=\"https:\/\/marekkuchcinski.pl\/wp-content\/uploads\/2018\/01\/26829727_1815863375153348_1163890768_o.jpg 2048w, https:\/\/marekkuchcinski.pl\/wp-content\/uploads\/2018\/01\/26829727_1815863375153348_1163890768_o-300x200.jpg 300w, https:\/\/marekkuchcinski.pl\/wp-content\/uploads\/2018\/01\/26829727_1815863375153348_1163890768_o-768x512.jpg 768w, https:\/\/marekkuchcinski.pl\/wp-content\/uploads\/2018\/01\/26829727_1815863375153348_1163890768_o-1024x683.jpg 1024w\" sizes=\"(max-width: 4096px) 100vw, 4096px\" \/><\/a> <a href=\"https:\/\/marekkuchcinski.pl\/wp-content\/uploads\/2018\/01\/26830044_1815875141818838_1557148245_o.jpg\"><img decoding=\"async\" class=\"alignnone size-full wp-image-8304\" src=\"https:\/\/marekkuchcinski.pl\/wp-content\/uploads\/2018\/01\/26830044_1815875141818838_1557148245_o.jpg\" alt=\"26830044_1815875141818838_1557148245_o\" width=\"3139\" height=\"3144\" srcset=\"https:\/\/marekkuchcinski.pl\/wp-content\/uploads\/2018\/01\/26830044_1815875141818838_1557148245_o.jpg 2045w, https:\/\/marekkuchcinski.pl\/wp-content\/uploads\/2018\/01\/26830044_1815875141818838_1557148245_o-150x150.jpg 150w, https:\/\/marekkuchcinski.pl\/wp-content\/uploads\/2018\/01\/26830044_1815875141818838_1557148245_o-300x300.jpg 300w, https:\/\/marekkuchcinski.pl\/wp-content\/uploads\/2018\/01\/26830044_1815875141818838_1557148245_o-768x769.jpg 768w, https:\/\/marekkuchcinski.pl\/wp-content\/uploads\/2018\/01\/26830044_1815875141818838_1557148245_o-1022x1024.jpg 1022w\" sizes=\"(max-width: 3139px) 100vw, 3139px\" \/><\/a> <a href=\"https:\/\/marekkuchcinski.pl\/wp-content\/uploads\/2018\/01\/26853231_1815863028486716_129544803_o.jpg\"><img decoding=\"async\" class=\"alignnone size-full wp-image-8306\" src=\"https:\/\/marekkuchcinski.pl\/wp-content\/uploads\/2018\/01\/26853231_1815863028486716_129544803_o.jpg\" alt=\"26853231_1815863028486716_129544803_o\" width=\"4096\" height=\"2738\" srcset=\"https:\/\/marekkuchcinski.pl\/wp-content\/uploads\/2018\/01\/26853231_1815863028486716_129544803_o.jpg 2048w, https:\/\/marekkuchcinski.pl\/wp-content\/uploads\/2018\/01\/26853231_1815863028486716_129544803_o-300x201.jpg 300w, https:\/\/marekkuchcinski.pl\/wp-content\/uploads\/2018\/01\/26853231_1815863028486716_129544803_o-768x513.jpg 768w, https:\/\/marekkuchcinski.pl\/wp-content\/uploads\/2018\/01\/26853231_1815863028486716_129544803_o-1024x685.jpg 1024w\" sizes=\"(max-width: 4096px) 100vw, 4096px\" \/><\/a> <a href=\"https:\/\/marekkuchcinski.pl\/wp-content\/uploads\/2018\/01\/26853440_1815888381817514_1975065154_o.jpg\"><img loading=\"lazy\" decoding=\"async\" class=\"alignnone size-full wp-image-8307\" src=\"https:\/\/marekkuchcinski.pl\/wp-content\/uploads\/2018\/01\/26853440_1815888381817514_1975065154_o.jpg\" alt=\"26853440_1815888381817514_1975065154_o\" width=\"4096\" height=\"2730\" srcset=\"https:\/\/marekkuchcinski.pl\/wp-content\/uploads\/2018\/01\/26853440_1815888381817514_1975065154_o.jpg 2048w, https:\/\/marekkuchcinski.pl\/wp-content\/uploads\/2018\/01\/26853440_1815888381817514_1975065154_o-300x200.jpg 300w, https:\/\/marekkuchcinski.pl\/wp-content\/uploads\/2018\/01\/26853440_1815888381817514_1975065154_o-768x512.jpg 768w, https:\/\/marekkuchcinski.pl\/wp-content\/uploads\/2018\/01\/26853440_1815888381817514_1975065154_o-1024x683.jpg 1024w\" sizes=\"(max-width: 4096px) 100vw, 4096px\" \/><\/a> <a href=\"https:\/\/marekkuchcinski.pl\/wp-content\/uploads\/2018\/01\/26853678_1815872358485783_1435038556_o.jpg\"><img loading=\"lazy\" decoding=\"async\" class=\"alignnone size-full wp-image-8308\" src=\"https:\/\/marekkuchcinski.pl\/wp-content\/uploads\/2018\/01\/26853678_1815872358485783_1435038556_o.jpg\" alt=\"26853678_1815872358485783_1435038556_o\" width=\"4096\" height=\"2730\" srcset=\"https:\/\/marekkuchcinski.pl\/wp-content\/uploads\/2018\/01\/26853678_1815872358485783_1435038556_o.jpg 2048w, https:\/\/marekkuchcinski.pl\/wp-content\/uploads\/2018\/01\/26853678_1815872358485783_1435038556_o-300x200.jpg 300w, https:\/\/marekkuchcinski.pl\/wp-content\/uploads\/2018\/01\/26853678_1815872358485783_1435038556_o-768x512.jpg 768w, https:\/\/marekkuchcinski.pl\/wp-content\/uploads\/2018\/01\/26853678_1815872358485783_1435038556_o-1024x683.jpg 1024w\" sizes=\"(max-width: 4096px) 100vw, 4096px\" \/><\/a> <a href=\"https:\/\/marekkuchcinski.pl\/wp-content\/uploads\/2018\/01\/26854247_1815979058475113_1579385796_o.jpg\"><img loading=\"lazy\" decoding=\"async\" class=\"alignnone size-full wp-image-8309\" src=\"https:\/\/marekkuchcinski.pl\/wp-content\/uploads\/2018\/01\/26854247_1815979058475113_1579385796_o.jpg\" alt=\"26854247_1815979058475113_1579385796_o\" width=\"2362\" height=\"3543\" srcset=\"https:\/\/marekkuchcinski.pl\/wp-content\/uploads\/2018\/01\/26854247_1815979058475113_1579385796_o.jpg 1365w, https:\/\/marekkuchcinski.pl\/wp-content\/uploads\/2018\/01\/26854247_1815979058475113_1579385796_o-200x300.jpg 200w, https:\/\/marekkuchcinski.pl\/wp-content\/uploads\/2018\/01\/26854247_1815979058475113_1579385796_o-768x1152.jpg 768w, https:\/\/marekkuchcinski.pl\/wp-content\/uploads\/2018\/01\/26854247_1815979058475113_1579385796_o-683x1024.jpg 683w\" sizes=\"(max-width: 2362px) 100vw, 2362px\" \/><\/a> <a href=\"https:\/\/marekkuchcinski.pl\/wp-content\/uploads\/2018\/01\/26854313_1815863648486654_1100246926_o.jpg\"><img loading=\"lazy\" decoding=\"async\" class=\"alignnone size-full wp-image-8310\" src=\"https:\/\/marekkuchcinski.pl\/wp-content\/uploads\/2018\/01\/26854313_1815863648486654_1100246926_o.jpg\" alt=\"26854313_1815863648486654_1100246926_o\" width=\"4096\" height=\"2824\" srcset=\"https:\/\/marekkuchcinski.pl\/wp-content\/uploads\/2018\/01\/26854313_1815863648486654_1100246926_o.jpg 2048w, https:\/\/marekkuchcinski.pl\/wp-content\/uploads\/2018\/01\/26854313_1815863648486654_1100246926_o-300x207.jpg 300w, https:\/\/marekkuchcinski.pl\/wp-content\/uploads\/2018\/01\/26854313_1815863648486654_1100246926_o-768x530.jpg 768w, https:\/\/marekkuchcinski.pl\/wp-content\/uploads\/2018\/01\/26854313_1815863648486654_1100246926_o-1024x706.jpg 1024w\" sizes=\"(max-width: 4096px) 100vw, 4096px\" \/><\/a> <a href=\"https:\/\/marekkuchcinski.pl\/wp-content\/uploads\/2018\/01\/26854377_1815863065153379_452856836_o.jpg\"><img loading=\"lazy\" decoding=\"async\" class=\"alignnone size-full wp-image-8311\" src=\"https:\/\/marekkuchcinski.pl\/wp-content\/uploads\/2018\/01\/26854377_1815863065153379_452856836_o.jpg\" alt=\"26854377_1815863065153379_452856836_o\" width=\"2730\" height=\"4096\" srcset=\"https:\/\/marekkuchcinski.pl\/wp-content\/uploads\/2018\/01\/26854377_1815863065153379_452856836_o.jpg 1365w, https:\/\/marekkuchcinski.pl\/wp-content\/uploads\/2018\/01\/26854377_1815863065153379_452856836_o-200x300.jpg 200w, https:\/\/marekkuchcinski.pl\/wp-content\/uploads\/2018\/01\/26854377_1815863065153379_452856836_o-768x1152.jpg 768w, https:\/\/marekkuchcinski.pl\/wp-content\/uploads\/2018\/01\/26854377_1815863065153379_452856836_o-683x1024.jpg 683w\" sizes=\"(max-width: 2730px) 100vw, 2730px\" \/><\/a> <a href=\"https:\/\/marekkuchcinski.pl\/wp-content\/uploads\/2018\/01\/26854448_1815862985153387_1047797768_o.jpg\"><img loading=\"lazy\" decoding=\"async\" class=\"alignnone size-full wp-image-8312\" src=\"https:\/\/marekkuchcinski.pl\/wp-content\/uploads\/2018\/01\/26854448_1815862985153387_1047797768_o.jpg\" alt=\"26854448_1815862985153387_1047797768_o\" width=\"4096\" height=\"2730\" srcset=\"https:\/\/marekkuchcinski.pl\/wp-content\/uploads\/2018\/01\/26854448_1815862985153387_1047797768_o.jpg 2048w, https:\/\/marekkuchcinski.pl\/wp-content\/uploads\/2018\/01\/26854448_1815862985153387_1047797768_o-300x200.jpg 300w, https:\/\/marekkuchcinski.pl\/wp-content\/uploads\/2018\/01\/26854448_1815862985153387_1047797768_o-768x512.jpg 768w, https:\/\/marekkuchcinski.pl\/wp-content\/uploads\/2018\/01\/26854448_1815862985153387_1047797768_o-1024x683.jpg 1024w\" sizes=\"(max-width: 4096px) 100vw, 4096px\" \/><\/a> <a href=\"https:\/\/marekkuchcinski.pl\/wp-content\/uploads\/2018\/01\/26854547_1815862878486731_1114744997_o.jpg\"><img loading=\"lazy\" decoding=\"async\" class=\"alignnone size-full wp-image-8313\" src=\"https:\/\/marekkuchcinski.pl\/wp-content\/uploads\/2018\/01\/26854547_1815862878486731_1114744997_o.jpg\" alt=\"26854547_1815862878486731_1114744997_o\" width=\"4096\" height=\"2732\" srcset=\"https:\/\/marekkuchcinski.pl\/wp-content\/uploads\/2018\/01\/26854547_1815862878486731_1114744997_o.jpg 2048w, https:\/\/marekkuchcinski.pl\/wp-content\/uploads\/2018\/01\/26854547_1815862878486731_1114744997_o-300x200.jpg 300w, https:\/\/marekkuchcinski.pl\/wp-content\/uploads\/2018\/01\/26854547_1815862878486731_1114744997_o-768x512.jpg 768w, https:\/\/marekkuchcinski.pl\/wp-content\/uploads\/2018\/01\/26854547_1815862878486731_1114744997_o-1024x683.jpg 1024w\" sizes=\"(max-width: 4096px) 100vw, 4096px\" \/><\/a> <a href=\"https:\/\/marekkuchcinski.pl\/wp-content\/uploads\/2018\/01\/26908968_1815870918485927_95564930_o.jpg\"><img loading=\"lazy\" decoding=\"async\" class=\"alignnone size-full wp-image-8314\" src=\"https:\/\/marekkuchcinski.pl\/wp-content\/uploads\/2018\/01\/26908968_1815870918485927_95564930_o.jpg\" alt=\"26908968_1815870918485927_95564930_o\" width=\"4096\" height=\"2500\" srcset=\"https:\/\/marekkuchcinski.pl\/wp-content\/uploads\/2018\/01\/26908968_1815870918485927_95564930_o.jpg 2048w, https:\/\/marekkuchcinski.pl\/wp-content\/uploads\/2018\/01\/26908968_1815870918485927_95564930_o-300x183.jpg 300w, https:\/\/marekkuchcinski.pl\/wp-content\/uploads\/2018\/01\/26908968_1815870918485927_95564930_o-768x469.jpg 768w, https:\/\/marekkuchcinski.pl\/wp-content\/uploads\/2018\/01\/26908968_1815870918485927_95564930_o-1024x625.jpg 1024w\" sizes=\"(max-width: 4096px) 100vw, 4096px\" \/><\/a><\/p>\n<p>&nbsp;<\/p>\n<p>&nbsp;<\/p>\n<p>&nbsp;<\/p>","protected":false},"excerpt":{"rendered":"<p>Z okazji setnej rocznicy urodzin abp. Ignacego Tokarczuka odby\u0142a si\u0119 konferencja po\u015bwi\u0119cona temu wielkiemu duchownemu. Abp Tokarczuk zaliczany\u00a0jest do grona najwi\u0119kszych hierarch\u00f3w Ko\u015bcio\u0142a, przyr\u00f3wnywany do Karola Wojty\u0142y czy Stefana Wyszy\u0144skiego. W kazaniach przemyskiego biskupa znajdowa\u0142y odbicie \u00f3wczesne nastroje i wydarzenia. By\u0142 kap\u0142anem, kt\u00f3ry nie akceptowa\u0142 peerelowskiej ideologii, a komunizm i kompromis by\u0142y dla niego wzajemnie [&hellip;]<\/p>\n","protected":false},"author":6,"featured_media":8315,"comment_status":"open","ping_status":"open","sticky":false,"template":"","format":"standard","meta":{"ngg_post_thumbnail":0,"footnotes":""},"categories":[49,3],"tags":[],"class_list":["post-8302","post","type-post","status-publish","format-standard","has-post-thumbnail","hentry","category-podkarpacie","category-wydarzenia"],"_links":{"self":[{"href":"https:\/\/marekkuchcinski.pl\/cs\/wp-json\/wp\/v2\/posts\/8302","targetHints":{"allow":["GET"]}}],"collection":[{"href":"https:\/\/marekkuchcinski.pl\/cs\/wp-json\/wp\/v2\/posts"}],"about":[{"href":"https:\/\/marekkuchcinski.pl\/cs\/wp-json\/wp\/v2\/types\/post"}],"author":[{"embeddable":true,"href":"https:\/\/marekkuchcinski.pl\/cs\/wp-json\/wp\/v2\/users\/6"}],"replies":[{"embeddable":true,"href":"https:\/\/marekkuchcinski.pl\/cs\/wp-json\/wp\/v2\/comments?post=8302"}],"version-history":[{"count":1,"href":"https:\/\/marekkuchcinski.pl\/cs\/wp-json\/wp\/v2\/posts\/8302\/revisions"}],"predecessor-version":[{"id":8316,"href":"https:\/\/marekkuchcinski.pl\/cs\/wp-json\/wp\/v2\/posts\/8302\/revisions\/8316"}],"wp:featuredmedia":[{"embeddable":true,"href":"https:\/\/marekkuchcinski.pl\/cs\/wp-json\/wp\/v2\/media\/8315"}],"wp:attachment":[{"href":"https:\/\/marekkuchcinski.pl\/cs\/wp-json\/wp\/v2\/media?parent=8302"}],"wp:term":[{"taxonomy":"category","embeddable":true,"href":"https:\/\/marekkuchcinski.pl\/cs\/wp-json\/wp\/v2\/categories?post=8302"},{"taxonomy":"post_tag","embeddable":true,"href":"https:\/\/marekkuchcinski.pl\/cs\/wp-json\/wp\/v2\/tags?post=8302"}],"curies":[{"name":"wp","href":"https:\/\/api.w.org\/{rel}","templated":true}]}}