{"id":8259,"date":"2018-01-09T23:46:43","date_gmt":"2018-01-09T22:46:43","guid":{"rendered":"https:\/\/marekkuchcinski.pl\/?p=8259"},"modified":"2018-01-10T11:47:57","modified_gmt":"2018-01-10T10:47:57","slug":"prezydent-andrzej-duda-dokonal-zmian-skladzie-rady-ministrow","status":"publish","type":"post","link":"https:\/\/marekkuchcinski.pl\/cs\/wydarzenia\/prezydent-andrzej-duda-dokonal-zmian-skladzie-rady-ministrow\/","title":{"rendered":"Prezident Andrzej Duda provedl zm\u011bny ve slo\u017een\u00ed Rady ministr\u016f"},"content":{"rendered":"<p>Na \u017e\u00e1dost premi\u00e9ra Mateusze Morawieck\u00e9ho jmenoval polsk\u00fd prezident nov\u00e9 \u010dleny Rady ministr\u016f. Na osmi ministerstvech se zm\u011bnilo veden\u00ed, s kancel\u00e1\u0159\u00ed se rozlou\u010dilo p\u011bt ministr\u016f: \u0161\u00e9f resortu obrany Antoni Macierewicz, ministr zahrani\u010d\u00ed Witold Waszczykowski, \u0161\u00e9f resortu \u017eivotn\u00edho prost\u0159ed\u00ed Jan Szyszko, ministr zdravotnictv\u00ed Konstanty Radziwi\u0142\u0142 a ministryn\u011b digitalizace Anna Stre\u017cy\u0144ska.<\/p>\n<p><strong>Jednotliv\u00e1 ministerstva vedou:<\/strong><\/p>\n<p>Ministerstvo financ\u00ed - Teresa Czerwi\u0144ska<\/p>\n<p>Ministerstvo podnik\u00e1n\u00ed a technologi\u00ed - Jadwiga Emilewicz<\/p>\n<p>Ministerstvo investic a rozvoje - Jerzy Kwieci\u0144ski<\/p>\n<p>Ministerstvo zdravotnictv\u00ed - \u0141ukasz Szumowski<\/p>\n<p>Ministerstvo vnitra a spr\u00e1vy - Joachim Brudzi\u0144ski<\/p>\n<p>Ministerstvo zahrani\u010dn\u00edch v\u011bc\u00ed - Jacek Czaputowicz<\/p>\n<p>Ministerstvo \u017eivotn\u00edho prost\u0159ed\u00ed - Henryk Kowalczyk<\/p>\n<p>Ministerstvo obrany - Mariusz Blaszczak<\/p>\n<p>Ministerstvo infrastruktury - Andrzej Adamczyk<\/p>\n<p>Ministerstvo spravedlnosti - Zbigniew Ziobro<\/p>\n<p>Ministerstvo kultury a n\u00e1rodn\u00edho d\u011bdictv\u00ed - Piotr Gli\u0144ski<\/p>\n<p>Ministerstvo v\u011bdy a vysok\u00e9ho \u0161kolstv\u00ed - Jaros\u0142aw Gowin<\/p>\n<p>Ministerstvo \u0161kolstv\u00ed - Anna Zalewska<\/p>\n<p>Ministerstvo energetiky - Krzysztof Tch\u00f3rzewski<\/p>\n<p>Ministerstvo n\u00e1mo\u0159nictv\u00ed a vnitrozemsk\u00e9 plavby - Marek Gr\u00f3barczyk<\/p>\n<p>Ministerstvo rodiny, pr\u00e1ce a soci\u00e1ln\u00ed politiky - El\u017cbieta Rafalska<\/p>\n<p>Ministerstvo zem\u011bd\u011blstv\u00ed a rozvoje venkova - Krzysztof Jurgiel<\/p>\n<p>Ministerstvo sportu a cestovn\u00edho ruchu - Witold Ba\u0144ka<\/p>\n<p><strong>Slo\u017een\u00ed vl\u00e1dy dopl\u0148uj\u00ed:<\/strong><\/p>\n<p>Beata Szyd\u0142o, m\u00edstop\u0159edsedkyn\u011b vl\u00e1dy<\/p>\n<p>Beata Kempa, \u010dlenka Rady ministr\u016f<\/p>\n<p>Henryk Kami\u0144ski, \u010dlen Rady ministr\u016f.<\/p>\n<p><a href=\"https:\/\/marekkuchcinski.pl\/wp-content\/uploads\/2018\/01\/IMG_8535.jpg\"><img fetchpriority=\"high\" decoding=\"async\" class=\"alignnone size-full wp-image-8260\" src=\"https:\/\/marekkuchcinski.pl\/wp-content\/uploads\/2018\/01\/IMG_8535.jpg\" alt=\"IMG_8535\" width=\"4752\" height=\"3168\" srcset=\"https:\/\/marekkuchcinski.pl\/wp-content\/uploads\/2018\/01\/IMG_8535.jpg 2048w, https:\/\/marekkuchcinski.pl\/wp-content\/uploads\/2018\/01\/IMG_8535-300x200.jpg 300w, https:\/\/marekkuchcinski.pl\/wp-content\/uploads\/2018\/01\/IMG_8535-768x512.jpg 768w, https:\/\/marekkuchcinski.pl\/wp-content\/uploads\/2018\/01\/IMG_8535-1024x683.jpg 1024w\" sizes=\"(max-width: 4752px) 100vw, 4752px\" \/><\/a> <a href=\"https:\/\/marekkuchcinski.pl\/wp-content\/uploads\/2018\/01\/IMG_8577.jpg\"><img decoding=\"async\" class=\"alignnone size-full wp-image-8263\" src=\"https:\/\/marekkuchcinski.pl\/wp-content\/uploads\/2018\/01\/IMG_8577.jpg\" alt=\"IMG_8577\" width=\"4752\" height=\"3168\" srcset=\"https:\/\/marekkuchcinski.pl\/wp-content\/uploads\/2018\/01\/IMG_8577.jpg 2048w, https:\/\/marekkuchcinski.pl\/wp-content\/uploads\/2018\/01\/IMG_8577-300x200.jpg 300w, https:\/\/marekkuchcinski.pl\/wp-content\/uploads\/2018\/01\/IMG_8577-768x512.jpg 768w, https:\/\/marekkuchcinski.pl\/wp-content\/uploads\/2018\/01\/IMG_8577-1024x683.jpg 1024w\" sizes=\"(max-width: 4752px) 100vw, 4752px\" \/><\/a> <a href=\"https:\/\/marekkuchcinski.pl\/wp-content\/uploads\/2018\/01\/IMG_8620.jpg\"><img decoding=\"async\" class=\"alignnone size-full wp-image-8266\" src=\"https:\/\/marekkuchcinski.pl\/wp-content\/uploads\/2018\/01\/IMG_8620.jpg\" alt=\"IMG_8620\" width=\"4752\" height=\"3168\" srcset=\"https:\/\/marekkuchcinski.pl\/wp-content\/uploads\/2018\/01\/IMG_8620.jpg 2048w, https:\/\/marekkuchcinski.pl\/wp-content\/uploads\/2018\/01\/IMG_8620-300x200.jpg 300w, https:\/\/marekkuchcinski.pl\/wp-content\/uploads\/2018\/01\/IMG_8620-768x512.jpg 768w, https:\/\/marekkuchcinski.pl\/wp-content\/uploads\/2018\/01\/IMG_8620-1024x683.jpg 1024w\" sizes=\"(max-width: 4752px) 100vw, 4752px\" \/><\/a> <a href=\"https:\/\/marekkuchcinski.pl\/wp-content\/uploads\/2018\/01\/IMG_8644.jpg\"><img loading=\"lazy\" decoding=\"async\" class=\"alignnone size-full wp-image-8267\" src=\"https:\/\/marekkuchcinski.pl\/wp-content\/uploads\/2018\/01\/IMG_8644.jpg\" alt=\"IMG_8644\" width=\"3233\" height=\"2058\" srcset=\"https:\/\/marekkuchcinski.pl\/wp-content\/uploads\/2018\/01\/IMG_8644.jpg 2048w, https:\/\/marekkuchcinski.pl\/wp-content\/uploads\/2018\/01\/IMG_8644-300x191.jpg 300w, https:\/\/marekkuchcinski.pl\/wp-content\/uploads\/2018\/01\/IMG_8644-768x489.jpg 768w, https:\/\/marekkuchcinski.pl\/wp-content\/uploads\/2018\/01\/IMG_8644-1024x652.jpg 1024w\" sizes=\"(max-width: 3233px) 100vw, 3233px\" \/><\/a> <a href=\"https:\/\/marekkuchcinski.pl\/wp-content\/uploads\/2018\/01\/KU271633.jpg\"><img loading=\"lazy\" decoding=\"async\" class=\"alignnone size-full wp-image-8268\" src=\"https:\/\/marekkuchcinski.pl\/wp-content\/uploads\/2018\/01\/KU271633.jpg\" alt=\"KU271633\" width=\"2736\" height=\"1824\" srcset=\"https:\/\/marekkuchcinski.pl\/wp-content\/uploads\/2018\/01\/KU271633.jpg 2048w, https:\/\/marekkuchcinski.pl\/wp-content\/uploads\/2018\/01\/KU271633-300x200.jpg 300w, https:\/\/marekkuchcinski.pl\/wp-content\/uploads\/2018\/01\/KU271633-768x512.jpg 768w, https:\/\/marekkuchcinski.pl\/wp-content\/uploads\/2018\/01\/KU271633-1024x683.jpg 1024w\" sizes=\"(max-width: 2736px) 100vw, 2736px\" \/><\/a> <a href=\"https:\/\/marekkuchcinski.pl\/wp-content\/uploads\/2018\/01\/KU271806.jpg\"><img loading=\"lazy\" decoding=\"async\" class=\"alignnone size-full wp-image-8270\" src=\"https:\/\/marekkuchcinski.pl\/wp-content\/uploads\/2018\/01\/KU271806.jpg\" alt=\"KU271806\" width=\"2736\" height=\"1824\" srcset=\"https:\/\/marekkuchcinski.pl\/wp-content\/uploads\/2018\/01\/KU271806.jpg 2048w, https:\/\/marekkuchcinski.pl\/wp-content\/uploads\/2018\/01\/KU271806-300x200.jpg 300w, https:\/\/marekkuchcinski.pl\/wp-content\/uploads\/2018\/01\/KU271806-768x512.jpg 768w, https:\/\/marekkuchcinski.pl\/wp-content\/uploads\/2018\/01\/KU271806-1024x683.jpg 1024w\" sizes=\"(max-width: 2736px) 100vw, 2736px\" \/><\/a> <a href=\"https:\/\/marekkuchcinski.pl\/wp-content\/uploads\/2018\/01\/KU272787.jpg\"><img loading=\"lazy\" decoding=\"async\" class=\"alignnone size-full wp-image-8273\" src=\"https:\/\/marekkuchcinski.pl\/wp-content\/uploads\/2018\/01\/KU272787.jpg\" alt=\"KU272787\" width=\"2736\" height=\"1824\" srcset=\"https:\/\/marekkuchcinski.pl\/wp-content\/uploads\/2018\/01\/KU272787.jpg 2048w, https:\/\/marekkuchcinski.pl\/wp-content\/uploads\/2018\/01\/KU272787-300x200.jpg 300w, https:\/\/marekkuchcinski.pl\/wp-content\/uploads\/2018\/01\/KU272787-768x512.jpg 768w, https:\/\/marekkuchcinski.pl\/wp-content\/uploads\/2018\/01\/KU272787-1024x683.jpg 1024w\" sizes=\"(max-width: 2736px) 100vw, 2736px\" \/><\/a> <a href=\"https:\/\/marekkuchcinski.pl\/wp-content\/uploads\/2018\/01\/KU272820.jpg\"><img loading=\"lazy\" decoding=\"async\" class=\"alignnone size-full wp-image-8274\" src=\"https:\/\/marekkuchcinski.pl\/wp-content\/uploads\/2018\/01\/KU272820.jpg\" alt=\"KU272820\" width=\"2736\" height=\"1824\" srcset=\"https:\/\/marekkuchcinski.pl\/wp-content\/uploads\/2018\/01\/KU272820.jpg 2048w, https:\/\/marekkuchcinski.pl\/wp-content\/uploads\/2018\/01\/KU272820-300x200.jpg 300w, https:\/\/marekkuchcinski.pl\/wp-content\/uploads\/2018\/01\/KU272820-768x512.jpg 768w, https:\/\/marekkuchcinski.pl\/wp-content\/uploads\/2018\/01\/KU272820-1024x683.jpg 1024w\" sizes=\"(max-width: 2736px) 100vw, 2736px\" \/><\/a> <a href=\"https:\/\/marekkuchcinski.pl\/wp-content\/uploads\/2018\/01\/KU273082_edited.jpg\"><img loading=\"lazy\" decoding=\"async\" class=\"alignnone size-full wp-image-8275\" src=\"https:\/\/marekkuchcinski.pl\/wp-content\/uploads\/2018\/01\/KU273082_edited.jpg\" alt=\"KU273082_edited\" width=\"2221\" height=\"1448\" srcset=\"https:\/\/marekkuchcinski.pl\/wp-content\/uploads\/2018\/01\/KU273082_edited.jpg 2048w, https:\/\/marekkuchcinski.pl\/wp-content\/uploads\/2018\/01\/KU273082_edited-300x196.jpg 300w, https:\/\/marekkuchcinski.pl\/wp-content\/uploads\/2018\/01\/KU273082_edited-768x501.jpg 768w, https:\/\/marekkuchcinski.pl\/wp-content\/uploads\/2018\/01\/KU273082_edited-1024x668.jpg 1024w\" sizes=\"(max-width: 2221px) 100vw, 2221px\" \/><\/a><\/p>\n<p><a href=\"https:\/\/marekkuchcinski.pl\/wp-content\/uploads\/2018\/01\/mmkmm.jpg\"><img loading=\"lazy\" decoding=\"async\" class=\"alignnone size-full wp-image-8277\" src=\"https:\/\/marekkuchcinski.pl\/wp-content\/uploads\/2018\/01\/mmkmm.jpg\" alt=\"mmkmm\" width=\"2407\" height=\"1651\" srcset=\"https:\/\/marekkuchcinski.pl\/wp-content\/uploads\/2018\/01\/mmkmm.jpg 2048w, https:\/\/marekkuchcinski.pl\/wp-content\/uploads\/2018\/01\/mmkmm-300x206.jpg 300w, https:\/\/marekkuchcinski.pl\/wp-content\/uploads\/2018\/01\/mmkmm-768x527.jpg 768w, https:\/\/marekkuchcinski.pl\/wp-content\/uploads\/2018\/01\/mmkmm-1024x702.jpg 1024w\" sizes=\"(max-width: 2407px) 100vw, 2407px\" \/><\/a><\/p>","protected":false},"excerpt":{"rendered":"<p>Na wniosek premiera Mateusza Morawieckiego Prezydent RP powo\u0142a\u0142 nowych cz\u0142onk\u00f3w Rady Ministr\u00f3w. W o\u015bmiu resortach zmieni\u0142o si\u0119 szefostwo, pi\u0119ciu ministr\u00f3w po\u017cegna\u0142o si\u0119 z KPRM: szef MON Antoni Macierewicz, minister spraw zagranicznych Witold Waszczykowski, szef resortu \u015brodowiska Jan Szyszko, minister zdrowia Konstanty Radziwi\u0142\u0142 oraz minister cyfryzacji Anna Stre\u017cy\u0144ska. Poszczeg\u00f3lnymi ministerstwami kieruj\u0105: Ministerstwo Finans\u00f3w &#8211; Teresa Czerwi\u0144ska [&hellip;]<\/p>\n","protected":false},"author":6,"featured_media":8277,"comment_status":"open","ping_status":"open","sticky":false,"template":"","format":"standard","meta":{"ngg_post_thumbnail":0,"footnotes":""},"categories":[82,3],"tags":[],"class_list":["post-8259","post","type-post","status-publish","format-standard","has-post-thumbnail","hentry","category-prawo-i-sprawiedliwosc","category-wydarzenia"],"_links":{"self":[{"href":"https:\/\/marekkuchcinski.pl\/cs\/wp-json\/wp\/v2\/posts\/8259","targetHints":{"allow":["GET"]}}],"collection":[{"href":"https:\/\/marekkuchcinski.pl\/cs\/wp-json\/wp\/v2\/posts"}],"about":[{"href":"https:\/\/marekkuchcinski.pl\/cs\/wp-json\/wp\/v2\/types\/post"}],"author":[{"embeddable":true,"href":"https:\/\/marekkuchcinski.pl\/cs\/wp-json\/wp\/v2\/users\/6"}],"replies":[{"embeddable":true,"href":"https:\/\/marekkuchcinski.pl\/cs\/wp-json\/wp\/v2\/comments?post=8259"}],"version-history":[{"count":2,"href":"https:\/\/marekkuchcinski.pl\/cs\/wp-json\/wp\/v2\/posts\/8259\/revisions"}],"predecessor-version":[{"id":8279,"href":"https:\/\/marekkuchcinski.pl\/cs\/wp-json\/wp\/v2\/posts\/8259\/revisions\/8279"}],"wp:featuredmedia":[{"embeddable":true,"href":"https:\/\/marekkuchcinski.pl\/cs\/wp-json\/wp\/v2\/media\/8277"}],"wp:attachment":[{"href":"https:\/\/marekkuchcinski.pl\/cs\/wp-json\/wp\/v2\/media?parent=8259"}],"wp:term":[{"taxonomy":"category","embeddable":true,"href":"https:\/\/marekkuchcinski.pl\/cs\/wp-json\/wp\/v2\/categories?post=8259"},{"taxonomy":"post_tag","embeddable":true,"href":"https:\/\/marekkuchcinski.pl\/cs\/wp-json\/wp\/v2\/tags?post=8259"}],"curies":[{"name":"wp","href":"https:\/\/api.w.org\/{rel}","templated":true}]}}