{"id":8250,"date":"2018-01-04T14:57:26","date_gmt":"2018-01-04T13:57:26","guid":{"rendered":"https:\/\/marekkuchcinski.pl\/?p=8250"},"modified":"2018-01-04T15:01:00","modified_gmt":"2018-01-04T14:01:00","slug":"roczne-sprawozdanie-dzialalnosci-biura-interwencji-porad-prawnych-posla-marka-kuchcinskiego-przemyslu","status":"publish","type":"post","link":"https:\/\/marekkuchcinski.pl\/cs\/wydarzenia\/roczne-sprawozdanie-dzialalnosci-biura-interwencji-porad-prawnych-posla-marka-kuchcinskiego-przemyslu\/","title":{"rendered":"V\u00fdro\u010dn\u00ed zpr\u00e1va o \u010dinnosti \u00da\u0159adu pro intervence a pr\u00e1vn\u00ed poradenstv\u00ed poslance Marka Kuchci\u0144sk\u00e9ho v Przemy\u015blu"},"content":{"rendered":"<p>V obdob\u00ed od ledna 2017 do prosince 2017 \u00fa\u0159ad uspo\u0159\u00e1dal\u00a0 <strong>584<\/strong> setk\u00e1n\u00ed.<\/p>\n<p>Poradenstv\u00ed bylo poskytov\u00e1no v t\u011bchto oblastech:<\/p>\n<ol>\n<li>spr\u00e1vn\u00ed pr\u00e1vo;<\/li>\n<li>obecnou p\u016fsobnost ob\u010dansk\u00e9ho pr\u00e1va;<\/li>\n<li>trestn\u00ed a p\u0159estupkov\u00e9 pr\u00e1vo;<\/li>\n<li>pracovn\u00ed pr\u00e1vo a pr\u00e1vo soci\u00e1ln\u00edho zabezpe\u010den\u00ed;<\/li>\n<li>rodinn\u00e9 pr\u00e1vo;<\/li>\n<\/ol>\n<p>Nejv\u011bt\u0161\u00ed objem poradenstv\u00ed v roce 2017 se t\u00fdkal ob\u010danskopr\u00e1vn\u00edch p\u0159\u00edpad\u016f, kter\u00e9 byly<strong> 284<\/strong>. Nejni\u017e\u0161\u00ed procento probl\u00e9m\u016f, kter\u00e9 strany nahl\u00e1sily, se t\u00fdkalo pracovn\u00edho pr\u00e1va a soci\u00e1ln\u00edho poji\u0161t\u011bn\u00ed - 53 a trestn\u00edch v\u011bc\u00ed - 62.<\/p>\n<p>Nej\u010dast\u011bj\u0161\u00edmi t\u00e9maty v ob\u010danskopr\u00e1vn\u00edch v\u011bcech byly \u0161iroce ch\u00e1pan\u00e9 d\u011bdick\u00e9 z\u00e1le\u017eitosti. T\u00fdkaly se ot\u00e1zky nabyt\u00ed d\u011bdictv\u00ed, jeho rozd\u011blen\u00ed nebo pr\u00e1va na povinn\u00fd d\u00edl. Strany rovn\u011b\u017e \u010dasto vzn\u00e1\u0161ely ot\u00e1zky t\u00fdkaj\u00edc\u00ed se proml\u010den\u00ed n\u00e1rok\u016f a mo\u017enosti vyhnout se pr\u00e1vn\u00edm d\u016fsledk\u016fm jimi uzav\u0159en\u00fdch smluv. Velk\u00e1 pozornost byla v\u011bnov\u00e1na tak\u00e9 t\u00e9matu spot\u0159ebitelsk\u00e9ho \u00fapadku.<\/p>\n<p>V trestn\u00edch v\u011bcech se p\u0159ihl\u00e1sily jak ob\u011bti, tak podez\u0159el\u00ed\/obvin\u011bn\u00ed. Vznesen\u00e9 ot\u00e1zky se t\u00fdkaly zejm\u00e9na ozn\u00e1men\u00ed o mo\u017enosti sp\u00e1ch\u00e1n\u00ed trestn\u00fdch \u010din\u016f, nap\u0159. podvodu, p\u0159ekro\u010den\u00ed pravomoc\u00ed nebo v\u00fdkonu pr\u00e1va na obhajobu. Pro osoby, kter\u00e9 \u017e\u00e1daly o zastoupen\u00ed, \u00da\u0159ad p\u0159ipravil n\u00e1vrhy na ustanoven\u00ed obh\u00e1jce z moci \u00fa\u0159edn\u00ed profesion\u00e1lem.<\/p>\n<p>Rodinn\u00e9 z\u00e1le\u017eitosti se soust\u0159edily p\u0159edev\u0161\u00edm na problematiku v\u00fd\u017eivn\u00e9ho, a to jak na mo\u017enost jeho z\u00edsk\u00e1n\u00ed, tak na vyh\u00fdb\u00e1n\u00ed se povinnosti jej platit. Vyskytly se tak\u00e9 ot\u00e1zky rozvodov\u00e9ho \u0159\u00edzen\u00ed nebo styku s nezletil\u00fdmi d\u011btmi.<\/p>\n<p>Pokud jde o problematiku spr\u00e1vn\u00edho pr\u00e1va, nelze vzhledem k jej\u00ed rozmanitosti vy\u010dlenit skupinu p\u0159eva\u017euj\u00edc\u00edch p\u0159\u00edpad\u016f projedn\u00e1van\u00fdch \u00da\u0159adem pro pr\u00e1vn\u00ed intervence a poradenstv\u00ed. T\u00fdkaly se mimo jin\u00e9 ot\u00e1zek v oblasti soci\u00e1ln\u00ed p\u00e9\u010de, v\u010detn\u011b rodi\u010dovsk\u00e9ho p\u0159\u00edsp\u011bvku \"500+\", nebo stavebn\u00edho pr\u00e1va souvisej\u00edc\u00edho se z\u00edsk\u00e1n\u00edm podm\u00ednek pro rozvoj. Byly vzneseny i da\u0148ov\u00e9 ot\u00e1zky v \u0161ir\u0161\u00edm slova smyslu.<\/p>\n<p>P\u0159edm\u011btem jedn\u00e1n\u00ed bylo pracovn\u00ed pr\u00e1vo a pr\u00e1vo soci\u00e1ln\u00edho zabezpe\u010den\u00ed t\u00fdkaj\u00edc\u00ed se \u0161iroce definovan\u00fdch d\u016fchod\u016f, a\u0165 u\u017e z d\u016fvodu pracovn\u00ed neschopnosti nebo poz\u016fstalostn\u00edch d\u016fchod\u016f. V souvislosti se zm\u011bnou d\u016fchodov\u00fdch p\u0159edpis\u016f se objevily tak\u00e9 ot\u00e1zky t\u00fdkaj\u00edc\u00ed se z\u00edsk\u00e1n\u00ed n\u00e1roku na d\u016fchod a jeho v\u00fd\u0161e.<\/p>\n<p>&nbsp;<\/p>\n<p><a href=\"https:\/\/marekkuchcinski.pl\/wp-content\/uploads\/2018\/01\/PORADY-2017-1.jpg\"><img fetchpriority=\"high\" decoding=\"async\" class=\"alignnone size-full wp-image-8251\" src=\"https:\/\/marekkuchcinski.pl\/wp-content\/uploads\/2018\/01\/PORADY-2017-1.jpg\" alt=\"PORADY 2017\" width=\"659\" height=\"413\" srcset=\"https:\/\/marekkuchcinski.pl\/wp-content\/uploads\/2018\/01\/PORADY-2017-1.jpg 659w, https:\/\/marekkuchcinski.pl\/wp-content\/uploads\/2018\/01\/PORADY-2017-1-300x188.jpg 300w\" sizes=\"(max-width: 659px) 100vw, 659px\" \/><\/a><\/p>","protected":false},"excerpt":{"rendered":"<p>Od stycznia 2017 r. do grudnia 2017 r. w Biurze odby\u0142y si\u0119\u00a0 584 spotkania. Porady udzielane by\u0142y w dziedzinach: prawa administracyjnego; og\u00f3lnego zakresu prawa cywilnego; prawa karnego i wykroczeniowego; prawa pracy i ubezpiecze\u0144 spo\u0142ecznych; prawa rodzinnego; Najwi\u0119cej porad w 2017 r. dotyczy\u0142o spraw z zakresu prawa cywilnego, kt\u00f3rych by\u0142o 284. Najmniejszy odsetek problem\u00f3w, z kt\u00f3rymi [&hellip;]<\/p>\n","protected":false},"author":6,"featured_media":8251,"comment_status":"open","ping_status":"open","sticky":false,"template":"","format":"standard","meta":{"ngg_post_thumbnail":0,"footnotes":""},"categories":[79,49,3],"tags":[],"class_list":["post-8250","post","type-post","status-publish","format-standard","has-post-thumbnail","hentry","category-biuro-interwencji-i-porad-pis","category-podkarpacie","category-wydarzenia"],"_links":{"self":[{"href":"https:\/\/marekkuchcinski.pl\/cs\/wp-json\/wp\/v2\/posts\/8250","targetHints":{"allow":["GET"]}}],"collection":[{"href":"https:\/\/marekkuchcinski.pl\/cs\/wp-json\/wp\/v2\/posts"}],"about":[{"href":"https:\/\/marekkuchcinski.pl\/cs\/wp-json\/wp\/v2\/types\/post"}],"author":[{"embeddable":true,"href":"https:\/\/marekkuchcinski.pl\/cs\/wp-json\/wp\/v2\/users\/6"}],"replies":[{"embeddable":true,"href":"https:\/\/marekkuchcinski.pl\/cs\/wp-json\/wp\/v2\/comments?post=8250"}],"version-history":[{"count":5,"href":"https:\/\/marekkuchcinski.pl\/cs\/wp-json\/wp\/v2\/posts\/8250\/revisions"}],"predecessor-version":[{"id":8256,"href":"https:\/\/marekkuchcinski.pl\/cs\/wp-json\/wp\/v2\/posts\/8250\/revisions\/8256"}],"wp:featuredmedia":[{"embeddable":true,"href":"https:\/\/marekkuchcinski.pl\/cs\/wp-json\/wp\/v2\/media\/8251"}],"wp:attachment":[{"href":"https:\/\/marekkuchcinski.pl\/cs\/wp-json\/wp\/v2\/media?parent=8250"}],"wp:term":[{"taxonomy":"category","embeddable":true,"href":"https:\/\/marekkuchcinski.pl\/cs\/wp-json\/wp\/v2\/categories?post=8250"},{"taxonomy":"post_tag","embeddable":true,"href":"https:\/\/marekkuchcinski.pl\/cs\/wp-json\/wp\/v2\/tags?post=8250"}],"curies":[{"name":"wp","href":"https:\/\/api.w.org\/{rel}","templated":true}]}}