{"id":8085,"date":"2017-12-12T22:49:18","date_gmt":"2017-12-12T21:49:18","guid":{"rendered":"https:\/\/marekkuchcinski.pl\/?p=8085"},"modified":"2017-12-13T10:01:30","modified_gmt":"2017-12-13T09:01:30","slug":"polska-liderem-swiatowej-gospodarki-expose-premiera-morawieckiego","status":"publish","type":"post","link":"https:\/\/marekkuchcinski.pl\/cs\/wydarzenia\/polska-liderem-swiatowej-gospodarki-expose-premiera-morawieckiego\/","title":{"rendered":"Polsko je l\u00eddrem sv\u011btov\u00e9 ekonomiky. Expozitura premi\u00e9ra Mateusze Morawieck\u00e9ho"},"content":{"rendered":"<p><strong>Rozvoj ekonomiky, <\/strong><strong>modern\u00ed technologie, zv\u00fd\u0161en\u00ed mezd, reforma zdravotnictv\u00ed, zlep\u0161en\u00ed kvality ovzdu\u0161\u00ed, rozvoj alternativn\u00edch zdroj\u016f energie, infrastruktura, podpora podnikatel\u016f, ofenzivn\u00ed zahrani\u010dn\u00ed politika, siln\u00e9 a bezpe\u010dn\u00e9 Polsko - to jsou hlavn\u00ed pl\u00e1ny vl\u00e1dy.<\/strong><\/p>\n<p>Premi\u00e9r Mateusz Morawiecki b\u011bhem sv\u00e9ho vystoupen\u00ed v Sejmu nep\u0159edstavil pl\u00e1ny na revoluci v Rad\u011b ministr\u016f. - Tato vl\u00e1da je vl\u00e1dou kontinuity,\" zd\u016fraznil. Prosperuj\u00edc\u00ed ekonomika je podm\u00ednkou velkorys\u00e9 soci\u00e1ln\u00ed politiky. Pos\u00edl\u00edme a rozvineme soci\u00e1ln\u00ed programy,\" \u0159ekl premi\u00e9r.<\/p>\n<p>Morawiecki chce, aby se Polsko stalo l\u00eddrem sv\u011btov\u00e9 ekonomiky. Zd\u016fraznil, \u017ee pr\u00e1v\u011b dne\u0161n\u00ed hospod\u00e1\u0159sk\u00e1 politika je t\u00edm, co z Polska v budoucnu ud\u011bl\u00e1 v\u00fdrobce modern\u00edch technologi\u00ed. Dva roky jsme nezah\u00e1leli - FTSE Russel za\u0159adil Polsko mezi vysp\u011bl\u00e9 zem\u011b, p\u0159ipomn\u011bl. Mezi \u00fasp\u011bchy vl\u00e1dy premi\u00e9rky Beaty Szyd\u0142o pat\u0159il pokles nezam\u011bstnanosti, r\u016fst mezd nebo zv\u00fd\u0161en\u00ed da\u0148ov\u00fdch p\u0159\u00edjm\u016f. - DPH nen\u00ed vaciki a pachatel\u00e9 DPH nejsou Rumcajsovi zlod\u011bji, \u0159ekl Morawiecki.<\/p>\n<p>Syn legendy Solidarity zd\u016fraznil v\u00fdznam ko\u0159en\u016f a historick\u00e9 politiky pro budoucnost na\u0161\u00ed zem\u011b. - Chceme p\u0159edat budouc\u00edm generac\u00edm na\u0161i cestu v\u00fdvoje, na\u0161i touhu po svobod\u011b a pravd\u011b. Nem\u016f\u017eeme se vzd\u00e1t sv\u00e9 identity. V t\u00e9to souvislosti stoj\u00ed za to p\u0159ipomenout hlasov\u00e1n\u00ed, kdy 90 procent \u010dlen\u016f Vysok\u00e9 sn\u011bmovny hlasovalo pro vstup do Evropsk\u00e9 unie p\u0159i zachov\u00e1n\u00ed pr\u00e1va na suverenitu v mor\u00e1ln\u00edch ot\u00e1zk\u00e1ch, argumentoval.<\/p>\n<p>Zlep\u0161en\u00ed zdravotnictv\u00ed pova\u017euje premi\u00e9r za jeden z nejd\u016fle\u017eit\u011bj\u0161\u00edch c\u00edl\u016f sv\u00e9 vl\u00e1dy. - Povedeme ke skokov\u00e9mu zv\u00fd\u0161en\u00ed v\u00fddaj\u016f na 6 % HDP. Je to reakce na opr\u00e1vn\u011bn\u00e9 po\u017eadavky pacient\u016f, l\u00e9ka\u0159\u016f a sester,\" prohl\u00e1sil Morawiecki. Z\u00e1rove\u0148 ozn\u00e1mil, \u017ee se zasad\u00ed o vybudov\u00e1n\u00ed onkologick\u00e9ho centra, kde se budou nejen l\u00e9\u010dit pacienti, ale \"bude se zde prov\u00e1d\u011bt i \u0161pi\u010dkov\u00fd v\u00fdzkum\". Podobn\u00e1 iniciativa se m\u00e1 t\u00fdkat programu pro zdrav\u00ed kardiak\u016f. - Chci, aby Pol\u00e1ci nem\u011bli srde\u010dn\u00ed choroby, pokud to nen\u00ed z l\u00e1sky,\" \u0159ekl.<\/p>\n<p>Kdy\u017e p\u0159em\u00fd\u0161l\u00edte o energii, myslete na \u017eivotn\u00ed prost\u0159ed\u00ed. Tyto oblasti se toti\u017e vz\u00e1jemn\u011b prol\u00ednaj\u00ed. - Uhl\u00ed je z\u00e1kladem na\u0161\u00ed energetiky. Nem\u016f\u017eeme a nechceme se j\u00ed vzd\u00e1t,\" zd\u016fraznil premi\u00e9r, ale z\u00e1rove\u0148 dodal, \u017ee budou p\u0159ijata opat\u0159en\u00ed ke zlep\u0161en\u00ed kvality ovzdu\u0161\u00ed v Polsku. Ozn\u00e1mil tak\u00e9 rozvoj alternativn\u00edch zdroj\u016f energie a v\u00fdstavbu polsk\u00e9 jadern\u00e9 elektr\u00e1rny.<\/p>\n<p>Vl\u00e1da se zam\u011b\u0159\u00ed na infrastrukturu, p\u0159i\u010dem\u017e Polsko se d\u00edky silnic\u00edm S3, S7 a A1 stane tepaj\u00edc\u00edm srdcem regionu. Pl\u00e1nuje se tak\u00e9 roz\u0161\u00ed\u0159en\u00ed s\u00edt\u011b plynovod\u016f, n\u00e1mo\u0159n\u00edch p\u0159\u00edstav\u016f a leti\u0161t\u011b Solidarita.<\/p>\n<p>Ozn\u00e1mil, \u017ee v nadch\u00e1zej\u00edc\u00edch t\u00fddnech budou dokon\u010deny pr\u00e1ce na \u00dastav\u011b pro podnik\u00e1n\u00ed. - Podle Morawieck\u00e9ho mus\u00edme nahradit kapitalismus spot\u0159eby, kter\u00fd v Polsku zavedly z\u00e1padn\u00ed finan\u010dn\u00ed korporace na po\u010d\u00e1tku 90. let, kapitalismem \u00faspor a investic. Dodal, \u017ee bez \u00fa\u010dinn\u00fdch soud\u016f nemaj\u00ed podnikatel\u00e9 proti mafi\u00edm a dohod\u00e1m \u0161anci.<\/p>\n<p>Vl\u00e1da chce podpo\u0159it rozvoj IT talent\u016f Pol\u00e1k\u016f. Bude vytvo\u0159ena v\u00fdzkumn\u00e1 s\u00ed\u0165 Ignacyho \u0141ukasiewicze. - Chceme, aby nejmlad\u0161\u00ed generace byla generac\u00ed znovu z\u00edskan\u00fdch p\u0159\u00edle\u017eitost\u00ed,\" zd\u016fraznil premi\u00e9r.<\/p>\n<p>Premi\u00e9r argumentoval pot\u0159ebou hlubok\u00fdch zm\u011bn, kter\u00e9 mus\u00ed prob\u011bhnout v justi\u010dn\u00edm syst\u00e9mu. Nazna\u010dil tak\u00e9, \u017ee jeho vl\u00e1da nebude tolerovat n\u00e1sil\u00ed a soci\u00e1ln\u00ed patologii. - Nem\u016f\u017ee se st\u00e1t, \u017ee t\u00fdran\u00e1 \u017eena a jej\u00ed d\u011bti ute\u010dou z domova. Zlep\u0161\u00edme mechanismy, kter\u00e9 poskytuj\u00ed ochranu ob\u011btem n\u00e1sil\u00ed,\" ujistil Mateusz Morawiecki.<\/p>\n<p><a href=\"https:\/\/marekkuchcinski.pl\/wp-content\/uploads\/2017\/12\/RZ__0286.jpg\"><img fetchpriority=\"high\" decoding=\"async\" class=\"alignnone size-full wp-image-8086\" src=\"https:\/\/marekkuchcinski.pl\/wp-content\/uploads\/2017\/12\/RZ__0286.jpg\" alt=\"RZ__0286\" width=\"3360\" height=\"2240\" srcset=\"https:\/\/marekkuchcinski.pl\/wp-content\/uploads\/2017\/12\/RZ__0286.jpg 2048w, https:\/\/marekkuchcinski.pl\/wp-content\/uploads\/2017\/12\/RZ__0286-300x200.jpg 300w, https:\/\/marekkuchcinski.pl\/wp-content\/uploads\/2017\/12\/RZ__0286-768x512.jpg 768w, https:\/\/marekkuchcinski.pl\/wp-content\/uploads\/2017\/12\/RZ__0286-1024x683.jpg 1024w\" sizes=\"(max-width: 3360px) 100vw, 3360px\" \/><\/a><\/p>\n<p><a href=\"https:\/\/marekkuchcinski.pl\/wp-content\/uploads\/2017\/12\/RZ__0096.jpg\"><img decoding=\"async\" class=\"alignnone size-full wp-image-8087\" src=\"https:\/\/marekkuchcinski.pl\/wp-content\/uploads\/2017\/12\/RZ__0096.jpg\" alt=\"RZ__0096\" width=\"3360\" height=\"2240\" srcset=\"https:\/\/marekkuchcinski.pl\/wp-content\/uploads\/2017\/12\/RZ__0096.jpg 2048w, https:\/\/marekkuchcinski.pl\/wp-content\/uploads\/2017\/12\/RZ__0096-300x200.jpg 300w, https:\/\/marekkuchcinski.pl\/wp-content\/uploads\/2017\/12\/RZ__0096-768x512.jpg 768w, https:\/\/marekkuchcinski.pl\/wp-content\/uploads\/2017\/12\/RZ__0096-1024x683.jpg 1024w\" sizes=\"(max-width: 3360px) 100vw, 3360px\" \/><\/a><\/p>\n<p><a href=\"https:\/\/marekkuchcinski.pl\/wp-content\/uploads\/2017\/12\/RZ__0058.jpg\"><img decoding=\"async\" class=\"alignnone size-full wp-image-8088\" src=\"https:\/\/marekkuchcinski.pl\/wp-content\/uploads\/2017\/12\/RZ__0058.jpg\" alt=\"RZ__0058\" width=\"3360\" height=\"2240\" srcset=\"https:\/\/marekkuchcinski.pl\/wp-content\/uploads\/2017\/12\/RZ__0058.jpg 2048w, https:\/\/marekkuchcinski.pl\/wp-content\/uploads\/2017\/12\/RZ__0058-300x200.jpg 300w, https:\/\/marekkuchcinski.pl\/wp-content\/uploads\/2017\/12\/RZ__0058-768x512.jpg 768w, https:\/\/marekkuchcinski.pl\/wp-content\/uploads\/2017\/12\/RZ__0058-1024x683.jpg 1024w\" sizes=\"(max-width: 3360px) 100vw, 3360px\" \/><\/a><\/p>\n<p><a href=\"https:\/\/marekkuchcinski.pl\/wp-content\/uploads\/2017\/12\/KMB_2099.view_.jpg\"><img loading=\"lazy\" decoding=\"async\" class=\"alignnone size-full wp-image-8103\" src=\"https:\/\/marekkuchcinski.pl\/wp-content\/uploads\/2017\/12\/KMB_2099.view_.jpg\" alt=\"KMB_2099.view\" width=\"800\" height=\"533\" srcset=\"https:\/\/marekkuchcinski.pl\/wp-content\/uploads\/2017\/12\/KMB_2099.view_.jpg 800w, https:\/\/marekkuchcinski.pl\/wp-content\/uploads\/2017\/12\/KMB_2099.view_-300x200.jpg 300w, https:\/\/marekkuchcinski.pl\/wp-content\/uploads\/2017\/12\/KMB_2099.view_-768x512.jpg 768w\" sizes=\"(max-width: 800px) 100vw, 800px\" \/><\/a><\/p>\n<p><a href=\"https:\/\/marekkuchcinski.pl\/wp-content\/uploads\/2017\/12\/KMB_1201.view_.jpg\"><img loading=\"lazy\" decoding=\"async\" class=\"alignnone size-full wp-image-8102\" src=\"https:\/\/marekkuchcinski.pl\/wp-content\/uploads\/2017\/12\/KMB_1201.view_.jpg\" alt=\"KMB_1201.view\" width=\"800\" height=\"533\" srcset=\"https:\/\/marekkuchcinski.pl\/wp-content\/uploads\/2017\/12\/KMB_1201.view_.jpg 800w, https:\/\/marekkuchcinski.pl\/wp-content\/uploads\/2017\/12\/KMB_1201.view_-300x200.jpg 300w, https:\/\/marekkuchcinski.pl\/wp-content\/uploads\/2017\/12\/KMB_1201.view_-768x512.jpg 768w\" sizes=\"(max-width: 800px) 100vw, 800px\" \/><\/a><\/p>\n<p><em>foto: R. Zambrzycki, K. Bia\u0142osk\u00f3rski\/ KS<\/em><\/p>\n<p>&nbsp;<\/p>\n<p>&nbsp;<\/p>","protected":false},"excerpt":{"rendered":"<p>Rozw\u00f3j gospodarki, nowoczesne technologie, wzrost wynagrodze\u0144,\u00a0reforma s\u0142u\u017cby zdrowia, poprawa powietrza, rozw\u00f3j alternatywnych \u017ar\u00f3de\u0142 energii, infrastruktury, wsparcie przedsi\u0119biorc\u00f3w, ofensywna polityka zagraniczna, Polska silna i bezpieczna \u2013 to kluczowe plany rz\u0105du. Podczas expos\u00e9 w Sejmie premier Mateusz Morawiecki nie przedstawi\u0142 plan\u00f3w rewolucji w Radzie Ministr\u00f3w. \u2013 Ten rz\u0105d jest rz\u0105dem kontynuacji \u2013 zaznaczy\u0142. Kwitn\u0105ca gospodarka jest warunkiem [&hellip;]<\/p>\n","protected":false},"author":6,"featured_media":8089,"comment_status":"open","ping_status":"open","sticky":false,"template":"","format":"standard","meta":{"ngg_post_thumbnail":0,"footnotes":""},"categories":[82,81,3],"tags":[],"class_list":["post-8085","post","type-post","status-publish","format-standard","has-post-thumbnail","hentry","category-prawo-i-sprawiedliwosc","category-wiesci-z-sejmu","category-wydarzenia"],"_links":{"self":[{"href":"https:\/\/marekkuchcinski.pl\/cs\/wp-json\/wp\/v2\/posts\/8085","targetHints":{"allow":["GET"]}}],"collection":[{"href":"https:\/\/marekkuchcinski.pl\/cs\/wp-json\/wp\/v2\/posts"}],"about":[{"href":"https:\/\/marekkuchcinski.pl\/cs\/wp-json\/wp\/v2\/types\/post"}],"author":[{"embeddable":true,"href":"https:\/\/marekkuchcinski.pl\/cs\/wp-json\/wp\/v2\/users\/6"}],"replies":[{"embeddable":true,"href":"https:\/\/marekkuchcinski.pl\/cs\/wp-json\/wp\/v2\/comments?post=8085"}],"version-history":[{"count":12,"href":"https:\/\/marekkuchcinski.pl\/cs\/wp-json\/wp\/v2\/posts\/8085\/revisions"}],"predecessor-version":[{"id":8105,"href":"https:\/\/marekkuchcinski.pl\/cs\/wp-json\/wp\/v2\/posts\/8085\/revisions\/8105"}],"wp:featuredmedia":[{"embeddable":true,"href":"https:\/\/marekkuchcinski.pl\/cs\/wp-json\/wp\/v2\/media\/8089"}],"wp:attachment":[{"href":"https:\/\/marekkuchcinski.pl\/cs\/wp-json\/wp\/v2\/media?parent=8085"}],"wp:term":[{"taxonomy":"category","embeddable":true,"href":"https:\/\/marekkuchcinski.pl\/cs\/wp-json\/wp\/v2\/categories?post=8085"},{"taxonomy":"post_tag","embeddable":true,"href":"https:\/\/marekkuchcinski.pl\/cs\/wp-json\/wp\/v2\/tags?post=8085"}],"curies":[{"name":"wp","href":"https:\/\/api.w.org\/{rel}","templated":true}]}}